{"id":221149,"date":"2025-04-11T12:04:00","date_gmt":"2025-04-11T12:04:00","guid":{"rendered":"https:\/\/www.webdo.tn\/fr\/blog\/2025\/04\/11\/tunisie-dissolution-du-bureau-federal-de-la-ftbb\/"},"modified":"2025-05-20T21:41:20","modified_gmt":"2025-05-20T21:41:20","slug":"tunisie-dissolution-du-bureau-federal-de-la-ftbb","status":"publish","type":"post","link":"https:\/\/www.webdo.tn\/fr\/actualite\/sport\/tunisie-dissolution-du-bureau-federal-de-la-ftbb\/221149\/","title":{"rendered":"Tunisie : Dissolution du Bureau f\u00e9d\u00e9ral de la FTBB"},"content":{"rendered":"<p>Le minist\u00e8re tunisien de la Jeunesse et des Sports a annonc\u00e9 la dissolution du Bureau ex\u00e9cutif de la F\u00e9d\u00e9ration tunisienne de basket-ball (FTBB).<\/p>\n<p>\t\t\t\t\t\t\t\t\tSelon une source inform\u00e9e au sein du minist\u00e8re, relay\u00e9e par l&rsquo;agence TAP, un bureau int\u00e9rimaire a \u00e9t\u00e9 nomm\u00e9 pour assurer la gestion temporaire de la FTBB. Ce bureau est compos\u00e9 de Marouane Chaieb en tant que pr\u00e9sident, accompagn\u00e9 de membres tels que Zouheir Mdini, Rafka Barkati, Saleh Ben Mbarek, Mohamed Amine Fadhli, Saber Souid et Samah Maksi.<\/p>\n<p>L&rsquo;une des principales missions assign\u00e9es \u00e0 ce bureau int\u00e9rimaire est la convocation d&rsquo;une Assembl\u00e9e g\u00e9n\u00e9rale dans un d\u00e9lai de trois mois \u00e0 compter de la date de cette d\u00e9cision. Il est important de noter que les membres du bureau int\u00e9rimaire ne pourront pas se pr\u00e9senter aux \u00e9lections pour le nouveau bureau ex\u00e9cutif de la F\u00e9d\u00e9ration.\ue206<\/p>\n<p>Bien que les raisons pr\u00e9cises de cette dissolution n&rsquo;aient pas \u00e9t\u00e9 officiellement d\u00e9taill\u00e9es, cette mesure s&rsquo;inscrit dans un contexte plus large de r\u00e9formes et de restructurations au sein des f\u00e9d\u00e9rations sportives tunisiennes.<\/p>\n<p>Des d\u00e9cisions similaires ont \u00e9t\u00e9 prises r\u00e9cemment, notamment la dissolution du bureau f\u00e9d\u00e9ral de la F\u00e9d\u00e9ration Tunisienne de Tennis pour des manquements graves.<\/p>\n<p>La dissolution du bureau ex\u00e9cutif de la FTBB pourrait \u00e9galement \u00eatre li\u00e9e \u00e0 des tensions internes et \u00e0 des critiques concernant la gouvernance de la f\u00e9d\u00e9ration. Par exemple, des controverses ont entour\u00e9 la candidature unique d&rsquo;Ali Benzarti pour le mandat 2024-2028, suscitant des d\u00e9bats sur la transparence et l&rsquo;\u00e9quit\u00e9 au sein de la FTBB.<\/p>\n","protected":false},"excerpt":{"rendered":"<p>Le minist\u00e8re de la Jeunesse et des Sports annonce la dissolution du Bureau ex\u00e9cutif de la F\u00e9d\u00e9ration tunisienne de basket-ball (FTBB) et la nomination d\u2019un bure&#8230;<\/p>\n","protected":false},"author":3162,"featured_media":241206,"comment_status":"open","ping_status":"open","sticky":false,"template":"","format":"standard","meta":{"footnotes":""},"categories":[2593],"tags":[3266,3268,3267,3269,2608],"class_list":["post-221149","post","type-post","status-publish","format-standard","has-post-thumbnail","hentry","category-sport","tag-basketball","tag-bureau-federal","tag-dissolution","tag-ftbb","tag-tunisie"],"yoast_head":"<!-- This site is optimized with the Yoast SEO Premium plugin v27.5 (Yoast SEO v27.5) - https:\/\/yoast.com\/product\/yoast-seo-premium-wordpress\/ -->\n<title>Tunisie : Dissolution du Bureau f\u00e9d\u00e9ral de la FTBB<\/title>\n<meta name=\"description\" content=\"Le minist\u00e8re de la Jeunesse et des Sports annonce la dissolution du Bureau ex\u00e9cutif de la F\u00e9d\u00e9ration tunisienne de basket-ball (FTBB) et la nomination d\u2019un bure...\" \/>\n<link rel=\"canonical\" href=\"https:\/\/www.webdo.tn\/fr\/actualite\/sport\/tunisie-dissolution-du-bureau-federal-de-la-ftbb\/221149\/\" \/>\n<meta property=\"og:locale\" content=\"fr_FR\" \/>\n<meta property=\"og:type\" content=\"article\" \/>\n<meta property=\"og:title\" content=\"Tunisie : Dissolution du Bureau f\u00e9d\u00e9ral de la FTBB\" \/>\n<meta property=\"og:description\" content=\"Le minist\u00e8re de la Jeunesse et des Sports annonce la dissolution du Bureau ex\u00e9cutif de la F\u00e9d\u00e9ration tunisienne de basket-ball (FTBB) et la nomination d\u2019un bure...\" \/>\n<meta property=\"og:url\" content=\"https:\/\/www.webdo.tn\/fr\/actualite\/sport\/tunisie-dissolution-du-bureau-federal-de-la-ftbb\/221149\/\" \/>\n<meta property=\"og:site_name\" content=\"webdo\" \/>\n<meta property=\"article:publisher\" content=\"https:\/\/www.facebook.com\/webdotn\" \/>\n<meta property=\"article:published_time\" content=\"2025-04-11T12:04:00+00:00\" \/>\n<meta property=\"article:modified_time\" content=\"2025-05-20T21:41:20+00:00\" \/>\n<meta property=\"og:image\" content=\"https:\/\/www.webdo.tn\/fr\/wp-content\/uploads\/2025\/05\/793309d9f16cd79168438ff6d9ad81df-3.webp\" \/>\n\t<meta property=\"og:image:width\" content=\"750\" \/>\n\t<meta property=\"og:image:height\" content=\"400\" \/>\n\t<meta property=\"og:image:type\" content=\"image\/webp\" \/>\n<meta name=\"author\" content=\"MC\" \/>\n<meta name=\"twitter:card\" content=\"summary_large_image\" \/>\n<meta name=\"twitter:creator\" content=\"@webdo_tn\" \/>\n<meta name=\"twitter:site\" content=\"@webdo_tn\" \/>\n<meta name=\"twitter:label1\" content=\"\u00c9crit par\" \/>\n\t<meta name=\"twitter:data1\" content=\"MC\" \/>\n\t<meta name=\"twitter:label2\" content=\"Dur\u00e9e de lecture estim\u00e9e\" \/>\n\t<meta name=\"twitter:data2\" content=\"1 minute\" \/>\n<script type=\"application\/ld+json\" class=\"yoast-schema-graph\">{\"@context\":\"https:\\\/\\\/schema.org\",\"@graph\":[{\"@type\":\"NewsArticle\",\"@id\":\"https:\\\/\\\/www.webdo.tn\\\/fr\\\/actualite\\\/sport\\\/tunisie-dissolution-du-bureau-federal-de-la-ftbb\\\/221149\\\/#article\",\"isPartOf\":{\"@id\":\"https:\\\/\\\/www.webdo.tn\\\/fr\\\/actualite\\\/sport\\\/tunisie-dissolution-du-bureau-federal-de-la-ftbb\\\/221149\\\/\"},\"author\":{\"name\":\"MC\",\"@id\":\"https:\\\/\\\/www.webdo.tn\\\/fr\\\/#\\\/schema\\\/person\\\/2c4929cbf5a809e3bd38617c6ce150f6\"},\"headline\":\"Tunisie : Dissolution du Bureau f\u00e9d\u00e9ral de la FTBB\",\"datePublished\":\"2025-04-11T12:04:00+00:00\",\"dateModified\":\"2025-05-20T21:41:20+00:00\",\"mainEntityOfPage\":{\"@id\":\"https:\\\/\\\/www.webdo.tn\\\/fr\\\/actualite\\\/sport\\\/tunisie-dissolution-du-bureau-federal-de-la-ftbb\\\/221149\\\/\"},\"wordCount\":295,\"commentCount\":0,\"publisher\":{\"@id\":\"https:\\\/\\\/www.webdo.tn\\\/fr\\\/#organization\"},\"image\":{\"@id\":\"https:\\\/\\\/www.webdo.tn\\\/fr\\\/actualite\\\/sport\\\/tunisie-dissolution-du-bureau-federal-de-la-ftbb\\\/221149\\\/#primaryimage\"},\"thumbnailUrl\":\"https:\\\/\\\/www.webdo.tn\\\/fr\\\/wp-content\\\/uploads\\\/2025\\\/05\\\/793309d9f16cd79168438ff6d9ad81df-3.webp\",\"keywords\":[\"Basketball\",\"bureau f\u00e9d\u00e9ral\",\"dissolution\",\"FTBB\",\"Tunisie\"],\"articleSection\":[\"Sport\"],\"inLanguage\":\"fr-FR\"},{\"@type\":\"WebPage\",\"@id\":\"https:\\\/\\\/www.webdo.tn\\\/fr\\\/actualite\\\/sport\\\/tunisie-dissolution-du-bureau-federal-de-la-ftbb\\\/221149\\\/\",\"url\":\"https:\\\/\\\/www.webdo.tn\\\/fr\\\/actualite\\\/sport\\\/tunisie-dissolution-du-bureau-federal-de-la-ftbb\\\/221149\\\/\",\"name\":\"Tunisie : Dissolution du Bureau f\u00e9d\u00e9ral de la FTBB\",\"isPartOf\":{\"@id\":\"https:\\\/\\\/www.webdo.tn\\\/fr\\\/#website\"},\"primaryImageOfPage\":{\"@id\":\"https:\\\/\\\/www.webdo.tn\\\/fr\\\/actualite\\\/sport\\\/tunisie-dissolution-du-bureau-federal-de-la-ftbb\\\/221149\\\/#primaryimage\"},\"image\":{\"@id\":\"https:\\\/\\\/www.webdo.tn\\\/fr\\\/actualite\\\/sport\\\/tunisie-dissolution-du-bureau-federal-de-la-ftbb\\\/221149\\\/#primaryimage\"},\"thumbnailUrl\":\"https:\\\/\\\/www.webdo.tn\\\/fr\\\/wp-content\\\/uploads\\\/2025\\\/05\\\/793309d9f16cd79168438ff6d9ad81df-3.webp\",\"datePublished\":\"2025-04-11T12:04:00+00:00\",\"dateModified\":\"2025-05-20T21:41:20+00:00\",\"description\":\"Le minist\u00e8re de la Jeunesse et des Sports annonce la dissolution du Bureau ex\u00e9cutif de la F\u00e9d\u00e9ration tunisienne de basket-ball (FTBB) et la nomination d\u2019un bure...\",\"breadcrumb\":{\"@id\":\"https:\\\/\\\/www.webdo.tn\\\/fr\\\/actualite\\\/sport\\\/tunisie-dissolution-du-bureau-federal-de-la-ftbb\\\/221149\\\/#breadcrumb\"},\"inLanguage\":\"fr-FR\",\"potentialAction\":[{\"@type\":\"ReadAction\",\"target\":[\"https:\\\/\\\/www.webdo.tn\\\/fr\\\/actualite\\\/sport\\\/tunisie-dissolution-du-bureau-federal-de-la-ftbb\\\/221149\\\/\"]}]},{\"@type\":\"ImageObject\",\"inLanguage\":\"fr-FR\",\"@id\":\"https:\\\/\\\/www.webdo.tn\\\/fr\\\/actualite\\\/sport\\\/tunisie-dissolution-du-bureau-federal-de-la-ftbb\\\/221149\\\/#primaryimage\",\"url\":\"https:\\\/\\\/www.webdo.tn\\\/fr\\\/wp-content\\\/uploads\\\/2025\\\/05\\\/793309d9f16cd79168438ff6d9ad81df-3.webp\",\"contentUrl\":\"https:\\\/\\\/www.webdo.tn\\\/fr\\\/wp-content\\\/uploads\\\/2025\\\/05\\\/793309d9f16cd79168438ff6d9ad81df-3.webp\",\"width\":750,\"height\":400},{\"@type\":\"BreadcrumbList\",\"@id\":\"https:\\\/\\\/www.webdo.tn\\\/fr\\\/actualite\\\/sport\\\/tunisie-dissolution-du-bureau-federal-de-la-ftbb\\\/221149\\\/#breadcrumb\",\"itemListElement\":[{\"@type\":\"ListItem\",\"position\":1,\"name\":\"Accueil\",\"item\":\"https:\\\/\\\/www.webdo.tn\\\/fr\\\/\"},{\"@type\":\"ListItem\",\"position\":2,\"name\":\"Tunisie : Dissolution du Bureau f\u00e9d\u00e9ral de la FTBB\"}]},{\"@type\":\"WebSite\",\"@id\":\"https:\\\/\\\/www.webdo.tn\\\/fr\\\/#website\",\"url\":\"https:\\\/\\\/www.webdo.tn\\\/fr\\\/\",\"name\":\"webdo\",\"description\":\"Tunisie - News en Tunisie et \u00e0 l&#039;international sur Webdo.tn\",\"publisher\":{\"@id\":\"https:\\\/\\\/www.webdo.tn\\\/fr\\\/#organization\"},\"potentialAction\":[{\"@type\":\"SearchAction\",\"target\":{\"@type\":\"EntryPoint\",\"urlTemplate\":\"https:\\\/\\\/www.webdo.tn\\\/fr\\\/?s={search_term_string}\"},\"query-input\":{\"@type\":\"PropertyValueSpecification\",\"valueRequired\":true,\"valueName\":\"search_term_string\"}}],\"inLanguage\":\"fr-FR\"},{\"@type\":\"Organization\",\"@id\":\"https:\\\/\\\/www.webdo.tn\\\/fr\\\/#organization\",\"name\":\"Webdo\",\"alternateName\":\"Webdo.tn\",\"url\":\"https:\\\/\\\/www.webdo.tn\\\/fr\\\/\",\"logo\":{\"@type\":\"ImageObject\",\"inLanguage\":\"fr-FR\",\"@id\":\"https:\\\/\\\/www.webdo.tn\\\/fr\\\/#\\\/schema\\\/logo\\\/image\\\/\",\"url\":\"https:\\\/\\\/www.webdo.tn\\\/fr\\\/wp-content\\\/uploads\\\/2025\\\/06\\\/Webdo-Tunisie_168377.jpg\",\"contentUrl\":\"https:\\\/\\\/www.webdo.tn\\\/fr\\\/wp-content\\\/uploads\\\/2025\\\/06\\\/Webdo-Tunisie_168377.jpg\",\"width\":301,\"height\":301,\"caption\":\"Webdo\"},\"image\":{\"@id\":\"https:\\\/\\\/www.webdo.tn\\\/fr\\\/#\\\/schema\\\/logo\\\/image\\\/\"},\"sameAs\":[\"https:\\\/\\\/www.facebook.com\\\/webdotn\",\"https:\\\/\\\/x.com\\\/webdo_tn\"],\"description\":\"Webdo est un m\u00e9dia num\u00e9rique tunisien fond\u00e9 en 2010, sp\u00e9cialis\u00e9 dans l\u2019actualit\u00e9 nationale et internationale, l\u2019\u00e9conomie, la soci\u00e9t\u00e9 et les analyses politiques. Le site s\u2019adresse \u00e0 un large public francophone et couvre l\u2019information tunisienne en temps r\u00e9el.\",\"email\":\"redac@webdo.tn\",\"legalName\":\"YNJ SARL\",\"foundingDate\":\"2010-09-06\",\"numberOfEmployees\":{\"@type\":\"QuantitativeValue\",\"minValue\":\"11\",\"maxValue\":\"50\"}},{\"@type\":\"Person\",\"@id\":\"https:\\\/\\\/www.webdo.tn\\\/fr\\\/#\\\/schema\\\/person\\\/2c4929cbf5a809e3bd38617c6ce150f6\",\"name\":\"MC\",\"image\":{\"@type\":\"ImageObject\",\"inLanguage\":\"fr-FR\",\"@id\":\"https:\\\/\\\/secure.gravatar.com\\\/avatar\\\/a545bbb6f84efdd5553dbbc2895e3ca8f1d12c5215e00a041c9670b54aa9b18a?s=96&d=mm&r=g\",\"url\":\"https:\\\/\\\/secure.gravatar.com\\\/avatar\\\/a545bbb6f84efdd5553dbbc2895e3ca8f1d12c5215e00a041c9670b54aa9b18a?s=96&d=mm&r=g\",\"contentUrl\":\"https:\\\/\\\/secure.gravatar.com\\\/avatar\\\/a545bbb6f84efdd5553dbbc2895e3ca8f1d12c5215e00a041c9670b54aa9b18a?s=96&d=mm&r=g\",\"caption\":\"MC\"},\"url\":\"https:\\\/\\\/www.webdo.tn\\\/fr\\\/actualite\\\/author\\\/mc\\\/\"}]}<\/script>\n<!-- \/ Yoast SEO Premium plugin. -->","yoast_head_json":{"title":"Tunisie : Dissolution du Bureau f\u00e9d\u00e9ral de la FTBB","description":"Le minist\u00e8re de la Jeunesse et des Sports annonce la dissolution du Bureau ex\u00e9cutif de la F\u00e9d\u00e9ration tunisienne de basket-ball (FTBB) et la nomination d\u2019un bure...","canonical":"https:\/\/www.webdo.tn\/fr\/actualite\/sport\/tunisie-dissolution-du-bureau-federal-de-la-ftbb\/221149\/","og_locale":"fr_FR","og_type":"article","og_title":"Tunisie : Dissolution du Bureau f\u00e9d\u00e9ral de la FTBB","og_description":"Le minist\u00e8re de la Jeunesse et des Sports annonce la dissolution du Bureau ex\u00e9cutif de la F\u00e9d\u00e9ration tunisienne de basket-ball (FTBB) et la nomination d\u2019un bure...","og_url":"https:\/\/www.webdo.tn\/fr\/actualite\/sport\/tunisie-dissolution-du-bureau-federal-de-la-ftbb\/221149\/","og_site_name":"webdo","article_publisher":"https:\/\/www.facebook.com\/webdotn","article_published_time":"2025-04-11T12:04:00+00:00","article_modified_time":"2025-05-20T21:41:20+00:00","og_image":[{"width":750,"height":400,"url":"https:\/\/www.webdo.tn\/fr\/wp-content\/uploads\/2025\/05\/793309d9f16cd79168438ff6d9ad81df-3.webp","type":"image\/webp"}],"author":"MC","twitter_card":"summary_large_image","twitter_creator":"@webdo_tn","twitter_site":"@webdo_tn","twitter_misc":{"\u00c9crit par":"MC","Dur\u00e9e de lecture estim\u00e9e":"1 minute"},"schema":{"@context":"https:\/\/schema.org","@graph":[{"@type":"NewsArticle","@id":"https:\/\/www.webdo.tn\/fr\/actualite\/sport\/tunisie-dissolution-du-bureau-federal-de-la-ftbb\/221149\/#article","isPartOf":{"@id":"https:\/\/www.webdo.tn\/fr\/actualite\/sport\/tunisie-dissolution-du-bureau-federal-de-la-ftbb\/221149\/"},"author":{"name":"MC","@id":"https:\/\/www.webdo.tn\/fr\/#\/schema\/person\/2c4929cbf5a809e3bd38617c6ce150f6"},"headline":"Tunisie : Dissolution du Bureau f\u00e9d\u00e9ral de la FTBB","datePublished":"2025-04-11T12:04:00+00:00","dateModified":"2025-05-20T21:41:20+00:00","mainEntityOfPage":{"@id":"https:\/\/www.webdo.tn\/fr\/actualite\/sport\/tunisie-dissolution-du-bureau-federal-de-la-ftbb\/221149\/"},"wordCount":295,"commentCount":0,"publisher":{"@id":"https:\/\/www.webdo.tn\/fr\/#organization"},"image":{"@id":"https:\/\/www.webdo.tn\/fr\/actualite\/sport\/tunisie-dissolution-du-bureau-federal-de-la-ftbb\/221149\/#primaryimage"},"thumbnailUrl":"https:\/\/www.webdo.tn\/fr\/wp-content\/uploads\/2025\/05\/793309d9f16cd79168438ff6d9ad81df-3.webp","keywords":["Basketball","bureau f\u00e9d\u00e9ral","dissolution","FTBB","Tunisie"],"articleSection":["Sport"],"inLanguage":"fr-FR"},{"@type":"WebPage","@id":"https:\/\/www.webdo.tn\/fr\/actualite\/sport\/tunisie-dissolution-du-bureau-federal-de-la-ftbb\/221149\/","url":"https:\/\/www.webdo.tn\/fr\/actualite\/sport\/tunisie-dissolution-du-bureau-federal-de-la-ftbb\/221149\/","name":"Tunisie : Dissolution du Bureau f\u00e9d\u00e9ral de la FTBB","isPartOf":{"@id":"https:\/\/www.webdo.tn\/fr\/#website"},"primaryImageOfPage":{"@id":"https:\/\/www.webdo.tn\/fr\/actualite\/sport\/tunisie-dissolution-du-bureau-federal-de-la-ftbb\/221149\/#primaryimage"},"image":{"@id":"https:\/\/www.webdo.tn\/fr\/actualite\/sport\/tunisie-dissolution-du-bureau-federal-de-la-ftbb\/221149\/#primaryimage"},"thumbnailUrl":"https:\/\/www.webdo.tn\/fr\/wp-content\/uploads\/2025\/05\/793309d9f16cd79168438ff6d9ad81df-3.webp","datePublished":"2025-04-11T12:04:00+00:00","dateModified":"2025-05-20T21:41:20+00:00","description":"Le minist\u00e8re de la Jeunesse et des Sports annonce la dissolution du Bureau ex\u00e9cutif de la F\u00e9d\u00e9ration tunisienne de basket-ball (FTBB) et la nomination d\u2019un bure...","breadcrumb":{"@id":"https:\/\/www.webdo.tn\/fr\/actualite\/sport\/tunisie-dissolution-du-bureau-federal-de-la-ftbb\/221149\/#breadcrumb"},"inLanguage":"fr-FR","potentialAction":[{"@type":"ReadAction","target":["https:\/\/www.webdo.tn\/fr\/actualite\/sport\/tunisie-dissolution-du-bureau-federal-de-la-ftbb\/221149\/"]}]},{"@type":"ImageObject","inLanguage":"fr-FR","@id":"https:\/\/www.webdo.tn\/fr\/actualite\/sport\/tunisie-dissolution-du-bureau-federal-de-la-ftbb\/221149\/#primaryimage","url":"https:\/\/www.webdo.tn\/fr\/wp-content\/uploads\/2025\/05\/793309d9f16cd79168438ff6d9ad81df-3.webp","contentUrl":"https:\/\/www.webdo.tn\/fr\/wp-content\/uploads\/2025\/05\/793309d9f16cd79168438ff6d9ad81df-3.webp","width":750,"height":400},{"@type":"BreadcrumbList","@id":"https:\/\/www.webdo.tn\/fr\/actualite\/sport\/tunisie-dissolution-du-bureau-federal-de-la-ftbb\/221149\/#breadcrumb","itemListElement":[{"@type":"ListItem","position":1,"name":"Accueil","item":"https:\/\/www.webdo.tn\/fr\/"},{"@type":"ListItem","position":2,"name":"Tunisie : Dissolution du Bureau f\u00e9d\u00e9ral de la FTBB"}]},{"@type":"WebSite","@id":"https:\/\/www.webdo.tn\/fr\/#website","url":"https:\/\/www.webdo.tn\/fr\/","name":"webdo","description":"Tunisie - News en Tunisie et \u00e0 l&#039;international sur Webdo.tn","publisher":{"@id":"https:\/\/www.webdo.tn\/fr\/#organization"},"potentialAction":[{"@type":"SearchAction","target":{"@type":"EntryPoint","urlTemplate":"https:\/\/www.webdo.tn\/fr\/?s={search_term_string}"},"query-input":{"@type":"PropertyValueSpecification","valueRequired":true,"valueName":"search_term_string"}}],"inLanguage":"fr-FR"},{"@type":"Organization","@id":"https:\/\/www.webdo.tn\/fr\/#organization","name":"Webdo","alternateName":"Webdo.tn","url":"https:\/\/www.webdo.tn\/fr\/","logo":{"@type":"ImageObject","inLanguage":"fr-FR","@id":"https:\/\/www.webdo.tn\/fr\/#\/schema\/logo\/image\/","url":"https:\/\/www.webdo.tn\/fr\/wp-content\/uploads\/2025\/06\/Webdo-Tunisie_168377.jpg","contentUrl":"https:\/\/www.webdo.tn\/fr\/wp-content\/uploads\/2025\/06\/Webdo-Tunisie_168377.jpg","width":301,"height":301,"caption":"Webdo"},"image":{"@id":"https:\/\/www.webdo.tn\/fr\/#\/schema\/logo\/image\/"},"sameAs":["https:\/\/www.facebook.com\/webdotn","https:\/\/x.com\/webdo_tn"],"description":"Webdo est un m\u00e9dia num\u00e9rique tunisien fond\u00e9 en 2010, sp\u00e9cialis\u00e9 dans l\u2019actualit\u00e9 nationale et internationale, l\u2019\u00e9conomie, la soci\u00e9t\u00e9 et les analyses politiques. Le site s\u2019adresse \u00e0 un large public francophone et couvre l\u2019information tunisienne en temps r\u00e9el.","email":"redac@webdo.tn","legalName":"YNJ SARL","foundingDate":"2010-09-06","numberOfEmployees":{"@type":"QuantitativeValue","minValue":"11","maxValue":"50"}},{"@type":"Person","@id":"https:\/\/www.webdo.tn\/fr\/#\/schema\/person\/2c4929cbf5a809e3bd38617c6ce150f6","name":"MC","image":{"@type":"ImageObject","inLanguage":"fr-FR","@id":"https:\/\/secure.gravatar.com\/avatar\/a545bbb6f84efdd5553dbbc2895e3ca8f1d12c5215e00a041c9670b54aa9b18a?s=96&d=mm&r=g","url":"https:\/\/secure.gravatar.com\/avatar\/a545bbb6f84efdd5553dbbc2895e3ca8f1d12c5215e00a041c9670b54aa9b18a?s=96&d=mm&r=g","contentUrl":"https:\/\/secure.gravatar.com\/avatar\/a545bbb6f84efdd5553dbbc2895e3ca8f1d12c5215e00a041c9670b54aa9b18a?s=96&d=mm&r=g","caption":"MC"},"url":"https:\/\/www.webdo.tn\/fr\/actualite\/author\/mc\/"}]}},"_links":{"self":[{"href":"https:\/\/www.webdo.tn\/fr\/wp-json\/wp\/v2\/posts\/221149","targetHints":{"allow":["GET"]}}],"collection":[{"href":"https:\/\/www.webdo.tn\/fr\/wp-json\/wp\/v2\/posts"}],"about":[{"href":"https:\/\/www.webdo.tn\/fr\/wp-json\/wp\/v2\/types\/post"}],"author":[{"embeddable":true,"href":"https:\/\/www.webdo.tn\/fr\/wp-json\/wp\/v2\/users\/3162"}],"replies":[{"embeddable":true,"href":"https:\/\/www.webdo.tn\/fr\/wp-json\/wp\/v2\/comments?post=221149"}],"version-history":[{"count":0,"href":"https:\/\/www.webdo.tn\/fr\/wp-json\/wp\/v2\/posts\/221149\/revisions"}],"wp:featuredmedia":[{"embeddable":true,"href":"https:\/\/www.webdo.tn\/fr\/wp-json\/wp\/v2\/media\/241206"}],"wp:attachment":[{"href":"https:\/\/www.webdo.tn\/fr\/wp-json\/wp\/v2\/media?parent=221149"}],"wp:term":[{"taxonomy":"category","embeddable":true,"href":"https:\/\/www.webdo.tn\/fr\/wp-json\/wp\/v2\/categories?post=221149"},{"taxonomy":"post_tag","embeddable":true,"href":"https:\/\/www.webdo.tn\/fr\/wp-json\/wp\/v2\/tags?post=221149"}],"curies":[{"name":"wp","href":"https:\/\/api.w.org\/{rel}","templated":true}]}}