{"id":221119,"date":"2025-04-10T15:25:00","date_gmt":"2025-04-10T15:25:00","guid":{"rendered":"https:\/\/www.webdo.tn\/fr\/blog\/2025\/04\/10\/tunisie-risque-de-penurie-et-d-envolee-des-prix-des-pommes-de-terre\/"},"modified":"2025-05-20T21:41:26","modified_gmt":"2025-05-20T21:41:26","slug":"tunisie-risque-de-penurie-et-d-envolee-des-prix-des-pommes-de-terre","status":"publish","type":"post","link":"https:\/\/www.webdo.tn\/fr\/actualite\/national\/tunisie-risque-de-penurie-et-d-envolee-des-prix-des-pommes-de-terre\/221119\/","title":{"rendered":"Tunisie : Risque de p\u00e9nurie et d\u2019envol\u00e9e des prix des pommes de terre"},"content":{"rendered":"<p>La Tunisie pourrait bient\u00f4t faire face \u00e0 une p\u00e9nurie de pommes de terre, avec \u00e0 la cl\u00e9 une flamb\u00e9e des prix sur les \u00e9tals. En cause : une p\u00e9riode de transition entre les saisons de production, perturb\u00e9e par des conditions climatiques d\u00e9favorables et une propagation accrue du mildiou, une maladie fongique destructrice. \u00a0<\/p>\n<p>Invit\u00e9 sur les ondes de Mosaique fm ce jeudi 10 avril, Bayrem Hamada, membre du conseil central de l\u2019Union tunisienne de l\u2019agriculture et de la p\u00eache (UTAP), a tir\u00e9 la sonnette d\u2019alarme. Selon lui, l\u2019absence d\u2019une strat\u00e9gie claire pour g\u00e9rer les p\u00e9riodes creuses de production expose le march\u00e9 \u00e0 de fortes tensions, tant sur les quantit\u00e9s disponibles que sur les prix.<\/p>\n<p>Pour pallier ce d\u00e9ficit, il pr\u00e9conise la mise en place d\u2019un stock r\u00e9gulateur de 50.000 tonnes \u00e0 constituer pendant la haute saison, notamment entre mai et juin, lorsque la r\u00e9colte d\u00e9passe les 240.000 tonnes &#8211; soit pr\u00e8s des deux tiers de la production annuelle nationale, estim\u00e9e entre 340.000 et 360.000 tonnes. Ce dispositif permettrait de stabiliser le march\u00e9 et d\u2019\u00e9viter les envol\u00e9es de prix pouvant atteindre 4 dinars le kilo.<\/p>\n<p>Il appelle \u00e9galement le Groupement professionnel des l\u00e9gumes \u00e0 jouer un r\u00f4le central dans ce processus, en coordination avec les propri\u00e9taires de chambres froides priv\u00e9es. Objectif : garantir un approvisionnement continu et accessible, avec un prix plafonn\u00e9 \u00e0 2 dinars le kilo.<\/p>\n<p>A ce jour, seuls 17.000 tonnes seraient stock\u00e9es, un volume insuffisant pour couvrir les besoins durant les p\u00e9riodes critiques.<\/p>\n","protected":false},"excerpt":{"rendered":"<p>La Tunisie fait face \u00e0 un risque de p\u00e9nurie de pommes de terre en raison de conditions climatiques d\u00e9favorables et de maladies agricoles. Les experts alertent s&#8230;<\/p>\n","protected":false},"author":3162,"featured_media":241246,"comment_status":"open","ping_status":"open","sticky":false,"template":"","format":"standard","meta":{"footnotes":""},"categories":[44],"tags":[3302,3303,2609,2608],"class_list":["post-221119","post","type-post","status-publish","format-standard","has-post-thumbnail","hentry","category-national","tag-penurie","tag-pommes-de-terre","tag-prix","tag-tunisie"],"yoast_head":"<!-- This site is optimized with the Yoast SEO Premium plugin v27.5 (Yoast SEO v27.5) - https:\/\/yoast.com\/product\/yoast-seo-premium-wordpress\/ -->\n<title>Tunisie : Risque de p\u00e9nurie et d\u2019envol\u00e9e des prix des pommes de terre<\/title>\n<meta name=\"description\" content=\"La Tunisie fait face \u00e0 un risque de p\u00e9nurie de pommes de terre en raison de conditions climatiques d\u00e9favorables et de maladies agricoles. Les experts alertent s...\" \/>\n<link rel=\"canonical\" href=\"https:\/\/www.webdo.tn\/fr\/actualite\/national\/tunisie-risque-de-penurie-et-d-envolee-des-prix-des-pommes-de-terre\/221119\/\" \/>\n<meta property=\"og:locale\" content=\"fr_FR\" \/>\n<meta property=\"og:type\" content=\"article\" \/>\n<meta property=\"og:title\" content=\"Tunisie : Risque de p\u00e9nurie et d\u2019envol\u00e9e des prix des pommes de terre\" \/>\n<meta property=\"og:description\" content=\"La Tunisie fait face \u00e0 un risque de p\u00e9nurie de pommes de terre en raison de conditions climatiques d\u00e9favorables et de maladies agricoles. Les experts alertent s...\" \/>\n<meta property=\"og:url\" content=\"https:\/\/www.webdo.tn\/fr\/actualite\/national\/tunisie-risque-de-penurie-et-d-envolee-des-prix-des-pommes-de-terre\/221119\/\" \/>\n<meta property=\"og:site_name\" content=\"webdo\" \/>\n<meta property=\"article:publisher\" content=\"https:\/\/www.facebook.com\/webdotn\" \/>\n<meta property=\"article:published_time\" content=\"2025-04-10T15:25:00+00:00\" \/>\n<meta property=\"article:modified_time\" content=\"2025-05-20T21:41:26+00:00\" \/>\n<meta property=\"og:image\" content=\"https:\/\/www.webdo.tn\/fr\/wp-content\/uploads\/2025\/05\/a6badef61a297a8b9e5f236777e79764-3.webp\" \/>\n\t<meta property=\"og:image:width\" content=\"750\" \/>\n\t<meta property=\"og:image:height\" content=\"400\" \/>\n\t<meta property=\"og:image:type\" content=\"image\/webp\" \/>\n<meta name=\"author\" content=\"MC\" \/>\n<meta name=\"twitter:card\" content=\"summary_large_image\" \/>\n<meta name=\"twitter:creator\" content=\"@webdo_tn\" \/>\n<meta name=\"twitter:site\" content=\"@webdo_tn\" \/>\n<meta name=\"twitter:label1\" content=\"\u00c9crit par\" \/>\n\t<meta name=\"twitter:data1\" content=\"MC\" \/>\n\t<meta name=\"twitter:label2\" content=\"Dur\u00e9e de lecture estim\u00e9e\" \/>\n\t<meta name=\"twitter:data2\" content=\"1 minute\" \/>\n<script type=\"application\/ld+json\" class=\"yoast-schema-graph\">{\"@context\":\"https:\\\/\\\/schema.org\",\"@graph\":[{\"@type\":\"NewsArticle\",\"@id\":\"https:\\\/\\\/www.webdo.tn\\\/fr\\\/actualite\\\/national\\\/tunisie-risque-de-penurie-et-d-envolee-des-prix-des-pommes-de-terre\\\/221119\\\/#article\",\"isPartOf\":{\"@id\":\"https:\\\/\\\/www.webdo.tn\\\/fr\\\/actualite\\\/national\\\/tunisie-risque-de-penurie-et-d-envolee-des-prix-des-pommes-de-terre\\\/221119\\\/\"},\"author\":{\"name\":\"MC\",\"@id\":\"https:\\\/\\\/www.webdo.tn\\\/fr\\\/#\\\/schema\\\/person\\\/2c4929cbf5a809e3bd38617c6ce150f6\"},\"headline\":\"Tunisie : Risque de p\u00e9nurie et d\u2019envol\u00e9e des prix des pommes de terre\",\"datePublished\":\"2025-04-10T15:25:00+00:00\",\"dateModified\":\"2025-05-20T21:41:26+00:00\",\"mainEntityOfPage\":{\"@id\":\"https:\\\/\\\/www.webdo.tn\\\/fr\\\/actualite\\\/national\\\/tunisie-risque-de-penurie-et-d-envolee-des-prix-des-pommes-de-terre\\\/221119\\\/\"},\"wordCount\":275,\"commentCount\":0,\"publisher\":{\"@id\":\"https:\\\/\\\/www.webdo.tn\\\/fr\\\/#organization\"},\"image\":{\"@id\":\"https:\\\/\\\/www.webdo.tn\\\/fr\\\/actualite\\\/national\\\/tunisie-risque-de-penurie-et-d-envolee-des-prix-des-pommes-de-terre\\\/221119\\\/#primaryimage\"},\"thumbnailUrl\":\"https:\\\/\\\/www.webdo.tn\\\/fr\\\/wp-content\\\/uploads\\\/2025\\\/05\\\/a6badef61a297a8b9e5f236777e79764-3.webp\",\"keywords\":[\"p\u00e9nurie\",\"Pommes de terre\",\"prix\",\"Tunisie\"],\"articleSection\":[\"National\"],\"inLanguage\":\"fr-FR\"},{\"@type\":\"WebPage\",\"@id\":\"https:\\\/\\\/www.webdo.tn\\\/fr\\\/actualite\\\/national\\\/tunisie-risque-de-penurie-et-d-envolee-des-prix-des-pommes-de-terre\\\/221119\\\/\",\"url\":\"https:\\\/\\\/www.webdo.tn\\\/fr\\\/actualite\\\/national\\\/tunisie-risque-de-penurie-et-d-envolee-des-prix-des-pommes-de-terre\\\/221119\\\/\",\"name\":\"Tunisie : Risque de p\u00e9nurie et d\u2019envol\u00e9e des prix des pommes de terre\",\"isPartOf\":{\"@id\":\"https:\\\/\\\/www.webdo.tn\\\/fr\\\/#website\"},\"primaryImageOfPage\":{\"@id\":\"https:\\\/\\\/www.webdo.tn\\\/fr\\\/actualite\\\/national\\\/tunisie-risque-de-penurie-et-d-envolee-des-prix-des-pommes-de-terre\\\/221119\\\/#primaryimage\"},\"image\":{\"@id\":\"https:\\\/\\\/www.webdo.tn\\\/fr\\\/actualite\\\/national\\\/tunisie-risque-de-penurie-et-d-envolee-des-prix-des-pommes-de-terre\\\/221119\\\/#primaryimage\"},\"thumbnailUrl\":\"https:\\\/\\\/www.webdo.tn\\\/fr\\\/wp-content\\\/uploads\\\/2025\\\/05\\\/a6badef61a297a8b9e5f236777e79764-3.webp\",\"datePublished\":\"2025-04-10T15:25:00+00:00\",\"dateModified\":\"2025-05-20T21:41:26+00:00\",\"description\":\"La Tunisie fait face \u00e0 un risque de p\u00e9nurie de pommes de terre en raison de conditions climatiques d\u00e9favorables et de maladies agricoles. Les experts alertent s...\",\"breadcrumb\":{\"@id\":\"https:\\\/\\\/www.webdo.tn\\\/fr\\\/actualite\\\/national\\\/tunisie-risque-de-penurie-et-d-envolee-des-prix-des-pommes-de-terre\\\/221119\\\/#breadcrumb\"},\"inLanguage\":\"fr-FR\",\"potentialAction\":[{\"@type\":\"ReadAction\",\"target\":[\"https:\\\/\\\/www.webdo.tn\\\/fr\\\/actualite\\\/national\\\/tunisie-risque-de-penurie-et-d-envolee-des-prix-des-pommes-de-terre\\\/221119\\\/\"]}]},{\"@type\":\"ImageObject\",\"inLanguage\":\"fr-FR\",\"@id\":\"https:\\\/\\\/www.webdo.tn\\\/fr\\\/actualite\\\/national\\\/tunisie-risque-de-penurie-et-d-envolee-des-prix-des-pommes-de-terre\\\/221119\\\/#primaryimage\",\"url\":\"https:\\\/\\\/www.webdo.tn\\\/fr\\\/wp-content\\\/uploads\\\/2025\\\/05\\\/a6badef61a297a8b9e5f236777e79764-3.webp\",\"contentUrl\":\"https:\\\/\\\/www.webdo.tn\\\/fr\\\/wp-content\\\/uploads\\\/2025\\\/05\\\/a6badef61a297a8b9e5f236777e79764-3.webp\",\"width\":750,\"height\":400},{\"@type\":\"BreadcrumbList\",\"@id\":\"https:\\\/\\\/www.webdo.tn\\\/fr\\\/actualite\\\/national\\\/tunisie-risque-de-penurie-et-d-envolee-des-prix-des-pommes-de-terre\\\/221119\\\/#breadcrumb\",\"itemListElement\":[{\"@type\":\"ListItem\",\"position\":1,\"name\":\"Accueil\",\"item\":\"https:\\\/\\\/www.webdo.tn\\\/fr\\\/\"},{\"@type\":\"ListItem\",\"position\":2,\"name\":\"Tunisie : Risque de p\u00e9nurie et d\u2019envol\u00e9e des prix des pommes de terre\"}]},{\"@type\":\"WebSite\",\"@id\":\"https:\\\/\\\/www.webdo.tn\\\/fr\\\/#website\",\"url\":\"https:\\\/\\\/www.webdo.tn\\\/fr\\\/\",\"name\":\"webdo\",\"description\":\"Tunisie - News en Tunisie et \u00e0 l&#039;international sur Webdo.tn\",\"publisher\":{\"@id\":\"https:\\\/\\\/www.webdo.tn\\\/fr\\\/#organization\"},\"potentialAction\":[{\"@type\":\"SearchAction\",\"target\":{\"@type\":\"EntryPoint\",\"urlTemplate\":\"https:\\\/\\\/www.webdo.tn\\\/fr\\\/?s={search_term_string}\"},\"query-input\":{\"@type\":\"PropertyValueSpecification\",\"valueRequired\":true,\"valueName\":\"search_term_string\"}}],\"inLanguage\":\"fr-FR\"},{\"@type\":\"Organization\",\"@id\":\"https:\\\/\\\/www.webdo.tn\\\/fr\\\/#organization\",\"name\":\"Webdo\",\"alternateName\":\"Webdo.tn\",\"url\":\"https:\\\/\\\/www.webdo.tn\\\/fr\\\/\",\"logo\":{\"@type\":\"ImageObject\",\"inLanguage\":\"fr-FR\",\"@id\":\"https:\\\/\\\/www.webdo.tn\\\/fr\\\/#\\\/schema\\\/logo\\\/image\\\/\",\"url\":\"https:\\\/\\\/www.webdo.tn\\\/fr\\\/wp-content\\\/uploads\\\/2025\\\/06\\\/Webdo-Tunisie_168377.jpg\",\"contentUrl\":\"https:\\\/\\\/www.webdo.tn\\\/fr\\\/wp-content\\\/uploads\\\/2025\\\/06\\\/Webdo-Tunisie_168377.jpg\",\"width\":301,\"height\":301,\"caption\":\"Webdo\"},\"image\":{\"@id\":\"https:\\\/\\\/www.webdo.tn\\\/fr\\\/#\\\/schema\\\/logo\\\/image\\\/\"},\"sameAs\":[\"https:\\\/\\\/www.facebook.com\\\/webdotn\",\"https:\\\/\\\/x.com\\\/webdo_tn\"],\"description\":\"Webdo est un m\u00e9dia num\u00e9rique tunisien fond\u00e9 en 2010, sp\u00e9cialis\u00e9 dans l\u2019actualit\u00e9 nationale et internationale, l\u2019\u00e9conomie, la soci\u00e9t\u00e9 et les analyses politiques. Le site s\u2019adresse \u00e0 un large public francophone et couvre l\u2019information tunisienne en temps r\u00e9el.\",\"email\":\"redac@webdo.tn\",\"legalName\":\"YNJ SARL\",\"foundingDate\":\"2010-09-06\",\"numberOfEmployees\":{\"@type\":\"QuantitativeValue\",\"minValue\":\"11\",\"maxValue\":\"50\"}},{\"@type\":\"Person\",\"@id\":\"https:\\\/\\\/www.webdo.tn\\\/fr\\\/#\\\/schema\\\/person\\\/2c4929cbf5a809e3bd38617c6ce150f6\",\"name\":\"MC\",\"image\":{\"@type\":\"ImageObject\",\"inLanguage\":\"fr-FR\",\"@id\":\"https:\\\/\\\/secure.gravatar.com\\\/avatar\\\/a545bbb6f84efdd5553dbbc2895e3ca8f1d12c5215e00a041c9670b54aa9b18a?s=96&d=mm&r=g\",\"url\":\"https:\\\/\\\/secure.gravatar.com\\\/avatar\\\/a545bbb6f84efdd5553dbbc2895e3ca8f1d12c5215e00a041c9670b54aa9b18a?s=96&d=mm&r=g\",\"contentUrl\":\"https:\\\/\\\/secure.gravatar.com\\\/avatar\\\/a545bbb6f84efdd5553dbbc2895e3ca8f1d12c5215e00a041c9670b54aa9b18a?s=96&d=mm&r=g\",\"caption\":\"MC\"},\"url\":\"https:\\\/\\\/www.webdo.tn\\\/fr\\\/actualite\\\/author\\\/mc\\\/\"}]}<\/script>\n<!-- \/ Yoast SEO Premium plugin. -->","yoast_head_json":{"title":"Tunisie : Risque de p\u00e9nurie et d\u2019envol\u00e9e des prix des pommes de terre","description":"La Tunisie fait face \u00e0 un risque de p\u00e9nurie de pommes de terre en raison de conditions climatiques d\u00e9favorables et de maladies agricoles. Les experts alertent s...","canonical":"https:\/\/www.webdo.tn\/fr\/actualite\/national\/tunisie-risque-de-penurie-et-d-envolee-des-prix-des-pommes-de-terre\/221119\/","og_locale":"fr_FR","og_type":"article","og_title":"Tunisie : Risque de p\u00e9nurie et d\u2019envol\u00e9e des prix des pommes de terre","og_description":"La Tunisie fait face \u00e0 un risque de p\u00e9nurie de pommes de terre en raison de conditions climatiques d\u00e9favorables et de maladies agricoles. Les experts alertent s...","og_url":"https:\/\/www.webdo.tn\/fr\/actualite\/national\/tunisie-risque-de-penurie-et-d-envolee-des-prix-des-pommes-de-terre\/221119\/","og_site_name":"webdo","article_publisher":"https:\/\/www.facebook.com\/webdotn","article_published_time":"2025-04-10T15:25:00+00:00","article_modified_time":"2025-05-20T21:41:26+00:00","og_image":[{"width":750,"height":400,"url":"https:\/\/www.webdo.tn\/fr\/wp-content\/uploads\/2025\/05\/a6badef61a297a8b9e5f236777e79764-3.webp","type":"image\/webp"}],"author":"MC","twitter_card":"summary_large_image","twitter_creator":"@webdo_tn","twitter_site":"@webdo_tn","twitter_misc":{"\u00c9crit par":"MC","Dur\u00e9e de lecture estim\u00e9e":"1 minute"},"schema":{"@context":"https:\/\/schema.org","@graph":[{"@type":"NewsArticle","@id":"https:\/\/www.webdo.tn\/fr\/actualite\/national\/tunisie-risque-de-penurie-et-d-envolee-des-prix-des-pommes-de-terre\/221119\/#article","isPartOf":{"@id":"https:\/\/www.webdo.tn\/fr\/actualite\/national\/tunisie-risque-de-penurie-et-d-envolee-des-prix-des-pommes-de-terre\/221119\/"},"author":{"name":"MC","@id":"https:\/\/www.webdo.tn\/fr\/#\/schema\/person\/2c4929cbf5a809e3bd38617c6ce150f6"},"headline":"Tunisie : Risque de p\u00e9nurie et d\u2019envol\u00e9e des prix des pommes de terre","datePublished":"2025-04-10T15:25:00+00:00","dateModified":"2025-05-20T21:41:26+00:00","mainEntityOfPage":{"@id":"https:\/\/www.webdo.tn\/fr\/actualite\/national\/tunisie-risque-de-penurie-et-d-envolee-des-prix-des-pommes-de-terre\/221119\/"},"wordCount":275,"commentCount":0,"publisher":{"@id":"https:\/\/www.webdo.tn\/fr\/#organization"},"image":{"@id":"https:\/\/www.webdo.tn\/fr\/actualite\/national\/tunisie-risque-de-penurie-et-d-envolee-des-prix-des-pommes-de-terre\/221119\/#primaryimage"},"thumbnailUrl":"https:\/\/www.webdo.tn\/fr\/wp-content\/uploads\/2025\/05\/a6badef61a297a8b9e5f236777e79764-3.webp","keywords":["p\u00e9nurie","Pommes de terre","prix","Tunisie"],"articleSection":["National"],"inLanguage":"fr-FR"},{"@type":"WebPage","@id":"https:\/\/www.webdo.tn\/fr\/actualite\/national\/tunisie-risque-de-penurie-et-d-envolee-des-prix-des-pommes-de-terre\/221119\/","url":"https:\/\/www.webdo.tn\/fr\/actualite\/national\/tunisie-risque-de-penurie-et-d-envolee-des-prix-des-pommes-de-terre\/221119\/","name":"Tunisie : Risque de p\u00e9nurie et d\u2019envol\u00e9e des prix des pommes de terre","isPartOf":{"@id":"https:\/\/www.webdo.tn\/fr\/#website"},"primaryImageOfPage":{"@id":"https:\/\/www.webdo.tn\/fr\/actualite\/national\/tunisie-risque-de-penurie-et-d-envolee-des-prix-des-pommes-de-terre\/221119\/#primaryimage"},"image":{"@id":"https:\/\/www.webdo.tn\/fr\/actualite\/national\/tunisie-risque-de-penurie-et-d-envolee-des-prix-des-pommes-de-terre\/221119\/#primaryimage"},"thumbnailUrl":"https:\/\/www.webdo.tn\/fr\/wp-content\/uploads\/2025\/05\/a6badef61a297a8b9e5f236777e79764-3.webp","datePublished":"2025-04-10T15:25:00+00:00","dateModified":"2025-05-20T21:41:26+00:00","description":"La Tunisie fait face \u00e0 un risque de p\u00e9nurie de pommes de terre en raison de conditions climatiques d\u00e9favorables et de maladies agricoles. Les experts alertent s...","breadcrumb":{"@id":"https:\/\/www.webdo.tn\/fr\/actualite\/national\/tunisie-risque-de-penurie-et-d-envolee-des-prix-des-pommes-de-terre\/221119\/#breadcrumb"},"inLanguage":"fr-FR","potentialAction":[{"@type":"ReadAction","target":["https:\/\/www.webdo.tn\/fr\/actualite\/national\/tunisie-risque-de-penurie-et-d-envolee-des-prix-des-pommes-de-terre\/221119\/"]}]},{"@type":"ImageObject","inLanguage":"fr-FR","@id":"https:\/\/www.webdo.tn\/fr\/actualite\/national\/tunisie-risque-de-penurie-et-d-envolee-des-prix-des-pommes-de-terre\/221119\/#primaryimage","url":"https:\/\/www.webdo.tn\/fr\/wp-content\/uploads\/2025\/05\/a6badef61a297a8b9e5f236777e79764-3.webp","contentUrl":"https:\/\/www.webdo.tn\/fr\/wp-content\/uploads\/2025\/05\/a6badef61a297a8b9e5f236777e79764-3.webp","width":750,"height":400},{"@type":"BreadcrumbList","@id":"https:\/\/www.webdo.tn\/fr\/actualite\/national\/tunisie-risque-de-penurie-et-d-envolee-des-prix-des-pommes-de-terre\/221119\/#breadcrumb","itemListElement":[{"@type":"ListItem","position":1,"name":"Accueil","item":"https:\/\/www.webdo.tn\/fr\/"},{"@type":"ListItem","position":2,"name":"Tunisie : Risque de p\u00e9nurie et d\u2019envol\u00e9e des prix des pommes de terre"}]},{"@type":"WebSite","@id":"https:\/\/www.webdo.tn\/fr\/#website","url":"https:\/\/www.webdo.tn\/fr\/","name":"webdo","description":"Tunisie - News en Tunisie et \u00e0 l&#039;international sur Webdo.tn","publisher":{"@id":"https:\/\/www.webdo.tn\/fr\/#organization"},"potentialAction":[{"@type":"SearchAction","target":{"@type":"EntryPoint","urlTemplate":"https:\/\/www.webdo.tn\/fr\/?s={search_term_string}"},"query-input":{"@type":"PropertyValueSpecification","valueRequired":true,"valueName":"search_term_string"}}],"inLanguage":"fr-FR"},{"@type":"Organization","@id":"https:\/\/www.webdo.tn\/fr\/#organization","name":"Webdo","alternateName":"Webdo.tn","url":"https:\/\/www.webdo.tn\/fr\/","logo":{"@type":"ImageObject","inLanguage":"fr-FR","@id":"https:\/\/www.webdo.tn\/fr\/#\/schema\/logo\/image\/","url":"https:\/\/www.webdo.tn\/fr\/wp-content\/uploads\/2025\/06\/Webdo-Tunisie_168377.jpg","contentUrl":"https:\/\/www.webdo.tn\/fr\/wp-content\/uploads\/2025\/06\/Webdo-Tunisie_168377.jpg","width":301,"height":301,"caption":"Webdo"},"image":{"@id":"https:\/\/www.webdo.tn\/fr\/#\/schema\/logo\/image\/"},"sameAs":["https:\/\/www.facebook.com\/webdotn","https:\/\/x.com\/webdo_tn"],"description":"Webdo est un m\u00e9dia num\u00e9rique tunisien fond\u00e9 en 2010, sp\u00e9cialis\u00e9 dans l\u2019actualit\u00e9 nationale et internationale, l\u2019\u00e9conomie, la soci\u00e9t\u00e9 et les analyses politiques. Le site s\u2019adresse \u00e0 un large public francophone et couvre l\u2019information tunisienne en temps r\u00e9el.","email":"redac@webdo.tn","legalName":"YNJ SARL","foundingDate":"2010-09-06","numberOfEmployees":{"@type":"QuantitativeValue","minValue":"11","maxValue":"50"}},{"@type":"Person","@id":"https:\/\/www.webdo.tn\/fr\/#\/schema\/person\/2c4929cbf5a809e3bd38617c6ce150f6","name":"MC","image":{"@type":"ImageObject","inLanguage":"fr-FR","@id":"https:\/\/secure.gravatar.com\/avatar\/a545bbb6f84efdd5553dbbc2895e3ca8f1d12c5215e00a041c9670b54aa9b18a?s=96&d=mm&r=g","url":"https:\/\/secure.gravatar.com\/avatar\/a545bbb6f84efdd5553dbbc2895e3ca8f1d12c5215e00a041c9670b54aa9b18a?s=96&d=mm&r=g","contentUrl":"https:\/\/secure.gravatar.com\/avatar\/a545bbb6f84efdd5553dbbc2895e3ca8f1d12c5215e00a041c9670b54aa9b18a?s=96&d=mm&r=g","caption":"MC"},"url":"https:\/\/www.webdo.tn\/fr\/actualite\/author\/mc\/"}]}},"_links":{"self":[{"href":"https:\/\/www.webdo.tn\/fr\/wp-json\/wp\/v2\/posts\/221119","targetHints":{"allow":["GET"]}}],"collection":[{"href":"https:\/\/www.webdo.tn\/fr\/wp-json\/wp\/v2\/posts"}],"about":[{"href":"https:\/\/www.webdo.tn\/fr\/wp-json\/wp\/v2\/types\/post"}],"author":[{"embeddable":true,"href":"https:\/\/www.webdo.tn\/fr\/wp-json\/wp\/v2\/users\/3162"}],"replies":[{"embeddable":true,"href":"https:\/\/www.webdo.tn\/fr\/wp-json\/wp\/v2\/comments?post=221119"}],"version-history":[{"count":0,"href":"https:\/\/www.webdo.tn\/fr\/wp-json\/wp\/v2\/posts\/221119\/revisions"}],"wp:featuredmedia":[{"embeddable":true,"href":"https:\/\/www.webdo.tn\/fr\/wp-json\/wp\/v2\/media\/241246"}],"wp:attachment":[{"href":"https:\/\/www.webdo.tn\/fr\/wp-json\/wp\/v2\/media?parent=221119"}],"wp:term":[{"taxonomy":"category","embeddable":true,"href":"https:\/\/www.webdo.tn\/fr\/wp-json\/wp\/v2\/categories?post=221119"},{"taxonomy":"post_tag","embeddable":true,"href":"https:\/\/www.webdo.tn\/fr\/wp-json\/wp\/v2\/tags?post=221119"}],"curies":[{"name":"wp","href":"https:\/\/api.w.org\/{rel}","templated":true}]}}