{"id":221118,"date":"2025-04-10T14:57:00","date_gmt":"2025-04-10T14:57:00","guid":{"rendered":"https:\/\/www.webdo.tn\/fr\/blog\/2025\/04\/10\/tunisie-cap-sur-l-intelligence-artificielle-dans-l-enseignement-superieur\/"},"modified":"2025-05-20T21:41:26","modified_gmt":"2025-05-20T21:41:26","slug":"tunisie-cap-sur-l-intelligence-artificielle-dans-l-enseignement-superieur","status":"publish","type":"post","link":"https:\/\/www.webdo.tn\/fr\/actualite\/national\/tunisie-cap-sur-l-intelligence-artificielle-dans-l-enseignement-superieur\/221118\/","title":{"rendered":"Tunisie : Cap sur l\u2019intelligence artificielle dans l\u2019enseignement sup\u00e9rieur"},"content":{"rendered":"<p>Treize universit\u00e9s tunisiennes ont pris part \u00e0 un workshop strat\u00e9gique organis\u00e9 par l\u2019Universit\u00e9 Virtuelle de Tunis (UVT), consacr\u00e9 \u00e0 l\u2019int\u00e9gration de l\u2019intelligence artificielle (IA) dans l\u2019enseignement sup\u00e9rieur et la recherche.<\/p>\n<p>R\u00e9unis au Centre international de formation des formateurs (CIFFIP) aux Berges du Lac 2, des repr\u00e9sentants acad\u00e9miques, institutionnels et industriels ont esquiss\u00e9 les grandes lignes d\u2019une strat\u00e9gie quinquennale qui sera soumise au minist\u00e8re de l\u2019Enseignement Sup\u00e9rieur, rapporte l\u2019agence TAP.<\/p>\n<p>Le pr\u00e9sident de l\u2019UVT, Slim Ben Sa\u00efd, a soulign\u00e9 l\u2019importance de cette d\u00e9marche, en cours depuis plusieurs mois, qui vise \u00e0 transformer durablement l\u2019enseignement sup\u00e9rieur \u00e0 travers l\u2019IA.<\/p>\n<p>Parmi les axes abord\u00e9s : le renforcement des comp\u00e9tences, la promotion de la recherche, la digitalisation des \u00e9tablissements et l\u2019innovation responsable.<\/p>\n<p>Ce workshop marque une \u00e9tape cl\u00e9 dans la volont\u00e9 de la Tunisie de devenir un acteur r\u00e9gional de premier plan dans l\u2019adoption de l\u2019intelligence artificielle au service du savoir.<\/p>\n","protected":false},"excerpt":{"rendered":"<p>La Tunisie \u00e9labore une strat\u00e9gie nationale pour int\u00e9grer l&rsquo;intelligence artificielle dans l\u2019enseignement sup\u00e9rieur. Treize universit\u00e9s et plusieurs acteurs cl\u00e9s&#8230;<\/p>\n","protected":false},"author":3162,"featured_media":241244,"comment_status":"open","ping_status":"open","sticky":false,"template":"","format":"standard","meta":{"footnotes":""},"categories":[44],"tags":[2940,3301,2608],"class_list":["post-221118","post","type-post","status-publish","format-standard","has-post-thumbnail","hentry","category-national","tag-enseignement-superieur","tag-intelligence-artificelle","tag-tunisie"],"yoast_head":"<!-- This site is optimized with the Yoast SEO Premium plugin v27.5 (Yoast SEO v27.5) - https:\/\/yoast.com\/product\/yoast-seo-premium-wordpress\/ -->\n<title>Tunisie : Cap sur l\u2019intelligence artificielle dans l\u2019enseignement sup\u00e9rieur<\/title>\n<meta name=\"description\" content=\"La Tunisie \u00e9labore une strat\u00e9gie nationale pour int\u00e9grer l&#039;intelligence artificielle dans l\u2019enseignement sup\u00e9rieur. Treize universit\u00e9s et plusieurs acteurs cl\u00e9s...\" \/>\n<link rel=\"canonical\" href=\"https:\/\/www.webdo.tn\/fr\/actualite\/national\/tunisie-cap-sur-l-intelligence-artificielle-dans-l-enseignement-superieur\/221118\/\" \/>\n<meta property=\"og:locale\" content=\"fr_FR\" \/>\n<meta property=\"og:type\" content=\"article\" \/>\n<meta property=\"og:title\" content=\"Tunisie : Cap sur l\u2019intelligence artificielle dans l\u2019enseignement sup\u00e9rieur\" \/>\n<meta property=\"og:description\" content=\"La Tunisie \u00e9labore une strat\u00e9gie nationale pour int\u00e9grer l&#039;intelligence artificielle dans l\u2019enseignement sup\u00e9rieur. Treize universit\u00e9s et plusieurs acteurs cl\u00e9s...\" \/>\n<meta property=\"og:url\" content=\"https:\/\/www.webdo.tn\/fr\/actualite\/national\/tunisie-cap-sur-l-intelligence-artificielle-dans-l-enseignement-superieur\/221118\/\" \/>\n<meta property=\"og:site_name\" content=\"webdo\" \/>\n<meta property=\"article:publisher\" content=\"https:\/\/www.facebook.com\/webdotn\" \/>\n<meta property=\"article:published_time\" content=\"2025-04-10T14:57:00+00:00\" \/>\n<meta property=\"article:modified_time\" content=\"2025-05-20T21:41:26+00:00\" \/>\n<meta property=\"og:image\" content=\"https:\/\/www.webdo.tn\/fr\/wp-content\/uploads\/2025\/05\/7f6656f0c777a6b1dd5515b8143de84c-3.webp\" \/>\n\t<meta property=\"og:image:width\" content=\"626\" \/>\n\t<meta property=\"og:image:height\" content=\"334\" \/>\n\t<meta property=\"og:image:type\" content=\"image\/webp\" \/>\n<meta name=\"author\" content=\"MC\" \/>\n<meta name=\"twitter:card\" content=\"summary_large_image\" \/>\n<meta name=\"twitter:creator\" content=\"@webdo_tn\" \/>\n<meta name=\"twitter:site\" content=\"@webdo_tn\" \/>\n<meta name=\"twitter:label1\" content=\"\u00c9crit par\" \/>\n\t<meta name=\"twitter:data1\" content=\"MC\" \/>\n\t<meta name=\"twitter:label2\" content=\"Dur\u00e9e de lecture estim\u00e9e\" \/>\n\t<meta name=\"twitter:data2\" content=\"1 minute\" \/>\n<script type=\"application\/ld+json\" class=\"yoast-schema-graph\">{\"@context\":\"https:\\\/\\\/schema.org\",\"@graph\":[{\"@type\":\"NewsArticle\",\"@id\":\"https:\\\/\\\/www.webdo.tn\\\/fr\\\/actualite\\\/national\\\/tunisie-cap-sur-l-intelligence-artificielle-dans-l-enseignement-superieur\\\/221118\\\/#article\",\"isPartOf\":{\"@id\":\"https:\\\/\\\/www.webdo.tn\\\/fr\\\/actualite\\\/national\\\/tunisie-cap-sur-l-intelligence-artificielle-dans-l-enseignement-superieur\\\/221118\\\/\"},\"author\":{\"name\":\"MC\",\"@id\":\"https:\\\/\\\/www.webdo.tn\\\/fr\\\/#\\\/schema\\\/person\\\/2c4929cbf5a809e3bd38617c6ce150f6\"},\"headline\":\"Tunisie : Cap sur l\u2019intelligence artificielle dans l\u2019enseignement sup\u00e9rieur\",\"datePublished\":\"2025-04-10T14:57:00+00:00\",\"dateModified\":\"2025-05-20T21:41:26+00:00\",\"mainEntityOfPage\":{\"@id\":\"https:\\\/\\\/www.webdo.tn\\\/fr\\\/actualite\\\/national\\\/tunisie-cap-sur-l-intelligence-artificielle-dans-l-enseignement-superieur\\\/221118\\\/\"},\"wordCount\":183,\"commentCount\":0,\"publisher\":{\"@id\":\"https:\\\/\\\/www.webdo.tn\\\/fr\\\/#organization\"},\"image\":{\"@id\":\"https:\\\/\\\/www.webdo.tn\\\/fr\\\/actualite\\\/national\\\/tunisie-cap-sur-l-intelligence-artificielle-dans-l-enseignement-superieur\\\/221118\\\/#primaryimage\"},\"thumbnailUrl\":\"https:\\\/\\\/www.webdo.tn\\\/fr\\\/wp-content\\\/uploads\\\/2025\\\/05\\\/7f6656f0c777a6b1dd5515b8143de84c-3.webp\",\"keywords\":[\"enseignement sup\u00e9rieur\",\"intelligence artificelle\",\"Tunisie\"],\"articleSection\":[\"National\"],\"inLanguage\":\"fr-FR\"},{\"@type\":\"WebPage\",\"@id\":\"https:\\\/\\\/www.webdo.tn\\\/fr\\\/actualite\\\/national\\\/tunisie-cap-sur-l-intelligence-artificielle-dans-l-enseignement-superieur\\\/221118\\\/\",\"url\":\"https:\\\/\\\/www.webdo.tn\\\/fr\\\/actualite\\\/national\\\/tunisie-cap-sur-l-intelligence-artificielle-dans-l-enseignement-superieur\\\/221118\\\/\",\"name\":\"Tunisie : Cap sur l\u2019intelligence artificielle dans l\u2019enseignement sup\u00e9rieur\",\"isPartOf\":{\"@id\":\"https:\\\/\\\/www.webdo.tn\\\/fr\\\/#website\"},\"primaryImageOfPage\":{\"@id\":\"https:\\\/\\\/www.webdo.tn\\\/fr\\\/actualite\\\/national\\\/tunisie-cap-sur-l-intelligence-artificielle-dans-l-enseignement-superieur\\\/221118\\\/#primaryimage\"},\"image\":{\"@id\":\"https:\\\/\\\/www.webdo.tn\\\/fr\\\/actualite\\\/national\\\/tunisie-cap-sur-l-intelligence-artificielle-dans-l-enseignement-superieur\\\/221118\\\/#primaryimage\"},\"thumbnailUrl\":\"https:\\\/\\\/www.webdo.tn\\\/fr\\\/wp-content\\\/uploads\\\/2025\\\/05\\\/7f6656f0c777a6b1dd5515b8143de84c-3.webp\",\"datePublished\":\"2025-04-10T14:57:00+00:00\",\"dateModified\":\"2025-05-20T21:41:26+00:00\",\"description\":\"La Tunisie \u00e9labore une strat\u00e9gie nationale pour int\u00e9grer l'intelligence artificielle dans l\u2019enseignement sup\u00e9rieur. Treize universit\u00e9s et plusieurs acteurs cl\u00e9s...\",\"breadcrumb\":{\"@id\":\"https:\\\/\\\/www.webdo.tn\\\/fr\\\/actualite\\\/national\\\/tunisie-cap-sur-l-intelligence-artificielle-dans-l-enseignement-superieur\\\/221118\\\/#breadcrumb\"},\"inLanguage\":\"fr-FR\",\"potentialAction\":[{\"@type\":\"ReadAction\",\"target\":[\"https:\\\/\\\/www.webdo.tn\\\/fr\\\/actualite\\\/national\\\/tunisie-cap-sur-l-intelligence-artificielle-dans-l-enseignement-superieur\\\/221118\\\/\"]}]},{\"@type\":\"ImageObject\",\"inLanguage\":\"fr-FR\",\"@id\":\"https:\\\/\\\/www.webdo.tn\\\/fr\\\/actualite\\\/national\\\/tunisie-cap-sur-l-intelligence-artificielle-dans-l-enseignement-superieur\\\/221118\\\/#primaryimage\",\"url\":\"https:\\\/\\\/www.webdo.tn\\\/fr\\\/wp-content\\\/uploads\\\/2025\\\/05\\\/7f6656f0c777a6b1dd5515b8143de84c-3.webp\",\"contentUrl\":\"https:\\\/\\\/www.webdo.tn\\\/fr\\\/wp-content\\\/uploads\\\/2025\\\/05\\\/7f6656f0c777a6b1dd5515b8143de84c-3.webp\",\"width\":626,\"height\":334},{\"@type\":\"BreadcrumbList\",\"@id\":\"https:\\\/\\\/www.webdo.tn\\\/fr\\\/actualite\\\/national\\\/tunisie-cap-sur-l-intelligence-artificielle-dans-l-enseignement-superieur\\\/221118\\\/#breadcrumb\",\"itemListElement\":[{\"@type\":\"ListItem\",\"position\":1,\"name\":\"Accueil\",\"item\":\"https:\\\/\\\/www.webdo.tn\\\/fr\\\/\"},{\"@type\":\"ListItem\",\"position\":2,\"name\":\"Tunisie : Cap sur l\u2019intelligence artificielle dans l\u2019enseignement sup\u00e9rieur\"}]},{\"@type\":\"WebSite\",\"@id\":\"https:\\\/\\\/www.webdo.tn\\\/fr\\\/#website\",\"url\":\"https:\\\/\\\/www.webdo.tn\\\/fr\\\/\",\"name\":\"webdo\",\"description\":\"Tunisie - News en Tunisie et \u00e0 l&#039;international sur Webdo.tn\",\"publisher\":{\"@id\":\"https:\\\/\\\/www.webdo.tn\\\/fr\\\/#organization\"},\"potentialAction\":[{\"@type\":\"SearchAction\",\"target\":{\"@type\":\"EntryPoint\",\"urlTemplate\":\"https:\\\/\\\/www.webdo.tn\\\/fr\\\/?s={search_term_string}\"},\"query-input\":{\"@type\":\"PropertyValueSpecification\",\"valueRequired\":true,\"valueName\":\"search_term_string\"}}],\"inLanguage\":\"fr-FR\"},{\"@type\":\"Organization\",\"@id\":\"https:\\\/\\\/www.webdo.tn\\\/fr\\\/#organization\",\"name\":\"Webdo\",\"alternateName\":\"Webdo.tn\",\"url\":\"https:\\\/\\\/www.webdo.tn\\\/fr\\\/\",\"logo\":{\"@type\":\"ImageObject\",\"inLanguage\":\"fr-FR\",\"@id\":\"https:\\\/\\\/www.webdo.tn\\\/fr\\\/#\\\/schema\\\/logo\\\/image\\\/\",\"url\":\"https:\\\/\\\/www.webdo.tn\\\/fr\\\/wp-content\\\/uploads\\\/2025\\\/06\\\/Webdo-Tunisie_168377.jpg\",\"contentUrl\":\"https:\\\/\\\/www.webdo.tn\\\/fr\\\/wp-content\\\/uploads\\\/2025\\\/06\\\/Webdo-Tunisie_168377.jpg\",\"width\":301,\"height\":301,\"caption\":\"Webdo\"},\"image\":{\"@id\":\"https:\\\/\\\/www.webdo.tn\\\/fr\\\/#\\\/schema\\\/logo\\\/image\\\/\"},\"sameAs\":[\"https:\\\/\\\/www.facebook.com\\\/webdotn\",\"https:\\\/\\\/x.com\\\/webdo_tn\"],\"description\":\"Webdo est un m\u00e9dia num\u00e9rique tunisien fond\u00e9 en 2010, sp\u00e9cialis\u00e9 dans l\u2019actualit\u00e9 nationale et internationale, l\u2019\u00e9conomie, la soci\u00e9t\u00e9 et les analyses politiques. Le site s\u2019adresse \u00e0 un large public francophone et couvre l\u2019information tunisienne en temps r\u00e9el.\",\"email\":\"redac@webdo.tn\",\"legalName\":\"YNJ SARL\",\"foundingDate\":\"2010-09-06\",\"numberOfEmployees\":{\"@type\":\"QuantitativeValue\",\"minValue\":\"11\",\"maxValue\":\"50\"}},{\"@type\":\"Person\",\"@id\":\"https:\\\/\\\/www.webdo.tn\\\/fr\\\/#\\\/schema\\\/person\\\/2c4929cbf5a809e3bd38617c6ce150f6\",\"name\":\"MC\",\"image\":{\"@type\":\"ImageObject\",\"inLanguage\":\"fr-FR\",\"@id\":\"https:\\\/\\\/secure.gravatar.com\\\/avatar\\\/a545bbb6f84efdd5553dbbc2895e3ca8f1d12c5215e00a041c9670b54aa9b18a?s=96&d=mm&r=g\",\"url\":\"https:\\\/\\\/secure.gravatar.com\\\/avatar\\\/a545bbb6f84efdd5553dbbc2895e3ca8f1d12c5215e00a041c9670b54aa9b18a?s=96&d=mm&r=g\",\"contentUrl\":\"https:\\\/\\\/secure.gravatar.com\\\/avatar\\\/a545bbb6f84efdd5553dbbc2895e3ca8f1d12c5215e00a041c9670b54aa9b18a?s=96&d=mm&r=g\",\"caption\":\"MC\"},\"url\":\"https:\\\/\\\/www.webdo.tn\\\/fr\\\/actualite\\\/author\\\/mc\\\/\"}]}<\/script>\n<!-- \/ Yoast SEO Premium plugin. -->","yoast_head_json":{"title":"Tunisie : Cap sur l\u2019intelligence artificielle dans l\u2019enseignement sup\u00e9rieur","description":"La Tunisie \u00e9labore une strat\u00e9gie nationale pour int\u00e9grer l'intelligence artificielle dans l\u2019enseignement sup\u00e9rieur. Treize universit\u00e9s et plusieurs acteurs cl\u00e9s...","canonical":"https:\/\/www.webdo.tn\/fr\/actualite\/national\/tunisie-cap-sur-l-intelligence-artificielle-dans-l-enseignement-superieur\/221118\/","og_locale":"fr_FR","og_type":"article","og_title":"Tunisie : Cap sur l\u2019intelligence artificielle dans l\u2019enseignement sup\u00e9rieur","og_description":"La Tunisie \u00e9labore une strat\u00e9gie nationale pour int\u00e9grer l'intelligence artificielle dans l\u2019enseignement sup\u00e9rieur. Treize universit\u00e9s et plusieurs acteurs cl\u00e9s...","og_url":"https:\/\/www.webdo.tn\/fr\/actualite\/national\/tunisie-cap-sur-l-intelligence-artificielle-dans-l-enseignement-superieur\/221118\/","og_site_name":"webdo","article_publisher":"https:\/\/www.facebook.com\/webdotn","article_published_time":"2025-04-10T14:57:00+00:00","article_modified_time":"2025-05-20T21:41:26+00:00","og_image":[{"width":626,"height":334,"url":"https:\/\/www.webdo.tn\/fr\/wp-content\/uploads\/2025\/05\/7f6656f0c777a6b1dd5515b8143de84c-3.webp","type":"image\/webp"}],"author":"MC","twitter_card":"summary_large_image","twitter_creator":"@webdo_tn","twitter_site":"@webdo_tn","twitter_misc":{"\u00c9crit par":"MC","Dur\u00e9e de lecture estim\u00e9e":"1 minute"},"schema":{"@context":"https:\/\/schema.org","@graph":[{"@type":"NewsArticle","@id":"https:\/\/www.webdo.tn\/fr\/actualite\/national\/tunisie-cap-sur-l-intelligence-artificielle-dans-l-enseignement-superieur\/221118\/#article","isPartOf":{"@id":"https:\/\/www.webdo.tn\/fr\/actualite\/national\/tunisie-cap-sur-l-intelligence-artificielle-dans-l-enseignement-superieur\/221118\/"},"author":{"name":"MC","@id":"https:\/\/www.webdo.tn\/fr\/#\/schema\/person\/2c4929cbf5a809e3bd38617c6ce150f6"},"headline":"Tunisie : Cap sur l\u2019intelligence artificielle dans l\u2019enseignement sup\u00e9rieur","datePublished":"2025-04-10T14:57:00+00:00","dateModified":"2025-05-20T21:41:26+00:00","mainEntityOfPage":{"@id":"https:\/\/www.webdo.tn\/fr\/actualite\/national\/tunisie-cap-sur-l-intelligence-artificielle-dans-l-enseignement-superieur\/221118\/"},"wordCount":183,"commentCount":0,"publisher":{"@id":"https:\/\/www.webdo.tn\/fr\/#organization"},"image":{"@id":"https:\/\/www.webdo.tn\/fr\/actualite\/national\/tunisie-cap-sur-l-intelligence-artificielle-dans-l-enseignement-superieur\/221118\/#primaryimage"},"thumbnailUrl":"https:\/\/www.webdo.tn\/fr\/wp-content\/uploads\/2025\/05\/7f6656f0c777a6b1dd5515b8143de84c-3.webp","keywords":["enseignement sup\u00e9rieur","intelligence artificelle","Tunisie"],"articleSection":["National"],"inLanguage":"fr-FR"},{"@type":"WebPage","@id":"https:\/\/www.webdo.tn\/fr\/actualite\/national\/tunisie-cap-sur-l-intelligence-artificielle-dans-l-enseignement-superieur\/221118\/","url":"https:\/\/www.webdo.tn\/fr\/actualite\/national\/tunisie-cap-sur-l-intelligence-artificielle-dans-l-enseignement-superieur\/221118\/","name":"Tunisie : Cap sur l\u2019intelligence artificielle dans l\u2019enseignement sup\u00e9rieur","isPartOf":{"@id":"https:\/\/www.webdo.tn\/fr\/#website"},"primaryImageOfPage":{"@id":"https:\/\/www.webdo.tn\/fr\/actualite\/national\/tunisie-cap-sur-l-intelligence-artificielle-dans-l-enseignement-superieur\/221118\/#primaryimage"},"image":{"@id":"https:\/\/www.webdo.tn\/fr\/actualite\/national\/tunisie-cap-sur-l-intelligence-artificielle-dans-l-enseignement-superieur\/221118\/#primaryimage"},"thumbnailUrl":"https:\/\/www.webdo.tn\/fr\/wp-content\/uploads\/2025\/05\/7f6656f0c777a6b1dd5515b8143de84c-3.webp","datePublished":"2025-04-10T14:57:00+00:00","dateModified":"2025-05-20T21:41:26+00:00","description":"La Tunisie \u00e9labore une strat\u00e9gie nationale pour int\u00e9grer l'intelligence artificielle dans l\u2019enseignement sup\u00e9rieur. Treize universit\u00e9s et plusieurs acteurs cl\u00e9s...","breadcrumb":{"@id":"https:\/\/www.webdo.tn\/fr\/actualite\/national\/tunisie-cap-sur-l-intelligence-artificielle-dans-l-enseignement-superieur\/221118\/#breadcrumb"},"inLanguage":"fr-FR","potentialAction":[{"@type":"ReadAction","target":["https:\/\/www.webdo.tn\/fr\/actualite\/national\/tunisie-cap-sur-l-intelligence-artificielle-dans-l-enseignement-superieur\/221118\/"]}]},{"@type":"ImageObject","inLanguage":"fr-FR","@id":"https:\/\/www.webdo.tn\/fr\/actualite\/national\/tunisie-cap-sur-l-intelligence-artificielle-dans-l-enseignement-superieur\/221118\/#primaryimage","url":"https:\/\/www.webdo.tn\/fr\/wp-content\/uploads\/2025\/05\/7f6656f0c777a6b1dd5515b8143de84c-3.webp","contentUrl":"https:\/\/www.webdo.tn\/fr\/wp-content\/uploads\/2025\/05\/7f6656f0c777a6b1dd5515b8143de84c-3.webp","width":626,"height":334},{"@type":"BreadcrumbList","@id":"https:\/\/www.webdo.tn\/fr\/actualite\/national\/tunisie-cap-sur-l-intelligence-artificielle-dans-l-enseignement-superieur\/221118\/#breadcrumb","itemListElement":[{"@type":"ListItem","position":1,"name":"Accueil","item":"https:\/\/www.webdo.tn\/fr\/"},{"@type":"ListItem","position":2,"name":"Tunisie : Cap sur l\u2019intelligence artificielle dans l\u2019enseignement sup\u00e9rieur"}]},{"@type":"WebSite","@id":"https:\/\/www.webdo.tn\/fr\/#website","url":"https:\/\/www.webdo.tn\/fr\/","name":"webdo","description":"Tunisie - News en Tunisie et \u00e0 l&#039;international sur Webdo.tn","publisher":{"@id":"https:\/\/www.webdo.tn\/fr\/#organization"},"potentialAction":[{"@type":"SearchAction","target":{"@type":"EntryPoint","urlTemplate":"https:\/\/www.webdo.tn\/fr\/?s={search_term_string}"},"query-input":{"@type":"PropertyValueSpecification","valueRequired":true,"valueName":"search_term_string"}}],"inLanguage":"fr-FR"},{"@type":"Organization","@id":"https:\/\/www.webdo.tn\/fr\/#organization","name":"Webdo","alternateName":"Webdo.tn","url":"https:\/\/www.webdo.tn\/fr\/","logo":{"@type":"ImageObject","inLanguage":"fr-FR","@id":"https:\/\/www.webdo.tn\/fr\/#\/schema\/logo\/image\/","url":"https:\/\/www.webdo.tn\/fr\/wp-content\/uploads\/2025\/06\/Webdo-Tunisie_168377.jpg","contentUrl":"https:\/\/www.webdo.tn\/fr\/wp-content\/uploads\/2025\/06\/Webdo-Tunisie_168377.jpg","width":301,"height":301,"caption":"Webdo"},"image":{"@id":"https:\/\/www.webdo.tn\/fr\/#\/schema\/logo\/image\/"},"sameAs":["https:\/\/www.facebook.com\/webdotn","https:\/\/x.com\/webdo_tn"],"description":"Webdo est un m\u00e9dia num\u00e9rique tunisien fond\u00e9 en 2010, sp\u00e9cialis\u00e9 dans l\u2019actualit\u00e9 nationale et internationale, l\u2019\u00e9conomie, la soci\u00e9t\u00e9 et les analyses politiques. Le site s\u2019adresse \u00e0 un large public francophone et couvre l\u2019information tunisienne en temps r\u00e9el.","email":"redac@webdo.tn","legalName":"YNJ SARL","foundingDate":"2010-09-06","numberOfEmployees":{"@type":"QuantitativeValue","minValue":"11","maxValue":"50"}},{"@type":"Person","@id":"https:\/\/www.webdo.tn\/fr\/#\/schema\/person\/2c4929cbf5a809e3bd38617c6ce150f6","name":"MC","image":{"@type":"ImageObject","inLanguage":"fr-FR","@id":"https:\/\/secure.gravatar.com\/avatar\/a545bbb6f84efdd5553dbbc2895e3ca8f1d12c5215e00a041c9670b54aa9b18a?s=96&d=mm&r=g","url":"https:\/\/secure.gravatar.com\/avatar\/a545bbb6f84efdd5553dbbc2895e3ca8f1d12c5215e00a041c9670b54aa9b18a?s=96&d=mm&r=g","contentUrl":"https:\/\/secure.gravatar.com\/avatar\/a545bbb6f84efdd5553dbbc2895e3ca8f1d12c5215e00a041c9670b54aa9b18a?s=96&d=mm&r=g","caption":"MC"},"url":"https:\/\/www.webdo.tn\/fr\/actualite\/author\/mc\/"}]}},"_links":{"self":[{"href":"https:\/\/www.webdo.tn\/fr\/wp-json\/wp\/v2\/posts\/221118","targetHints":{"allow":["GET"]}}],"collection":[{"href":"https:\/\/www.webdo.tn\/fr\/wp-json\/wp\/v2\/posts"}],"about":[{"href":"https:\/\/www.webdo.tn\/fr\/wp-json\/wp\/v2\/types\/post"}],"author":[{"embeddable":true,"href":"https:\/\/www.webdo.tn\/fr\/wp-json\/wp\/v2\/users\/3162"}],"replies":[{"embeddable":true,"href":"https:\/\/www.webdo.tn\/fr\/wp-json\/wp\/v2\/comments?post=221118"}],"version-history":[{"count":0,"href":"https:\/\/www.webdo.tn\/fr\/wp-json\/wp\/v2\/posts\/221118\/revisions"}],"wp:featuredmedia":[{"embeddable":true,"href":"https:\/\/www.webdo.tn\/fr\/wp-json\/wp\/v2\/media\/241244"}],"wp:attachment":[{"href":"https:\/\/www.webdo.tn\/fr\/wp-json\/wp\/v2\/media?parent=221118"}],"wp:term":[{"taxonomy":"category","embeddable":true,"href":"https:\/\/www.webdo.tn\/fr\/wp-json\/wp\/v2\/categories?post=221118"},{"taxonomy":"post_tag","embeddable":true,"href":"https:\/\/www.webdo.tn\/fr\/wp-json\/wp\/v2\/tags?post=221118"}],"curies":[{"name":"wp","href":"https:\/\/api.w.org\/{rel}","templated":true}]}}