{"id":221116,"date":"2025-04-10T13:14:00","date_gmt":"2025-04-10T13:14:00","guid":{"rendered":"https:\/\/www.webdo.tn\/fr\/blog\/tunisie-detention-prolongee-pour-un-homme-d-affaires-et-un-ancien-dg-d-une-banque-publique\/221116\/"},"modified":"2025-05-20T22:17:31","modified_gmt":"2025-05-20T22:17:31","slug":"tunisie-detention-prolongee-pour-un-homme-d-affaires-et-un-ancien-dg-d-une-banque-publique","status":"publish","type":"post","link":"https:\/\/www.webdo.tn\/fr\/actualite\/national\/tunisie-detention-prolongee-pour-un-homme-d-affaires-et-un-ancien-dg-d-une-banque-publique\/221116\/","title":{"rendered":"Tunisie : D\u00e9tention prolong\u00e9e pour un homme d&rsquo;affaires et un ancien DG d&rsquo;une banque publique"},"content":{"rendered":"<p>Le juge d&rsquo;instruction au p\u00f4le judiciaire \u00e9conomique et financier a d\u00e9cid\u00e9 de prolonger la d\u00e9tention pr\u00e9ventive pour une p\u00e9riode suppl\u00e9mentaire de quatre mois \u00e0 l&rsquo;encontre d&rsquo;un homme d&rsquo;affaires actif dans le secteur de la volaille et des aliments pour animaux, ainsi que d&rsquo;un ancien directeur g\u00e9n\u00e9ral retrait\u00e9 d&rsquo;une banque publique.<\/p>\n<p>Le juge d&rsquo;instruction avait pr\u00e9c\u00e9demment \u00e9mis des mandats de d\u00e9p\u00f4t en prison contre cet homme d&rsquo;affaires, propri\u00e9taire d&rsquo;une cha\u00eene de magasins sp\u00e9cialis\u00e9s dans la vente de volaille et d&rsquo;aliments pour animaux, et l&rsquo;ex-directeur g\u00e9n\u00e9ral de la banque publique.<\/p>\n<p>Les accusations retenues contre eux portent sur des faits de falsification, de d\u00e9tention et d&rsquo;utilisation de documents falsifi\u00e9s, ainsi que de blanchiment d&rsquo;argent en utilisant les facilit\u00e9s accord\u00e9es par leurs activit\u00e9s professionnelles et fonctionnelles.<\/p>\n","protected":false},"excerpt":{"rendered":"<p>Un homme d&rsquo;affaires et un ancien directeur g\u00e9n\u00e9ral de banque publique accus\u00e9s de falsification et de blanchiment d&rsquo;argent. Le juge d&rsquo;instruction prolonge leur i&#8230;<\/p>\n","protected":false},"author":3162,"featured_media":292196,"comment_status":"open","ping_status":"closed","sticky":false,"template":"","format":"standard","meta":{"footnotes":""},"categories":[44],"tags":[11167,6334,2683,2608],"class_list":["post-221116","post","type-post","status-publish","format-standard","has-post-thumbnail","hentry","category-national","tag-detention-preventive","tag-banque","tag-homme-daffaires","tag-tunisie"],"yoast_head":"<!-- This site is optimized with the Yoast SEO Premium plugin v27.5 (Yoast SEO v27.5) - https:\/\/yoast.com\/product\/yoast-seo-premium-wordpress\/ -->\n<title>Tunisie : D\u00e9tention prolong\u00e9e pour un homme d&#039;affaires et un ancien DG d&#039;une banque publique<\/title>\n<meta name=\"description\" content=\"Un homme d&#039;affaires et un ancien directeur g\u00e9n\u00e9ral de banque publique accus\u00e9s de falsification et de blanchiment d&#039;argent. Le juge d&#039;instruction prolonge leur i...\" \/>\n<link rel=\"canonical\" href=\"https:\/\/www.webdo.tn\/fr\/actualite\/national\/tunisie-detention-prolongee-pour-un-homme-d-affaires-et-un-ancien-dg-d-une-banque-publique\/221116\/\" \/>\n<meta property=\"og:locale\" content=\"fr_FR\" \/>\n<meta property=\"og:type\" content=\"article\" \/>\n<meta property=\"og:title\" content=\"Tunisie : D\u00e9tention prolong\u00e9e pour un homme d&#039;affaires et un ancien DG d&#039;une banque publique\" \/>\n<meta property=\"og:description\" content=\"Un homme d&#039;affaires et un ancien directeur g\u00e9n\u00e9ral de banque publique accus\u00e9s de falsification et de blanchiment d&#039;argent. Le juge d&#039;instruction prolonge leur i...\" \/>\n<meta property=\"og:url\" content=\"https:\/\/www.webdo.tn\/fr\/actualite\/national\/tunisie-detention-prolongee-pour-un-homme-d-affaires-et-un-ancien-dg-d-une-banque-publique\/221116\/\" \/>\n<meta property=\"og:site_name\" content=\"webdo\" \/>\n<meta property=\"article:publisher\" content=\"https:\/\/www.facebook.com\/webdotn\" \/>\n<meta property=\"article:published_time\" content=\"2025-04-10T13:14:00+00:00\" \/>\n<meta property=\"article:modified_time\" content=\"2025-05-20T22:17:31+00:00\" \/>\n<meta property=\"og:image\" content=\"https:\/\/www.webdo.tn\/fr\/wp-content\/uploads\/2025\/04\/c55d0779f73402944dc1c2c862968627.webp\" \/>\n\t<meta property=\"og:image:width\" content=\"680\" \/>\n\t<meta property=\"og:image:height\" content=\"363\" \/>\n\t<meta property=\"og:image:type\" content=\"image\/webp\" \/>\n<meta name=\"author\" content=\"MC\" \/>\n<meta name=\"twitter:card\" content=\"summary_large_image\" \/>\n<meta name=\"twitter:creator\" content=\"@webdo_tn\" \/>\n<meta name=\"twitter:site\" content=\"@webdo_tn\" \/>\n<meta name=\"twitter:label1\" content=\"\u00c9crit par\" \/>\n\t<meta name=\"twitter:data1\" content=\"MC\" \/>\n\t<meta name=\"twitter:label2\" content=\"Dur\u00e9e de lecture estim\u00e9e\" \/>\n\t<meta name=\"twitter:data2\" content=\"1 minute\" \/>\n<script type=\"application\/ld+json\" class=\"yoast-schema-graph\">{\"@context\":\"https:\\\/\\\/schema.org\",\"@graph\":[{\"@type\":\"NewsArticle\",\"@id\":\"https:\\\/\\\/www.webdo.tn\\\/fr\\\/actualite\\\/national\\\/tunisie-detention-prolongee-pour-un-homme-d-affaires-et-un-ancien-dg-d-une-banque-publique\\\/221116\\\/#article\",\"isPartOf\":{\"@id\":\"https:\\\/\\\/www.webdo.tn\\\/fr\\\/actualite\\\/national\\\/tunisie-detention-prolongee-pour-un-homme-d-affaires-et-un-ancien-dg-d-une-banque-publique\\\/221116\\\/\"},\"author\":{\"name\":\"MC\",\"@id\":\"https:\\\/\\\/www.webdo.tn\\\/fr\\\/#\\\/schema\\\/person\\\/2c4929cbf5a809e3bd38617c6ce150f6\"},\"headline\":\"Tunisie : D\u00e9tention prolong\u00e9e pour un homme d&rsquo;affaires et un ancien DG d&rsquo;une banque publique\",\"datePublished\":\"2025-04-10T13:14:00+00:00\",\"dateModified\":\"2025-05-20T22:17:31+00:00\",\"mainEntityOfPage\":{\"@id\":\"https:\\\/\\\/www.webdo.tn\\\/fr\\\/actualite\\\/national\\\/tunisie-detention-prolongee-pour-un-homme-d-affaires-et-un-ancien-dg-d-une-banque-publique\\\/221116\\\/\"},\"wordCount\":175,\"commentCount\":0,\"publisher\":{\"@id\":\"https:\\\/\\\/www.webdo.tn\\\/fr\\\/#organization\"},\"image\":{\"@id\":\"https:\\\/\\\/www.webdo.tn\\\/fr\\\/actualite\\\/national\\\/tunisie-detention-prolongee-pour-un-homme-d-affaires-et-un-ancien-dg-d-une-banque-publique\\\/221116\\\/#primaryimage\"},\"thumbnailUrl\":\"https:\\\/\\\/www.webdo.tn\\\/fr\\\/wp-content\\\/uploads\\\/2025\\\/04\\\/c55d0779f73402944dc1c2c862968627.webp\",\"keywords\":[\"'d\u00e9tention pr\u00e9ventive']\",\"Banque\",\"Homme d'affaires\",\"Tunisie\"],\"articleSection\":[\"National\"],\"inLanguage\":\"fr-FR\"},{\"@type\":\"WebPage\",\"@id\":\"https:\\\/\\\/www.webdo.tn\\\/fr\\\/actualite\\\/national\\\/tunisie-detention-prolongee-pour-un-homme-d-affaires-et-un-ancien-dg-d-une-banque-publique\\\/221116\\\/\",\"url\":\"https:\\\/\\\/www.webdo.tn\\\/fr\\\/actualite\\\/national\\\/tunisie-detention-prolongee-pour-un-homme-d-affaires-et-un-ancien-dg-d-une-banque-publique\\\/221116\\\/\",\"name\":\"Tunisie : D\u00e9tention prolong\u00e9e pour un homme d'affaires et un ancien DG d'une banque publique\",\"isPartOf\":{\"@id\":\"https:\\\/\\\/www.webdo.tn\\\/fr\\\/#website\"},\"primaryImageOfPage\":{\"@id\":\"https:\\\/\\\/www.webdo.tn\\\/fr\\\/actualite\\\/national\\\/tunisie-detention-prolongee-pour-un-homme-d-affaires-et-un-ancien-dg-d-une-banque-publique\\\/221116\\\/#primaryimage\"},\"image\":{\"@id\":\"https:\\\/\\\/www.webdo.tn\\\/fr\\\/actualite\\\/national\\\/tunisie-detention-prolongee-pour-un-homme-d-affaires-et-un-ancien-dg-d-une-banque-publique\\\/221116\\\/#primaryimage\"},\"thumbnailUrl\":\"https:\\\/\\\/www.webdo.tn\\\/fr\\\/wp-content\\\/uploads\\\/2025\\\/04\\\/c55d0779f73402944dc1c2c862968627.webp\",\"datePublished\":\"2025-04-10T13:14:00+00:00\",\"dateModified\":\"2025-05-20T22:17:31+00:00\",\"description\":\"Un homme d'affaires et un ancien directeur g\u00e9n\u00e9ral de banque publique accus\u00e9s de falsification et de blanchiment d'argent. Le juge d'instruction prolonge leur i...\",\"breadcrumb\":{\"@id\":\"https:\\\/\\\/www.webdo.tn\\\/fr\\\/actualite\\\/national\\\/tunisie-detention-prolongee-pour-un-homme-d-affaires-et-un-ancien-dg-d-une-banque-publique\\\/221116\\\/#breadcrumb\"},\"inLanguage\":\"fr-FR\",\"potentialAction\":[{\"@type\":\"ReadAction\",\"target\":[\"https:\\\/\\\/www.webdo.tn\\\/fr\\\/actualite\\\/national\\\/tunisie-detention-prolongee-pour-un-homme-d-affaires-et-un-ancien-dg-d-une-banque-publique\\\/221116\\\/\"]}]},{\"@type\":\"ImageObject\",\"inLanguage\":\"fr-FR\",\"@id\":\"https:\\\/\\\/www.webdo.tn\\\/fr\\\/actualite\\\/national\\\/tunisie-detention-prolongee-pour-un-homme-d-affaires-et-un-ancien-dg-d-une-banque-publique\\\/221116\\\/#primaryimage\",\"url\":\"https:\\\/\\\/www.webdo.tn\\\/fr\\\/wp-content\\\/uploads\\\/2025\\\/04\\\/c55d0779f73402944dc1c2c862968627.webp\",\"contentUrl\":\"https:\\\/\\\/www.webdo.tn\\\/fr\\\/wp-content\\\/uploads\\\/2025\\\/04\\\/c55d0779f73402944dc1c2c862968627.webp\",\"width\":680,\"height\":363,\"caption\":\"Tunisie : D\u00e9tention prolong\u00e9e pour un homme d'affaires et un ancien DG d'une banque publique\"},{\"@type\":\"BreadcrumbList\",\"@id\":\"https:\\\/\\\/www.webdo.tn\\\/fr\\\/actualite\\\/national\\\/tunisie-detention-prolongee-pour-un-homme-d-affaires-et-un-ancien-dg-d-une-banque-publique\\\/221116\\\/#breadcrumb\",\"itemListElement\":[{\"@type\":\"ListItem\",\"position\":1,\"name\":\"Accueil\",\"item\":\"https:\\\/\\\/www.webdo.tn\\\/fr\\\/\"},{\"@type\":\"ListItem\",\"position\":2,\"name\":\"Tunisie : D\u00e9tention prolong\u00e9e pour un homme d&rsquo;affaires et un ancien DG d&rsquo;une banque publique\"}]},{\"@type\":\"WebSite\",\"@id\":\"https:\\\/\\\/www.webdo.tn\\\/fr\\\/#website\",\"url\":\"https:\\\/\\\/www.webdo.tn\\\/fr\\\/\",\"name\":\"webdo\",\"description\":\"Tunisie - News en Tunisie et \u00e0 l&#039;international sur Webdo.tn\",\"publisher\":{\"@id\":\"https:\\\/\\\/www.webdo.tn\\\/fr\\\/#organization\"},\"potentialAction\":[{\"@type\":\"SearchAction\",\"target\":{\"@type\":\"EntryPoint\",\"urlTemplate\":\"https:\\\/\\\/www.webdo.tn\\\/fr\\\/?s={search_term_string}\"},\"query-input\":{\"@type\":\"PropertyValueSpecification\",\"valueRequired\":true,\"valueName\":\"search_term_string\"}}],\"inLanguage\":\"fr-FR\"},{\"@type\":\"Organization\",\"@id\":\"https:\\\/\\\/www.webdo.tn\\\/fr\\\/#organization\",\"name\":\"Webdo\",\"alternateName\":\"Webdo.tn\",\"url\":\"https:\\\/\\\/www.webdo.tn\\\/fr\\\/\",\"logo\":{\"@type\":\"ImageObject\",\"inLanguage\":\"fr-FR\",\"@id\":\"https:\\\/\\\/www.webdo.tn\\\/fr\\\/#\\\/schema\\\/logo\\\/image\\\/\",\"url\":\"https:\\\/\\\/www.webdo.tn\\\/fr\\\/wp-content\\\/uploads\\\/2025\\\/06\\\/Webdo-Tunisie_168377.jpg\",\"contentUrl\":\"https:\\\/\\\/www.webdo.tn\\\/fr\\\/wp-content\\\/uploads\\\/2025\\\/06\\\/Webdo-Tunisie_168377.jpg\",\"width\":301,\"height\":301,\"caption\":\"Webdo\"},\"image\":{\"@id\":\"https:\\\/\\\/www.webdo.tn\\\/fr\\\/#\\\/schema\\\/logo\\\/image\\\/\"},\"sameAs\":[\"https:\\\/\\\/www.facebook.com\\\/webdotn\",\"https:\\\/\\\/x.com\\\/webdo_tn\"],\"description\":\"Webdo est un m\u00e9dia num\u00e9rique tunisien fond\u00e9 en 2010, sp\u00e9cialis\u00e9 dans l\u2019actualit\u00e9 nationale et internationale, l\u2019\u00e9conomie, la soci\u00e9t\u00e9 et les analyses politiques. Le site s\u2019adresse \u00e0 un large public francophone et couvre l\u2019information tunisienne en temps r\u00e9el.\",\"email\":\"redac@webdo.tn\",\"legalName\":\"YNJ SARL\",\"foundingDate\":\"2010-09-06\",\"numberOfEmployees\":{\"@type\":\"QuantitativeValue\",\"minValue\":\"11\",\"maxValue\":\"50\"}},{\"@type\":\"Person\",\"@id\":\"https:\\\/\\\/www.webdo.tn\\\/fr\\\/#\\\/schema\\\/person\\\/2c4929cbf5a809e3bd38617c6ce150f6\",\"name\":\"MC\",\"image\":{\"@type\":\"ImageObject\",\"inLanguage\":\"fr-FR\",\"@id\":\"https:\\\/\\\/secure.gravatar.com\\\/avatar\\\/a545bbb6f84efdd5553dbbc2895e3ca8f1d12c5215e00a041c9670b54aa9b18a?s=96&d=mm&r=g\",\"url\":\"https:\\\/\\\/secure.gravatar.com\\\/avatar\\\/a545bbb6f84efdd5553dbbc2895e3ca8f1d12c5215e00a041c9670b54aa9b18a?s=96&d=mm&r=g\",\"contentUrl\":\"https:\\\/\\\/secure.gravatar.com\\\/avatar\\\/a545bbb6f84efdd5553dbbc2895e3ca8f1d12c5215e00a041c9670b54aa9b18a?s=96&d=mm&r=g\",\"caption\":\"MC\"},\"url\":\"https:\\\/\\\/www.webdo.tn\\\/fr\\\/actualite\\\/author\\\/mc\\\/\"}]}<\/script>\n<!-- \/ Yoast SEO Premium plugin. -->","yoast_head_json":{"title":"Tunisie : D\u00e9tention prolong\u00e9e pour un homme d'affaires et un ancien DG d'une banque publique","description":"Un homme d'affaires et un ancien directeur g\u00e9n\u00e9ral de banque publique accus\u00e9s de falsification et de blanchiment d'argent. Le juge d'instruction prolonge leur i...","canonical":"https:\/\/www.webdo.tn\/fr\/actualite\/national\/tunisie-detention-prolongee-pour-un-homme-d-affaires-et-un-ancien-dg-d-une-banque-publique\/221116\/","og_locale":"fr_FR","og_type":"article","og_title":"Tunisie : D\u00e9tention prolong\u00e9e pour un homme d'affaires et un ancien DG d'une banque publique","og_description":"Un homme d'affaires et un ancien directeur g\u00e9n\u00e9ral de banque publique accus\u00e9s de falsification et de blanchiment d'argent. Le juge d'instruction prolonge leur i...","og_url":"https:\/\/www.webdo.tn\/fr\/actualite\/national\/tunisie-detention-prolongee-pour-un-homme-d-affaires-et-un-ancien-dg-d-une-banque-publique\/221116\/","og_site_name":"webdo","article_publisher":"https:\/\/www.facebook.com\/webdotn","article_published_time":"2025-04-10T13:14:00+00:00","article_modified_time":"2025-05-20T22:17:31+00:00","og_image":[{"width":680,"height":363,"url":"https:\/\/www.webdo.tn\/fr\/wp-content\/uploads\/2025\/04\/c55d0779f73402944dc1c2c862968627.webp","type":"image\/webp"}],"author":"MC","twitter_card":"summary_large_image","twitter_creator":"@webdo_tn","twitter_site":"@webdo_tn","twitter_misc":{"\u00c9crit par":"MC","Dur\u00e9e de lecture estim\u00e9e":"1 minute"},"schema":{"@context":"https:\/\/schema.org","@graph":[{"@type":"NewsArticle","@id":"https:\/\/www.webdo.tn\/fr\/actualite\/national\/tunisie-detention-prolongee-pour-un-homme-d-affaires-et-un-ancien-dg-d-une-banque-publique\/221116\/#article","isPartOf":{"@id":"https:\/\/www.webdo.tn\/fr\/actualite\/national\/tunisie-detention-prolongee-pour-un-homme-d-affaires-et-un-ancien-dg-d-une-banque-publique\/221116\/"},"author":{"name":"MC","@id":"https:\/\/www.webdo.tn\/fr\/#\/schema\/person\/2c4929cbf5a809e3bd38617c6ce150f6"},"headline":"Tunisie : D\u00e9tention prolong\u00e9e pour un homme d&rsquo;affaires et un ancien DG d&rsquo;une banque publique","datePublished":"2025-04-10T13:14:00+00:00","dateModified":"2025-05-20T22:17:31+00:00","mainEntityOfPage":{"@id":"https:\/\/www.webdo.tn\/fr\/actualite\/national\/tunisie-detention-prolongee-pour-un-homme-d-affaires-et-un-ancien-dg-d-une-banque-publique\/221116\/"},"wordCount":175,"commentCount":0,"publisher":{"@id":"https:\/\/www.webdo.tn\/fr\/#organization"},"image":{"@id":"https:\/\/www.webdo.tn\/fr\/actualite\/national\/tunisie-detention-prolongee-pour-un-homme-d-affaires-et-un-ancien-dg-d-une-banque-publique\/221116\/#primaryimage"},"thumbnailUrl":"https:\/\/www.webdo.tn\/fr\/wp-content\/uploads\/2025\/04\/c55d0779f73402944dc1c2c862968627.webp","keywords":["'d\u00e9tention pr\u00e9ventive']","Banque","Homme d'affaires","Tunisie"],"articleSection":["National"],"inLanguage":"fr-FR"},{"@type":"WebPage","@id":"https:\/\/www.webdo.tn\/fr\/actualite\/national\/tunisie-detention-prolongee-pour-un-homme-d-affaires-et-un-ancien-dg-d-une-banque-publique\/221116\/","url":"https:\/\/www.webdo.tn\/fr\/actualite\/national\/tunisie-detention-prolongee-pour-un-homme-d-affaires-et-un-ancien-dg-d-une-banque-publique\/221116\/","name":"Tunisie : D\u00e9tention prolong\u00e9e pour un homme d'affaires et un ancien DG d'une banque publique","isPartOf":{"@id":"https:\/\/www.webdo.tn\/fr\/#website"},"primaryImageOfPage":{"@id":"https:\/\/www.webdo.tn\/fr\/actualite\/national\/tunisie-detention-prolongee-pour-un-homme-d-affaires-et-un-ancien-dg-d-une-banque-publique\/221116\/#primaryimage"},"image":{"@id":"https:\/\/www.webdo.tn\/fr\/actualite\/national\/tunisie-detention-prolongee-pour-un-homme-d-affaires-et-un-ancien-dg-d-une-banque-publique\/221116\/#primaryimage"},"thumbnailUrl":"https:\/\/www.webdo.tn\/fr\/wp-content\/uploads\/2025\/04\/c55d0779f73402944dc1c2c862968627.webp","datePublished":"2025-04-10T13:14:00+00:00","dateModified":"2025-05-20T22:17:31+00:00","description":"Un homme d'affaires et un ancien directeur g\u00e9n\u00e9ral de banque publique accus\u00e9s de falsification et de blanchiment d'argent. Le juge d'instruction prolonge leur i...","breadcrumb":{"@id":"https:\/\/www.webdo.tn\/fr\/actualite\/national\/tunisie-detention-prolongee-pour-un-homme-d-affaires-et-un-ancien-dg-d-une-banque-publique\/221116\/#breadcrumb"},"inLanguage":"fr-FR","potentialAction":[{"@type":"ReadAction","target":["https:\/\/www.webdo.tn\/fr\/actualite\/national\/tunisie-detention-prolongee-pour-un-homme-d-affaires-et-un-ancien-dg-d-une-banque-publique\/221116\/"]}]},{"@type":"ImageObject","inLanguage":"fr-FR","@id":"https:\/\/www.webdo.tn\/fr\/actualite\/national\/tunisie-detention-prolongee-pour-un-homme-d-affaires-et-un-ancien-dg-d-une-banque-publique\/221116\/#primaryimage","url":"https:\/\/www.webdo.tn\/fr\/wp-content\/uploads\/2025\/04\/c55d0779f73402944dc1c2c862968627.webp","contentUrl":"https:\/\/www.webdo.tn\/fr\/wp-content\/uploads\/2025\/04\/c55d0779f73402944dc1c2c862968627.webp","width":680,"height":363,"caption":"Tunisie : D\u00e9tention prolong\u00e9e pour un homme d'affaires et un ancien DG d'une banque publique"},{"@type":"BreadcrumbList","@id":"https:\/\/www.webdo.tn\/fr\/actualite\/national\/tunisie-detention-prolongee-pour-un-homme-d-affaires-et-un-ancien-dg-d-une-banque-publique\/221116\/#breadcrumb","itemListElement":[{"@type":"ListItem","position":1,"name":"Accueil","item":"https:\/\/www.webdo.tn\/fr\/"},{"@type":"ListItem","position":2,"name":"Tunisie : D\u00e9tention prolong\u00e9e pour un homme d&rsquo;affaires et un ancien DG d&rsquo;une banque publique"}]},{"@type":"WebSite","@id":"https:\/\/www.webdo.tn\/fr\/#website","url":"https:\/\/www.webdo.tn\/fr\/","name":"webdo","description":"Tunisie - News en Tunisie et \u00e0 l&#039;international sur Webdo.tn","publisher":{"@id":"https:\/\/www.webdo.tn\/fr\/#organization"},"potentialAction":[{"@type":"SearchAction","target":{"@type":"EntryPoint","urlTemplate":"https:\/\/www.webdo.tn\/fr\/?s={search_term_string}"},"query-input":{"@type":"PropertyValueSpecification","valueRequired":true,"valueName":"search_term_string"}}],"inLanguage":"fr-FR"},{"@type":"Organization","@id":"https:\/\/www.webdo.tn\/fr\/#organization","name":"Webdo","alternateName":"Webdo.tn","url":"https:\/\/www.webdo.tn\/fr\/","logo":{"@type":"ImageObject","inLanguage":"fr-FR","@id":"https:\/\/www.webdo.tn\/fr\/#\/schema\/logo\/image\/","url":"https:\/\/www.webdo.tn\/fr\/wp-content\/uploads\/2025\/06\/Webdo-Tunisie_168377.jpg","contentUrl":"https:\/\/www.webdo.tn\/fr\/wp-content\/uploads\/2025\/06\/Webdo-Tunisie_168377.jpg","width":301,"height":301,"caption":"Webdo"},"image":{"@id":"https:\/\/www.webdo.tn\/fr\/#\/schema\/logo\/image\/"},"sameAs":["https:\/\/www.facebook.com\/webdotn","https:\/\/x.com\/webdo_tn"],"description":"Webdo est un m\u00e9dia num\u00e9rique tunisien fond\u00e9 en 2010, sp\u00e9cialis\u00e9 dans l\u2019actualit\u00e9 nationale et internationale, l\u2019\u00e9conomie, la soci\u00e9t\u00e9 et les analyses politiques. Le site s\u2019adresse \u00e0 un large public francophone et couvre l\u2019information tunisienne en temps r\u00e9el.","email":"redac@webdo.tn","legalName":"YNJ SARL","foundingDate":"2010-09-06","numberOfEmployees":{"@type":"QuantitativeValue","minValue":"11","maxValue":"50"}},{"@type":"Person","@id":"https:\/\/www.webdo.tn\/fr\/#\/schema\/person\/2c4929cbf5a809e3bd38617c6ce150f6","name":"MC","image":{"@type":"ImageObject","inLanguage":"fr-FR","@id":"https:\/\/secure.gravatar.com\/avatar\/a545bbb6f84efdd5553dbbc2895e3ca8f1d12c5215e00a041c9670b54aa9b18a?s=96&d=mm&r=g","url":"https:\/\/secure.gravatar.com\/avatar\/a545bbb6f84efdd5553dbbc2895e3ca8f1d12c5215e00a041c9670b54aa9b18a?s=96&d=mm&r=g","contentUrl":"https:\/\/secure.gravatar.com\/avatar\/a545bbb6f84efdd5553dbbc2895e3ca8f1d12c5215e00a041c9670b54aa9b18a?s=96&d=mm&r=g","caption":"MC"},"url":"https:\/\/www.webdo.tn\/fr\/actualite\/author\/mc\/"}]}},"_links":{"self":[{"href":"https:\/\/www.webdo.tn\/fr\/wp-json\/wp\/v2\/posts\/221116","targetHints":{"allow":["GET"]}}],"collection":[{"href":"https:\/\/www.webdo.tn\/fr\/wp-json\/wp\/v2\/posts"}],"about":[{"href":"https:\/\/www.webdo.tn\/fr\/wp-json\/wp\/v2\/types\/post"}],"author":[{"embeddable":true,"href":"https:\/\/www.webdo.tn\/fr\/wp-json\/wp\/v2\/users\/3162"}],"replies":[{"embeddable":true,"href":"https:\/\/www.webdo.tn\/fr\/wp-json\/wp\/v2\/comments?post=221116"}],"version-history":[{"count":0,"href":"https:\/\/www.webdo.tn\/fr\/wp-json\/wp\/v2\/posts\/221116\/revisions"}],"wp:featuredmedia":[{"embeddable":true,"href":"https:\/\/www.webdo.tn\/fr\/wp-json\/wp\/v2\/media\/292196"}],"wp:attachment":[{"href":"https:\/\/www.webdo.tn\/fr\/wp-json\/wp\/v2\/media?parent=221116"}],"wp:term":[{"taxonomy":"category","embeddable":true,"href":"https:\/\/www.webdo.tn\/fr\/wp-json\/wp\/v2\/categories?post=221116"},{"taxonomy":"post_tag","embeddable":true,"href":"https:\/\/www.webdo.tn\/fr\/wp-json\/wp\/v2\/tags?post=221116"}],"curies":[{"name":"wp","href":"https:\/\/api.w.org\/{rel}","templated":true}]}}