{"id":221109,"date":"2025-04-10T10:06:00","date_gmt":"2025-04-10T10:06:00","guid":{"rendered":"https:\/\/www.webdo.tn\/fr\/blog\/tunisie-affrontements-entre-migrants-subsahariens-un-mort-et-plusieurs-blesses\/221109\/"},"modified":"2025-05-20T22:17:29","modified_gmt":"2025-05-20T22:17:29","slug":"tunisie-affrontements-entre-migrants-subsahariens-un-mort-et-plusieurs-blesses","status":"publish","type":"post","link":"https:\/\/www.webdo.tn\/fr\/actualite\/national\/tunisie-affrontements-entre-migrants-subsahariens-un-mort-et-plusieurs-blesses\/221109\/","title":{"rendered":"Tunisie : Affrontements entre migrants subsahariens, un mort et plusieurs bless\u00e9s"},"content":{"rendered":"<p>Le d\u00e9put\u00e9 Tarek Mehdi a publi\u00e9, mercredi 9 avril 2025, une vid\u00e9o dans laquelle il r\u00e9v\u00e8le que des altercations sont survenues entre des migrants irr\u00e9guliers originaires de Guin\u00e9e Conakry et d\u2019autres de C\u00f4te d\u2019Ivoire.<\/p>\n<p>\t\t\t\t\t\t\t\t\tSelon le d\u00e9put\u00e9, les affrontements ont fait un mort et des dizaines de bless\u00e9s, avec l\u2019usage d\u2019armes blanches durant les heurts.<\/p>\n<p>Dans une d\u00e9claration, le d\u00e9put\u00e9 a pr\u00e9cis\u00e9 que les deux camps de migrants se trouvent dans la r\u00e9gion d\u2019El Amra, dans le gouvernorat de Sfax, non loin du lyc\u00e9e secondaire d\u2019El Amra.<\/p>\n<p>Il a ajout\u00e9 qu\u2019environ huit bless\u00e9s ont \u00e9t\u00e9 transport\u00e9s \u00e0 l\u2019h\u00f4pital, tout en affirmant avoir constat\u00e9 lui-m\u00eame plusieurs dizaines de bless\u00e9s lors de sa visite sur les lieux.<\/p>\n<p>Le d\u00e9put\u00e9 a \u00e9galement indiqu\u00e9 que la victime a \u00e9t\u00e9 retrouv\u00e9e pr\u00e8s d\u2019une mosqu\u00e9e dans les environs avant l\u2019intervention des autorit\u00e9s pour r\u00e9cup\u00e9rer le corps. Il a alert\u00e9 sur la gravit\u00e9 de la situation, soulignant la banalisation de l\u2019usage des armes blanches.<\/p>\n<p>Tarek Mehdi a enfin not\u00e9 qu\u2019il est devenu tr\u00e8s facile, selon lui, d\u2019utiliser ces armes \u00e0 des fins mettant en p\u00e9ril la s\u00e9curit\u00e9 des citoyens et du pays en Tunisie.<\/p>\n","protected":false},"excerpt":{"rendered":"<p>Affrontements violents entre migrants subsahariens \u00e0 Sfax, Tunisie, font un mort et plusieurs bless\u00e9s. Des armes blanches utilis\u00e9es et un climat de tension croi&#8230;<\/p>\n","protected":false},"author":3162,"featured_media":292191,"comment_status":"open","ping_status":"closed","sticky":false,"template":"","format":"standard","meta":{"footnotes":""},"categories":[44],"tags":[11163,3496,2894,2675,3377,2608],"class_list":["post-221109","post","type-post","status-publish","format-standard","has-post-thumbnail","hentry","category-national","tag-tarek-mehdi","tag-affrontements","tag-migrants","tag-sfax","tag-subsahariens","tag-tunisie"],"yoast_head":"<!-- This site is optimized with the Yoast SEO Premium plugin v27.4 (Yoast SEO v27.4) - https:\/\/yoast.com\/product\/yoast-seo-premium-wordpress\/ -->\n<title>Tunisie : Affrontements entre migrants subsahariens, un mort et plusieurs bless\u00e9s<\/title>\n<meta name=\"description\" content=\"Affrontements violents entre migrants subsahariens \u00e0 Sfax, Tunisie, font un mort et plusieurs bless\u00e9s. Des armes blanches utilis\u00e9es et un climat de tension croi...\" \/>\n<link rel=\"canonical\" href=\"https:\/\/www.webdo.tn\/fr\/actualite\/national\/tunisie-affrontements-entre-migrants-subsahariens-un-mort-et-plusieurs-blesses\/221109\/\" \/>\n<meta property=\"og:locale\" content=\"fr_FR\" \/>\n<meta property=\"og:type\" content=\"article\" \/>\n<meta property=\"og:title\" content=\"Tunisie : Affrontements entre migrants subsahariens, un mort et plusieurs bless\u00e9s\" \/>\n<meta property=\"og:description\" content=\"Affrontements violents entre migrants subsahariens \u00e0 Sfax, Tunisie, font un mort et plusieurs bless\u00e9s. Des armes blanches utilis\u00e9es et un climat de tension croi...\" \/>\n<meta property=\"og:url\" content=\"https:\/\/www.webdo.tn\/fr\/actualite\/national\/tunisie-affrontements-entre-migrants-subsahariens-un-mort-et-plusieurs-blesses\/221109\/\" \/>\n<meta property=\"og:site_name\" content=\"webdo\" \/>\n<meta property=\"article:publisher\" content=\"https:\/\/www.facebook.com\/webdotn\" \/>\n<meta property=\"article:published_time\" content=\"2025-04-10T10:06:00+00:00\" \/>\n<meta property=\"article:modified_time\" content=\"2025-05-20T22:17:29+00:00\" \/>\n<meta property=\"og:image\" content=\"https:\/\/www.webdo.tn\/fr\/wp-content\/uploads\/2025\/04\/a1796d9ff0af8725a00a3278a3ae382b.webp\" \/>\n\t<meta property=\"og:image:width\" content=\"750\" \/>\n\t<meta property=\"og:image:height\" content=\"400\" \/>\n\t<meta property=\"og:image:type\" content=\"image\/webp\" \/>\n<meta name=\"author\" content=\"MC\" \/>\n<meta name=\"twitter:card\" content=\"summary_large_image\" \/>\n<meta name=\"twitter:creator\" content=\"@webdo_tn\" \/>\n<meta name=\"twitter:site\" content=\"@webdo_tn\" \/>\n<meta name=\"twitter:label1\" content=\"\u00c9crit par\" \/>\n\t<meta name=\"twitter:data1\" content=\"MC\" \/>\n\t<meta name=\"twitter:label2\" content=\"Dur\u00e9e de lecture estim\u00e9e\" \/>\n\t<meta name=\"twitter:data2\" content=\"1 minute\" \/>\n<script type=\"application\/ld+json\" class=\"yoast-schema-graph\">{\"@context\":\"https:\\\/\\\/schema.org\",\"@graph\":[{\"@type\":\"NewsArticle\",\"@id\":\"https:\\\/\\\/www.webdo.tn\\\/fr\\\/actualite\\\/national\\\/tunisie-affrontements-entre-migrants-subsahariens-un-mort-et-plusieurs-blesses\\\/221109\\\/#article\",\"isPartOf\":{\"@id\":\"https:\\\/\\\/www.webdo.tn\\\/fr\\\/actualite\\\/national\\\/tunisie-affrontements-entre-migrants-subsahariens-un-mort-et-plusieurs-blesses\\\/221109\\\/\"},\"author\":{\"name\":\"MC\",\"@id\":\"https:\\\/\\\/www.webdo.tn\\\/fr\\\/#\\\/schema\\\/person\\\/2c4929cbf5a809e3bd38617c6ce150f6\"},\"headline\":\"Tunisie : Affrontements entre migrants subsahariens, un mort et plusieurs bless\u00e9s\",\"datePublished\":\"2025-04-10T10:06:00+00:00\",\"dateModified\":\"2025-05-20T22:17:29+00:00\",\"mainEntityOfPage\":{\"@id\":\"https:\\\/\\\/www.webdo.tn\\\/fr\\\/actualite\\\/national\\\/tunisie-affrontements-entre-migrants-subsahariens-un-mort-et-plusieurs-blesses\\\/221109\\\/\"},\"wordCount\":236,\"commentCount\":0,\"publisher\":{\"@id\":\"https:\\\/\\\/www.webdo.tn\\\/fr\\\/#organization\"},\"image\":{\"@id\":\"https:\\\/\\\/www.webdo.tn\\\/fr\\\/actualite\\\/national\\\/tunisie-affrontements-entre-migrants-subsahariens-un-mort-et-plusieurs-blesses\\\/221109\\\/#primaryimage\"},\"thumbnailUrl\":\"https:\\\/\\\/www.webdo.tn\\\/fr\\\/wp-content\\\/uploads\\\/2025\\\/04\\\/a1796d9ff0af8725a00a3278a3ae382b.webp\",\"keywords\":[\"'tarek mehdi']\",\"Affrontements\",\"migrants\",\"Sfax\",\"Subsahariens\",\"Tunisie\"],\"articleSection\":[\"National\"],\"inLanguage\":\"fr-FR\"},{\"@type\":\"WebPage\",\"@id\":\"https:\\\/\\\/www.webdo.tn\\\/fr\\\/actualite\\\/national\\\/tunisie-affrontements-entre-migrants-subsahariens-un-mort-et-plusieurs-blesses\\\/221109\\\/\",\"url\":\"https:\\\/\\\/www.webdo.tn\\\/fr\\\/actualite\\\/national\\\/tunisie-affrontements-entre-migrants-subsahariens-un-mort-et-plusieurs-blesses\\\/221109\\\/\",\"name\":\"Tunisie : Affrontements entre migrants subsahariens, un mort et plusieurs bless\u00e9s\",\"isPartOf\":{\"@id\":\"https:\\\/\\\/www.webdo.tn\\\/fr\\\/#website\"},\"primaryImageOfPage\":{\"@id\":\"https:\\\/\\\/www.webdo.tn\\\/fr\\\/actualite\\\/national\\\/tunisie-affrontements-entre-migrants-subsahariens-un-mort-et-plusieurs-blesses\\\/221109\\\/#primaryimage\"},\"image\":{\"@id\":\"https:\\\/\\\/www.webdo.tn\\\/fr\\\/actualite\\\/national\\\/tunisie-affrontements-entre-migrants-subsahariens-un-mort-et-plusieurs-blesses\\\/221109\\\/#primaryimage\"},\"thumbnailUrl\":\"https:\\\/\\\/www.webdo.tn\\\/fr\\\/wp-content\\\/uploads\\\/2025\\\/04\\\/a1796d9ff0af8725a00a3278a3ae382b.webp\",\"datePublished\":\"2025-04-10T10:06:00+00:00\",\"dateModified\":\"2025-05-20T22:17:29+00:00\",\"description\":\"Affrontements violents entre migrants subsahariens \u00e0 Sfax, Tunisie, font un mort et plusieurs bless\u00e9s. Des armes blanches utilis\u00e9es et un climat de tension croi...\",\"breadcrumb\":{\"@id\":\"https:\\\/\\\/www.webdo.tn\\\/fr\\\/actualite\\\/national\\\/tunisie-affrontements-entre-migrants-subsahariens-un-mort-et-plusieurs-blesses\\\/221109\\\/#breadcrumb\"},\"inLanguage\":\"fr-FR\",\"potentialAction\":[{\"@type\":\"ReadAction\",\"target\":[\"https:\\\/\\\/www.webdo.tn\\\/fr\\\/actualite\\\/national\\\/tunisie-affrontements-entre-migrants-subsahariens-un-mort-et-plusieurs-blesses\\\/221109\\\/\"]}]},{\"@type\":\"ImageObject\",\"inLanguage\":\"fr-FR\",\"@id\":\"https:\\\/\\\/www.webdo.tn\\\/fr\\\/actualite\\\/national\\\/tunisie-affrontements-entre-migrants-subsahariens-un-mort-et-plusieurs-blesses\\\/221109\\\/#primaryimage\",\"url\":\"https:\\\/\\\/www.webdo.tn\\\/fr\\\/wp-content\\\/uploads\\\/2025\\\/04\\\/a1796d9ff0af8725a00a3278a3ae382b.webp\",\"contentUrl\":\"https:\\\/\\\/www.webdo.tn\\\/fr\\\/wp-content\\\/uploads\\\/2025\\\/04\\\/a1796d9ff0af8725a00a3278a3ae382b.webp\",\"width\":750,\"height\":400,\"caption\":\"Tunisie : Affrontements entre migrants subsahariens, un mort et plusieurs bless\u00e9s\"},{\"@type\":\"BreadcrumbList\",\"@id\":\"https:\\\/\\\/www.webdo.tn\\\/fr\\\/actualite\\\/national\\\/tunisie-affrontements-entre-migrants-subsahariens-un-mort-et-plusieurs-blesses\\\/221109\\\/#breadcrumb\",\"itemListElement\":[{\"@type\":\"ListItem\",\"position\":1,\"name\":\"Accueil\",\"item\":\"https:\\\/\\\/www.webdo.tn\\\/fr\\\/\"},{\"@type\":\"ListItem\",\"position\":2,\"name\":\"Tunisie : Affrontements entre migrants subsahariens, un mort et plusieurs bless\u00e9s\"}]},{\"@type\":\"WebSite\",\"@id\":\"https:\\\/\\\/www.webdo.tn\\\/fr\\\/#website\",\"url\":\"https:\\\/\\\/www.webdo.tn\\\/fr\\\/\",\"name\":\"webdo\",\"description\":\"Tunisie - News en Tunisie et \u00e0 l&#039;international sur Webdo.tn\",\"publisher\":{\"@id\":\"https:\\\/\\\/www.webdo.tn\\\/fr\\\/#organization\"},\"potentialAction\":[{\"@type\":\"SearchAction\",\"target\":{\"@type\":\"EntryPoint\",\"urlTemplate\":\"https:\\\/\\\/www.webdo.tn\\\/fr\\\/?s={search_term_string}\"},\"query-input\":{\"@type\":\"PropertyValueSpecification\",\"valueRequired\":true,\"valueName\":\"search_term_string\"}}],\"inLanguage\":\"fr-FR\"},{\"@type\":\"Organization\",\"@id\":\"https:\\\/\\\/www.webdo.tn\\\/fr\\\/#organization\",\"name\":\"Webdo\",\"alternateName\":\"Webdo.tn\",\"url\":\"https:\\\/\\\/www.webdo.tn\\\/fr\\\/\",\"logo\":{\"@type\":\"ImageObject\",\"inLanguage\":\"fr-FR\",\"@id\":\"https:\\\/\\\/www.webdo.tn\\\/fr\\\/#\\\/schema\\\/logo\\\/image\\\/\",\"url\":\"https:\\\/\\\/www.webdo.tn\\\/fr\\\/wp-content\\\/uploads\\\/2025\\\/06\\\/Webdo-Tunisie_168377.jpg\",\"contentUrl\":\"https:\\\/\\\/www.webdo.tn\\\/fr\\\/wp-content\\\/uploads\\\/2025\\\/06\\\/Webdo-Tunisie_168377.jpg\",\"width\":301,\"height\":301,\"caption\":\"Webdo\"},\"image\":{\"@id\":\"https:\\\/\\\/www.webdo.tn\\\/fr\\\/#\\\/schema\\\/logo\\\/image\\\/\"},\"sameAs\":[\"https:\\\/\\\/www.facebook.com\\\/webdotn\",\"https:\\\/\\\/x.com\\\/webdo_tn\"],\"description\":\"Webdo est un m\u00e9dia num\u00e9rique tunisien fond\u00e9 en 2010, sp\u00e9cialis\u00e9 dans l\u2019actualit\u00e9 nationale et internationale, l\u2019\u00e9conomie, la soci\u00e9t\u00e9 et les analyses politiques. Le site s\u2019adresse \u00e0 un large public francophone et couvre l\u2019information tunisienne en temps r\u00e9el.\",\"email\":\"redac@webdo.tn\",\"legalName\":\"YNJ SARL\",\"foundingDate\":\"2010-09-06\",\"numberOfEmployees\":{\"@type\":\"QuantitativeValue\",\"minValue\":\"11\",\"maxValue\":\"50\"}},{\"@type\":\"Person\",\"@id\":\"https:\\\/\\\/www.webdo.tn\\\/fr\\\/#\\\/schema\\\/person\\\/2c4929cbf5a809e3bd38617c6ce150f6\",\"name\":\"MC\",\"image\":{\"@type\":\"ImageObject\",\"inLanguage\":\"fr-FR\",\"@id\":\"https:\\\/\\\/secure.gravatar.com\\\/avatar\\\/a545bbb6f84efdd5553dbbc2895e3ca8f1d12c5215e00a041c9670b54aa9b18a?s=96&d=mm&r=g\",\"url\":\"https:\\\/\\\/secure.gravatar.com\\\/avatar\\\/a545bbb6f84efdd5553dbbc2895e3ca8f1d12c5215e00a041c9670b54aa9b18a?s=96&d=mm&r=g\",\"contentUrl\":\"https:\\\/\\\/secure.gravatar.com\\\/avatar\\\/a545bbb6f84efdd5553dbbc2895e3ca8f1d12c5215e00a041c9670b54aa9b18a?s=96&d=mm&r=g\",\"caption\":\"MC\"},\"url\":\"https:\\\/\\\/www.webdo.tn\\\/fr\\\/actualite\\\/author\\\/mc\\\/\"}]}<\/script>\n<!-- \/ Yoast SEO Premium plugin. -->","yoast_head_json":{"title":"Tunisie : Affrontements entre migrants subsahariens, un mort et plusieurs bless\u00e9s","description":"Affrontements violents entre migrants subsahariens \u00e0 Sfax, Tunisie, font un mort et plusieurs bless\u00e9s. Des armes blanches utilis\u00e9es et un climat de tension croi...","canonical":"https:\/\/www.webdo.tn\/fr\/actualite\/national\/tunisie-affrontements-entre-migrants-subsahariens-un-mort-et-plusieurs-blesses\/221109\/","og_locale":"fr_FR","og_type":"article","og_title":"Tunisie : Affrontements entre migrants subsahariens, un mort et plusieurs bless\u00e9s","og_description":"Affrontements violents entre migrants subsahariens \u00e0 Sfax, Tunisie, font un mort et plusieurs bless\u00e9s. Des armes blanches utilis\u00e9es et un climat de tension croi...","og_url":"https:\/\/www.webdo.tn\/fr\/actualite\/national\/tunisie-affrontements-entre-migrants-subsahariens-un-mort-et-plusieurs-blesses\/221109\/","og_site_name":"webdo","article_publisher":"https:\/\/www.facebook.com\/webdotn","article_published_time":"2025-04-10T10:06:00+00:00","article_modified_time":"2025-05-20T22:17:29+00:00","og_image":[{"width":750,"height":400,"url":"https:\/\/www.webdo.tn\/fr\/wp-content\/uploads\/2025\/04\/a1796d9ff0af8725a00a3278a3ae382b.webp","type":"image\/webp"}],"author":"MC","twitter_card":"summary_large_image","twitter_creator":"@webdo_tn","twitter_site":"@webdo_tn","twitter_misc":{"\u00c9crit par":"MC","Dur\u00e9e de lecture estim\u00e9e":"1 minute"},"schema":{"@context":"https:\/\/schema.org","@graph":[{"@type":"NewsArticle","@id":"https:\/\/www.webdo.tn\/fr\/actualite\/national\/tunisie-affrontements-entre-migrants-subsahariens-un-mort-et-plusieurs-blesses\/221109\/#article","isPartOf":{"@id":"https:\/\/www.webdo.tn\/fr\/actualite\/national\/tunisie-affrontements-entre-migrants-subsahariens-un-mort-et-plusieurs-blesses\/221109\/"},"author":{"name":"MC","@id":"https:\/\/www.webdo.tn\/fr\/#\/schema\/person\/2c4929cbf5a809e3bd38617c6ce150f6"},"headline":"Tunisie : Affrontements entre migrants subsahariens, un mort et plusieurs bless\u00e9s","datePublished":"2025-04-10T10:06:00+00:00","dateModified":"2025-05-20T22:17:29+00:00","mainEntityOfPage":{"@id":"https:\/\/www.webdo.tn\/fr\/actualite\/national\/tunisie-affrontements-entre-migrants-subsahariens-un-mort-et-plusieurs-blesses\/221109\/"},"wordCount":236,"commentCount":0,"publisher":{"@id":"https:\/\/www.webdo.tn\/fr\/#organization"},"image":{"@id":"https:\/\/www.webdo.tn\/fr\/actualite\/national\/tunisie-affrontements-entre-migrants-subsahariens-un-mort-et-plusieurs-blesses\/221109\/#primaryimage"},"thumbnailUrl":"https:\/\/www.webdo.tn\/fr\/wp-content\/uploads\/2025\/04\/a1796d9ff0af8725a00a3278a3ae382b.webp","keywords":["'tarek mehdi']","Affrontements","migrants","Sfax","Subsahariens","Tunisie"],"articleSection":["National"],"inLanguage":"fr-FR"},{"@type":"WebPage","@id":"https:\/\/www.webdo.tn\/fr\/actualite\/national\/tunisie-affrontements-entre-migrants-subsahariens-un-mort-et-plusieurs-blesses\/221109\/","url":"https:\/\/www.webdo.tn\/fr\/actualite\/national\/tunisie-affrontements-entre-migrants-subsahariens-un-mort-et-plusieurs-blesses\/221109\/","name":"Tunisie : Affrontements entre migrants subsahariens, un mort et plusieurs bless\u00e9s","isPartOf":{"@id":"https:\/\/www.webdo.tn\/fr\/#website"},"primaryImageOfPage":{"@id":"https:\/\/www.webdo.tn\/fr\/actualite\/national\/tunisie-affrontements-entre-migrants-subsahariens-un-mort-et-plusieurs-blesses\/221109\/#primaryimage"},"image":{"@id":"https:\/\/www.webdo.tn\/fr\/actualite\/national\/tunisie-affrontements-entre-migrants-subsahariens-un-mort-et-plusieurs-blesses\/221109\/#primaryimage"},"thumbnailUrl":"https:\/\/www.webdo.tn\/fr\/wp-content\/uploads\/2025\/04\/a1796d9ff0af8725a00a3278a3ae382b.webp","datePublished":"2025-04-10T10:06:00+00:00","dateModified":"2025-05-20T22:17:29+00:00","description":"Affrontements violents entre migrants subsahariens \u00e0 Sfax, Tunisie, font un mort et plusieurs bless\u00e9s. Des armes blanches utilis\u00e9es et un climat de tension croi...","breadcrumb":{"@id":"https:\/\/www.webdo.tn\/fr\/actualite\/national\/tunisie-affrontements-entre-migrants-subsahariens-un-mort-et-plusieurs-blesses\/221109\/#breadcrumb"},"inLanguage":"fr-FR","potentialAction":[{"@type":"ReadAction","target":["https:\/\/www.webdo.tn\/fr\/actualite\/national\/tunisie-affrontements-entre-migrants-subsahariens-un-mort-et-plusieurs-blesses\/221109\/"]}]},{"@type":"ImageObject","inLanguage":"fr-FR","@id":"https:\/\/www.webdo.tn\/fr\/actualite\/national\/tunisie-affrontements-entre-migrants-subsahariens-un-mort-et-plusieurs-blesses\/221109\/#primaryimage","url":"https:\/\/www.webdo.tn\/fr\/wp-content\/uploads\/2025\/04\/a1796d9ff0af8725a00a3278a3ae382b.webp","contentUrl":"https:\/\/www.webdo.tn\/fr\/wp-content\/uploads\/2025\/04\/a1796d9ff0af8725a00a3278a3ae382b.webp","width":750,"height":400,"caption":"Tunisie : Affrontements entre migrants subsahariens, un mort et plusieurs bless\u00e9s"},{"@type":"BreadcrumbList","@id":"https:\/\/www.webdo.tn\/fr\/actualite\/national\/tunisie-affrontements-entre-migrants-subsahariens-un-mort-et-plusieurs-blesses\/221109\/#breadcrumb","itemListElement":[{"@type":"ListItem","position":1,"name":"Accueil","item":"https:\/\/www.webdo.tn\/fr\/"},{"@type":"ListItem","position":2,"name":"Tunisie : Affrontements entre migrants subsahariens, un mort et plusieurs bless\u00e9s"}]},{"@type":"WebSite","@id":"https:\/\/www.webdo.tn\/fr\/#website","url":"https:\/\/www.webdo.tn\/fr\/","name":"webdo","description":"Tunisie - News en Tunisie et \u00e0 l&#039;international sur Webdo.tn","publisher":{"@id":"https:\/\/www.webdo.tn\/fr\/#organization"},"potentialAction":[{"@type":"SearchAction","target":{"@type":"EntryPoint","urlTemplate":"https:\/\/www.webdo.tn\/fr\/?s={search_term_string}"},"query-input":{"@type":"PropertyValueSpecification","valueRequired":true,"valueName":"search_term_string"}}],"inLanguage":"fr-FR"},{"@type":"Organization","@id":"https:\/\/www.webdo.tn\/fr\/#organization","name":"Webdo","alternateName":"Webdo.tn","url":"https:\/\/www.webdo.tn\/fr\/","logo":{"@type":"ImageObject","inLanguage":"fr-FR","@id":"https:\/\/www.webdo.tn\/fr\/#\/schema\/logo\/image\/","url":"https:\/\/www.webdo.tn\/fr\/wp-content\/uploads\/2025\/06\/Webdo-Tunisie_168377.jpg","contentUrl":"https:\/\/www.webdo.tn\/fr\/wp-content\/uploads\/2025\/06\/Webdo-Tunisie_168377.jpg","width":301,"height":301,"caption":"Webdo"},"image":{"@id":"https:\/\/www.webdo.tn\/fr\/#\/schema\/logo\/image\/"},"sameAs":["https:\/\/www.facebook.com\/webdotn","https:\/\/x.com\/webdo_tn"],"description":"Webdo est un m\u00e9dia num\u00e9rique tunisien fond\u00e9 en 2010, sp\u00e9cialis\u00e9 dans l\u2019actualit\u00e9 nationale et internationale, l\u2019\u00e9conomie, la soci\u00e9t\u00e9 et les analyses politiques. Le site s\u2019adresse \u00e0 un large public francophone et couvre l\u2019information tunisienne en temps r\u00e9el.","email":"redac@webdo.tn","legalName":"YNJ SARL","foundingDate":"2010-09-06","numberOfEmployees":{"@type":"QuantitativeValue","minValue":"11","maxValue":"50"}},{"@type":"Person","@id":"https:\/\/www.webdo.tn\/fr\/#\/schema\/person\/2c4929cbf5a809e3bd38617c6ce150f6","name":"MC","image":{"@type":"ImageObject","inLanguage":"fr-FR","@id":"https:\/\/secure.gravatar.com\/avatar\/a545bbb6f84efdd5553dbbc2895e3ca8f1d12c5215e00a041c9670b54aa9b18a?s=96&d=mm&r=g","url":"https:\/\/secure.gravatar.com\/avatar\/a545bbb6f84efdd5553dbbc2895e3ca8f1d12c5215e00a041c9670b54aa9b18a?s=96&d=mm&r=g","contentUrl":"https:\/\/secure.gravatar.com\/avatar\/a545bbb6f84efdd5553dbbc2895e3ca8f1d12c5215e00a041c9670b54aa9b18a?s=96&d=mm&r=g","caption":"MC"},"url":"https:\/\/www.webdo.tn\/fr\/actualite\/author\/mc\/"}]}},"_links":{"self":[{"href":"https:\/\/www.webdo.tn\/fr\/wp-json\/wp\/v2\/posts\/221109","targetHints":{"allow":["GET"]}}],"collection":[{"href":"https:\/\/www.webdo.tn\/fr\/wp-json\/wp\/v2\/posts"}],"about":[{"href":"https:\/\/www.webdo.tn\/fr\/wp-json\/wp\/v2\/types\/post"}],"author":[{"embeddable":true,"href":"https:\/\/www.webdo.tn\/fr\/wp-json\/wp\/v2\/users\/3162"}],"replies":[{"embeddable":true,"href":"https:\/\/www.webdo.tn\/fr\/wp-json\/wp\/v2\/comments?post=221109"}],"version-history":[{"count":0,"href":"https:\/\/www.webdo.tn\/fr\/wp-json\/wp\/v2\/posts\/221109\/revisions"}],"wp:featuredmedia":[{"embeddable":true,"href":"https:\/\/www.webdo.tn\/fr\/wp-json\/wp\/v2\/media\/292191"}],"wp:attachment":[{"href":"https:\/\/www.webdo.tn\/fr\/wp-json\/wp\/v2\/media?parent=221109"}],"wp:term":[{"taxonomy":"category","embeddable":true,"href":"https:\/\/www.webdo.tn\/fr\/wp-json\/wp\/v2\/categories?post=221109"},{"taxonomy":"post_tag","embeddable":true,"href":"https:\/\/www.webdo.tn\/fr\/wp-json\/wp\/v2\/tags?post=221109"}],"curies":[{"name":"wp","href":"https:\/\/api.w.org\/{rel}","templated":true}]}}