{"id":221036,"date":"2025-04-06T15:21:00","date_gmt":"2025-04-06T15:21:00","guid":{"rendered":"https:\/\/www.webdo.tn\/fr\/blog\/ons-jabeur-relance-sa-saison-au-tournoi-de-stuttgart\/221036\/"},"modified":"2025-05-21T09:09:21","modified_gmt":"2025-05-21T09:09:21","slug":"ons-jabeur-relance-sa-saison-au-tournoi-de-stuttgart","status":"publish","type":"post","link":"https:\/\/www.webdo.tn\/fr\/actualite\/sport\/ons-jabeur-relance-sa-saison-au-tournoi-de-stuttgart\/221036\/","title":{"rendered":"Ons Jabeur relance sa saison au tournoi de Stuttgart"},"content":{"rendered":"<p>Apr\u00e8s un retrait impos\u00e9 par une blessure, Ons Jabeur s\u2019appr\u00eate \u00e0 renouer avec la comp\u00e9tition. La Tunisienne fera son retour sur le circuit \u00e0 l\u2019occasion du tournoi WTA 500 de Stuttgart, qui se tiendra du 14 au 21 avril 2025 sur terre battue.<\/p>\n<p>\t\t\t\t\t\t\t\t\tAbsente depuis son abandon au troisi\u00e8me tour du tournoi de Miami, le 22 mars dernier, face \u00e0 l\u2019Italienne Jasmine Paolini, Jabeur avait \u00e9t\u00e9 contrainte de se retirer en raison d\u2019une douleur \u00e0 la jambe caus\u00e9e par une fatigue musculaire. Cet incident avait interrompu une saison d\u00e9j\u00e0 marqu\u00e9e par les al\u00e9as physiques.<\/p>\n<p>Class\u00e9e actuellement 29e mondiale, la joueuse de 30 ans retrouvera un plateau particuli\u00e8rement relev\u00e9 en Allemagne. Huit des dix meilleures joueuses du classement WTA seront au rendez-vous, dont la Bi\u00e9lorusse Aryna Sabalenka, num\u00e9ro 1 mondiale, et la Polonaise Iga \u015awi\u0105tek, sa poursuivante directe.<\/p>\n<p>Le tournoi de Stuttgart, pris\u00e9 pour sa surface en terre battue et sa proximit\u00e9 avec Roland-Garros, est consid\u00e9r\u00e9 comme une \u00e9tape cruciale dans la pr\u00e9paration \u00e0 la saison des grands rendez-vous. Pour Jabeur, ce retour \u00e0 la comp\u00e9tition repr\u00e9sente autant un d\u00e9fi qu\u2019un nouveau d\u00e9part.<\/p>\n","protected":false},"excerpt":{"rendered":"<p>Ons Jabeur fera son retour \u00e0 la comp\u00e9tition lors du tournoi WTA 500 de Stuttgart, apr\u00e8s une blessure survenue \u00e0 Miami. Un rendez-vous cl\u00e9 avant Roland-Garros.<\/p>\n","protected":false},"author":3166,"featured_media":292174,"comment_status":"open","ping_status":"closed","sticky":false,"template":"","format":"standard","meta":{"footnotes":""},"categories":[2593],"tags":[2604,6660,2605,2691],"class_list":["post-221036","post","type-post","status-publish","format-standard","has-post-thumbnail","hentry","category-sport","tag-ons-jabeur","tag-stuttgart","tag-tennis","tag-wta"],"yoast_head":"<!-- This site is optimized with the Yoast SEO Premium plugin v27.5 (Yoast SEO v27.5) - https:\/\/yoast.com\/product\/yoast-seo-premium-wordpress\/ -->\n<title>Ons Jabeur relance sa saison au tournoi de Stuttgart<\/title>\n<meta name=\"description\" content=\"Ons Jabeur fera son retour \u00e0 la comp\u00e9tition lors du tournoi WTA 500 de Stuttgart, apr\u00e8s une blessure survenue \u00e0 Miami. Un rendez-vous cl\u00e9 avant Roland-Garros.\" \/>\n<link rel=\"canonical\" href=\"https:\/\/www.webdo.tn\/fr\/actualite\/sport\/ons-jabeur-relance-sa-saison-au-tournoi-de-stuttgart\/221036\/\" \/>\n<meta property=\"og:locale\" content=\"fr_FR\" \/>\n<meta property=\"og:type\" content=\"article\" \/>\n<meta property=\"og:title\" content=\"Ons Jabeur relance sa saison au tournoi de Stuttgart\" \/>\n<meta property=\"og:description\" content=\"Ons Jabeur fera son retour \u00e0 la comp\u00e9tition lors du tournoi WTA 500 de Stuttgart, apr\u00e8s une blessure survenue \u00e0 Miami. Un rendez-vous cl\u00e9 avant Roland-Garros.\" \/>\n<meta property=\"og:url\" content=\"https:\/\/www.webdo.tn\/fr\/actualite\/sport\/ons-jabeur-relance-sa-saison-au-tournoi-de-stuttgart\/221036\/\" \/>\n<meta property=\"og:site_name\" content=\"webdo\" \/>\n<meta property=\"article:publisher\" content=\"https:\/\/www.facebook.com\/webdotn\" \/>\n<meta property=\"article:published_time\" content=\"2025-04-06T15:21:00+00:00\" \/>\n<meta property=\"article:modified_time\" content=\"2025-05-21T09:09:21+00:00\" \/>\n<meta property=\"og:image\" content=\"https:\/\/www.webdo.tn\/fr\/wp-content\/uploads\/2025\/04\/48ae5c4e78addc567dcc746310806c93.webp\" \/>\n\t<meta property=\"og:image:width\" content=\"750\" \/>\n\t<meta property=\"og:image:height\" content=\"400\" \/>\n\t<meta property=\"og:image:type\" content=\"image\/webp\" \/>\n<meta name=\"author\" content=\"AZ\" \/>\n<meta name=\"twitter:card\" content=\"summary_large_image\" \/>\n<meta name=\"twitter:creator\" content=\"@webdo_tn\" \/>\n<meta name=\"twitter:site\" content=\"@webdo_tn\" \/>\n<meta name=\"twitter:label1\" content=\"\u00c9crit par\" \/>\n\t<meta name=\"twitter:data1\" content=\"AZ\" \/>\n\t<meta name=\"twitter:label2\" content=\"Dur\u00e9e de lecture estim\u00e9e\" \/>\n\t<meta name=\"twitter:data2\" content=\"1 minute\" \/>\n<script type=\"application\/ld+json\" class=\"yoast-schema-graph\">{\"@context\":\"https:\\\/\\\/schema.org\",\"@graph\":[{\"@type\":\"NewsArticle\",\"@id\":\"https:\\\/\\\/www.webdo.tn\\\/fr\\\/actualite\\\/sport\\\/ons-jabeur-relance-sa-saison-au-tournoi-de-stuttgart\\\/221036\\\/#article\",\"isPartOf\":{\"@id\":\"https:\\\/\\\/www.webdo.tn\\\/fr\\\/actualite\\\/sport\\\/ons-jabeur-relance-sa-saison-au-tournoi-de-stuttgart\\\/221036\\\/\"},\"author\":{\"name\":\"AZ\",\"@id\":\"https:\\\/\\\/www.webdo.tn\\\/fr\\\/#\\\/schema\\\/person\\\/b8a41c04d93287d375510db360906b34\"},\"headline\":\"Ons Jabeur relance sa saison au tournoi de Stuttgart\",\"datePublished\":\"2025-04-06T15:21:00+00:00\",\"dateModified\":\"2025-05-21T09:09:21+00:00\",\"mainEntityOfPage\":{\"@id\":\"https:\\\/\\\/www.webdo.tn\\\/fr\\\/actualite\\\/sport\\\/ons-jabeur-relance-sa-saison-au-tournoi-de-stuttgart\\\/221036\\\/\"},\"wordCount\":202,\"commentCount\":0,\"publisher\":{\"@id\":\"https:\\\/\\\/www.webdo.tn\\\/fr\\\/#organization\"},\"image\":{\"@id\":\"https:\\\/\\\/www.webdo.tn\\\/fr\\\/actualite\\\/sport\\\/ons-jabeur-relance-sa-saison-au-tournoi-de-stuttgart\\\/221036\\\/#primaryimage\"},\"thumbnailUrl\":\"https:\\\/\\\/www.webdo.tn\\\/fr\\\/wp-content\\\/uploads\\\/2025\\\/04\\\/48ae5c4e78addc567dcc746310806c93.webp\",\"keywords\":[\"Ons Jabeur\",\"stuttgart\",\"tennis\",\"WTA\"],\"articleSection\":[\"Sport\"],\"inLanguage\":\"fr-FR\"},{\"@type\":\"WebPage\",\"@id\":\"https:\\\/\\\/www.webdo.tn\\\/fr\\\/actualite\\\/sport\\\/ons-jabeur-relance-sa-saison-au-tournoi-de-stuttgart\\\/221036\\\/\",\"url\":\"https:\\\/\\\/www.webdo.tn\\\/fr\\\/actualite\\\/sport\\\/ons-jabeur-relance-sa-saison-au-tournoi-de-stuttgart\\\/221036\\\/\",\"name\":\"Ons Jabeur relance sa saison au tournoi de Stuttgart\",\"isPartOf\":{\"@id\":\"https:\\\/\\\/www.webdo.tn\\\/fr\\\/#website\"},\"primaryImageOfPage\":{\"@id\":\"https:\\\/\\\/www.webdo.tn\\\/fr\\\/actualite\\\/sport\\\/ons-jabeur-relance-sa-saison-au-tournoi-de-stuttgart\\\/221036\\\/#primaryimage\"},\"image\":{\"@id\":\"https:\\\/\\\/www.webdo.tn\\\/fr\\\/actualite\\\/sport\\\/ons-jabeur-relance-sa-saison-au-tournoi-de-stuttgart\\\/221036\\\/#primaryimage\"},\"thumbnailUrl\":\"https:\\\/\\\/www.webdo.tn\\\/fr\\\/wp-content\\\/uploads\\\/2025\\\/04\\\/48ae5c4e78addc567dcc746310806c93.webp\",\"datePublished\":\"2025-04-06T15:21:00+00:00\",\"dateModified\":\"2025-05-21T09:09:21+00:00\",\"description\":\"Ons Jabeur fera son retour \u00e0 la comp\u00e9tition lors du tournoi WTA 500 de Stuttgart, apr\u00e8s une blessure survenue \u00e0 Miami. Un rendez-vous cl\u00e9 avant Roland-Garros.\",\"breadcrumb\":{\"@id\":\"https:\\\/\\\/www.webdo.tn\\\/fr\\\/actualite\\\/sport\\\/ons-jabeur-relance-sa-saison-au-tournoi-de-stuttgart\\\/221036\\\/#breadcrumb\"},\"inLanguage\":\"fr-FR\",\"potentialAction\":[{\"@type\":\"ReadAction\",\"target\":[\"https:\\\/\\\/www.webdo.tn\\\/fr\\\/actualite\\\/sport\\\/ons-jabeur-relance-sa-saison-au-tournoi-de-stuttgart\\\/221036\\\/\"]}]},{\"@type\":\"ImageObject\",\"inLanguage\":\"fr-FR\",\"@id\":\"https:\\\/\\\/www.webdo.tn\\\/fr\\\/actualite\\\/sport\\\/ons-jabeur-relance-sa-saison-au-tournoi-de-stuttgart\\\/221036\\\/#primaryimage\",\"url\":\"https:\\\/\\\/www.webdo.tn\\\/fr\\\/wp-content\\\/uploads\\\/2025\\\/04\\\/48ae5c4e78addc567dcc746310806c93.webp\",\"contentUrl\":\"https:\\\/\\\/www.webdo.tn\\\/fr\\\/wp-content\\\/uploads\\\/2025\\\/04\\\/48ae5c4e78addc567dcc746310806c93.webp\",\"width\":750,\"height\":400,\"caption\":\"Ons Jabeur relance sa saison au tournoi de Stuttgart\"},{\"@type\":\"BreadcrumbList\",\"@id\":\"https:\\\/\\\/www.webdo.tn\\\/fr\\\/actualite\\\/sport\\\/ons-jabeur-relance-sa-saison-au-tournoi-de-stuttgart\\\/221036\\\/#breadcrumb\",\"itemListElement\":[{\"@type\":\"ListItem\",\"position\":1,\"name\":\"Accueil\",\"item\":\"https:\\\/\\\/www.webdo.tn\\\/fr\\\/\"},{\"@type\":\"ListItem\",\"position\":2,\"name\":\"Ons Jabeur relance sa saison au tournoi de Stuttgart\"}]},{\"@type\":\"WebSite\",\"@id\":\"https:\\\/\\\/www.webdo.tn\\\/fr\\\/#website\",\"url\":\"https:\\\/\\\/www.webdo.tn\\\/fr\\\/\",\"name\":\"webdo\",\"description\":\"Tunisie - News en Tunisie et \u00e0 l&#039;international sur Webdo.tn\",\"publisher\":{\"@id\":\"https:\\\/\\\/www.webdo.tn\\\/fr\\\/#organization\"},\"potentialAction\":[{\"@type\":\"SearchAction\",\"target\":{\"@type\":\"EntryPoint\",\"urlTemplate\":\"https:\\\/\\\/www.webdo.tn\\\/fr\\\/?s={search_term_string}\"},\"query-input\":{\"@type\":\"PropertyValueSpecification\",\"valueRequired\":true,\"valueName\":\"search_term_string\"}}],\"inLanguage\":\"fr-FR\"},{\"@type\":\"Organization\",\"@id\":\"https:\\\/\\\/www.webdo.tn\\\/fr\\\/#organization\",\"name\":\"Webdo\",\"alternateName\":\"Webdo.tn\",\"url\":\"https:\\\/\\\/www.webdo.tn\\\/fr\\\/\",\"logo\":{\"@type\":\"ImageObject\",\"inLanguage\":\"fr-FR\",\"@id\":\"https:\\\/\\\/www.webdo.tn\\\/fr\\\/#\\\/schema\\\/logo\\\/image\\\/\",\"url\":\"https:\\\/\\\/www.webdo.tn\\\/fr\\\/wp-content\\\/uploads\\\/2025\\\/06\\\/Webdo-Tunisie_168377.jpg\",\"contentUrl\":\"https:\\\/\\\/www.webdo.tn\\\/fr\\\/wp-content\\\/uploads\\\/2025\\\/06\\\/Webdo-Tunisie_168377.jpg\",\"width\":301,\"height\":301,\"caption\":\"Webdo\"},\"image\":{\"@id\":\"https:\\\/\\\/www.webdo.tn\\\/fr\\\/#\\\/schema\\\/logo\\\/image\\\/\"},\"sameAs\":[\"https:\\\/\\\/www.facebook.com\\\/webdotn\",\"https:\\\/\\\/x.com\\\/webdo_tn\"],\"description\":\"Webdo est un m\u00e9dia num\u00e9rique tunisien fond\u00e9 en 2010, sp\u00e9cialis\u00e9 dans l\u2019actualit\u00e9 nationale et internationale, l\u2019\u00e9conomie, la soci\u00e9t\u00e9 et les analyses politiques. Le site s\u2019adresse \u00e0 un large public francophone et couvre l\u2019information tunisienne en temps r\u00e9el.\",\"email\":\"redac@webdo.tn\",\"legalName\":\"YNJ SARL\",\"foundingDate\":\"2010-09-06\",\"numberOfEmployees\":{\"@type\":\"QuantitativeValue\",\"minValue\":\"11\",\"maxValue\":\"50\"}},{\"@type\":\"Person\",\"@id\":\"https:\\\/\\\/www.webdo.tn\\\/fr\\\/#\\\/schema\\\/person\\\/b8a41c04d93287d375510db360906b34\",\"name\":\"AZ\",\"image\":{\"@type\":\"ImageObject\",\"inLanguage\":\"fr-FR\",\"@id\":\"https:\\\/\\\/secure.gravatar.com\\\/avatar\\\/492b80bada79439de4201dce15cd41eece6c277cfdf1b53382073c79105c1f89?s=96&d=mm&r=g\",\"url\":\"https:\\\/\\\/secure.gravatar.com\\\/avatar\\\/492b80bada79439de4201dce15cd41eece6c277cfdf1b53382073c79105c1f89?s=96&d=mm&r=g\",\"contentUrl\":\"https:\\\/\\\/secure.gravatar.com\\\/avatar\\\/492b80bada79439de4201dce15cd41eece6c277cfdf1b53382073c79105c1f89?s=96&d=mm&r=g\",\"caption\":\"AZ\"},\"url\":\"https:\\\/\\\/www.webdo.tn\\\/fr\\\/actualite\\\/author\\\/az\\\/\"}]}<\/script>\n<!-- \/ Yoast SEO Premium plugin. -->","yoast_head_json":{"title":"Ons Jabeur relance sa saison au tournoi de Stuttgart","description":"Ons Jabeur fera son retour \u00e0 la comp\u00e9tition lors du tournoi WTA 500 de Stuttgart, apr\u00e8s une blessure survenue \u00e0 Miami. Un rendez-vous cl\u00e9 avant Roland-Garros.","canonical":"https:\/\/www.webdo.tn\/fr\/actualite\/sport\/ons-jabeur-relance-sa-saison-au-tournoi-de-stuttgart\/221036\/","og_locale":"fr_FR","og_type":"article","og_title":"Ons Jabeur relance sa saison au tournoi de Stuttgart","og_description":"Ons Jabeur fera son retour \u00e0 la comp\u00e9tition lors du tournoi WTA 500 de Stuttgart, apr\u00e8s une blessure survenue \u00e0 Miami. Un rendez-vous cl\u00e9 avant Roland-Garros.","og_url":"https:\/\/www.webdo.tn\/fr\/actualite\/sport\/ons-jabeur-relance-sa-saison-au-tournoi-de-stuttgart\/221036\/","og_site_name":"webdo","article_publisher":"https:\/\/www.facebook.com\/webdotn","article_published_time":"2025-04-06T15:21:00+00:00","article_modified_time":"2025-05-21T09:09:21+00:00","og_image":[{"width":750,"height":400,"url":"https:\/\/www.webdo.tn\/fr\/wp-content\/uploads\/2025\/04\/48ae5c4e78addc567dcc746310806c93.webp","type":"image\/webp"}],"author":"AZ","twitter_card":"summary_large_image","twitter_creator":"@webdo_tn","twitter_site":"@webdo_tn","twitter_misc":{"\u00c9crit par":"AZ","Dur\u00e9e de lecture estim\u00e9e":"1 minute"},"schema":{"@context":"https:\/\/schema.org","@graph":[{"@type":"NewsArticle","@id":"https:\/\/www.webdo.tn\/fr\/actualite\/sport\/ons-jabeur-relance-sa-saison-au-tournoi-de-stuttgart\/221036\/#article","isPartOf":{"@id":"https:\/\/www.webdo.tn\/fr\/actualite\/sport\/ons-jabeur-relance-sa-saison-au-tournoi-de-stuttgart\/221036\/"},"author":{"name":"AZ","@id":"https:\/\/www.webdo.tn\/fr\/#\/schema\/person\/b8a41c04d93287d375510db360906b34"},"headline":"Ons Jabeur relance sa saison au tournoi de Stuttgart","datePublished":"2025-04-06T15:21:00+00:00","dateModified":"2025-05-21T09:09:21+00:00","mainEntityOfPage":{"@id":"https:\/\/www.webdo.tn\/fr\/actualite\/sport\/ons-jabeur-relance-sa-saison-au-tournoi-de-stuttgart\/221036\/"},"wordCount":202,"commentCount":0,"publisher":{"@id":"https:\/\/www.webdo.tn\/fr\/#organization"},"image":{"@id":"https:\/\/www.webdo.tn\/fr\/actualite\/sport\/ons-jabeur-relance-sa-saison-au-tournoi-de-stuttgart\/221036\/#primaryimage"},"thumbnailUrl":"https:\/\/www.webdo.tn\/fr\/wp-content\/uploads\/2025\/04\/48ae5c4e78addc567dcc746310806c93.webp","keywords":["Ons Jabeur","stuttgart","tennis","WTA"],"articleSection":["Sport"],"inLanguage":"fr-FR"},{"@type":"WebPage","@id":"https:\/\/www.webdo.tn\/fr\/actualite\/sport\/ons-jabeur-relance-sa-saison-au-tournoi-de-stuttgart\/221036\/","url":"https:\/\/www.webdo.tn\/fr\/actualite\/sport\/ons-jabeur-relance-sa-saison-au-tournoi-de-stuttgart\/221036\/","name":"Ons Jabeur relance sa saison au tournoi de Stuttgart","isPartOf":{"@id":"https:\/\/www.webdo.tn\/fr\/#website"},"primaryImageOfPage":{"@id":"https:\/\/www.webdo.tn\/fr\/actualite\/sport\/ons-jabeur-relance-sa-saison-au-tournoi-de-stuttgart\/221036\/#primaryimage"},"image":{"@id":"https:\/\/www.webdo.tn\/fr\/actualite\/sport\/ons-jabeur-relance-sa-saison-au-tournoi-de-stuttgart\/221036\/#primaryimage"},"thumbnailUrl":"https:\/\/www.webdo.tn\/fr\/wp-content\/uploads\/2025\/04\/48ae5c4e78addc567dcc746310806c93.webp","datePublished":"2025-04-06T15:21:00+00:00","dateModified":"2025-05-21T09:09:21+00:00","description":"Ons Jabeur fera son retour \u00e0 la comp\u00e9tition lors du tournoi WTA 500 de Stuttgart, apr\u00e8s une blessure survenue \u00e0 Miami. Un rendez-vous cl\u00e9 avant Roland-Garros.","breadcrumb":{"@id":"https:\/\/www.webdo.tn\/fr\/actualite\/sport\/ons-jabeur-relance-sa-saison-au-tournoi-de-stuttgart\/221036\/#breadcrumb"},"inLanguage":"fr-FR","potentialAction":[{"@type":"ReadAction","target":["https:\/\/www.webdo.tn\/fr\/actualite\/sport\/ons-jabeur-relance-sa-saison-au-tournoi-de-stuttgart\/221036\/"]}]},{"@type":"ImageObject","inLanguage":"fr-FR","@id":"https:\/\/www.webdo.tn\/fr\/actualite\/sport\/ons-jabeur-relance-sa-saison-au-tournoi-de-stuttgart\/221036\/#primaryimage","url":"https:\/\/www.webdo.tn\/fr\/wp-content\/uploads\/2025\/04\/48ae5c4e78addc567dcc746310806c93.webp","contentUrl":"https:\/\/www.webdo.tn\/fr\/wp-content\/uploads\/2025\/04\/48ae5c4e78addc567dcc746310806c93.webp","width":750,"height":400,"caption":"Ons Jabeur relance sa saison au tournoi de Stuttgart"},{"@type":"BreadcrumbList","@id":"https:\/\/www.webdo.tn\/fr\/actualite\/sport\/ons-jabeur-relance-sa-saison-au-tournoi-de-stuttgart\/221036\/#breadcrumb","itemListElement":[{"@type":"ListItem","position":1,"name":"Accueil","item":"https:\/\/www.webdo.tn\/fr\/"},{"@type":"ListItem","position":2,"name":"Ons Jabeur relance sa saison au tournoi de Stuttgart"}]},{"@type":"WebSite","@id":"https:\/\/www.webdo.tn\/fr\/#website","url":"https:\/\/www.webdo.tn\/fr\/","name":"webdo","description":"Tunisie - News en Tunisie et \u00e0 l&#039;international sur Webdo.tn","publisher":{"@id":"https:\/\/www.webdo.tn\/fr\/#organization"},"potentialAction":[{"@type":"SearchAction","target":{"@type":"EntryPoint","urlTemplate":"https:\/\/www.webdo.tn\/fr\/?s={search_term_string}"},"query-input":{"@type":"PropertyValueSpecification","valueRequired":true,"valueName":"search_term_string"}}],"inLanguage":"fr-FR"},{"@type":"Organization","@id":"https:\/\/www.webdo.tn\/fr\/#organization","name":"Webdo","alternateName":"Webdo.tn","url":"https:\/\/www.webdo.tn\/fr\/","logo":{"@type":"ImageObject","inLanguage":"fr-FR","@id":"https:\/\/www.webdo.tn\/fr\/#\/schema\/logo\/image\/","url":"https:\/\/www.webdo.tn\/fr\/wp-content\/uploads\/2025\/06\/Webdo-Tunisie_168377.jpg","contentUrl":"https:\/\/www.webdo.tn\/fr\/wp-content\/uploads\/2025\/06\/Webdo-Tunisie_168377.jpg","width":301,"height":301,"caption":"Webdo"},"image":{"@id":"https:\/\/www.webdo.tn\/fr\/#\/schema\/logo\/image\/"},"sameAs":["https:\/\/www.facebook.com\/webdotn","https:\/\/x.com\/webdo_tn"],"description":"Webdo est un m\u00e9dia num\u00e9rique tunisien fond\u00e9 en 2010, sp\u00e9cialis\u00e9 dans l\u2019actualit\u00e9 nationale et internationale, l\u2019\u00e9conomie, la soci\u00e9t\u00e9 et les analyses politiques. Le site s\u2019adresse \u00e0 un large public francophone et couvre l\u2019information tunisienne en temps r\u00e9el.","email":"redac@webdo.tn","legalName":"YNJ SARL","foundingDate":"2010-09-06","numberOfEmployees":{"@type":"QuantitativeValue","minValue":"11","maxValue":"50"}},{"@type":"Person","@id":"https:\/\/www.webdo.tn\/fr\/#\/schema\/person\/b8a41c04d93287d375510db360906b34","name":"AZ","image":{"@type":"ImageObject","inLanguage":"fr-FR","@id":"https:\/\/secure.gravatar.com\/avatar\/492b80bada79439de4201dce15cd41eece6c277cfdf1b53382073c79105c1f89?s=96&d=mm&r=g","url":"https:\/\/secure.gravatar.com\/avatar\/492b80bada79439de4201dce15cd41eece6c277cfdf1b53382073c79105c1f89?s=96&d=mm&r=g","contentUrl":"https:\/\/secure.gravatar.com\/avatar\/492b80bada79439de4201dce15cd41eece6c277cfdf1b53382073c79105c1f89?s=96&d=mm&r=g","caption":"AZ"},"url":"https:\/\/www.webdo.tn\/fr\/actualite\/author\/az\/"}]}},"_links":{"self":[{"href":"https:\/\/www.webdo.tn\/fr\/wp-json\/wp\/v2\/posts\/221036","targetHints":{"allow":["GET"]}}],"collection":[{"href":"https:\/\/www.webdo.tn\/fr\/wp-json\/wp\/v2\/posts"}],"about":[{"href":"https:\/\/www.webdo.tn\/fr\/wp-json\/wp\/v2\/types\/post"}],"author":[{"embeddable":true,"href":"https:\/\/www.webdo.tn\/fr\/wp-json\/wp\/v2\/users\/3166"}],"replies":[{"embeddable":true,"href":"https:\/\/www.webdo.tn\/fr\/wp-json\/wp\/v2\/comments?post=221036"}],"version-history":[{"count":0,"href":"https:\/\/www.webdo.tn\/fr\/wp-json\/wp\/v2\/posts\/221036\/revisions"}],"wp:featuredmedia":[{"embeddable":true,"href":"https:\/\/www.webdo.tn\/fr\/wp-json\/wp\/v2\/media\/292174"}],"wp:attachment":[{"href":"https:\/\/www.webdo.tn\/fr\/wp-json\/wp\/v2\/media?parent=221036"}],"wp:term":[{"taxonomy":"category","embeddable":true,"href":"https:\/\/www.webdo.tn\/fr\/wp-json\/wp\/v2\/categories?post=221036"},{"taxonomy":"post_tag","embeddable":true,"href":"https:\/\/www.webdo.tn\/fr\/wp-json\/wp\/v2\/tags?post=221036"}],"curies":[{"name":"wp","href":"https:\/\/api.w.org\/{rel}","templated":true}]}}