{"id":221012,"date":"2025-04-04T18:32:00","date_gmt":"2025-04-04T18:32:00","guid":{"rendered":"https:\/\/www.webdo.tn\/fr\/blog\/tunisie-entre-soif-et-injustice-l-eau-revele-une-societe-a-deux-vitesses\/221012\/"},"modified":"2025-05-21T09:09:17","modified_gmt":"2025-05-21T09:09:17","slug":"tunisie-entre-soif-et-injustice-l-eau-revele-une-societe-a-deux-vitesses","status":"publish","type":"post","link":"https:\/\/www.webdo.tn\/fr\/actualite\/national\/tunisie-entre-soif-et-injustice-l-eau-revele-une-societe-a-deux-vitesses\/221012\/","title":{"rendered":"Tunisie : entre soif et injustice, l\u2019eau r\u00e9v\u00e8le une soci\u00e9t\u00e9 \u00e0 deux vitesses"},"content":{"rendered":"<p>\u00c0 l\u2019occasion de la Journ\u00e9e mondiale de l\u2019eau, le Forum tunisien pour les droits \u00e9conomiques et sociaux (FTDES) a tir\u00e9 la sonnette d\u2019alarme sur une r\u00e9alit\u00e9 m\u00e9connue mais lourde de cons\u00e9quences : plus de 500 \u00e9coles tunisiennes ne disposent pas d\u2019un acc\u00e8s \u00e0 l\u2019eau potable.<\/p>\n<p>\t\t\t\t\t\t\t\t\tC\u2019est ce qu\u2019a r\u00e9v\u00e9l\u00e9 In\u00e8s Labiadh, coordinatrice nationale du projet Justice environnementale et climatique au sein du FTDES, en marge d\u2019une exposition photo organis\u00e9e les 4 et 5 avril 2025 \u00e0 Tunis, pour rappeler que l\u2019eau, bien vital, est encore un luxe pour certains.<\/p>\n<p>Une fracture invisible mais bien r\u00e9elle<\/p>\n<p>Dans les r\u00e9gions rurales, l\u2019absence d\u2019eau potable dans les \u00e9tablissements scolaires n\u2019est pas une exception mais une r\u00e9alit\u00e9 syst\u00e9mique. Au total, 527 \u00e9coles sont concern\u00e9es, souvent priv\u00e9es \u00e9galement d\u2019installations sanitaires de base. Cela signifie que des milliers d\u2019enfants grandissent et \u00e9tudient dans des conditions d\u2019hygi\u00e8ne indignes, loin des standards que l\u2019on serait en droit d\u2019attendre au XXIe si\u00e8cle.<\/p>\n<p>Mais la probl\u00e9matique d\u00e9passe largement les enceintes scolaires : plus de 200 000 Tunisiens vivent aujourd\u2019hui hors des programmes publics d\u2019approvisionnement en eau. Une donn\u00e9e qui en dit long sur la fracture hydrique qui s\u00e9pare les citoyens selon leur lieu de r\u00e9sidence.<\/p>\n<p>Une in\u00e9galit\u00e9 territoriale criante<\/p>\n<p>Le contraste est saisissant entre les grandes villes et les zones de l\u2019int\u00e9rieur du pays. Alors que le taux de raccordement \u00e0 l\u2019eau d\u00e9passe les 90 % dans les zones urbaines, il peine \u00e0 atteindre 50 % dans les campagnes. Les gouvernorats de Sidi Bouzid, Kasserine et Kairouan paient le prix fort d\u2019un sous-d\u00e9veloppement structurel et d\u2019un d\u00e9sengagement politique qui dure depuis des d\u00e9cennies.<\/p>\n<p>Quand l\u2019eau devient une marchandise<\/p>\n<p>Autre point soulev\u00e9 par la repr\u00e9sentante du FTDES : la multiplication des entreprises d\u2019embouteillage d\u2019eau. Plus de 30 soci\u00e9t\u00e9s b\u00e9n\u00e9ficient aujourd\u2019hui d\u2019autorisations pour exploiter les sources naturelles du pays. Si cette industrie r\u00e9pond \u00e0 une logique commerciale, elle soul\u00e8ve de s\u00e9rieuses interrogations \u00e9thiques dans un pays o\u00f9 certaines communaut\u00e9s n\u2019ont m\u00eame pas acc\u00e8s \u00e0 un robinet fonctionnel.<\/p>\n<p>In\u00e8s Labiadh d\u00e9nonce un mod\u00e8le qui privil\u00e9gie le profit \u00e0 court terme au d\u00e9triment des droits fondamentaux, et appelle \u00e0 une r\u00e9vision en profondeur de la politique de gestion des ressources hydriques.<\/p>\n<p>R\u00e9former pour garantir le droit \u00e0 l\u2019eau<\/p>\n<p>Pour faire face \u00e0 cette crise silencieuse, le FTDES propose plusieurs pistes : l\u2019adoption d\u2019un nouveau Code des eaux, l\u2019abandon du syst\u00e8me des associations hydrauliques locales, jug\u00e9 inefficace, et la mise en place d\u2019un audit rigoureux des secteurs agricole et industriel afin de mesurer leur impact sur les r\u00e9serves en eau.<\/p>\n<p>Car derri\u00e8re ces chiffres, ce sont des vies quotidiennes qui sont touch\u00e9es. Et la reconnaissance du droit \u00e0 l\u2019eau ne peut plus rester th\u00e9orique : elle doit se traduire concr\u00e8tement sur le terrain, \u00e0 travers une gouvernance plus juste, plus durable, et r\u00e9solument tourn\u00e9e vers l\u2019humain.<\/p>\n<p>En somme, la question de l\u2019eau en Tunisie n\u2019est pas seulement technique ou environnementale. Elle est fondamentalement politique. Et tant que l\u2019eau ne coulera pas de mani\u00e8re \u00e9gale pour tous, la justice restera, elle aussi, \u00e0 sec.<\/p>\n","protected":false},"excerpt":{"rendered":"<p>En Tunisie, plus de 500 \u00e9coles restent priv\u00e9es d\u2019eau potable tandis que des r\u00e9gions enti\u00e8res souffrent de p\u00e9nuries. Entre in\u00e9galit\u00e9s hydriques et exploitation d&#8230;<\/p>\n","protected":false},"author":3166,"featured_media":292164,"comment_status":"open","ping_status":"closed","sticky":false,"template":"","format":"standard","meta":{"footnotes":""},"categories":[44],"tags":[11139,2898,2608],"class_list":["post-221012","post","type-post","status-publish","format-standard","has-post-thumbnail","hentry","category-national","tag-inegalites","tag-eau-potable","tag-tunisie"],"yoast_head":"<!-- This site is optimized with the Yoast SEO Premium plugin v27.5 (Yoast SEO v27.5) - https:\/\/yoast.com\/product\/yoast-seo-premium-wordpress\/ -->\n<title>Tunisie : entre soif et injustice, l\u2019eau r\u00e9v\u00e8le une soci\u00e9t\u00e9 \u00e0 deux vitesses<\/title>\n<meta name=\"description\" content=\"En Tunisie, plus de 500 \u00e9coles restent priv\u00e9es d\u2019eau potable tandis que des r\u00e9gions enti\u00e8res souffrent de p\u00e9nuries. Entre in\u00e9galit\u00e9s hydriques et exploitation d...\" \/>\n<link rel=\"canonical\" href=\"https:\/\/www.webdo.tn\/fr\/actualite\/national\/tunisie-entre-soif-et-injustice-l-eau-revele-une-societe-a-deux-vitesses\/221012\/\" \/>\n<meta property=\"og:locale\" content=\"fr_FR\" \/>\n<meta property=\"og:type\" content=\"article\" \/>\n<meta property=\"og:title\" content=\"Tunisie : entre soif et injustice, l\u2019eau r\u00e9v\u00e8le une soci\u00e9t\u00e9 \u00e0 deux vitesses\" \/>\n<meta property=\"og:description\" content=\"En Tunisie, plus de 500 \u00e9coles restent priv\u00e9es d\u2019eau potable tandis que des r\u00e9gions enti\u00e8res souffrent de p\u00e9nuries. Entre in\u00e9galit\u00e9s hydriques et exploitation d...\" \/>\n<meta property=\"og:url\" content=\"https:\/\/www.webdo.tn\/fr\/actualite\/national\/tunisie-entre-soif-et-injustice-l-eau-revele-une-societe-a-deux-vitesses\/221012\/\" \/>\n<meta property=\"og:site_name\" content=\"webdo\" \/>\n<meta property=\"article:publisher\" content=\"https:\/\/www.facebook.com\/webdotn\" \/>\n<meta property=\"article:published_time\" content=\"2025-04-04T18:32:00+00:00\" \/>\n<meta property=\"article:modified_time\" content=\"2025-05-21T09:09:17+00:00\" \/>\n<meta property=\"og:image\" content=\"https:\/\/www.webdo.tn\/fr\/wp-content\/uploads\/2025\/04\/0b2689af26b3bd32b26b6f761221adcc.webp\" \/>\n\t<meta property=\"og:image:width\" content=\"750\" \/>\n\t<meta property=\"og:image:height\" content=\"400\" \/>\n\t<meta property=\"og:image:type\" content=\"image\/webp\" \/>\n<meta name=\"author\" content=\"AZ\" \/>\n<meta name=\"twitter:card\" content=\"summary_large_image\" \/>\n<meta name=\"twitter:creator\" content=\"@webdo_tn\" \/>\n<meta name=\"twitter:site\" content=\"@webdo_tn\" \/>\n<meta name=\"twitter:label1\" content=\"\u00c9crit par\" \/>\n\t<meta name=\"twitter:data1\" content=\"AZ\" \/>\n\t<meta name=\"twitter:label2\" content=\"Dur\u00e9e de lecture estim\u00e9e\" \/>\n\t<meta name=\"twitter:data2\" content=\"3 minutes\" \/>\n<script type=\"application\/ld+json\" class=\"yoast-schema-graph\">{\"@context\":\"https:\\\/\\\/schema.org\",\"@graph\":[{\"@type\":\"NewsArticle\",\"@id\":\"https:\\\/\\\/www.webdo.tn\\\/fr\\\/actualite\\\/national\\\/tunisie-entre-soif-et-injustice-l-eau-revele-une-societe-a-deux-vitesses\\\/221012\\\/#article\",\"isPartOf\":{\"@id\":\"https:\\\/\\\/www.webdo.tn\\\/fr\\\/actualite\\\/national\\\/tunisie-entre-soif-et-injustice-l-eau-revele-une-societe-a-deux-vitesses\\\/221012\\\/\"},\"author\":{\"name\":\"AZ\",\"@id\":\"https:\\\/\\\/www.webdo.tn\\\/fr\\\/#\\\/schema\\\/person\\\/b8a41c04d93287d375510db360906b34\"},\"headline\":\"Tunisie : entre soif et injustice, l\u2019eau r\u00e9v\u00e8le une soci\u00e9t\u00e9 \u00e0 deux vitesses\",\"datePublished\":\"2025-04-04T18:32:00+00:00\",\"dateModified\":\"2025-05-21T09:09:17+00:00\",\"mainEntityOfPage\":{\"@id\":\"https:\\\/\\\/www.webdo.tn\\\/fr\\\/actualite\\\/national\\\/tunisie-entre-soif-et-injustice-l-eau-revele-une-societe-a-deux-vitesses\\\/221012\\\/\"},\"wordCount\":576,\"commentCount\":0,\"publisher\":{\"@id\":\"https:\\\/\\\/www.webdo.tn\\\/fr\\\/#organization\"},\"image\":{\"@id\":\"https:\\\/\\\/www.webdo.tn\\\/fr\\\/actualite\\\/national\\\/tunisie-entre-soif-et-injustice-l-eau-revele-une-societe-a-deux-vitesses\\\/221012\\\/#primaryimage\"},\"thumbnailUrl\":\"https:\\\/\\\/www.webdo.tn\\\/fr\\\/wp-content\\\/uploads\\\/2025\\\/04\\\/0b2689af26b3bd32b26b6f761221adcc.webp\",\"keywords\":[\"'In\u00e9galit\u00e9s']\",\"eau potable\",\"Tunisie\"],\"articleSection\":[\"National\"],\"inLanguage\":\"fr-FR\"},{\"@type\":\"WebPage\",\"@id\":\"https:\\\/\\\/www.webdo.tn\\\/fr\\\/actualite\\\/national\\\/tunisie-entre-soif-et-injustice-l-eau-revele-une-societe-a-deux-vitesses\\\/221012\\\/\",\"url\":\"https:\\\/\\\/www.webdo.tn\\\/fr\\\/actualite\\\/national\\\/tunisie-entre-soif-et-injustice-l-eau-revele-une-societe-a-deux-vitesses\\\/221012\\\/\",\"name\":\"Tunisie : entre soif et injustice, l\u2019eau r\u00e9v\u00e8le une soci\u00e9t\u00e9 \u00e0 deux vitesses\",\"isPartOf\":{\"@id\":\"https:\\\/\\\/www.webdo.tn\\\/fr\\\/#website\"},\"primaryImageOfPage\":{\"@id\":\"https:\\\/\\\/www.webdo.tn\\\/fr\\\/actualite\\\/national\\\/tunisie-entre-soif-et-injustice-l-eau-revele-une-societe-a-deux-vitesses\\\/221012\\\/#primaryimage\"},\"image\":{\"@id\":\"https:\\\/\\\/www.webdo.tn\\\/fr\\\/actualite\\\/national\\\/tunisie-entre-soif-et-injustice-l-eau-revele-une-societe-a-deux-vitesses\\\/221012\\\/#primaryimage\"},\"thumbnailUrl\":\"https:\\\/\\\/www.webdo.tn\\\/fr\\\/wp-content\\\/uploads\\\/2025\\\/04\\\/0b2689af26b3bd32b26b6f761221adcc.webp\",\"datePublished\":\"2025-04-04T18:32:00+00:00\",\"dateModified\":\"2025-05-21T09:09:17+00:00\",\"description\":\"En Tunisie, plus de 500 \u00e9coles restent priv\u00e9es d\u2019eau potable tandis que des r\u00e9gions enti\u00e8res souffrent de p\u00e9nuries. Entre in\u00e9galit\u00e9s hydriques et exploitation d...\",\"breadcrumb\":{\"@id\":\"https:\\\/\\\/www.webdo.tn\\\/fr\\\/actualite\\\/national\\\/tunisie-entre-soif-et-injustice-l-eau-revele-une-societe-a-deux-vitesses\\\/221012\\\/#breadcrumb\"},\"inLanguage\":\"fr-FR\",\"potentialAction\":[{\"@type\":\"ReadAction\",\"target\":[\"https:\\\/\\\/www.webdo.tn\\\/fr\\\/actualite\\\/national\\\/tunisie-entre-soif-et-injustice-l-eau-revele-une-societe-a-deux-vitesses\\\/221012\\\/\"]}]},{\"@type\":\"ImageObject\",\"inLanguage\":\"fr-FR\",\"@id\":\"https:\\\/\\\/www.webdo.tn\\\/fr\\\/actualite\\\/national\\\/tunisie-entre-soif-et-injustice-l-eau-revele-une-societe-a-deux-vitesses\\\/221012\\\/#primaryimage\",\"url\":\"https:\\\/\\\/www.webdo.tn\\\/fr\\\/wp-content\\\/uploads\\\/2025\\\/04\\\/0b2689af26b3bd32b26b6f761221adcc.webp\",\"contentUrl\":\"https:\\\/\\\/www.webdo.tn\\\/fr\\\/wp-content\\\/uploads\\\/2025\\\/04\\\/0b2689af26b3bd32b26b6f761221adcc.webp\",\"width\":750,\"height\":400,\"caption\":\"Tunisie : entre soif et injustice, l\u2019eau r\u00e9v\u00e8le une soci\u00e9t\u00e9 \u00e0 deux vitesses\"},{\"@type\":\"BreadcrumbList\",\"@id\":\"https:\\\/\\\/www.webdo.tn\\\/fr\\\/actualite\\\/national\\\/tunisie-entre-soif-et-injustice-l-eau-revele-une-societe-a-deux-vitesses\\\/221012\\\/#breadcrumb\",\"itemListElement\":[{\"@type\":\"ListItem\",\"position\":1,\"name\":\"Accueil\",\"item\":\"https:\\\/\\\/www.webdo.tn\\\/fr\\\/\"},{\"@type\":\"ListItem\",\"position\":2,\"name\":\"Tunisie : entre soif et injustice, l\u2019eau r\u00e9v\u00e8le une soci\u00e9t\u00e9 \u00e0 deux vitesses\"}]},{\"@type\":\"WebSite\",\"@id\":\"https:\\\/\\\/www.webdo.tn\\\/fr\\\/#website\",\"url\":\"https:\\\/\\\/www.webdo.tn\\\/fr\\\/\",\"name\":\"webdo\",\"description\":\"Tunisie - News en Tunisie et \u00e0 l&#039;international sur Webdo.tn\",\"publisher\":{\"@id\":\"https:\\\/\\\/www.webdo.tn\\\/fr\\\/#organization\"},\"potentialAction\":[{\"@type\":\"SearchAction\",\"target\":{\"@type\":\"EntryPoint\",\"urlTemplate\":\"https:\\\/\\\/www.webdo.tn\\\/fr\\\/?s={search_term_string}\"},\"query-input\":{\"@type\":\"PropertyValueSpecification\",\"valueRequired\":true,\"valueName\":\"search_term_string\"}}],\"inLanguage\":\"fr-FR\"},{\"@type\":\"Organization\",\"@id\":\"https:\\\/\\\/www.webdo.tn\\\/fr\\\/#organization\",\"name\":\"Webdo\",\"alternateName\":\"Webdo.tn\",\"url\":\"https:\\\/\\\/www.webdo.tn\\\/fr\\\/\",\"logo\":{\"@type\":\"ImageObject\",\"inLanguage\":\"fr-FR\",\"@id\":\"https:\\\/\\\/www.webdo.tn\\\/fr\\\/#\\\/schema\\\/logo\\\/image\\\/\",\"url\":\"https:\\\/\\\/www.webdo.tn\\\/fr\\\/wp-content\\\/uploads\\\/2025\\\/06\\\/Webdo-Tunisie_168377.jpg\",\"contentUrl\":\"https:\\\/\\\/www.webdo.tn\\\/fr\\\/wp-content\\\/uploads\\\/2025\\\/06\\\/Webdo-Tunisie_168377.jpg\",\"width\":301,\"height\":301,\"caption\":\"Webdo\"},\"image\":{\"@id\":\"https:\\\/\\\/www.webdo.tn\\\/fr\\\/#\\\/schema\\\/logo\\\/image\\\/\"},\"sameAs\":[\"https:\\\/\\\/www.facebook.com\\\/webdotn\",\"https:\\\/\\\/x.com\\\/webdo_tn\"],\"description\":\"Webdo est un m\u00e9dia num\u00e9rique tunisien fond\u00e9 en 2010, sp\u00e9cialis\u00e9 dans l\u2019actualit\u00e9 nationale et internationale, l\u2019\u00e9conomie, la soci\u00e9t\u00e9 et les analyses politiques. Le site s\u2019adresse \u00e0 un large public francophone et couvre l\u2019information tunisienne en temps r\u00e9el.\",\"email\":\"redac@webdo.tn\",\"legalName\":\"YNJ SARL\",\"foundingDate\":\"2010-09-06\",\"numberOfEmployees\":{\"@type\":\"QuantitativeValue\",\"minValue\":\"11\",\"maxValue\":\"50\"}},{\"@type\":\"Person\",\"@id\":\"https:\\\/\\\/www.webdo.tn\\\/fr\\\/#\\\/schema\\\/person\\\/b8a41c04d93287d375510db360906b34\",\"name\":\"AZ\",\"image\":{\"@type\":\"ImageObject\",\"inLanguage\":\"fr-FR\",\"@id\":\"https:\\\/\\\/secure.gravatar.com\\\/avatar\\\/492b80bada79439de4201dce15cd41eece6c277cfdf1b53382073c79105c1f89?s=96&d=mm&r=g\",\"url\":\"https:\\\/\\\/secure.gravatar.com\\\/avatar\\\/492b80bada79439de4201dce15cd41eece6c277cfdf1b53382073c79105c1f89?s=96&d=mm&r=g\",\"contentUrl\":\"https:\\\/\\\/secure.gravatar.com\\\/avatar\\\/492b80bada79439de4201dce15cd41eece6c277cfdf1b53382073c79105c1f89?s=96&d=mm&r=g\",\"caption\":\"AZ\"},\"url\":\"https:\\\/\\\/www.webdo.tn\\\/fr\\\/actualite\\\/author\\\/az\\\/\"}]}<\/script>\n<!-- \/ Yoast SEO Premium plugin. -->","yoast_head_json":{"title":"Tunisie : entre soif et injustice, l\u2019eau r\u00e9v\u00e8le une soci\u00e9t\u00e9 \u00e0 deux vitesses","description":"En Tunisie, plus de 500 \u00e9coles restent priv\u00e9es d\u2019eau potable tandis que des r\u00e9gions enti\u00e8res souffrent de p\u00e9nuries. Entre in\u00e9galit\u00e9s hydriques et exploitation d...","canonical":"https:\/\/www.webdo.tn\/fr\/actualite\/national\/tunisie-entre-soif-et-injustice-l-eau-revele-une-societe-a-deux-vitesses\/221012\/","og_locale":"fr_FR","og_type":"article","og_title":"Tunisie : entre soif et injustice, l\u2019eau r\u00e9v\u00e8le une soci\u00e9t\u00e9 \u00e0 deux vitesses","og_description":"En Tunisie, plus de 500 \u00e9coles restent priv\u00e9es d\u2019eau potable tandis que des r\u00e9gions enti\u00e8res souffrent de p\u00e9nuries. Entre in\u00e9galit\u00e9s hydriques et exploitation d...","og_url":"https:\/\/www.webdo.tn\/fr\/actualite\/national\/tunisie-entre-soif-et-injustice-l-eau-revele-une-societe-a-deux-vitesses\/221012\/","og_site_name":"webdo","article_publisher":"https:\/\/www.facebook.com\/webdotn","article_published_time":"2025-04-04T18:32:00+00:00","article_modified_time":"2025-05-21T09:09:17+00:00","og_image":[{"width":750,"height":400,"url":"https:\/\/www.webdo.tn\/fr\/wp-content\/uploads\/2025\/04\/0b2689af26b3bd32b26b6f761221adcc.webp","type":"image\/webp"}],"author":"AZ","twitter_card":"summary_large_image","twitter_creator":"@webdo_tn","twitter_site":"@webdo_tn","twitter_misc":{"\u00c9crit par":"AZ","Dur\u00e9e de lecture estim\u00e9e":"3 minutes"},"schema":{"@context":"https:\/\/schema.org","@graph":[{"@type":"NewsArticle","@id":"https:\/\/www.webdo.tn\/fr\/actualite\/national\/tunisie-entre-soif-et-injustice-l-eau-revele-une-societe-a-deux-vitesses\/221012\/#article","isPartOf":{"@id":"https:\/\/www.webdo.tn\/fr\/actualite\/national\/tunisie-entre-soif-et-injustice-l-eau-revele-une-societe-a-deux-vitesses\/221012\/"},"author":{"name":"AZ","@id":"https:\/\/www.webdo.tn\/fr\/#\/schema\/person\/b8a41c04d93287d375510db360906b34"},"headline":"Tunisie : entre soif et injustice, l\u2019eau r\u00e9v\u00e8le une soci\u00e9t\u00e9 \u00e0 deux vitesses","datePublished":"2025-04-04T18:32:00+00:00","dateModified":"2025-05-21T09:09:17+00:00","mainEntityOfPage":{"@id":"https:\/\/www.webdo.tn\/fr\/actualite\/national\/tunisie-entre-soif-et-injustice-l-eau-revele-une-societe-a-deux-vitesses\/221012\/"},"wordCount":576,"commentCount":0,"publisher":{"@id":"https:\/\/www.webdo.tn\/fr\/#organization"},"image":{"@id":"https:\/\/www.webdo.tn\/fr\/actualite\/national\/tunisie-entre-soif-et-injustice-l-eau-revele-une-societe-a-deux-vitesses\/221012\/#primaryimage"},"thumbnailUrl":"https:\/\/www.webdo.tn\/fr\/wp-content\/uploads\/2025\/04\/0b2689af26b3bd32b26b6f761221adcc.webp","keywords":["'In\u00e9galit\u00e9s']","eau potable","Tunisie"],"articleSection":["National"],"inLanguage":"fr-FR"},{"@type":"WebPage","@id":"https:\/\/www.webdo.tn\/fr\/actualite\/national\/tunisie-entre-soif-et-injustice-l-eau-revele-une-societe-a-deux-vitesses\/221012\/","url":"https:\/\/www.webdo.tn\/fr\/actualite\/national\/tunisie-entre-soif-et-injustice-l-eau-revele-une-societe-a-deux-vitesses\/221012\/","name":"Tunisie : entre soif et injustice, l\u2019eau r\u00e9v\u00e8le une soci\u00e9t\u00e9 \u00e0 deux vitesses","isPartOf":{"@id":"https:\/\/www.webdo.tn\/fr\/#website"},"primaryImageOfPage":{"@id":"https:\/\/www.webdo.tn\/fr\/actualite\/national\/tunisie-entre-soif-et-injustice-l-eau-revele-une-societe-a-deux-vitesses\/221012\/#primaryimage"},"image":{"@id":"https:\/\/www.webdo.tn\/fr\/actualite\/national\/tunisie-entre-soif-et-injustice-l-eau-revele-une-societe-a-deux-vitesses\/221012\/#primaryimage"},"thumbnailUrl":"https:\/\/www.webdo.tn\/fr\/wp-content\/uploads\/2025\/04\/0b2689af26b3bd32b26b6f761221adcc.webp","datePublished":"2025-04-04T18:32:00+00:00","dateModified":"2025-05-21T09:09:17+00:00","description":"En Tunisie, plus de 500 \u00e9coles restent priv\u00e9es d\u2019eau potable tandis que des r\u00e9gions enti\u00e8res souffrent de p\u00e9nuries. Entre in\u00e9galit\u00e9s hydriques et exploitation d...","breadcrumb":{"@id":"https:\/\/www.webdo.tn\/fr\/actualite\/national\/tunisie-entre-soif-et-injustice-l-eau-revele-une-societe-a-deux-vitesses\/221012\/#breadcrumb"},"inLanguage":"fr-FR","potentialAction":[{"@type":"ReadAction","target":["https:\/\/www.webdo.tn\/fr\/actualite\/national\/tunisie-entre-soif-et-injustice-l-eau-revele-une-societe-a-deux-vitesses\/221012\/"]}]},{"@type":"ImageObject","inLanguage":"fr-FR","@id":"https:\/\/www.webdo.tn\/fr\/actualite\/national\/tunisie-entre-soif-et-injustice-l-eau-revele-une-societe-a-deux-vitesses\/221012\/#primaryimage","url":"https:\/\/www.webdo.tn\/fr\/wp-content\/uploads\/2025\/04\/0b2689af26b3bd32b26b6f761221adcc.webp","contentUrl":"https:\/\/www.webdo.tn\/fr\/wp-content\/uploads\/2025\/04\/0b2689af26b3bd32b26b6f761221adcc.webp","width":750,"height":400,"caption":"Tunisie : entre soif et injustice, l\u2019eau r\u00e9v\u00e8le une soci\u00e9t\u00e9 \u00e0 deux vitesses"},{"@type":"BreadcrumbList","@id":"https:\/\/www.webdo.tn\/fr\/actualite\/national\/tunisie-entre-soif-et-injustice-l-eau-revele-une-societe-a-deux-vitesses\/221012\/#breadcrumb","itemListElement":[{"@type":"ListItem","position":1,"name":"Accueil","item":"https:\/\/www.webdo.tn\/fr\/"},{"@type":"ListItem","position":2,"name":"Tunisie : entre soif et injustice, l\u2019eau r\u00e9v\u00e8le une soci\u00e9t\u00e9 \u00e0 deux vitesses"}]},{"@type":"WebSite","@id":"https:\/\/www.webdo.tn\/fr\/#website","url":"https:\/\/www.webdo.tn\/fr\/","name":"webdo","description":"Tunisie - News en Tunisie et \u00e0 l&#039;international sur Webdo.tn","publisher":{"@id":"https:\/\/www.webdo.tn\/fr\/#organization"},"potentialAction":[{"@type":"SearchAction","target":{"@type":"EntryPoint","urlTemplate":"https:\/\/www.webdo.tn\/fr\/?s={search_term_string}"},"query-input":{"@type":"PropertyValueSpecification","valueRequired":true,"valueName":"search_term_string"}}],"inLanguage":"fr-FR"},{"@type":"Organization","@id":"https:\/\/www.webdo.tn\/fr\/#organization","name":"Webdo","alternateName":"Webdo.tn","url":"https:\/\/www.webdo.tn\/fr\/","logo":{"@type":"ImageObject","inLanguage":"fr-FR","@id":"https:\/\/www.webdo.tn\/fr\/#\/schema\/logo\/image\/","url":"https:\/\/www.webdo.tn\/fr\/wp-content\/uploads\/2025\/06\/Webdo-Tunisie_168377.jpg","contentUrl":"https:\/\/www.webdo.tn\/fr\/wp-content\/uploads\/2025\/06\/Webdo-Tunisie_168377.jpg","width":301,"height":301,"caption":"Webdo"},"image":{"@id":"https:\/\/www.webdo.tn\/fr\/#\/schema\/logo\/image\/"},"sameAs":["https:\/\/www.facebook.com\/webdotn","https:\/\/x.com\/webdo_tn"],"description":"Webdo est un m\u00e9dia num\u00e9rique tunisien fond\u00e9 en 2010, sp\u00e9cialis\u00e9 dans l\u2019actualit\u00e9 nationale et internationale, l\u2019\u00e9conomie, la soci\u00e9t\u00e9 et les analyses politiques. Le site s\u2019adresse \u00e0 un large public francophone et couvre l\u2019information tunisienne en temps r\u00e9el.","email":"redac@webdo.tn","legalName":"YNJ SARL","foundingDate":"2010-09-06","numberOfEmployees":{"@type":"QuantitativeValue","minValue":"11","maxValue":"50"}},{"@type":"Person","@id":"https:\/\/www.webdo.tn\/fr\/#\/schema\/person\/b8a41c04d93287d375510db360906b34","name":"AZ","image":{"@type":"ImageObject","inLanguage":"fr-FR","@id":"https:\/\/secure.gravatar.com\/avatar\/492b80bada79439de4201dce15cd41eece6c277cfdf1b53382073c79105c1f89?s=96&d=mm&r=g","url":"https:\/\/secure.gravatar.com\/avatar\/492b80bada79439de4201dce15cd41eece6c277cfdf1b53382073c79105c1f89?s=96&d=mm&r=g","contentUrl":"https:\/\/secure.gravatar.com\/avatar\/492b80bada79439de4201dce15cd41eece6c277cfdf1b53382073c79105c1f89?s=96&d=mm&r=g","caption":"AZ"},"url":"https:\/\/www.webdo.tn\/fr\/actualite\/author\/az\/"}]}},"_links":{"self":[{"href":"https:\/\/www.webdo.tn\/fr\/wp-json\/wp\/v2\/posts\/221012","targetHints":{"allow":["GET"]}}],"collection":[{"href":"https:\/\/www.webdo.tn\/fr\/wp-json\/wp\/v2\/posts"}],"about":[{"href":"https:\/\/www.webdo.tn\/fr\/wp-json\/wp\/v2\/types\/post"}],"author":[{"embeddable":true,"href":"https:\/\/www.webdo.tn\/fr\/wp-json\/wp\/v2\/users\/3166"}],"replies":[{"embeddable":true,"href":"https:\/\/www.webdo.tn\/fr\/wp-json\/wp\/v2\/comments?post=221012"}],"version-history":[{"count":0,"href":"https:\/\/www.webdo.tn\/fr\/wp-json\/wp\/v2\/posts\/221012\/revisions"}],"wp:featuredmedia":[{"embeddable":true,"href":"https:\/\/www.webdo.tn\/fr\/wp-json\/wp\/v2\/media\/292164"}],"wp:attachment":[{"href":"https:\/\/www.webdo.tn\/fr\/wp-json\/wp\/v2\/media?parent=221012"}],"wp:term":[{"taxonomy":"category","embeddable":true,"href":"https:\/\/www.webdo.tn\/fr\/wp-json\/wp\/v2\/categories?post=221012"},{"taxonomy":"post_tag","embeddable":true,"href":"https:\/\/www.webdo.tn\/fr\/wp-json\/wp\/v2\/tags?post=221012"}],"curies":[{"name":"wp","href":"https:\/\/api.w.org\/{rel}","templated":true}]}}