{"id":221007,"date":"2025-04-04T15:08:00","date_gmt":"2025-04-04T15:08:00","guid":{"rendered":"https:\/\/www.webdo.tn\/fr\/blog\/details-sur-la-participation-de-la-tunisie-a-l-exposition-universelle-osaka-2025\/221007\/"},"modified":"2025-05-20T22:23:20","modified_gmt":"2025-05-20T22:23:20","slug":"details-sur-la-participation-de-la-tunisie-a-l-exposition-universelle-osaka-2025","status":"publish","type":"post","link":"https:\/\/www.webdo.tn\/fr\/actualite\/national\/details-sur-la-participation-de-la-tunisie-a-l-exposition-universelle-osaka-2025\/221007\/","title":{"rendered":"D\u00e9tails sur la participation de la Tunisie \u00e0 l&rsquo;exposition universelle \u00ab\u00a0Osaka 2025\u00a0\u00bb"},"content":{"rendered":"<p>Les d\u00e9tails du programme officiel de la participation tunisienne \u00e0 l&rsquo;exposition universelle \u00ab\u00a0Osaka 2025\u00a0\u00bb ont \u00e9t\u00e9 d\u00e9voil\u00e9s ce vendredi 4 avril 2025 \u00e0 la Maison de l&rsquo;Exportateur.<\/p>\n<p>Dans une d\u00e9claration \u00e0 Mosa\u00efque, le pr\u00e9sident-directeur g\u00e9n\u00e9ral du Centre de Promotion des Exportations, Mourad Ben Houssein, a pr\u00e9cis\u00e9 que le pavillon tunisien sera situ\u00e9 dans l&rsquo;espace \u00ab\u00a0SAVING LIVES\u00a0\u00bb sur une superficie de 300 m\u00e8tres carr\u00e9s.\u00a0<\/p>\n<p>La participation tunisienne se d\u00e9roulera du 13 avril au 13 octobre 2025 et comprendra des journ\u00e9es de promotion du tourisme et de la culture tunisienne, ainsi que la c\u00e9l\u00e9bration de la Journ\u00e9e nationale de la Tunisie le 13 ao\u00fbt.\u00a0<\/p>\n<p>Des rencontres ax\u00e9es sur la participation de la Tunisie et la cr\u00e9ation d&rsquo;opportunit\u00e9s de partenariat et d&rsquo;investissement auront lieu le 18 avril, en plus d&rsquo;une semaine d\u00e9di\u00e9e au tourisme et \u00e0 la culture sous le th\u00e8me \u00ab\u00a0Partenariat dans le domaine de l&rsquo;innovation, des sciences et des technologies\u00a0\u00bb afin de mettre en avant la Tunisie comme une destination touristique et culturelle de premier plan.<\/p>\n<p>Le programme de participation mettra l&rsquo;accent sur des th\u00e9matiques cl\u00e9s telles que l&rsquo;eau, l&rsquo;environnement, les \u00e9nergies propres, la nutrition et le d\u00e9veloppement durable, en particulier dans la gestion de l&rsquo;eau, la m\u00e9decine thermale et la valorisation du patrimoine culinaire tunisien. Mourad Ben Houssein a \u00e9galement soulign\u00e9 plusieurs exp\u00e9riences tunisiennes inspir\u00e9es de mod\u00e8les japonais, notamment l&rsquo;initiative \u00ab\u00a0Un produit pour chaque village\u00a0\u00bb (OVOP).<\/p>\n<p>Il a ajout\u00e9 que la Tunisie entretient des relations de coop\u00e9ration bilat\u00e9rale et tripartite avec le Japon pour acc\u00e9der au march\u00e9 africain. Le pavillon tunisien a \u00e9t\u00e9 con\u00e7u sous la supervision de plusieurs parties prenantes et experts tunisiens, notamment l&rsquo;Ordre des architectes.\u00a0<\/p>\n<p>Le projet retenu, intitul\u00e9 \u00ab\u00a0Ranin\u00a0\u00bb (R\u00c9SONANCE), a \u00e9t\u00e9 pr\u00e9sent\u00e9 par l&rsquo;architecte tunisien Mourad Zaghlami en collaboration avec l&rsquo;architecte tunisienne r\u00e9sidant au Japon, Mariem Ben Rayana. Leur conception propose un pavillon qui ne sera pas seulement une exposition, mais une v\u00e9ritable invitation \u00e0 d\u00e9couvrir la richesse culturelle et civilisationnelle de la Tunisie \u00e0 travers une exp\u00e9rience immersive tourn\u00e9e vers l&rsquo;avenir.<\/p>\n","protected":false},"excerpt":{"rendered":"<p>D\u00e9couvrez le programme officiel de la participation tunisienne \u00e0 l&rsquo;exposition universelle Osaka 2025 : un pavillon immersif mettant en avant le tourisme, la cul&#8230;<\/p>\n","protected":false},"author":3163,"featured_media":292163,"comment_status":"open","ping_status":"closed","sticky":false,"template":"","format":"standard","meta":{"footnotes":""},"categories":[44],"tags":[11138,2641,2961,2608],"class_list":["post-221007","post","type-post","status-publish","format-standard","has-post-thumbnail","hentry","category-national","tag-osaka-2025","tag-exposition","tag-japon","tag-tunisie"],"yoast_head":"<!-- This site is optimized with the Yoast SEO Premium plugin v27.4 (Yoast SEO v27.4) - https:\/\/yoast.com\/product\/yoast-seo-premium-wordpress\/ -->\n<title>D\u00e9tails sur la participation de la Tunisie \u00e0 l&#039;exposition universelle Osaka 2025<\/title>\n<meta name=\"description\" content=\"D\u00e9couvrez le programme officiel de la participation tunisienne \u00e0 l&#039;exposition universelle Osaka 2025 : un pavillon immersif mettant en avant le tourisme, la cul...\" \/>\n<link rel=\"canonical\" href=\"https:\/\/www.webdo.tn\/fr\/actualite\/national\/details-sur-la-participation-de-la-tunisie-a-l-exposition-universelle-osaka-2025\/221007\/\" \/>\n<meta property=\"og:locale\" content=\"fr_FR\" \/>\n<meta property=\"og:type\" content=\"article\" \/>\n<meta property=\"og:title\" content=\"D\u00e9tails sur la participation de la Tunisie \u00e0 l&#039;exposition universelle &quot;Osaka 2025&quot;\" \/>\n<meta property=\"og:description\" content=\"D\u00e9couvrez le programme officiel de la participation tunisienne \u00e0 l&#039;exposition universelle Osaka 2025 : un pavillon immersif mettant en avant le tourisme, la cul...\" \/>\n<meta property=\"og:url\" content=\"https:\/\/www.webdo.tn\/fr\/actualite\/national\/details-sur-la-participation-de-la-tunisie-a-l-exposition-universelle-osaka-2025\/221007\/\" \/>\n<meta property=\"og:site_name\" content=\"webdo\" \/>\n<meta property=\"article:publisher\" content=\"https:\/\/www.facebook.com\/webdotn\" \/>\n<meta property=\"article:published_time\" content=\"2025-04-04T15:08:00+00:00\" \/>\n<meta property=\"article:modified_time\" content=\"2025-05-20T22:23:20+00:00\" \/>\n<meta property=\"og:image\" content=\"https:\/\/www.webdo.tn\/fr\/wp-content\/uploads\/2025\/04\/2c234860fb277f61aa6702430dee4e2e.webp\" \/>\n\t<meta property=\"og:image:width\" content=\"750\" \/>\n\t<meta property=\"og:image:height\" content=\"400\" \/>\n\t<meta property=\"og:image:type\" content=\"image\/webp\" \/>\n<meta name=\"author\" content=\"KJ\" \/>\n<meta name=\"twitter:card\" content=\"summary_large_image\" \/>\n<meta name=\"twitter:creator\" content=\"@webdo_tn\" \/>\n<meta name=\"twitter:site\" content=\"@webdo_tn\" \/>\n<meta name=\"twitter:label1\" content=\"\u00c9crit par\" \/>\n\t<meta name=\"twitter:data1\" content=\"KJ\" \/>\n\t<meta name=\"twitter:label2\" content=\"Dur\u00e9e de lecture estim\u00e9e\" \/>\n\t<meta name=\"twitter:data2\" content=\"2 minutes\" \/>\n<script type=\"application\/ld+json\" class=\"yoast-schema-graph\">{\"@context\":\"https:\\\/\\\/schema.org\",\"@graph\":[{\"@type\":\"NewsArticle\",\"@id\":\"https:\\\/\\\/www.webdo.tn\\\/fr\\\/actualite\\\/national\\\/details-sur-la-participation-de-la-tunisie-a-l-exposition-universelle-osaka-2025\\\/221007\\\/#article\",\"isPartOf\":{\"@id\":\"https:\\\/\\\/www.webdo.tn\\\/fr\\\/actualite\\\/national\\\/details-sur-la-participation-de-la-tunisie-a-l-exposition-universelle-osaka-2025\\\/221007\\\/\"},\"author\":{\"name\":\"KJ\",\"@id\":\"https:\\\/\\\/www.webdo.tn\\\/fr\\\/#\\\/schema\\\/person\\\/82ca085b22037d285e1a3c4b65ba5f71\"},\"headline\":\"D\u00e9tails sur la participation de la Tunisie \u00e0 l&rsquo;exposition universelle \u00ab\u00a0Osaka 2025\u00a0\u00bb\",\"datePublished\":\"2025-04-04T15:08:00+00:00\",\"dateModified\":\"2025-05-20T22:23:20+00:00\",\"mainEntityOfPage\":{\"@id\":\"https:\\\/\\\/www.webdo.tn\\\/fr\\\/actualite\\\/national\\\/details-sur-la-participation-de-la-tunisie-a-l-exposition-universelle-osaka-2025\\\/221007\\\/\"},\"wordCount\":381,\"commentCount\":0,\"publisher\":{\"@id\":\"https:\\\/\\\/www.webdo.tn\\\/fr\\\/#organization\"},\"image\":{\"@id\":\"https:\\\/\\\/www.webdo.tn\\\/fr\\\/actualite\\\/national\\\/details-sur-la-participation-de-la-tunisie-a-l-exposition-universelle-osaka-2025\\\/221007\\\/#primaryimage\"},\"thumbnailUrl\":\"https:\\\/\\\/www.webdo.tn\\\/fr\\\/wp-content\\\/uploads\\\/2025\\\/04\\\/2c234860fb277f61aa6702430dee4e2e.webp\",\"keywords\":[\"'OSAKA 2025']\",\"exposition\",\"Japon\",\"Tunisie\"],\"articleSection\":[\"National\"],\"inLanguage\":\"fr-FR\"},{\"@type\":\"WebPage\",\"@id\":\"https:\\\/\\\/www.webdo.tn\\\/fr\\\/actualite\\\/national\\\/details-sur-la-participation-de-la-tunisie-a-l-exposition-universelle-osaka-2025\\\/221007\\\/\",\"url\":\"https:\\\/\\\/www.webdo.tn\\\/fr\\\/actualite\\\/national\\\/details-sur-la-participation-de-la-tunisie-a-l-exposition-universelle-osaka-2025\\\/221007\\\/\",\"name\":\"D\u00e9tails sur la participation de la Tunisie \u00e0 l'exposition universelle Osaka 2025\",\"isPartOf\":{\"@id\":\"https:\\\/\\\/www.webdo.tn\\\/fr\\\/#website\"},\"primaryImageOfPage\":{\"@id\":\"https:\\\/\\\/www.webdo.tn\\\/fr\\\/actualite\\\/national\\\/details-sur-la-participation-de-la-tunisie-a-l-exposition-universelle-osaka-2025\\\/221007\\\/#primaryimage\"},\"image\":{\"@id\":\"https:\\\/\\\/www.webdo.tn\\\/fr\\\/actualite\\\/national\\\/details-sur-la-participation-de-la-tunisie-a-l-exposition-universelle-osaka-2025\\\/221007\\\/#primaryimage\"},\"thumbnailUrl\":\"https:\\\/\\\/www.webdo.tn\\\/fr\\\/wp-content\\\/uploads\\\/2025\\\/04\\\/2c234860fb277f61aa6702430dee4e2e.webp\",\"datePublished\":\"2025-04-04T15:08:00+00:00\",\"dateModified\":\"2025-05-20T22:23:20+00:00\",\"description\":\"D\u00e9couvrez le programme officiel de la participation tunisienne \u00e0 l'exposition universelle Osaka 2025 : un pavillon immersif mettant en avant le tourisme, la cul...\",\"breadcrumb\":{\"@id\":\"https:\\\/\\\/www.webdo.tn\\\/fr\\\/actualite\\\/national\\\/details-sur-la-participation-de-la-tunisie-a-l-exposition-universelle-osaka-2025\\\/221007\\\/#breadcrumb\"},\"inLanguage\":\"fr-FR\",\"potentialAction\":[{\"@type\":\"ReadAction\",\"target\":[\"https:\\\/\\\/www.webdo.tn\\\/fr\\\/actualite\\\/national\\\/details-sur-la-participation-de-la-tunisie-a-l-exposition-universelle-osaka-2025\\\/221007\\\/\"]}]},{\"@type\":\"ImageObject\",\"inLanguage\":\"fr-FR\",\"@id\":\"https:\\\/\\\/www.webdo.tn\\\/fr\\\/actualite\\\/national\\\/details-sur-la-participation-de-la-tunisie-a-l-exposition-universelle-osaka-2025\\\/221007\\\/#primaryimage\",\"url\":\"https:\\\/\\\/www.webdo.tn\\\/fr\\\/wp-content\\\/uploads\\\/2025\\\/04\\\/2c234860fb277f61aa6702430dee4e2e.webp\",\"contentUrl\":\"https:\\\/\\\/www.webdo.tn\\\/fr\\\/wp-content\\\/uploads\\\/2025\\\/04\\\/2c234860fb277f61aa6702430dee4e2e.webp\",\"width\":750,\"height\":400,\"caption\":\"D\u00e9tails sur la participation de la Tunisie \u00e0 l'exposition universelle \\\"Osaka 2025\\\"\"},{\"@type\":\"BreadcrumbList\",\"@id\":\"https:\\\/\\\/www.webdo.tn\\\/fr\\\/actualite\\\/national\\\/details-sur-la-participation-de-la-tunisie-a-l-exposition-universelle-osaka-2025\\\/221007\\\/#breadcrumb\",\"itemListElement\":[{\"@type\":\"ListItem\",\"position\":1,\"name\":\"Accueil\",\"item\":\"https:\\\/\\\/www.webdo.tn\\\/fr\\\/\"},{\"@type\":\"ListItem\",\"position\":2,\"name\":\"D\u00e9tails sur la participation de la Tunisie \u00e0 l&rsquo;exposition universelle \u00ab\u00a0Osaka 2025\u00a0\u00bb\"}]},{\"@type\":\"WebSite\",\"@id\":\"https:\\\/\\\/www.webdo.tn\\\/fr\\\/#website\",\"url\":\"https:\\\/\\\/www.webdo.tn\\\/fr\\\/\",\"name\":\"webdo\",\"description\":\"Tunisie - News en Tunisie et \u00e0 l&#039;international sur Webdo.tn\",\"publisher\":{\"@id\":\"https:\\\/\\\/www.webdo.tn\\\/fr\\\/#organization\"},\"potentialAction\":[{\"@type\":\"SearchAction\",\"target\":{\"@type\":\"EntryPoint\",\"urlTemplate\":\"https:\\\/\\\/www.webdo.tn\\\/fr\\\/?s={search_term_string}\"},\"query-input\":{\"@type\":\"PropertyValueSpecification\",\"valueRequired\":true,\"valueName\":\"search_term_string\"}}],\"inLanguage\":\"fr-FR\"},{\"@type\":\"Organization\",\"@id\":\"https:\\\/\\\/www.webdo.tn\\\/fr\\\/#organization\",\"name\":\"Webdo\",\"alternateName\":\"Webdo.tn\",\"url\":\"https:\\\/\\\/www.webdo.tn\\\/fr\\\/\",\"logo\":{\"@type\":\"ImageObject\",\"inLanguage\":\"fr-FR\",\"@id\":\"https:\\\/\\\/www.webdo.tn\\\/fr\\\/#\\\/schema\\\/logo\\\/image\\\/\",\"url\":\"https:\\\/\\\/www.webdo.tn\\\/fr\\\/wp-content\\\/uploads\\\/2025\\\/06\\\/Webdo-Tunisie_168377.jpg\",\"contentUrl\":\"https:\\\/\\\/www.webdo.tn\\\/fr\\\/wp-content\\\/uploads\\\/2025\\\/06\\\/Webdo-Tunisie_168377.jpg\",\"width\":301,\"height\":301,\"caption\":\"Webdo\"},\"image\":{\"@id\":\"https:\\\/\\\/www.webdo.tn\\\/fr\\\/#\\\/schema\\\/logo\\\/image\\\/\"},\"sameAs\":[\"https:\\\/\\\/www.facebook.com\\\/webdotn\",\"https:\\\/\\\/x.com\\\/webdo_tn\"],\"description\":\"Webdo est un m\u00e9dia num\u00e9rique tunisien fond\u00e9 en 2010, sp\u00e9cialis\u00e9 dans l\u2019actualit\u00e9 nationale et internationale, l\u2019\u00e9conomie, la soci\u00e9t\u00e9 et les analyses politiques. Le site s\u2019adresse \u00e0 un large public francophone et couvre l\u2019information tunisienne en temps r\u00e9el.\",\"email\":\"redac@webdo.tn\",\"legalName\":\"YNJ SARL\",\"foundingDate\":\"2010-09-06\",\"numberOfEmployees\":{\"@type\":\"QuantitativeValue\",\"minValue\":\"11\",\"maxValue\":\"50\"}},{\"@type\":\"Person\",\"@id\":\"https:\\\/\\\/www.webdo.tn\\\/fr\\\/#\\\/schema\\\/person\\\/82ca085b22037d285e1a3c4b65ba5f71\",\"name\":\"KJ\",\"image\":{\"@type\":\"ImageObject\",\"inLanguage\":\"fr-FR\",\"@id\":\"https:\\\/\\\/secure.gravatar.com\\\/avatar\\\/1a1320de1c1971c893f00068f760b4113d69504aa21273da17ee95650c5944fd?s=96&d=mm&r=g\",\"url\":\"https:\\\/\\\/secure.gravatar.com\\\/avatar\\\/1a1320de1c1971c893f00068f760b4113d69504aa21273da17ee95650c5944fd?s=96&d=mm&r=g\",\"contentUrl\":\"https:\\\/\\\/secure.gravatar.com\\\/avatar\\\/1a1320de1c1971c893f00068f760b4113d69504aa21273da17ee95650c5944fd?s=96&d=mm&r=g\",\"caption\":\"KJ\"},\"url\":\"https:\\\/\\\/www.webdo.tn\\\/fr\\\/actualite\\\/author\\\/kj\\\/\"}]}<\/script>\n<!-- \/ Yoast SEO Premium plugin. -->","yoast_head_json":{"title":"D\u00e9tails sur la participation de la Tunisie \u00e0 l'exposition universelle Osaka 2025","description":"D\u00e9couvrez le programme officiel de la participation tunisienne \u00e0 l'exposition universelle Osaka 2025 : un pavillon immersif mettant en avant le tourisme, la cul...","canonical":"https:\/\/www.webdo.tn\/fr\/actualite\/national\/details-sur-la-participation-de-la-tunisie-a-l-exposition-universelle-osaka-2025\/221007\/","og_locale":"fr_FR","og_type":"article","og_title":"D\u00e9tails sur la participation de la Tunisie \u00e0 l'exposition universelle \"Osaka 2025\"","og_description":"D\u00e9couvrez le programme officiel de la participation tunisienne \u00e0 l'exposition universelle Osaka 2025 : un pavillon immersif mettant en avant le tourisme, la cul...","og_url":"https:\/\/www.webdo.tn\/fr\/actualite\/national\/details-sur-la-participation-de-la-tunisie-a-l-exposition-universelle-osaka-2025\/221007\/","og_site_name":"webdo","article_publisher":"https:\/\/www.facebook.com\/webdotn","article_published_time":"2025-04-04T15:08:00+00:00","article_modified_time":"2025-05-20T22:23:20+00:00","og_image":[{"width":750,"height":400,"url":"https:\/\/www.webdo.tn\/fr\/wp-content\/uploads\/2025\/04\/2c234860fb277f61aa6702430dee4e2e.webp","type":"image\/webp"}],"author":"KJ","twitter_card":"summary_large_image","twitter_creator":"@webdo_tn","twitter_site":"@webdo_tn","twitter_misc":{"\u00c9crit par":"KJ","Dur\u00e9e de lecture estim\u00e9e":"2 minutes"},"schema":{"@context":"https:\/\/schema.org","@graph":[{"@type":"NewsArticle","@id":"https:\/\/www.webdo.tn\/fr\/actualite\/national\/details-sur-la-participation-de-la-tunisie-a-l-exposition-universelle-osaka-2025\/221007\/#article","isPartOf":{"@id":"https:\/\/www.webdo.tn\/fr\/actualite\/national\/details-sur-la-participation-de-la-tunisie-a-l-exposition-universelle-osaka-2025\/221007\/"},"author":{"name":"KJ","@id":"https:\/\/www.webdo.tn\/fr\/#\/schema\/person\/82ca085b22037d285e1a3c4b65ba5f71"},"headline":"D\u00e9tails sur la participation de la Tunisie \u00e0 l&rsquo;exposition universelle \u00ab\u00a0Osaka 2025\u00a0\u00bb","datePublished":"2025-04-04T15:08:00+00:00","dateModified":"2025-05-20T22:23:20+00:00","mainEntityOfPage":{"@id":"https:\/\/www.webdo.tn\/fr\/actualite\/national\/details-sur-la-participation-de-la-tunisie-a-l-exposition-universelle-osaka-2025\/221007\/"},"wordCount":381,"commentCount":0,"publisher":{"@id":"https:\/\/www.webdo.tn\/fr\/#organization"},"image":{"@id":"https:\/\/www.webdo.tn\/fr\/actualite\/national\/details-sur-la-participation-de-la-tunisie-a-l-exposition-universelle-osaka-2025\/221007\/#primaryimage"},"thumbnailUrl":"https:\/\/www.webdo.tn\/fr\/wp-content\/uploads\/2025\/04\/2c234860fb277f61aa6702430dee4e2e.webp","keywords":["'OSAKA 2025']","exposition","Japon","Tunisie"],"articleSection":["National"],"inLanguage":"fr-FR"},{"@type":"WebPage","@id":"https:\/\/www.webdo.tn\/fr\/actualite\/national\/details-sur-la-participation-de-la-tunisie-a-l-exposition-universelle-osaka-2025\/221007\/","url":"https:\/\/www.webdo.tn\/fr\/actualite\/national\/details-sur-la-participation-de-la-tunisie-a-l-exposition-universelle-osaka-2025\/221007\/","name":"D\u00e9tails sur la participation de la Tunisie \u00e0 l'exposition universelle Osaka 2025","isPartOf":{"@id":"https:\/\/www.webdo.tn\/fr\/#website"},"primaryImageOfPage":{"@id":"https:\/\/www.webdo.tn\/fr\/actualite\/national\/details-sur-la-participation-de-la-tunisie-a-l-exposition-universelle-osaka-2025\/221007\/#primaryimage"},"image":{"@id":"https:\/\/www.webdo.tn\/fr\/actualite\/national\/details-sur-la-participation-de-la-tunisie-a-l-exposition-universelle-osaka-2025\/221007\/#primaryimage"},"thumbnailUrl":"https:\/\/www.webdo.tn\/fr\/wp-content\/uploads\/2025\/04\/2c234860fb277f61aa6702430dee4e2e.webp","datePublished":"2025-04-04T15:08:00+00:00","dateModified":"2025-05-20T22:23:20+00:00","description":"D\u00e9couvrez le programme officiel de la participation tunisienne \u00e0 l'exposition universelle Osaka 2025 : un pavillon immersif mettant en avant le tourisme, la cul...","breadcrumb":{"@id":"https:\/\/www.webdo.tn\/fr\/actualite\/national\/details-sur-la-participation-de-la-tunisie-a-l-exposition-universelle-osaka-2025\/221007\/#breadcrumb"},"inLanguage":"fr-FR","potentialAction":[{"@type":"ReadAction","target":["https:\/\/www.webdo.tn\/fr\/actualite\/national\/details-sur-la-participation-de-la-tunisie-a-l-exposition-universelle-osaka-2025\/221007\/"]}]},{"@type":"ImageObject","inLanguage":"fr-FR","@id":"https:\/\/www.webdo.tn\/fr\/actualite\/national\/details-sur-la-participation-de-la-tunisie-a-l-exposition-universelle-osaka-2025\/221007\/#primaryimage","url":"https:\/\/www.webdo.tn\/fr\/wp-content\/uploads\/2025\/04\/2c234860fb277f61aa6702430dee4e2e.webp","contentUrl":"https:\/\/www.webdo.tn\/fr\/wp-content\/uploads\/2025\/04\/2c234860fb277f61aa6702430dee4e2e.webp","width":750,"height":400,"caption":"D\u00e9tails sur la participation de la Tunisie \u00e0 l'exposition universelle \"Osaka 2025\""},{"@type":"BreadcrumbList","@id":"https:\/\/www.webdo.tn\/fr\/actualite\/national\/details-sur-la-participation-de-la-tunisie-a-l-exposition-universelle-osaka-2025\/221007\/#breadcrumb","itemListElement":[{"@type":"ListItem","position":1,"name":"Accueil","item":"https:\/\/www.webdo.tn\/fr\/"},{"@type":"ListItem","position":2,"name":"D\u00e9tails sur la participation de la Tunisie \u00e0 l&rsquo;exposition universelle \u00ab\u00a0Osaka 2025\u00a0\u00bb"}]},{"@type":"WebSite","@id":"https:\/\/www.webdo.tn\/fr\/#website","url":"https:\/\/www.webdo.tn\/fr\/","name":"webdo","description":"Tunisie - News en Tunisie et \u00e0 l&#039;international sur Webdo.tn","publisher":{"@id":"https:\/\/www.webdo.tn\/fr\/#organization"},"potentialAction":[{"@type":"SearchAction","target":{"@type":"EntryPoint","urlTemplate":"https:\/\/www.webdo.tn\/fr\/?s={search_term_string}"},"query-input":{"@type":"PropertyValueSpecification","valueRequired":true,"valueName":"search_term_string"}}],"inLanguage":"fr-FR"},{"@type":"Organization","@id":"https:\/\/www.webdo.tn\/fr\/#organization","name":"Webdo","alternateName":"Webdo.tn","url":"https:\/\/www.webdo.tn\/fr\/","logo":{"@type":"ImageObject","inLanguage":"fr-FR","@id":"https:\/\/www.webdo.tn\/fr\/#\/schema\/logo\/image\/","url":"https:\/\/www.webdo.tn\/fr\/wp-content\/uploads\/2025\/06\/Webdo-Tunisie_168377.jpg","contentUrl":"https:\/\/www.webdo.tn\/fr\/wp-content\/uploads\/2025\/06\/Webdo-Tunisie_168377.jpg","width":301,"height":301,"caption":"Webdo"},"image":{"@id":"https:\/\/www.webdo.tn\/fr\/#\/schema\/logo\/image\/"},"sameAs":["https:\/\/www.facebook.com\/webdotn","https:\/\/x.com\/webdo_tn"],"description":"Webdo est un m\u00e9dia num\u00e9rique tunisien fond\u00e9 en 2010, sp\u00e9cialis\u00e9 dans l\u2019actualit\u00e9 nationale et internationale, l\u2019\u00e9conomie, la soci\u00e9t\u00e9 et les analyses politiques. Le site s\u2019adresse \u00e0 un large public francophone et couvre l\u2019information tunisienne en temps r\u00e9el.","email":"redac@webdo.tn","legalName":"YNJ SARL","foundingDate":"2010-09-06","numberOfEmployees":{"@type":"QuantitativeValue","minValue":"11","maxValue":"50"}},{"@type":"Person","@id":"https:\/\/www.webdo.tn\/fr\/#\/schema\/person\/82ca085b22037d285e1a3c4b65ba5f71","name":"KJ","image":{"@type":"ImageObject","inLanguage":"fr-FR","@id":"https:\/\/secure.gravatar.com\/avatar\/1a1320de1c1971c893f00068f760b4113d69504aa21273da17ee95650c5944fd?s=96&d=mm&r=g","url":"https:\/\/secure.gravatar.com\/avatar\/1a1320de1c1971c893f00068f760b4113d69504aa21273da17ee95650c5944fd?s=96&d=mm&r=g","contentUrl":"https:\/\/secure.gravatar.com\/avatar\/1a1320de1c1971c893f00068f760b4113d69504aa21273da17ee95650c5944fd?s=96&d=mm&r=g","caption":"KJ"},"url":"https:\/\/www.webdo.tn\/fr\/actualite\/author\/kj\/"}]}},"_links":{"self":[{"href":"https:\/\/www.webdo.tn\/fr\/wp-json\/wp\/v2\/posts\/221007","targetHints":{"allow":["GET"]}}],"collection":[{"href":"https:\/\/www.webdo.tn\/fr\/wp-json\/wp\/v2\/posts"}],"about":[{"href":"https:\/\/www.webdo.tn\/fr\/wp-json\/wp\/v2\/types\/post"}],"author":[{"embeddable":true,"href":"https:\/\/www.webdo.tn\/fr\/wp-json\/wp\/v2\/users\/3163"}],"replies":[{"embeddable":true,"href":"https:\/\/www.webdo.tn\/fr\/wp-json\/wp\/v2\/comments?post=221007"}],"version-history":[{"count":0,"href":"https:\/\/www.webdo.tn\/fr\/wp-json\/wp\/v2\/posts\/221007\/revisions"}],"wp:featuredmedia":[{"embeddable":true,"href":"https:\/\/www.webdo.tn\/fr\/wp-json\/wp\/v2\/media\/292163"}],"wp:attachment":[{"href":"https:\/\/www.webdo.tn\/fr\/wp-json\/wp\/v2\/media?parent=221007"}],"wp:term":[{"taxonomy":"category","embeddable":true,"href":"https:\/\/www.webdo.tn\/fr\/wp-json\/wp\/v2\/categories?post=221007"},{"taxonomy":"post_tag","embeddable":true,"href":"https:\/\/www.webdo.tn\/fr\/wp-json\/wp\/v2\/tags?post=221007"}],"curies":[{"name":"wp","href":"https:\/\/api.w.org\/{rel}","templated":true}]}}