{"id":220999,"date":"2025-04-04T10:19:00","date_gmt":"2025-04-04T10:19:00","guid":{"rendered":"https:\/\/www.webdo.tn\/fr\/blog\/2025\/04\/04\/tunisie-rappel-a-partir-de-demain-l-avenue-hb-sans-voitures\/"},"modified":"2025-05-20T22:18:46","modified_gmt":"2025-05-20T22:18:46","slug":"tunisie-rappel-a-partir-de-demain-l-avenue-hb-sans-voitures","status":"publish","type":"post","link":"https:\/\/www.webdo.tn\/fr\/actualite\/national\/tunisie-rappel-a-partir-de-demain-l-avenue-hb-sans-voitures\/220999\/","title":{"rendered":"Tunisie : Rappel, \u00e0 partir de demain, l\u2019avenue HB sans voitures"},"content":{"rendered":"<p>Une r\u00e9union pr\u00e9paratoire a eu lieu au si\u00e8ge du gouvernorat de Tunis sous la pr\u00e9sidence du gouverneur, Imed Boukhreis, en pr\u00e9paration de la deuxi\u00e8me \u00e9dition de l&rsquo;\u00e9v\u00e9nement \u00ab\u00a0Deux jours sans voitures\u00a0\u00bb sur l&rsquo;avenue Habib Bourguiba, demain 5 et apr\u00e8s-demain 6 avril.\u00a0<\/p>\n<p>Lors de la r\u00e9union, le gouverneur de Tunis a salu\u00e9 les efforts d\u00e9ploy\u00e9s par tous les participants pour assurer le succ\u00e8s de la premi\u00e8re \u00e9dition, et des certificats de remerciement et de reconnaissance ont \u00e9t\u00e9 remis aux organisateurs de l&rsquo;\u00e9v\u00e9nement.<\/p>\n<p>Il est \u00e0 noter que la r\u00e9union s&rsquo;est tenue en pr\u00e9sence de la cheffe de cabinet du gouvernorat, Khloud Hechari, du secr\u00e9taire g\u00e9n\u00e9ral charg\u00e9 de la gestion des affaires municipales de Tunis, des directeurs et d\u00e9l\u00e9gu\u00e9s r\u00e9gionaux des affaires culturelles, de la jeunesse et des sports, du tourisme et de l&rsquo;\u00e9ducation, ainsi que des repr\u00e9sentants des services de s\u00e9curit\u00e9 (Direction de la Police de la Circulation et R\u00e9gion de la S\u00e9curit\u00e9 Nationale de Tunis), et du pr\u00e9sident de l&rsquo;Association du Salon du Livre de Tunis.<\/p>\n","protected":false},"excerpt":{"rendered":"<p>R\u00e9union pr\u00e9paratoire pour la deuxi\u00e8me \u00e9dition de l&rsquo;\u00e9v\u00e9nement  Deux jours sans voitures  \u00e0 Tunis, pr\u00e9vue les 5 et 6 avril 2025, sous la pr\u00e9sidence du gouverneur&#8230;<\/p>\n","protected":false},"author":3163,"featured_media":241346,"comment_status":"open","ping_status":"open","sticky":false,"template":"","format":"standard","meta":{"footnotes":""},"categories":[44],"tags":[3385,2608,3386],"class_list":["post-220999","post","type-post","status-publish","format-standard","has-post-thumbnail","hentry","category-national","tag-avenue-habib-bourguiba","tag-tunisie","tag-voitures"],"yoast_head":"<!-- This site is optimized with the Yoast SEO Premium plugin v27.5 (Yoast SEO v27.5) - https:\/\/yoast.com\/product\/yoast-seo-premium-wordpress\/ -->\n<title>Tunisie : Rappel, \u00e0 partir de demain, l\u2019avenue HB sans voitures<\/title>\n<meta name=\"description\" content=\"R\u00e9union pr\u00e9paratoire pour la deuxi\u00e8me \u00e9dition de l&#039;\u00e9v\u00e9nement Deux jours sans voitures \u00e0 Tunis, pr\u00e9vue les 5 et 6 avril 2025, sous la pr\u00e9sidence du gouverneur...\" \/>\n<link rel=\"canonical\" href=\"https:\/\/www.webdo.tn\/fr\/actualite\/national\/tunisie-rappel-a-partir-de-demain-l-avenue-hb-sans-voitures\/220999\/\" \/>\n<meta property=\"og:locale\" content=\"fr_FR\" \/>\n<meta property=\"og:type\" content=\"article\" \/>\n<meta property=\"og:title\" content=\"Tunisie : Rappel, \u00e0 partir de demain, l\u2019avenue HB sans voitures\" \/>\n<meta property=\"og:description\" content=\"R\u00e9union pr\u00e9paratoire pour la deuxi\u00e8me \u00e9dition de l&#039;\u00e9v\u00e9nement Deux jours sans voitures \u00e0 Tunis, pr\u00e9vue les 5 et 6 avril 2025, sous la pr\u00e9sidence du gouverneur...\" \/>\n<meta property=\"og:url\" content=\"https:\/\/www.webdo.tn\/fr\/actualite\/national\/tunisie-rappel-a-partir-de-demain-l-avenue-hb-sans-voitures\/220999\/\" \/>\n<meta property=\"og:site_name\" content=\"webdo\" \/>\n<meta property=\"article:publisher\" content=\"https:\/\/www.facebook.com\/webdotn\" \/>\n<meta property=\"article:published_time\" content=\"2025-04-04T10:19:00+00:00\" \/>\n<meta property=\"article:modified_time\" content=\"2025-05-20T22:18:46+00:00\" \/>\n<meta property=\"og:image\" content=\"https:\/\/www.webdo.tn\/fr\/wp-content\/uploads\/2025\/05\/b6b33de291f4a28717063984c27599ca-3.webp\" \/>\n\t<meta property=\"og:image:width\" content=\"630\" \/>\n\t<meta property=\"og:image:height\" content=\"336\" \/>\n\t<meta property=\"og:image:type\" content=\"image\/webp\" \/>\n<meta name=\"author\" content=\"KJ\" \/>\n<meta name=\"twitter:card\" content=\"summary_large_image\" \/>\n<meta name=\"twitter:creator\" content=\"@webdo_tn\" \/>\n<meta name=\"twitter:site\" content=\"@webdo_tn\" \/>\n<meta name=\"twitter:label1\" content=\"\u00c9crit par\" \/>\n\t<meta name=\"twitter:data1\" content=\"KJ\" \/>\n\t<meta name=\"twitter:label2\" content=\"Dur\u00e9e de lecture estim\u00e9e\" \/>\n\t<meta name=\"twitter:data2\" content=\"1 minute\" \/>\n<script type=\"application\/ld+json\" class=\"yoast-schema-graph\">{\"@context\":\"https:\\\/\\\/schema.org\",\"@graph\":[{\"@type\":\"NewsArticle\",\"@id\":\"https:\\\/\\\/www.webdo.tn\\\/fr\\\/actualite\\\/national\\\/tunisie-rappel-a-partir-de-demain-l-avenue-hb-sans-voitures\\\/220999\\\/#article\",\"isPartOf\":{\"@id\":\"https:\\\/\\\/www.webdo.tn\\\/fr\\\/actualite\\\/national\\\/tunisie-rappel-a-partir-de-demain-l-avenue-hb-sans-voitures\\\/220999\\\/\"},\"author\":{\"name\":\"KJ\",\"@id\":\"https:\\\/\\\/www.webdo.tn\\\/fr\\\/#\\\/schema\\\/person\\\/82ca085b22037d285e1a3c4b65ba5f71\"},\"headline\":\"Tunisie : Rappel, \u00e0 partir de demain, l\u2019avenue HB sans voitures\",\"datePublished\":\"2025-04-04T10:19:00+00:00\",\"dateModified\":\"2025-05-20T22:18:46+00:00\",\"mainEntityOfPage\":{\"@id\":\"https:\\\/\\\/www.webdo.tn\\\/fr\\\/actualite\\\/national\\\/tunisie-rappel-a-partir-de-demain-l-avenue-hb-sans-voitures\\\/220999\\\/\"},\"wordCount\":207,\"commentCount\":0,\"publisher\":{\"@id\":\"https:\\\/\\\/www.webdo.tn\\\/fr\\\/#organization\"},\"image\":{\"@id\":\"https:\\\/\\\/www.webdo.tn\\\/fr\\\/actualite\\\/national\\\/tunisie-rappel-a-partir-de-demain-l-avenue-hb-sans-voitures\\\/220999\\\/#primaryimage\"},\"thumbnailUrl\":\"https:\\\/\\\/www.webdo.tn\\\/fr\\\/wp-content\\\/uploads\\\/2025\\\/05\\\/b6b33de291f4a28717063984c27599ca-3.webp\",\"keywords\":[\"avenue Habib Bourguiba\",\"Tunisie\",\"voitures\"],\"articleSection\":[\"National\"],\"inLanguage\":\"fr-FR\"},{\"@type\":\"WebPage\",\"@id\":\"https:\\\/\\\/www.webdo.tn\\\/fr\\\/actualite\\\/national\\\/tunisie-rappel-a-partir-de-demain-l-avenue-hb-sans-voitures\\\/220999\\\/\",\"url\":\"https:\\\/\\\/www.webdo.tn\\\/fr\\\/actualite\\\/national\\\/tunisie-rappel-a-partir-de-demain-l-avenue-hb-sans-voitures\\\/220999\\\/\",\"name\":\"Tunisie : Rappel, \u00e0 partir de demain, l\u2019avenue HB sans voitures\",\"isPartOf\":{\"@id\":\"https:\\\/\\\/www.webdo.tn\\\/fr\\\/#website\"},\"primaryImageOfPage\":{\"@id\":\"https:\\\/\\\/www.webdo.tn\\\/fr\\\/actualite\\\/national\\\/tunisie-rappel-a-partir-de-demain-l-avenue-hb-sans-voitures\\\/220999\\\/#primaryimage\"},\"image\":{\"@id\":\"https:\\\/\\\/www.webdo.tn\\\/fr\\\/actualite\\\/national\\\/tunisie-rappel-a-partir-de-demain-l-avenue-hb-sans-voitures\\\/220999\\\/#primaryimage\"},\"thumbnailUrl\":\"https:\\\/\\\/www.webdo.tn\\\/fr\\\/wp-content\\\/uploads\\\/2025\\\/05\\\/b6b33de291f4a28717063984c27599ca-3.webp\",\"datePublished\":\"2025-04-04T10:19:00+00:00\",\"dateModified\":\"2025-05-20T22:18:46+00:00\",\"description\":\"R\u00e9union pr\u00e9paratoire pour la deuxi\u00e8me \u00e9dition de l'\u00e9v\u00e9nement Deux jours sans voitures \u00e0 Tunis, pr\u00e9vue les 5 et 6 avril 2025, sous la pr\u00e9sidence du gouverneur...\",\"breadcrumb\":{\"@id\":\"https:\\\/\\\/www.webdo.tn\\\/fr\\\/actualite\\\/national\\\/tunisie-rappel-a-partir-de-demain-l-avenue-hb-sans-voitures\\\/220999\\\/#breadcrumb\"},\"inLanguage\":\"fr-FR\",\"potentialAction\":[{\"@type\":\"ReadAction\",\"target\":[\"https:\\\/\\\/www.webdo.tn\\\/fr\\\/actualite\\\/national\\\/tunisie-rappel-a-partir-de-demain-l-avenue-hb-sans-voitures\\\/220999\\\/\"]}]},{\"@type\":\"ImageObject\",\"inLanguage\":\"fr-FR\",\"@id\":\"https:\\\/\\\/www.webdo.tn\\\/fr\\\/actualite\\\/national\\\/tunisie-rappel-a-partir-de-demain-l-avenue-hb-sans-voitures\\\/220999\\\/#primaryimage\",\"url\":\"https:\\\/\\\/www.webdo.tn\\\/fr\\\/wp-content\\\/uploads\\\/2025\\\/05\\\/b6b33de291f4a28717063984c27599ca-3.webp\",\"contentUrl\":\"https:\\\/\\\/www.webdo.tn\\\/fr\\\/wp-content\\\/uploads\\\/2025\\\/05\\\/b6b33de291f4a28717063984c27599ca-3.webp\",\"width\":630,\"height\":336},{\"@type\":\"BreadcrumbList\",\"@id\":\"https:\\\/\\\/www.webdo.tn\\\/fr\\\/actualite\\\/national\\\/tunisie-rappel-a-partir-de-demain-l-avenue-hb-sans-voitures\\\/220999\\\/#breadcrumb\",\"itemListElement\":[{\"@type\":\"ListItem\",\"position\":1,\"name\":\"Accueil\",\"item\":\"https:\\\/\\\/www.webdo.tn\\\/fr\\\/\"},{\"@type\":\"ListItem\",\"position\":2,\"name\":\"Tunisie : Rappel, \u00e0 partir de demain, l\u2019avenue HB sans voitures\"}]},{\"@type\":\"WebSite\",\"@id\":\"https:\\\/\\\/www.webdo.tn\\\/fr\\\/#website\",\"url\":\"https:\\\/\\\/www.webdo.tn\\\/fr\\\/\",\"name\":\"webdo\",\"description\":\"Tunisie - News en Tunisie et \u00e0 l&#039;international sur Webdo.tn\",\"publisher\":{\"@id\":\"https:\\\/\\\/www.webdo.tn\\\/fr\\\/#organization\"},\"potentialAction\":[{\"@type\":\"SearchAction\",\"target\":{\"@type\":\"EntryPoint\",\"urlTemplate\":\"https:\\\/\\\/www.webdo.tn\\\/fr\\\/?s={search_term_string}\"},\"query-input\":{\"@type\":\"PropertyValueSpecification\",\"valueRequired\":true,\"valueName\":\"search_term_string\"}}],\"inLanguage\":\"fr-FR\"},{\"@type\":\"Organization\",\"@id\":\"https:\\\/\\\/www.webdo.tn\\\/fr\\\/#organization\",\"name\":\"Webdo\",\"alternateName\":\"Webdo.tn\",\"url\":\"https:\\\/\\\/www.webdo.tn\\\/fr\\\/\",\"logo\":{\"@type\":\"ImageObject\",\"inLanguage\":\"fr-FR\",\"@id\":\"https:\\\/\\\/www.webdo.tn\\\/fr\\\/#\\\/schema\\\/logo\\\/image\\\/\",\"url\":\"https:\\\/\\\/www.webdo.tn\\\/fr\\\/wp-content\\\/uploads\\\/2025\\\/06\\\/Webdo-Tunisie_168377.jpg\",\"contentUrl\":\"https:\\\/\\\/www.webdo.tn\\\/fr\\\/wp-content\\\/uploads\\\/2025\\\/06\\\/Webdo-Tunisie_168377.jpg\",\"width\":301,\"height\":301,\"caption\":\"Webdo\"},\"image\":{\"@id\":\"https:\\\/\\\/www.webdo.tn\\\/fr\\\/#\\\/schema\\\/logo\\\/image\\\/\"},\"sameAs\":[\"https:\\\/\\\/www.facebook.com\\\/webdotn\",\"https:\\\/\\\/x.com\\\/webdo_tn\"],\"description\":\"Webdo est un m\u00e9dia num\u00e9rique tunisien fond\u00e9 en 2010, sp\u00e9cialis\u00e9 dans l\u2019actualit\u00e9 nationale et internationale, l\u2019\u00e9conomie, la soci\u00e9t\u00e9 et les analyses politiques. Le site s\u2019adresse \u00e0 un large public francophone et couvre l\u2019information tunisienne en temps r\u00e9el.\",\"email\":\"redac@webdo.tn\",\"legalName\":\"YNJ SARL\",\"foundingDate\":\"2010-09-06\",\"numberOfEmployees\":{\"@type\":\"QuantitativeValue\",\"minValue\":\"11\",\"maxValue\":\"50\"}},{\"@type\":\"Person\",\"@id\":\"https:\\\/\\\/www.webdo.tn\\\/fr\\\/#\\\/schema\\\/person\\\/82ca085b22037d285e1a3c4b65ba5f71\",\"name\":\"KJ\",\"image\":{\"@type\":\"ImageObject\",\"inLanguage\":\"fr-FR\",\"@id\":\"https:\\\/\\\/secure.gravatar.com\\\/avatar\\\/1a1320de1c1971c893f00068f760b4113d69504aa21273da17ee95650c5944fd?s=96&d=mm&r=g\",\"url\":\"https:\\\/\\\/secure.gravatar.com\\\/avatar\\\/1a1320de1c1971c893f00068f760b4113d69504aa21273da17ee95650c5944fd?s=96&d=mm&r=g\",\"contentUrl\":\"https:\\\/\\\/secure.gravatar.com\\\/avatar\\\/1a1320de1c1971c893f00068f760b4113d69504aa21273da17ee95650c5944fd?s=96&d=mm&r=g\",\"caption\":\"KJ\"},\"url\":\"https:\\\/\\\/www.webdo.tn\\\/fr\\\/actualite\\\/author\\\/kj\\\/\"}]}<\/script>\n<!-- \/ Yoast SEO Premium plugin. -->","yoast_head_json":{"title":"Tunisie : Rappel, \u00e0 partir de demain, l\u2019avenue HB sans voitures","description":"R\u00e9union pr\u00e9paratoire pour la deuxi\u00e8me \u00e9dition de l'\u00e9v\u00e9nement Deux jours sans voitures \u00e0 Tunis, pr\u00e9vue les 5 et 6 avril 2025, sous la pr\u00e9sidence du gouverneur...","canonical":"https:\/\/www.webdo.tn\/fr\/actualite\/national\/tunisie-rappel-a-partir-de-demain-l-avenue-hb-sans-voitures\/220999\/","og_locale":"fr_FR","og_type":"article","og_title":"Tunisie : Rappel, \u00e0 partir de demain, l\u2019avenue HB sans voitures","og_description":"R\u00e9union pr\u00e9paratoire pour la deuxi\u00e8me \u00e9dition de l'\u00e9v\u00e9nement Deux jours sans voitures \u00e0 Tunis, pr\u00e9vue les 5 et 6 avril 2025, sous la pr\u00e9sidence du gouverneur...","og_url":"https:\/\/www.webdo.tn\/fr\/actualite\/national\/tunisie-rappel-a-partir-de-demain-l-avenue-hb-sans-voitures\/220999\/","og_site_name":"webdo","article_publisher":"https:\/\/www.facebook.com\/webdotn","article_published_time":"2025-04-04T10:19:00+00:00","article_modified_time":"2025-05-20T22:18:46+00:00","og_image":[{"width":630,"height":336,"url":"https:\/\/www.webdo.tn\/fr\/wp-content\/uploads\/2025\/05\/b6b33de291f4a28717063984c27599ca-3.webp","type":"image\/webp"}],"author":"KJ","twitter_card":"summary_large_image","twitter_creator":"@webdo_tn","twitter_site":"@webdo_tn","twitter_misc":{"\u00c9crit par":"KJ","Dur\u00e9e de lecture estim\u00e9e":"1 minute"},"schema":{"@context":"https:\/\/schema.org","@graph":[{"@type":"NewsArticle","@id":"https:\/\/www.webdo.tn\/fr\/actualite\/national\/tunisie-rappel-a-partir-de-demain-l-avenue-hb-sans-voitures\/220999\/#article","isPartOf":{"@id":"https:\/\/www.webdo.tn\/fr\/actualite\/national\/tunisie-rappel-a-partir-de-demain-l-avenue-hb-sans-voitures\/220999\/"},"author":{"name":"KJ","@id":"https:\/\/www.webdo.tn\/fr\/#\/schema\/person\/82ca085b22037d285e1a3c4b65ba5f71"},"headline":"Tunisie : Rappel, \u00e0 partir de demain, l\u2019avenue HB sans voitures","datePublished":"2025-04-04T10:19:00+00:00","dateModified":"2025-05-20T22:18:46+00:00","mainEntityOfPage":{"@id":"https:\/\/www.webdo.tn\/fr\/actualite\/national\/tunisie-rappel-a-partir-de-demain-l-avenue-hb-sans-voitures\/220999\/"},"wordCount":207,"commentCount":0,"publisher":{"@id":"https:\/\/www.webdo.tn\/fr\/#organization"},"image":{"@id":"https:\/\/www.webdo.tn\/fr\/actualite\/national\/tunisie-rappel-a-partir-de-demain-l-avenue-hb-sans-voitures\/220999\/#primaryimage"},"thumbnailUrl":"https:\/\/www.webdo.tn\/fr\/wp-content\/uploads\/2025\/05\/b6b33de291f4a28717063984c27599ca-3.webp","keywords":["avenue Habib Bourguiba","Tunisie","voitures"],"articleSection":["National"],"inLanguage":"fr-FR"},{"@type":"WebPage","@id":"https:\/\/www.webdo.tn\/fr\/actualite\/national\/tunisie-rappel-a-partir-de-demain-l-avenue-hb-sans-voitures\/220999\/","url":"https:\/\/www.webdo.tn\/fr\/actualite\/national\/tunisie-rappel-a-partir-de-demain-l-avenue-hb-sans-voitures\/220999\/","name":"Tunisie : Rappel, \u00e0 partir de demain, l\u2019avenue HB sans voitures","isPartOf":{"@id":"https:\/\/www.webdo.tn\/fr\/#website"},"primaryImageOfPage":{"@id":"https:\/\/www.webdo.tn\/fr\/actualite\/national\/tunisie-rappel-a-partir-de-demain-l-avenue-hb-sans-voitures\/220999\/#primaryimage"},"image":{"@id":"https:\/\/www.webdo.tn\/fr\/actualite\/national\/tunisie-rappel-a-partir-de-demain-l-avenue-hb-sans-voitures\/220999\/#primaryimage"},"thumbnailUrl":"https:\/\/www.webdo.tn\/fr\/wp-content\/uploads\/2025\/05\/b6b33de291f4a28717063984c27599ca-3.webp","datePublished":"2025-04-04T10:19:00+00:00","dateModified":"2025-05-20T22:18:46+00:00","description":"R\u00e9union pr\u00e9paratoire pour la deuxi\u00e8me \u00e9dition de l'\u00e9v\u00e9nement Deux jours sans voitures \u00e0 Tunis, pr\u00e9vue les 5 et 6 avril 2025, sous la pr\u00e9sidence du gouverneur...","breadcrumb":{"@id":"https:\/\/www.webdo.tn\/fr\/actualite\/national\/tunisie-rappel-a-partir-de-demain-l-avenue-hb-sans-voitures\/220999\/#breadcrumb"},"inLanguage":"fr-FR","potentialAction":[{"@type":"ReadAction","target":["https:\/\/www.webdo.tn\/fr\/actualite\/national\/tunisie-rappel-a-partir-de-demain-l-avenue-hb-sans-voitures\/220999\/"]}]},{"@type":"ImageObject","inLanguage":"fr-FR","@id":"https:\/\/www.webdo.tn\/fr\/actualite\/national\/tunisie-rappel-a-partir-de-demain-l-avenue-hb-sans-voitures\/220999\/#primaryimage","url":"https:\/\/www.webdo.tn\/fr\/wp-content\/uploads\/2025\/05\/b6b33de291f4a28717063984c27599ca-3.webp","contentUrl":"https:\/\/www.webdo.tn\/fr\/wp-content\/uploads\/2025\/05\/b6b33de291f4a28717063984c27599ca-3.webp","width":630,"height":336},{"@type":"BreadcrumbList","@id":"https:\/\/www.webdo.tn\/fr\/actualite\/national\/tunisie-rappel-a-partir-de-demain-l-avenue-hb-sans-voitures\/220999\/#breadcrumb","itemListElement":[{"@type":"ListItem","position":1,"name":"Accueil","item":"https:\/\/www.webdo.tn\/fr\/"},{"@type":"ListItem","position":2,"name":"Tunisie : Rappel, \u00e0 partir de demain, l\u2019avenue HB sans voitures"}]},{"@type":"WebSite","@id":"https:\/\/www.webdo.tn\/fr\/#website","url":"https:\/\/www.webdo.tn\/fr\/","name":"webdo","description":"Tunisie - News en Tunisie et \u00e0 l&#039;international sur Webdo.tn","publisher":{"@id":"https:\/\/www.webdo.tn\/fr\/#organization"},"potentialAction":[{"@type":"SearchAction","target":{"@type":"EntryPoint","urlTemplate":"https:\/\/www.webdo.tn\/fr\/?s={search_term_string}"},"query-input":{"@type":"PropertyValueSpecification","valueRequired":true,"valueName":"search_term_string"}}],"inLanguage":"fr-FR"},{"@type":"Organization","@id":"https:\/\/www.webdo.tn\/fr\/#organization","name":"Webdo","alternateName":"Webdo.tn","url":"https:\/\/www.webdo.tn\/fr\/","logo":{"@type":"ImageObject","inLanguage":"fr-FR","@id":"https:\/\/www.webdo.tn\/fr\/#\/schema\/logo\/image\/","url":"https:\/\/www.webdo.tn\/fr\/wp-content\/uploads\/2025\/06\/Webdo-Tunisie_168377.jpg","contentUrl":"https:\/\/www.webdo.tn\/fr\/wp-content\/uploads\/2025\/06\/Webdo-Tunisie_168377.jpg","width":301,"height":301,"caption":"Webdo"},"image":{"@id":"https:\/\/www.webdo.tn\/fr\/#\/schema\/logo\/image\/"},"sameAs":["https:\/\/www.facebook.com\/webdotn","https:\/\/x.com\/webdo_tn"],"description":"Webdo est un m\u00e9dia num\u00e9rique tunisien fond\u00e9 en 2010, sp\u00e9cialis\u00e9 dans l\u2019actualit\u00e9 nationale et internationale, l\u2019\u00e9conomie, la soci\u00e9t\u00e9 et les analyses politiques. Le site s\u2019adresse \u00e0 un large public francophone et couvre l\u2019information tunisienne en temps r\u00e9el.","email":"redac@webdo.tn","legalName":"YNJ SARL","foundingDate":"2010-09-06","numberOfEmployees":{"@type":"QuantitativeValue","minValue":"11","maxValue":"50"}},{"@type":"Person","@id":"https:\/\/www.webdo.tn\/fr\/#\/schema\/person\/82ca085b22037d285e1a3c4b65ba5f71","name":"KJ","image":{"@type":"ImageObject","inLanguage":"fr-FR","@id":"https:\/\/secure.gravatar.com\/avatar\/1a1320de1c1971c893f00068f760b4113d69504aa21273da17ee95650c5944fd?s=96&d=mm&r=g","url":"https:\/\/secure.gravatar.com\/avatar\/1a1320de1c1971c893f00068f760b4113d69504aa21273da17ee95650c5944fd?s=96&d=mm&r=g","contentUrl":"https:\/\/secure.gravatar.com\/avatar\/1a1320de1c1971c893f00068f760b4113d69504aa21273da17ee95650c5944fd?s=96&d=mm&r=g","caption":"KJ"},"url":"https:\/\/www.webdo.tn\/fr\/actualite\/author\/kj\/"}]}},"_links":{"self":[{"href":"https:\/\/www.webdo.tn\/fr\/wp-json\/wp\/v2\/posts\/220999","targetHints":{"allow":["GET"]}}],"collection":[{"href":"https:\/\/www.webdo.tn\/fr\/wp-json\/wp\/v2\/posts"}],"about":[{"href":"https:\/\/www.webdo.tn\/fr\/wp-json\/wp\/v2\/types\/post"}],"author":[{"embeddable":true,"href":"https:\/\/www.webdo.tn\/fr\/wp-json\/wp\/v2\/users\/3163"}],"replies":[{"embeddable":true,"href":"https:\/\/www.webdo.tn\/fr\/wp-json\/wp\/v2\/comments?post=220999"}],"version-history":[{"count":0,"href":"https:\/\/www.webdo.tn\/fr\/wp-json\/wp\/v2\/posts\/220999\/revisions"}],"wp:featuredmedia":[{"embeddable":true,"href":"https:\/\/www.webdo.tn\/fr\/wp-json\/wp\/v2\/media\/241346"}],"wp:attachment":[{"href":"https:\/\/www.webdo.tn\/fr\/wp-json\/wp\/v2\/media?parent=220999"}],"wp:term":[{"taxonomy":"category","embeddable":true,"href":"https:\/\/www.webdo.tn\/fr\/wp-json\/wp\/v2\/categories?post=220999"},{"taxonomy":"post_tag","embeddable":true,"href":"https:\/\/www.webdo.tn\/fr\/wp-json\/wp\/v2\/tags?post=220999"}],"curies":[{"name":"wp","href":"https:\/\/api.w.org\/{rel}","templated":true}]}}