{"id":220990,"date":"2025-04-04T08:05:00","date_gmt":"2025-04-04T08:05:00","guid":{"rendered":"https:\/\/www.webdo.tn\/fr\/blog\/2025\/04\/04\/dossier-des-subsahariens-la-tunisie-passe-a-l-action\/"},"modified":"2025-05-20T22:18:45","modified_gmt":"2025-05-20T22:18:45","slug":"dossier-des-subsahariens-la-tunisie-passe-a-l-action","status":"publish","type":"post","link":"https:\/\/www.webdo.tn\/fr\/actualite\/national\/dossier-des-subsahariens-la-tunisie-passe-a-l-action\/220990\/","title":{"rendered":"Dossier des Subsahariens : La Tunisie passe \u00e0 l\u2019action"},"content":{"rendered":"<p>Le porte-parole de la Garde nationale, Houssem Eddine Jbabli, a d\u00e9clar\u00e9 jeudi 3 avril 2025 que l&rsquo;intervention des forces de s\u00e9curit\u00e9 \u00e0 Sfax concernant les migrants en situation irr\u00e9guli\u00e8re originaires d&rsquo;Afrique subsaharienne avait pour objectif de prot\u00e9ger l&rsquo;\u00e9quipe d\u00e9p\u00each\u00e9e sur place, compos\u00e9e de membres du Croissant-Rouge tunisien, de m\u00e9decins et d&rsquo;agents de la protection civile en contact direct avec eux.<\/p>\n<p>Dans une interview accord\u00e9e \u00e0 la t\u00e9l\u00e9vision nationale, il a ajout\u00e9 que les camps de fortune install\u00e9s par ces migrants repr\u00e9sentaient d\u00e9sormais une menace pour la paix sociale, tant sur le plan s\u00e9curitaire, sanitaire qu\u2019environnemental, en plus de plusieurs cas d&rsquo;agressions contre des biens publics et priv\u00e9s.<\/p>\n<p>Il a \u00e9galement soulign\u00e9 que cette question \u00e9tait suivie de pr\u00e8s par le pr\u00e9sident de la R\u00e9publique, Ka\u00efs Sa\u00efed, en sa qualit\u00e9 de chef supr\u00eame des forces arm\u00e9es, \u00e0 travers des r\u00e9unions avec les responsables s\u00e9curitaires en vue de trouver des solutions alternatives et de favoriser leur retour volontaire dans leurs pays d\u2019origine.<\/p>\n<p>Jbabli a affirm\u00e9 que des contacts \u00e9taient en cours avec des organisations internationales et des pays partenaires afin d&rsquo;organiser un pont a\u00e9rien pour les migrants souhaitant rentrer volontairement, dans une approche s\u00e9curitaire et respectueuse des droits humains, conforme aux conventions internationales sur les libert\u00e9s.<\/p>\n<p>Il a, en revanche, pr\u00e9cis\u00e9 que les migrants impliqu\u00e9s dans des actes de violence et des atteintes aux biens \u00e9taient soumis \u00e0 des expulsions forc\u00e9es ou incarc\u00e9r\u00e9s dans les prisons tunisiennes.<\/p>\n<p>Par ailleurs, il a soulign\u00e9 qu\u2019aucune tentative d\u2019infiltration de migrants en provenance d\u2019Afrique subsaharienne n\u2019avait \u00e9t\u00e9 enregistr\u00e9e depuis le d\u00e9but de l\u2019ann\u00e9e jusqu\u2019\u00e0 fin mars, que ce soit par les fronti\u00e8res occidentales ou dans le sud-est du pays, gr\u00e2ce \u00e0 la strat\u00e9gie mise en place par les forces de s\u00e9curit\u00e9 et l\u2019arm\u00e9e.<\/p>\n","protected":false},"excerpt":{"rendered":"<p>L&rsquo;intervention s\u00e9curitaire \u00e0 Sfax visait \u00e0 prot\u00e9ger les \u00e9quipes humanitaires face aux camps de migrants en situation irr\u00e9guli\u00e8re. Le porte-parole de la Garde na&#8230;<\/p>\n","protected":false},"author":3163,"featured_media":241338,"comment_status":"open","ping_status":"open","sticky":false,"template":"","format":"standard","meta":{"footnotes":""},"categories":[44],"tags":[2668,2615,3377,2608],"class_list":["post-220990","post","type-post","status-publish","format-standard","has-post-thumbnail","hentry","category-national","tag-lutte","tag-migration","tag-subsahariens","tag-tunisie"],"yoast_head":"<!-- This site is optimized with the Yoast SEO Premium plugin v27.5 (Yoast SEO v27.5) - https:\/\/yoast.com\/product\/yoast-seo-premium-wordpress\/ -->\n<title>Dossier des Subsahariens : La Tunisie passe \u00e0 l\u2019action<\/title>\n<meta name=\"description\" content=\"L&#039;intervention s\u00e9curitaire \u00e0 Sfax visait \u00e0 prot\u00e9ger les \u00e9quipes humanitaires face aux camps de migrants en situation irr\u00e9guli\u00e8re. Le porte-parole de la Garde na...\" \/>\n<link rel=\"canonical\" href=\"https:\/\/www.webdo.tn\/fr\/actualite\/national\/dossier-des-subsahariens-la-tunisie-passe-a-l-action\/220990\/\" \/>\n<meta property=\"og:locale\" content=\"fr_FR\" \/>\n<meta property=\"og:type\" content=\"article\" \/>\n<meta property=\"og:title\" content=\"Dossier des Subsahariens : La Tunisie passe \u00e0 l\u2019action\" \/>\n<meta property=\"og:description\" content=\"L&#039;intervention s\u00e9curitaire \u00e0 Sfax visait \u00e0 prot\u00e9ger les \u00e9quipes humanitaires face aux camps de migrants en situation irr\u00e9guli\u00e8re. Le porte-parole de la Garde na...\" \/>\n<meta property=\"og:url\" content=\"https:\/\/www.webdo.tn\/fr\/actualite\/national\/dossier-des-subsahariens-la-tunisie-passe-a-l-action\/220990\/\" \/>\n<meta property=\"og:site_name\" content=\"webdo\" \/>\n<meta property=\"article:publisher\" content=\"https:\/\/www.facebook.com\/webdotn\" \/>\n<meta property=\"article:published_time\" content=\"2025-04-04T08:05:00+00:00\" \/>\n<meta property=\"article:modified_time\" content=\"2025-05-20T22:18:45+00:00\" \/>\n<meta property=\"og:image\" content=\"https:\/\/www.webdo.tn\/fr\/wp-content\/uploads\/2025\/05\/5e88eb4b8d521d19d0d3201eb5122f18-3.webp\" \/>\n\t<meta property=\"og:image:width\" content=\"750\" \/>\n\t<meta property=\"og:image:height\" content=\"400\" \/>\n\t<meta property=\"og:image:type\" content=\"image\/webp\" \/>\n<meta name=\"author\" content=\"KJ\" \/>\n<meta name=\"twitter:card\" content=\"summary_large_image\" \/>\n<meta name=\"twitter:creator\" content=\"@webdo_tn\" \/>\n<meta name=\"twitter:site\" content=\"@webdo_tn\" \/>\n<meta name=\"twitter:label1\" content=\"\u00c9crit par\" \/>\n\t<meta name=\"twitter:data1\" content=\"KJ\" \/>\n\t<meta name=\"twitter:label2\" content=\"Dur\u00e9e de lecture estim\u00e9e\" \/>\n\t<meta name=\"twitter:data2\" content=\"2 minutes\" \/>\n<script type=\"application\/ld+json\" class=\"yoast-schema-graph\">{\"@context\":\"https:\\\/\\\/schema.org\",\"@graph\":[{\"@type\":\"NewsArticle\",\"@id\":\"https:\\\/\\\/www.webdo.tn\\\/fr\\\/actualite\\\/national\\\/dossier-des-subsahariens-la-tunisie-passe-a-l-action\\\/220990\\\/#article\",\"isPartOf\":{\"@id\":\"https:\\\/\\\/www.webdo.tn\\\/fr\\\/actualite\\\/national\\\/dossier-des-subsahariens-la-tunisie-passe-a-l-action\\\/220990\\\/\"},\"author\":{\"name\":\"KJ\",\"@id\":\"https:\\\/\\\/www.webdo.tn\\\/fr\\\/#\\\/schema\\\/person\\\/82ca085b22037d285e1a3c4b65ba5f71\"},\"headline\":\"Dossier des Subsahariens : La Tunisie passe \u00e0 l\u2019action\",\"datePublished\":\"2025-04-04T08:05:00+00:00\",\"dateModified\":\"2025-05-20T22:18:45+00:00\",\"mainEntityOfPage\":{\"@id\":\"https:\\\/\\\/www.webdo.tn\\\/fr\\\/actualite\\\/national\\\/dossier-des-subsahariens-la-tunisie-passe-a-l-action\\\/220990\\\/\"},\"wordCount\":345,\"commentCount\":0,\"publisher\":{\"@id\":\"https:\\\/\\\/www.webdo.tn\\\/fr\\\/#organization\"},\"image\":{\"@id\":\"https:\\\/\\\/www.webdo.tn\\\/fr\\\/actualite\\\/national\\\/dossier-des-subsahariens-la-tunisie-passe-a-l-action\\\/220990\\\/#primaryimage\"},\"thumbnailUrl\":\"https:\\\/\\\/www.webdo.tn\\\/fr\\\/wp-content\\\/uploads\\\/2025\\\/05\\\/5e88eb4b8d521d19d0d3201eb5122f18-3.webp\",\"keywords\":[\"lutte\",\"Migration\",\"Subsahariens\",\"Tunisie\"],\"articleSection\":[\"National\"],\"inLanguage\":\"fr-FR\"},{\"@type\":\"WebPage\",\"@id\":\"https:\\\/\\\/www.webdo.tn\\\/fr\\\/actualite\\\/national\\\/dossier-des-subsahariens-la-tunisie-passe-a-l-action\\\/220990\\\/\",\"url\":\"https:\\\/\\\/www.webdo.tn\\\/fr\\\/actualite\\\/national\\\/dossier-des-subsahariens-la-tunisie-passe-a-l-action\\\/220990\\\/\",\"name\":\"Dossier des Subsahariens : La Tunisie passe \u00e0 l\u2019action\",\"isPartOf\":{\"@id\":\"https:\\\/\\\/www.webdo.tn\\\/fr\\\/#website\"},\"primaryImageOfPage\":{\"@id\":\"https:\\\/\\\/www.webdo.tn\\\/fr\\\/actualite\\\/national\\\/dossier-des-subsahariens-la-tunisie-passe-a-l-action\\\/220990\\\/#primaryimage\"},\"image\":{\"@id\":\"https:\\\/\\\/www.webdo.tn\\\/fr\\\/actualite\\\/national\\\/dossier-des-subsahariens-la-tunisie-passe-a-l-action\\\/220990\\\/#primaryimage\"},\"thumbnailUrl\":\"https:\\\/\\\/www.webdo.tn\\\/fr\\\/wp-content\\\/uploads\\\/2025\\\/05\\\/5e88eb4b8d521d19d0d3201eb5122f18-3.webp\",\"datePublished\":\"2025-04-04T08:05:00+00:00\",\"dateModified\":\"2025-05-20T22:18:45+00:00\",\"description\":\"L'intervention s\u00e9curitaire \u00e0 Sfax visait \u00e0 prot\u00e9ger les \u00e9quipes humanitaires face aux camps de migrants en situation irr\u00e9guli\u00e8re. Le porte-parole de la Garde na...\",\"breadcrumb\":{\"@id\":\"https:\\\/\\\/www.webdo.tn\\\/fr\\\/actualite\\\/national\\\/dossier-des-subsahariens-la-tunisie-passe-a-l-action\\\/220990\\\/#breadcrumb\"},\"inLanguage\":\"fr-FR\",\"potentialAction\":[{\"@type\":\"ReadAction\",\"target\":[\"https:\\\/\\\/www.webdo.tn\\\/fr\\\/actualite\\\/national\\\/dossier-des-subsahariens-la-tunisie-passe-a-l-action\\\/220990\\\/\"]}]},{\"@type\":\"ImageObject\",\"inLanguage\":\"fr-FR\",\"@id\":\"https:\\\/\\\/www.webdo.tn\\\/fr\\\/actualite\\\/national\\\/dossier-des-subsahariens-la-tunisie-passe-a-l-action\\\/220990\\\/#primaryimage\",\"url\":\"https:\\\/\\\/www.webdo.tn\\\/fr\\\/wp-content\\\/uploads\\\/2025\\\/05\\\/5e88eb4b8d521d19d0d3201eb5122f18-3.webp\",\"contentUrl\":\"https:\\\/\\\/www.webdo.tn\\\/fr\\\/wp-content\\\/uploads\\\/2025\\\/05\\\/5e88eb4b8d521d19d0d3201eb5122f18-3.webp\",\"width\":750,\"height\":400},{\"@type\":\"BreadcrumbList\",\"@id\":\"https:\\\/\\\/www.webdo.tn\\\/fr\\\/actualite\\\/national\\\/dossier-des-subsahariens-la-tunisie-passe-a-l-action\\\/220990\\\/#breadcrumb\",\"itemListElement\":[{\"@type\":\"ListItem\",\"position\":1,\"name\":\"Accueil\",\"item\":\"https:\\\/\\\/www.webdo.tn\\\/fr\\\/\"},{\"@type\":\"ListItem\",\"position\":2,\"name\":\"Dossier des Subsahariens : La Tunisie passe \u00e0 l\u2019action\"}]},{\"@type\":\"WebSite\",\"@id\":\"https:\\\/\\\/www.webdo.tn\\\/fr\\\/#website\",\"url\":\"https:\\\/\\\/www.webdo.tn\\\/fr\\\/\",\"name\":\"webdo\",\"description\":\"Tunisie - News en Tunisie et \u00e0 l&#039;international sur Webdo.tn\",\"publisher\":{\"@id\":\"https:\\\/\\\/www.webdo.tn\\\/fr\\\/#organization\"},\"potentialAction\":[{\"@type\":\"SearchAction\",\"target\":{\"@type\":\"EntryPoint\",\"urlTemplate\":\"https:\\\/\\\/www.webdo.tn\\\/fr\\\/?s={search_term_string}\"},\"query-input\":{\"@type\":\"PropertyValueSpecification\",\"valueRequired\":true,\"valueName\":\"search_term_string\"}}],\"inLanguage\":\"fr-FR\"},{\"@type\":\"Organization\",\"@id\":\"https:\\\/\\\/www.webdo.tn\\\/fr\\\/#organization\",\"name\":\"Webdo\",\"alternateName\":\"Webdo.tn\",\"url\":\"https:\\\/\\\/www.webdo.tn\\\/fr\\\/\",\"logo\":{\"@type\":\"ImageObject\",\"inLanguage\":\"fr-FR\",\"@id\":\"https:\\\/\\\/www.webdo.tn\\\/fr\\\/#\\\/schema\\\/logo\\\/image\\\/\",\"url\":\"https:\\\/\\\/www.webdo.tn\\\/fr\\\/wp-content\\\/uploads\\\/2025\\\/06\\\/Webdo-Tunisie_168377.jpg\",\"contentUrl\":\"https:\\\/\\\/www.webdo.tn\\\/fr\\\/wp-content\\\/uploads\\\/2025\\\/06\\\/Webdo-Tunisie_168377.jpg\",\"width\":301,\"height\":301,\"caption\":\"Webdo\"},\"image\":{\"@id\":\"https:\\\/\\\/www.webdo.tn\\\/fr\\\/#\\\/schema\\\/logo\\\/image\\\/\"},\"sameAs\":[\"https:\\\/\\\/www.facebook.com\\\/webdotn\",\"https:\\\/\\\/x.com\\\/webdo_tn\"],\"description\":\"Webdo est un m\u00e9dia num\u00e9rique tunisien fond\u00e9 en 2010, sp\u00e9cialis\u00e9 dans l\u2019actualit\u00e9 nationale et internationale, l\u2019\u00e9conomie, la soci\u00e9t\u00e9 et les analyses politiques. Le site s\u2019adresse \u00e0 un large public francophone et couvre l\u2019information tunisienne en temps r\u00e9el.\",\"email\":\"redac@webdo.tn\",\"legalName\":\"YNJ SARL\",\"foundingDate\":\"2010-09-06\",\"numberOfEmployees\":{\"@type\":\"QuantitativeValue\",\"minValue\":\"11\",\"maxValue\":\"50\"}},{\"@type\":\"Person\",\"@id\":\"https:\\\/\\\/www.webdo.tn\\\/fr\\\/#\\\/schema\\\/person\\\/82ca085b22037d285e1a3c4b65ba5f71\",\"name\":\"KJ\",\"image\":{\"@type\":\"ImageObject\",\"inLanguage\":\"fr-FR\",\"@id\":\"https:\\\/\\\/secure.gravatar.com\\\/avatar\\\/1a1320de1c1971c893f00068f760b4113d69504aa21273da17ee95650c5944fd?s=96&d=mm&r=g\",\"url\":\"https:\\\/\\\/secure.gravatar.com\\\/avatar\\\/1a1320de1c1971c893f00068f760b4113d69504aa21273da17ee95650c5944fd?s=96&d=mm&r=g\",\"contentUrl\":\"https:\\\/\\\/secure.gravatar.com\\\/avatar\\\/1a1320de1c1971c893f00068f760b4113d69504aa21273da17ee95650c5944fd?s=96&d=mm&r=g\",\"caption\":\"KJ\"},\"url\":\"https:\\\/\\\/www.webdo.tn\\\/fr\\\/actualite\\\/author\\\/kj\\\/\"}]}<\/script>\n<!-- \/ Yoast SEO Premium plugin. -->","yoast_head_json":{"title":"Dossier des Subsahariens : La Tunisie passe \u00e0 l\u2019action","description":"L'intervention s\u00e9curitaire \u00e0 Sfax visait \u00e0 prot\u00e9ger les \u00e9quipes humanitaires face aux camps de migrants en situation irr\u00e9guli\u00e8re. Le porte-parole de la Garde na...","canonical":"https:\/\/www.webdo.tn\/fr\/actualite\/national\/dossier-des-subsahariens-la-tunisie-passe-a-l-action\/220990\/","og_locale":"fr_FR","og_type":"article","og_title":"Dossier des Subsahariens : La Tunisie passe \u00e0 l\u2019action","og_description":"L'intervention s\u00e9curitaire \u00e0 Sfax visait \u00e0 prot\u00e9ger les \u00e9quipes humanitaires face aux camps de migrants en situation irr\u00e9guli\u00e8re. Le porte-parole de la Garde na...","og_url":"https:\/\/www.webdo.tn\/fr\/actualite\/national\/dossier-des-subsahariens-la-tunisie-passe-a-l-action\/220990\/","og_site_name":"webdo","article_publisher":"https:\/\/www.facebook.com\/webdotn","article_published_time":"2025-04-04T08:05:00+00:00","article_modified_time":"2025-05-20T22:18:45+00:00","og_image":[{"width":750,"height":400,"url":"https:\/\/www.webdo.tn\/fr\/wp-content\/uploads\/2025\/05\/5e88eb4b8d521d19d0d3201eb5122f18-3.webp","type":"image\/webp"}],"author":"KJ","twitter_card":"summary_large_image","twitter_creator":"@webdo_tn","twitter_site":"@webdo_tn","twitter_misc":{"\u00c9crit par":"KJ","Dur\u00e9e de lecture estim\u00e9e":"2 minutes"},"schema":{"@context":"https:\/\/schema.org","@graph":[{"@type":"NewsArticle","@id":"https:\/\/www.webdo.tn\/fr\/actualite\/national\/dossier-des-subsahariens-la-tunisie-passe-a-l-action\/220990\/#article","isPartOf":{"@id":"https:\/\/www.webdo.tn\/fr\/actualite\/national\/dossier-des-subsahariens-la-tunisie-passe-a-l-action\/220990\/"},"author":{"name":"KJ","@id":"https:\/\/www.webdo.tn\/fr\/#\/schema\/person\/82ca085b22037d285e1a3c4b65ba5f71"},"headline":"Dossier des Subsahariens : La Tunisie passe \u00e0 l\u2019action","datePublished":"2025-04-04T08:05:00+00:00","dateModified":"2025-05-20T22:18:45+00:00","mainEntityOfPage":{"@id":"https:\/\/www.webdo.tn\/fr\/actualite\/national\/dossier-des-subsahariens-la-tunisie-passe-a-l-action\/220990\/"},"wordCount":345,"commentCount":0,"publisher":{"@id":"https:\/\/www.webdo.tn\/fr\/#organization"},"image":{"@id":"https:\/\/www.webdo.tn\/fr\/actualite\/national\/dossier-des-subsahariens-la-tunisie-passe-a-l-action\/220990\/#primaryimage"},"thumbnailUrl":"https:\/\/www.webdo.tn\/fr\/wp-content\/uploads\/2025\/05\/5e88eb4b8d521d19d0d3201eb5122f18-3.webp","keywords":["lutte","Migration","Subsahariens","Tunisie"],"articleSection":["National"],"inLanguage":"fr-FR"},{"@type":"WebPage","@id":"https:\/\/www.webdo.tn\/fr\/actualite\/national\/dossier-des-subsahariens-la-tunisie-passe-a-l-action\/220990\/","url":"https:\/\/www.webdo.tn\/fr\/actualite\/national\/dossier-des-subsahariens-la-tunisie-passe-a-l-action\/220990\/","name":"Dossier des Subsahariens : La Tunisie passe \u00e0 l\u2019action","isPartOf":{"@id":"https:\/\/www.webdo.tn\/fr\/#website"},"primaryImageOfPage":{"@id":"https:\/\/www.webdo.tn\/fr\/actualite\/national\/dossier-des-subsahariens-la-tunisie-passe-a-l-action\/220990\/#primaryimage"},"image":{"@id":"https:\/\/www.webdo.tn\/fr\/actualite\/national\/dossier-des-subsahariens-la-tunisie-passe-a-l-action\/220990\/#primaryimage"},"thumbnailUrl":"https:\/\/www.webdo.tn\/fr\/wp-content\/uploads\/2025\/05\/5e88eb4b8d521d19d0d3201eb5122f18-3.webp","datePublished":"2025-04-04T08:05:00+00:00","dateModified":"2025-05-20T22:18:45+00:00","description":"L'intervention s\u00e9curitaire \u00e0 Sfax visait \u00e0 prot\u00e9ger les \u00e9quipes humanitaires face aux camps de migrants en situation irr\u00e9guli\u00e8re. Le porte-parole de la Garde na...","breadcrumb":{"@id":"https:\/\/www.webdo.tn\/fr\/actualite\/national\/dossier-des-subsahariens-la-tunisie-passe-a-l-action\/220990\/#breadcrumb"},"inLanguage":"fr-FR","potentialAction":[{"@type":"ReadAction","target":["https:\/\/www.webdo.tn\/fr\/actualite\/national\/dossier-des-subsahariens-la-tunisie-passe-a-l-action\/220990\/"]}]},{"@type":"ImageObject","inLanguage":"fr-FR","@id":"https:\/\/www.webdo.tn\/fr\/actualite\/national\/dossier-des-subsahariens-la-tunisie-passe-a-l-action\/220990\/#primaryimage","url":"https:\/\/www.webdo.tn\/fr\/wp-content\/uploads\/2025\/05\/5e88eb4b8d521d19d0d3201eb5122f18-3.webp","contentUrl":"https:\/\/www.webdo.tn\/fr\/wp-content\/uploads\/2025\/05\/5e88eb4b8d521d19d0d3201eb5122f18-3.webp","width":750,"height":400},{"@type":"BreadcrumbList","@id":"https:\/\/www.webdo.tn\/fr\/actualite\/national\/dossier-des-subsahariens-la-tunisie-passe-a-l-action\/220990\/#breadcrumb","itemListElement":[{"@type":"ListItem","position":1,"name":"Accueil","item":"https:\/\/www.webdo.tn\/fr\/"},{"@type":"ListItem","position":2,"name":"Dossier des Subsahariens : La Tunisie passe \u00e0 l\u2019action"}]},{"@type":"WebSite","@id":"https:\/\/www.webdo.tn\/fr\/#website","url":"https:\/\/www.webdo.tn\/fr\/","name":"webdo","description":"Tunisie - News en Tunisie et \u00e0 l&#039;international sur Webdo.tn","publisher":{"@id":"https:\/\/www.webdo.tn\/fr\/#organization"},"potentialAction":[{"@type":"SearchAction","target":{"@type":"EntryPoint","urlTemplate":"https:\/\/www.webdo.tn\/fr\/?s={search_term_string}"},"query-input":{"@type":"PropertyValueSpecification","valueRequired":true,"valueName":"search_term_string"}}],"inLanguage":"fr-FR"},{"@type":"Organization","@id":"https:\/\/www.webdo.tn\/fr\/#organization","name":"Webdo","alternateName":"Webdo.tn","url":"https:\/\/www.webdo.tn\/fr\/","logo":{"@type":"ImageObject","inLanguage":"fr-FR","@id":"https:\/\/www.webdo.tn\/fr\/#\/schema\/logo\/image\/","url":"https:\/\/www.webdo.tn\/fr\/wp-content\/uploads\/2025\/06\/Webdo-Tunisie_168377.jpg","contentUrl":"https:\/\/www.webdo.tn\/fr\/wp-content\/uploads\/2025\/06\/Webdo-Tunisie_168377.jpg","width":301,"height":301,"caption":"Webdo"},"image":{"@id":"https:\/\/www.webdo.tn\/fr\/#\/schema\/logo\/image\/"},"sameAs":["https:\/\/www.facebook.com\/webdotn","https:\/\/x.com\/webdo_tn"],"description":"Webdo est un m\u00e9dia num\u00e9rique tunisien fond\u00e9 en 2010, sp\u00e9cialis\u00e9 dans l\u2019actualit\u00e9 nationale et internationale, l\u2019\u00e9conomie, la soci\u00e9t\u00e9 et les analyses politiques. Le site s\u2019adresse \u00e0 un large public francophone et couvre l\u2019information tunisienne en temps r\u00e9el.","email":"redac@webdo.tn","legalName":"YNJ SARL","foundingDate":"2010-09-06","numberOfEmployees":{"@type":"QuantitativeValue","minValue":"11","maxValue":"50"}},{"@type":"Person","@id":"https:\/\/www.webdo.tn\/fr\/#\/schema\/person\/82ca085b22037d285e1a3c4b65ba5f71","name":"KJ","image":{"@type":"ImageObject","inLanguage":"fr-FR","@id":"https:\/\/secure.gravatar.com\/avatar\/1a1320de1c1971c893f00068f760b4113d69504aa21273da17ee95650c5944fd?s=96&d=mm&r=g","url":"https:\/\/secure.gravatar.com\/avatar\/1a1320de1c1971c893f00068f760b4113d69504aa21273da17ee95650c5944fd?s=96&d=mm&r=g","contentUrl":"https:\/\/secure.gravatar.com\/avatar\/1a1320de1c1971c893f00068f760b4113d69504aa21273da17ee95650c5944fd?s=96&d=mm&r=g","caption":"KJ"},"url":"https:\/\/www.webdo.tn\/fr\/actualite\/author\/kj\/"}]}},"_links":{"self":[{"href":"https:\/\/www.webdo.tn\/fr\/wp-json\/wp\/v2\/posts\/220990","targetHints":{"allow":["GET"]}}],"collection":[{"href":"https:\/\/www.webdo.tn\/fr\/wp-json\/wp\/v2\/posts"}],"about":[{"href":"https:\/\/www.webdo.tn\/fr\/wp-json\/wp\/v2\/types\/post"}],"author":[{"embeddable":true,"href":"https:\/\/www.webdo.tn\/fr\/wp-json\/wp\/v2\/users\/3163"}],"replies":[{"embeddable":true,"href":"https:\/\/www.webdo.tn\/fr\/wp-json\/wp\/v2\/comments?post=220990"}],"version-history":[{"count":0,"href":"https:\/\/www.webdo.tn\/fr\/wp-json\/wp\/v2\/posts\/220990\/revisions"}],"wp:featuredmedia":[{"embeddable":true,"href":"https:\/\/www.webdo.tn\/fr\/wp-json\/wp\/v2\/media\/241338"}],"wp:attachment":[{"href":"https:\/\/www.webdo.tn\/fr\/wp-json\/wp\/v2\/media?parent=220990"}],"wp:term":[{"taxonomy":"category","embeddable":true,"href":"https:\/\/www.webdo.tn\/fr\/wp-json\/wp\/v2\/categories?post=220990"},{"taxonomy":"post_tag","embeddable":true,"href":"https:\/\/www.webdo.tn\/fr\/wp-json\/wp\/v2\/tags?post=220990"}],"curies":[{"name":"wp","href":"https:\/\/api.w.org\/{rel}","templated":true}]}}