{"id":220986,"date":"2025-04-03T20:04:00","date_gmt":"2025-04-03T20:04:00","guid":{"rendered":"https:\/\/www.webdo.tn\/fr\/blog\/migrants-tunisiens-en-europe-la-ltdh-tire-la-sonnette-d-alarme\/220986\/"},"modified":"2025-05-21T09:09:15","modified_gmt":"2025-05-21T09:09:15","slug":"migrants-tunisiens-en-europe-la-ltdh-tire-la-sonnette-d-alarme","status":"publish","type":"post","link":"https:\/\/www.webdo.tn\/fr\/actualite\/national\/migrants-tunisiens-en-europe-la-ltdh-tire-la-sonnette-d-alarme\/220986\/","title":{"rendered":"Migrants tunisiens en Europe : la LTDH tire la sonnette d\u2019alarme"},"content":{"rendered":"<p>La Ligue tunisienne des droits de l\u2019Homme (LTDH) a d\u00e9nonc\u00e9 les violences inflig\u00e9es aux migrants tunisiens en situation irr\u00e9guli\u00e8re en Europe, qui subissent des abus physiques et psychologiques lors de leur d\u00e9tention ou expulsion forc\u00e9e. Ces pratiques violent les conventions internationales, notamment la Convention de Gen\u00e8ve et la Convention europ\u00e9enne des droits de l\u2019Homme.<\/p>\n<p>\t\t\t\t\t\t\t\t\tFace \u00e0 cette situation, la LTDH appelle les autorit\u00e9s tunisiennes \u00e0 intervenir rapidement, \u00e0 engager des n\u00e9gociations avec les pays europ\u00e9ens concern\u00e9s et \u00e0 garantir la protection des droits fondamentaux des migrants tunisiens. L\u2019organisation insiste \u00e9galement sur la n\u00e9cessit\u00e9 de renforcer l\u2019accompagnement juridique des migrants et de revoir les accords migratoires bilat\u00e9raux et multilat\u00e9raux pour les adapter aux imp\u00e9ratifs de souverainet\u00e9 nationale.<\/p>\n<p>La question migratoire entre la Tunisie et l\u2019Europe demeure un d\u00e9fi complexe, mais la LTDH rappelle que la protection des migrants ne doit pas \u00eatre n\u00e9glig\u00e9e.<\/p>\n","protected":false},"excerpt":{"rendered":"<p>La LTDH d\u00e9nonce les violences inflig\u00e9es aux migrants tunisiens en Europe et appelle \u00e0 une action diplomatique urgente pour prot\u00e9ger leurs droits et r\u00e9\u00e9valuer le&#8230;<\/p>\n","protected":false},"author":3166,"featured_media":292159,"comment_status":"open","ping_status":"closed","sticky":false,"template":"","format":"standard","meta":{"footnotes":""},"categories":[44],"tags":[11136,11137,7947],"class_list":["post-220986","post","type-post","status-publish","format-standard","has-post-thumbnail","hentry","category-national","tag-migrantstunisiens","tag-violencesmigratoires","tag-ltdh"],"yoast_head":"<!-- This site is optimized with the Yoast SEO Premium plugin v27.4 (Yoast SEO v27.5) - https:\/\/yoast.com\/product\/yoast-seo-premium-wordpress\/ -->\n<title>Migrants tunisiens en Europe : la LTDH tire la sonnette d\u2019alarme<\/title>\n<meta name=\"description\" content=\"La LTDH d\u00e9nonce les violences inflig\u00e9es aux migrants tunisiens en Europe et appelle \u00e0 une action diplomatique urgente pour prot\u00e9ger leurs droits et r\u00e9\u00e9valuer le...\" \/>\n<link rel=\"canonical\" href=\"https:\/\/www.webdo.tn\/fr\/actualite\/national\/migrants-tunisiens-en-europe-la-ltdh-tire-la-sonnette-d-alarme\/220986\/\" \/>\n<meta property=\"og:locale\" content=\"fr_FR\" \/>\n<meta property=\"og:type\" content=\"article\" \/>\n<meta property=\"og:title\" content=\"Migrants tunisiens en Europe : la LTDH tire la sonnette d\u2019alarme\" \/>\n<meta property=\"og:description\" content=\"La LTDH d\u00e9nonce les violences inflig\u00e9es aux migrants tunisiens en Europe et appelle \u00e0 une action diplomatique urgente pour prot\u00e9ger leurs droits et r\u00e9\u00e9valuer le...\" \/>\n<meta property=\"og:url\" content=\"https:\/\/www.webdo.tn\/fr\/actualite\/national\/migrants-tunisiens-en-europe-la-ltdh-tire-la-sonnette-d-alarme\/220986\/\" \/>\n<meta property=\"og:site_name\" content=\"webdo\" \/>\n<meta property=\"article:publisher\" content=\"https:\/\/www.facebook.com\/webdotn\" \/>\n<meta property=\"article:published_time\" content=\"2025-04-03T20:04:00+00:00\" \/>\n<meta property=\"article:modified_time\" content=\"2025-05-21T09:09:15+00:00\" \/>\n<meta property=\"og:image\" content=\"https:\/\/www.webdo.tn\/fr\/wp-content\/uploads\/2025\/04\/46354b5da9a7f39c5efba1240bcd0ebe.webp\" \/>\n\t<meta property=\"og:image:width\" content=\"750\" \/>\n\t<meta property=\"og:image:height\" content=\"400\" \/>\n\t<meta property=\"og:image:type\" content=\"image\/webp\" \/>\n<meta name=\"author\" content=\"AZ\" \/>\n<meta name=\"twitter:card\" content=\"summary_large_image\" \/>\n<meta name=\"twitter:creator\" content=\"@webdo_tn\" \/>\n<meta name=\"twitter:site\" content=\"@webdo_tn\" \/>\n<meta name=\"twitter:label1\" content=\"\u00c9crit par\" \/>\n\t<meta name=\"twitter:data1\" content=\"AZ\" \/>\n\t<meta name=\"twitter:label2\" content=\"Dur\u00e9e de lecture estim\u00e9e\" \/>\n\t<meta name=\"twitter:data2\" content=\"1 minute\" \/>\n<script type=\"application\/ld+json\" class=\"yoast-schema-graph\">{\"@context\":\"https:\\\/\\\/schema.org\",\"@graph\":[{\"@type\":\"NewsArticle\",\"@id\":\"https:\\\/\\\/www.webdo.tn\\\/fr\\\/actualite\\\/national\\\/migrants-tunisiens-en-europe-la-ltdh-tire-la-sonnette-d-alarme\\\/220986\\\/#article\",\"isPartOf\":{\"@id\":\"https:\\\/\\\/www.webdo.tn\\\/fr\\\/actualite\\\/national\\\/migrants-tunisiens-en-europe-la-ltdh-tire-la-sonnette-d-alarme\\\/220986\\\/\"},\"author\":{\"name\":\"AZ\",\"@id\":\"https:\\\/\\\/www.webdo.tn\\\/fr\\\/#\\\/schema\\\/person\\\/b8a41c04d93287d375510db360906b34\"},\"headline\":\"Migrants tunisiens en Europe : la LTDH tire la sonnette d\u2019alarme\",\"datePublished\":\"2025-04-03T20:04:00+00:00\",\"dateModified\":\"2025-05-21T09:09:15+00:00\",\"mainEntityOfPage\":{\"@id\":\"https:\\\/\\\/www.webdo.tn\\\/fr\\\/actualite\\\/national\\\/migrants-tunisiens-en-europe-la-ltdh-tire-la-sonnette-d-alarme\\\/220986\\\/\"},\"wordCount\":173,\"commentCount\":0,\"publisher\":{\"@id\":\"https:\\\/\\\/www.webdo.tn\\\/fr\\\/#organization\"},\"image\":{\"@id\":\"https:\\\/\\\/www.webdo.tn\\\/fr\\\/actualite\\\/national\\\/migrants-tunisiens-en-europe-la-ltdh-tire-la-sonnette-d-alarme\\\/220986\\\/#primaryimage\"},\"thumbnailUrl\":\"https:\\\/\\\/www.webdo.tn\\\/fr\\\/wp-content\\\/uploads\\\/2025\\\/04\\\/46354b5da9a7f39c5efba1240bcd0ebe.webp\",\"keywords\":[\"'MigrantsTunisiens'\",\"'ViolencesMigratoires']\",\"LTDH\"],\"articleSection\":[\"National\"],\"inLanguage\":\"fr-FR\"},{\"@type\":\"WebPage\",\"@id\":\"https:\\\/\\\/www.webdo.tn\\\/fr\\\/actualite\\\/national\\\/migrants-tunisiens-en-europe-la-ltdh-tire-la-sonnette-d-alarme\\\/220986\\\/\",\"url\":\"https:\\\/\\\/www.webdo.tn\\\/fr\\\/actualite\\\/national\\\/migrants-tunisiens-en-europe-la-ltdh-tire-la-sonnette-d-alarme\\\/220986\\\/\",\"name\":\"Migrants tunisiens en Europe : la LTDH tire la sonnette d\u2019alarme\",\"isPartOf\":{\"@id\":\"https:\\\/\\\/www.webdo.tn\\\/fr\\\/#website\"},\"primaryImageOfPage\":{\"@id\":\"https:\\\/\\\/www.webdo.tn\\\/fr\\\/actualite\\\/national\\\/migrants-tunisiens-en-europe-la-ltdh-tire-la-sonnette-d-alarme\\\/220986\\\/#primaryimage\"},\"image\":{\"@id\":\"https:\\\/\\\/www.webdo.tn\\\/fr\\\/actualite\\\/national\\\/migrants-tunisiens-en-europe-la-ltdh-tire-la-sonnette-d-alarme\\\/220986\\\/#primaryimage\"},\"thumbnailUrl\":\"https:\\\/\\\/www.webdo.tn\\\/fr\\\/wp-content\\\/uploads\\\/2025\\\/04\\\/46354b5da9a7f39c5efba1240bcd0ebe.webp\",\"datePublished\":\"2025-04-03T20:04:00+00:00\",\"dateModified\":\"2025-05-21T09:09:15+00:00\",\"description\":\"La LTDH d\u00e9nonce les violences inflig\u00e9es aux migrants tunisiens en Europe et appelle \u00e0 une action diplomatique urgente pour prot\u00e9ger leurs droits et r\u00e9\u00e9valuer le...\",\"breadcrumb\":{\"@id\":\"https:\\\/\\\/www.webdo.tn\\\/fr\\\/actualite\\\/national\\\/migrants-tunisiens-en-europe-la-ltdh-tire-la-sonnette-d-alarme\\\/220986\\\/#breadcrumb\"},\"inLanguage\":\"fr-FR\",\"potentialAction\":[{\"@type\":\"ReadAction\",\"target\":[\"https:\\\/\\\/www.webdo.tn\\\/fr\\\/actualite\\\/national\\\/migrants-tunisiens-en-europe-la-ltdh-tire-la-sonnette-d-alarme\\\/220986\\\/\"]}]},{\"@type\":\"ImageObject\",\"inLanguage\":\"fr-FR\",\"@id\":\"https:\\\/\\\/www.webdo.tn\\\/fr\\\/actualite\\\/national\\\/migrants-tunisiens-en-europe-la-ltdh-tire-la-sonnette-d-alarme\\\/220986\\\/#primaryimage\",\"url\":\"https:\\\/\\\/www.webdo.tn\\\/fr\\\/wp-content\\\/uploads\\\/2025\\\/04\\\/46354b5da9a7f39c5efba1240bcd0ebe.webp\",\"contentUrl\":\"https:\\\/\\\/www.webdo.tn\\\/fr\\\/wp-content\\\/uploads\\\/2025\\\/04\\\/46354b5da9a7f39c5efba1240bcd0ebe.webp\",\"width\":750,\"height\":400,\"caption\":\"Migrants tunisiens en Europe : la LTDH tire la sonnette d\u2019alarme\"},{\"@type\":\"BreadcrumbList\",\"@id\":\"https:\\\/\\\/www.webdo.tn\\\/fr\\\/actualite\\\/national\\\/migrants-tunisiens-en-europe-la-ltdh-tire-la-sonnette-d-alarme\\\/220986\\\/#breadcrumb\",\"itemListElement\":[{\"@type\":\"ListItem\",\"position\":1,\"name\":\"Accueil\",\"item\":\"https:\\\/\\\/www.webdo.tn\\\/fr\\\/\"},{\"@type\":\"ListItem\",\"position\":2,\"name\":\"Migrants tunisiens en Europe : la LTDH tire la sonnette d\u2019alarme\"}]},{\"@type\":\"WebSite\",\"@id\":\"https:\\\/\\\/www.webdo.tn\\\/fr\\\/#website\",\"url\":\"https:\\\/\\\/www.webdo.tn\\\/fr\\\/\",\"name\":\"webdo\",\"description\":\"Tunisie - News en Tunisie et \u00e0 l&#039;international sur Webdo.tn\",\"publisher\":{\"@id\":\"https:\\\/\\\/www.webdo.tn\\\/fr\\\/#organization\"},\"potentialAction\":[{\"@type\":\"SearchAction\",\"target\":{\"@type\":\"EntryPoint\",\"urlTemplate\":\"https:\\\/\\\/www.webdo.tn\\\/fr\\\/?s={search_term_string}\"},\"query-input\":{\"@type\":\"PropertyValueSpecification\",\"valueRequired\":true,\"valueName\":\"search_term_string\"}}],\"inLanguage\":\"fr-FR\"},{\"@type\":\"Organization\",\"@id\":\"https:\\\/\\\/www.webdo.tn\\\/fr\\\/#organization\",\"name\":\"Webdo\",\"alternateName\":\"Webdo.tn\",\"url\":\"https:\\\/\\\/www.webdo.tn\\\/fr\\\/\",\"logo\":{\"@type\":\"ImageObject\",\"inLanguage\":\"fr-FR\",\"@id\":\"https:\\\/\\\/www.webdo.tn\\\/fr\\\/#\\\/schema\\\/logo\\\/image\\\/\",\"url\":\"https:\\\/\\\/www.webdo.tn\\\/fr\\\/wp-content\\\/uploads\\\/2025\\\/06\\\/Webdo-Tunisie_168377.jpg\",\"contentUrl\":\"https:\\\/\\\/www.webdo.tn\\\/fr\\\/wp-content\\\/uploads\\\/2025\\\/06\\\/Webdo-Tunisie_168377.jpg\",\"width\":301,\"height\":301,\"caption\":\"Webdo\"},\"image\":{\"@id\":\"https:\\\/\\\/www.webdo.tn\\\/fr\\\/#\\\/schema\\\/logo\\\/image\\\/\"},\"sameAs\":[\"https:\\\/\\\/www.facebook.com\\\/webdotn\",\"https:\\\/\\\/x.com\\\/webdo_tn\"],\"description\":\"Webdo est un m\u00e9dia num\u00e9rique tunisien fond\u00e9 en 2010, sp\u00e9cialis\u00e9 dans l\u2019actualit\u00e9 nationale et internationale, l\u2019\u00e9conomie, la soci\u00e9t\u00e9 et les analyses politiques. Le site s\u2019adresse \u00e0 un large public francophone et couvre l\u2019information tunisienne en temps r\u00e9el.\",\"email\":\"redac@webdo.tn\",\"legalName\":\"YNJ SARL\",\"foundingDate\":\"2010-09-06\",\"numberOfEmployees\":{\"@type\":\"QuantitativeValue\",\"minValue\":\"11\",\"maxValue\":\"50\"}},{\"@type\":\"Person\",\"@id\":\"https:\\\/\\\/www.webdo.tn\\\/fr\\\/#\\\/schema\\\/person\\\/b8a41c04d93287d375510db360906b34\",\"name\":\"AZ\",\"image\":{\"@type\":\"ImageObject\",\"inLanguage\":\"fr-FR\",\"@id\":\"https:\\\/\\\/secure.gravatar.com\\\/avatar\\\/492b80bada79439de4201dce15cd41eece6c277cfdf1b53382073c79105c1f89?s=96&d=mm&r=g\",\"url\":\"https:\\\/\\\/secure.gravatar.com\\\/avatar\\\/492b80bada79439de4201dce15cd41eece6c277cfdf1b53382073c79105c1f89?s=96&d=mm&r=g\",\"contentUrl\":\"https:\\\/\\\/secure.gravatar.com\\\/avatar\\\/492b80bada79439de4201dce15cd41eece6c277cfdf1b53382073c79105c1f89?s=96&d=mm&r=g\",\"caption\":\"AZ\"},\"url\":\"https:\\\/\\\/www.webdo.tn\\\/fr\\\/actualite\\\/author\\\/az\\\/\"}]}<\/script>\n<!-- \/ Yoast SEO Premium plugin. -->","yoast_head_json":{"title":"Migrants tunisiens en Europe : la LTDH tire la sonnette d\u2019alarme","description":"La LTDH d\u00e9nonce les violences inflig\u00e9es aux migrants tunisiens en Europe et appelle \u00e0 une action diplomatique urgente pour prot\u00e9ger leurs droits et r\u00e9\u00e9valuer le...","canonical":"https:\/\/www.webdo.tn\/fr\/actualite\/national\/migrants-tunisiens-en-europe-la-ltdh-tire-la-sonnette-d-alarme\/220986\/","og_locale":"fr_FR","og_type":"article","og_title":"Migrants tunisiens en Europe : la LTDH tire la sonnette d\u2019alarme","og_description":"La LTDH d\u00e9nonce les violences inflig\u00e9es aux migrants tunisiens en Europe et appelle \u00e0 une action diplomatique urgente pour prot\u00e9ger leurs droits et r\u00e9\u00e9valuer le...","og_url":"https:\/\/www.webdo.tn\/fr\/actualite\/national\/migrants-tunisiens-en-europe-la-ltdh-tire-la-sonnette-d-alarme\/220986\/","og_site_name":"webdo","article_publisher":"https:\/\/www.facebook.com\/webdotn","article_published_time":"2025-04-03T20:04:00+00:00","article_modified_time":"2025-05-21T09:09:15+00:00","og_image":[{"width":750,"height":400,"url":"https:\/\/www.webdo.tn\/fr\/wp-content\/uploads\/2025\/04\/46354b5da9a7f39c5efba1240bcd0ebe.webp","type":"image\/webp"}],"author":"AZ","twitter_card":"summary_large_image","twitter_creator":"@webdo_tn","twitter_site":"@webdo_tn","twitter_misc":{"\u00c9crit par":"AZ","Dur\u00e9e de lecture estim\u00e9e":"1 minute"},"schema":{"@context":"https:\/\/schema.org","@graph":[{"@type":"NewsArticle","@id":"https:\/\/www.webdo.tn\/fr\/actualite\/national\/migrants-tunisiens-en-europe-la-ltdh-tire-la-sonnette-d-alarme\/220986\/#article","isPartOf":{"@id":"https:\/\/www.webdo.tn\/fr\/actualite\/national\/migrants-tunisiens-en-europe-la-ltdh-tire-la-sonnette-d-alarme\/220986\/"},"author":{"name":"AZ","@id":"https:\/\/www.webdo.tn\/fr\/#\/schema\/person\/b8a41c04d93287d375510db360906b34"},"headline":"Migrants tunisiens en Europe : la LTDH tire la sonnette d\u2019alarme","datePublished":"2025-04-03T20:04:00+00:00","dateModified":"2025-05-21T09:09:15+00:00","mainEntityOfPage":{"@id":"https:\/\/www.webdo.tn\/fr\/actualite\/national\/migrants-tunisiens-en-europe-la-ltdh-tire-la-sonnette-d-alarme\/220986\/"},"wordCount":173,"commentCount":0,"publisher":{"@id":"https:\/\/www.webdo.tn\/fr\/#organization"},"image":{"@id":"https:\/\/www.webdo.tn\/fr\/actualite\/national\/migrants-tunisiens-en-europe-la-ltdh-tire-la-sonnette-d-alarme\/220986\/#primaryimage"},"thumbnailUrl":"https:\/\/www.webdo.tn\/fr\/wp-content\/uploads\/2025\/04\/46354b5da9a7f39c5efba1240bcd0ebe.webp","keywords":["'MigrantsTunisiens'","'ViolencesMigratoires']","LTDH"],"articleSection":["National"],"inLanguage":"fr-FR"},{"@type":"WebPage","@id":"https:\/\/www.webdo.tn\/fr\/actualite\/national\/migrants-tunisiens-en-europe-la-ltdh-tire-la-sonnette-d-alarme\/220986\/","url":"https:\/\/www.webdo.tn\/fr\/actualite\/national\/migrants-tunisiens-en-europe-la-ltdh-tire-la-sonnette-d-alarme\/220986\/","name":"Migrants tunisiens en Europe : la LTDH tire la sonnette d\u2019alarme","isPartOf":{"@id":"https:\/\/www.webdo.tn\/fr\/#website"},"primaryImageOfPage":{"@id":"https:\/\/www.webdo.tn\/fr\/actualite\/national\/migrants-tunisiens-en-europe-la-ltdh-tire-la-sonnette-d-alarme\/220986\/#primaryimage"},"image":{"@id":"https:\/\/www.webdo.tn\/fr\/actualite\/national\/migrants-tunisiens-en-europe-la-ltdh-tire-la-sonnette-d-alarme\/220986\/#primaryimage"},"thumbnailUrl":"https:\/\/www.webdo.tn\/fr\/wp-content\/uploads\/2025\/04\/46354b5da9a7f39c5efba1240bcd0ebe.webp","datePublished":"2025-04-03T20:04:00+00:00","dateModified":"2025-05-21T09:09:15+00:00","description":"La LTDH d\u00e9nonce les violences inflig\u00e9es aux migrants tunisiens en Europe et appelle \u00e0 une action diplomatique urgente pour prot\u00e9ger leurs droits et r\u00e9\u00e9valuer le...","breadcrumb":{"@id":"https:\/\/www.webdo.tn\/fr\/actualite\/national\/migrants-tunisiens-en-europe-la-ltdh-tire-la-sonnette-d-alarme\/220986\/#breadcrumb"},"inLanguage":"fr-FR","potentialAction":[{"@type":"ReadAction","target":["https:\/\/www.webdo.tn\/fr\/actualite\/national\/migrants-tunisiens-en-europe-la-ltdh-tire-la-sonnette-d-alarme\/220986\/"]}]},{"@type":"ImageObject","inLanguage":"fr-FR","@id":"https:\/\/www.webdo.tn\/fr\/actualite\/national\/migrants-tunisiens-en-europe-la-ltdh-tire-la-sonnette-d-alarme\/220986\/#primaryimage","url":"https:\/\/www.webdo.tn\/fr\/wp-content\/uploads\/2025\/04\/46354b5da9a7f39c5efba1240bcd0ebe.webp","contentUrl":"https:\/\/www.webdo.tn\/fr\/wp-content\/uploads\/2025\/04\/46354b5da9a7f39c5efba1240bcd0ebe.webp","width":750,"height":400,"caption":"Migrants tunisiens en Europe : la LTDH tire la sonnette d\u2019alarme"},{"@type":"BreadcrumbList","@id":"https:\/\/www.webdo.tn\/fr\/actualite\/national\/migrants-tunisiens-en-europe-la-ltdh-tire-la-sonnette-d-alarme\/220986\/#breadcrumb","itemListElement":[{"@type":"ListItem","position":1,"name":"Accueil","item":"https:\/\/www.webdo.tn\/fr\/"},{"@type":"ListItem","position":2,"name":"Migrants tunisiens en Europe : la LTDH tire la sonnette d\u2019alarme"}]},{"@type":"WebSite","@id":"https:\/\/www.webdo.tn\/fr\/#website","url":"https:\/\/www.webdo.tn\/fr\/","name":"webdo","description":"Tunisie - News en Tunisie et \u00e0 l&#039;international sur Webdo.tn","publisher":{"@id":"https:\/\/www.webdo.tn\/fr\/#organization"},"potentialAction":[{"@type":"SearchAction","target":{"@type":"EntryPoint","urlTemplate":"https:\/\/www.webdo.tn\/fr\/?s={search_term_string}"},"query-input":{"@type":"PropertyValueSpecification","valueRequired":true,"valueName":"search_term_string"}}],"inLanguage":"fr-FR"},{"@type":"Organization","@id":"https:\/\/www.webdo.tn\/fr\/#organization","name":"Webdo","alternateName":"Webdo.tn","url":"https:\/\/www.webdo.tn\/fr\/","logo":{"@type":"ImageObject","inLanguage":"fr-FR","@id":"https:\/\/www.webdo.tn\/fr\/#\/schema\/logo\/image\/","url":"https:\/\/www.webdo.tn\/fr\/wp-content\/uploads\/2025\/06\/Webdo-Tunisie_168377.jpg","contentUrl":"https:\/\/www.webdo.tn\/fr\/wp-content\/uploads\/2025\/06\/Webdo-Tunisie_168377.jpg","width":301,"height":301,"caption":"Webdo"},"image":{"@id":"https:\/\/www.webdo.tn\/fr\/#\/schema\/logo\/image\/"},"sameAs":["https:\/\/www.facebook.com\/webdotn","https:\/\/x.com\/webdo_tn"],"description":"Webdo est un m\u00e9dia num\u00e9rique tunisien fond\u00e9 en 2010, sp\u00e9cialis\u00e9 dans l\u2019actualit\u00e9 nationale et internationale, l\u2019\u00e9conomie, la soci\u00e9t\u00e9 et les analyses politiques. Le site s\u2019adresse \u00e0 un large public francophone et couvre l\u2019information tunisienne en temps r\u00e9el.","email":"redac@webdo.tn","legalName":"YNJ SARL","foundingDate":"2010-09-06","numberOfEmployees":{"@type":"QuantitativeValue","minValue":"11","maxValue":"50"}},{"@type":"Person","@id":"https:\/\/www.webdo.tn\/fr\/#\/schema\/person\/b8a41c04d93287d375510db360906b34","name":"AZ","image":{"@type":"ImageObject","inLanguage":"fr-FR","@id":"https:\/\/secure.gravatar.com\/avatar\/492b80bada79439de4201dce15cd41eece6c277cfdf1b53382073c79105c1f89?s=96&d=mm&r=g","url":"https:\/\/secure.gravatar.com\/avatar\/492b80bada79439de4201dce15cd41eece6c277cfdf1b53382073c79105c1f89?s=96&d=mm&r=g","contentUrl":"https:\/\/secure.gravatar.com\/avatar\/492b80bada79439de4201dce15cd41eece6c277cfdf1b53382073c79105c1f89?s=96&d=mm&r=g","caption":"AZ"},"url":"https:\/\/www.webdo.tn\/fr\/actualite\/author\/az\/"}]}},"_links":{"self":[{"href":"https:\/\/www.webdo.tn\/fr\/wp-json\/wp\/v2\/posts\/220986","targetHints":{"allow":["GET"]}}],"collection":[{"href":"https:\/\/www.webdo.tn\/fr\/wp-json\/wp\/v2\/posts"}],"about":[{"href":"https:\/\/www.webdo.tn\/fr\/wp-json\/wp\/v2\/types\/post"}],"author":[{"embeddable":true,"href":"https:\/\/www.webdo.tn\/fr\/wp-json\/wp\/v2\/users\/3166"}],"replies":[{"embeddable":true,"href":"https:\/\/www.webdo.tn\/fr\/wp-json\/wp\/v2\/comments?post=220986"}],"version-history":[{"count":0,"href":"https:\/\/www.webdo.tn\/fr\/wp-json\/wp\/v2\/posts\/220986\/revisions"}],"wp:featuredmedia":[{"embeddable":true,"href":"https:\/\/www.webdo.tn\/fr\/wp-json\/wp\/v2\/media\/292159"}],"wp:attachment":[{"href":"https:\/\/www.webdo.tn\/fr\/wp-json\/wp\/v2\/media?parent=220986"}],"wp:term":[{"taxonomy":"category","embeddable":true,"href":"https:\/\/www.webdo.tn\/fr\/wp-json\/wp\/v2\/categories?post=220986"},{"taxonomy":"post_tag","embeddable":true,"href":"https:\/\/www.webdo.tn\/fr\/wp-json\/wp\/v2\/tags?post=220986"}],"curies":[{"name":"wp","href":"https:\/\/api.w.org\/{rel}","templated":true}]}}