{"id":220982,"date":"2025-04-03T15:29:00","date_gmt":"2025-04-03T15:29:00","guid":{"rendered":"https:\/\/www.webdo.tn\/fr\/blog\/2025\/04\/03\/tunisie-une-recolte-cerealiere-prometteuse\/"},"modified":"2025-05-20T22:18:52","modified_gmt":"2025-05-20T22:18:52","slug":"tunisie-une-recolte-cerealiere-prometteuse","status":"publish","type":"post","link":"https:\/\/www.webdo.tn\/fr\/actualite\/national\/tunisie-une-recolte-cerealiere-prometteuse\/220982\/","title":{"rendered":"Tunisie : Une r\u00e9colte c\u00e9r\u00e9ali\u00e8re prometteuse"},"content":{"rendered":"<p>Le pr\u00e9sident de l&rsquo;Union locale des agriculteurs et de la p\u00eache maritime de Nabeul et membre de l&rsquo;Union r\u00e9gionale des agriculteurs charg\u00e9 des grandes cultures, Mohamed Ben Mouaia, a fait savoir qu&rsquo;une r\u00e9union s&rsquo;est tenue mercredi 2 avril 2025 au si\u00e8ge du gouvernorat de Nabeul.\u00a0<\/p>\n<p>Cette r\u00e9union, rassemblant les diff\u00e9rents acteurs concern\u00e9s, \u00e9tait d\u00e9di\u00e9e aux pr\u00e9paratifs de la saison de r\u00e9colte des c\u00e9r\u00e9ales dans le Cap Bon pour l&rsquo;ann\u00e9e 2025.<br \/>\nIl a soulign\u00e9 que la saison c\u00e9r\u00e9ali\u00e8re se d\u00e9roule dans de bonnes conditions et laisse pr\u00e9sager une r\u00e9colte record, semblable \u00e0 celle enregistr\u00e9e en 2019, si les pr\u00e9cipitations se poursuivent en avril.<\/p>\n<p>Selon le responsable, le gouvernorat de Nabeul a consacr\u00e9 70 000 hectares aux cultures c\u00e9r\u00e9ali\u00e8res et fourrag\u00e8res, dont 22 000 hectares de bl\u00e9 dur, une superficie que la r\u00e9gion ambitionne de r\u00e9ussir.<\/p>\n<p>Concernant la qualit\u00e9 de la r\u00e9colte, il a pr\u00e9cis\u00e9 qu\u2019environ 66 % des surfaces pr\u00e9sentent un rendement excellent, 33 % un rendement moyen et environ 1 % un rendement faible.<\/p>\n<p>Le repr\u00e9sentant des agriculteurs a \u00e9galement annonc\u00e9 que cinq centres de collecte des c\u00e9r\u00e9ales ont \u00e9t\u00e9 mis en place sous la supervision d&rsquo;une commission mixte pr\u00e9sid\u00e9e par la gouverneure de la r\u00e9gion. Ces centres d\u00e9buteront leurs activit\u00e9s \u00e0 partir du 7 avril.<\/p>\n<p>Il a \u00e9galement indiqu\u00e9 que les services r\u00e9gionaux de la protection civile, de l\u2019agriculture et de la s\u00e9curit\u00e9 se sont engag\u00e9s \u00e0 am\u00e9nager les routes et les pistes agricoles, ainsi qu\u2019\u00e0 assurer la moisson, le transport et le stockage des c\u00e9r\u00e9ales, comme mentionn\u00e9 lors de la r\u00e9union.<\/p>\n","protected":false},"excerpt":{"rendered":"<p>La Tunisie s&rsquo;attend \u00e0 une r\u00e9colte c\u00e9r\u00e9ali\u00e8re exceptionnelle en 2025, avec des rendements prometteurs similaires \u00e0 ceux de 2019, sous r\u00e9serve de pr\u00e9cipitations e&#8230;<\/p>\n","protected":false},"author":3163,"featured_media":241388,"comment_status":"open","ping_status":"open","sticky":false,"template":"","format":"standard","meta":{"footnotes":""},"categories":[44],"tags":[3415,3416,3417,2608],"class_list":["post-220982","post","type-post","status-publish","format-standard","has-post-thumbnail","hentry","category-national","tag-cereales","tag-recolte","tag-saison","tag-tunisie"],"yoast_head":"<!-- This site is optimized with the Yoast SEO Premium plugin v27.5 (Yoast SEO v27.5) - https:\/\/yoast.com\/product\/yoast-seo-premium-wordpress\/ -->\n<title>Tunisie : Une r\u00e9colte c\u00e9r\u00e9ali\u00e8re prometteuse<\/title>\n<meta name=\"description\" content=\"La Tunisie s&#039;attend \u00e0 une r\u00e9colte c\u00e9r\u00e9ali\u00e8re exceptionnelle en 2025, avec des rendements prometteurs similaires \u00e0 ceux de 2019, sous r\u00e9serve de pr\u00e9cipitations e...\" \/>\n<link rel=\"canonical\" href=\"https:\/\/www.webdo.tn\/fr\/actualite\/national\/tunisie-une-recolte-cerealiere-prometteuse\/220982\/\" \/>\n<meta property=\"og:locale\" content=\"fr_FR\" \/>\n<meta property=\"og:type\" content=\"article\" \/>\n<meta property=\"og:title\" content=\"Tunisie : Une r\u00e9colte c\u00e9r\u00e9ali\u00e8re prometteuse\" \/>\n<meta property=\"og:description\" content=\"La Tunisie s&#039;attend \u00e0 une r\u00e9colte c\u00e9r\u00e9ali\u00e8re exceptionnelle en 2025, avec des rendements prometteurs similaires \u00e0 ceux de 2019, sous r\u00e9serve de pr\u00e9cipitations e...\" \/>\n<meta property=\"og:url\" content=\"https:\/\/www.webdo.tn\/fr\/actualite\/national\/tunisie-une-recolte-cerealiere-prometteuse\/220982\/\" \/>\n<meta property=\"og:site_name\" content=\"webdo\" \/>\n<meta property=\"article:publisher\" content=\"https:\/\/www.facebook.com\/webdotn\" \/>\n<meta property=\"article:published_time\" content=\"2025-04-03T15:29:00+00:00\" \/>\n<meta property=\"article:modified_time\" content=\"2025-05-20T22:18:52+00:00\" \/>\n<meta property=\"og:image\" content=\"https:\/\/www.webdo.tn\/fr\/wp-content\/uploads\/2025\/05\/64555a0f00cf39c0244584d5f933ae2d-3.webp\" \/>\n\t<meta property=\"og:image:width\" content=\"750\" \/>\n\t<meta property=\"og:image:height\" content=\"400\" \/>\n\t<meta property=\"og:image:type\" content=\"image\/webp\" \/>\n<meta name=\"author\" content=\"KJ\" \/>\n<meta name=\"twitter:card\" content=\"summary_large_image\" \/>\n<meta name=\"twitter:creator\" content=\"@webdo_tn\" \/>\n<meta name=\"twitter:site\" content=\"@webdo_tn\" \/>\n<meta name=\"twitter:label1\" content=\"\u00c9crit par\" \/>\n\t<meta name=\"twitter:data1\" content=\"KJ\" \/>\n\t<meta name=\"twitter:label2\" content=\"Dur\u00e9e de lecture estim\u00e9e\" \/>\n\t<meta name=\"twitter:data2\" content=\"1 minute\" \/>\n<script type=\"application\/ld+json\" class=\"yoast-schema-graph\">{\"@context\":\"https:\\\/\\\/schema.org\",\"@graph\":[{\"@type\":\"NewsArticle\",\"@id\":\"https:\\\/\\\/www.webdo.tn\\\/fr\\\/actualite\\\/national\\\/tunisie-une-recolte-cerealiere-prometteuse\\\/220982\\\/#article\",\"isPartOf\":{\"@id\":\"https:\\\/\\\/www.webdo.tn\\\/fr\\\/actualite\\\/national\\\/tunisie-une-recolte-cerealiere-prometteuse\\\/220982\\\/\"},\"author\":{\"name\":\"KJ\",\"@id\":\"https:\\\/\\\/www.webdo.tn\\\/fr\\\/#\\\/schema\\\/person\\\/82ca085b22037d285e1a3c4b65ba5f71\"},\"headline\":\"Tunisie : Une r\u00e9colte c\u00e9r\u00e9ali\u00e8re prometteuse\",\"datePublished\":\"2025-04-03T15:29:00+00:00\",\"dateModified\":\"2025-05-20T22:18:52+00:00\",\"mainEntityOfPage\":{\"@id\":\"https:\\\/\\\/www.webdo.tn\\\/fr\\\/actualite\\\/national\\\/tunisie-une-recolte-cerealiere-prometteuse\\\/220982\\\/\"},\"wordCount\":299,\"commentCount\":0,\"publisher\":{\"@id\":\"https:\\\/\\\/www.webdo.tn\\\/fr\\\/#organization\"},\"image\":{\"@id\":\"https:\\\/\\\/www.webdo.tn\\\/fr\\\/actualite\\\/national\\\/tunisie-une-recolte-cerealiere-prometteuse\\\/220982\\\/#primaryimage\"},\"thumbnailUrl\":\"https:\\\/\\\/www.webdo.tn\\\/fr\\\/wp-content\\\/uploads\\\/2025\\\/05\\\/64555a0f00cf39c0244584d5f933ae2d-3.webp\",\"keywords\":[\"c\u00e9r\u00e9ales\",\"R\u00e9colte\",\"saison\",\"Tunisie\"],\"articleSection\":[\"National\"],\"inLanguage\":\"fr-FR\"},{\"@type\":\"WebPage\",\"@id\":\"https:\\\/\\\/www.webdo.tn\\\/fr\\\/actualite\\\/national\\\/tunisie-une-recolte-cerealiere-prometteuse\\\/220982\\\/\",\"url\":\"https:\\\/\\\/www.webdo.tn\\\/fr\\\/actualite\\\/national\\\/tunisie-une-recolte-cerealiere-prometteuse\\\/220982\\\/\",\"name\":\"Tunisie : Une r\u00e9colte c\u00e9r\u00e9ali\u00e8re prometteuse\",\"isPartOf\":{\"@id\":\"https:\\\/\\\/www.webdo.tn\\\/fr\\\/#website\"},\"primaryImageOfPage\":{\"@id\":\"https:\\\/\\\/www.webdo.tn\\\/fr\\\/actualite\\\/national\\\/tunisie-une-recolte-cerealiere-prometteuse\\\/220982\\\/#primaryimage\"},\"image\":{\"@id\":\"https:\\\/\\\/www.webdo.tn\\\/fr\\\/actualite\\\/national\\\/tunisie-une-recolte-cerealiere-prometteuse\\\/220982\\\/#primaryimage\"},\"thumbnailUrl\":\"https:\\\/\\\/www.webdo.tn\\\/fr\\\/wp-content\\\/uploads\\\/2025\\\/05\\\/64555a0f00cf39c0244584d5f933ae2d-3.webp\",\"datePublished\":\"2025-04-03T15:29:00+00:00\",\"dateModified\":\"2025-05-20T22:18:52+00:00\",\"description\":\"La Tunisie s'attend \u00e0 une r\u00e9colte c\u00e9r\u00e9ali\u00e8re exceptionnelle en 2025, avec des rendements prometteurs similaires \u00e0 ceux de 2019, sous r\u00e9serve de pr\u00e9cipitations e...\",\"breadcrumb\":{\"@id\":\"https:\\\/\\\/www.webdo.tn\\\/fr\\\/actualite\\\/national\\\/tunisie-une-recolte-cerealiere-prometteuse\\\/220982\\\/#breadcrumb\"},\"inLanguage\":\"fr-FR\",\"potentialAction\":[{\"@type\":\"ReadAction\",\"target\":[\"https:\\\/\\\/www.webdo.tn\\\/fr\\\/actualite\\\/national\\\/tunisie-une-recolte-cerealiere-prometteuse\\\/220982\\\/\"]}]},{\"@type\":\"ImageObject\",\"inLanguage\":\"fr-FR\",\"@id\":\"https:\\\/\\\/www.webdo.tn\\\/fr\\\/actualite\\\/national\\\/tunisie-une-recolte-cerealiere-prometteuse\\\/220982\\\/#primaryimage\",\"url\":\"https:\\\/\\\/www.webdo.tn\\\/fr\\\/wp-content\\\/uploads\\\/2025\\\/05\\\/64555a0f00cf39c0244584d5f933ae2d-3.webp\",\"contentUrl\":\"https:\\\/\\\/www.webdo.tn\\\/fr\\\/wp-content\\\/uploads\\\/2025\\\/05\\\/64555a0f00cf39c0244584d5f933ae2d-3.webp\",\"width\":750,\"height\":400},{\"@type\":\"BreadcrumbList\",\"@id\":\"https:\\\/\\\/www.webdo.tn\\\/fr\\\/actualite\\\/national\\\/tunisie-une-recolte-cerealiere-prometteuse\\\/220982\\\/#breadcrumb\",\"itemListElement\":[{\"@type\":\"ListItem\",\"position\":1,\"name\":\"Accueil\",\"item\":\"https:\\\/\\\/www.webdo.tn\\\/fr\\\/\"},{\"@type\":\"ListItem\",\"position\":2,\"name\":\"Tunisie : Une r\u00e9colte c\u00e9r\u00e9ali\u00e8re prometteuse\"}]},{\"@type\":\"WebSite\",\"@id\":\"https:\\\/\\\/www.webdo.tn\\\/fr\\\/#website\",\"url\":\"https:\\\/\\\/www.webdo.tn\\\/fr\\\/\",\"name\":\"webdo\",\"description\":\"Tunisie - News en Tunisie et \u00e0 l&#039;international sur Webdo.tn\",\"publisher\":{\"@id\":\"https:\\\/\\\/www.webdo.tn\\\/fr\\\/#organization\"},\"potentialAction\":[{\"@type\":\"SearchAction\",\"target\":{\"@type\":\"EntryPoint\",\"urlTemplate\":\"https:\\\/\\\/www.webdo.tn\\\/fr\\\/?s={search_term_string}\"},\"query-input\":{\"@type\":\"PropertyValueSpecification\",\"valueRequired\":true,\"valueName\":\"search_term_string\"}}],\"inLanguage\":\"fr-FR\"},{\"@type\":\"Organization\",\"@id\":\"https:\\\/\\\/www.webdo.tn\\\/fr\\\/#organization\",\"name\":\"Webdo\",\"alternateName\":\"Webdo.tn\",\"url\":\"https:\\\/\\\/www.webdo.tn\\\/fr\\\/\",\"logo\":{\"@type\":\"ImageObject\",\"inLanguage\":\"fr-FR\",\"@id\":\"https:\\\/\\\/www.webdo.tn\\\/fr\\\/#\\\/schema\\\/logo\\\/image\\\/\",\"url\":\"https:\\\/\\\/www.webdo.tn\\\/fr\\\/wp-content\\\/uploads\\\/2025\\\/06\\\/Webdo-Tunisie_168377.jpg\",\"contentUrl\":\"https:\\\/\\\/www.webdo.tn\\\/fr\\\/wp-content\\\/uploads\\\/2025\\\/06\\\/Webdo-Tunisie_168377.jpg\",\"width\":301,\"height\":301,\"caption\":\"Webdo\"},\"image\":{\"@id\":\"https:\\\/\\\/www.webdo.tn\\\/fr\\\/#\\\/schema\\\/logo\\\/image\\\/\"},\"sameAs\":[\"https:\\\/\\\/www.facebook.com\\\/webdotn\",\"https:\\\/\\\/x.com\\\/webdo_tn\"],\"description\":\"Webdo est un m\u00e9dia num\u00e9rique tunisien fond\u00e9 en 2010, sp\u00e9cialis\u00e9 dans l\u2019actualit\u00e9 nationale et internationale, l\u2019\u00e9conomie, la soci\u00e9t\u00e9 et les analyses politiques. Le site s\u2019adresse \u00e0 un large public francophone et couvre l\u2019information tunisienne en temps r\u00e9el.\",\"email\":\"redac@webdo.tn\",\"legalName\":\"YNJ SARL\",\"foundingDate\":\"2010-09-06\",\"numberOfEmployees\":{\"@type\":\"QuantitativeValue\",\"minValue\":\"11\",\"maxValue\":\"50\"}},{\"@type\":\"Person\",\"@id\":\"https:\\\/\\\/www.webdo.tn\\\/fr\\\/#\\\/schema\\\/person\\\/82ca085b22037d285e1a3c4b65ba5f71\",\"name\":\"KJ\",\"image\":{\"@type\":\"ImageObject\",\"inLanguage\":\"fr-FR\",\"@id\":\"https:\\\/\\\/secure.gravatar.com\\\/avatar\\\/1a1320de1c1971c893f00068f760b4113d69504aa21273da17ee95650c5944fd?s=96&d=mm&r=g\",\"url\":\"https:\\\/\\\/secure.gravatar.com\\\/avatar\\\/1a1320de1c1971c893f00068f760b4113d69504aa21273da17ee95650c5944fd?s=96&d=mm&r=g\",\"contentUrl\":\"https:\\\/\\\/secure.gravatar.com\\\/avatar\\\/1a1320de1c1971c893f00068f760b4113d69504aa21273da17ee95650c5944fd?s=96&d=mm&r=g\",\"caption\":\"KJ\"},\"url\":\"https:\\\/\\\/www.webdo.tn\\\/fr\\\/actualite\\\/author\\\/kj\\\/\"}]}<\/script>\n<!-- \/ Yoast SEO Premium plugin. -->","yoast_head_json":{"title":"Tunisie : Une r\u00e9colte c\u00e9r\u00e9ali\u00e8re prometteuse","description":"La Tunisie s'attend \u00e0 une r\u00e9colte c\u00e9r\u00e9ali\u00e8re exceptionnelle en 2025, avec des rendements prometteurs similaires \u00e0 ceux de 2019, sous r\u00e9serve de pr\u00e9cipitations e...","canonical":"https:\/\/www.webdo.tn\/fr\/actualite\/national\/tunisie-une-recolte-cerealiere-prometteuse\/220982\/","og_locale":"fr_FR","og_type":"article","og_title":"Tunisie : Une r\u00e9colte c\u00e9r\u00e9ali\u00e8re prometteuse","og_description":"La Tunisie s'attend \u00e0 une r\u00e9colte c\u00e9r\u00e9ali\u00e8re exceptionnelle en 2025, avec des rendements prometteurs similaires \u00e0 ceux de 2019, sous r\u00e9serve de pr\u00e9cipitations e...","og_url":"https:\/\/www.webdo.tn\/fr\/actualite\/national\/tunisie-une-recolte-cerealiere-prometteuse\/220982\/","og_site_name":"webdo","article_publisher":"https:\/\/www.facebook.com\/webdotn","article_published_time":"2025-04-03T15:29:00+00:00","article_modified_time":"2025-05-20T22:18:52+00:00","og_image":[{"width":750,"height":400,"url":"https:\/\/www.webdo.tn\/fr\/wp-content\/uploads\/2025\/05\/64555a0f00cf39c0244584d5f933ae2d-3.webp","type":"image\/webp"}],"author":"KJ","twitter_card":"summary_large_image","twitter_creator":"@webdo_tn","twitter_site":"@webdo_tn","twitter_misc":{"\u00c9crit par":"KJ","Dur\u00e9e de lecture estim\u00e9e":"1 minute"},"schema":{"@context":"https:\/\/schema.org","@graph":[{"@type":"NewsArticle","@id":"https:\/\/www.webdo.tn\/fr\/actualite\/national\/tunisie-une-recolte-cerealiere-prometteuse\/220982\/#article","isPartOf":{"@id":"https:\/\/www.webdo.tn\/fr\/actualite\/national\/tunisie-une-recolte-cerealiere-prometteuse\/220982\/"},"author":{"name":"KJ","@id":"https:\/\/www.webdo.tn\/fr\/#\/schema\/person\/82ca085b22037d285e1a3c4b65ba5f71"},"headline":"Tunisie : Une r\u00e9colte c\u00e9r\u00e9ali\u00e8re prometteuse","datePublished":"2025-04-03T15:29:00+00:00","dateModified":"2025-05-20T22:18:52+00:00","mainEntityOfPage":{"@id":"https:\/\/www.webdo.tn\/fr\/actualite\/national\/tunisie-une-recolte-cerealiere-prometteuse\/220982\/"},"wordCount":299,"commentCount":0,"publisher":{"@id":"https:\/\/www.webdo.tn\/fr\/#organization"},"image":{"@id":"https:\/\/www.webdo.tn\/fr\/actualite\/national\/tunisie-une-recolte-cerealiere-prometteuse\/220982\/#primaryimage"},"thumbnailUrl":"https:\/\/www.webdo.tn\/fr\/wp-content\/uploads\/2025\/05\/64555a0f00cf39c0244584d5f933ae2d-3.webp","keywords":["c\u00e9r\u00e9ales","R\u00e9colte","saison","Tunisie"],"articleSection":["National"],"inLanguage":"fr-FR"},{"@type":"WebPage","@id":"https:\/\/www.webdo.tn\/fr\/actualite\/national\/tunisie-une-recolte-cerealiere-prometteuse\/220982\/","url":"https:\/\/www.webdo.tn\/fr\/actualite\/national\/tunisie-une-recolte-cerealiere-prometteuse\/220982\/","name":"Tunisie : Une r\u00e9colte c\u00e9r\u00e9ali\u00e8re prometteuse","isPartOf":{"@id":"https:\/\/www.webdo.tn\/fr\/#website"},"primaryImageOfPage":{"@id":"https:\/\/www.webdo.tn\/fr\/actualite\/national\/tunisie-une-recolte-cerealiere-prometteuse\/220982\/#primaryimage"},"image":{"@id":"https:\/\/www.webdo.tn\/fr\/actualite\/national\/tunisie-une-recolte-cerealiere-prometteuse\/220982\/#primaryimage"},"thumbnailUrl":"https:\/\/www.webdo.tn\/fr\/wp-content\/uploads\/2025\/05\/64555a0f00cf39c0244584d5f933ae2d-3.webp","datePublished":"2025-04-03T15:29:00+00:00","dateModified":"2025-05-20T22:18:52+00:00","description":"La Tunisie s'attend \u00e0 une r\u00e9colte c\u00e9r\u00e9ali\u00e8re exceptionnelle en 2025, avec des rendements prometteurs similaires \u00e0 ceux de 2019, sous r\u00e9serve de pr\u00e9cipitations e...","breadcrumb":{"@id":"https:\/\/www.webdo.tn\/fr\/actualite\/national\/tunisie-une-recolte-cerealiere-prometteuse\/220982\/#breadcrumb"},"inLanguage":"fr-FR","potentialAction":[{"@type":"ReadAction","target":["https:\/\/www.webdo.tn\/fr\/actualite\/national\/tunisie-une-recolte-cerealiere-prometteuse\/220982\/"]}]},{"@type":"ImageObject","inLanguage":"fr-FR","@id":"https:\/\/www.webdo.tn\/fr\/actualite\/national\/tunisie-une-recolte-cerealiere-prometteuse\/220982\/#primaryimage","url":"https:\/\/www.webdo.tn\/fr\/wp-content\/uploads\/2025\/05\/64555a0f00cf39c0244584d5f933ae2d-3.webp","contentUrl":"https:\/\/www.webdo.tn\/fr\/wp-content\/uploads\/2025\/05\/64555a0f00cf39c0244584d5f933ae2d-3.webp","width":750,"height":400},{"@type":"BreadcrumbList","@id":"https:\/\/www.webdo.tn\/fr\/actualite\/national\/tunisie-une-recolte-cerealiere-prometteuse\/220982\/#breadcrumb","itemListElement":[{"@type":"ListItem","position":1,"name":"Accueil","item":"https:\/\/www.webdo.tn\/fr\/"},{"@type":"ListItem","position":2,"name":"Tunisie : Une r\u00e9colte c\u00e9r\u00e9ali\u00e8re prometteuse"}]},{"@type":"WebSite","@id":"https:\/\/www.webdo.tn\/fr\/#website","url":"https:\/\/www.webdo.tn\/fr\/","name":"webdo","description":"Tunisie - News en Tunisie et \u00e0 l&#039;international sur Webdo.tn","publisher":{"@id":"https:\/\/www.webdo.tn\/fr\/#organization"},"potentialAction":[{"@type":"SearchAction","target":{"@type":"EntryPoint","urlTemplate":"https:\/\/www.webdo.tn\/fr\/?s={search_term_string}"},"query-input":{"@type":"PropertyValueSpecification","valueRequired":true,"valueName":"search_term_string"}}],"inLanguage":"fr-FR"},{"@type":"Organization","@id":"https:\/\/www.webdo.tn\/fr\/#organization","name":"Webdo","alternateName":"Webdo.tn","url":"https:\/\/www.webdo.tn\/fr\/","logo":{"@type":"ImageObject","inLanguage":"fr-FR","@id":"https:\/\/www.webdo.tn\/fr\/#\/schema\/logo\/image\/","url":"https:\/\/www.webdo.tn\/fr\/wp-content\/uploads\/2025\/06\/Webdo-Tunisie_168377.jpg","contentUrl":"https:\/\/www.webdo.tn\/fr\/wp-content\/uploads\/2025\/06\/Webdo-Tunisie_168377.jpg","width":301,"height":301,"caption":"Webdo"},"image":{"@id":"https:\/\/www.webdo.tn\/fr\/#\/schema\/logo\/image\/"},"sameAs":["https:\/\/www.facebook.com\/webdotn","https:\/\/x.com\/webdo_tn"],"description":"Webdo est un m\u00e9dia num\u00e9rique tunisien fond\u00e9 en 2010, sp\u00e9cialis\u00e9 dans l\u2019actualit\u00e9 nationale et internationale, l\u2019\u00e9conomie, la soci\u00e9t\u00e9 et les analyses politiques. Le site s\u2019adresse \u00e0 un large public francophone et couvre l\u2019information tunisienne en temps r\u00e9el.","email":"redac@webdo.tn","legalName":"YNJ SARL","foundingDate":"2010-09-06","numberOfEmployees":{"@type":"QuantitativeValue","minValue":"11","maxValue":"50"}},{"@type":"Person","@id":"https:\/\/www.webdo.tn\/fr\/#\/schema\/person\/82ca085b22037d285e1a3c4b65ba5f71","name":"KJ","image":{"@type":"ImageObject","inLanguage":"fr-FR","@id":"https:\/\/secure.gravatar.com\/avatar\/1a1320de1c1971c893f00068f760b4113d69504aa21273da17ee95650c5944fd?s=96&d=mm&r=g","url":"https:\/\/secure.gravatar.com\/avatar\/1a1320de1c1971c893f00068f760b4113d69504aa21273da17ee95650c5944fd?s=96&d=mm&r=g","contentUrl":"https:\/\/secure.gravatar.com\/avatar\/1a1320de1c1971c893f00068f760b4113d69504aa21273da17ee95650c5944fd?s=96&d=mm&r=g","caption":"KJ"},"url":"https:\/\/www.webdo.tn\/fr\/actualite\/author\/kj\/"}]}},"_links":{"self":[{"href":"https:\/\/www.webdo.tn\/fr\/wp-json\/wp\/v2\/posts\/220982","targetHints":{"allow":["GET"]}}],"collection":[{"href":"https:\/\/www.webdo.tn\/fr\/wp-json\/wp\/v2\/posts"}],"about":[{"href":"https:\/\/www.webdo.tn\/fr\/wp-json\/wp\/v2\/types\/post"}],"author":[{"embeddable":true,"href":"https:\/\/www.webdo.tn\/fr\/wp-json\/wp\/v2\/users\/3163"}],"replies":[{"embeddable":true,"href":"https:\/\/www.webdo.tn\/fr\/wp-json\/wp\/v2\/comments?post=220982"}],"version-history":[{"count":0,"href":"https:\/\/www.webdo.tn\/fr\/wp-json\/wp\/v2\/posts\/220982\/revisions"}],"wp:featuredmedia":[{"embeddable":true,"href":"https:\/\/www.webdo.tn\/fr\/wp-json\/wp\/v2\/media\/241388"}],"wp:attachment":[{"href":"https:\/\/www.webdo.tn\/fr\/wp-json\/wp\/v2\/media?parent=220982"}],"wp:term":[{"taxonomy":"category","embeddable":true,"href":"https:\/\/www.webdo.tn\/fr\/wp-json\/wp\/v2\/categories?post=220982"},{"taxonomy":"post_tag","embeddable":true,"href":"https:\/\/www.webdo.tn\/fr\/wp-json\/wp\/v2\/tags?post=220982"}],"curies":[{"name":"wp","href":"https:\/\/api.w.org\/{rel}","templated":true}]}}