{"id":220978,"date":"2025-04-03T12:50:00","date_gmt":"2025-04-03T12:50:00","guid":{"rendered":"https:\/\/www.webdo.tn\/fr\/blog\/2025\/04\/03\/cannes-2025-la-palme-d-or-fete-ses-70-ans\/"},"modified":"2025-05-21T08:54:56","modified_gmt":"2025-05-21T08:54:56","slug":"cannes-2025-la-palme-d-or-fete-ses-70-ans","status":"publish","type":"post","link":"https:\/\/www.webdo.tn\/fr\/actualite\/culture\/cannes-2025-la-palme-d-or-fete-ses-70-ans\/220978\/","title":{"rendered":"Cannes 2025 &#8211; La Palme d&rsquo;Or f\u00eate ses 70 ans"},"content":{"rendered":"<div class=\"single-body entry-content typography-copy\" itemprop=\"articleBody\">\n<p style=\"font-weight: bold; text-align: justify\">\n\t\t\t\t\t\t\t\t\tL&rsquo;\u00e9dition 2025 du Festival de Cannes c\u00e9l\u00e8bre une ic\u00f4ne du cin\u00e9ma mondial : la Palme d\u2019Or, qui souffle cette ann\u00e9e ses 70 bougies. Depuis sa cr\u00e9ation en 1955, ce troph\u00e9e est devenu l\u2019une des r\u00e9compenses les plus convoit\u00e9es du septi\u00e8me art, synonyme d\u2019excellence et de cons\u00e9cration pour les cin\u00e9astes du monde entier. Chaque ann\u00e9e, elle distingue le meilleur film de la comp\u00e9tition officielle, choisi par un jury international prestigieux.\n\t\t\t\t\t\t\t\t<\/p>\n<div class=\"coprs\" style=\"text-align: center\"><\/div>\n<div class=\"coprs\" style=\"text-align: justify\">\n<p><span><span><strong>Une histoire riche et mouvement\u00e9e<\/strong><\/span><\/span><\/p>\n<p><span><span>Avant que la Palme d\u2019Or ne devienne le symbole absolu du Festival de Cannes, la r\u00e9compense supr\u00eame portait un autre nom. Entre 1946 et 1954, les films laur\u00e9ats recevaient un <strong>Grand Prix du Festival International du Film<\/strong>, un troph\u00e9e au design unique \u00e0 chaque \u00e9dition. Mais en 1954, le comit\u00e9 d\u2019organisation d\u00e9cide de cr\u00e9er une distinction plus p\u00e9renne et imm\u00e9diatement reconnaissable. Un concours est lanc\u00e9 aupr\u00e8s de plusieurs joailliers, et c\u2019est finalement le design de Lucienne Lazon qui est retenu. Inspir\u00e9e du blason de la ville de Cannes, la fameuse palme dor\u00e9e voit officiellement le jour en 1955 et est attribu\u00e9e pour la premi\u00e8re fois au film <em>Marty<\/em> de Delbert Mann.<\/span><\/span><\/p>\n<p><span><span>Cependant, la Palme d\u2019Or conna\u00eet une interruption en 1964. Le festival d\u00e9cide de revenir temporairement au <strong>Grand Prix<\/strong>, jug\u00e9 plus solennel et aussi par manque de moyens financiers. Cette parenth\u00e8se dure jusqu\u2019en 1974, avant que la Palme ne soit d\u00e9finitivement r\u00e9introduite en <strong>1975<\/strong>, devenant depuis lors l\u2019unique distinction majeure du festival.<\/span><\/span><\/p>\n<p><span><span><strong>Un Troph\u00e9e d\u2019exception, fabriqu\u00e9 par Chopard<\/strong><\/span><\/span><\/p>\n<p><span><span>Depuis 1998, la prestigieuse maison suisse <strong>Chopard<\/strong> est responsable de la fabrication de la Palme d\u2019Or. Cette derni\u00e8re, redessin\u00e9e par Caroline Scheufele, est en or 18 carats, mont\u00e9e sur un coussin de cristal de roche taill\u00e9 \u00e0 la main. Sa cr\u00e9ation demande des semaines de travail minutieux, mobilisant les meilleurs artisans. Fait int\u00e9ressant : chaque ann\u00e9e, Chopard fabrique deux exemplaires du troph\u00e9e, en pr\u00e9vision d\u2019un \u00e9ventuel ex aequo ou en cas de perte du troph\u00e9e original.<\/span><\/span><\/p>\n<p><span><span>Theo Angelopoulos est le premier \u00e0 remporter pour son film\u00a0<em>L\u2019\u00c9ternit\u00e9\u00a0et un jour<\/em> la Palme d\u2019Or telle qu\u2019on la conna\u00eet aujourd\u2019hui. <\/span><\/span><\/p>\n<p><span><span>En 2022, pour c\u00e9l\u00e9brer les 75 ans du Festival de Cannes, Chopard a cr\u00e9\u00e9 une version unique et luxueuse de la Palme, sertie de diamants. J\u2019avais d\u2019ailleurs d\u00e9taill\u00e9 toute l\u2019histoire de ce troph\u00e9e dans mon article <a href=\"https:\/\/www.webdo.tn\/fr\/actualite\/culture\/cannes-2022-une-palme-dor-sertie-de-diamants-a-loccasion-du-75eme-anniversaire\/116612\"><strong>\u00ab\u00a0Cannes 2022 &#8211; Une Palme d\u2019Or sertie de diamants \u00e0 l\u2019occasion du 75\u00e8me anniversaire\u00a0\u00bb<\/strong>,<\/a> que je vous invite \u00e0 lire pour en savoir plus sur\u00a0 l&rsquo;histoire et la fabrication de ce joyau du cin\u00e9ma.<\/span><\/span><\/p>\n<p><span><span><strong>Quelques chiffres cl\u00e9s et anecdotes sur la Palme d\u2019Or<\/strong><\/span><\/span><\/p>\n<p><span><span>En 70 ans, la Palme d\u2019Or a couronn\u00e9 des chefs-d&rsquo;\u0153uvre du cin\u00e9ma mondial et marqu\u00e9 l\u2019histoire du festival. Voici quelques chiffres et faits marquants :<\/span><\/span><\/p>\n<ul>\n<li><span><span><strong>65 Palmes d\u2019Or et 36 Grands Prix<\/strong> ont \u00e9t\u00e9 attribu\u00e9s depuis la cr\u00e9ation du festival.<\/span><\/span><br \/>\n\t\u00a0<\/li>\n<li><span><span><strong>9 r\u00e9alisateurs ont remport\u00e9 deux fois la Palme d\u2019Or<\/strong> :<\/span><\/span>\n<ul>\n<li><span><span><strong>Francis Ford Coppola<\/strong> (<em>La Conversation secr\u00e8te<\/em> en 1974 et <em>Apocalypse Now<\/em> en 1979)<\/span><\/span><\/li>\n<li><span><span><strong>Bille August<\/strong> (<em>Pelle le Conqu\u00e9rant<\/em> en 1988 et <em>Les Meilleures Intentions<\/em> en 1992)<\/span><\/span><\/li>\n<li><span><span><strong>Emir Kusturica<\/strong> (<em>Papa est en voyage d&rsquo;affaires<\/em> en 1985 et <em>Underground<\/em> en 1995)<\/span><\/span><\/li>\n<li><span><span><strong>Sh\u014dhei Imamura<\/strong> (<em>La Ballade de Narayama<\/em> en 1983 et <em>L&rsquo;Anguille<\/em> en 1997)<\/span><\/span><\/li>\n<li><span><span><strong>Jean-Pierre et Luc Dardenne<\/strong> (<em>Rosetta<\/em> en 1999 et <em>L\u2019Enfant<\/em> en 2005)<\/span><\/span><\/li>\n<li><span><span><strong>Michael Haneke<\/strong> (<em>Le Ruban blanc<\/em> en 2009 et <em>Amour<\/em> en 2012)<\/span><\/span><\/li>\n<li><span><span><strong>Ken Loach<\/strong> (<em>Le Vent se l\u00e8ve<\/em> en 2006 et <em>Moi, Daniel Blake<\/em> en 2016)<\/span><\/span><\/li>\n<li><span><span><strong>Ruben \u00d6stlund<\/strong> (<em>The Square<\/em> en 2017 et <a href=\"https:\/\/www.webdo.tn\/fr\/actualite\/culture\/cannes-2022-pourquoi-une-palme-dor-au-film-triangle-of-sadness\/200028\"><em>Sans filtre<\/em> en 2022<\/a>)<\/span><\/span><br \/>\n\t\t\u00a0<\/li>\n<\/ul>\n<\/li>\n<li><span><span><strong>Les pays ayant remport\u00e9 le plus de Palmes d\u2019Or et de Grands Prix sont :<\/strong><\/span><\/span><br \/>\n\t\u200b\u200b\u200b<\/li>\n<\/ul>\n<ol>\n<li><span><span><strong>Les \u00c9tats-Unis<\/strong> : <strong>23 r\u00e9compenses<\/strong> (9 Grands Prix, 14 Palmes d\u2019Or), dont la derni\u00e8re en <a href=\"https:\/\/www.webdo.tn\/fr\/actualite\/culture\/cannes-2024-la-ceremonie-de-cloture-entre-surprises-emotions-et-deceptions\/214381\">2024 pour <em>Anora<\/em> de Sean Baker<\/a>.<\/span><\/span><\/li>\n<li><span><span><strong>France<\/strong> : <strong>17 r\u00e9compenses<\/strong> (6 Grands Prix, 11 Palmes d\u2019Or). Deux de ces Palmes ont \u00e9t\u00e9 attribu\u00e9es \u00e0 des r\u00e9alisatrices.<\/span><\/span><\/li>\n<li><span><span><strong>Italie<\/strong> : <strong>12 r\u00e9compenses<\/strong> (7 Grands Prix, 5 Palmes d\u2019Or).<\/span><\/span><\/li>\n<li><span><span><strong>Royaume-Uni<\/strong> : <strong>10 r\u00e9compenses<\/strong> (6 Grands Prix, 4 Palmes d\u2019Or). Les Britanniques ont obtenu un Grand Prix d\u00e8s la premi\u00e8re \u00e9dition du Festival en 1946, pour <em>Br\u00e8ve Rencontre<\/em> de David Lean.<\/span><\/span><br \/>\n\t\u00a0<\/li>\n<\/ol>\n<ul>\n<li><span><span><strong>Le plus jeune laur\u00e9at\u00a0: \u00a0<\/strong><\/span><\/span><\/li>\n<\/ul>\n<p><span><span>En 1956,\u00a0Louis Malle\u00a0remporte la Palme d\u2019Or pour son documentaire <em>Le Monde du silence<\/em>, cor\u00e9alis\u00e9 par Jacques-Yves Cousteau. Alors \u00e2g\u00e9 de 24 ans, il devient le plus jeune r\u00e9alisateur laur\u00e9at de ce prix, un record qu\u2019il d\u00e9tient encore aujourd\u2019hui. Steven Soderbergh le talonne de pr\u00e8s, qui d\u00e9crocha en 1989 la Palme d\u2019Or pour\u00a0<em>Sexe, mensonges et vid\u00e9o<\/em>\u00a0\u00e0 l\u2019\u00e2ge de 26 ans.<\/span><\/span><\/p>\n<ul>\n<li><span><span><strong>L\u2019Unique Palme d\u2019Or pour un film Arabe\u00a0:<\/strong><\/span><\/span><\/li>\n<\/ul>\n<p><span><span>Le 23 mai 1975, l\u2019Alg\u00e9rie d\u00e9croche la Palme d\u2019Or au Festival de Cannes avec le film <em>Chronique des ann\u00e9es de braise,<\/em> r\u00e9alis\u00e9 par Mohammed Lakhdar-Hamina. Il s\u2019agit \u00e0 ce jour de <strong>l\u2019unique Palme d\u2019Or attribu\u00e9e \u00e0 un film arabe<\/strong>.<\/span><\/span><\/p>\n<p><span><span>En 2013, le r\u00e9alisateur d\u2019origine tunisienne Abdellatif Kechiche remporte la Palme d\u2019Or pour son film <em>La Vie d&rsquo;Ad\u00e8le &#8211; Chapitre 1 &amp; 2<\/em>, qui est une coproduction entre la France, la Belgique et l\u2019Espagne.\u00a0 <\/span><\/span><\/p>\n<ul>\n<li><span><span><strong>Les Femmes et la Palme d\u2019Or\u00a0:<\/strong><\/span><\/span><\/li>\n<\/ul>\n<p><span><span>Pendant longtemps, la Palme d\u2019Or est rest\u00e9e une r\u00e9compense majoritairement masculine. Il a fallu attendre 1993 pour voir une femme couronn\u00e9e : Jane Campion a remport\u00e9 la Palme pour <em>La Le\u00e7on de piano<\/em>, bien qu\u2019elle ait d\u00fb la partager avec Chen Kaige pour <em>Adieu ma concubine<\/em>. Il a fallu pr\u00e8s de 30 ans pour qu\u2019une femme soit \u00e0 nouveau r\u00e9compens\u00e9e, avec <a href=\"https:\/\/www.webdo.tn\/fr\/actualite\/culture\/cannes-2021-pourquoi-la-palme-dor-pour-titane\/199984\">Julia Ducournau et son film <em>Titane<\/em> en 2021<\/a>. Deux ans plus tard, <a href=\"https:\/\/www.webdo.tn\/fr\/actualite\/culture\/cannes-2023-anatomie-d-une-chute-une-exploration-complexe-des-relations-humaines-sous-le-prisme-judiciaire\/206187\">en 2023, Justine Triet entre dans l\u2019histoire avec <em>Anatomie d\u2019une chute<\/em>.<\/a><\/span><\/span><\/p>\n<p><span><span>Aujourd\u2019hui, <strong>seulement trois r\u00e9alisatrices ont d\u00e9croch\u00e9 la Palme d\u2019Or<\/strong>, un chiffre qui souligne encore l\u2019in\u00e9galit\u00e9 persistante dans le monde du cin\u00e9ma, malgr\u00e9 une \u00e9volution des mentalit\u00e9s et des s\u00e9lections de plus en plus inclusives.<\/span><\/span><\/p>\n<p><span><span><strong>Des discours mythiques et des moments inoubliables<\/strong><\/span><\/span><\/p>\n<p><span><span>La Palme d\u2019Or est souvent synonyme de discours m\u00e9morables. Certains r\u00e9alisateurs laur\u00e9ats ont marqu\u00e9 l\u2019histoire du festival par leur \u00e9motion, leur engagement ou leurs d\u00e9clarations surprenantes.<\/span><\/span><\/p>\n<p><span><span>En <strong>2009<\/strong>, <strong>Michael Haneke<\/strong> re\u00e7oit la Palme d\u2019Or pour <em>Le Ruban Blanc<\/em> et livre un discours sobre mais puissant sur la responsabilit\u00e9 du cin\u00e9ma face \u00e0 l\u2019Histoire.<\/span><\/span><\/p>\n<p><span><span>En <strong>2019<\/strong>, lorsque <strong>Bong Joon-ho<\/strong> re\u00e7oit la Palme pour <em>Parasite<\/em>, il rend hommage \u00e0 <strong>Martin Scorsese<\/strong>, son idole, en citant ses paroles : <em>\u00ab Le plus personnel est toujours le plus cr\u00e9atif \u00bb<\/em>. La salle lui offre alors une standing ovation, sous les yeux d\u2019un Scorsese visiblement \u00e9mu.<\/span><\/span><\/p>\n<p><span><span><a href=\"https:\/\/www.webdo.tn\/fr\/actualite\/culture\/cannes-2023-palmares-palme-d-or-anatomie-d-une-chute\/206119\">En <strong>2023<\/strong>, <strong>Justine Triet<\/strong> profite de son sacre pour d\u00e9noncer les politiques gouvernementales fran\u00e7aises et d\u00e9fendre la place des artistes dans la soci\u00e9t\u00e9,<\/a> un discours qui a suscit\u00e9 de nombreuses r\u00e9actions.<\/span><\/span><\/p>\n<p><span><span><strong>Un symbole toujours plus fort en 2025<\/strong><\/span><\/span><\/p>\n<p><span><span>Apr\u00e8s <strong>70 ans d\u2019existence<\/strong>, la Palme d\u2019Or est plus que jamais un symbole de prestige, de talent et de reconnaissance. Son histoire, marqu\u00e9e par des \u00e9volutions et des moments forts, continue d\u2019inspirer et de passionner les cin\u00e9philes du monde entier. Qui sera le prochain laur\u00e9at \u00e0 inscrire son nom au palmar\u00e8s ? R\u00e9ponse en mai 2025, sur la sc\u00e8ne du Palais des Festivals de Cannes.<\/span><\/span><\/p>\n<p><span><span>En attendant, je vous invite \u00e0 red\u00e9couvrir l\u2019histoire d\u00e9taill\u00e9e de la Palme d\u2019Or dans mon article <em>\u00ab\u00a0<\/em><a href=\"https:\/\/www.webdo.tn\/fr\/actualite\/culture\/cannes-2022-une-palme-dor-sertie-de-diamants-a-loccasion-du-75eme-anniversaire\/116612\"><em>Cannes 2022 &#8211; Une Palme d\u2019Or sertie de diamants \u00e0 l\u2019occasion du 75\u00e8me anniversaire<\/em><\/a><em>\u00ab\u00a0<\/em>.<\/span><\/span><\/p>\n<p><span><span>La 78<sup>\u00e8me<\/sup> \u00e9dition du Festival de Cannes se tiendra du 13 au 24 mai 2025.<\/p>\n<p><strong>Ne\u00efla Driss<\/strong><\/span><\/span><\/p>\n<p><img decoding=\"async\" alt=\"\" height=\"188\" src=\"\/assets\/uploads\/images\/\/Neila\/2025_CANNES_SIGNATURES_WEB_COULEUR.jpeg\" width=\"1517\"><\/p>\n<p>\u00a0<\/p>\n<\/p><\/div>\n<div class=\"coprs\" style=\"text-align: center\"><\/div><\/div>\n","protected":false},"excerpt":{"rendered":"<p>L&rsquo;\u00e9dition 2025 du Festival de Cannes c\u00e9l\u00e8bre une ic\u00f4ne du cin\u00e9ma mondial : la Palme d\u2019Or, qui souffle cette ann\u00e9e ses 70 bougies. Depuis sa cr\u00e9ation en 1955, ce&#8230;<\/p>\n","protected":false},"author":3164,"featured_media":241384,"comment_status":"open","ping_status":"open","sticky":false,"template":"","format":"standard","meta":{"footnotes":""},"categories":[2594],"tags":[2630,2626,2628,2627,3413],"class_list":["post-220978","post","type-post","status-publish","format-standard","has-post-thumbnail","hentry","category-culture","tag-cannes-2025","tag-cinema","tag-festival","tag-festival-de-cannes","tag-palme-dor"],"yoast_head":"<!-- This site is optimized with the Yoast SEO Premium plugin v27.5 (Yoast SEO v27.5) - https:\/\/yoast.com\/product\/yoast-seo-premium-wordpress\/ -->\n<title>Cannes 2025 - La Palme d&#039;Or f\u00eate ses 70 ans<\/title>\n<meta name=\"description\" content=\"L&#039;\u00e9dition 2025 du Festival de Cannes c\u00e9l\u00e8bre une ic\u00f4ne du cin\u00e9ma mondial : la Palme d\u2019Or, qui souffle cette ann\u00e9e ses 70 bougies. Depuis sa cr\u00e9ation en 1955, ce...\" \/>\n<link rel=\"canonical\" href=\"https:\/\/www.webdo.tn\/fr\/actualite\/culture\/cannes-2025-la-palme-d-or-fete-ses-70-ans\/220978\/\" \/>\n<meta property=\"og:locale\" content=\"fr_FR\" \/>\n<meta property=\"og:type\" content=\"article\" \/>\n<meta property=\"og:title\" content=\"Cannes 2025 - La Palme d&#039;Or f\u00eate ses 70 ans\" \/>\n<meta property=\"og:description\" content=\"L&#039;\u00e9dition 2025 du Festival de Cannes c\u00e9l\u00e8bre une ic\u00f4ne du cin\u00e9ma mondial : la Palme d\u2019Or, qui souffle cette ann\u00e9e ses 70 bougies. Depuis sa cr\u00e9ation en 1955, ce...\" \/>\n<meta property=\"og:url\" content=\"https:\/\/www.webdo.tn\/fr\/actualite\/culture\/cannes-2025-la-palme-d-or-fete-ses-70-ans\/220978\/\" \/>\n<meta property=\"og:site_name\" content=\"webdo\" \/>\n<meta property=\"article:publisher\" content=\"https:\/\/www.facebook.com\/webdotn\" \/>\n<meta property=\"article:author\" content=\"https:\/\/www.facebook.com\/massir.destiniii\/\" \/>\n<meta property=\"article:published_time\" content=\"2025-04-03T12:50:00+00:00\" \/>\n<meta property=\"article:modified_time\" content=\"2025-05-21T08:54:56+00:00\" \/>\n<meta property=\"og:image\" content=\"https:\/\/www.webdo.tn\/fr\/wp-content\/uploads\/2025\/05\/ecfd65eef53dfa851ec5408454b7133d-3.webp\" \/>\n\t<meta property=\"og:image:width\" content=\"750\" \/>\n\t<meta property=\"og:image:height\" content=\"400\" \/>\n\t<meta property=\"og:image:type\" content=\"image\/webp\" \/>\n<meta name=\"author\" content=\"Ne\u00efla DRISS\" \/>\n<meta name=\"twitter:card\" content=\"summary_large_image\" \/>\n<meta name=\"twitter:creator\" content=\"@https:\/\/x.com\/MassirDestin\" \/>\n<meta name=\"twitter:site\" content=\"@webdo_tn\" \/>\n<meta name=\"twitter:label1\" content=\"\u00c9crit par\" \/>\n\t<meta name=\"twitter:data1\" content=\"Ne\u00efla DRISS\" \/>\n\t<meta name=\"twitter:label2\" content=\"Dur\u00e9e de lecture estim\u00e9e\" \/>\n\t<meta name=\"twitter:data2\" content=\"6 minutes\" \/>\n<script type=\"application\/ld+json\" class=\"yoast-schema-graph\">{\"@context\":\"https:\\\/\\\/schema.org\",\"@graph\":[{\"@type\":\"NewsArticle\",\"@id\":\"https:\\\/\\\/www.webdo.tn\\\/fr\\\/actualite\\\/culture\\\/cannes-2025-la-palme-d-or-fete-ses-70-ans\\\/220978\\\/#article\",\"isPartOf\":{\"@id\":\"https:\\\/\\\/www.webdo.tn\\\/fr\\\/actualite\\\/culture\\\/cannes-2025-la-palme-d-or-fete-ses-70-ans\\\/220978\\\/\"},\"author\":{\"name\":\"Ne\u00efla DRISS\",\"@id\":\"https:\\\/\\\/www.webdo.tn\\\/fr\\\/#\\\/schema\\\/person\\\/60d5ba619ed3f58783b0dc82b7dada80\"},\"headline\":\"Cannes 2025 &#8211; La Palme d&rsquo;Or f\u00eate ses 70 ans\",\"datePublished\":\"2025-04-03T12:50:00+00:00\",\"dateModified\":\"2025-05-21T08:54:56+00:00\",\"mainEntityOfPage\":{\"@id\":\"https:\\\/\\\/www.webdo.tn\\\/fr\\\/actualite\\\/culture\\\/cannes-2025-la-palme-d-or-fete-ses-70-ans\\\/220978\\\/\"},\"wordCount\":1296,\"commentCount\":0,\"publisher\":{\"@id\":\"https:\\\/\\\/www.webdo.tn\\\/fr\\\/#organization\"},\"image\":{\"@id\":\"https:\\\/\\\/www.webdo.tn\\\/fr\\\/actualite\\\/culture\\\/cannes-2025-la-palme-d-or-fete-ses-70-ans\\\/220978\\\/#primaryimage\"},\"thumbnailUrl\":\"https:\\\/\\\/www.webdo.tn\\\/fr\\\/wp-content\\\/uploads\\\/2025\\\/05\\\/ecfd65eef53dfa851ec5408454b7133d-3.webp\",\"keywords\":[\"Cannes 2025\",\"Cin\u00e9ma\",\"Festival\",\"Festival de Cannes\",\"Palme d'Or\"],\"articleSection\":[\"Culture\"],\"inLanguage\":\"fr-FR\"},{\"@type\":\"WebPage\",\"@id\":\"https:\\\/\\\/www.webdo.tn\\\/fr\\\/actualite\\\/culture\\\/cannes-2025-la-palme-d-or-fete-ses-70-ans\\\/220978\\\/\",\"url\":\"https:\\\/\\\/www.webdo.tn\\\/fr\\\/actualite\\\/culture\\\/cannes-2025-la-palme-d-or-fete-ses-70-ans\\\/220978\\\/\",\"name\":\"Cannes 2025 - La Palme d'Or f\u00eate ses 70 ans\",\"isPartOf\":{\"@id\":\"https:\\\/\\\/www.webdo.tn\\\/fr\\\/#website\"},\"primaryImageOfPage\":{\"@id\":\"https:\\\/\\\/www.webdo.tn\\\/fr\\\/actualite\\\/culture\\\/cannes-2025-la-palme-d-or-fete-ses-70-ans\\\/220978\\\/#primaryimage\"},\"image\":{\"@id\":\"https:\\\/\\\/www.webdo.tn\\\/fr\\\/actualite\\\/culture\\\/cannes-2025-la-palme-d-or-fete-ses-70-ans\\\/220978\\\/#primaryimage\"},\"thumbnailUrl\":\"https:\\\/\\\/www.webdo.tn\\\/fr\\\/wp-content\\\/uploads\\\/2025\\\/05\\\/ecfd65eef53dfa851ec5408454b7133d-3.webp\",\"datePublished\":\"2025-04-03T12:50:00+00:00\",\"dateModified\":\"2025-05-21T08:54:56+00:00\",\"description\":\"L'\u00e9dition 2025 du Festival de Cannes c\u00e9l\u00e8bre une ic\u00f4ne du cin\u00e9ma mondial : la Palme d\u2019Or, qui souffle cette ann\u00e9e ses 70 bougies. Depuis sa cr\u00e9ation en 1955, ce...\",\"breadcrumb\":{\"@id\":\"https:\\\/\\\/www.webdo.tn\\\/fr\\\/actualite\\\/culture\\\/cannes-2025-la-palme-d-or-fete-ses-70-ans\\\/220978\\\/#breadcrumb\"},\"inLanguage\":\"fr-FR\",\"potentialAction\":[{\"@type\":\"ReadAction\",\"target\":[\"https:\\\/\\\/www.webdo.tn\\\/fr\\\/actualite\\\/culture\\\/cannes-2025-la-palme-d-or-fete-ses-70-ans\\\/220978\\\/\"]}]},{\"@type\":\"ImageObject\",\"inLanguage\":\"fr-FR\",\"@id\":\"https:\\\/\\\/www.webdo.tn\\\/fr\\\/actualite\\\/culture\\\/cannes-2025-la-palme-d-or-fete-ses-70-ans\\\/220978\\\/#primaryimage\",\"url\":\"https:\\\/\\\/www.webdo.tn\\\/fr\\\/wp-content\\\/uploads\\\/2025\\\/05\\\/ecfd65eef53dfa851ec5408454b7133d-3.webp\",\"contentUrl\":\"https:\\\/\\\/www.webdo.tn\\\/fr\\\/wp-content\\\/uploads\\\/2025\\\/05\\\/ecfd65eef53dfa851ec5408454b7133d-3.webp\",\"width\":750,\"height\":400},{\"@type\":\"BreadcrumbList\",\"@id\":\"https:\\\/\\\/www.webdo.tn\\\/fr\\\/actualite\\\/culture\\\/cannes-2025-la-palme-d-or-fete-ses-70-ans\\\/220978\\\/#breadcrumb\",\"itemListElement\":[{\"@type\":\"ListItem\",\"position\":1,\"name\":\"Accueil\",\"item\":\"https:\\\/\\\/www.webdo.tn\\\/fr\\\/\"},{\"@type\":\"ListItem\",\"position\":2,\"name\":\"Cannes 2025 &#8211; La Palme d&rsquo;Or f\u00eate ses 70 ans\"}]},{\"@type\":\"WebSite\",\"@id\":\"https:\\\/\\\/www.webdo.tn\\\/fr\\\/#website\",\"url\":\"https:\\\/\\\/www.webdo.tn\\\/fr\\\/\",\"name\":\"webdo\",\"description\":\"Tunisie - News en Tunisie et \u00e0 l&#039;international sur Webdo.tn\",\"publisher\":{\"@id\":\"https:\\\/\\\/www.webdo.tn\\\/fr\\\/#organization\"},\"potentialAction\":[{\"@type\":\"SearchAction\",\"target\":{\"@type\":\"EntryPoint\",\"urlTemplate\":\"https:\\\/\\\/www.webdo.tn\\\/fr\\\/?s={search_term_string}\"},\"query-input\":{\"@type\":\"PropertyValueSpecification\",\"valueRequired\":true,\"valueName\":\"search_term_string\"}}],\"inLanguage\":\"fr-FR\"},{\"@type\":\"Organization\",\"@id\":\"https:\\\/\\\/www.webdo.tn\\\/fr\\\/#organization\",\"name\":\"Webdo\",\"alternateName\":\"Webdo.tn\",\"url\":\"https:\\\/\\\/www.webdo.tn\\\/fr\\\/\",\"logo\":{\"@type\":\"ImageObject\",\"inLanguage\":\"fr-FR\",\"@id\":\"https:\\\/\\\/www.webdo.tn\\\/fr\\\/#\\\/schema\\\/logo\\\/image\\\/\",\"url\":\"https:\\\/\\\/www.webdo.tn\\\/fr\\\/wp-content\\\/uploads\\\/2025\\\/06\\\/Webdo-Tunisie_168377.jpg\",\"contentUrl\":\"https:\\\/\\\/www.webdo.tn\\\/fr\\\/wp-content\\\/uploads\\\/2025\\\/06\\\/Webdo-Tunisie_168377.jpg\",\"width\":301,\"height\":301,\"caption\":\"Webdo\"},\"image\":{\"@id\":\"https:\\\/\\\/www.webdo.tn\\\/fr\\\/#\\\/schema\\\/logo\\\/image\\\/\"},\"sameAs\":[\"https:\\\/\\\/www.facebook.com\\\/webdotn\",\"https:\\\/\\\/x.com\\\/webdo_tn\"],\"description\":\"Webdo est un m\u00e9dia num\u00e9rique tunisien fond\u00e9 en 2010, sp\u00e9cialis\u00e9 dans l\u2019actualit\u00e9 nationale et internationale, l\u2019\u00e9conomie, la soci\u00e9t\u00e9 et les analyses politiques. Le site s\u2019adresse \u00e0 un large public francophone et couvre l\u2019information tunisienne en temps r\u00e9el.\",\"email\":\"redac@webdo.tn\",\"legalName\":\"YNJ SARL\",\"foundingDate\":\"2010-09-06\",\"numberOfEmployees\":{\"@type\":\"QuantitativeValue\",\"minValue\":\"11\",\"maxValue\":\"50\"}},{\"@type\":\"Person\",\"@id\":\"https:\\\/\\\/www.webdo.tn\\\/fr\\\/#\\\/schema\\\/person\\\/60d5ba619ed3f58783b0dc82b7dada80\",\"name\":\"Ne\u00efla DRISS\",\"image\":{\"@type\":\"ImageObject\",\"inLanguage\":\"fr-FR\",\"@id\":\"https:\\\/\\\/www.webdo.tn\\\/fr\\\/wp-content\\\/uploads\\\/2026\\\/04\\\/neila-driss_avatar-96x96.jpg\",\"url\":\"https:\\\/\\\/www.webdo.tn\\\/fr\\\/wp-content\\\/uploads\\\/2026\\\/04\\\/neila-driss_avatar-96x96.jpg\",\"contentUrl\":\"https:\\\/\\\/www.webdo.tn\\\/fr\\\/wp-content\\\/uploads\\\/2026\\\/04\\\/neila-driss_avatar-96x96.jpg\",\"caption\":\"Ne\u00efla DRISS\"},\"description\":\"Ne\u00efla Driss est juriste, journaliste culturelle et critique de cin\u00e9ma tunisienne. Titulaire d\u2019un DEA en droit priv\u00e9 de l\u2019Universit\u00e9 Paris II et d\u2019un DESS de l\u2019IHEC Carthage, elle d\u00e9bute sa carri\u00e8re comme juriste sp\u00e9cialis\u00e9e en gestion de patrimoine immobilier. Elle s\u2019oriente ensuite vers l\u2019\u00e9criture en ligne, o\u00f9 elle se distingue d\u00e8s 2006 aux Tunisia Blog Awards, avant de se consacrer au journalisme culturel, avec une sp\u00e9cialisation dans la critique cin\u00e9matographique. Elle couvre r\u00e9guli\u00e8rement les grands festivals internationaux, notamment le Festival de Cannes, les Journ\u00e9es Cin\u00e9matographiques de Carthage et le Festival du film du Caire. Membre de l\u2019ATPCC et de la FIPRESCI, elle participe \u00e0 des jurys et initiatives internationales de critique. Depuis 2024, elle est \u00e9lectrice internationale aux Golden Globes. Facebook : https:\\\/\\\/www.facebook.com\\\/massir.destiniii\\\/ X : https:\\\/\\\/x.com\\\/MassirDestin\",\"sameAs\":[\"https:\\\/\\\/www.facebook.com\\\/massir.destiniii\\\/\",\"https:\\\/\\\/www.instagram.com\\\/neila.driss\\\/?hl=fr\",\"https:\\\/\\\/www.linkedin.com\\\/in\\\/neila-driss-22606a80\\\/\",\"https:\\\/\\\/x.com\\\/https:\\\/\\\/x.com\\\/MassirDestin\"],\"knowsAbout\":[\"Cin\u00e9ma international\",\"critique cin\u00e9matographique\",\"festivals de cin\u00e9ma\",\"journalisme culturel\"],\"knowsLanguage\":[\"Fran\u00e7ais\",\"Arabe\",\"Anglais\"],\"jobTitle\":\"Journaliste culturelle et critique de cin\u00e9ma\",\"worksFor\":\"Webdo\",\"url\":\"https:\\\/\\\/www.webdo.tn\\\/fr\\\/actualite\\\/author\\\/neila-driss\\\/\"}]}<\/script>\n<!-- \/ Yoast SEO Premium plugin. -->","yoast_head_json":{"title":"Cannes 2025 - La Palme d'Or f\u00eate ses 70 ans","description":"L'\u00e9dition 2025 du Festival de Cannes c\u00e9l\u00e8bre une ic\u00f4ne du cin\u00e9ma mondial : la Palme d\u2019Or, qui souffle cette ann\u00e9e ses 70 bougies. Depuis sa cr\u00e9ation en 1955, ce...","canonical":"https:\/\/www.webdo.tn\/fr\/actualite\/culture\/cannes-2025-la-palme-d-or-fete-ses-70-ans\/220978\/","og_locale":"fr_FR","og_type":"article","og_title":"Cannes 2025 - La Palme d'Or f\u00eate ses 70 ans","og_description":"L'\u00e9dition 2025 du Festival de Cannes c\u00e9l\u00e8bre une ic\u00f4ne du cin\u00e9ma mondial : la Palme d\u2019Or, qui souffle cette ann\u00e9e ses 70 bougies. Depuis sa cr\u00e9ation en 1955, ce...","og_url":"https:\/\/www.webdo.tn\/fr\/actualite\/culture\/cannes-2025-la-palme-d-or-fete-ses-70-ans\/220978\/","og_site_name":"webdo","article_publisher":"https:\/\/www.facebook.com\/webdotn","article_author":"https:\/\/www.facebook.com\/massir.destiniii\/","article_published_time":"2025-04-03T12:50:00+00:00","article_modified_time":"2025-05-21T08:54:56+00:00","og_image":[{"width":750,"height":400,"url":"https:\/\/www.webdo.tn\/fr\/wp-content\/uploads\/2025\/05\/ecfd65eef53dfa851ec5408454b7133d-3.webp","type":"image\/webp"}],"author":"Ne\u00efla DRISS","twitter_card":"summary_large_image","twitter_creator":"@https:\/\/x.com\/MassirDestin","twitter_site":"@webdo_tn","twitter_misc":{"\u00c9crit par":"Ne\u00efla DRISS","Dur\u00e9e de lecture estim\u00e9e":"6 minutes"},"schema":{"@context":"https:\/\/schema.org","@graph":[{"@type":"NewsArticle","@id":"https:\/\/www.webdo.tn\/fr\/actualite\/culture\/cannes-2025-la-palme-d-or-fete-ses-70-ans\/220978\/#article","isPartOf":{"@id":"https:\/\/www.webdo.tn\/fr\/actualite\/culture\/cannes-2025-la-palme-d-or-fete-ses-70-ans\/220978\/"},"author":{"name":"Ne\u00efla DRISS","@id":"https:\/\/www.webdo.tn\/fr\/#\/schema\/person\/60d5ba619ed3f58783b0dc82b7dada80"},"headline":"Cannes 2025 &#8211; La Palme d&rsquo;Or f\u00eate ses 70 ans","datePublished":"2025-04-03T12:50:00+00:00","dateModified":"2025-05-21T08:54:56+00:00","mainEntityOfPage":{"@id":"https:\/\/www.webdo.tn\/fr\/actualite\/culture\/cannes-2025-la-palme-d-or-fete-ses-70-ans\/220978\/"},"wordCount":1296,"commentCount":0,"publisher":{"@id":"https:\/\/www.webdo.tn\/fr\/#organization"},"image":{"@id":"https:\/\/www.webdo.tn\/fr\/actualite\/culture\/cannes-2025-la-palme-d-or-fete-ses-70-ans\/220978\/#primaryimage"},"thumbnailUrl":"https:\/\/www.webdo.tn\/fr\/wp-content\/uploads\/2025\/05\/ecfd65eef53dfa851ec5408454b7133d-3.webp","keywords":["Cannes 2025","Cin\u00e9ma","Festival","Festival de Cannes","Palme d'Or"],"articleSection":["Culture"],"inLanguage":"fr-FR"},{"@type":"WebPage","@id":"https:\/\/www.webdo.tn\/fr\/actualite\/culture\/cannes-2025-la-palme-d-or-fete-ses-70-ans\/220978\/","url":"https:\/\/www.webdo.tn\/fr\/actualite\/culture\/cannes-2025-la-palme-d-or-fete-ses-70-ans\/220978\/","name":"Cannes 2025 - La Palme d'Or f\u00eate ses 70 ans","isPartOf":{"@id":"https:\/\/www.webdo.tn\/fr\/#website"},"primaryImageOfPage":{"@id":"https:\/\/www.webdo.tn\/fr\/actualite\/culture\/cannes-2025-la-palme-d-or-fete-ses-70-ans\/220978\/#primaryimage"},"image":{"@id":"https:\/\/www.webdo.tn\/fr\/actualite\/culture\/cannes-2025-la-palme-d-or-fete-ses-70-ans\/220978\/#primaryimage"},"thumbnailUrl":"https:\/\/www.webdo.tn\/fr\/wp-content\/uploads\/2025\/05\/ecfd65eef53dfa851ec5408454b7133d-3.webp","datePublished":"2025-04-03T12:50:00+00:00","dateModified":"2025-05-21T08:54:56+00:00","description":"L'\u00e9dition 2025 du Festival de Cannes c\u00e9l\u00e8bre une ic\u00f4ne du cin\u00e9ma mondial : la Palme d\u2019Or, qui souffle cette ann\u00e9e ses 70 bougies. Depuis sa cr\u00e9ation en 1955, ce...","breadcrumb":{"@id":"https:\/\/www.webdo.tn\/fr\/actualite\/culture\/cannes-2025-la-palme-d-or-fete-ses-70-ans\/220978\/#breadcrumb"},"inLanguage":"fr-FR","potentialAction":[{"@type":"ReadAction","target":["https:\/\/www.webdo.tn\/fr\/actualite\/culture\/cannes-2025-la-palme-d-or-fete-ses-70-ans\/220978\/"]}]},{"@type":"ImageObject","inLanguage":"fr-FR","@id":"https:\/\/www.webdo.tn\/fr\/actualite\/culture\/cannes-2025-la-palme-d-or-fete-ses-70-ans\/220978\/#primaryimage","url":"https:\/\/www.webdo.tn\/fr\/wp-content\/uploads\/2025\/05\/ecfd65eef53dfa851ec5408454b7133d-3.webp","contentUrl":"https:\/\/www.webdo.tn\/fr\/wp-content\/uploads\/2025\/05\/ecfd65eef53dfa851ec5408454b7133d-3.webp","width":750,"height":400},{"@type":"BreadcrumbList","@id":"https:\/\/www.webdo.tn\/fr\/actualite\/culture\/cannes-2025-la-palme-d-or-fete-ses-70-ans\/220978\/#breadcrumb","itemListElement":[{"@type":"ListItem","position":1,"name":"Accueil","item":"https:\/\/www.webdo.tn\/fr\/"},{"@type":"ListItem","position":2,"name":"Cannes 2025 &#8211; La Palme d&rsquo;Or f\u00eate ses 70 ans"}]},{"@type":"WebSite","@id":"https:\/\/www.webdo.tn\/fr\/#website","url":"https:\/\/www.webdo.tn\/fr\/","name":"webdo","description":"Tunisie - News en Tunisie et \u00e0 l&#039;international sur Webdo.tn","publisher":{"@id":"https:\/\/www.webdo.tn\/fr\/#organization"},"potentialAction":[{"@type":"SearchAction","target":{"@type":"EntryPoint","urlTemplate":"https:\/\/www.webdo.tn\/fr\/?s={search_term_string}"},"query-input":{"@type":"PropertyValueSpecification","valueRequired":true,"valueName":"search_term_string"}}],"inLanguage":"fr-FR"},{"@type":"Organization","@id":"https:\/\/www.webdo.tn\/fr\/#organization","name":"Webdo","alternateName":"Webdo.tn","url":"https:\/\/www.webdo.tn\/fr\/","logo":{"@type":"ImageObject","inLanguage":"fr-FR","@id":"https:\/\/www.webdo.tn\/fr\/#\/schema\/logo\/image\/","url":"https:\/\/www.webdo.tn\/fr\/wp-content\/uploads\/2025\/06\/Webdo-Tunisie_168377.jpg","contentUrl":"https:\/\/www.webdo.tn\/fr\/wp-content\/uploads\/2025\/06\/Webdo-Tunisie_168377.jpg","width":301,"height":301,"caption":"Webdo"},"image":{"@id":"https:\/\/www.webdo.tn\/fr\/#\/schema\/logo\/image\/"},"sameAs":["https:\/\/www.facebook.com\/webdotn","https:\/\/x.com\/webdo_tn"],"description":"Webdo est un m\u00e9dia num\u00e9rique tunisien fond\u00e9 en 2010, sp\u00e9cialis\u00e9 dans l\u2019actualit\u00e9 nationale et internationale, l\u2019\u00e9conomie, la soci\u00e9t\u00e9 et les analyses politiques. Le site s\u2019adresse \u00e0 un large public francophone et couvre l\u2019information tunisienne en temps r\u00e9el.","email":"redac@webdo.tn","legalName":"YNJ SARL","foundingDate":"2010-09-06","numberOfEmployees":{"@type":"QuantitativeValue","minValue":"11","maxValue":"50"}},{"@type":"Person","@id":"https:\/\/www.webdo.tn\/fr\/#\/schema\/person\/60d5ba619ed3f58783b0dc82b7dada80","name":"Ne\u00efla DRISS","image":{"@type":"ImageObject","inLanguage":"fr-FR","@id":"https:\/\/www.webdo.tn\/fr\/wp-content\/uploads\/2026\/04\/neila-driss_avatar-96x96.jpg","url":"https:\/\/www.webdo.tn\/fr\/wp-content\/uploads\/2026\/04\/neila-driss_avatar-96x96.jpg","contentUrl":"https:\/\/www.webdo.tn\/fr\/wp-content\/uploads\/2026\/04\/neila-driss_avatar-96x96.jpg","caption":"Ne\u00efla DRISS"},"description":"Ne\u00efla Driss est juriste, journaliste culturelle et critique de cin\u00e9ma tunisienne. Titulaire d\u2019un DEA en droit priv\u00e9 de l\u2019Universit\u00e9 Paris II et d\u2019un DESS de l\u2019IHEC Carthage, elle d\u00e9bute sa carri\u00e8re comme juriste sp\u00e9cialis\u00e9e en gestion de patrimoine immobilier. Elle s\u2019oriente ensuite vers l\u2019\u00e9criture en ligne, o\u00f9 elle se distingue d\u00e8s 2006 aux Tunisia Blog Awards, avant de se consacrer au journalisme culturel, avec une sp\u00e9cialisation dans la critique cin\u00e9matographique. Elle couvre r\u00e9guli\u00e8rement les grands festivals internationaux, notamment le Festival de Cannes, les Journ\u00e9es Cin\u00e9matographiques de Carthage et le Festival du film du Caire. Membre de l\u2019ATPCC et de la FIPRESCI, elle participe \u00e0 des jurys et initiatives internationales de critique. Depuis 2024, elle est \u00e9lectrice internationale aux Golden Globes. Facebook : https:\/\/www.facebook.com\/massir.destiniii\/ X : https:\/\/x.com\/MassirDestin","sameAs":["https:\/\/www.facebook.com\/massir.destiniii\/","https:\/\/www.instagram.com\/neila.driss\/?hl=fr","https:\/\/www.linkedin.com\/in\/neila-driss-22606a80\/","https:\/\/x.com\/https:\/\/x.com\/MassirDestin"],"knowsAbout":["Cin\u00e9ma international","critique cin\u00e9matographique","festivals de cin\u00e9ma","journalisme culturel"],"knowsLanguage":["Fran\u00e7ais","Arabe","Anglais"],"jobTitle":"Journaliste culturelle et critique de cin\u00e9ma","worksFor":"Webdo","url":"https:\/\/www.webdo.tn\/fr\/actualite\/author\/neila-driss\/"}]}},"_links":{"self":[{"href":"https:\/\/www.webdo.tn\/fr\/wp-json\/wp\/v2\/posts\/220978","targetHints":{"allow":["GET"]}}],"collection":[{"href":"https:\/\/www.webdo.tn\/fr\/wp-json\/wp\/v2\/posts"}],"about":[{"href":"https:\/\/www.webdo.tn\/fr\/wp-json\/wp\/v2\/types\/post"}],"author":[{"embeddable":true,"href":"https:\/\/www.webdo.tn\/fr\/wp-json\/wp\/v2\/users\/3164"}],"replies":[{"embeddable":true,"href":"https:\/\/www.webdo.tn\/fr\/wp-json\/wp\/v2\/comments?post=220978"}],"version-history":[{"count":0,"href":"https:\/\/www.webdo.tn\/fr\/wp-json\/wp\/v2\/posts\/220978\/revisions"}],"wp:featuredmedia":[{"embeddable":true,"href":"https:\/\/www.webdo.tn\/fr\/wp-json\/wp\/v2\/media\/241384"}],"wp:attachment":[{"href":"https:\/\/www.webdo.tn\/fr\/wp-json\/wp\/v2\/media?parent=220978"}],"wp:term":[{"taxonomy":"category","embeddable":true,"href":"https:\/\/www.webdo.tn\/fr\/wp-json\/wp\/v2\/categories?post=220978"},{"taxonomy":"post_tag","embeddable":true,"href":"https:\/\/www.webdo.tn\/fr\/wp-json\/wp\/v2\/tags?post=220978"}],"curies":[{"name":"wp","href":"https:\/\/api.w.org\/{rel}","templated":true}]}}