{"id":220967,"date":"2025-04-03T08:50:00","date_gmt":"2025-04-03T08:50:00","guid":{"rendered":"https:\/\/www.webdo.tn\/fr\/blog\/2025\/04\/03\/trump-relance-les-taxes-l-huile-d-olive-tunisienne-sur-la-sellette\/"},"modified":"2025-05-20T22:18:50","modified_gmt":"2025-05-20T22:18:50","slug":"trump-relance-les-taxes-l-huile-d-olive-tunisienne-sur-la-sellette","status":"publish","type":"post","link":"https:\/\/www.webdo.tn\/fr\/actualite\/national\/trump-relance-les-taxes-l-huile-d-olive-tunisienne-sur-la-sellette\/220967\/","title":{"rendered":"Trump relance les taxes : L&rsquo;huile d&rsquo;olive tunisienne sur la sellette ?"},"content":{"rendered":"<p>L&rsquo;huile d&rsquo;olive tunisienne, reconnue pour sa qualit\u00e9 exceptionnelle, joue un r\u00f4le central dans les exportations agricoles de la Tunisie vers les \u00c9tats-Unis.\u00a0<\/p>\n<p>\t\t\t\t\t\t\t\t\tEn 2023, la Tunisie a export\u00e9 pour environ 933 millions de dollars de marchandises vers les \u00c9tats-Unis, dont l&rsquo;huile d&rsquo;olive vierge repr\u00e9sentait 218 millions de dollars.\u00a0<\/p>\n<p>Cependant, la r\u00e9cente annonce du pr\u00e9sident Donald Trump, le 2 avril 2025, concernant l&rsquo;instauration de tarifs douaniers r\u00e9ciproques sur les importations, suscite des inqui\u00e9tudes majeures pour les producteurs et exportateurs tunisiens d&rsquo;huile d&rsquo;olive. Cette politique, baptis\u00e9e \u00ab\u00a0Liberation Day\u00a0\u00bb, vise \u00e0 imposer un tarif de base de 28 % sur toutes les importations tunisiennes, avec des droits plus \u00e9lev\u00e9s pour certains pays.\u00a0<\/p>\n<p>Bien que les d\u00e9tails sp\u00e9cifiques concernant les produits et les pays affect\u00e9s n&rsquo;aient pas encore \u00e9t\u00e9 enti\u00e8rement divulgu\u00e9s, l&rsquo;exp\u00e9rience pass\u00e9e sugg\u00e8re que l&rsquo;huile d&rsquo;olive pourrait \u00eatre directement concern\u00e9e. En effet, lors du pr\u00e9c\u00e9dent mandat de Trump, en 2019, un tarif de 25 % avait \u00e9t\u00e9 impos\u00e9 sur l&rsquo;huile d&rsquo;olive espagnole, entra\u00eenant une chute des exportations espagnoles vers les \u00c9tats-Unis de 50 \u00e0 80 %, selon le type d&rsquo;huile.\u00a0<\/p>\n<p>Si des tarifs similaires \u00e9taient appliqu\u00e9s \u00e0 l&rsquo;huile d&rsquo;olive tunisienne, les cons\u00e9quences pourraient \u00eatre significatives. Les exportateurs tunisiens pourraient perdre une part substantielle de leur march\u00e9 am\u00e9ricain, obligeant les producteurs \u00e0 rechercher des march\u00e9s alternatifs ou \u00e0 r\u00e9duire leur production. De plus, les consommateurs am\u00e9ricains feraient face \u00e0 une augmentation des prix de l&rsquo;huile d&rsquo;olive, ce qui pourrait r\u00e9duire la demande globale.\u00a0<\/p>\n<p>Il est essentiel que les autorit\u00e9s tunisiennes engagent rapidement des discussions diplomatiques avec leurs homologues am\u00e9ricains pour clarifier la situation et, si n\u00e9cessaire, n\u00e9gocier des exemptions ou des r\u00e9ductions de tarifs. Parall\u00e8lement, les producteurs tunisiens devraient explorer la diversification de leurs march\u00e9s d&rsquo;exportation pour att\u00e9nuer les risques associ\u00e9s \u00e0 une d\u00e9pendance excessive vis-\u00e0-vis du march\u00e9 am\u00e9ricain.<\/p>\n","protected":false},"excerpt":{"rendered":"<p>Les nouvelles taxes impos\u00e9es par Donald Trump menacent l&rsquo;huile d&rsquo;olive tunisienne, un produit phare des exportations du pays. D\u00e9couvrez comment ces mesures pou&#8230;<\/p>\n","protected":false},"author":3163,"featured_media":241374,"comment_status":"open","ping_status":"open","sticky":false,"template":"","format":"standard","meta":{"footnotes":""},"categories":[44],"tags":[2874,3407,3309,2608],"class_list":["post-220967","post","type-post","status-publish","format-standard","has-post-thumbnail","hentry","category-national","tag-huile-dolive","tag-taxe","tag-trump","tag-tunisie"],"yoast_head":"<!-- This site is optimized with the Yoast SEO Premium plugin v27.5 (Yoast SEO v27.5) - https:\/\/yoast.com\/product\/yoast-seo-premium-wordpress\/ -->\n<title>Trump relance les taxes : L&#039;huile d&#039;olive tunisienne sur la sellette ?<\/title>\n<meta name=\"description\" content=\"Les nouvelles taxes impos\u00e9es par Donald Trump menacent l&#039;huile d&#039;olive tunisienne, un produit phare des exportations du pays. D\u00e9couvrez comment ces mesures pou...\" \/>\n<link rel=\"canonical\" href=\"https:\/\/www.webdo.tn\/fr\/actualite\/national\/trump-relance-les-taxes-l-huile-d-olive-tunisienne-sur-la-sellette\/220967\/\" \/>\n<meta property=\"og:locale\" content=\"fr_FR\" \/>\n<meta property=\"og:type\" content=\"article\" \/>\n<meta property=\"og:title\" content=\"Trump relance les taxes : L&#039;huile d&#039;olive tunisienne sur la sellette ?\" \/>\n<meta property=\"og:description\" content=\"Les nouvelles taxes impos\u00e9es par Donald Trump menacent l&#039;huile d&#039;olive tunisienne, un produit phare des exportations du pays. D\u00e9couvrez comment ces mesures pou...\" \/>\n<meta property=\"og:url\" content=\"https:\/\/www.webdo.tn\/fr\/actualite\/national\/trump-relance-les-taxes-l-huile-d-olive-tunisienne-sur-la-sellette\/220967\/\" \/>\n<meta property=\"og:site_name\" content=\"webdo\" \/>\n<meta property=\"article:publisher\" content=\"https:\/\/www.facebook.com\/webdotn\" \/>\n<meta property=\"article:published_time\" content=\"2025-04-03T08:50:00+00:00\" \/>\n<meta property=\"article:modified_time\" content=\"2025-05-20T22:18:50+00:00\" \/>\n<meta property=\"og:image\" content=\"https:\/\/www.webdo.tn\/fr\/wp-content\/uploads\/2025\/05\/be43b85bc387303759862a52508e6a09-3.webp\" \/>\n\t<meta property=\"og:image:width\" content=\"710\" \/>\n\t<meta property=\"og:image:height\" content=\"379\" \/>\n\t<meta property=\"og:image:type\" content=\"image\/webp\" \/>\n<meta name=\"author\" content=\"KJ\" \/>\n<meta name=\"twitter:card\" content=\"summary_large_image\" \/>\n<meta name=\"twitter:creator\" content=\"@webdo_tn\" \/>\n<meta name=\"twitter:site\" content=\"@webdo_tn\" \/>\n<meta name=\"twitter:label1\" content=\"\u00c9crit par\" \/>\n\t<meta name=\"twitter:data1\" content=\"KJ\" \/>\n\t<meta name=\"twitter:label2\" content=\"Dur\u00e9e de lecture estim\u00e9e\" \/>\n\t<meta name=\"twitter:data2\" content=\"2 minutes\" \/>\n<script type=\"application\/ld+json\" class=\"yoast-schema-graph\">{\"@context\":\"https:\\\/\\\/schema.org\",\"@graph\":[{\"@type\":\"NewsArticle\",\"@id\":\"https:\\\/\\\/www.webdo.tn\\\/fr\\\/actualite\\\/national\\\/trump-relance-les-taxes-l-huile-d-olive-tunisienne-sur-la-sellette\\\/220967\\\/#article\",\"isPartOf\":{\"@id\":\"https:\\\/\\\/www.webdo.tn\\\/fr\\\/actualite\\\/national\\\/trump-relance-les-taxes-l-huile-d-olive-tunisienne-sur-la-sellette\\\/220967\\\/\"},\"author\":{\"name\":\"KJ\",\"@id\":\"https:\\\/\\\/www.webdo.tn\\\/fr\\\/#\\\/schema\\\/person\\\/82ca085b22037d285e1a3c4b65ba5f71\"},\"headline\":\"Trump relance les taxes : L&rsquo;huile d&rsquo;olive tunisienne sur la sellette ?\",\"datePublished\":\"2025-04-03T08:50:00+00:00\",\"dateModified\":\"2025-05-20T22:18:50+00:00\",\"mainEntityOfPage\":{\"@id\":\"https:\\\/\\\/www.webdo.tn\\\/fr\\\/actualite\\\/national\\\/trump-relance-les-taxes-l-huile-d-olive-tunisienne-sur-la-sellette\\\/220967\\\/\"},\"wordCount\":345,\"commentCount\":0,\"publisher\":{\"@id\":\"https:\\\/\\\/www.webdo.tn\\\/fr\\\/#organization\"},\"image\":{\"@id\":\"https:\\\/\\\/www.webdo.tn\\\/fr\\\/actualite\\\/national\\\/trump-relance-les-taxes-l-huile-d-olive-tunisienne-sur-la-sellette\\\/220967\\\/#primaryimage\"},\"thumbnailUrl\":\"https:\\\/\\\/www.webdo.tn\\\/fr\\\/wp-content\\\/uploads\\\/2025\\\/05\\\/be43b85bc387303759862a52508e6a09-3.webp\",\"keywords\":[\"Huile d'olive\",\"taxe\",\"trump\",\"Tunisie\"],\"articleSection\":[\"National\"],\"inLanguage\":\"fr-FR\"},{\"@type\":\"WebPage\",\"@id\":\"https:\\\/\\\/www.webdo.tn\\\/fr\\\/actualite\\\/national\\\/trump-relance-les-taxes-l-huile-d-olive-tunisienne-sur-la-sellette\\\/220967\\\/\",\"url\":\"https:\\\/\\\/www.webdo.tn\\\/fr\\\/actualite\\\/national\\\/trump-relance-les-taxes-l-huile-d-olive-tunisienne-sur-la-sellette\\\/220967\\\/\",\"name\":\"Trump relance les taxes : L'huile d'olive tunisienne sur la sellette ?\",\"isPartOf\":{\"@id\":\"https:\\\/\\\/www.webdo.tn\\\/fr\\\/#website\"},\"primaryImageOfPage\":{\"@id\":\"https:\\\/\\\/www.webdo.tn\\\/fr\\\/actualite\\\/national\\\/trump-relance-les-taxes-l-huile-d-olive-tunisienne-sur-la-sellette\\\/220967\\\/#primaryimage\"},\"image\":{\"@id\":\"https:\\\/\\\/www.webdo.tn\\\/fr\\\/actualite\\\/national\\\/trump-relance-les-taxes-l-huile-d-olive-tunisienne-sur-la-sellette\\\/220967\\\/#primaryimage\"},\"thumbnailUrl\":\"https:\\\/\\\/www.webdo.tn\\\/fr\\\/wp-content\\\/uploads\\\/2025\\\/05\\\/be43b85bc387303759862a52508e6a09-3.webp\",\"datePublished\":\"2025-04-03T08:50:00+00:00\",\"dateModified\":\"2025-05-20T22:18:50+00:00\",\"description\":\"Les nouvelles taxes impos\u00e9es par Donald Trump menacent l'huile d'olive tunisienne, un produit phare des exportations du pays. D\u00e9couvrez comment ces mesures pou...\",\"breadcrumb\":{\"@id\":\"https:\\\/\\\/www.webdo.tn\\\/fr\\\/actualite\\\/national\\\/trump-relance-les-taxes-l-huile-d-olive-tunisienne-sur-la-sellette\\\/220967\\\/#breadcrumb\"},\"inLanguage\":\"fr-FR\",\"potentialAction\":[{\"@type\":\"ReadAction\",\"target\":[\"https:\\\/\\\/www.webdo.tn\\\/fr\\\/actualite\\\/national\\\/trump-relance-les-taxes-l-huile-d-olive-tunisienne-sur-la-sellette\\\/220967\\\/\"]}]},{\"@type\":\"ImageObject\",\"inLanguage\":\"fr-FR\",\"@id\":\"https:\\\/\\\/www.webdo.tn\\\/fr\\\/actualite\\\/national\\\/trump-relance-les-taxes-l-huile-d-olive-tunisienne-sur-la-sellette\\\/220967\\\/#primaryimage\",\"url\":\"https:\\\/\\\/www.webdo.tn\\\/fr\\\/wp-content\\\/uploads\\\/2025\\\/05\\\/be43b85bc387303759862a52508e6a09-3.webp\",\"contentUrl\":\"https:\\\/\\\/www.webdo.tn\\\/fr\\\/wp-content\\\/uploads\\\/2025\\\/05\\\/be43b85bc387303759862a52508e6a09-3.webp\",\"width\":710,\"height\":379},{\"@type\":\"BreadcrumbList\",\"@id\":\"https:\\\/\\\/www.webdo.tn\\\/fr\\\/actualite\\\/national\\\/trump-relance-les-taxes-l-huile-d-olive-tunisienne-sur-la-sellette\\\/220967\\\/#breadcrumb\",\"itemListElement\":[{\"@type\":\"ListItem\",\"position\":1,\"name\":\"Accueil\",\"item\":\"https:\\\/\\\/www.webdo.tn\\\/fr\\\/\"},{\"@type\":\"ListItem\",\"position\":2,\"name\":\"Trump relance les taxes : L&#8217;huile d&#8217;olive tunisienne sur la sellette ?\"}]},{\"@type\":\"WebSite\",\"@id\":\"https:\\\/\\\/www.webdo.tn\\\/fr\\\/#website\",\"url\":\"https:\\\/\\\/www.webdo.tn\\\/fr\\\/\",\"name\":\"webdo\",\"description\":\"Tunisie - News en Tunisie et \u00e0 l&#039;international sur Webdo.tn\",\"publisher\":{\"@id\":\"https:\\\/\\\/www.webdo.tn\\\/fr\\\/#organization\"},\"potentialAction\":[{\"@type\":\"SearchAction\",\"target\":{\"@type\":\"EntryPoint\",\"urlTemplate\":\"https:\\\/\\\/www.webdo.tn\\\/fr\\\/?s={search_term_string}\"},\"query-input\":{\"@type\":\"PropertyValueSpecification\",\"valueRequired\":true,\"valueName\":\"search_term_string\"}}],\"inLanguage\":\"fr-FR\"},{\"@type\":\"Organization\",\"@id\":\"https:\\\/\\\/www.webdo.tn\\\/fr\\\/#organization\",\"name\":\"Webdo\",\"alternateName\":\"Webdo.tn\",\"url\":\"https:\\\/\\\/www.webdo.tn\\\/fr\\\/\",\"logo\":{\"@type\":\"ImageObject\",\"inLanguage\":\"fr-FR\",\"@id\":\"https:\\\/\\\/www.webdo.tn\\\/fr\\\/#\\\/schema\\\/logo\\\/image\\\/\",\"url\":\"https:\\\/\\\/www.webdo.tn\\\/fr\\\/wp-content\\\/uploads\\\/2025\\\/06\\\/Webdo-Tunisie_168377.jpg\",\"contentUrl\":\"https:\\\/\\\/www.webdo.tn\\\/fr\\\/wp-content\\\/uploads\\\/2025\\\/06\\\/Webdo-Tunisie_168377.jpg\",\"width\":301,\"height\":301,\"caption\":\"Webdo\"},\"image\":{\"@id\":\"https:\\\/\\\/www.webdo.tn\\\/fr\\\/#\\\/schema\\\/logo\\\/image\\\/\"},\"sameAs\":[\"https:\\\/\\\/www.facebook.com\\\/webdotn\",\"https:\\\/\\\/x.com\\\/webdo_tn\"],\"description\":\"Webdo est un m\u00e9dia num\u00e9rique tunisien fond\u00e9 en 2010, sp\u00e9cialis\u00e9 dans l\u2019actualit\u00e9 nationale et internationale, l\u2019\u00e9conomie, la soci\u00e9t\u00e9 et les analyses politiques. Le site s\u2019adresse \u00e0 un large public francophone et couvre l\u2019information tunisienne en temps r\u00e9el.\",\"email\":\"redac@webdo.tn\",\"legalName\":\"YNJ SARL\",\"foundingDate\":\"2010-09-06\",\"numberOfEmployees\":{\"@type\":\"QuantitativeValue\",\"minValue\":\"11\",\"maxValue\":\"50\"}},{\"@type\":\"Person\",\"@id\":\"https:\\\/\\\/www.webdo.tn\\\/fr\\\/#\\\/schema\\\/person\\\/82ca085b22037d285e1a3c4b65ba5f71\",\"name\":\"KJ\",\"image\":{\"@type\":\"ImageObject\",\"inLanguage\":\"fr-FR\",\"@id\":\"https:\\\/\\\/secure.gravatar.com\\\/avatar\\\/1a1320de1c1971c893f00068f760b4113d69504aa21273da17ee95650c5944fd?s=96&d=mm&r=g\",\"url\":\"https:\\\/\\\/secure.gravatar.com\\\/avatar\\\/1a1320de1c1971c893f00068f760b4113d69504aa21273da17ee95650c5944fd?s=96&d=mm&r=g\",\"contentUrl\":\"https:\\\/\\\/secure.gravatar.com\\\/avatar\\\/1a1320de1c1971c893f00068f760b4113d69504aa21273da17ee95650c5944fd?s=96&d=mm&r=g\",\"caption\":\"KJ\"},\"url\":\"https:\\\/\\\/www.webdo.tn\\\/fr\\\/actualite\\\/author\\\/kj\\\/\"}]}<\/script>\n<!-- \/ Yoast SEO Premium plugin. -->","yoast_head_json":{"title":"Trump relance les taxes : L'huile d'olive tunisienne sur la sellette ?","description":"Les nouvelles taxes impos\u00e9es par Donald Trump menacent l'huile d'olive tunisienne, un produit phare des exportations du pays. D\u00e9couvrez comment ces mesures pou...","canonical":"https:\/\/www.webdo.tn\/fr\/actualite\/national\/trump-relance-les-taxes-l-huile-d-olive-tunisienne-sur-la-sellette\/220967\/","og_locale":"fr_FR","og_type":"article","og_title":"Trump relance les taxes : L'huile d'olive tunisienne sur la sellette ?","og_description":"Les nouvelles taxes impos\u00e9es par Donald Trump menacent l'huile d'olive tunisienne, un produit phare des exportations du pays. D\u00e9couvrez comment ces mesures pou...","og_url":"https:\/\/www.webdo.tn\/fr\/actualite\/national\/trump-relance-les-taxes-l-huile-d-olive-tunisienne-sur-la-sellette\/220967\/","og_site_name":"webdo","article_publisher":"https:\/\/www.facebook.com\/webdotn","article_published_time":"2025-04-03T08:50:00+00:00","article_modified_time":"2025-05-20T22:18:50+00:00","og_image":[{"width":710,"height":379,"url":"https:\/\/www.webdo.tn\/fr\/wp-content\/uploads\/2025\/05\/be43b85bc387303759862a52508e6a09-3.webp","type":"image\/webp"}],"author":"KJ","twitter_card":"summary_large_image","twitter_creator":"@webdo_tn","twitter_site":"@webdo_tn","twitter_misc":{"\u00c9crit par":"KJ","Dur\u00e9e de lecture estim\u00e9e":"2 minutes"},"schema":{"@context":"https:\/\/schema.org","@graph":[{"@type":"NewsArticle","@id":"https:\/\/www.webdo.tn\/fr\/actualite\/national\/trump-relance-les-taxes-l-huile-d-olive-tunisienne-sur-la-sellette\/220967\/#article","isPartOf":{"@id":"https:\/\/www.webdo.tn\/fr\/actualite\/national\/trump-relance-les-taxes-l-huile-d-olive-tunisienne-sur-la-sellette\/220967\/"},"author":{"name":"KJ","@id":"https:\/\/www.webdo.tn\/fr\/#\/schema\/person\/82ca085b22037d285e1a3c4b65ba5f71"},"headline":"Trump relance les taxes : L&rsquo;huile d&rsquo;olive tunisienne sur la sellette ?","datePublished":"2025-04-03T08:50:00+00:00","dateModified":"2025-05-20T22:18:50+00:00","mainEntityOfPage":{"@id":"https:\/\/www.webdo.tn\/fr\/actualite\/national\/trump-relance-les-taxes-l-huile-d-olive-tunisienne-sur-la-sellette\/220967\/"},"wordCount":345,"commentCount":0,"publisher":{"@id":"https:\/\/www.webdo.tn\/fr\/#organization"},"image":{"@id":"https:\/\/www.webdo.tn\/fr\/actualite\/national\/trump-relance-les-taxes-l-huile-d-olive-tunisienne-sur-la-sellette\/220967\/#primaryimage"},"thumbnailUrl":"https:\/\/www.webdo.tn\/fr\/wp-content\/uploads\/2025\/05\/be43b85bc387303759862a52508e6a09-3.webp","keywords":["Huile d'olive","taxe","trump","Tunisie"],"articleSection":["National"],"inLanguage":"fr-FR"},{"@type":"WebPage","@id":"https:\/\/www.webdo.tn\/fr\/actualite\/national\/trump-relance-les-taxes-l-huile-d-olive-tunisienne-sur-la-sellette\/220967\/","url":"https:\/\/www.webdo.tn\/fr\/actualite\/national\/trump-relance-les-taxes-l-huile-d-olive-tunisienne-sur-la-sellette\/220967\/","name":"Trump relance les taxes : L'huile d'olive tunisienne sur la sellette ?","isPartOf":{"@id":"https:\/\/www.webdo.tn\/fr\/#website"},"primaryImageOfPage":{"@id":"https:\/\/www.webdo.tn\/fr\/actualite\/national\/trump-relance-les-taxes-l-huile-d-olive-tunisienne-sur-la-sellette\/220967\/#primaryimage"},"image":{"@id":"https:\/\/www.webdo.tn\/fr\/actualite\/national\/trump-relance-les-taxes-l-huile-d-olive-tunisienne-sur-la-sellette\/220967\/#primaryimage"},"thumbnailUrl":"https:\/\/www.webdo.tn\/fr\/wp-content\/uploads\/2025\/05\/be43b85bc387303759862a52508e6a09-3.webp","datePublished":"2025-04-03T08:50:00+00:00","dateModified":"2025-05-20T22:18:50+00:00","description":"Les nouvelles taxes impos\u00e9es par Donald Trump menacent l'huile d'olive tunisienne, un produit phare des exportations du pays. D\u00e9couvrez comment ces mesures pou...","breadcrumb":{"@id":"https:\/\/www.webdo.tn\/fr\/actualite\/national\/trump-relance-les-taxes-l-huile-d-olive-tunisienne-sur-la-sellette\/220967\/#breadcrumb"},"inLanguage":"fr-FR","potentialAction":[{"@type":"ReadAction","target":["https:\/\/www.webdo.tn\/fr\/actualite\/national\/trump-relance-les-taxes-l-huile-d-olive-tunisienne-sur-la-sellette\/220967\/"]}]},{"@type":"ImageObject","inLanguage":"fr-FR","@id":"https:\/\/www.webdo.tn\/fr\/actualite\/national\/trump-relance-les-taxes-l-huile-d-olive-tunisienne-sur-la-sellette\/220967\/#primaryimage","url":"https:\/\/www.webdo.tn\/fr\/wp-content\/uploads\/2025\/05\/be43b85bc387303759862a52508e6a09-3.webp","contentUrl":"https:\/\/www.webdo.tn\/fr\/wp-content\/uploads\/2025\/05\/be43b85bc387303759862a52508e6a09-3.webp","width":710,"height":379},{"@type":"BreadcrumbList","@id":"https:\/\/www.webdo.tn\/fr\/actualite\/national\/trump-relance-les-taxes-l-huile-d-olive-tunisienne-sur-la-sellette\/220967\/#breadcrumb","itemListElement":[{"@type":"ListItem","position":1,"name":"Accueil","item":"https:\/\/www.webdo.tn\/fr\/"},{"@type":"ListItem","position":2,"name":"Trump relance les taxes : L&#8217;huile d&#8217;olive tunisienne sur la sellette ?"}]},{"@type":"WebSite","@id":"https:\/\/www.webdo.tn\/fr\/#website","url":"https:\/\/www.webdo.tn\/fr\/","name":"webdo","description":"Tunisie - News en Tunisie et \u00e0 l&#039;international sur Webdo.tn","publisher":{"@id":"https:\/\/www.webdo.tn\/fr\/#organization"},"potentialAction":[{"@type":"SearchAction","target":{"@type":"EntryPoint","urlTemplate":"https:\/\/www.webdo.tn\/fr\/?s={search_term_string}"},"query-input":{"@type":"PropertyValueSpecification","valueRequired":true,"valueName":"search_term_string"}}],"inLanguage":"fr-FR"},{"@type":"Organization","@id":"https:\/\/www.webdo.tn\/fr\/#organization","name":"Webdo","alternateName":"Webdo.tn","url":"https:\/\/www.webdo.tn\/fr\/","logo":{"@type":"ImageObject","inLanguage":"fr-FR","@id":"https:\/\/www.webdo.tn\/fr\/#\/schema\/logo\/image\/","url":"https:\/\/www.webdo.tn\/fr\/wp-content\/uploads\/2025\/06\/Webdo-Tunisie_168377.jpg","contentUrl":"https:\/\/www.webdo.tn\/fr\/wp-content\/uploads\/2025\/06\/Webdo-Tunisie_168377.jpg","width":301,"height":301,"caption":"Webdo"},"image":{"@id":"https:\/\/www.webdo.tn\/fr\/#\/schema\/logo\/image\/"},"sameAs":["https:\/\/www.facebook.com\/webdotn","https:\/\/x.com\/webdo_tn"],"description":"Webdo est un m\u00e9dia num\u00e9rique tunisien fond\u00e9 en 2010, sp\u00e9cialis\u00e9 dans l\u2019actualit\u00e9 nationale et internationale, l\u2019\u00e9conomie, la soci\u00e9t\u00e9 et les analyses politiques. Le site s\u2019adresse \u00e0 un large public francophone et couvre l\u2019information tunisienne en temps r\u00e9el.","email":"redac@webdo.tn","legalName":"YNJ SARL","foundingDate":"2010-09-06","numberOfEmployees":{"@type":"QuantitativeValue","minValue":"11","maxValue":"50"}},{"@type":"Person","@id":"https:\/\/www.webdo.tn\/fr\/#\/schema\/person\/82ca085b22037d285e1a3c4b65ba5f71","name":"KJ","image":{"@type":"ImageObject","inLanguage":"fr-FR","@id":"https:\/\/secure.gravatar.com\/avatar\/1a1320de1c1971c893f00068f760b4113d69504aa21273da17ee95650c5944fd?s=96&d=mm&r=g","url":"https:\/\/secure.gravatar.com\/avatar\/1a1320de1c1971c893f00068f760b4113d69504aa21273da17ee95650c5944fd?s=96&d=mm&r=g","contentUrl":"https:\/\/secure.gravatar.com\/avatar\/1a1320de1c1971c893f00068f760b4113d69504aa21273da17ee95650c5944fd?s=96&d=mm&r=g","caption":"KJ"},"url":"https:\/\/www.webdo.tn\/fr\/actualite\/author\/kj\/"}]}},"_links":{"self":[{"href":"https:\/\/www.webdo.tn\/fr\/wp-json\/wp\/v2\/posts\/220967","targetHints":{"allow":["GET"]}}],"collection":[{"href":"https:\/\/www.webdo.tn\/fr\/wp-json\/wp\/v2\/posts"}],"about":[{"href":"https:\/\/www.webdo.tn\/fr\/wp-json\/wp\/v2\/types\/post"}],"author":[{"embeddable":true,"href":"https:\/\/www.webdo.tn\/fr\/wp-json\/wp\/v2\/users\/3163"}],"replies":[{"embeddable":true,"href":"https:\/\/www.webdo.tn\/fr\/wp-json\/wp\/v2\/comments?post=220967"}],"version-history":[{"count":0,"href":"https:\/\/www.webdo.tn\/fr\/wp-json\/wp\/v2\/posts\/220967\/revisions"}],"wp:featuredmedia":[{"embeddable":true,"href":"https:\/\/www.webdo.tn\/fr\/wp-json\/wp\/v2\/media\/241374"}],"wp:attachment":[{"href":"https:\/\/www.webdo.tn\/fr\/wp-json\/wp\/v2\/media?parent=220967"}],"wp:term":[{"taxonomy":"category","embeddable":true,"href":"https:\/\/www.webdo.tn\/fr\/wp-json\/wp\/v2\/categories?post=220967"},{"taxonomy":"post_tag","embeddable":true,"href":"https:\/\/www.webdo.tn\/fr\/wp-json\/wp\/v2\/tags?post=220967"}],"curies":[{"name":"wp","href":"https:\/\/api.w.org\/{rel}","templated":true}]}}