{"id":220959,"date":"2025-04-02T20:41:00","date_gmt":"2025-04-02T20:41:00","guid":{"rendered":"https:\/\/www.webdo.tn\/fr\/blog\/2025\/04\/02\/500-emplois-a-venir-le-groupe-allemand-prettl-s-installe-en-tunisie\/"},"modified":"2025-05-17T20:07:35","modified_gmt":"2025-05-17T20:07:35","slug":"500-emplois-a-venir-le-groupe-allemand-prettl-s-installe-en-tunisie","status":"publish","type":"post","link":"https:\/\/www.webdo.tn\/fr\/actualite\/national\/500-emplois-a-venir-le-groupe-allemand-prettl-s-installe-en-tunisie\/220959\/","title":{"rendered":"500 emplois \u00e0 venir : Le groupe allemand PRETTL s&rsquo;installe en Tunisie"},"content":{"rendered":"<p>L&rsquo;entreprise allemande PRETTL, sp\u00e9cialis\u00e9e dans la fabrication de c\u00e2bles automobiles, s&rsquo;appr\u00eate \u00e0 implanter une unit\u00e9 industrielle en Tunisie, cr\u00e9ant ainsi environ 500 emplois dans les prochains mois.<\/p>\n<p>\t\t\t\t\t\t\t\t\tCette annonce a \u00e9t\u00e9 officialis\u00e9e mercredi lors d&rsquo;une r\u00e9union entre Samir Abdelhafidh, ministre tunisien de l&rsquo;\u00c9conomie et de la Planification, et Rolf PRETTL, pr\u00e9sident ex\u00e9cutif du groupe.<\/p>\n<p>Au cours de cette rencontre au si\u00e8ge du minist\u00e8re, M. PRETTL a exprim\u00e9 sa satisfaction quant aux pr\u00e9paratifs en cours pour le lancement de ce projet. Il a soulign\u00e9 que trois facteurs cl\u00e9s ont motiv\u00e9 cette d\u00e9cision d&rsquo;investissement : le climat favorable aux investissements en Tunisie, la position g\u00e9ographique strat\u00e9gique du pays, et la qualit\u00e9 des ressources humaines tunisiennes.<\/p>\n<p>Le ministre Abdelhafidh a pour sa part assur\u00e9 que son minist\u00e8re est pleinement engag\u00e9 \u00e0 accompagner le groupe allemand dans ce projet, afin que l&rsquo;entreprise puisse d\u00e9marrer ses activit\u00e9s rapidement et dans les meilleures conditions possibles.<\/p>\n","protected":false},"excerpt":{"rendered":"<p>Le groupe allemand PRETTL implante une unit\u00e9 industrielle en Tunisie, cr\u00e9ant 500 emplois.<\/p>\n","protected":false},"author":3203,"featured_media":241364,"comment_status":"open","ping_status":"open","sticky":false,"template":"","format":"standard","meta":{"footnotes":""},"categories":[44],"tags":[2841,3049,3399,2608],"class_list":["post-220959","post","type-post","status-publish","format-standard","has-post-thumbnail","hentry","category-national","tag-automobile","tag-emploi","tag-prettl","tag-tunisie"],"yoast_head":"<!-- This site is optimized with the Yoast SEO Premium plugin v27.4 (Yoast SEO v27.4) - https:\/\/yoast.com\/product\/yoast-seo-premium-wordpress\/ -->\n<title>500 emplois \u00e0 venir : Le groupe allemand PRETTL s&#039;installe en Tunisie<\/title>\n<meta name=\"description\" content=\"Le groupe allemand PRETTL implante une unit\u00e9 industrielle en Tunisie, cr\u00e9ant 500 emplois.\" \/>\n<link rel=\"canonical\" href=\"https:\/\/www.webdo.tn\/fr\/actualite\/national\/500-emplois-a-venir-le-groupe-allemand-prettl-s-installe-en-tunisie\/220959\/\" \/>\n<meta property=\"og:locale\" content=\"fr_FR\" \/>\n<meta property=\"og:type\" content=\"article\" \/>\n<meta property=\"og:title\" content=\"500 emplois \u00e0 venir : Le groupe allemand PRETTL s&#039;installe en Tunisie\" \/>\n<meta property=\"og:description\" content=\"Le groupe allemand PRETTL implante une unit\u00e9 industrielle en Tunisie, cr\u00e9ant 500 emplois.\" \/>\n<meta property=\"og:url\" content=\"https:\/\/www.webdo.tn\/fr\/actualite\/national\/500-emplois-a-venir-le-groupe-allemand-prettl-s-installe-en-tunisie\/220959\/\" \/>\n<meta property=\"og:site_name\" content=\"webdo\" \/>\n<meta property=\"article:publisher\" content=\"https:\/\/www.facebook.com\/webdotn\" \/>\n<meta property=\"article:published_time\" content=\"2025-04-02T20:41:00+00:00\" \/>\n<meta property=\"article:modified_time\" content=\"2025-05-17T20:07:35+00:00\" \/>\n<meta property=\"og:image\" content=\"https:\/\/www.webdo.tn\/fr\/wp-content\/uploads\/2025\/05\/85ddf0eed7e75f00507c59b60d8c36c3-3.webp\" \/>\n\t<meta property=\"og:image:width\" content=\"750\" \/>\n\t<meta property=\"og:image:height\" content=\"400\" \/>\n\t<meta property=\"og:image:type\" content=\"image\/webp\" \/>\n<meta name=\"author\" content=\"Ramzi Haddad\" \/>\n<meta name=\"twitter:card\" content=\"summary_large_image\" \/>\n<meta name=\"twitter:creator\" content=\"@webdo_tn\" \/>\n<meta name=\"twitter:site\" content=\"@webdo_tn\" \/>\n<meta name=\"twitter:label1\" content=\"\u00c9crit par\" \/>\n\t<meta name=\"twitter:data1\" content=\"Ramzi Haddad\" \/>\n\t<meta name=\"twitter:label2\" content=\"Dur\u00e9e de lecture estim\u00e9e\" \/>\n\t<meta name=\"twitter:data2\" content=\"1 minute\" \/>\n<script type=\"application\/ld+json\" class=\"yoast-schema-graph\">{\"@context\":\"https:\\\/\\\/schema.org\",\"@graph\":[{\"@type\":\"NewsArticle\",\"@id\":\"https:\\\/\\\/www.webdo.tn\\\/fr\\\/actualite\\\/national\\\/500-emplois-a-venir-le-groupe-allemand-prettl-s-installe-en-tunisie\\\/220959\\\/#article\",\"isPartOf\":{\"@id\":\"https:\\\/\\\/www.webdo.tn\\\/fr\\\/actualite\\\/national\\\/500-emplois-a-venir-le-groupe-allemand-prettl-s-installe-en-tunisie\\\/220959\\\/\"},\"author\":{\"name\":\"Ramzi Haddad\",\"@id\":\"https:\\\/\\\/www.webdo.tn\\\/fr\\\/#\\\/schema\\\/person\\\/5663044c25eb36d8f88ba5b653f12f8c\"},\"headline\":\"500 emplois \u00e0 venir : Le groupe allemand PRETTL s&rsquo;installe en Tunisie\",\"datePublished\":\"2025-04-02T20:41:00+00:00\",\"dateModified\":\"2025-05-17T20:07:35+00:00\",\"mainEntityOfPage\":{\"@id\":\"https:\\\/\\\/www.webdo.tn\\\/fr\\\/actualite\\\/national\\\/500-emplois-a-venir-le-groupe-allemand-prettl-s-installe-en-tunisie\\\/220959\\\/\"},\"wordCount\":180,\"commentCount\":0,\"publisher\":{\"@id\":\"https:\\\/\\\/www.webdo.tn\\\/fr\\\/#organization\"},\"image\":{\"@id\":\"https:\\\/\\\/www.webdo.tn\\\/fr\\\/actualite\\\/national\\\/500-emplois-a-venir-le-groupe-allemand-prettl-s-installe-en-tunisie\\\/220959\\\/#primaryimage\"},\"thumbnailUrl\":\"https:\\\/\\\/www.webdo.tn\\\/fr\\\/wp-content\\\/uploads\\\/2025\\\/05\\\/85ddf0eed7e75f00507c59b60d8c36c3-3.webp\",\"keywords\":[\"Automobile\",\"emploi\",\"PRETTL\",\"Tunisie\"],\"articleSection\":[\"National\"],\"inLanguage\":\"fr-FR\"},{\"@type\":\"WebPage\",\"@id\":\"https:\\\/\\\/www.webdo.tn\\\/fr\\\/actualite\\\/national\\\/500-emplois-a-venir-le-groupe-allemand-prettl-s-installe-en-tunisie\\\/220959\\\/\",\"url\":\"https:\\\/\\\/www.webdo.tn\\\/fr\\\/actualite\\\/national\\\/500-emplois-a-venir-le-groupe-allemand-prettl-s-installe-en-tunisie\\\/220959\\\/\",\"name\":\"500 emplois \u00e0 venir : Le groupe allemand PRETTL s'installe en Tunisie\",\"isPartOf\":{\"@id\":\"https:\\\/\\\/www.webdo.tn\\\/fr\\\/#website\"},\"primaryImageOfPage\":{\"@id\":\"https:\\\/\\\/www.webdo.tn\\\/fr\\\/actualite\\\/national\\\/500-emplois-a-venir-le-groupe-allemand-prettl-s-installe-en-tunisie\\\/220959\\\/#primaryimage\"},\"image\":{\"@id\":\"https:\\\/\\\/www.webdo.tn\\\/fr\\\/actualite\\\/national\\\/500-emplois-a-venir-le-groupe-allemand-prettl-s-installe-en-tunisie\\\/220959\\\/#primaryimage\"},\"thumbnailUrl\":\"https:\\\/\\\/www.webdo.tn\\\/fr\\\/wp-content\\\/uploads\\\/2025\\\/05\\\/85ddf0eed7e75f00507c59b60d8c36c3-3.webp\",\"datePublished\":\"2025-04-02T20:41:00+00:00\",\"dateModified\":\"2025-05-17T20:07:35+00:00\",\"description\":\"Le groupe allemand PRETTL implante une unit\u00e9 industrielle en Tunisie, cr\u00e9ant 500 emplois.\",\"breadcrumb\":{\"@id\":\"https:\\\/\\\/www.webdo.tn\\\/fr\\\/actualite\\\/national\\\/500-emplois-a-venir-le-groupe-allemand-prettl-s-installe-en-tunisie\\\/220959\\\/#breadcrumb\"},\"inLanguage\":\"fr-FR\",\"potentialAction\":[{\"@type\":\"ReadAction\",\"target\":[\"https:\\\/\\\/www.webdo.tn\\\/fr\\\/actualite\\\/national\\\/500-emplois-a-venir-le-groupe-allemand-prettl-s-installe-en-tunisie\\\/220959\\\/\"]}]},{\"@type\":\"ImageObject\",\"inLanguage\":\"fr-FR\",\"@id\":\"https:\\\/\\\/www.webdo.tn\\\/fr\\\/actualite\\\/national\\\/500-emplois-a-venir-le-groupe-allemand-prettl-s-installe-en-tunisie\\\/220959\\\/#primaryimage\",\"url\":\"https:\\\/\\\/www.webdo.tn\\\/fr\\\/wp-content\\\/uploads\\\/2025\\\/05\\\/85ddf0eed7e75f00507c59b60d8c36c3-3.webp\",\"contentUrl\":\"https:\\\/\\\/www.webdo.tn\\\/fr\\\/wp-content\\\/uploads\\\/2025\\\/05\\\/85ddf0eed7e75f00507c59b60d8c36c3-3.webp\",\"width\":750,\"height\":400},{\"@type\":\"BreadcrumbList\",\"@id\":\"https:\\\/\\\/www.webdo.tn\\\/fr\\\/actualite\\\/national\\\/500-emplois-a-venir-le-groupe-allemand-prettl-s-installe-en-tunisie\\\/220959\\\/#breadcrumb\",\"itemListElement\":[{\"@type\":\"ListItem\",\"position\":1,\"name\":\"Accueil\",\"item\":\"https:\\\/\\\/www.webdo.tn\\\/fr\\\/\"},{\"@type\":\"ListItem\",\"position\":2,\"name\":\"500 emplois \u00e0 venir : Le groupe allemand PRETTL s&#8217;installe en Tunisie\"}]},{\"@type\":\"WebSite\",\"@id\":\"https:\\\/\\\/www.webdo.tn\\\/fr\\\/#website\",\"url\":\"https:\\\/\\\/www.webdo.tn\\\/fr\\\/\",\"name\":\"webdo\",\"description\":\"Tunisie - News en Tunisie et \u00e0 l&#039;international sur Webdo.tn\",\"publisher\":{\"@id\":\"https:\\\/\\\/www.webdo.tn\\\/fr\\\/#organization\"},\"potentialAction\":[{\"@type\":\"SearchAction\",\"target\":{\"@type\":\"EntryPoint\",\"urlTemplate\":\"https:\\\/\\\/www.webdo.tn\\\/fr\\\/?s={search_term_string}\"},\"query-input\":{\"@type\":\"PropertyValueSpecification\",\"valueRequired\":true,\"valueName\":\"search_term_string\"}}],\"inLanguage\":\"fr-FR\"},{\"@type\":\"Organization\",\"@id\":\"https:\\\/\\\/www.webdo.tn\\\/fr\\\/#organization\",\"name\":\"Webdo\",\"alternateName\":\"Webdo.tn\",\"url\":\"https:\\\/\\\/www.webdo.tn\\\/fr\\\/\",\"logo\":{\"@type\":\"ImageObject\",\"inLanguage\":\"fr-FR\",\"@id\":\"https:\\\/\\\/www.webdo.tn\\\/fr\\\/#\\\/schema\\\/logo\\\/image\\\/\",\"url\":\"https:\\\/\\\/www.webdo.tn\\\/fr\\\/wp-content\\\/uploads\\\/2025\\\/06\\\/Webdo-Tunisie_168377.jpg\",\"contentUrl\":\"https:\\\/\\\/www.webdo.tn\\\/fr\\\/wp-content\\\/uploads\\\/2025\\\/06\\\/Webdo-Tunisie_168377.jpg\",\"width\":301,\"height\":301,\"caption\":\"Webdo\"},\"image\":{\"@id\":\"https:\\\/\\\/www.webdo.tn\\\/fr\\\/#\\\/schema\\\/logo\\\/image\\\/\"},\"sameAs\":[\"https:\\\/\\\/www.facebook.com\\\/webdotn\",\"https:\\\/\\\/x.com\\\/webdo_tn\"],\"description\":\"Webdo est un m\u00e9dia num\u00e9rique tunisien fond\u00e9 en 2010, sp\u00e9cialis\u00e9 dans l\u2019actualit\u00e9 nationale et internationale, l\u2019\u00e9conomie, la soci\u00e9t\u00e9 et les analyses politiques. Le site s\u2019adresse \u00e0 un large public francophone et couvre l\u2019information tunisienne en temps r\u00e9el.\",\"email\":\"redac@webdo.tn\",\"legalName\":\"YNJ SARL\",\"foundingDate\":\"2010-09-06\",\"numberOfEmployees\":{\"@type\":\"QuantitativeValue\",\"minValue\":\"11\",\"maxValue\":\"50\"}},{\"@type\":\"Person\",\"@id\":\"https:\\\/\\\/www.webdo.tn\\\/fr\\\/#\\\/schema\\\/person\\\/5663044c25eb36d8f88ba5b653f12f8c\",\"name\":\"Ramzi Haddad\",\"image\":{\"@type\":\"ImageObject\",\"inLanguage\":\"fr-FR\",\"@id\":\"https:\\\/\\\/www.webdo.tn\\\/fr\\\/wp-content\\\/uploads\\\/2026\\\/04\\\/ramzi-haddad_avatar-96x96.jpg\",\"url\":\"https:\\\/\\\/www.webdo.tn\\\/fr\\\/wp-content\\\/uploads\\\/2026\\\/04\\\/ramzi-haddad_avatar-96x96.jpg\",\"contentUrl\":\"https:\\\/\\\/www.webdo.tn\\\/fr\\\/wp-content\\\/uploads\\\/2026\\\/04\\\/ramzi-haddad_avatar-96x96.jpg\",\"caption\":\"Ramzi Haddad\"},\"description\":\"Signature \u00e9ditoriale de Walid Ben Youssef Ramzi Haddad est le pseudonyme \u00e9ditorial de Walid Ben Youssef, fondateur et g\u00e9rant de Webdo.tn. Cette signature est d\u00e9di\u00e9e \u00e0 la couverture de l'actualit\u00e9 nationale et internationale, ainsi qu'aux analyses des dynamiques num\u00e9riques. Ce profil b\u00e9n\u00e9ficie de l'expertise de Walid Ben Youssef, pionnier du web en Tunisie depuis 2000 et dipl\u00f4m\u00e9 en Math\u00e9matiques pures de l'Universit\u00e9 d'Oregon. \u00c0 travers cette signature, la r\u00e9daction de Webdo garantit une information structur\u00e9e et v\u00e9rifi\u00e9e, fid\u00e8le aux standards journalistiques du m\u00e9dia.\",\"url\":\"https:\\\/\\\/www.webdo.tn\\\/fr\\\/actualite\\\/author\\\/ramzi-haddad\\\/\"}]}<\/script>\n<!-- \/ Yoast SEO Premium plugin. -->","yoast_head_json":{"title":"500 emplois \u00e0 venir : Le groupe allemand PRETTL s'installe en Tunisie","description":"Le groupe allemand PRETTL implante une unit\u00e9 industrielle en Tunisie, cr\u00e9ant 500 emplois.","canonical":"https:\/\/www.webdo.tn\/fr\/actualite\/national\/500-emplois-a-venir-le-groupe-allemand-prettl-s-installe-en-tunisie\/220959\/","og_locale":"fr_FR","og_type":"article","og_title":"500 emplois \u00e0 venir : Le groupe allemand PRETTL s'installe en Tunisie","og_description":"Le groupe allemand PRETTL implante une unit\u00e9 industrielle en Tunisie, cr\u00e9ant 500 emplois.","og_url":"https:\/\/www.webdo.tn\/fr\/actualite\/national\/500-emplois-a-venir-le-groupe-allemand-prettl-s-installe-en-tunisie\/220959\/","og_site_name":"webdo","article_publisher":"https:\/\/www.facebook.com\/webdotn","article_published_time":"2025-04-02T20:41:00+00:00","article_modified_time":"2025-05-17T20:07:35+00:00","og_image":[{"width":750,"height":400,"url":"https:\/\/www.webdo.tn\/fr\/wp-content\/uploads\/2025\/05\/85ddf0eed7e75f00507c59b60d8c36c3-3.webp","type":"image\/webp"}],"author":"Ramzi Haddad","twitter_card":"summary_large_image","twitter_creator":"@webdo_tn","twitter_site":"@webdo_tn","twitter_misc":{"\u00c9crit par":"Ramzi Haddad","Dur\u00e9e de lecture estim\u00e9e":"1 minute"},"schema":{"@context":"https:\/\/schema.org","@graph":[{"@type":"NewsArticle","@id":"https:\/\/www.webdo.tn\/fr\/actualite\/national\/500-emplois-a-venir-le-groupe-allemand-prettl-s-installe-en-tunisie\/220959\/#article","isPartOf":{"@id":"https:\/\/www.webdo.tn\/fr\/actualite\/national\/500-emplois-a-venir-le-groupe-allemand-prettl-s-installe-en-tunisie\/220959\/"},"author":{"name":"Ramzi Haddad","@id":"https:\/\/www.webdo.tn\/fr\/#\/schema\/person\/5663044c25eb36d8f88ba5b653f12f8c"},"headline":"500 emplois \u00e0 venir : Le groupe allemand PRETTL s&rsquo;installe en Tunisie","datePublished":"2025-04-02T20:41:00+00:00","dateModified":"2025-05-17T20:07:35+00:00","mainEntityOfPage":{"@id":"https:\/\/www.webdo.tn\/fr\/actualite\/national\/500-emplois-a-venir-le-groupe-allemand-prettl-s-installe-en-tunisie\/220959\/"},"wordCount":180,"commentCount":0,"publisher":{"@id":"https:\/\/www.webdo.tn\/fr\/#organization"},"image":{"@id":"https:\/\/www.webdo.tn\/fr\/actualite\/national\/500-emplois-a-venir-le-groupe-allemand-prettl-s-installe-en-tunisie\/220959\/#primaryimage"},"thumbnailUrl":"https:\/\/www.webdo.tn\/fr\/wp-content\/uploads\/2025\/05\/85ddf0eed7e75f00507c59b60d8c36c3-3.webp","keywords":["Automobile","emploi","PRETTL","Tunisie"],"articleSection":["National"],"inLanguage":"fr-FR"},{"@type":"WebPage","@id":"https:\/\/www.webdo.tn\/fr\/actualite\/national\/500-emplois-a-venir-le-groupe-allemand-prettl-s-installe-en-tunisie\/220959\/","url":"https:\/\/www.webdo.tn\/fr\/actualite\/national\/500-emplois-a-venir-le-groupe-allemand-prettl-s-installe-en-tunisie\/220959\/","name":"500 emplois \u00e0 venir : Le groupe allemand PRETTL s'installe en Tunisie","isPartOf":{"@id":"https:\/\/www.webdo.tn\/fr\/#website"},"primaryImageOfPage":{"@id":"https:\/\/www.webdo.tn\/fr\/actualite\/national\/500-emplois-a-venir-le-groupe-allemand-prettl-s-installe-en-tunisie\/220959\/#primaryimage"},"image":{"@id":"https:\/\/www.webdo.tn\/fr\/actualite\/national\/500-emplois-a-venir-le-groupe-allemand-prettl-s-installe-en-tunisie\/220959\/#primaryimage"},"thumbnailUrl":"https:\/\/www.webdo.tn\/fr\/wp-content\/uploads\/2025\/05\/85ddf0eed7e75f00507c59b60d8c36c3-3.webp","datePublished":"2025-04-02T20:41:00+00:00","dateModified":"2025-05-17T20:07:35+00:00","description":"Le groupe allemand PRETTL implante une unit\u00e9 industrielle en Tunisie, cr\u00e9ant 500 emplois.","breadcrumb":{"@id":"https:\/\/www.webdo.tn\/fr\/actualite\/national\/500-emplois-a-venir-le-groupe-allemand-prettl-s-installe-en-tunisie\/220959\/#breadcrumb"},"inLanguage":"fr-FR","potentialAction":[{"@type":"ReadAction","target":["https:\/\/www.webdo.tn\/fr\/actualite\/national\/500-emplois-a-venir-le-groupe-allemand-prettl-s-installe-en-tunisie\/220959\/"]}]},{"@type":"ImageObject","inLanguage":"fr-FR","@id":"https:\/\/www.webdo.tn\/fr\/actualite\/national\/500-emplois-a-venir-le-groupe-allemand-prettl-s-installe-en-tunisie\/220959\/#primaryimage","url":"https:\/\/www.webdo.tn\/fr\/wp-content\/uploads\/2025\/05\/85ddf0eed7e75f00507c59b60d8c36c3-3.webp","contentUrl":"https:\/\/www.webdo.tn\/fr\/wp-content\/uploads\/2025\/05\/85ddf0eed7e75f00507c59b60d8c36c3-3.webp","width":750,"height":400},{"@type":"BreadcrumbList","@id":"https:\/\/www.webdo.tn\/fr\/actualite\/national\/500-emplois-a-venir-le-groupe-allemand-prettl-s-installe-en-tunisie\/220959\/#breadcrumb","itemListElement":[{"@type":"ListItem","position":1,"name":"Accueil","item":"https:\/\/www.webdo.tn\/fr\/"},{"@type":"ListItem","position":2,"name":"500 emplois \u00e0 venir : Le groupe allemand PRETTL s&#8217;installe en Tunisie"}]},{"@type":"WebSite","@id":"https:\/\/www.webdo.tn\/fr\/#website","url":"https:\/\/www.webdo.tn\/fr\/","name":"webdo","description":"Tunisie - News en Tunisie et \u00e0 l&#039;international sur Webdo.tn","publisher":{"@id":"https:\/\/www.webdo.tn\/fr\/#organization"},"potentialAction":[{"@type":"SearchAction","target":{"@type":"EntryPoint","urlTemplate":"https:\/\/www.webdo.tn\/fr\/?s={search_term_string}"},"query-input":{"@type":"PropertyValueSpecification","valueRequired":true,"valueName":"search_term_string"}}],"inLanguage":"fr-FR"},{"@type":"Organization","@id":"https:\/\/www.webdo.tn\/fr\/#organization","name":"Webdo","alternateName":"Webdo.tn","url":"https:\/\/www.webdo.tn\/fr\/","logo":{"@type":"ImageObject","inLanguage":"fr-FR","@id":"https:\/\/www.webdo.tn\/fr\/#\/schema\/logo\/image\/","url":"https:\/\/www.webdo.tn\/fr\/wp-content\/uploads\/2025\/06\/Webdo-Tunisie_168377.jpg","contentUrl":"https:\/\/www.webdo.tn\/fr\/wp-content\/uploads\/2025\/06\/Webdo-Tunisie_168377.jpg","width":301,"height":301,"caption":"Webdo"},"image":{"@id":"https:\/\/www.webdo.tn\/fr\/#\/schema\/logo\/image\/"},"sameAs":["https:\/\/www.facebook.com\/webdotn","https:\/\/x.com\/webdo_tn"],"description":"Webdo est un m\u00e9dia num\u00e9rique tunisien fond\u00e9 en 2010, sp\u00e9cialis\u00e9 dans l\u2019actualit\u00e9 nationale et internationale, l\u2019\u00e9conomie, la soci\u00e9t\u00e9 et les analyses politiques. Le site s\u2019adresse \u00e0 un large public francophone et couvre l\u2019information tunisienne en temps r\u00e9el.","email":"redac@webdo.tn","legalName":"YNJ SARL","foundingDate":"2010-09-06","numberOfEmployees":{"@type":"QuantitativeValue","minValue":"11","maxValue":"50"}},{"@type":"Person","@id":"https:\/\/www.webdo.tn\/fr\/#\/schema\/person\/5663044c25eb36d8f88ba5b653f12f8c","name":"Ramzi Haddad","image":{"@type":"ImageObject","inLanguage":"fr-FR","@id":"https:\/\/www.webdo.tn\/fr\/wp-content\/uploads\/2026\/04\/ramzi-haddad_avatar-96x96.jpg","url":"https:\/\/www.webdo.tn\/fr\/wp-content\/uploads\/2026\/04\/ramzi-haddad_avatar-96x96.jpg","contentUrl":"https:\/\/www.webdo.tn\/fr\/wp-content\/uploads\/2026\/04\/ramzi-haddad_avatar-96x96.jpg","caption":"Ramzi Haddad"},"description":"Signature \u00e9ditoriale de Walid Ben Youssef Ramzi Haddad est le pseudonyme \u00e9ditorial de Walid Ben Youssef, fondateur et g\u00e9rant de Webdo.tn. Cette signature est d\u00e9di\u00e9e \u00e0 la couverture de l'actualit\u00e9 nationale et internationale, ainsi qu'aux analyses des dynamiques num\u00e9riques. Ce profil b\u00e9n\u00e9ficie de l'expertise de Walid Ben Youssef, pionnier du web en Tunisie depuis 2000 et dipl\u00f4m\u00e9 en Math\u00e9matiques pures de l'Universit\u00e9 d'Oregon. \u00c0 travers cette signature, la r\u00e9daction de Webdo garantit une information structur\u00e9e et v\u00e9rifi\u00e9e, fid\u00e8le aux standards journalistiques du m\u00e9dia.","url":"https:\/\/www.webdo.tn\/fr\/actualite\/author\/ramzi-haddad\/"}]}},"_links":{"self":[{"href":"https:\/\/www.webdo.tn\/fr\/wp-json\/wp\/v2\/posts\/220959","targetHints":{"allow":["GET"]}}],"collection":[{"href":"https:\/\/www.webdo.tn\/fr\/wp-json\/wp\/v2\/posts"}],"about":[{"href":"https:\/\/www.webdo.tn\/fr\/wp-json\/wp\/v2\/types\/post"}],"author":[{"embeddable":true,"href":"https:\/\/www.webdo.tn\/fr\/wp-json\/wp\/v2\/users\/3203"}],"replies":[{"embeddable":true,"href":"https:\/\/www.webdo.tn\/fr\/wp-json\/wp\/v2\/comments?post=220959"}],"version-history":[{"count":0,"href":"https:\/\/www.webdo.tn\/fr\/wp-json\/wp\/v2\/posts\/220959\/revisions"}],"wp:featuredmedia":[{"embeddable":true,"href":"https:\/\/www.webdo.tn\/fr\/wp-json\/wp\/v2\/media\/241364"}],"wp:attachment":[{"href":"https:\/\/www.webdo.tn\/fr\/wp-json\/wp\/v2\/media?parent=220959"}],"wp:term":[{"taxonomy":"category","embeddable":true,"href":"https:\/\/www.webdo.tn\/fr\/wp-json\/wp\/v2\/categories?post=220959"},{"taxonomy":"post_tag","embeddable":true,"href":"https:\/\/www.webdo.tn\/fr\/wp-json\/wp\/v2\/tags?post=220959"}],"curies":[{"name":"wp","href":"https:\/\/api.w.org\/{rel}","templated":true}]}}