{"id":220949,"date":"2025-04-02T13:56:00","date_gmt":"2025-04-02T13:56:00","guid":{"rendered":"https:\/\/www.webdo.tn\/fr\/blog\/visa-l-ambassade-des-etats-unis-en-tunisie-met-en-garde\/220949\/"},"modified":"2025-05-20T22:23:19","modified_gmt":"2025-05-20T22:23:19","slug":"visa-l-ambassade-des-etats-unis-en-tunisie-met-en-garde","status":"publish","type":"post","link":"https:\/\/www.webdo.tn\/fr\/actualite\/national\/visa-l-ambassade-des-etats-unis-en-tunisie-met-en-garde\/220949\/","title":{"rendered":"Visa : L\u2019ambassade des \u00c9tats-Unis en Tunisie met en garde"},"content":{"rendered":"<p>L\u2019ambassade des \u00c9tats-Unis \u00e0 Tunis a publi\u00e9 un communiqu\u00e9 ce mercredi 2 avril 2025 \u00e0 l\u2019attention des demandeurs de visa.<\/p>\n<p>\t\t\t\t\t\t\t\t\tElle appelle ces derniers \u00e0 \u00e9viter de recourir \u00e0 des interm\u00e9diaires et \u00e0 ne pas payer de frais suppl\u00e9mentaires. L\u2019ambassade met \u00e9galement en garde contre la fourniture d\u2019informations erron\u00e9es ou falsifi\u00e9es, notamment en ce qui concerne le num\u00e9ro de t\u00e9l\u00e9phone ou l\u2019adresse e-mail, lorsqu\u2019un interm\u00e9diaire est utilis\u00e9 pour prendre un rendez-vous.<\/p>\n<p>Elle rappelle qu\u2019elle se r\u00e9serve le droit d\u2019annuler tout rendez-vous en cas d\u2019irr\u00e9gularit\u00e9s et invite les demandeurs \u00e0 s\u2019assurer de la pr\u00e9cision et de l\u2019exactitude des informations fournies dans leur dossier.<\/p>\n","protected":false},"excerpt":{"rendered":"<p>L\u2019ambassade des \u00c9tats-Unis en Tunisie met en garde les demandeurs de visa contre les interm\u00e9diaires et les fausses informations, rappelant qu\u2019elle peut annuler&#8230;<\/p>\n","protected":false},"author":3163,"featured_media":292156,"comment_status":"open","ping_status":"closed","sticky":false,"template":"","format":"standard","meta":{"footnotes":""},"categories":[44],"tags":[5568,2608,3061,3109],"class_list":["post-220949","post","type-post","status-publish","format-standard","has-post-thumbnail","hentry","category-national","tag-ambassade","tag-tunisie","tag-usa","tag-visa"],"yoast_head":"<!-- This site is optimized with the Yoast SEO Premium plugin v27.5 (Yoast SEO v27.5) - https:\/\/yoast.com\/product\/yoast-seo-premium-wordpress\/ -->\n<title>Visa : L\u2019ambassade des \u00c9tats-Unis en Tunisie met en garde<\/title>\n<meta name=\"description\" content=\"L\u2019ambassade des \u00c9tats-Unis en Tunisie met en garde les demandeurs de visa contre les interm\u00e9diaires et les fausses informations, rappelant qu\u2019elle peut annuler...\" \/>\n<link rel=\"canonical\" href=\"https:\/\/www.webdo.tn\/fr\/actualite\/national\/visa-l-ambassade-des-etats-unis-en-tunisie-met-en-garde\/220949\/\" \/>\n<meta property=\"og:locale\" content=\"fr_FR\" \/>\n<meta property=\"og:type\" content=\"article\" \/>\n<meta property=\"og:title\" content=\"Visa : L\u2019ambassade des \u00c9tats-Unis en Tunisie met en garde\" \/>\n<meta property=\"og:description\" content=\"L\u2019ambassade des \u00c9tats-Unis en Tunisie met en garde les demandeurs de visa contre les interm\u00e9diaires et les fausses informations, rappelant qu\u2019elle peut annuler...\" \/>\n<meta property=\"og:url\" content=\"https:\/\/www.webdo.tn\/fr\/actualite\/national\/visa-l-ambassade-des-etats-unis-en-tunisie-met-en-garde\/220949\/\" \/>\n<meta property=\"og:site_name\" content=\"webdo\" \/>\n<meta property=\"article:publisher\" content=\"https:\/\/www.facebook.com\/webdotn\" \/>\n<meta property=\"article:published_time\" content=\"2025-04-02T13:56:00+00:00\" \/>\n<meta property=\"article:modified_time\" content=\"2025-05-20T22:23:19+00:00\" \/>\n<meta property=\"og:image\" content=\"https:\/\/www.webdo.tn\/fr\/wp-content\/uploads\/2025\/04\/048a626565e77df446dab2e35a7796d7.webp\" \/>\n\t<meta property=\"og:image:width\" content=\"750\" \/>\n\t<meta property=\"og:image:height\" content=\"400\" \/>\n\t<meta property=\"og:image:type\" content=\"image\/webp\" \/>\n<meta name=\"author\" content=\"KJ\" \/>\n<meta name=\"twitter:card\" content=\"summary_large_image\" \/>\n<meta name=\"twitter:creator\" content=\"@webdo_tn\" \/>\n<meta name=\"twitter:site\" content=\"@webdo_tn\" \/>\n<meta name=\"twitter:label1\" content=\"\u00c9crit par\" \/>\n\t<meta name=\"twitter:data1\" content=\"KJ\" \/>\n\t<meta name=\"twitter:label2\" content=\"Dur\u00e9e de lecture estim\u00e9e\" \/>\n\t<meta name=\"twitter:data2\" content=\"1 minute\" \/>\n<script type=\"application\/ld+json\" class=\"yoast-schema-graph\">{\"@context\":\"https:\\\/\\\/schema.org\",\"@graph\":[{\"@type\":\"NewsArticle\",\"@id\":\"https:\\\/\\\/www.webdo.tn\\\/fr\\\/actualite\\\/national\\\/visa-l-ambassade-des-etats-unis-en-tunisie-met-en-garde\\\/220949\\\/#article\",\"isPartOf\":{\"@id\":\"https:\\\/\\\/www.webdo.tn\\\/fr\\\/actualite\\\/national\\\/visa-l-ambassade-des-etats-unis-en-tunisie-met-en-garde\\\/220949\\\/\"},\"author\":{\"name\":\"KJ\",\"@id\":\"https:\\\/\\\/www.webdo.tn\\\/fr\\\/#\\\/schema\\\/person\\\/82ca085b22037d285e1a3c4b65ba5f71\"},\"headline\":\"Visa : L\u2019ambassade des \u00c9tats-Unis en Tunisie met en garde\",\"datePublished\":\"2025-04-02T13:56:00+00:00\",\"dateModified\":\"2025-05-20T22:23:19+00:00\",\"mainEntityOfPage\":{\"@id\":\"https:\\\/\\\/www.webdo.tn\\\/fr\\\/actualite\\\/national\\\/visa-l-ambassade-des-etats-unis-en-tunisie-met-en-garde\\\/220949\\\/\"},\"wordCount\":127,\"commentCount\":0,\"publisher\":{\"@id\":\"https:\\\/\\\/www.webdo.tn\\\/fr\\\/#organization\"},\"image\":{\"@id\":\"https:\\\/\\\/www.webdo.tn\\\/fr\\\/actualite\\\/national\\\/visa-l-ambassade-des-etats-unis-en-tunisie-met-en-garde\\\/220949\\\/#primaryimage\"},\"thumbnailUrl\":\"https:\\\/\\\/www.webdo.tn\\\/fr\\\/wp-content\\\/uploads\\\/2025\\\/04\\\/048a626565e77df446dab2e35a7796d7.webp\",\"keywords\":[\"ambassade\",\"Tunisie\",\"USA\",\"visa\"],\"articleSection\":[\"National\"],\"inLanguage\":\"fr-FR\"},{\"@type\":\"WebPage\",\"@id\":\"https:\\\/\\\/www.webdo.tn\\\/fr\\\/actualite\\\/national\\\/visa-l-ambassade-des-etats-unis-en-tunisie-met-en-garde\\\/220949\\\/\",\"url\":\"https:\\\/\\\/www.webdo.tn\\\/fr\\\/actualite\\\/national\\\/visa-l-ambassade-des-etats-unis-en-tunisie-met-en-garde\\\/220949\\\/\",\"name\":\"Visa : L\u2019ambassade des \u00c9tats-Unis en Tunisie met en garde\",\"isPartOf\":{\"@id\":\"https:\\\/\\\/www.webdo.tn\\\/fr\\\/#website\"},\"primaryImageOfPage\":{\"@id\":\"https:\\\/\\\/www.webdo.tn\\\/fr\\\/actualite\\\/national\\\/visa-l-ambassade-des-etats-unis-en-tunisie-met-en-garde\\\/220949\\\/#primaryimage\"},\"image\":{\"@id\":\"https:\\\/\\\/www.webdo.tn\\\/fr\\\/actualite\\\/national\\\/visa-l-ambassade-des-etats-unis-en-tunisie-met-en-garde\\\/220949\\\/#primaryimage\"},\"thumbnailUrl\":\"https:\\\/\\\/www.webdo.tn\\\/fr\\\/wp-content\\\/uploads\\\/2025\\\/04\\\/048a626565e77df446dab2e35a7796d7.webp\",\"datePublished\":\"2025-04-02T13:56:00+00:00\",\"dateModified\":\"2025-05-20T22:23:19+00:00\",\"description\":\"L\u2019ambassade des \u00c9tats-Unis en Tunisie met en garde les demandeurs de visa contre les interm\u00e9diaires et les fausses informations, rappelant qu\u2019elle peut annuler...\",\"breadcrumb\":{\"@id\":\"https:\\\/\\\/www.webdo.tn\\\/fr\\\/actualite\\\/national\\\/visa-l-ambassade-des-etats-unis-en-tunisie-met-en-garde\\\/220949\\\/#breadcrumb\"},\"inLanguage\":\"fr-FR\",\"potentialAction\":[{\"@type\":\"ReadAction\",\"target\":[\"https:\\\/\\\/www.webdo.tn\\\/fr\\\/actualite\\\/national\\\/visa-l-ambassade-des-etats-unis-en-tunisie-met-en-garde\\\/220949\\\/\"]}]},{\"@type\":\"ImageObject\",\"inLanguage\":\"fr-FR\",\"@id\":\"https:\\\/\\\/www.webdo.tn\\\/fr\\\/actualite\\\/national\\\/visa-l-ambassade-des-etats-unis-en-tunisie-met-en-garde\\\/220949\\\/#primaryimage\",\"url\":\"https:\\\/\\\/www.webdo.tn\\\/fr\\\/wp-content\\\/uploads\\\/2025\\\/04\\\/048a626565e77df446dab2e35a7796d7.webp\",\"contentUrl\":\"https:\\\/\\\/www.webdo.tn\\\/fr\\\/wp-content\\\/uploads\\\/2025\\\/04\\\/048a626565e77df446dab2e35a7796d7.webp\",\"width\":750,\"height\":400,\"caption\":\"Visa : L\u2019ambassade des \u00c9tats-Unis en Tunisie met en garde\"},{\"@type\":\"BreadcrumbList\",\"@id\":\"https:\\\/\\\/www.webdo.tn\\\/fr\\\/actualite\\\/national\\\/visa-l-ambassade-des-etats-unis-en-tunisie-met-en-garde\\\/220949\\\/#breadcrumb\",\"itemListElement\":[{\"@type\":\"ListItem\",\"position\":1,\"name\":\"Accueil\",\"item\":\"https:\\\/\\\/www.webdo.tn\\\/fr\\\/\"},{\"@type\":\"ListItem\",\"position\":2,\"name\":\"Visa : L\u2019ambassade des \u00c9tats-Unis en Tunisie met en garde\"}]},{\"@type\":\"WebSite\",\"@id\":\"https:\\\/\\\/www.webdo.tn\\\/fr\\\/#website\",\"url\":\"https:\\\/\\\/www.webdo.tn\\\/fr\\\/\",\"name\":\"webdo\",\"description\":\"Tunisie - News en Tunisie et \u00e0 l&#039;international sur Webdo.tn\",\"publisher\":{\"@id\":\"https:\\\/\\\/www.webdo.tn\\\/fr\\\/#organization\"},\"potentialAction\":[{\"@type\":\"SearchAction\",\"target\":{\"@type\":\"EntryPoint\",\"urlTemplate\":\"https:\\\/\\\/www.webdo.tn\\\/fr\\\/?s={search_term_string}\"},\"query-input\":{\"@type\":\"PropertyValueSpecification\",\"valueRequired\":true,\"valueName\":\"search_term_string\"}}],\"inLanguage\":\"fr-FR\"},{\"@type\":\"Organization\",\"@id\":\"https:\\\/\\\/www.webdo.tn\\\/fr\\\/#organization\",\"name\":\"Webdo\",\"alternateName\":\"Webdo.tn\",\"url\":\"https:\\\/\\\/www.webdo.tn\\\/fr\\\/\",\"logo\":{\"@type\":\"ImageObject\",\"inLanguage\":\"fr-FR\",\"@id\":\"https:\\\/\\\/www.webdo.tn\\\/fr\\\/#\\\/schema\\\/logo\\\/image\\\/\",\"url\":\"https:\\\/\\\/www.webdo.tn\\\/fr\\\/wp-content\\\/uploads\\\/2025\\\/06\\\/Webdo-Tunisie_168377.jpg\",\"contentUrl\":\"https:\\\/\\\/www.webdo.tn\\\/fr\\\/wp-content\\\/uploads\\\/2025\\\/06\\\/Webdo-Tunisie_168377.jpg\",\"width\":301,\"height\":301,\"caption\":\"Webdo\"},\"image\":{\"@id\":\"https:\\\/\\\/www.webdo.tn\\\/fr\\\/#\\\/schema\\\/logo\\\/image\\\/\"},\"sameAs\":[\"https:\\\/\\\/www.facebook.com\\\/webdotn\",\"https:\\\/\\\/x.com\\\/webdo_tn\"],\"description\":\"Webdo est un m\u00e9dia num\u00e9rique tunisien fond\u00e9 en 2010, sp\u00e9cialis\u00e9 dans l\u2019actualit\u00e9 nationale et internationale, l\u2019\u00e9conomie, la soci\u00e9t\u00e9 et les analyses politiques. Le site s\u2019adresse \u00e0 un large public francophone et couvre l\u2019information tunisienne en temps r\u00e9el.\",\"email\":\"redac@webdo.tn\",\"legalName\":\"YNJ SARL\",\"foundingDate\":\"2010-09-06\",\"numberOfEmployees\":{\"@type\":\"QuantitativeValue\",\"minValue\":\"11\",\"maxValue\":\"50\"}},{\"@type\":\"Person\",\"@id\":\"https:\\\/\\\/www.webdo.tn\\\/fr\\\/#\\\/schema\\\/person\\\/82ca085b22037d285e1a3c4b65ba5f71\",\"name\":\"KJ\",\"image\":{\"@type\":\"ImageObject\",\"inLanguage\":\"fr-FR\",\"@id\":\"https:\\\/\\\/secure.gravatar.com\\\/avatar\\\/1a1320de1c1971c893f00068f760b4113d69504aa21273da17ee95650c5944fd?s=96&d=mm&r=g\",\"url\":\"https:\\\/\\\/secure.gravatar.com\\\/avatar\\\/1a1320de1c1971c893f00068f760b4113d69504aa21273da17ee95650c5944fd?s=96&d=mm&r=g\",\"contentUrl\":\"https:\\\/\\\/secure.gravatar.com\\\/avatar\\\/1a1320de1c1971c893f00068f760b4113d69504aa21273da17ee95650c5944fd?s=96&d=mm&r=g\",\"caption\":\"KJ\"},\"url\":\"https:\\\/\\\/www.webdo.tn\\\/fr\\\/actualite\\\/author\\\/kj\\\/\"}]}<\/script>\n<!-- \/ Yoast SEO Premium plugin. -->","yoast_head_json":{"title":"Visa : L\u2019ambassade des \u00c9tats-Unis en Tunisie met en garde","description":"L\u2019ambassade des \u00c9tats-Unis en Tunisie met en garde les demandeurs de visa contre les interm\u00e9diaires et les fausses informations, rappelant qu\u2019elle peut annuler...","canonical":"https:\/\/www.webdo.tn\/fr\/actualite\/national\/visa-l-ambassade-des-etats-unis-en-tunisie-met-en-garde\/220949\/","og_locale":"fr_FR","og_type":"article","og_title":"Visa : L\u2019ambassade des \u00c9tats-Unis en Tunisie met en garde","og_description":"L\u2019ambassade des \u00c9tats-Unis en Tunisie met en garde les demandeurs de visa contre les interm\u00e9diaires et les fausses informations, rappelant qu\u2019elle peut annuler...","og_url":"https:\/\/www.webdo.tn\/fr\/actualite\/national\/visa-l-ambassade-des-etats-unis-en-tunisie-met-en-garde\/220949\/","og_site_name":"webdo","article_publisher":"https:\/\/www.facebook.com\/webdotn","article_published_time":"2025-04-02T13:56:00+00:00","article_modified_time":"2025-05-20T22:23:19+00:00","og_image":[{"width":750,"height":400,"url":"https:\/\/www.webdo.tn\/fr\/wp-content\/uploads\/2025\/04\/048a626565e77df446dab2e35a7796d7.webp","type":"image\/webp"}],"author":"KJ","twitter_card":"summary_large_image","twitter_creator":"@webdo_tn","twitter_site":"@webdo_tn","twitter_misc":{"\u00c9crit par":"KJ","Dur\u00e9e de lecture estim\u00e9e":"1 minute"},"schema":{"@context":"https:\/\/schema.org","@graph":[{"@type":"NewsArticle","@id":"https:\/\/www.webdo.tn\/fr\/actualite\/national\/visa-l-ambassade-des-etats-unis-en-tunisie-met-en-garde\/220949\/#article","isPartOf":{"@id":"https:\/\/www.webdo.tn\/fr\/actualite\/national\/visa-l-ambassade-des-etats-unis-en-tunisie-met-en-garde\/220949\/"},"author":{"name":"KJ","@id":"https:\/\/www.webdo.tn\/fr\/#\/schema\/person\/82ca085b22037d285e1a3c4b65ba5f71"},"headline":"Visa : L\u2019ambassade des \u00c9tats-Unis en Tunisie met en garde","datePublished":"2025-04-02T13:56:00+00:00","dateModified":"2025-05-20T22:23:19+00:00","mainEntityOfPage":{"@id":"https:\/\/www.webdo.tn\/fr\/actualite\/national\/visa-l-ambassade-des-etats-unis-en-tunisie-met-en-garde\/220949\/"},"wordCount":127,"commentCount":0,"publisher":{"@id":"https:\/\/www.webdo.tn\/fr\/#organization"},"image":{"@id":"https:\/\/www.webdo.tn\/fr\/actualite\/national\/visa-l-ambassade-des-etats-unis-en-tunisie-met-en-garde\/220949\/#primaryimage"},"thumbnailUrl":"https:\/\/www.webdo.tn\/fr\/wp-content\/uploads\/2025\/04\/048a626565e77df446dab2e35a7796d7.webp","keywords":["ambassade","Tunisie","USA","visa"],"articleSection":["National"],"inLanguage":"fr-FR"},{"@type":"WebPage","@id":"https:\/\/www.webdo.tn\/fr\/actualite\/national\/visa-l-ambassade-des-etats-unis-en-tunisie-met-en-garde\/220949\/","url":"https:\/\/www.webdo.tn\/fr\/actualite\/national\/visa-l-ambassade-des-etats-unis-en-tunisie-met-en-garde\/220949\/","name":"Visa : L\u2019ambassade des \u00c9tats-Unis en Tunisie met en garde","isPartOf":{"@id":"https:\/\/www.webdo.tn\/fr\/#website"},"primaryImageOfPage":{"@id":"https:\/\/www.webdo.tn\/fr\/actualite\/national\/visa-l-ambassade-des-etats-unis-en-tunisie-met-en-garde\/220949\/#primaryimage"},"image":{"@id":"https:\/\/www.webdo.tn\/fr\/actualite\/national\/visa-l-ambassade-des-etats-unis-en-tunisie-met-en-garde\/220949\/#primaryimage"},"thumbnailUrl":"https:\/\/www.webdo.tn\/fr\/wp-content\/uploads\/2025\/04\/048a626565e77df446dab2e35a7796d7.webp","datePublished":"2025-04-02T13:56:00+00:00","dateModified":"2025-05-20T22:23:19+00:00","description":"L\u2019ambassade des \u00c9tats-Unis en Tunisie met en garde les demandeurs de visa contre les interm\u00e9diaires et les fausses informations, rappelant qu\u2019elle peut annuler...","breadcrumb":{"@id":"https:\/\/www.webdo.tn\/fr\/actualite\/national\/visa-l-ambassade-des-etats-unis-en-tunisie-met-en-garde\/220949\/#breadcrumb"},"inLanguage":"fr-FR","potentialAction":[{"@type":"ReadAction","target":["https:\/\/www.webdo.tn\/fr\/actualite\/national\/visa-l-ambassade-des-etats-unis-en-tunisie-met-en-garde\/220949\/"]}]},{"@type":"ImageObject","inLanguage":"fr-FR","@id":"https:\/\/www.webdo.tn\/fr\/actualite\/national\/visa-l-ambassade-des-etats-unis-en-tunisie-met-en-garde\/220949\/#primaryimage","url":"https:\/\/www.webdo.tn\/fr\/wp-content\/uploads\/2025\/04\/048a626565e77df446dab2e35a7796d7.webp","contentUrl":"https:\/\/www.webdo.tn\/fr\/wp-content\/uploads\/2025\/04\/048a626565e77df446dab2e35a7796d7.webp","width":750,"height":400,"caption":"Visa : L\u2019ambassade des \u00c9tats-Unis en Tunisie met en garde"},{"@type":"BreadcrumbList","@id":"https:\/\/www.webdo.tn\/fr\/actualite\/national\/visa-l-ambassade-des-etats-unis-en-tunisie-met-en-garde\/220949\/#breadcrumb","itemListElement":[{"@type":"ListItem","position":1,"name":"Accueil","item":"https:\/\/www.webdo.tn\/fr\/"},{"@type":"ListItem","position":2,"name":"Visa : L\u2019ambassade des \u00c9tats-Unis en Tunisie met en garde"}]},{"@type":"WebSite","@id":"https:\/\/www.webdo.tn\/fr\/#website","url":"https:\/\/www.webdo.tn\/fr\/","name":"webdo","description":"Tunisie - News en Tunisie et \u00e0 l&#039;international sur Webdo.tn","publisher":{"@id":"https:\/\/www.webdo.tn\/fr\/#organization"},"potentialAction":[{"@type":"SearchAction","target":{"@type":"EntryPoint","urlTemplate":"https:\/\/www.webdo.tn\/fr\/?s={search_term_string}"},"query-input":{"@type":"PropertyValueSpecification","valueRequired":true,"valueName":"search_term_string"}}],"inLanguage":"fr-FR"},{"@type":"Organization","@id":"https:\/\/www.webdo.tn\/fr\/#organization","name":"Webdo","alternateName":"Webdo.tn","url":"https:\/\/www.webdo.tn\/fr\/","logo":{"@type":"ImageObject","inLanguage":"fr-FR","@id":"https:\/\/www.webdo.tn\/fr\/#\/schema\/logo\/image\/","url":"https:\/\/www.webdo.tn\/fr\/wp-content\/uploads\/2025\/06\/Webdo-Tunisie_168377.jpg","contentUrl":"https:\/\/www.webdo.tn\/fr\/wp-content\/uploads\/2025\/06\/Webdo-Tunisie_168377.jpg","width":301,"height":301,"caption":"Webdo"},"image":{"@id":"https:\/\/www.webdo.tn\/fr\/#\/schema\/logo\/image\/"},"sameAs":["https:\/\/www.facebook.com\/webdotn","https:\/\/x.com\/webdo_tn"],"description":"Webdo est un m\u00e9dia num\u00e9rique tunisien fond\u00e9 en 2010, sp\u00e9cialis\u00e9 dans l\u2019actualit\u00e9 nationale et internationale, l\u2019\u00e9conomie, la soci\u00e9t\u00e9 et les analyses politiques. Le site s\u2019adresse \u00e0 un large public francophone et couvre l\u2019information tunisienne en temps r\u00e9el.","email":"redac@webdo.tn","legalName":"YNJ SARL","foundingDate":"2010-09-06","numberOfEmployees":{"@type":"QuantitativeValue","minValue":"11","maxValue":"50"}},{"@type":"Person","@id":"https:\/\/www.webdo.tn\/fr\/#\/schema\/person\/82ca085b22037d285e1a3c4b65ba5f71","name":"KJ","image":{"@type":"ImageObject","inLanguage":"fr-FR","@id":"https:\/\/secure.gravatar.com\/avatar\/1a1320de1c1971c893f00068f760b4113d69504aa21273da17ee95650c5944fd?s=96&d=mm&r=g","url":"https:\/\/secure.gravatar.com\/avatar\/1a1320de1c1971c893f00068f760b4113d69504aa21273da17ee95650c5944fd?s=96&d=mm&r=g","contentUrl":"https:\/\/secure.gravatar.com\/avatar\/1a1320de1c1971c893f00068f760b4113d69504aa21273da17ee95650c5944fd?s=96&d=mm&r=g","caption":"KJ"},"url":"https:\/\/www.webdo.tn\/fr\/actualite\/author\/kj\/"}]}},"_links":{"self":[{"href":"https:\/\/www.webdo.tn\/fr\/wp-json\/wp\/v2\/posts\/220949","targetHints":{"allow":["GET"]}}],"collection":[{"href":"https:\/\/www.webdo.tn\/fr\/wp-json\/wp\/v2\/posts"}],"about":[{"href":"https:\/\/www.webdo.tn\/fr\/wp-json\/wp\/v2\/types\/post"}],"author":[{"embeddable":true,"href":"https:\/\/www.webdo.tn\/fr\/wp-json\/wp\/v2\/users\/3163"}],"replies":[{"embeddable":true,"href":"https:\/\/www.webdo.tn\/fr\/wp-json\/wp\/v2\/comments?post=220949"}],"version-history":[{"count":0,"href":"https:\/\/www.webdo.tn\/fr\/wp-json\/wp\/v2\/posts\/220949\/revisions"}],"wp:featuredmedia":[{"embeddable":true,"href":"https:\/\/www.webdo.tn\/fr\/wp-json\/wp\/v2\/media\/292156"}],"wp:attachment":[{"href":"https:\/\/www.webdo.tn\/fr\/wp-json\/wp\/v2\/media?parent=220949"}],"wp:term":[{"taxonomy":"category","embeddable":true,"href":"https:\/\/www.webdo.tn\/fr\/wp-json\/wp\/v2\/categories?post=220949"},{"taxonomy":"post_tag","embeddable":true,"href":"https:\/\/www.webdo.tn\/fr\/wp-json\/wp\/v2\/tags?post=220949"}],"curies":[{"name":"wp","href":"https:\/\/api.w.org\/{rel}","templated":true}]}}