{"id":220948,"date":"2025-04-02T12:52:00","date_gmt":"2025-04-02T12:52:00","guid":{"rendered":"https:\/\/www.webdo.tn\/fr\/blog\/tunisie-meteo-une-semaine-humide-se-profile\/220948\/"},"modified":"2025-05-20T22:23:19","modified_gmt":"2025-05-20T22:23:19","slug":"tunisie-meteo-une-semaine-humide-se-profile","status":"publish","type":"post","link":"https:\/\/www.webdo.tn\/fr\/actualite\/national\/tunisie-meteo-une-semaine-humide-se-profile\/220948\/","title":{"rendered":"Tunisie &#8211; M\u00e9t\u00e9o : Une semaine humide se profile"},"content":{"rendered":"<p>\u00c0 partir du samedi 5 avril, des changements et des fluctuations m\u00e9t\u00e9orologiques sont attendus en Tunisie, avec l&rsquo;arriv\u00e9e d&rsquo;une d\u00e9pression atmosph\u00e9rique en provenance d&rsquo;Europe de l&rsquo;Est.<\/p>\n<p>Le m\u00e9t\u00e9orologue de l\u2019Institut national de la m\u00e9t\u00e9orologie, Sobhi Ben Ahmed, a indiqu\u00e9 lors de son intervention sur les ondes de la radio nationale, que des perturbations suppl\u00e9mentaires sont \u00e0 pr\u00e9voir d\u00e8s dimanche, favorisant des pluies sur le nord du pays, qui s&rsquo;\u00e9tendront progressivement vers certaines r\u00e9gions du centre.<\/p>\n<p>Il a \u00e9galement soulign\u00e9 que la semaine prochaine, et en particulier le milieu de semaine, sera marqu\u00e9e par des pluies abondantes.<\/p>\n<p>Les conditions m\u00e9t\u00e9orologiques \u00e0 venir seront donc propices \u00e0 un temps pluvieux sur plusieurs r\u00e9gions de la Tunisie.<\/p>\n","protected":false},"excerpt":{"rendered":"<p>Des changements m\u00e9t\u00e9orologiques sont attendus \u00e0 partir de samedi en Tunisie, avec des pluies au nord et au centre. Une semaine particuli\u00e8rement humide est pr\u00e9vu&#8230;<\/p>\n","protected":false},"author":3163,"featured_media":292155,"comment_status":"open","ping_status":"closed","sticky":false,"template":"","format":"standard","meta":{"footnotes":""},"categories":[44],"tags":[2670,3163,2608],"class_list":["post-220948","post","type-post","status-publish","format-standard","has-post-thumbnail","hentry","category-national","tag-meteo","tag-pluies","tag-tunisie"],"yoast_head":"<!-- This site is optimized with the Yoast SEO Premium plugin v27.5 (Yoast SEO v27.5) - https:\/\/yoast.com\/product\/yoast-seo-premium-wordpress\/ -->\n<title>Tunisie - M\u00e9t\u00e9o : Une semaine humide se profile<\/title>\n<meta name=\"description\" content=\"Des changements m\u00e9t\u00e9orologiques sont attendus \u00e0 partir de samedi en Tunisie, avec des pluies au nord et au centre. Une semaine particuli\u00e8rement humide est pr\u00e9vu...\" \/>\n<link rel=\"canonical\" href=\"https:\/\/www.webdo.tn\/fr\/actualite\/national\/tunisie-meteo-une-semaine-humide-se-profile\/220948\/\" \/>\n<meta property=\"og:locale\" content=\"fr_FR\" \/>\n<meta property=\"og:type\" content=\"article\" \/>\n<meta property=\"og:title\" content=\"Tunisie - M\u00e9t\u00e9o : Une semaine humide se profile\" \/>\n<meta property=\"og:description\" content=\"Des changements m\u00e9t\u00e9orologiques sont attendus \u00e0 partir de samedi en Tunisie, avec des pluies au nord et au centre. Une semaine particuli\u00e8rement humide est pr\u00e9vu...\" \/>\n<meta property=\"og:url\" content=\"https:\/\/www.webdo.tn\/fr\/actualite\/national\/tunisie-meteo-une-semaine-humide-se-profile\/220948\/\" \/>\n<meta property=\"og:site_name\" content=\"webdo\" \/>\n<meta property=\"article:publisher\" content=\"https:\/\/www.facebook.com\/webdotn\" \/>\n<meta property=\"article:published_time\" content=\"2025-04-02T12:52:00+00:00\" \/>\n<meta property=\"article:modified_time\" content=\"2025-05-20T22:23:19+00:00\" \/>\n<meta property=\"og:image\" content=\"https:\/\/www.webdo.tn\/fr\/wp-content\/uploads\/2025\/04\/4e3338dfd3db26b78089a1f8d37611bf.webp\" \/>\n\t<meta property=\"og:image:width\" content=\"713\" \/>\n\t<meta property=\"og:image:height\" content=\"380\" \/>\n\t<meta property=\"og:image:type\" content=\"image\/webp\" \/>\n<meta name=\"author\" content=\"KJ\" \/>\n<meta name=\"twitter:card\" content=\"summary_large_image\" \/>\n<meta name=\"twitter:creator\" content=\"@webdo_tn\" \/>\n<meta name=\"twitter:site\" content=\"@webdo_tn\" \/>\n<meta name=\"twitter:label1\" content=\"\u00c9crit par\" \/>\n\t<meta name=\"twitter:data1\" content=\"KJ\" \/>\n\t<meta name=\"twitter:label2\" content=\"Dur\u00e9e de lecture estim\u00e9e\" \/>\n\t<meta name=\"twitter:data2\" content=\"1 minute\" \/>\n<script type=\"application\/ld+json\" class=\"yoast-schema-graph\">{\"@context\":\"https:\\\/\\\/schema.org\",\"@graph\":[{\"@type\":\"NewsArticle\",\"@id\":\"https:\\\/\\\/www.webdo.tn\\\/fr\\\/actualite\\\/national\\\/tunisie-meteo-une-semaine-humide-se-profile\\\/220948\\\/#article\",\"isPartOf\":{\"@id\":\"https:\\\/\\\/www.webdo.tn\\\/fr\\\/actualite\\\/national\\\/tunisie-meteo-une-semaine-humide-se-profile\\\/220948\\\/\"},\"author\":{\"name\":\"KJ\",\"@id\":\"https:\\\/\\\/www.webdo.tn\\\/fr\\\/#\\\/schema\\\/person\\\/82ca085b22037d285e1a3c4b65ba5f71\"},\"headline\":\"Tunisie &#8211; M\u00e9t\u00e9o : Une semaine humide se profile\",\"datePublished\":\"2025-04-02T12:52:00+00:00\",\"dateModified\":\"2025-05-20T22:23:19+00:00\",\"mainEntityOfPage\":{\"@id\":\"https:\\\/\\\/www.webdo.tn\\\/fr\\\/actualite\\\/national\\\/tunisie-meteo-une-semaine-humide-se-profile\\\/220948\\\/\"},\"wordCount\":142,\"commentCount\":0,\"publisher\":{\"@id\":\"https:\\\/\\\/www.webdo.tn\\\/fr\\\/#organization\"},\"image\":{\"@id\":\"https:\\\/\\\/www.webdo.tn\\\/fr\\\/actualite\\\/national\\\/tunisie-meteo-une-semaine-humide-se-profile\\\/220948\\\/#primaryimage\"},\"thumbnailUrl\":\"https:\\\/\\\/www.webdo.tn\\\/fr\\\/wp-content\\\/uploads\\\/2025\\\/04\\\/4e3338dfd3db26b78089a1f8d37611bf.webp\",\"keywords\":[\"m\u00e9t\u00e9o\",\"pluies\",\"Tunisie\"],\"articleSection\":[\"National\"],\"inLanguage\":\"fr-FR\"},{\"@type\":\"WebPage\",\"@id\":\"https:\\\/\\\/www.webdo.tn\\\/fr\\\/actualite\\\/national\\\/tunisie-meteo-une-semaine-humide-se-profile\\\/220948\\\/\",\"url\":\"https:\\\/\\\/www.webdo.tn\\\/fr\\\/actualite\\\/national\\\/tunisie-meteo-une-semaine-humide-se-profile\\\/220948\\\/\",\"name\":\"Tunisie - M\u00e9t\u00e9o : Une semaine humide se profile\",\"isPartOf\":{\"@id\":\"https:\\\/\\\/www.webdo.tn\\\/fr\\\/#website\"},\"primaryImageOfPage\":{\"@id\":\"https:\\\/\\\/www.webdo.tn\\\/fr\\\/actualite\\\/national\\\/tunisie-meteo-une-semaine-humide-se-profile\\\/220948\\\/#primaryimage\"},\"image\":{\"@id\":\"https:\\\/\\\/www.webdo.tn\\\/fr\\\/actualite\\\/national\\\/tunisie-meteo-une-semaine-humide-se-profile\\\/220948\\\/#primaryimage\"},\"thumbnailUrl\":\"https:\\\/\\\/www.webdo.tn\\\/fr\\\/wp-content\\\/uploads\\\/2025\\\/04\\\/4e3338dfd3db26b78089a1f8d37611bf.webp\",\"datePublished\":\"2025-04-02T12:52:00+00:00\",\"dateModified\":\"2025-05-20T22:23:19+00:00\",\"description\":\"Des changements m\u00e9t\u00e9orologiques sont attendus \u00e0 partir de samedi en Tunisie, avec des pluies au nord et au centre. Une semaine particuli\u00e8rement humide est pr\u00e9vu...\",\"breadcrumb\":{\"@id\":\"https:\\\/\\\/www.webdo.tn\\\/fr\\\/actualite\\\/national\\\/tunisie-meteo-une-semaine-humide-se-profile\\\/220948\\\/#breadcrumb\"},\"inLanguage\":\"fr-FR\",\"potentialAction\":[{\"@type\":\"ReadAction\",\"target\":[\"https:\\\/\\\/www.webdo.tn\\\/fr\\\/actualite\\\/national\\\/tunisie-meteo-une-semaine-humide-se-profile\\\/220948\\\/\"]}]},{\"@type\":\"ImageObject\",\"inLanguage\":\"fr-FR\",\"@id\":\"https:\\\/\\\/www.webdo.tn\\\/fr\\\/actualite\\\/national\\\/tunisie-meteo-une-semaine-humide-se-profile\\\/220948\\\/#primaryimage\",\"url\":\"https:\\\/\\\/www.webdo.tn\\\/fr\\\/wp-content\\\/uploads\\\/2025\\\/04\\\/4e3338dfd3db26b78089a1f8d37611bf.webp\",\"contentUrl\":\"https:\\\/\\\/www.webdo.tn\\\/fr\\\/wp-content\\\/uploads\\\/2025\\\/04\\\/4e3338dfd3db26b78089a1f8d37611bf.webp\",\"width\":713,\"height\":380,\"caption\":\"Tunisie - M\u00e9t\u00e9o : Une semaine humide se profile\"},{\"@type\":\"BreadcrumbList\",\"@id\":\"https:\\\/\\\/www.webdo.tn\\\/fr\\\/actualite\\\/national\\\/tunisie-meteo-une-semaine-humide-se-profile\\\/220948\\\/#breadcrumb\",\"itemListElement\":[{\"@type\":\"ListItem\",\"position\":1,\"name\":\"Accueil\",\"item\":\"https:\\\/\\\/www.webdo.tn\\\/fr\\\/\"},{\"@type\":\"ListItem\",\"position\":2,\"name\":\"Tunisie &#8211; M\u00e9t\u00e9o : Une semaine humide se profile\"}]},{\"@type\":\"WebSite\",\"@id\":\"https:\\\/\\\/www.webdo.tn\\\/fr\\\/#website\",\"url\":\"https:\\\/\\\/www.webdo.tn\\\/fr\\\/\",\"name\":\"webdo\",\"description\":\"Tunisie - News en Tunisie et \u00e0 l&#039;international sur Webdo.tn\",\"publisher\":{\"@id\":\"https:\\\/\\\/www.webdo.tn\\\/fr\\\/#organization\"},\"potentialAction\":[{\"@type\":\"SearchAction\",\"target\":{\"@type\":\"EntryPoint\",\"urlTemplate\":\"https:\\\/\\\/www.webdo.tn\\\/fr\\\/?s={search_term_string}\"},\"query-input\":{\"@type\":\"PropertyValueSpecification\",\"valueRequired\":true,\"valueName\":\"search_term_string\"}}],\"inLanguage\":\"fr-FR\"},{\"@type\":\"Organization\",\"@id\":\"https:\\\/\\\/www.webdo.tn\\\/fr\\\/#organization\",\"name\":\"Webdo\",\"alternateName\":\"Webdo.tn\",\"url\":\"https:\\\/\\\/www.webdo.tn\\\/fr\\\/\",\"logo\":{\"@type\":\"ImageObject\",\"inLanguage\":\"fr-FR\",\"@id\":\"https:\\\/\\\/www.webdo.tn\\\/fr\\\/#\\\/schema\\\/logo\\\/image\\\/\",\"url\":\"https:\\\/\\\/www.webdo.tn\\\/fr\\\/wp-content\\\/uploads\\\/2025\\\/06\\\/Webdo-Tunisie_168377.jpg\",\"contentUrl\":\"https:\\\/\\\/www.webdo.tn\\\/fr\\\/wp-content\\\/uploads\\\/2025\\\/06\\\/Webdo-Tunisie_168377.jpg\",\"width\":301,\"height\":301,\"caption\":\"Webdo\"},\"image\":{\"@id\":\"https:\\\/\\\/www.webdo.tn\\\/fr\\\/#\\\/schema\\\/logo\\\/image\\\/\"},\"sameAs\":[\"https:\\\/\\\/www.facebook.com\\\/webdotn\",\"https:\\\/\\\/x.com\\\/webdo_tn\"],\"description\":\"Webdo est un m\u00e9dia num\u00e9rique tunisien fond\u00e9 en 2010, sp\u00e9cialis\u00e9 dans l\u2019actualit\u00e9 nationale et internationale, l\u2019\u00e9conomie, la soci\u00e9t\u00e9 et les analyses politiques. Le site s\u2019adresse \u00e0 un large public francophone et couvre l\u2019information tunisienne en temps r\u00e9el.\",\"email\":\"redac@webdo.tn\",\"legalName\":\"YNJ SARL\",\"foundingDate\":\"2010-09-06\",\"numberOfEmployees\":{\"@type\":\"QuantitativeValue\",\"minValue\":\"11\",\"maxValue\":\"50\"}},{\"@type\":\"Person\",\"@id\":\"https:\\\/\\\/www.webdo.tn\\\/fr\\\/#\\\/schema\\\/person\\\/82ca085b22037d285e1a3c4b65ba5f71\",\"name\":\"KJ\",\"image\":{\"@type\":\"ImageObject\",\"inLanguage\":\"fr-FR\",\"@id\":\"https:\\\/\\\/secure.gravatar.com\\\/avatar\\\/1a1320de1c1971c893f00068f760b4113d69504aa21273da17ee95650c5944fd?s=96&d=mm&r=g\",\"url\":\"https:\\\/\\\/secure.gravatar.com\\\/avatar\\\/1a1320de1c1971c893f00068f760b4113d69504aa21273da17ee95650c5944fd?s=96&d=mm&r=g\",\"contentUrl\":\"https:\\\/\\\/secure.gravatar.com\\\/avatar\\\/1a1320de1c1971c893f00068f760b4113d69504aa21273da17ee95650c5944fd?s=96&d=mm&r=g\",\"caption\":\"KJ\"},\"url\":\"https:\\\/\\\/www.webdo.tn\\\/fr\\\/actualite\\\/author\\\/kj\\\/\"}]}<\/script>\n<!-- \/ Yoast SEO Premium plugin. -->","yoast_head_json":{"title":"Tunisie - M\u00e9t\u00e9o : Une semaine humide se profile","description":"Des changements m\u00e9t\u00e9orologiques sont attendus \u00e0 partir de samedi en Tunisie, avec des pluies au nord et au centre. Une semaine particuli\u00e8rement humide est pr\u00e9vu...","canonical":"https:\/\/www.webdo.tn\/fr\/actualite\/national\/tunisie-meteo-une-semaine-humide-se-profile\/220948\/","og_locale":"fr_FR","og_type":"article","og_title":"Tunisie - M\u00e9t\u00e9o : Une semaine humide se profile","og_description":"Des changements m\u00e9t\u00e9orologiques sont attendus \u00e0 partir de samedi en Tunisie, avec des pluies au nord et au centre. Une semaine particuli\u00e8rement humide est pr\u00e9vu...","og_url":"https:\/\/www.webdo.tn\/fr\/actualite\/national\/tunisie-meteo-une-semaine-humide-se-profile\/220948\/","og_site_name":"webdo","article_publisher":"https:\/\/www.facebook.com\/webdotn","article_published_time":"2025-04-02T12:52:00+00:00","article_modified_time":"2025-05-20T22:23:19+00:00","og_image":[{"width":713,"height":380,"url":"https:\/\/www.webdo.tn\/fr\/wp-content\/uploads\/2025\/04\/4e3338dfd3db26b78089a1f8d37611bf.webp","type":"image\/webp"}],"author":"KJ","twitter_card":"summary_large_image","twitter_creator":"@webdo_tn","twitter_site":"@webdo_tn","twitter_misc":{"\u00c9crit par":"KJ","Dur\u00e9e de lecture estim\u00e9e":"1 minute"},"schema":{"@context":"https:\/\/schema.org","@graph":[{"@type":"NewsArticle","@id":"https:\/\/www.webdo.tn\/fr\/actualite\/national\/tunisie-meteo-une-semaine-humide-se-profile\/220948\/#article","isPartOf":{"@id":"https:\/\/www.webdo.tn\/fr\/actualite\/national\/tunisie-meteo-une-semaine-humide-se-profile\/220948\/"},"author":{"name":"KJ","@id":"https:\/\/www.webdo.tn\/fr\/#\/schema\/person\/82ca085b22037d285e1a3c4b65ba5f71"},"headline":"Tunisie &#8211; M\u00e9t\u00e9o : Une semaine humide se profile","datePublished":"2025-04-02T12:52:00+00:00","dateModified":"2025-05-20T22:23:19+00:00","mainEntityOfPage":{"@id":"https:\/\/www.webdo.tn\/fr\/actualite\/national\/tunisie-meteo-une-semaine-humide-se-profile\/220948\/"},"wordCount":142,"commentCount":0,"publisher":{"@id":"https:\/\/www.webdo.tn\/fr\/#organization"},"image":{"@id":"https:\/\/www.webdo.tn\/fr\/actualite\/national\/tunisie-meteo-une-semaine-humide-se-profile\/220948\/#primaryimage"},"thumbnailUrl":"https:\/\/www.webdo.tn\/fr\/wp-content\/uploads\/2025\/04\/4e3338dfd3db26b78089a1f8d37611bf.webp","keywords":["m\u00e9t\u00e9o","pluies","Tunisie"],"articleSection":["National"],"inLanguage":"fr-FR"},{"@type":"WebPage","@id":"https:\/\/www.webdo.tn\/fr\/actualite\/national\/tunisie-meteo-une-semaine-humide-se-profile\/220948\/","url":"https:\/\/www.webdo.tn\/fr\/actualite\/national\/tunisie-meteo-une-semaine-humide-se-profile\/220948\/","name":"Tunisie - M\u00e9t\u00e9o : Une semaine humide se profile","isPartOf":{"@id":"https:\/\/www.webdo.tn\/fr\/#website"},"primaryImageOfPage":{"@id":"https:\/\/www.webdo.tn\/fr\/actualite\/national\/tunisie-meteo-une-semaine-humide-se-profile\/220948\/#primaryimage"},"image":{"@id":"https:\/\/www.webdo.tn\/fr\/actualite\/national\/tunisie-meteo-une-semaine-humide-se-profile\/220948\/#primaryimage"},"thumbnailUrl":"https:\/\/www.webdo.tn\/fr\/wp-content\/uploads\/2025\/04\/4e3338dfd3db26b78089a1f8d37611bf.webp","datePublished":"2025-04-02T12:52:00+00:00","dateModified":"2025-05-20T22:23:19+00:00","description":"Des changements m\u00e9t\u00e9orologiques sont attendus \u00e0 partir de samedi en Tunisie, avec des pluies au nord et au centre. Une semaine particuli\u00e8rement humide est pr\u00e9vu...","breadcrumb":{"@id":"https:\/\/www.webdo.tn\/fr\/actualite\/national\/tunisie-meteo-une-semaine-humide-se-profile\/220948\/#breadcrumb"},"inLanguage":"fr-FR","potentialAction":[{"@type":"ReadAction","target":["https:\/\/www.webdo.tn\/fr\/actualite\/national\/tunisie-meteo-une-semaine-humide-se-profile\/220948\/"]}]},{"@type":"ImageObject","inLanguage":"fr-FR","@id":"https:\/\/www.webdo.tn\/fr\/actualite\/national\/tunisie-meteo-une-semaine-humide-se-profile\/220948\/#primaryimage","url":"https:\/\/www.webdo.tn\/fr\/wp-content\/uploads\/2025\/04\/4e3338dfd3db26b78089a1f8d37611bf.webp","contentUrl":"https:\/\/www.webdo.tn\/fr\/wp-content\/uploads\/2025\/04\/4e3338dfd3db26b78089a1f8d37611bf.webp","width":713,"height":380,"caption":"Tunisie - M\u00e9t\u00e9o : Une semaine humide se profile"},{"@type":"BreadcrumbList","@id":"https:\/\/www.webdo.tn\/fr\/actualite\/national\/tunisie-meteo-une-semaine-humide-se-profile\/220948\/#breadcrumb","itemListElement":[{"@type":"ListItem","position":1,"name":"Accueil","item":"https:\/\/www.webdo.tn\/fr\/"},{"@type":"ListItem","position":2,"name":"Tunisie &#8211; M\u00e9t\u00e9o : Une semaine humide se profile"}]},{"@type":"WebSite","@id":"https:\/\/www.webdo.tn\/fr\/#website","url":"https:\/\/www.webdo.tn\/fr\/","name":"webdo","description":"Tunisie - News en Tunisie et \u00e0 l&#039;international sur Webdo.tn","publisher":{"@id":"https:\/\/www.webdo.tn\/fr\/#organization"},"potentialAction":[{"@type":"SearchAction","target":{"@type":"EntryPoint","urlTemplate":"https:\/\/www.webdo.tn\/fr\/?s={search_term_string}"},"query-input":{"@type":"PropertyValueSpecification","valueRequired":true,"valueName":"search_term_string"}}],"inLanguage":"fr-FR"},{"@type":"Organization","@id":"https:\/\/www.webdo.tn\/fr\/#organization","name":"Webdo","alternateName":"Webdo.tn","url":"https:\/\/www.webdo.tn\/fr\/","logo":{"@type":"ImageObject","inLanguage":"fr-FR","@id":"https:\/\/www.webdo.tn\/fr\/#\/schema\/logo\/image\/","url":"https:\/\/www.webdo.tn\/fr\/wp-content\/uploads\/2025\/06\/Webdo-Tunisie_168377.jpg","contentUrl":"https:\/\/www.webdo.tn\/fr\/wp-content\/uploads\/2025\/06\/Webdo-Tunisie_168377.jpg","width":301,"height":301,"caption":"Webdo"},"image":{"@id":"https:\/\/www.webdo.tn\/fr\/#\/schema\/logo\/image\/"},"sameAs":["https:\/\/www.facebook.com\/webdotn","https:\/\/x.com\/webdo_tn"],"description":"Webdo est un m\u00e9dia num\u00e9rique tunisien fond\u00e9 en 2010, sp\u00e9cialis\u00e9 dans l\u2019actualit\u00e9 nationale et internationale, l\u2019\u00e9conomie, la soci\u00e9t\u00e9 et les analyses politiques. Le site s\u2019adresse \u00e0 un large public francophone et couvre l\u2019information tunisienne en temps r\u00e9el.","email":"redac@webdo.tn","legalName":"YNJ SARL","foundingDate":"2010-09-06","numberOfEmployees":{"@type":"QuantitativeValue","minValue":"11","maxValue":"50"}},{"@type":"Person","@id":"https:\/\/www.webdo.tn\/fr\/#\/schema\/person\/82ca085b22037d285e1a3c4b65ba5f71","name":"KJ","image":{"@type":"ImageObject","inLanguage":"fr-FR","@id":"https:\/\/secure.gravatar.com\/avatar\/1a1320de1c1971c893f00068f760b4113d69504aa21273da17ee95650c5944fd?s=96&d=mm&r=g","url":"https:\/\/secure.gravatar.com\/avatar\/1a1320de1c1971c893f00068f760b4113d69504aa21273da17ee95650c5944fd?s=96&d=mm&r=g","contentUrl":"https:\/\/secure.gravatar.com\/avatar\/1a1320de1c1971c893f00068f760b4113d69504aa21273da17ee95650c5944fd?s=96&d=mm&r=g","caption":"KJ"},"url":"https:\/\/www.webdo.tn\/fr\/actualite\/author\/kj\/"}]}},"_links":{"self":[{"href":"https:\/\/www.webdo.tn\/fr\/wp-json\/wp\/v2\/posts\/220948","targetHints":{"allow":["GET"]}}],"collection":[{"href":"https:\/\/www.webdo.tn\/fr\/wp-json\/wp\/v2\/posts"}],"about":[{"href":"https:\/\/www.webdo.tn\/fr\/wp-json\/wp\/v2\/types\/post"}],"author":[{"embeddable":true,"href":"https:\/\/www.webdo.tn\/fr\/wp-json\/wp\/v2\/users\/3163"}],"replies":[{"embeddable":true,"href":"https:\/\/www.webdo.tn\/fr\/wp-json\/wp\/v2\/comments?post=220948"}],"version-history":[{"count":0,"href":"https:\/\/www.webdo.tn\/fr\/wp-json\/wp\/v2\/posts\/220948\/revisions"}],"wp:featuredmedia":[{"embeddable":true,"href":"https:\/\/www.webdo.tn\/fr\/wp-json\/wp\/v2\/media\/292155"}],"wp:attachment":[{"href":"https:\/\/www.webdo.tn\/fr\/wp-json\/wp\/v2\/media?parent=220948"}],"wp:term":[{"taxonomy":"category","embeddable":true,"href":"https:\/\/www.webdo.tn\/fr\/wp-json\/wp\/v2\/categories?post=220948"},{"taxonomy":"post_tag","embeddable":true,"href":"https:\/\/www.webdo.tn\/fr\/wp-json\/wp\/v2\/tags?post=220948"}],"curies":[{"name":"wp","href":"https:\/\/api.w.org\/{rel}","templated":true}]}}