{"id":220940,"date":"2025-04-02T09:31:00","date_gmt":"2025-04-02T09:31:00","guid":{"rendered":"https:\/\/www.webdo.tn\/fr\/blog\/2025\/04\/02\/ben-guerdane-au-coeur-d-une-strategie-entre-la-tunisie-l-algerie-et-la-libye\/"},"modified":"2025-05-20T22:18:57","modified_gmt":"2025-05-20T22:18:57","slug":"ben-guerdane-au-coeur-d-une-strategie-entre-la-tunisie-l-algerie-et-la-libye","status":"publish","type":"post","link":"https:\/\/www.webdo.tn\/fr\/actualite\/national\/ben-guerdane-au-coeur-d-une-strategie-entre-la-tunisie-l-algerie-et-la-libye\/220940\/","title":{"rendered":"Ben Guerdane au c\u0153ur d\u2019une strat\u00e9gie entre la Tunisie, l\u2019Alg\u00e9rie et la Libye"},"content":{"rendered":"<p>Un rapport de l&rsquo;Agence de presse de Malte a r\u00e9v\u00e9l\u00e9 que la Libye, la Tunisie et l&rsquo;Alg\u00e9rie ont lanc\u00e9 une nouvelle strat\u00e9gie de coop\u00e9ration visant \u00e0 lutter contre la contrebande et le commerce illicite, tout en renfor\u00e7ant le d\u00e9veloppement \u00e9conomique dans leurs zones frontali\u00e8res communes.<\/p>\n<p>Le rapport cite le ministre du Commerce et du D\u00e9veloppement des exportations, Samir Abid, qui affirme que cette initiative s&rsquo;inscrit dans une strat\u00e9gie globale adopt\u00e9e par la Tunisie pour faire face aux effets n\u00e9gatifs de l&rsquo;\u00e9conomie parall\u00e8le sur sa stabilit\u00e9 financi\u00e8re, en mettant particuli\u00e8rement l&rsquo;accent sur l&rsquo;implication des jeunes dans la stimulation de la croissance \u00e9conomique r\u00e9gionale.<\/p>\n<p>Selon le rapport, la ville de Ben Guerdane, proche de la fronti\u00e8re libyenne, est au c\u0153ur de cette initiative.\u00a0<\/p>\n<p>Le gouvernement cherche \u00e0 en faire un centre d&rsquo;investissement et de d\u00e9veloppement qui g\u00e9n\u00e8re des opportunit\u00e9s d&#8217;emploi et am\u00e9liore les conditions de vie, notamment pour les jeunes des zones frontali\u00e8res.<\/p>\n<p>Le rapport met \u00e9galement en lumi\u00e8re le poste-fronti\u00e8re strat\u00e9gique de Ras Jedir entre la Tunisie et la Libye, qui a longtemps \u00e9t\u00e9 un centre du commerce informel et un point n\u00e9vralgique de la contrebande de divers produits tels que le carburant, les appareils \u00e9lectroniques et les denr\u00e9es alimentaires.<\/p>\n<p>Le rapport mentionne que l&rsquo;intensification des op\u00e9rations anti-contrebande par les autorit\u00e9s libyennes au poste-fronti\u00e8re au cours des derniers mois a entra\u00een\u00e9 une mont\u00e9e des tensions, avant que la diplomatie entre les deux pays n&rsquo;intervienne pour les apaiser, aboutissant \u00e0 des \u00e9changes de d\u00e9tenus et \u00e0 la restitution de v\u00e9hicules confisqu\u00e9s.<\/p>\n<p>Cette strat\u00e9gie r\u00e9gionale commune entre les trois pays vise \u00e0 instaurer un environnement plus s\u00fbr et \u00e9conomiquement stable pour les communaut\u00e9s frontali\u00e8res, \u00e0 assurer une croissance durable et \u00e0 renforcer les relations entre les pays voisins.<\/p>\n","protected":false},"excerpt":{"rendered":"<p>Libye, Tunisie et Alg\u00e9rie lancent une strat\u00e9gie commune pour lutter contre la contrebande et stimuler le d\u00e9veloppement \u00e9conomique dans les zones frontali\u00e8res,&#8230;<\/p>\n","protected":false},"author":3163,"featured_media":241418,"comment_status":"open","ping_status":"open","sticky":false,"template":"","format":"standard","meta":{"footnotes":""},"categories":[44],"tags":[2907,3279,3442,2608],"class_list":["post-220940","post","type-post","status-publish","format-standard","has-post-thumbnail","hentry","category-national","tag-algerie","tag-libye","tag-strategie","tag-tunisie"],"yoast_head":"<!-- This site is optimized with the Yoast SEO Premium plugin v27.5 (Yoast SEO v27.5) - https:\/\/yoast.com\/product\/yoast-seo-premium-wordpress\/ -->\n<title>Ben Guerdane au c\u0153ur d\u2019une strat\u00e9gie entre la Tunisie, l\u2019Alg\u00e9rie et la Libye<\/title>\n<meta name=\"description\" content=\"Libye, Tunisie et Alg\u00e9rie lancent une strat\u00e9gie commune pour lutter contre la contrebande et stimuler le d\u00e9veloppement \u00e9conomique dans les zones frontali\u00e8res,...\" \/>\n<link rel=\"canonical\" href=\"https:\/\/www.webdo.tn\/fr\/actualite\/national\/ben-guerdane-au-coeur-d-une-strategie-entre-la-tunisie-l-algerie-et-la-libye\/220940\/\" \/>\n<meta property=\"og:locale\" content=\"fr_FR\" \/>\n<meta property=\"og:type\" content=\"article\" \/>\n<meta property=\"og:title\" content=\"Ben Guerdane au c\u0153ur d\u2019une strat\u00e9gie entre la Tunisie, l\u2019Alg\u00e9rie et la Libye\" \/>\n<meta property=\"og:description\" content=\"Libye, Tunisie et Alg\u00e9rie lancent une strat\u00e9gie commune pour lutter contre la contrebande et stimuler le d\u00e9veloppement \u00e9conomique dans les zones frontali\u00e8res,...\" \/>\n<meta property=\"og:url\" content=\"https:\/\/www.webdo.tn\/fr\/actualite\/national\/ben-guerdane-au-coeur-d-une-strategie-entre-la-tunisie-l-algerie-et-la-libye\/220940\/\" \/>\n<meta property=\"og:site_name\" content=\"webdo\" \/>\n<meta property=\"article:publisher\" content=\"https:\/\/www.facebook.com\/webdotn\" \/>\n<meta property=\"article:published_time\" content=\"2025-04-02T09:31:00+00:00\" \/>\n<meta property=\"article:modified_time\" content=\"2025-05-20T22:18:57+00:00\" \/>\n<meta property=\"og:image\" content=\"https:\/\/www.webdo.tn\/fr\/wp-content\/uploads\/2025\/05\/2b011292e770260215656daa72fd49c0-3.webp\" \/>\n\t<meta property=\"og:image:width\" content=\"680\" \/>\n\t<meta property=\"og:image:height\" content=\"363\" \/>\n\t<meta property=\"og:image:type\" content=\"image\/webp\" \/>\n<meta name=\"author\" content=\"KJ\" \/>\n<meta name=\"twitter:card\" content=\"summary_large_image\" \/>\n<meta name=\"twitter:creator\" content=\"@webdo_tn\" \/>\n<meta name=\"twitter:site\" content=\"@webdo_tn\" \/>\n<meta name=\"twitter:label1\" content=\"\u00c9crit par\" \/>\n\t<meta name=\"twitter:data1\" content=\"KJ\" \/>\n\t<meta name=\"twitter:label2\" content=\"Dur\u00e9e de lecture estim\u00e9e\" \/>\n\t<meta name=\"twitter:data2\" content=\"2 minutes\" \/>\n<script type=\"application\/ld+json\" class=\"yoast-schema-graph\">{\"@context\":\"https:\\\/\\\/schema.org\",\"@graph\":[{\"@type\":\"NewsArticle\",\"@id\":\"https:\\\/\\\/www.webdo.tn\\\/fr\\\/actualite\\\/national\\\/ben-guerdane-au-coeur-d-une-strategie-entre-la-tunisie-l-algerie-et-la-libye\\\/220940\\\/#article\",\"isPartOf\":{\"@id\":\"https:\\\/\\\/www.webdo.tn\\\/fr\\\/actualite\\\/national\\\/ben-guerdane-au-coeur-d-une-strategie-entre-la-tunisie-l-algerie-et-la-libye\\\/220940\\\/\"},\"author\":{\"name\":\"KJ\",\"@id\":\"https:\\\/\\\/www.webdo.tn\\\/fr\\\/#\\\/schema\\\/person\\\/82ca085b22037d285e1a3c4b65ba5f71\"},\"headline\":\"Ben Guerdane au c\u0153ur d\u2019une strat\u00e9gie entre la Tunisie, l\u2019Alg\u00e9rie et la Libye\",\"datePublished\":\"2025-04-02T09:31:00+00:00\",\"dateModified\":\"2025-05-20T22:18:57+00:00\",\"mainEntityOfPage\":{\"@id\":\"https:\\\/\\\/www.webdo.tn\\\/fr\\\/actualite\\\/national\\\/ben-guerdane-au-coeur-d-une-strategie-entre-la-tunisie-l-algerie-et-la-libye\\\/220940\\\/\"},\"wordCount\":348,\"commentCount\":0,\"publisher\":{\"@id\":\"https:\\\/\\\/www.webdo.tn\\\/fr\\\/#organization\"},\"image\":{\"@id\":\"https:\\\/\\\/www.webdo.tn\\\/fr\\\/actualite\\\/national\\\/ben-guerdane-au-coeur-d-une-strategie-entre-la-tunisie-l-algerie-et-la-libye\\\/220940\\\/#primaryimage\"},\"thumbnailUrl\":\"https:\\\/\\\/www.webdo.tn\\\/fr\\\/wp-content\\\/uploads\\\/2025\\\/05\\\/2b011292e770260215656daa72fd49c0-3.webp\",\"keywords\":[\"Alg\u00e9rie\",\"Libye\",\"strat\u00e9gie\",\"Tunisie\"],\"articleSection\":[\"National\"],\"inLanguage\":\"fr-FR\"},{\"@type\":\"WebPage\",\"@id\":\"https:\\\/\\\/www.webdo.tn\\\/fr\\\/actualite\\\/national\\\/ben-guerdane-au-coeur-d-une-strategie-entre-la-tunisie-l-algerie-et-la-libye\\\/220940\\\/\",\"url\":\"https:\\\/\\\/www.webdo.tn\\\/fr\\\/actualite\\\/national\\\/ben-guerdane-au-coeur-d-une-strategie-entre-la-tunisie-l-algerie-et-la-libye\\\/220940\\\/\",\"name\":\"Ben Guerdane au c\u0153ur d\u2019une strat\u00e9gie entre la Tunisie, l\u2019Alg\u00e9rie et la Libye\",\"isPartOf\":{\"@id\":\"https:\\\/\\\/www.webdo.tn\\\/fr\\\/#website\"},\"primaryImageOfPage\":{\"@id\":\"https:\\\/\\\/www.webdo.tn\\\/fr\\\/actualite\\\/national\\\/ben-guerdane-au-coeur-d-une-strategie-entre-la-tunisie-l-algerie-et-la-libye\\\/220940\\\/#primaryimage\"},\"image\":{\"@id\":\"https:\\\/\\\/www.webdo.tn\\\/fr\\\/actualite\\\/national\\\/ben-guerdane-au-coeur-d-une-strategie-entre-la-tunisie-l-algerie-et-la-libye\\\/220940\\\/#primaryimage\"},\"thumbnailUrl\":\"https:\\\/\\\/www.webdo.tn\\\/fr\\\/wp-content\\\/uploads\\\/2025\\\/05\\\/2b011292e770260215656daa72fd49c0-3.webp\",\"datePublished\":\"2025-04-02T09:31:00+00:00\",\"dateModified\":\"2025-05-20T22:18:57+00:00\",\"description\":\"Libye, Tunisie et Alg\u00e9rie lancent une strat\u00e9gie commune pour lutter contre la contrebande et stimuler le d\u00e9veloppement \u00e9conomique dans les zones frontali\u00e8res,...\",\"breadcrumb\":{\"@id\":\"https:\\\/\\\/www.webdo.tn\\\/fr\\\/actualite\\\/national\\\/ben-guerdane-au-coeur-d-une-strategie-entre-la-tunisie-l-algerie-et-la-libye\\\/220940\\\/#breadcrumb\"},\"inLanguage\":\"fr-FR\",\"potentialAction\":[{\"@type\":\"ReadAction\",\"target\":[\"https:\\\/\\\/www.webdo.tn\\\/fr\\\/actualite\\\/national\\\/ben-guerdane-au-coeur-d-une-strategie-entre-la-tunisie-l-algerie-et-la-libye\\\/220940\\\/\"]}]},{\"@type\":\"ImageObject\",\"inLanguage\":\"fr-FR\",\"@id\":\"https:\\\/\\\/www.webdo.tn\\\/fr\\\/actualite\\\/national\\\/ben-guerdane-au-coeur-d-une-strategie-entre-la-tunisie-l-algerie-et-la-libye\\\/220940\\\/#primaryimage\",\"url\":\"https:\\\/\\\/www.webdo.tn\\\/fr\\\/wp-content\\\/uploads\\\/2025\\\/05\\\/2b011292e770260215656daa72fd49c0-3.webp\",\"contentUrl\":\"https:\\\/\\\/www.webdo.tn\\\/fr\\\/wp-content\\\/uploads\\\/2025\\\/05\\\/2b011292e770260215656daa72fd49c0-3.webp\",\"width\":680,\"height\":363},{\"@type\":\"BreadcrumbList\",\"@id\":\"https:\\\/\\\/www.webdo.tn\\\/fr\\\/actualite\\\/national\\\/ben-guerdane-au-coeur-d-une-strategie-entre-la-tunisie-l-algerie-et-la-libye\\\/220940\\\/#breadcrumb\",\"itemListElement\":[{\"@type\":\"ListItem\",\"position\":1,\"name\":\"Accueil\",\"item\":\"https:\\\/\\\/www.webdo.tn\\\/fr\\\/\"},{\"@type\":\"ListItem\",\"position\":2,\"name\":\"Ben Guerdane au c\u0153ur d\u2019une strat\u00e9gie entre la Tunisie, l\u2019Alg\u00e9rie et la Libye\"}]},{\"@type\":\"WebSite\",\"@id\":\"https:\\\/\\\/www.webdo.tn\\\/fr\\\/#website\",\"url\":\"https:\\\/\\\/www.webdo.tn\\\/fr\\\/\",\"name\":\"webdo\",\"description\":\"Tunisie - News en Tunisie et \u00e0 l&#039;international sur Webdo.tn\",\"publisher\":{\"@id\":\"https:\\\/\\\/www.webdo.tn\\\/fr\\\/#organization\"},\"potentialAction\":[{\"@type\":\"SearchAction\",\"target\":{\"@type\":\"EntryPoint\",\"urlTemplate\":\"https:\\\/\\\/www.webdo.tn\\\/fr\\\/?s={search_term_string}\"},\"query-input\":{\"@type\":\"PropertyValueSpecification\",\"valueRequired\":true,\"valueName\":\"search_term_string\"}}],\"inLanguage\":\"fr-FR\"},{\"@type\":\"Organization\",\"@id\":\"https:\\\/\\\/www.webdo.tn\\\/fr\\\/#organization\",\"name\":\"Webdo\",\"alternateName\":\"Webdo.tn\",\"url\":\"https:\\\/\\\/www.webdo.tn\\\/fr\\\/\",\"logo\":{\"@type\":\"ImageObject\",\"inLanguage\":\"fr-FR\",\"@id\":\"https:\\\/\\\/www.webdo.tn\\\/fr\\\/#\\\/schema\\\/logo\\\/image\\\/\",\"url\":\"https:\\\/\\\/www.webdo.tn\\\/fr\\\/wp-content\\\/uploads\\\/2025\\\/06\\\/Webdo-Tunisie_168377.jpg\",\"contentUrl\":\"https:\\\/\\\/www.webdo.tn\\\/fr\\\/wp-content\\\/uploads\\\/2025\\\/06\\\/Webdo-Tunisie_168377.jpg\",\"width\":301,\"height\":301,\"caption\":\"Webdo\"},\"image\":{\"@id\":\"https:\\\/\\\/www.webdo.tn\\\/fr\\\/#\\\/schema\\\/logo\\\/image\\\/\"},\"sameAs\":[\"https:\\\/\\\/www.facebook.com\\\/webdotn\",\"https:\\\/\\\/x.com\\\/webdo_tn\"],\"description\":\"Webdo est un m\u00e9dia num\u00e9rique tunisien fond\u00e9 en 2010, sp\u00e9cialis\u00e9 dans l\u2019actualit\u00e9 nationale et internationale, l\u2019\u00e9conomie, la soci\u00e9t\u00e9 et les analyses politiques. Le site s\u2019adresse \u00e0 un large public francophone et couvre l\u2019information tunisienne en temps r\u00e9el.\",\"email\":\"redac@webdo.tn\",\"legalName\":\"YNJ SARL\",\"foundingDate\":\"2010-09-06\",\"numberOfEmployees\":{\"@type\":\"QuantitativeValue\",\"minValue\":\"11\",\"maxValue\":\"50\"}},{\"@type\":\"Person\",\"@id\":\"https:\\\/\\\/www.webdo.tn\\\/fr\\\/#\\\/schema\\\/person\\\/82ca085b22037d285e1a3c4b65ba5f71\",\"name\":\"KJ\",\"image\":{\"@type\":\"ImageObject\",\"inLanguage\":\"fr-FR\",\"@id\":\"https:\\\/\\\/secure.gravatar.com\\\/avatar\\\/1a1320de1c1971c893f00068f760b4113d69504aa21273da17ee95650c5944fd?s=96&d=mm&r=g\",\"url\":\"https:\\\/\\\/secure.gravatar.com\\\/avatar\\\/1a1320de1c1971c893f00068f760b4113d69504aa21273da17ee95650c5944fd?s=96&d=mm&r=g\",\"contentUrl\":\"https:\\\/\\\/secure.gravatar.com\\\/avatar\\\/1a1320de1c1971c893f00068f760b4113d69504aa21273da17ee95650c5944fd?s=96&d=mm&r=g\",\"caption\":\"KJ\"},\"url\":\"https:\\\/\\\/www.webdo.tn\\\/fr\\\/actualite\\\/author\\\/kj\\\/\"}]}<\/script>\n<!-- \/ Yoast SEO Premium plugin. -->","yoast_head_json":{"title":"Ben Guerdane au c\u0153ur d\u2019une strat\u00e9gie entre la Tunisie, l\u2019Alg\u00e9rie et la Libye","description":"Libye, Tunisie et Alg\u00e9rie lancent une strat\u00e9gie commune pour lutter contre la contrebande et stimuler le d\u00e9veloppement \u00e9conomique dans les zones frontali\u00e8res,...","canonical":"https:\/\/www.webdo.tn\/fr\/actualite\/national\/ben-guerdane-au-coeur-d-une-strategie-entre-la-tunisie-l-algerie-et-la-libye\/220940\/","og_locale":"fr_FR","og_type":"article","og_title":"Ben Guerdane au c\u0153ur d\u2019une strat\u00e9gie entre la Tunisie, l\u2019Alg\u00e9rie et la Libye","og_description":"Libye, Tunisie et Alg\u00e9rie lancent une strat\u00e9gie commune pour lutter contre la contrebande et stimuler le d\u00e9veloppement \u00e9conomique dans les zones frontali\u00e8res,...","og_url":"https:\/\/www.webdo.tn\/fr\/actualite\/national\/ben-guerdane-au-coeur-d-une-strategie-entre-la-tunisie-l-algerie-et-la-libye\/220940\/","og_site_name":"webdo","article_publisher":"https:\/\/www.facebook.com\/webdotn","article_published_time":"2025-04-02T09:31:00+00:00","article_modified_time":"2025-05-20T22:18:57+00:00","og_image":[{"width":680,"height":363,"url":"https:\/\/www.webdo.tn\/fr\/wp-content\/uploads\/2025\/05\/2b011292e770260215656daa72fd49c0-3.webp","type":"image\/webp"}],"author":"KJ","twitter_card":"summary_large_image","twitter_creator":"@webdo_tn","twitter_site":"@webdo_tn","twitter_misc":{"\u00c9crit par":"KJ","Dur\u00e9e de lecture estim\u00e9e":"2 minutes"},"schema":{"@context":"https:\/\/schema.org","@graph":[{"@type":"NewsArticle","@id":"https:\/\/www.webdo.tn\/fr\/actualite\/national\/ben-guerdane-au-coeur-d-une-strategie-entre-la-tunisie-l-algerie-et-la-libye\/220940\/#article","isPartOf":{"@id":"https:\/\/www.webdo.tn\/fr\/actualite\/national\/ben-guerdane-au-coeur-d-une-strategie-entre-la-tunisie-l-algerie-et-la-libye\/220940\/"},"author":{"name":"KJ","@id":"https:\/\/www.webdo.tn\/fr\/#\/schema\/person\/82ca085b22037d285e1a3c4b65ba5f71"},"headline":"Ben Guerdane au c\u0153ur d\u2019une strat\u00e9gie entre la Tunisie, l\u2019Alg\u00e9rie et la Libye","datePublished":"2025-04-02T09:31:00+00:00","dateModified":"2025-05-20T22:18:57+00:00","mainEntityOfPage":{"@id":"https:\/\/www.webdo.tn\/fr\/actualite\/national\/ben-guerdane-au-coeur-d-une-strategie-entre-la-tunisie-l-algerie-et-la-libye\/220940\/"},"wordCount":348,"commentCount":0,"publisher":{"@id":"https:\/\/www.webdo.tn\/fr\/#organization"},"image":{"@id":"https:\/\/www.webdo.tn\/fr\/actualite\/national\/ben-guerdane-au-coeur-d-une-strategie-entre-la-tunisie-l-algerie-et-la-libye\/220940\/#primaryimage"},"thumbnailUrl":"https:\/\/www.webdo.tn\/fr\/wp-content\/uploads\/2025\/05\/2b011292e770260215656daa72fd49c0-3.webp","keywords":["Alg\u00e9rie","Libye","strat\u00e9gie","Tunisie"],"articleSection":["National"],"inLanguage":"fr-FR"},{"@type":"WebPage","@id":"https:\/\/www.webdo.tn\/fr\/actualite\/national\/ben-guerdane-au-coeur-d-une-strategie-entre-la-tunisie-l-algerie-et-la-libye\/220940\/","url":"https:\/\/www.webdo.tn\/fr\/actualite\/national\/ben-guerdane-au-coeur-d-une-strategie-entre-la-tunisie-l-algerie-et-la-libye\/220940\/","name":"Ben Guerdane au c\u0153ur d\u2019une strat\u00e9gie entre la Tunisie, l\u2019Alg\u00e9rie et la Libye","isPartOf":{"@id":"https:\/\/www.webdo.tn\/fr\/#website"},"primaryImageOfPage":{"@id":"https:\/\/www.webdo.tn\/fr\/actualite\/national\/ben-guerdane-au-coeur-d-une-strategie-entre-la-tunisie-l-algerie-et-la-libye\/220940\/#primaryimage"},"image":{"@id":"https:\/\/www.webdo.tn\/fr\/actualite\/national\/ben-guerdane-au-coeur-d-une-strategie-entre-la-tunisie-l-algerie-et-la-libye\/220940\/#primaryimage"},"thumbnailUrl":"https:\/\/www.webdo.tn\/fr\/wp-content\/uploads\/2025\/05\/2b011292e770260215656daa72fd49c0-3.webp","datePublished":"2025-04-02T09:31:00+00:00","dateModified":"2025-05-20T22:18:57+00:00","description":"Libye, Tunisie et Alg\u00e9rie lancent une strat\u00e9gie commune pour lutter contre la contrebande et stimuler le d\u00e9veloppement \u00e9conomique dans les zones frontali\u00e8res,...","breadcrumb":{"@id":"https:\/\/www.webdo.tn\/fr\/actualite\/national\/ben-guerdane-au-coeur-d-une-strategie-entre-la-tunisie-l-algerie-et-la-libye\/220940\/#breadcrumb"},"inLanguage":"fr-FR","potentialAction":[{"@type":"ReadAction","target":["https:\/\/www.webdo.tn\/fr\/actualite\/national\/ben-guerdane-au-coeur-d-une-strategie-entre-la-tunisie-l-algerie-et-la-libye\/220940\/"]}]},{"@type":"ImageObject","inLanguage":"fr-FR","@id":"https:\/\/www.webdo.tn\/fr\/actualite\/national\/ben-guerdane-au-coeur-d-une-strategie-entre-la-tunisie-l-algerie-et-la-libye\/220940\/#primaryimage","url":"https:\/\/www.webdo.tn\/fr\/wp-content\/uploads\/2025\/05\/2b011292e770260215656daa72fd49c0-3.webp","contentUrl":"https:\/\/www.webdo.tn\/fr\/wp-content\/uploads\/2025\/05\/2b011292e770260215656daa72fd49c0-3.webp","width":680,"height":363},{"@type":"BreadcrumbList","@id":"https:\/\/www.webdo.tn\/fr\/actualite\/national\/ben-guerdane-au-coeur-d-une-strategie-entre-la-tunisie-l-algerie-et-la-libye\/220940\/#breadcrumb","itemListElement":[{"@type":"ListItem","position":1,"name":"Accueil","item":"https:\/\/www.webdo.tn\/fr\/"},{"@type":"ListItem","position":2,"name":"Ben Guerdane au c\u0153ur d\u2019une strat\u00e9gie entre la Tunisie, l\u2019Alg\u00e9rie et la Libye"}]},{"@type":"WebSite","@id":"https:\/\/www.webdo.tn\/fr\/#website","url":"https:\/\/www.webdo.tn\/fr\/","name":"webdo","description":"Tunisie - News en Tunisie et \u00e0 l&#039;international sur Webdo.tn","publisher":{"@id":"https:\/\/www.webdo.tn\/fr\/#organization"},"potentialAction":[{"@type":"SearchAction","target":{"@type":"EntryPoint","urlTemplate":"https:\/\/www.webdo.tn\/fr\/?s={search_term_string}"},"query-input":{"@type":"PropertyValueSpecification","valueRequired":true,"valueName":"search_term_string"}}],"inLanguage":"fr-FR"},{"@type":"Organization","@id":"https:\/\/www.webdo.tn\/fr\/#organization","name":"Webdo","alternateName":"Webdo.tn","url":"https:\/\/www.webdo.tn\/fr\/","logo":{"@type":"ImageObject","inLanguage":"fr-FR","@id":"https:\/\/www.webdo.tn\/fr\/#\/schema\/logo\/image\/","url":"https:\/\/www.webdo.tn\/fr\/wp-content\/uploads\/2025\/06\/Webdo-Tunisie_168377.jpg","contentUrl":"https:\/\/www.webdo.tn\/fr\/wp-content\/uploads\/2025\/06\/Webdo-Tunisie_168377.jpg","width":301,"height":301,"caption":"Webdo"},"image":{"@id":"https:\/\/www.webdo.tn\/fr\/#\/schema\/logo\/image\/"},"sameAs":["https:\/\/www.facebook.com\/webdotn","https:\/\/x.com\/webdo_tn"],"description":"Webdo est un m\u00e9dia num\u00e9rique tunisien fond\u00e9 en 2010, sp\u00e9cialis\u00e9 dans l\u2019actualit\u00e9 nationale et internationale, l\u2019\u00e9conomie, la soci\u00e9t\u00e9 et les analyses politiques. Le site s\u2019adresse \u00e0 un large public francophone et couvre l\u2019information tunisienne en temps r\u00e9el.","email":"redac@webdo.tn","legalName":"YNJ SARL","foundingDate":"2010-09-06","numberOfEmployees":{"@type":"QuantitativeValue","minValue":"11","maxValue":"50"}},{"@type":"Person","@id":"https:\/\/www.webdo.tn\/fr\/#\/schema\/person\/82ca085b22037d285e1a3c4b65ba5f71","name":"KJ","image":{"@type":"ImageObject","inLanguage":"fr-FR","@id":"https:\/\/secure.gravatar.com\/avatar\/1a1320de1c1971c893f00068f760b4113d69504aa21273da17ee95650c5944fd?s=96&d=mm&r=g","url":"https:\/\/secure.gravatar.com\/avatar\/1a1320de1c1971c893f00068f760b4113d69504aa21273da17ee95650c5944fd?s=96&d=mm&r=g","contentUrl":"https:\/\/secure.gravatar.com\/avatar\/1a1320de1c1971c893f00068f760b4113d69504aa21273da17ee95650c5944fd?s=96&d=mm&r=g","caption":"KJ"},"url":"https:\/\/www.webdo.tn\/fr\/actualite\/author\/kj\/"}]}},"_links":{"self":[{"href":"https:\/\/www.webdo.tn\/fr\/wp-json\/wp\/v2\/posts\/220940","targetHints":{"allow":["GET"]}}],"collection":[{"href":"https:\/\/www.webdo.tn\/fr\/wp-json\/wp\/v2\/posts"}],"about":[{"href":"https:\/\/www.webdo.tn\/fr\/wp-json\/wp\/v2\/types\/post"}],"author":[{"embeddable":true,"href":"https:\/\/www.webdo.tn\/fr\/wp-json\/wp\/v2\/users\/3163"}],"replies":[{"embeddable":true,"href":"https:\/\/www.webdo.tn\/fr\/wp-json\/wp\/v2\/comments?post=220940"}],"version-history":[{"count":0,"href":"https:\/\/www.webdo.tn\/fr\/wp-json\/wp\/v2\/posts\/220940\/revisions"}],"wp:featuredmedia":[{"embeddable":true,"href":"https:\/\/www.webdo.tn\/fr\/wp-json\/wp\/v2\/media\/241418"}],"wp:attachment":[{"href":"https:\/\/www.webdo.tn\/fr\/wp-json\/wp\/v2\/media?parent=220940"}],"wp:term":[{"taxonomy":"category","embeddable":true,"href":"https:\/\/www.webdo.tn\/fr\/wp-json\/wp\/v2\/categories?post=220940"},{"taxonomy":"post_tag","embeddable":true,"href":"https:\/\/www.webdo.tn\/fr\/wp-json\/wp\/v2\/tags?post=220940"}],"curies":[{"name":"wp","href":"https:\/\/api.w.org\/{rel}","templated":true}]}}