{"id":220924,"date":"2025-03-31T11:11:00","date_gmt":"2025-03-31T09:11:00","guid":{"rendered":"https:\/\/www.webdo.tn\/fr\/actualite\/sport\/ons-jabeur-gagne-une-place-au-classement-wta\/220924"},"modified":"2025-06-04T18:07:55","modified_gmt":"2025-06-04T18:07:55","slug":"ons-jabeur-gagne-une-place-au-classement-wta-2","status":"publish","type":"post","link":"https:\/\/www.webdo.tn\/fr\/actualite\/sport\/ons-jabeur-gagne-une-place-au-classement-wta-2\/220924\/","title":{"rendered":"Ons Jabeur gagne une place au classement WTA"},"content":{"rendered":"<p>Ons Jabeur a fait un bond d&rsquo;une place dans le classement mondial de la WTA, se positionnant d\u00e9sormais au 29e rang, selon les r\u00e9sultats publi\u00e9s ce lundi.<\/p>\n<p>Lors de son dernier tournoi, le Masters 1000 de Miami, la tenniswoman tunisienne avait \u00e9t\u00e9 \u00e9limin\u00e9e au troisi\u00e8me tour. Elle a \u00e9t\u00e9 contrainte \u00e0 l&rsquo;abandon face \u00e0 l&rsquo;Italienne Jasmine Paolini apr\u00e8s une blessure survenue d\u00e8s le premier set, alors qu\u2019elle \u00e9tait men\u00e9e 3-4.<\/p>\n<p>Dans une publication partag\u00e9e sur sa page Facebook officielle, Ons Jabeur a pr\u00e9cis\u00e9 que les examens m\u00e9dicaux effectu\u00e9s avaient r\u00e9v\u00e9l\u00e9 une l\u00e9g\u00e8re fatigue musculaire. Elle a indiqu\u00e9 qu\u2019elle comptait faire son retour sur les courts d\u00e8s qu\u2019elle serait compl\u00e8tement r\u00e9tablie.<\/p>\n","protected":false},"excerpt":{"rendered":"<p>Ons Jabeur progresse au classement WTA, se classant 29e mondiale. Apr\u00e8s une \u00e9limination au Masters 1000 de Miami en raison d&rsquo;une blessure, elle annonce son reto&#8230;<\/p>\n","protected":false},"author":3162,"featured_media":366709,"comment_status":"open","ping_status":"open","sticky":false,"template":"","format":"standard","meta":{"footnotes":""},"categories":[2593],"tags":[2663,2604,2605],"class_list":["post-220924","post","type-post","status-publish","format-standard","has-post-thumbnail","hentry","category-sport","tag-classement-wta","tag-ons-jabeur","tag-tennis"],"yoast_head":"<!-- This site is optimized with the Yoast SEO Premium plugin v27.4 (Yoast SEO v27.5) - https:\/\/yoast.com\/product\/yoast-seo-premium-wordpress\/ -->\n<title>Ons Jabeur gagne une place au classement WTA<\/title>\n<meta name=\"description\" content=\"Ons Jabeur progresse au classement WTA, se classant 29e mondiale. Apr\u00e8s une \u00e9limination au Masters 1000 de Miami en raison d&#039;une blessure, elle annonce son reto...\" \/>\n<link rel=\"canonical\" href=\"https:\/\/www.webdo.tn\/fr\/actualite\/sport\/ons-jabeur-gagne-une-place-au-classement-wta-2\/220924\/\" \/>\n<meta property=\"og:locale\" content=\"fr_FR\" \/>\n<meta property=\"og:type\" content=\"article\" \/>\n<meta property=\"og:title\" content=\"Ons Jabeur gagne une place au classement WTA\" \/>\n<meta property=\"og:description\" content=\"Ons Jabeur progresse au classement WTA, se classant 29e mondiale. Apr\u00e8s une \u00e9limination au Masters 1000 de Miami en raison d&#039;une blessure, elle annonce son reto...\" \/>\n<meta property=\"og:url\" content=\"https:\/\/www.webdo.tn\/fr\/actualite\/sport\/ons-jabeur-gagne-une-place-au-classement-wta-2\/220924\/\" \/>\n<meta property=\"og:site_name\" content=\"webdo\" \/>\n<meta property=\"article:publisher\" content=\"https:\/\/www.facebook.com\/webdotn\" \/>\n<meta property=\"article:published_time\" content=\"2025-03-31T09:11:00+00:00\" \/>\n<meta property=\"article:modified_time\" content=\"2025-06-04T18:07:55+00:00\" \/>\n<meta name=\"author\" content=\"MC\" \/>\n<meta name=\"twitter:card\" content=\"summary_large_image\" \/>\n<meta name=\"twitter:creator\" content=\"@webdo_tn\" \/>\n<meta name=\"twitter:site\" content=\"@webdo_tn\" \/>\n<meta name=\"twitter:label1\" content=\"\u00c9crit par\" \/>\n\t<meta name=\"twitter:data1\" content=\"MC\" \/>\n\t<meta name=\"twitter:label2\" content=\"Dur\u00e9e de lecture estim\u00e9e\" \/>\n\t<meta name=\"twitter:data2\" content=\"1 minute\" \/>\n<script type=\"application\/ld+json\" class=\"yoast-schema-graph\">{\"@context\":\"https:\\\/\\\/schema.org\",\"@graph\":[{\"@type\":\"NewsArticle\",\"@id\":\"https:\\\/\\\/www.webdo.tn\\\/fr\\\/actualite\\\/sport\\\/ons-jabeur-gagne-une-place-au-classement-wta-2\\\/220924\\\/#article\",\"isPartOf\":{\"@id\":\"https:\\\/\\\/www.webdo.tn\\\/fr\\\/actualite\\\/sport\\\/ons-jabeur-gagne-une-place-au-classement-wta-2\\\/220924\\\/\"},\"author\":{\"name\":\"MC\",\"@id\":\"https:\\\/\\\/www.webdo.tn\\\/fr\\\/#\\\/schema\\\/person\\\/2c4929cbf5a809e3bd38617c6ce150f6\"},\"headline\":\"Ons Jabeur gagne une place au classement WTA\",\"datePublished\":\"2025-03-31T09:11:00+00:00\",\"dateModified\":\"2025-06-04T18:07:55+00:00\",\"mainEntityOfPage\":{\"@id\":\"https:\\\/\\\/www.webdo.tn\\\/fr\\\/actualite\\\/sport\\\/ons-jabeur-gagne-une-place-au-classement-wta-2\\\/220924\\\/\"},\"wordCount\":140,\"commentCount\":0,\"publisher\":{\"@id\":\"https:\\\/\\\/www.webdo.tn\\\/fr\\\/#organization\"},\"image\":{\"@id\":\"https:\\\/\\\/www.webdo.tn\\\/fr\\\/actualite\\\/sport\\\/ons-jabeur-gagne-une-place-au-classement-wta-2\\\/220924\\\/#primaryimage\"},\"thumbnailUrl\":\"https:\\\/\\\/www.webdo.tn\\\/fr\\\/wp-content\\\/uploads\\\/2025\\\/06\\\/c8e3a36998e7f897bd754addb11a6efa_220924.webp\",\"keywords\":[\"classement wta\",\"Ons Jabeur\",\"tennis\"],\"articleSection\":[\"Sport\"],\"inLanguage\":\"fr-FR\"},{\"@type\":\"WebPage\",\"@id\":\"https:\\\/\\\/www.webdo.tn\\\/fr\\\/actualite\\\/sport\\\/ons-jabeur-gagne-une-place-au-classement-wta-2\\\/220924\\\/\",\"url\":\"https:\\\/\\\/www.webdo.tn\\\/fr\\\/actualite\\\/sport\\\/ons-jabeur-gagne-une-place-au-classement-wta-2\\\/220924\\\/\",\"name\":\"Ons Jabeur gagne une place au classement WTA\",\"isPartOf\":{\"@id\":\"https:\\\/\\\/www.webdo.tn\\\/fr\\\/#website\"},\"primaryImageOfPage\":{\"@id\":\"https:\\\/\\\/www.webdo.tn\\\/fr\\\/actualite\\\/sport\\\/ons-jabeur-gagne-une-place-au-classement-wta-2\\\/220924\\\/#primaryimage\"},\"image\":{\"@id\":\"https:\\\/\\\/www.webdo.tn\\\/fr\\\/actualite\\\/sport\\\/ons-jabeur-gagne-une-place-au-classement-wta-2\\\/220924\\\/#primaryimage\"},\"thumbnailUrl\":\"https:\\\/\\\/www.webdo.tn\\\/fr\\\/wp-content\\\/uploads\\\/2025\\\/06\\\/c8e3a36998e7f897bd754addb11a6efa_220924.webp\",\"datePublished\":\"2025-03-31T09:11:00+00:00\",\"dateModified\":\"2025-06-04T18:07:55+00:00\",\"description\":\"Ons Jabeur progresse au classement WTA, se classant 29e mondiale. Apr\u00e8s une \u00e9limination au Masters 1000 de Miami en raison d'une blessure, elle annonce son reto...\",\"breadcrumb\":{\"@id\":\"https:\\\/\\\/www.webdo.tn\\\/fr\\\/actualite\\\/sport\\\/ons-jabeur-gagne-une-place-au-classement-wta-2\\\/220924\\\/#breadcrumb\"},\"inLanguage\":\"fr-FR\",\"potentialAction\":[{\"@type\":\"ReadAction\",\"target\":[\"https:\\\/\\\/www.webdo.tn\\\/fr\\\/actualite\\\/sport\\\/ons-jabeur-gagne-une-place-au-classement-wta-2\\\/220924\\\/\"]}]},{\"@type\":\"ImageObject\",\"inLanguage\":\"fr-FR\",\"@id\":\"https:\\\/\\\/www.webdo.tn\\\/fr\\\/actualite\\\/sport\\\/ons-jabeur-gagne-une-place-au-classement-wta-2\\\/220924\\\/#primaryimage\",\"url\":\"https:\\\/\\\/www.webdo.tn\\\/fr\\\/wp-content\\\/uploads\\\/2025\\\/06\\\/c8e3a36998e7f897bd754addb11a6efa_220924.webp\",\"contentUrl\":\"https:\\\/\\\/www.webdo.tn\\\/fr\\\/wp-content\\\/uploads\\\/2025\\\/06\\\/c8e3a36998e7f897bd754addb11a6efa_220924.webp\",\"width\":750,\"height\":400,\"caption\":\"Ons Jabeur gagne une place au classement WTA\"},{\"@type\":\"BreadcrumbList\",\"@id\":\"https:\\\/\\\/www.webdo.tn\\\/fr\\\/actualite\\\/sport\\\/ons-jabeur-gagne-une-place-au-classement-wta-2\\\/220924\\\/#breadcrumb\",\"itemListElement\":[{\"@type\":\"ListItem\",\"position\":1,\"name\":\"Accueil\",\"item\":\"https:\\\/\\\/www.webdo.tn\\\/fr\\\/\"},{\"@type\":\"ListItem\",\"position\":2,\"name\":\"Ons Jabeur gagne une place au classement WTA\"}]},{\"@type\":\"WebSite\",\"@id\":\"https:\\\/\\\/www.webdo.tn\\\/fr\\\/#website\",\"url\":\"https:\\\/\\\/www.webdo.tn\\\/fr\\\/\",\"name\":\"webdo\",\"description\":\"Tunisie - News en Tunisie et \u00e0 l&#039;international sur Webdo.tn\",\"publisher\":{\"@id\":\"https:\\\/\\\/www.webdo.tn\\\/fr\\\/#organization\"},\"potentialAction\":[{\"@type\":\"SearchAction\",\"target\":{\"@type\":\"EntryPoint\",\"urlTemplate\":\"https:\\\/\\\/www.webdo.tn\\\/fr\\\/?s={search_term_string}\"},\"query-input\":{\"@type\":\"PropertyValueSpecification\",\"valueRequired\":true,\"valueName\":\"search_term_string\"}}],\"inLanguage\":\"fr-FR\"},{\"@type\":\"Organization\",\"@id\":\"https:\\\/\\\/www.webdo.tn\\\/fr\\\/#organization\",\"name\":\"Webdo\",\"alternateName\":\"Webdo.tn\",\"url\":\"https:\\\/\\\/www.webdo.tn\\\/fr\\\/\",\"logo\":{\"@type\":\"ImageObject\",\"inLanguage\":\"fr-FR\",\"@id\":\"https:\\\/\\\/www.webdo.tn\\\/fr\\\/#\\\/schema\\\/logo\\\/image\\\/\",\"url\":\"https:\\\/\\\/www.webdo.tn\\\/fr\\\/wp-content\\\/uploads\\\/2025\\\/06\\\/Webdo-Tunisie_168377.jpg\",\"contentUrl\":\"https:\\\/\\\/www.webdo.tn\\\/fr\\\/wp-content\\\/uploads\\\/2025\\\/06\\\/Webdo-Tunisie_168377.jpg\",\"width\":301,\"height\":301,\"caption\":\"Webdo\"},\"image\":{\"@id\":\"https:\\\/\\\/www.webdo.tn\\\/fr\\\/#\\\/schema\\\/logo\\\/image\\\/\"},\"sameAs\":[\"https:\\\/\\\/www.facebook.com\\\/webdotn\",\"https:\\\/\\\/x.com\\\/webdo_tn\"],\"description\":\"Webdo est un m\u00e9dia num\u00e9rique tunisien fond\u00e9 en 2010, sp\u00e9cialis\u00e9 dans l\u2019actualit\u00e9 nationale et internationale, l\u2019\u00e9conomie, la soci\u00e9t\u00e9 et les analyses politiques. Le site s\u2019adresse \u00e0 un large public francophone et couvre l\u2019information tunisienne en temps r\u00e9el.\",\"email\":\"redac@webdo.tn\",\"legalName\":\"YNJ SARL\",\"foundingDate\":\"2010-09-06\",\"numberOfEmployees\":{\"@type\":\"QuantitativeValue\",\"minValue\":\"11\",\"maxValue\":\"50\"}},{\"@type\":\"Person\",\"@id\":\"https:\\\/\\\/www.webdo.tn\\\/fr\\\/#\\\/schema\\\/person\\\/2c4929cbf5a809e3bd38617c6ce150f6\",\"name\":\"MC\",\"image\":{\"@type\":\"ImageObject\",\"inLanguage\":\"fr-FR\",\"@id\":\"https:\\\/\\\/secure.gravatar.com\\\/avatar\\\/a545bbb6f84efdd5553dbbc2895e3ca8f1d12c5215e00a041c9670b54aa9b18a?s=96&d=mm&r=g\",\"url\":\"https:\\\/\\\/secure.gravatar.com\\\/avatar\\\/a545bbb6f84efdd5553dbbc2895e3ca8f1d12c5215e00a041c9670b54aa9b18a?s=96&d=mm&r=g\",\"contentUrl\":\"https:\\\/\\\/secure.gravatar.com\\\/avatar\\\/a545bbb6f84efdd5553dbbc2895e3ca8f1d12c5215e00a041c9670b54aa9b18a?s=96&d=mm&r=g\",\"caption\":\"MC\"},\"url\":\"https:\\\/\\\/www.webdo.tn\\\/fr\\\/actualite\\\/author\\\/mc\\\/\"}]}<\/script>\n<!-- \/ Yoast SEO Premium plugin. -->","yoast_head_json":{"title":"Ons Jabeur gagne une place au classement WTA","description":"Ons Jabeur progresse au classement WTA, se classant 29e mondiale. Apr\u00e8s une \u00e9limination au Masters 1000 de Miami en raison d'une blessure, elle annonce son reto...","canonical":"https:\/\/www.webdo.tn\/fr\/actualite\/sport\/ons-jabeur-gagne-une-place-au-classement-wta-2\/220924\/","og_locale":"fr_FR","og_type":"article","og_title":"Ons Jabeur gagne une place au classement WTA","og_description":"Ons Jabeur progresse au classement WTA, se classant 29e mondiale. Apr\u00e8s une \u00e9limination au Masters 1000 de Miami en raison d'une blessure, elle annonce son reto...","og_url":"https:\/\/www.webdo.tn\/fr\/actualite\/sport\/ons-jabeur-gagne-une-place-au-classement-wta-2\/220924\/","og_site_name":"webdo","article_publisher":"https:\/\/www.facebook.com\/webdotn","article_published_time":"2025-03-31T09:11:00+00:00","article_modified_time":"2025-06-04T18:07:55+00:00","author":"MC","twitter_card":"summary_large_image","twitter_creator":"@webdo_tn","twitter_site":"@webdo_tn","twitter_misc":{"\u00c9crit par":"MC","Dur\u00e9e de lecture estim\u00e9e":"1 minute"},"schema":{"@context":"https:\/\/schema.org","@graph":[{"@type":"NewsArticle","@id":"https:\/\/www.webdo.tn\/fr\/actualite\/sport\/ons-jabeur-gagne-une-place-au-classement-wta-2\/220924\/#article","isPartOf":{"@id":"https:\/\/www.webdo.tn\/fr\/actualite\/sport\/ons-jabeur-gagne-une-place-au-classement-wta-2\/220924\/"},"author":{"name":"MC","@id":"https:\/\/www.webdo.tn\/fr\/#\/schema\/person\/2c4929cbf5a809e3bd38617c6ce150f6"},"headline":"Ons Jabeur gagne une place au classement WTA","datePublished":"2025-03-31T09:11:00+00:00","dateModified":"2025-06-04T18:07:55+00:00","mainEntityOfPage":{"@id":"https:\/\/www.webdo.tn\/fr\/actualite\/sport\/ons-jabeur-gagne-une-place-au-classement-wta-2\/220924\/"},"wordCount":140,"commentCount":0,"publisher":{"@id":"https:\/\/www.webdo.tn\/fr\/#organization"},"image":{"@id":"https:\/\/www.webdo.tn\/fr\/actualite\/sport\/ons-jabeur-gagne-une-place-au-classement-wta-2\/220924\/#primaryimage"},"thumbnailUrl":"https:\/\/www.webdo.tn\/fr\/wp-content\/uploads\/2025\/06\/c8e3a36998e7f897bd754addb11a6efa_220924.webp","keywords":["classement wta","Ons Jabeur","tennis"],"articleSection":["Sport"],"inLanguage":"fr-FR"},{"@type":"WebPage","@id":"https:\/\/www.webdo.tn\/fr\/actualite\/sport\/ons-jabeur-gagne-une-place-au-classement-wta-2\/220924\/","url":"https:\/\/www.webdo.tn\/fr\/actualite\/sport\/ons-jabeur-gagne-une-place-au-classement-wta-2\/220924\/","name":"Ons Jabeur gagne une place au classement WTA","isPartOf":{"@id":"https:\/\/www.webdo.tn\/fr\/#website"},"primaryImageOfPage":{"@id":"https:\/\/www.webdo.tn\/fr\/actualite\/sport\/ons-jabeur-gagne-une-place-au-classement-wta-2\/220924\/#primaryimage"},"image":{"@id":"https:\/\/www.webdo.tn\/fr\/actualite\/sport\/ons-jabeur-gagne-une-place-au-classement-wta-2\/220924\/#primaryimage"},"thumbnailUrl":"https:\/\/www.webdo.tn\/fr\/wp-content\/uploads\/2025\/06\/c8e3a36998e7f897bd754addb11a6efa_220924.webp","datePublished":"2025-03-31T09:11:00+00:00","dateModified":"2025-06-04T18:07:55+00:00","description":"Ons Jabeur progresse au classement WTA, se classant 29e mondiale. Apr\u00e8s une \u00e9limination au Masters 1000 de Miami en raison d'une blessure, elle annonce son reto...","breadcrumb":{"@id":"https:\/\/www.webdo.tn\/fr\/actualite\/sport\/ons-jabeur-gagne-une-place-au-classement-wta-2\/220924\/#breadcrumb"},"inLanguage":"fr-FR","potentialAction":[{"@type":"ReadAction","target":["https:\/\/www.webdo.tn\/fr\/actualite\/sport\/ons-jabeur-gagne-une-place-au-classement-wta-2\/220924\/"]}]},{"@type":"ImageObject","inLanguage":"fr-FR","@id":"https:\/\/www.webdo.tn\/fr\/actualite\/sport\/ons-jabeur-gagne-une-place-au-classement-wta-2\/220924\/#primaryimage","url":"https:\/\/www.webdo.tn\/fr\/wp-content\/uploads\/2025\/06\/c8e3a36998e7f897bd754addb11a6efa_220924.webp","contentUrl":"https:\/\/www.webdo.tn\/fr\/wp-content\/uploads\/2025\/06\/c8e3a36998e7f897bd754addb11a6efa_220924.webp","width":750,"height":400,"caption":"Ons Jabeur gagne une place au classement WTA"},{"@type":"BreadcrumbList","@id":"https:\/\/www.webdo.tn\/fr\/actualite\/sport\/ons-jabeur-gagne-une-place-au-classement-wta-2\/220924\/#breadcrumb","itemListElement":[{"@type":"ListItem","position":1,"name":"Accueil","item":"https:\/\/www.webdo.tn\/fr\/"},{"@type":"ListItem","position":2,"name":"Ons Jabeur gagne une place au classement WTA"}]},{"@type":"WebSite","@id":"https:\/\/www.webdo.tn\/fr\/#website","url":"https:\/\/www.webdo.tn\/fr\/","name":"webdo","description":"Tunisie - News en Tunisie et \u00e0 l&#039;international sur Webdo.tn","publisher":{"@id":"https:\/\/www.webdo.tn\/fr\/#organization"},"potentialAction":[{"@type":"SearchAction","target":{"@type":"EntryPoint","urlTemplate":"https:\/\/www.webdo.tn\/fr\/?s={search_term_string}"},"query-input":{"@type":"PropertyValueSpecification","valueRequired":true,"valueName":"search_term_string"}}],"inLanguage":"fr-FR"},{"@type":"Organization","@id":"https:\/\/www.webdo.tn\/fr\/#organization","name":"Webdo","alternateName":"Webdo.tn","url":"https:\/\/www.webdo.tn\/fr\/","logo":{"@type":"ImageObject","inLanguage":"fr-FR","@id":"https:\/\/www.webdo.tn\/fr\/#\/schema\/logo\/image\/","url":"https:\/\/www.webdo.tn\/fr\/wp-content\/uploads\/2025\/06\/Webdo-Tunisie_168377.jpg","contentUrl":"https:\/\/www.webdo.tn\/fr\/wp-content\/uploads\/2025\/06\/Webdo-Tunisie_168377.jpg","width":301,"height":301,"caption":"Webdo"},"image":{"@id":"https:\/\/www.webdo.tn\/fr\/#\/schema\/logo\/image\/"},"sameAs":["https:\/\/www.facebook.com\/webdotn","https:\/\/x.com\/webdo_tn"],"description":"Webdo est un m\u00e9dia num\u00e9rique tunisien fond\u00e9 en 2010, sp\u00e9cialis\u00e9 dans l\u2019actualit\u00e9 nationale et internationale, l\u2019\u00e9conomie, la soci\u00e9t\u00e9 et les analyses politiques. Le site s\u2019adresse \u00e0 un large public francophone et couvre l\u2019information tunisienne en temps r\u00e9el.","email":"redac@webdo.tn","legalName":"YNJ SARL","foundingDate":"2010-09-06","numberOfEmployees":{"@type":"QuantitativeValue","minValue":"11","maxValue":"50"}},{"@type":"Person","@id":"https:\/\/www.webdo.tn\/fr\/#\/schema\/person\/2c4929cbf5a809e3bd38617c6ce150f6","name":"MC","image":{"@type":"ImageObject","inLanguage":"fr-FR","@id":"https:\/\/secure.gravatar.com\/avatar\/a545bbb6f84efdd5553dbbc2895e3ca8f1d12c5215e00a041c9670b54aa9b18a?s=96&d=mm&r=g","url":"https:\/\/secure.gravatar.com\/avatar\/a545bbb6f84efdd5553dbbc2895e3ca8f1d12c5215e00a041c9670b54aa9b18a?s=96&d=mm&r=g","contentUrl":"https:\/\/secure.gravatar.com\/avatar\/a545bbb6f84efdd5553dbbc2895e3ca8f1d12c5215e00a041c9670b54aa9b18a?s=96&d=mm&r=g","caption":"MC"},"url":"https:\/\/www.webdo.tn\/fr\/actualite\/author\/mc\/"}]}},"_links":{"self":[{"href":"https:\/\/www.webdo.tn\/fr\/wp-json\/wp\/v2\/posts\/220924","targetHints":{"allow":["GET"]}}],"collection":[{"href":"https:\/\/www.webdo.tn\/fr\/wp-json\/wp\/v2\/posts"}],"about":[{"href":"https:\/\/www.webdo.tn\/fr\/wp-json\/wp\/v2\/types\/post"}],"author":[{"embeddable":true,"href":"https:\/\/www.webdo.tn\/fr\/wp-json\/wp\/v2\/users\/3162"}],"replies":[{"embeddable":true,"href":"https:\/\/www.webdo.tn\/fr\/wp-json\/wp\/v2\/comments?post=220924"}],"version-history":[{"count":0,"href":"https:\/\/www.webdo.tn\/fr\/wp-json\/wp\/v2\/posts\/220924\/revisions"}],"wp:featuredmedia":[{"embeddable":true,"href":"https:\/\/www.webdo.tn\/fr\/wp-json\/wp\/v2\/media\/366709"}],"wp:attachment":[{"href":"https:\/\/www.webdo.tn\/fr\/wp-json\/wp\/v2\/media?parent=220924"}],"wp:term":[{"taxonomy":"category","embeddable":true,"href":"https:\/\/www.webdo.tn\/fr\/wp-json\/wp\/v2\/categories?post=220924"},{"taxonomy":"post_tag","embeddable":true,"href":"https:\/\/www.webdo.tn\/fr\/wp-json\/wp\/v2\/tags?post=220924"}],"curies":[{"name":"wp","href":"https:\/\/api.w.org\/{rel}","templated":true}]}}