{"id":220923,"date":"2025-03-31T10:42:00","date_gmt":"2025-03-31T10:42:00","guid":{"rendered":"https:\/\/www.webdo.tn\/fr\/blog\/2025\/03\/31\/gaza-les-corps-de-15-secouristes-palestiniens-retrouves-a-rafah\/"},"modified":"2025-05-21T08:58:37","modified_gmt":"2025-05-21T08:58:37","slug":"gaza-les-corps-de-15-secouristes-palestiniens-retrouves-a-rafah","status":"publish","type":"post","link":"https:\/\/www.webdo.tn\/fr\/actualite\/international\/gaza-les-corps-de-15-secouristes-palestiniens-retrouves-a-rafah\/220923\/","title":{"rendered":"Gaza : Les corps de 15 secouristes palestiniens retrouv\u00e9s \u00e0 Rafah"},"content":{"rendered":"<p>Dimanche 30 mars, apr\u00e8s une semaine de recherches, les corps des quinze secouristes palestiniens disparus le 23 mars ont \u00e9t\u00e9 retrouv\u00e9s \u00e0 Rafah, dans le sud de Gaza.<\/p>\n<p>\t\t\t\t\t\t\t\t\tCes secouristes, membres du Croissant-Rouge et de la D\u00e9fense civile, avaient \u00e9t\u00e9 vis\u00e9s par l&rsquo;arm\u00e9e isra\u00e9lienne pendant une mission de secours, apr\u00e8s des bombardements isra\u00e9liens dans la r\u00e9gion. L&rsquo;arm\u00e9e isra\u00e9lienne a reconnu avoir ouvert le feu sur des ambulances, les jugeant \u00ab\u00a0suspectes\u00a0\u00bb dans le cadre d&rsquo;une op\u00e9ration contre le Hamas.<\/p>\n<p>Les secouristes ont \u00e9t\u00e9 tu\u00e9s dans le quartier de Tal al-Sultan \u00e0 Rafah, o\u00f9 les frappes isra\u00e9liennes ont repris apr\u00e8s la rupture de la tr\u00eave en mars. Les corps ont \u00e9t\u00e9 retrouv\u00e9s dans un \u00e9tat d\u00e9plorable, certains enterr\u00e9s sous le sable. Huit secouristes ont \u00e9t\u00e9 identifi\u00e9s comme membres du Croissant-Rouge, cinq de la D\u00e9fense civile, et un travaillait pour une agence de l&rsquo;ONU.<\/p>\n<p>Ce drame survient pendant l&rsquo;A\u00efd-el-Fitr, une p\u00e9riode de f\u00eate, mais \u00e0 Gaza, c&rsquo;est la mort qui domine. Le Croissant-Rouge palestinien a d\u00e9nonc\u00e9 un \u00ab\u00a0crime de guerre\u00a0\u00bb et la F\u00e9d\u00e9ration internationale des Soci\u00e9t\u00e9s de la Croix-Rouge et du Croissant-Rouge a exprim\u00e9 son \u00ab\u00a0outrage\u00a0\u00bb face \u00e0 cette trag\u00e9die. La violence continue \u00e0 Gaza, avec de nombreuses victimes civiles, dont huit personnes tu\u00e9es dans un bombardement isra\u00e9lien \u00e0 Gaza-ville le 29 mars.<\/p>\n<p>L&rsquo;ONU et plusieurs organisations humanitaires appellent \u00e0 la fin de cette violence, soulignant la protection insuffisante des travailleurs humanitaires en temps de guerre.<\/p>\n","protected":false},"excerpt":{"rendered":"<p>Les corps de 15 secouristes palestiniens tu\u00e9s par l\u2019arm\u00e9e isra\u00e9lienne \u00e0 Rafah ont \u00e9t\u00e9 retrouv\u00e9s apr\u00e8s une semaine de recherches. Cette trag\u00e9die survient au c\u0153ur&#8230;<\/p>\n","protected":false},"author":3166,"featured_media":241396,"comment_status":"open","ping_status":"open","sticky":false,"template":"","format":"standard","meta":{"footnotes":""},"categories":[2598],"tags":[3421,3423,2689,3422],"class_list":["post-220923","post","type-post","status-publish","format-standard","has-post-thumbnail","hentry","category-international","tag-crime-de-guerre","tag-croissant-rouge","tag-gaza","tag-rafah"],"yoast_head":"<!-- This site is optimized with the Yoast SEO Premium plugin v27.5 (Yoast SEO v27.5) - https:\/\/yoast.com\/product\/yoast-seo-premium-wordpress\/ -->\n<title>Gaza : Les corps de 15 secouristes palestiniens retrouv\u00e9s \u00e0 Rafah<\/title>\n<meta name=\"description\" content=\"Les corps de 15 secouristes palestiniens tu\u00e9s par l\u2019arm\u00e9e isra\u00e9lienne \u00e0 Rafah ont \u00e9t\u00e9 retrouv\u00e9s apr\u00e8s une semaine de recherches. Cette trag\u00e9die survient au c\u0153ur...\" \/>\n<link rel=\"canonical\" href=\"https:\/\/www.webdo.tn\/fr\/actualite\/international\/gaza-les-corps-de-15-secouristes-palestiniens-retrouves-a-rafah\/220923\/\" \/>\n<meta property=\"og:locale\" content=\"fr_FR\" \/>\n<meta property=\"og:type\" content=\"article\" \/>\n<meta property=\"og:title\" content=\"Gaza : Les corps de 15 secouristes palestiniens retrouv\u00e9s \u00e0 Rafah\" \/>\n<meta property=\"og:description\" content=\"Les corps de 15 secouristes palestiniens tu\u00e9s par l\u2019arm\u00e9e isra\u00e9lienne \u00e0 Rafah ont \u00e9t\u00e9 retrouv\u00e9s apr\u00e8s une semaine de recherches. Cette trag\u00e9die survient au c\u0153ur...\" \/>\n<meta property=\"og:url\" content=\"https:\/\/www.webdo.tn\/fr\/actualite\/international\/gaza-les-corps-de-15-secouristes-palestiniens-retrouves-a-rafah\/220923\/\" \/>\n<meta property=\"og:site_name\" content=\"webdo\" \/>\n<meta property=\"article:publisher\" content=\"https:\/\/www.facebook.com\/webdotn\" \/>\n<meta property=\"article:published_time\" content=\"2025-03-31T10:42:00+00:00\" \/>\n<meta property=\"article:modified_time\" content=\"2025-05-21T08:58:37+00:00\" \/>\n<meta property=\"og:image\" content=\"https:\/\/www.webdo.tn\/fr\/wp-content\/uploads\/2025\/05\/8e723b592012cde6e2567def02417ae2-3.webp\" \/>\n\t<meta property=\"og:image:width\" content=\"750\" \/>\n\t<meta property=\"og:image:height\" content=\"400\" \/>\n\t<meta property=\"og:image:type\" content=\"image\/webp\" \/>\n<meta name=\"author\" content=\"AZ\" \/>\n<meta name=\"twitter:card\" content=\"summary_large_image\" \/>\n<meta name=\"twitter:creator\" content=\"@webdo_tn\" \/>\n<meta name=\"twitter:site\" content=\"@webdo_tn\" \/>\n<meta name=\"twitter:label1\" content=\"\u00c9crit par\" \/>\n\t<meta name=\"twitter:data1\" content=\"AZ\" \/>\n\t<meta name=\"twitter:label2\" content=\"Dur\u00e9e de lecture estim\u00e9e\" \/>\n\t<meta name=\"twitter:data2\" content=\"1 minute\" \/>\n<script type=\"application\/ld+json\" class=\"yoast-schema-graph\">{\"@context\":\"https:\\\/\\\/schema.org\",\"@graph\":[{\"@type\":\"NewsArticle\",\"@id\":\"https:\\\/\\\/www.webdo.tn\\\/fr\\\/actualite\\\/international\\\/gaza-les-corps-de-15-secouristes-palestiniens-retrouves-a-rafah\\\/220923\\\/#article\",\"isPartOf\":{\"@id\":\"https:\\\/\\\/www.webdo.tn\\\/fr\\\/actualite\\\/international\\\/gaza-les-corps-de-15-secouristes-palestiniens-retrouves-a-rafah\\\/220923\\\/\"},\"author\":{\"name\":\"AZ\",\"@id\":\"https:\\\/\\\/www.webdo.tn\\\/fr\\\/#\\\/schema\\\/person\\\/b8a41c04d93287d375510db360906b34\"},\"headline\":\"Gaza : Les corps de 15 secouristes palestiniens retrouv\u00e9s \u00e0 Rafah\",\"datePublished\":\"2025-03-31T10:42:00+00:00\",\"dateModified\":\"2025-05-21T08:58:37+00:00\",\"mainEntityOfPage\":{\"@id\":\"https:\\\/\\\/www.webdo.tn\\\/fr\\\/actualite\\\/international\\\/gaza-les-corps-de-15-secouristes-palestiniens-retrouves-a-rafah\\\/220923\\\/\"},\"wordCount\":271,\"commentCount\":0,\"publisher\":{\"@id\":\"https:\\\/\\\/www.webdo.tn\\\/fr\\\/#organization\"},\"image\":{\"@id\":\"https:\\\/\\\/www.webdo.tn\\\/fr\\\/actualite\\\/international\\\/gaza-les-corps-de-15-secouristes-palestiniens-retrouves-a-rafah\\\/220923\\\/#primaryimage\"},\"thumbnailUrl\":\"https:\\\/\\\/www.webdo.tn\\\/fr\\\/wp-content\\\/uploads\\\/2025\\\/05\\\/8e723b592012cde6e2567def02417ae2-3.webp\",\"keywords\":[\"crime de guerre\",\"croissant-rouge\",\"Gaza\",\"rafah\"],\"articleSection\":[\"International\"],\"inLanguage\":\"fr-FR\"},{\"@type\":\"WebPage\",\"@id\":\"https:\\\/\\\/www.webdo.tn\\\/fr\\\/actualite\\\/international\\\/gaza-les-corps-de-15-secouristes-palestiniens-retrouves-a-rafah\\\/220923\\\/\",\"url\":\"https:\\\/\\\/www.webdo.tn\\\/fr\\\/actualite\\\/international\\\/gaza-les-corps-de-15-secouristes-palestiniens-retrouves-a-rafah\\\/220923\\\/\",\"name\":\"Gaza : Les corps de 15 secouristes palestiniens retrouv\u00e9s \u00e0 Rafah\",\"isPartOf\":{\"@id\":\"https:\\\/\\\/www.webdo.tn\\\/fr\\\/#website\"},\"primaryImageOfPage\":{\"@id\":\"https:\\\/\\\/www.webdo.tn\\\/fr\\\/actualite\\\/international\\\/gaza-les-corps-de-15-secouristes-palestiniens-retrouves-a-rafah\\\/220923\\\/#primaryimage\"},\"image\":{\"@id\":\"https:\\\/\\\/www.webdo.tn\\\/fr\\\/actualite\\\/international\\\/gaza-les-corps-de-15-secouristes-palestiniens-retrouves-a-rafah\\\/220923\\\/#primaryimage\"},\"thumbnailUrl\":\"https:\\\/\\\/www.webdo.tn\\\/fr\\\/wp-content\\\/uploads\\\/2025\\\/05\\\/8e723b592012cde6e2567def02417ae2-3.webp\",\"datePublished\":\"2025-03-31T10:42:00+00:00\",\"dateModified\":\"2025-05-21T08:58:37+00:00\",\"description\":\"Les corps de 15 secouristes palestiniens tu\u00e9s par l\u2019arm\u00e9e isra\u00e9lienne \u00e0 Rafah ont \u00e9t\u00e9 retrouv\u00e9s apr\u00e8s une semaine de recherches. Cette trag\u00e9die survient au c\u0153ur...\",\"breadcrumb\":{\"@id\":\"https:\\\/\\\/www.webdo.tn\\\/fr\\\/actualite\\\/international\\\/gaza-les-corps-de-15-secouristes-palestiniens-retrouves-a-rafah\\\/220923\\\/#breadcrumb\"},\"inLanguage\":\"fr-FR\",\"potentialAction\":[{\"@type\":\"ReadAction\",\"target\":[\"https:\\\/\\\/www.webdo.tn\\\/fr\\\/actualite\\\/international\\\/gaza-les-corps-de-15-secouristes-palestiniens-retrouves-a-rafah\\\/220923\\\/\"]}]},{\"@type\":\"ImageObject\",\"inLanguage\":\"fr-FR\",\"@id\":\"https:\\\/\\\/www.webdo.tn\\\/fr\\\/actualite\\\/international\\\/gaza-les-corps-de-15-secouristes-palestiniens-retrouves-a-rafah\\\/220923\\\/#primaryimage\",\"url\":\"https:\\\/\\\/www.webdo.tn\\\/fr\\\/wp-content\\\/uploads\\\/2025\\\/05\\\/8e723b592012cde6e2567def02417ae2-3.webp\",\"contentUrl\":\"https:\\\/\\\/www.webdo.tn\\\/fr\\\/wp-content\\\/uploads\\\/2025\\\/05\\\/8e723b592012cde6e2567def02417ae2-3.webp\",\"width\":750,\"height\":400},{\"@type\":\"BreadcrumbList\",\"@id\":\"https:\\\/\\\/www.webdo.tn\\\/fr\\\/actualite\\\/international\\\/gaza-les-corps-de-15-secouristes-palestiniens-retrouves-a-rafah\\\/220923\\\/#breadcrumb\",\"itemListElement\":[{\"@type\":\"ListItem\",\"position\":1,\"name\":\"Accueil\",\"item\":\"https:\\\/\\\/www.webdo.tn\\\/fr\\\/\"},{\"@type\":\"ListItem\",\"position\":2,\"name\":\"Gaza : Les corps de 15 secouristes palestiniens retrouv\u00e9s \u00e0 Rafah\"}]},{\"@type\":\"WebSite\",\"@id\":\"https:\\\/\\\/www.webdo.tn\\\/fr\\\/#website\",\"url\":\"https:\\\/\\\/www.webdo.tn\\\/fr\\\/\",\"name\":\"webdo\",\"description\":\"Tunisie - News en Tunisie et \u00e0 l&#039;international sur Webdo.tn\",\"publisher\":{\"@id\":\"https:\\\/\\\/www.webdo.tn\\\/fr\\\/#organization\"},\"potentialAction\":[{\"@type\":\"SearchAction\",\"target\":{\"@type\":\"EntryPoint\",\"urlTemplate\":\"https:\\\/\\\/www.webdo.tn\\\/fr\\\/?s={search_term_string}\"},\"query-input\":{\"@type\":\"PropertyValueSpecification\",\"valueRequired\":true,\"valueName\":\"search_term_string\"}}],\"inLanguage\":\"fr-FR\"},{\"@type\":\"Organization\",\"@id\":\"https:\\\/\\\/www.webdo.tn\\\/fr\\\/#organization\",\"name\":\"Webdo\",\"alternateName\":\"Webdo.tn\",\"url\":\"https:\\\/\\\/www.webdo.tn\\\/fr\\\/\",\"logo\":{\"@type\":\"ImageObject\",\"inLanguage\":\"fr-FR\",\"@id\":\"https:\\\/\\\/www.webdo.tn\\\/fr\\\/#\\\/schema\\\/logo\\\/image\\\/\",\"url\":\"https:\\\/\\\/www.webdo.tn\\\/fr\\\/wp-content\\\/uploads\\\/2025\\\/06\\\/Webdo-Tunisie_168377.jpg\",\"contentUrl\":\"https:\\\/\\\/www.webdo.tn\\\/fr\\\/wp-content\\\/uploads\\\/2025\\\/06\\\/Webdo-Tunisie_168377.jpg\",\"width\":301,\"height\":301,\"caption\":\"Webdo\"},\"image\":{\"@id\":\"https:\\\/\\\/www.webdo.tn\\\/fr\\\/#\\\/schema\\\/logo\\\/image\\\/\"},\"sameAs\":[\"https:\\\/\\\/www.facebook.com\\\/webdotn\",\"https:\\\/\\\/x.com\\\/webdo_tn\"],\"description\":\"Webdo est un m\u00e9dia num\u00e9rique tunisien fond\u00e9 en 2010, sp\u00e9cialis\u00e9 dans l\u2019actualit\u00e9 nationale et internationale, l\u2019\u00e9conomie, la soci\u00e9t\u00e9 et les analyses politiques. Le site s\u2019adresse \u00e0 un large public francophone et couvre l\u2019information tunisienne en temps r\u00e9el.\",\"email\":\"redac@webdo.tn\",\"legalName\":\"YNJ SARL\",\"foundingDate\":\"2010-09-06\",\"numberOfEmployees\":{\"@type\":\"QuantitativeValue\",\"minValue\":\"11\",\"maxValue\":\"50\"}},{\"@type\":\"Person\",\"@id\":\"https:\\\/\\\/www.webdo.tn\\\/fr\\\/#\\\/schema\\\/person\\\/b8a41c04d93287d375510db360906b34\",\"name\":\"AZ\",\"image\":{\"@type\":\"ImageObject\",\"inLanguage\":\"fr-FR\",\"@id\":\"https:\\\/\\\/secure.gravatar.com\\\/avatar\\\/492b80bada79439de4201dce15cd41eece6c277cfdf1b53382073c79105c1f89?s=96&d=mm&r=g\",\"url\":\"https:\\\/\\\/secure.gravatar.com\\\/avatar\\\/492b80bada79439de4201dce15cd41eece6c277cfdf1b53382073c79105c1f89?s=96&d=mm&r=g\",\"contentUrl\":\"https:\\\/\\\/secure.gravatar.com\\\/avatar\\\/492b80bada79439de4201dce15cd41eece6c277cfdf1b53382073c79105c1f89?s=96&d=mm&r=g\",\"caption\":\"AZ\"},\"url\":\"https:\\\/\\\/www.webdo.tn\\\/fr\\\/actualite\\\/author\\\/az\\\/\"}]}<\/script>\n<!-- \/ Yoast SEO Premium plugin. -->","yoast_head_json":{"title":"Gaza : Les corps de 15 secouristes palestiniens retrouv\u00e9s \u00e0 Rafah","description":"Les corps de 15 secouristes palestiniens tu\u00e9s par l\u2019arm\u00e9e isra\u00e9lienne \u00e0 Rafah ont \u00e9t\u00e9 retrouv\u00e9s apr\u00e8s une semaine de recherches. Cette trag\u00e9die survient au c\u0153ur...","canonical":"https:\/\/www.webdo.tn\/fr\/actualite\/international\/gaza-les-corps-de-15-secouristes-palestiniens-retrouves-a-rafah\/220923\/","og_locale":"fr_FR","og_type":"article","og_title":"Gaza : Les corps de 15 secouristes palestiniens retrouv\u00e9s \u00e0 Rafah","og_description":"Les corps de 15 secouristes palestiniens tu\u00e9s par l\u2019arm\u00e9e isra\u00e9lienne \u00e0 Rafah ont \u00e9t\u00e9 retrouv\u00e9s apr\u00e8s une semaine de recherches. Cette trag\u00e9die survient au c\u0153ur...","og_url":"https:\/\/www.webdo.tn\/fr\/actualite\/international\/gaza-les-corps-de-15-secouristes-palestiniens-retrouves-a-rafah\/220923\/","og_site_name":"webdo","article_publisher":"https:\/\/www.facebook.com\/webdotn","article_published_time":"2025-03-31T10:42:00+00:00","article_modified_time":"2025-05-21T08:58:37+00:00","og_image":[{"width":750,"height":400,"url":"https:\/\/www.webdo.tn\/fr\/wp-content\/uploads\/2025\/05\/8e723b592012cde6e2567def02417ae2-3.webp","type":"image\/webp"}],"author":"AZ","twitter_card":"summary_large_image","twitter_creator":"@webdo_tn","twitter_site":"@webdo_tn","twitter_misc":{"\u00c9crit par":"AZ","Dur\u00e9e de lecture estim\u00e9e":"1 minute"},"schema":{"@context":"https:\/\/schema.org","@graph":[{"@type":"NewsArticle","@id":"https:\/\/www.webdo.tn\/fr\/actualite\/international\/gaza-les-corps-de-15-secouristes-palestiniens-retrouves-a-rafah\/220923\/#article","isPartOf":{"@id":"https:\/\/www.webdo.tn\/fr\/actualite\/international\/gaza-les-corps-de-15-secouristes-palestiniens-retrouves-a-rafah\/220923\/"},"author":{"name":"AZ","@id":"https:\/\/www.webdo.tn\/fr\/#\/schema\/person\/b8a41c04d93287d375510db360906b34"},"headline":"Gaza : Les corps de 15 secouristes palestiniens retrouv\u00e9s \u00e0 Rafah","datePublished":"2025-03-31T10:42:00+00:00","dateModified":"2025-05-21T08:58:37+00:00","mainEntityOfPage":{"@id":"https:\/\/www.webdo.tn\/fr\/actualite\/international\/gaza-les-corps-de-15-secouristes-palestiniens-retrouves-a-rafah\/220923\/"},"wordCount":271,"commentCount":0,"publisher":{"@id":"https:\/\/www.webdo.tn\/fr\/#organization"},"image":{"@id":"https:\/\/www.webdo.tn\/fr\/actualite\/international\/gaza-les-corps-de-15-secouristes-palestiniens-retrouves-a-rafah\/220923\/#primaryimage"},"thumbnailUrl":"https:\/\/www.webdo.tn\/fr\/wp-content\/uploads\/2025\/05\/8e723b592012cde6e2567def02417ae2-3.webp","keywords":["crime de guerre","croissant-rouge","Gaza","rafah"],"articleSection":["International"],"inLanguage":"fr-FR"},{"@type":"WebPage","@id":"https:\/\/www.webdo.tn\/fr\/actualite\/international\/gaza-les-corps-de-15-secouristes-palestiniens-retrouves-a-rafah\/220923\/","url":"https:\/\/www.webdo.tn\/fr\/actualite\/international\/gaza-les-corps-de-15-secouristes-palestiniens-retrouves-a-rafah\/220923\/","name":"Gaza : Les corps de 15 secouristes palestiniens retrouv\u00e9s \u00e0 Rafah","isPartOf":{"@id":"https:\/\/www.webdo.tn\/fr\/#website"},"primaryImageOfPage":{"@id":"https:\/\/www.webdo.tn\/fr\/actualite\/international\/gaza-les-corps-de-15-secouristes-palestiniens-retrouves-a-rafah\/220923\/#primaryimage"},"image":{"@id":"https:\/\/www.webdo.tn\/fr\/actualite\/international\/gaza-les-corps-de-15-secouristes-palestiniens-retrouves-a-rafah\/220923\/#primaryimage"},"thumbnailUrl":"https:\/\/www.webdo.tn\/fr\/wp-content\/uploads\/2025\/05\/8e723b592012cde6e2567def02417ae2-3.webp","datePublished":"2025-03-31T10:42:00+00:00","dateModified":"2025-05-21T08:58:37+00:00","description":"Les corps de 15 secouristes palestiniens tu\u00e9s par l\u2019arm\u00e9e isra\u00e9lienne \u00e0 Rafah ont \u00e9t\u00e9 retrouv\u00e9s apr\u00e8s une semaine de recherches. Cette trag\u00e9die survient au c\u0153ur...","breadcrumb":{"@id":"https:\/\/www.webdo.tn\/fr\/actualite\/international\/gaza-les-corps-de-15-secouristes-palestiniens-retrouves-a-rafah\/220923\/#breadcrumb"},"inLanguage":"fr-FR","potentialAction":[{"@type":"ReadAction","target":["https:\/\/www.webdo.tn\/fr\/actualite\/international\/gaza-les-corps-de-15-secouristes-palestiniens-retrouves-a-rafah\/220923\/"]}]},{"@type":"ImageObject","inLanguage":"fr-FR","@id":"https:\/\/www.webdo.tn\/fr\/actualite\/international\/gaza-les-corps-de-15-secouristes-palestiniens-retrouves-a-rafah\/220923\/#primaryimage","url":"https:\/\/www.webdo.tn\/fr\/wp-content\/uploads\/2025\/05\/8e723b592012cde6e2567def02417ae2-3.webp","contentUrl":"https:\/\/www.webdo.tn\/fr\/wp-content\/uploads\/2025\/05\/8e723b592012cde6e2567def02417ae2-3.webp","width":750,"height":400},{"@type":"BreadcrumbList","@id":"https:\/\/www.webdo.tn\/fr\/actualite\/international\/gaza-les-corps-de-15-secouristes-palestiniens-retrouves-a-rafah\/220923\/#breadcrumb","itemListElement":[{"@type":"ListItem","position":1,"name":"Accueil","item":"https:\/\/www.webdo.tn\/fr\/"},{"@type":"ListItem","position":2,"name":"Gaza : Les corps de 15 secouristes palestiniens retrouv\u00e9s \u00e0 Rafah"}]},{"@type":"WebSite","@id":"https:\/\/www.webdo.tn\/fr\/#website","url":"https:\/\/www.webdo.tn\/fr\/","name":"webdo","description":"Tunisie - News en Tunisie et \u00e0 l&#039;international sur Webdo.tn","publisher":{"@id":"https:\/\/www.webdo.tn\/fr\/#organization"},"potentialAction":[{"@type":"SearchAction","target":{"@type":"EntryPoint","urlTemplate":"https:\/\/www.webdo.tn\/fr\/?s={search_term_string}"},"query-input":{"@type":"PropertyValueSpecification","valueRequired":true,"valueName":"search_term_string"}}],"inLanguage":"fr-FR"},{"@type":"Organization","@id":"https:\/\/www.webdo.tn\/fr\/#organization","name":"Webdo","alternateName":"Webdo.tn","url":"https:\/\/www.webdo.tn\/fr\/","logo":{"@type":"ImageObject","inLanguage":"fr-FR","@id":"https:\/\/www.webdo.tn\/fr\/#\/schema\/logo\/image\/","url":"https:\/\/www.webdo.tn\/fr\/wp-content\/uploads\/2025\/06\/Webdo-Tunisie_168377.jpg","contentUrl":"https:\/\/www.webdo.tn\/fr\/wp-content\/uploads\/2025\/06\/Webdo-Tunisie_168377.jpg","width":301,"height":301,"caption":"Webdo"},"image":{"@id":"https:\/\/www.webdo.tn\/fr\/#\/schema\/logo\/image\/"},"sameAs":["https:\/\/www.facebook.com\/webdotn","https:\/\/x.com\/webdo_tn"],"description":"Webdo est un m\u00e9dia num\u00e9rique tunisien fond\u00e9 en 2010, sp\u00e9cialis\u00e9 dans l\u2019actualit\u00e9 nationale et internationale, l\u2019\u00e9conomie, la soci\u00e9t\u00e9 et les analyses politiques. Le site s\u2019adresse \u00e0 un large public francophone et couvre l\u2019information tunisienne en temps r\u00e9el.","email":"redac@webdo.tn","legalName":"YNJ SARL","foundingDate":"2010-09-06","numberOfEmployees":{"@type":"QuantitativeValue","minValue":"11","maxValue":"50"}},{"@type":"Person","@id":"https:\/\/www.webdo.tn\/fr\/#\/schema\/person\/b8a41c04d93287d375510db360906b34","name":"AZ","image":{"@type":"ImageObject","inLanguage":"fr-FR","@id":"https:\/\/secure.gravatar.com\/avatar\/492b80bada79439de4201dce15cd41eece6c277cfdf1b53382073c79105c1f89?s=96&d=mm&r=g","url":"https:\/\/secure.gravatar.com\/avatar\/492b80bada79439de4201dce15cd41eece6c277cfdf1b53382073c79105c1f89?s=96&d=mm&r=g","contentUrl":"https:\/\/secure.gravatar.com\/avatar\/492b80bada79439de4201dce15cd41eece6c277cfdf1b53382073c79105c1f89?s=96&d=mm&r=g","caption":"AZ"},"url":"https:\/\/www.webdo.tn\/fr\/actualite\/author\/az\/"}]}},"_links":{"self":[{"href":"https:\/\/www.webdo.tn\/fr\/wp-json\/wp\/v2\/posts\/220923","targetHints":{"allow":["GET"]}}],"collection":[{"href":"https:\/\/www.webdo.tn\/fr\/wp-json\/wp\/v2\/posts"}],"about":[{"href":"https:\/\/www.webdo.tn\/fr\/wp-json\/wp\/v2\/types\/post"}],"author":[{"embeddable":true,"href":"https:\/\/www.webdo.tn\/fr\/wp-json\/wp\/v2\/users\/3166"}],"replies":[{"embeddable":true,"href":"https:\/\/www.webdo.tn\/fr\/wp-json\/wp\/v2\/comments?post=220923"}],"version-history":[{"count":0,"href":"https:\/\/www.webdo.tn\/fr\/wp-json\/wp\/v2\/posts\/220923\/revisions"}],"wp:featuredmedia":[{"embeddable":true,"href":"https:\/\/www.webdo.tn\/fr\/wp-json\/wp\/v2\/media\/241396"}],"wp:attachment":[{"href":"https:\/\/www.webdo.tn\/fr\/wp-json\/wp\/v2\/media?parent=220923"}],"wp:term":[{"taxonomy":"category","embeddable":true,"href":"https:\/\/www.webdo.tn\/fr\/wp-json\/wp\/v2\/categories?post=220923"},{"taxonomy":"post_tag","embeddable":true,"href":"https:\/\/www.webdo.tn\/fr\/wp-json\/wp\/v2\/tags?post=220923"}],"curies":[{"name":"wp","href":"https:\/\/api.w.org\/{rel}","templated":true}]}}