{"id":220922,"date":"2025-03-31T10:08:00","date_gmt":"2025-03-31T10:08:00","guid":{"rendered":"https:\/\/www.webdo.tn\/fr\/blog\/2025\/03\/31\/tunisie-meteo-l-aid-el-fitr-sous-le-signe-de-la-pluie-et-du-vent\/"},"modified":"2025-05-21T08:58:37","modified_gmt":"2025-05-21T08:58:37","slug":"tunisie-meteo-l-aid-el-fitr-sous-le-signe-de-la-pluie-et-du-vent","status":"publish","type":"post","link":"https:\/\/www.webdo.tn\/fr\/actualite\/national\/tunisie-meteo-l-aid-el-fitr-sous-le-signe-de-la-pluie-et-du-vent\/220922\/","title":{"rendered":"Tunisie &#8211; m\u00e9t\u00e9o : l&rsquo;A\u00efd-el-Fitr sous le signe de la pluie et du vent"},"content":{"rendered":"<p>En ce premier jour de l&rsquo;A\u00efd-el-Fitr, l&rsquo;Institut National de la M\u00e9t\u00e9orologie pr\u00e9voit  un temps instable, avec des nuages denses et des pluies \u00e9parses sur le nord-ouest du pays d\u00e8s le matin.<\/p>\n<p>\t\t\t\t\t\t\t\t\tCes pr\u00e9cipitations se g\u00e9n\u00e9raliseront progressivement l&rsquo;apr\u00e8s-midi, touchant l&rsquo;ensemble du nord et, localement, la r\u00e9gion c\u00f4ti\u00e8re. Des orages ponctuels sont attendus, tandis que le reste du pays restera sous un ciel partiellement nuageux.<\/p>\n<p>Le vent soufflera fort du nord-ouest, avec des rafales violentes sur le nord et le centre. Dans le sud, il sera mod\u00e9r\u00e9, mais pourrait soulever des poussi\u00e8res dans certaines zones.<\/p>\n<p>En mer, la situation sera agit\u00e9e, avec des vagues particuli\u00e8rement fortes le long des c\u00f4tes. Les conditions seront difficiles pour la navigation.<\/p>\n<p>Les temp\u00e9ratures maximales varieront entre 15 et 20\u00b0C dans le nord et le centre, 12\u00b0C dans les montagnes, et entre 21 et 26\u00b0C dans le sud.<\/p>\n","protected":false},"excerpt":{"rendered":"<p>M\u00e9t\u00e9o du 31 mars 2025 : pluies et orages dans le nord, vent fort et conditions maritimes difficiles. Temp\u00e9ratures entre 12 et 26\u00b0C selon les r\u00e9gions.<\/p>\n","protected":false},"author":3166,"featured_media":241394,"comment_status":"open","ping_status":"open","sticky":false,"template":"","format":"standard","meta":{"footnotes":""},"categories":[44],"tags":[3420,2670,2671,2608,3363],"class_list":["post-220922","post","type-post","status-publish","format-standard","has-post-thumbnail","hentry","category-national","tag-aid-el-fitr","tag-meteo","tag-pluie","tag-tunisie","tag-vent"],"yoast_head":"<!-- This site is optimized with the Yoast SEO Premium plugin v27.5 (Yoast SEO v27.5) - https:\/\/yoast.com\/product\/yoast-seo-premium-wordpress\/ -->\n<title>Tunisie - m\u00e9t\u00e9o : l&#039;A\u00efd-el-Fitr sous le signe de la pluie et du vent<\/title>\n<meta name=\"description\" content=\"M\u00e9t\u00e9o du 31 mars 2025 : pluies et orages dans le nord, vent fort et conditions maritimes difficiles. Temp\u00e9ratures entre 12 et 26\u00b0C selon les r\u00e9gions.\" \/>\n<link rel=\"canonical\" href=\"https:\/\/www.webdo.tn\/fr\/actualite\/national\/tunisie-meteo-l-aid-el-fitr-sous-le-signe-de-la-pluie-et-du-vent\/220922\/\" \/>\n<meta property=\"og:locale\" content=\"fr_FR\" \/>\n<meta property=\"og:type\" content=\"article\" \/>\n<meta property=\"og:title\" content=\"Tunisie - m\u00e9t\u00e9o : l&#039;A\u00efd-el-Fitr sous le signe de la pluie et du vent\" \/>\n<meta property=\"og:description\" content=\"M\u00e9t\u00e9o du 31 mars 2025 : pluies et orages dans le nord, vent fort et conditions maritimes difficiles. Temp\u00e9ratures entre 12 et 26\u00b0C selon les r\u00e9gions.\" \/>\n<meta property=\"og:url\" content=\"https:\/\/www.webdo.tn\/fr\/actualite\/national\/tunisie-meteo-l-aid-el-fitr-sous-le-signe-de-la-pluie-et-du-vent\/220922\/\" \/>\n<meta property=\"og:site_name\" content=\"webdo\" \/>\n<meta property=\"article:publisher\" content=\"https:\/\/www.facebook.com\/webdotn\" \/>\n<meta property=\"article:published_time\" content=\"2025-03-31T10:08:00+00:00\" \/>\n<meta property=\"article:modified_time\" content=\"2025-05-21T08:58:37+00:00\" \/>\n<meta property=\"og:image\" content=\"https:\/\/www.webdo.tn\/fr\/wp-content\/uploads\/2025\/05\/cfa5426306aa0a6b5f026d797b7604b1-3.webp\" \/>\n\t<meta property=\"og:image:width\" content=\"750\" \/>\n\t<meta property=\"og:image:height\" content=\"400\" \/>\n\t<meta property=\"og:image:type\" content=\"image\/webp\" \/>\n<meta name=\"author\" content=\"AZ\" \/>\n<meta name=\"twitter:card\" content=\"summary_large_image\" \/>\n<meta name=\"twitter:creator\" content=\"@webdo_tn\" \/>\n<meta name=\"twitter:site\" content=\"@webdo_tn\" \/>\n<meta name=\"twitter:label1\" content=\"\u00c9crit par\" \/>\n\t<meta name=\"twitter:data1\" content=\"AZ\" \/>\n\t<meta name=\"twitter:label2\" content=\"Dur\u00e9e de lecture estim\u00e9e\" \/>\n\t<meta name=\"twitter:data2\" content=\"1 minute\" \/>\n<script type=\"application\/ld+json\" class=\"yoast-schema-graph\">{\"@context\":\"https:\\\/\\\/schema.org\",\"@graph\":[{\"@type\":\"NewsArticle\",\"@id\":\"https:\\\/\\\/www.webdo.tn\\\/fr\\\/actualite\\\/national\\\/tunisie-meteo-l-aid-el-fitr-sous-le-signe-de-la-pluie-et-du-vent\\\/220922\\\/#article\",\"isPartOf\":{\"@id\":\"https:\\\/\\\/www.webdo.tn\\\/fr\\\/actualite\\\/national\\\/tunisie-meteo-l-aid-el-fitr-sous-le-signe-de-la-pluie-et-du-vent\\\/220922\\\/\"},\"author\":{\"name\":\"AZ\",\"@id\":\"https:\\\/\\\/www.webdo.tn\\\/fr\\\/#\\\/schema\\\/person\\\/b8a41c04d93287d375510db360906b34\"},\"headline\":\"Tunisie &#8211; m\u00e9t\u00e9o : l&rsquo;A\u00efd-el-Fitr sous le signe de la pluie et du vent\",\"datePublished\":\"2025-03-31T10:08:00+00:00\",\"dateModified\":\"2025-05-21T08:58:37+00:00\",\"mainEntityOfPage\":{\"@id\":\"https:\\\/\\\/www.webdo.tn\\\/fr\\\/actualite\\\/national\\\/tunisie-meteo-l-aid-el-fitr-sous-le-signe-de-la-pluie-et-du-vent\\\/220922\\\/\"},\"wordCount\":178,\"commentCount\":0,\"publisher\":{\"@id\":\"https:\\\/\\\/www.webdo.tn\\\/fr\\\/#organization\"},\"image\":{\"@id\":\"https:\\\/\\\/www.webdo.tn\\\/fr\\\/actualite\\\/national\\\/tunisie-meteo-l-aid-el-fitr-sous-le-signe-de-la-pluie-et-du-vent\\\/220922\\\/#primaryimage\"},\"thumbnailUrl\":\"https:\\\/\\\/www.webdo.tn\\\/fr\\\/wp-content\\\/uploads\\\/2025\\\/05\\\/cfa5426306aa0a6b5f026d797b7604b1-3.webp\",\"keywords\":[\"A\u00efd-el-Fitr\",\"m\u00e9t\u00e9o\",\"Pluie\",\"Tunisie\",\"Vent\"],\"articleSection\":[\"National\"],\"inLanguage\":\"fr-FR\"},{\"@type\":\"WebPage\",\"@id\":\"https:\\\/\\\/www.webdo.tn\\\/fr\\\/actualite\\\/national\\\/tunisie-meteo-l-aid-el-fitr-sous-le-signe-de-la-pluie-et-du-vent\\\/220922\\\/\",\"url\":\"https:\\\/\\\/www.webdo.tn\\\/fr\\\/actualite\\\/national\\\/tunisie-meteo-l-aid-el-fitr-sous-le-signe-de-la-pluie-et-du-vent\\\/220922\\\/\",\"name\":\"Tunisie - m\u00e9t\u00e9o : l'A\u00efd-el-Fitr sous le signe de la pluie et du vent\",\"isPartOf\":{\"@id\":\"https:\\\/\\\/www.webdo.tn\\\/fr\\\/#website\"},\"primaryImageOfPage\":{\"@id\":\"https:\\\/\\\/www.webdo.tn\\\/fr\\\/actualite\\\/national\\\/tunisie-meteo-l-aid-el-fitr-sous-le-signe-de-la-pluie-et-du-vent\\\/220922\\\/#primaryimage\"},\"image\":{\"@id\":\"https:\\\/\\\/www.webdo.tn\\\/fr\\\/actualite\\\/national\\\/tunisie-meteo-l-aid-el-fitr-sous-le-signe-de-la-pluie-et-du-vent\\\/220922\\\/#primaryimage\"},\"thumbnailUrl\":\"https:\\\/\\\/www.webdo.tn\\\/fr\\\/wp-content\\\/uploads\\\/2025\\\/05\\\/cfa5426306aa0a6b5f026d797b7604b1-3.webp\",\"datePublished\":\"2025-03-31T10:08:00+00:00\",\"dateModified\":\"2025-05-21T08:58:37+00:00\",\"description\":\"M\u00e9t\u00e9o du 31 mars 2025 : pluies et orages dans le nord, vent fort et conditions maritimes difficiles. Temp\u00e9ratures entre 12 et 26\u00b0C selon les r\u00e9gions.\",\"breadcrumb\":{\"@id\":\"https:\\\/\\\/www.webdo.tn\\\/fr\\\/actualite\\\/national\\\/tunisie-meteo-l-aid-el-fitr-sous-le-signe-de-la-pluie-et-du-vent\\\/220922\\\/#breadcrumb\"},\"inLanguage\":\"fr-FR\",\"potentialAction\":[{\"@type\":\"ReadAction\",\"target\":[\"https:\\\/\\\/www.webdo.tn\\\/fr\\\/actualite\\\/national\\\/tunisie-meteo-l-aid-el-fitr-sous-le-signe-de-la-pluie-et-du-vent\\\/220922\\\/\"]}]},{\"@type\":\"ImageObject\",\"inLanguage\":\"fr-FR\",\"@id\":\"https:\\\/\\\/www.webdo.tn\\\/fr\\\/actualite\\\/national\\\/tunisie-meteo-l-aid-el-fitr-sous-le-signe-de-la-pluie-et-du-vent\\\/220922\\\/#primaryimage\",\"url\":\"https:\\\/\\\/www.webdo.tn\\\/fr\\\/wp-content\\\/uploads\\\/2025\\\/05\\\/cfa5426306aa0a6b5f026d797b7604b1-3.webp\",\"contentUrl\":\"https:\\\/\\\/www.webdo.tn\\\/fr\\\/wp-content\\\/uploads\\\/2025\\\/05\\\/cfa5426306aa0a6b5f026d797b7604b1-3.webp\",\"width\":750,\"height\":400},{\"@type\":\"BreadcrumbList\",\"@id\":\"https:\\\/\\\/www.webdo.tn\\\/fr\\\/actualite\\\/national\\\/tunisie-meteo-l-aid-el-fitr-sous-le-signe-de-la-pluie-et-du-vent\\\/220922\\\/#breadcrumb\",\"itemListElement\":[{\"@type\":\"ListItem\",\"position\":1,\"name\":\"Accueil\",\"item\":\"https:\\\/\\\/www.webdo.tn\\\/fr\\\/\"},{\"@type\":\"ListItem\",\"position\":2,\"name\":\"Tunisie &#8211; m\u00e9t\u00e9o : l&#8217;A\u00efd-el-Fitr sous le signe de la pluie et du vent\"}]},{\"@type\":\"WebSite\",\"@id\":\"https:\\\/\\\/www.webdo.tn\\\/fr\\\/#website\",\"url\":\"https:\\\/\\\/www.webdo.tn\\\/fr\\\/\",\"name\":\"webdo\",\"description\":\"Tunisie - News en Tunisie et \u00e0 l&#039;international sur Webdo.tn\",\"publisher\":{\"@id\":\"https:\\\/\\\/www.webdo.tn\\\/fr\\\/#organization\"},\"potentialAction\":[{\"@type\":\"SearchAction\",\"target\":{\"@type\":\"EntryPoint\",\"urlTemplate\":\"https:\\\/\\\/www.webdo.tn\\\/fr\\\/?s={search_term_string}\"},\"query-input\":{\"@type\":\"PropertyValueSpecification\",\"valueRequired\":true,\"valueName\":\"search_term_string\"}}],\"inLanguage\":\"fr-FR\"},{\"@type\":\"Organization\",\"@id\":\"https:\\\/\\\/www.webdo.tn\\\/fr\\\/#organization\",\"name\":\"Webdo\",\"alternateName\":\"Webdo.tn\",\"url\":\"https:\\\/\\\/www.webdo.tn\\\/fr\\\/\",\"logo\":{\"@type\":\"ImageObject\",\"inLanguage\":\"fr-FR\",\"@id\":\"https:\\\/\\\/www.webdo.tn\\\/fr\\\/#\\\/schema\\\/logo\\\/image\\\/\",\"url\":\"https:\\\/\\\/www.webdo.tn\\\/fr\\\/wp-content\\\/uploads\\\/2025\\\/06\\\/Webdo-Tunisie_168377.jpg\",\"contentUrl\":\"https:\\\/\\\/www.webdo.tn\\\/fr\\\/wp-content\\\/uploads\\\/2025\\\/06\\\/Webdo-Tunisie_168377.jpg\",\"width\":301,\"height\":301,\"caption\":\"Webdo\"},\"image\":{\"@id\":\"https:\\\/\\\/www.webdo.tn\\\/fr\\\/#\\\/schema\\\/logo\\\/image\\\/\"},\"sameAs\":[\"https:\\\/\\\/www.facebook.com\\\/webdotn\",\"https:\\\/\\\/x.com\\\/webdo_tn\"],\"description\":\"Webdo est un m\u00e9dia num\u00e9rique tunisien fond\u00e9 en 2010, sp\u00e9cialis\u00e9 dans l\u2019actualit\u00e9 nationale et internationale, l\u2019\u00e9conomie, la soci\u00e9t\u00e9 et les analyses politiques. Le site s\u2019adresse \u00e0 un large public francophone et couvre l\u2019information tunisienne en temps r\u00e9el.\",\"email\":\"redac@webdo.tn\",\"legalName\":\"YNJ SARL\",\"foundingDate\":\"2010-09-06\",\"numberOfEmployees\":{\"@type\":\"QuantitativeValue\",\"minValue\":\"11\",\"maxValue\":\"50\"}},{\"@type\":\"Person\",\"@id\":\"https:\\\/\\\/www.webdo.tn\\\/fr\\\/#\\\/schema\\\/person\\\/b8a41c04d93287d375510db360906b34\",\"name\":\"AZ\",\"image\":{\"@type\":\"ImageObject\",\"inLanguage\":\"fr-FR\",\"@id\":\"https:\\\/\\\/secure.gravatar.com\\\/avatar\\\/492b80bada79439de4201dce15cd41eece6c277cfdf1b53382073c79105c1f89?s=96&d=mm&r=g\",\"url\":\"https:\\\/\\\/secure.gravatar.com\\\/avatar\\\/492b80bada79439de4201dce15cd41eece6c277cfdf1b53382073c79105c1f89?s=96&d=mm&r=g\",\"contentUrl\":\"https:\\\/\\\/secure.gravatar.com\\\/avatar\\\/492b80bada79439de4201dce15cd41eece6c277cfdf1b53382073c79105c1f89?s=96&d=mm&r=g\",\"caption\":\"AZ\"},\"url\":\"https:\\\/\\\/www.webdo.tn\\\/fr\\\/actualite\\\/author\\\/az\\\/\"}]}<\/script>\n<!-- \/ Yoast SEO Premium plugin. -->","yoast_head_json":{"title":"Tunisie - m\u00e9t\u00e9o : l'A\u00efd-el-Fitr sous le signe de la pluie et du vent","description":"M\u00e9t\u00e9o du 31 mars 2025 : pluies et orages dans le nord, vent fort et conditions maritimes difficiles. Temp\u00e9ratures entre 12 et 26\u00b0C selon les r\u00e9gions.","canonical":"https:\/\/www.webdo.tn\/fr\/actualite\/national\/tunisie-meteo-l-aid-el-fitr-sous-le-signe-de-la-pluie-et-du-vent\/220922\/","og_locale":"fr_FR","og_type":"article","og_title":"Tunisie - m\u00e9t\u00e9o : l'A\u00efd-el-Fitr sous le signe de la pluie et du vent","og_description":"M\u00e9t\u00e9o du 31 mars 2025 : pluies et orages dans le nord, vent fort et conditions maritimes difficiles. Temp\u00e9ratures entre 12 et 26\u00b0C selon les r\u00e9gions.","og_url":"https:\/\/www.webdo.tn\/fr\/actualite\/national\/tunisie-meteo-l-aid-el-fitr-sous-le-signe-de-la-pluie-et-du-vent\/220922\/","og_site_name":"webdo","article_publisher":"https:\/\/www.facebook.com\/webdotn","article_published_time":"2025-03-31T10:08:00+00:00","article_modified_time":"2025-05-21T08:58:37+00:00","og_image":[{"width":750,"height":400,"url":"https:\/\/www.webdo.tn\/fr\/wp-content\/uploads\/2025\/05\/cfa5426306aa0a6b5f026d797b7604b1-3.webp","type":"image\/webp"}],"author":"AZ","twitter_card":"summary_large_image","twitter_creator":"@webdo_tn","twitter_site":"@webdo_tn","twitter_misc":{"\u00c9crit par":"AZ","Dur\u00e9e de lecture estim\u00e9e":"1 minute"},"schema":{"@context":"https:\/\/schema.org","@graph":[{"@type":"NewsArticle","@id":"https:\/\/www.webdo.tn\/fr\/actualite\/national\/tunisie-meteo-l-aid-el-fitr-sous-le-signe-de-la-pluie-et-du-vent\/220922\/#article","isPartOf":{"@id":"https:\/\/www.webdo.tn\/fr\/actualite\/national\/tunisie-meteo-l-aid-el-fitr-sous-le-signe-de-la-pluie-et-du-vent\/220922\/"},"author":{"name":"AZ","@id":"https:\/\/www.webdo.tn\/fr\/#\/schema\/person\/b8a41c04d93287d375510db360906b34"},"headline":"Tunisie &#8211; m\u00e9t\u00e9o : l&rsquo;A\u00efd-el-Fitr sous le signe de la pluie et du vent","datePublished":"2025-03-31T10:08:00+00:00","dateModified":"2025-05-21T08:58:37+00:00","mainEntityOfPage":{"@id":"https:\/\/www.webdo.tn\/fr\/actualite\/national\/tunisie-meteo-l-aid-el-fitr-sous-le-signe-de-la-pluie-et-du-vent\/220922\/"},"wordCount":178,"commentCount":0,"publisher":{"@id":"https:\/\/www.webdo.tn\/fr\/#organization"},"image":{"@id":"https:\/\/www.webdo.tn\/fr\/actualite\/national\/tunisie-meteo-l-aid-el-fitr-sous-le-signe-de-la-pluie-et-du-vent\/220922\/#primaryimage"},"thumbnailUrl":"https:\/\/www.webdo.tn\/fr\/wp-content\/uploads\/2025\/05\/cfa5426306aa0a6b5f026d797b7604b1-3.webp","keywords":["A\u00efd-el-Fitr","m\u00e9t\u00e9o","Pluie","Tunisie","Vent"],"articleSection":["National"],"inLanguage":"fr-FR"},{"@type":"WebPage","@id":"https:\/\/www.webdo.tn\/fr\/actualite\/national\/tunisie-meteo-l-aid-el-fitr-sous-le-signe-de-la-pluie-et-du-vent\/220922\/","url":"https:\/\/www.webdo.tn\/fr\/actualite\/national\/tunisie-meteo-l-aid-el-fitr-sous-le-signe-de-la-pluie-et-du-vent\/220922\/","name":"Tunisie - m\u00e9t\u00e9o : l'A\u00efd-el-Fitr sous le signe de la pluie et du vent","isPartOf":{"@id":"https:\/\/www.webdo.tn\/fr\/#website"},"primaryImageOfPage":{"@id":"https:\/\/www.webdo.tn\/fr\/actualite\/national\/tunisie-meteo-l-aid-el-fitr-sous-le-signe-de-la-pluie-et-du-vent\/220922\/#primaryimage"},"image":{"@id":"https:\/\/www.webdo.tn\/fr\/actualite\/national\/tunisie-meteo-l-aid-el-fitr-sous-le-signe-de-la-pluie-et-du-vent\/220922\/#primaryimage"},"thumbnailUrl":"https:\/\/www.webdo.tn\/fr\/wp-content\/uploads\/2025\/05\/cfa5426306aa0a6b5f026d797b7604b1-3.webp","datePublished":"2025-03-31T10:08:00+00:00","dateModified":"2025-05-21T08:58:37+00:00","description":"M\u00e9t\u00e9o du 31 mars 2025 : pluies et orages dans le nord, vent fort et conditions maritimes difficiles. Temp\u00e9ratures entre 12 et 26\u00b0C selon les r\u00e9gions.","breadcrumb":{"@id":"https:\/\/www.webdo.tn\/fr\/actualite\/national\/tunisie-meteo-l-aid-el-fitr-sous-le-signe-de-la-pluie-et-du-vent\/220922\/#breadcrumb"},"inLanguage":"fr-FR","potentialAction":[{"@type":"ReadAction","target":["https:\/\/www.webdo.tn\/fr\/actualite\/national\/tunisie-meteo-l-aid-el-fitr-sous-le-signe-de-la-pluie-et-du-vent\/220922\/"]}]},{"@type":"ImageObject","inLanguage":"fr-FR","@id":"https:\/\/www.webdo.tn\/fr\/actualite\/national\/tunisie-meteo-l-aid-el-fitr-sous-le-signe-de-la-pluie-et-du-vent\/220922\/#primaryimage","url":"https:\/\/www.webdo.tn\/fr\/wp-content\/uploads\/2025\/05\/cfa5426306aa0a6b5f026d797b7604b1-3.webp","contentUrl":"https:\/\/www.webdo.tn\/fr\/wp-content\/uploads\/2025\/05\/cfa5426306aa0a6b5f026d797b7604b1-3.webp","width":750,"height":400},{"@type":"BreadcrumbList","@id":"https:\/\/www.webdo.tn\/fr\/actualite\/national\/tunisie-meteo-l-aid-el-fitr-sous-le-signe-de-la-pluie-et-du-vent\/220922\/#breadcrumb","itemListElement":[{"@type":"ListItem","position":1,"name":"Accueil","item":"https:\/\/www.webdo.tn\/fr\/"},{"@type":"ListItem","position":2,"name":"Tunisie &#8211; m\u00e9t\u00e9o : l&#8217;A\u00efd-el-Fitr sous le signe de la pluie et du vent"}]},{"@type":"WebSite","@id":"https:\/\/www.webdo.tn\/fr\/#website","url":"https:\/\/www.webdo.tn\/fr\/","name":"webdo","description":"Tunisie - News en Tunisie et \u00e0 l&#039;international sur Webdo.tn","publisher":{"@id":"https:\/\/www.webdo.tn\/fr\/#organization"},"potentialAction":[{"@type":"SearchAction","target":{"@type":"EntryPoint","urlTemplate":"https:\/\/www.webdo.tn\/fr\/?s={search_term_string}"},"query-input":{"@type":"PropertyValueSpecification","valueRequired":true,"valueName":"search_term_string"}}],"inLanguage":"fr-FR"},{"@type":"Organization","@id":"https:\/\/www.webdo.tn\/fr\/#organization","name":"Webdo","alternateName":"Webdo.tn","url":"https:\/\/www.webdo.tn\/fr\/","logo":{"@type":"ImageObject","inLanguage":"fr-FR","@id":"https:\/\/www.webdo.tn\/fr\/#\/schema\/logo\/image\/","url":"https:\/\/www.webdo.tn\/fr\/wp-content\/uploads\/2025\/06\/Webdo-Tunisie_168377.jpg","contentUrl":"https:\/\/www.webdo.tn\/fr\/wp-content\/uploads\/2025\/06\/Webdo-Tunisie_168377.jpg","width":301,"height":301,"caption":"Webdo"},"image":{"@id":"https:\/\/www.webdo.tn\/fr\/#\/schema\/logo\/image\/"},"sameAs":["https:\/\/www.facebook.com\/webdotn","https:\/\/x.com\/webdo_tn"],"description":"Webdo est un m\u00e9dia num\u00e9rique tunisien fond\u00e9 en 2010, sp\u00e9cialis\u00e9 dans l\u2019actualit\u00e9 nationale et internationale, l\u2019\u00e9conomie, la soci\u00e9t\u00e9 et les analyses politiques. Le site s\u2019adresse \u00e0 un large public francophone et couvre l\u2019information tunisienne en temps r\u00e9el.","email":"redac@webdo.tn","legalName":"YNJ SARL","foundingDate":"2010-09-06","numberOfEmployees":{"@type":"QuantitativeValue","minValue":"11","maxValue":"50"}},{"@type":"Person","@id":"https:\/\/www.webdo.tn\/fr\/#\/schema\/person\/b8a41c04d93287d375510db360906b34","name":"AZ","image":{"@type":"ImageObject","inLanguage":"fr-FR","@id":"https:\/\/secure.gravatar.com\/avatar\/492b80bada79439de4201dce15cd41eece6c277cfdf1b53382073c79105c1f89?s=96&d=mm&r=g","url":"https:\/\/secure.gravatar.com\/avatar\/492b80bada79439de4201dce15cd41eece6c277cfdf1b53382073c79105c1f89?s=96&d=mm&r=g","contentUrl":"https:\/\/secure.gravatar.com\/avatar\/492b80bada79439de4201dce15cd41eece6c277cfdf1b53382073c79105c1f89?s=96&d=mm&r=g","caption":"AZ"},"url":"https:\/\/www.webdo.tn\/fr\/actualite\/author\/az\/"}]}},"_links":{"self":[{"href":"https:\/\/www.webdo.tn\/fr\/wp-json\/wp\/v2\/posts\/220922","targetHints":{"allow":["GET"]}}],"collection":[{"href":"https:\/\/www.webdo.tn\/fr\/wp-json\/wp\/v2\/posts"}],"about":[{"href":"https:\/\/www.webdo.tn\/fr\/wp-json\/wp\/v2\/types\/post"}],"author":[{"embeddable":true,"href":"https:\/\/www.webdo.tn\/fr\/wp-json\/wp\/v2\/users\/3166"}],"replies":[{"embeddable":true,"href":"https:\/\/www.webdo.tn\/fr\/wp-json\/wp\/v2\/comments?post=220922"}],"version-history":[{"count":0,"href":"https:\/\/www.webdo.tn\/fr\/wp-json\/wp\/v2\/posts\/220922\/revisions"}],"wp:featuredmedia":[{"embeddable":true,"href":"https:\/\/www.webdo.tn\/fr\/wp-json\/wp\/v2\/media\/241394"}],"wp:attachment":[{"href":"https:\/\/www.webdo.tn\/fr\/wp-json\/wp\/v2\/media?parent=220922"}],"wp:term":[{"taxonomy":"category","embeddable":true,"href":"https:\/\/www.webdo.tn\/fr\/wp-json\/wp\/v2\/categories?post=220922"},{"taxonomy":"post_tag","embeddable":true,"href":"https:\/\/www.webdo.tn\/fr\/wp-json\/wp\/v2\/tags?post=220922"}],"curies":[{"name":"wp","href":"https:\/\/api.w.org\/{rel}","templated":true}]}}