{"id":220916,"date":"2025-03-30T15:04:00","date_gmt":"2025-03-30T15:04:00","guid":{"rendered":"https:\/\/www.webdo.tn\/fr\/blog\/quand-l-ia-transforme-bourguiba-en-personnage-ghibli\/220916\/"},"modified":"2025-03-30T15:04:00","modified_gmt":"2025-03-30T15:04:00","slug":"quand-l-ia-transforme-bourguiba-en-personnage-ghibli","status":"publish","type":"post","link":"https:\/\/www.webdo.tn\/fr\/actualite\/divers\/quand-l-ia-transforme-bourguiba-en-personnage-ghibli\/220916\/","title":{"rendered":"Quand l\u2019IA transforme Bourguiba en personnage Ghibli"},"content":{"rendered":"<p>Sur les r\u00e9seaux, une vague inattendue emporte tout sur son passage : la \u00ab\u00a0ghiblification\u00a0\u00bb. Gr\u00e2ce \u00e0 la derni\u00e8re mise \u00e0 jour du g\u00e9n\u00e9rateur d\u2019images d\u2019OpenAI, n\u2019importe quelle photo peut \u00eatre transpos\u00e9e dans l\u2019univers enchanteur du studio Ghibli.<\/p>\n<p>\t\t\t\t\t\t\t\t\tBourguiba lui-m\u00eame n\u2019y \u00e9chappe pas. Sous les traits d\u00e9licats de Miyazaki, il garde ce regard fixe, visionnaire, pos\u00e9 sur un futur qu\u2019il ne verra jamais, mais qu\u2019il continue d\u2019influencer.<\/p>\n<p>L\u2019image fascine. Ici, le Combattant Supr\u00eame devient personnage d\u2019animation, fig\u00e9 dans une po\u00e9sie intemporelle. Mais cette prouesse technique soul\u00e8ve des questions : jusqu\u2019o\u00f9 l\u2019intelligence artificielle peut-elle r\u00e9interpr\u00e9ter l\u2019histoire sans la d\u00e9former ?<\/p>\n<p>Si les Tunisiens s\u2019\u00e9merveillent de voir Bourguiba revisit\u00e9 sous cette forme, ailleurs, d\u2019autres figures subissent le m\u00eame sort : Macron, Trump, Zelensky\u2026 Tous passent sous le filtre Ghibli, \u00e0 la fronti\u00e8re du merveilleux et du pastiche.<\/p>\n<p>Mais derri\u00e8re l\u2019enthousiasme pointe une inqui\u00e9tude. La \u00ab ghiblification \u00bb n\u2019est-elle qu\u2019un jeu, ou un nivellement du style, une industrialisation du r\u00eave ? Miyazaki lui-m\u00eame aurait sans doute hauss\u00e9 un sourcil, lui qui rejetait l\u2019IA, pr\u00e9f\u00e9rant la main humaine, imparfaite, mais sinc\u00e8re.<\/p>\n<p>Qu\u2019importe, le mouvement est lanc\u00e9. OpenAI a d\u00fb restreindre l\u2019acc\u00e8s \u00e0 son g\u00e9n\u00e9rateur tant la demande explose. Un Bourguiba en animation ? Pourquoi pas. Mais quelle part d\u2019\u00e2me reste-t-il, quand c\u2019est une machine qui r\u00eave \u00e0 notre place ?<\/p>\n","protected":false},"excerpt":{"rendered":"<p>Habib Bourguiba revisit\u00e9 par l\u2019IA fa\u00e7on Ghibli ? La nouvelle tendance qui enflamme les r\u00e9seaux soul\u00e8ve autant d\u2019\u00e9merveillement que de questions sur l\u2019avenir de&#8230;<\/p>\n","protected":false},"author":3203,"featured_media":292152,"comment_status":"open","ping_status":"closed","sticky":false,"template":"","format":"standard","meta":{"footnotes":""},"categories":[2839],"tags":[11132,6718,2957,2608],"class_list":["post-220916","post","type-post","status-publish","format-standard","has-post-thumbnail","hentry","category-divers","tag-ghibli","tag-habib-bourguiba","tag-intelligence-artificielle","tag-tunisie"],"yoast_head":"<!-- This site is optimized with the Yoast SEO Premium plugin v27.4 (Yoast SEO v27.5) - https:\/\/yoast.com\/product\/yoast-seo-premium-wordpress\/ -->\n<title>Quand l\u2019IA transforme Bourguiba en personnage Ghibli<\/title>\n<meta name=\"description\" content=\"Habib Bourguiba revisit\u00e9 par l\u2019IA fa\u00e7on Ghibli ? La nouvelle tendance qui enflamme les r\u00e9seaux soul\u00e8ve autant d\u2019\u00e9merveillement que de questions sur l\u2019avenir de...\" \/>\n<link rel=\"canonical\" href=\"https:\/\/www.webdo.tn\/fr\/actualite\/divers\/quand-l-ia-transforme-bourguiba-en-personnage-ghibli\/220916\/\" \/>\n<meta property=\"og:locale\" content=\"fr_FR\" \/>\n<meta property=\"og:type\" content=\"article\" \/>\n<meta property=\"og:title\" content=\"Quand l\u2019IA transforme Bourguiba en personnage Ghibli\" \/>\n<meta property=\"og:description\" content=\"Habib Bourguiba revisit\u00e9 par l\u2019IA fa\u00e7on Ghibli ? La nouvelle tendance qui enflamme les r\u00e9seaux soul\u00e8ve autant d\u2019\u00e9merveillement que de questions sur l\u2019avenir de...\" \/>\n<meta property=\"og:url\" content=\"https:\/\/www.webdo.tn\/fr\/actualite\/divers\/quand-l-ia-transforme-bourguiba-en-personnage-ghibli\/220916\/\" \/>\n<meta property=\"og:site_name\" content=\"webdo\" \/>\n<meta property=\"article:publisher\" content=\"https:\/\/www.facebook.com\/webdotn\" \/>\n<meta property=\"article:published_time\" content=\"2025-03-30T15:04:00+00:00\" \/>\n<meta property=\"og:image\" content=\"https:\/\/www.webdo.tn\/fr\/wp-content\/uploads\/2025\/03\/ee20dae878cde127dce8d830e35cb248.webp\" \/>\n\t<meta property=\"og:image:width\" content=\"750\" \/>\n\t<meta property=\"og:image:height\" content=\"400\" \/>\n\t<meta property=\"og:image:type\" content=\"image\/webp\" \/>\n<meta name=\"author\" content=\"Ramzi Haddad\" \/>\n<meta name=\"twitter:card\" content=\"summary_large_image\" \/>\n<meta name=\"twitter:creator\" content=\"@webdo_tn\" \/>\n<meta name=\"twitter:site\" content=\"@webdo_tn\" \/>\n<meta name=\"twitter:label1\" content=\"\u00c9crit par\" \/>\n\t<meta name=\"twitter:data1\" content=\"Ramzi Haddad\" \/>\n\t<meta name=\"twitter:label2\" content=\"Dur\u00e9e de lecture estim\u00e9e\" \/>\n\t<meta name=\"twitter:data2\" content=\"1 minute\" \/>\n<script type=\"application\/ld+json\" class=\"yoast-schema-graph\">{\"@context\":\"https:\\\/\\\/schema.org\",\"@graph\":[{\"@type\":\"NewsArticle\",\"@id\":\"https:\\\/\\\/www.webdo.tn\\\/fr\\\/actualite\\\/divers\\\/quand-l-ia-transforme-bourguiba-en-personnage-ghibli\\\/220916\\\/#article\",\"isPartOf\":{\"@id\":\"https:\\\/\\\/www.webdo.tn\\\/fr\\\/actualite\\\/divers\\\/quand-l-ia-transforme-bourguiba-en-personnage-ghibli\\\/220916\\\/\"},\"author\":{\"name\":\"Ramzi Haddad\",\"@id\":\"https:\\\/\\\/www.webdo.tn\\\/fr\\\/#\\\/schema\\\/person\\\/5663044c25eb36d8f88ba5b653f12f8c\"},\"headline\":\"Quand l\u2019IA transforme Bourguiba en personnage Ghibli\",\"datePublished\":\"2025-03-30T15:04:00+00:00\",\"mainEntityOfPage\":{\"@id\":\"https:\\\/\\\/www.webdo.tn\\\/fr\\\/actualite\\\/divers\\\/quand-l-ia-transforme-bourguiba-en-personnage-ghibli\\\/220916\\\/\"},\"wordCount\":259,\"commentCount\":0,\"publisher\":{\"@id\":\"https:\\\/\\\/www.webdo.tn\\\/fr\\\/#organization\"},\"image\":{\"@id\":\"https:\\\/\\\/www.webdo.tn\\\/fr\\\/actualite\\\/divers\\\/quand-l-ia-transforme-bourguiba-en-personnage-ghibli\\\/220916\\\/#primaryimage\"},\"thumbnailUrl\":\"https:\\\/\\\/www.webdo.tn\\\/fr\\\/wp-content\\\/uploads\\\/2025\\\/03\\\/ee20dae878cde127dce8d830e35cb248.webp\",\"keywords\":[\"'Ghibli']\",\"habib bourguiba\",\"Intelligence artificielle\",\"Tunisie\"],\"articleSection\":[\"Divers\"],\"inLanguage\":\"fr-FR\"},{\"@type\":\"WebPage\",\"@id\":\"https:\\\/\\\/www.webdo.tn\\\/fr\\\/actualite\\\/divers\\\/quand-l-ia-transforme-bourguiba-en-personnage-ghibli\\\/220916\\\/\",\"url\":\"https:\\\/\\\/www.webdo.tn\\\/fr\\\/actualite\\\/divers\\\/quand-l-ia-transforme-bourguiba-en-personnage-ghibli\\\/220916\\\/\",\"name\":\"Quand l\u2019IA transforme Bourguiba en personnage Ghibli\",\"isPartOf\":{\"@id\":\"https:\\\/\\\/www.webdo.tn\\\/fr\\\/#website\"},\"primaryImageOfPage\":{\"@id\":\"https:\\\/\\\/www.webdo.tn\\\/fr\\\/actualite\\\/divers\\\/quand-l-ia-transforme-bourguiba-en-personnage-ghibli\\\/220916\\\/#primaryimage\"},\"image\":{\"@id\":\"https:\\\/\\\/www.webdo.tn\\\/fr\\\/actualite\\\/divers\\\/quand-l-ia-transforme-bourguiba-en-personnage-ghibli\\\/220916\\\/#primaryimage\"},\"thumbnailUrl\":\"https:\\\/\\\/www.webdo.tn\\\/fr\\\/wp-content\\\/uploads\\\/2025\\\/03\\\/ee20dae878cde127dce8d830e35cb248.webp\",\"datePublished\":\"2025-03-30T15:04:00+00:00\",\"description\":\"Habib Bourguiba revisit\u00e9 par l\u2019IA fa\u00e7on Ghibli ? La nouvelle tendance qui enflamme les r\u00e9seaux soul\u00e8ve autant d\u2019\u00e9merveillement que de questions sur l\u2019avenir de...\",\"breadcrumb\":{\"@id\":\"https:\\\/\\\/www.webdo.tn\\\/fr\\\/actualite\\\/divers\\\/quand-l-ia-transforme-bourguiba-en-personnage-ghibli\\\/220916\\\/#breadcrumb\"},\"inLanguage\":\"fr-FR\",\"potentialAction\":[{\"@type\":\"ReadAction\",\"target\":[\"https:\\\/\\\/www.webdo.tn\\\/fr\\\/actualite\\\/divers\\\/quand-l-ia-transforme-bourguiba-en-personnage-ghibli\\\/220916\\\/\"]}]},{\"@type\":\"ImageObject\",\"inLanguage\":\"fr-FR\",\"@id\":\"https:\\\/\\\/www.webdo.tn\\\/fr\\\/actualite\\\/divers\\\/quand-l-ia-transforme-bourguiba-en-personnage-ghibli\\\/220916\\\/#primaryimage\",\"url\":\"https:\\\/\\\/www.webdo.tn\\\/fr\\\/wp-content\\\/uploads\\\/2025\\\/03\\\/ee20dae878cde127dce8d830e35cb248.webp\",\"contentUrl\":\"https:\\\/\\\/www.webdo.tn\\\/fr\\\/wp-content\\\/uploads\\\/2025\\\/03\\\/ee20dae878cde127dce8d830e35cb248.webp\",\"width\":750,\"height\":400,\"caption\":\"Quand l\u2019IA transforme Bourguiba en personnage Ghibli\"},{\"@type\":\"BreadcrumbList\",\"@id\":\"https:\\\/\\\/www.webdo.tn\\\/fr\\\/actualite\\\/divers\\\/quand-l-ia-transforme-bourguiba-en-personnage-ghibli\\\/220916\\\/#breadcrumb\",\"itemListElement\":[{\"@type\":\"ListItem\",\"position\":1,\"name\":\"Accueil\",\"item\":\"https:\\\/\\\/www.webdo.tn\\\/fr\\\/\"},{\"@type\":\"ListItem\",\"position\":2,\"name\":\"Quand l\u2019IA transforme Bourguiba en personnage Ghibli\"}]},{\"@type\":\"WebSite\",\"@id\":\"https:\\\/\\\/www.webdo.tn\\\/fr\\\/#website\",\"url\":\"https:\\\/\\\/www.webdo.tn\\\/fr\\\/\",\"name\":\"webdo\",\"description\":\"Tunisie - News en Tunisie et \u00e0 l&#039;international sur Webdo.tn\",\"publisher\":{\"@id\":\"https:\\\/\\\/www.webdo.tn\\\/fr\\\/#organization\"},\"potentialAction\":[{\"@type\":\"SearchAction\",\"target\":{\"@type\":\"EntryPoint\",\"urlTemplate\":\"https:\\\/\\\/www.webdo.tn\\\/fr\\\/?s={search_term_string}\"},\"query-input\":{\"@type\":\"PropertyValueSpecification\",\"valueRequired\":true,\"valueName\":\"search_term_string\"}}],\"inLanguage\":\"fr-FR\"},{\"@type\":\"Organization\",\"@id\":\"https:\\\/\\\/www.webdo.tn\\\/fr\\\/#organization\",\"name\":\"Webdo\",\"alternateName\":\"Webdo.tn\",\"url\":\"https:\\\/\\\/www.webdo.tn\\\/fr\\\/\",\"logo\":{\"@type\":\"ImageObject\",\"inLanguage\":\"fr-FR\",\"@id\":\"https:\\\/\\\/www.webdo.tn\\\/fr\\\/#\\\/schema\\\/logo\\\/image\\\/\",\"url\":\"https:\\\/\\\/www.webdo.tn\\\/fr\\\/wp-content\\\/uploads\\\/2025\\\/06\\\/Webdo-Tunisie_168377.jpg\",\"contentUrl\":\"https:\\\/\\\/www.webdo.tn\\\/fr\\\/wp-content\\\/uploads\\\/2025\\\/06\\\/Webdo-Tunisie_168377.jpg\",\"width\":301,\"height\":301,\"caption\":\"Webdo\"},\"image\":{\"@id\":\"https:\\\/\\\/www.webdo.tn\\\/fr\\\/#\\\/schema\\\/logo\\\/image\\\/\"},\"sameAs\":[\"https:\\\/\\\/www.facebook.com\\\/webdotn\",\"https:\\\/\\\/x.com\\\/webdo_tn\"],\"description\":\"Webdo est un m\u00e9dia num\u00e9rique tunisien fond\u00e9 en 2010, sp\u00e9cialis\u00e9 dans l\u2019actualit\u00e9 nationale et internationale, l\u2019\u00e9conomie, la soci\u00e9t\u00e9 et les analyses politiques. Le site s\u2019adresse \u00e0 un large public francophone et couvre l\u2019information tunisienne en temps r\u00e9el.\",\"email\":\"redac@webdo.tn\",\"legalName\":\"YNJ SARL\",\"foundingDate\":\"2010-09-06\",\"numberOfEmployees\":{\"@type\":\"QuantitativeValue\",\"minValue\":\"11\",\"maxValue\":\"50\"}},{\"@type\":\"Person\",\"@id\":\"https:\\\/\\\/www.webdo.tn\\\/fr\\\/#\\\/schema\\\/person\\\/5663044c25eb36d8f88ba5b653f12f8c\",\"name\":\"Ramzi Haddad\",\"image\":{\"@type\":\"ImageObject\",\"inLanguage\":\"fr-FR\",\"@id\":\"https:\\\/\\\/www.webdo.tn\\\/fr\\\/wp-content\\\/uploads\\\/2026\\\/04\\\/ramzi-haddad_avatar-96x96.jpg\",\"url\":\"https:\\\/\\\/www.webdo.tn\\\/fr\\\/wp-content\\\/uploads\\\/2026\\\/04\\\/ramzi-haddad_avatar-96x96.jpg\",\"contentUrl\":\"https:\\\/\\\/www.webdo.tn\\\/fr\\\/wp-content\\\/uploads\\\/2026\\\/04\\\/ramzi-haddad_avatar-96x96.jpg\",\"caption\":\"Ramzi Haddad\"},\"description\":\"Signature \u00e9ditoriale de Walid Ben Youssef Ramzi Haddad est le pseudonyme \u00e9ditorial de Walid Ben Youssef, fondateur et g\u00e9rant de Webdo.tn. Cette signature est d\u00e9di\u00e9e \u00e0 la couverture de l'actualit\u00e9 nationale et internationale, ainsi qu'aux analyses des dynamiques num\u00e9riques. Ce profil b\u00e9n\u00e9ficie de l'expertise de Walid Ben Youssef, pionnier du web en Tunisie depuis 2000 et dipl\u00f4m\u00e9 en Math\u00e9matiques pures de l'Universit\u00e9 d'Oregon. \u00c0 travers cette signature, la r\u00e9daction de Webdo garantit une information structur\u00e9e et v\u00e9rifi\u00e9e, fid\u00e8le aux standards journalistiques du m\u00e9dia.\",\"url\":\"https:\\\/\\\/www.webdo.tn\\\/fr\\\/actualite\\\/author\\\/ramzi-haddad\\\/\"}]}<\/script>\n<!-- \/ Yoast SEO Premium plugin. -->","yoast_head_json":{"title":"Quand l\u2019IA transforme Bourguiba en personnage Ghibli","description":"Habib Bourguiba revisit\u00e9 par l\u2019IA fa\u00e7on Ghibli ? La nouvelle tendance qui enflamme les r\u00e9seaux soul\u00e8ve autant d\u2019\u00e9merveillement que de questions sur l\u2019avenir de...","canonical":"https:\/\/www.webdo.tn\/fr\/actualite\/divers\/quand-l-ia-transforme-bourguiba-en-personnage-ghibli\/220916\/","og_locale":"fr_FR","og_type":"article","og_title":"Quand l\u2019IA transforme Bourguiba en personnage Ghibli","og_description":"Habib Bourguiba revisit\u00e9 par l\u2019IA fa\u00e7on Ghibli ? La nouvelle tendance qui enflamme les r\u00e9seaux soul\u00e8ve autant d\u2019\u00e9merveillement que de questions sur l\u2019avenir de...","og_url":"https:\/\/www.webdo.tn\/fr\/actualite\/divers\/quand-l-ia-transforme-bourguiba-en-personnage-ghibli\/220916\/","og_site_name":"webdo","article_publisher":"https:\/\/www.facebook.com\/webdotn","article_published_time":"2025-03-30T15:04:00+00:00","og_image":[{"width":750,"height":400,"url":"https:\/\/www.webdo.tn\/fr\/wp-content\/uploads\/2025\/03\/ee20dae878cde127dce8d830e35cb248.webp","type":"image\/webp"}],"author":"Ramzi Haddad","twitter_card":"summary_large_image","twitter_creator":"@webdo_tn","twitter_site":"@webdo_tn","twitter_misc":{"\u00c9crit par":"Ramzi Haddad","Dur\u00e9e de lecture estim\u00e9e":"1 minute"},"schema":{"@context":"https:\/\/schema.org","@graph":[{"@type":"NewsArticle","@id":"https:\/\/www.webdo.tn\/fr\/actualite\/divers\/quand-l-ia-transforme-bourguiba-en-personnage-ghibli\/220916\/#article","isPartOf":{"@id":"https:\/\/www.webdo.tn\/fr\/actualite\/divers\/quand-l-ia-transforme-bourguiba-en-personnage-ghibli\/220916\/"},"author":{"name":"Ramzi Haddad","@id":"https:\/\/www.webdo.tn\/fr\/#\/schema\/person\/5663044c25eb36d8f88ba5b653f12f8c"},"headline":"Quand l\u2019IA transforme Bourguiba en personnage Ghibli","datePublished":"2025-03-30T15:04:00+00:00","mainEntityOfPage":{"@id":"https:\/\/www.webdo.tn\/fr\/actualite\/divers\/quand-l-ia-transforme-bourguiba-en-personnage-ghibli\/220916\/"},"wordCount":259,"commentCount":0,"publisher":{"@id":"https:\/\/www.webdo.tn\/fr\/#organization"},"image":{"@id":"https:\/\/www.webdo.tn\/fr\/actualite\/divers\/quand-l-ia-transforme-bourguiba-en-personnage-ghibli\/220916\/#primaryimage"},"thumbnailUrl":"https:\/\/www.webdo.tn\/fr\/wp-content\/uploads\/2025\/03\/ee20dae878cde127dce8d830e35cb248.webp","keywords":["'Ghibli']","habib bourguiba","Intelligence artificielle","Tunisie"],"articleSection":["Divers"],"inLanguage":"fr-FR"},{"@type":"WebPage","@id":"https:\/\/www.webdo.tn\/fr\/actualite\/divers\/quand-l-ia-transforme-bourguiba-en-personnage-ghibli\/220916\/","url":"https:\/\/www.webdo.tn\/fr\/actualite\/divers\/quand-l-ia-transforme-bourguiba-en-personnage-ghibli\/220916\/","name":"Quand l\u2019IA transforme Bourguiba en personnage Ghibli","isPartOf":{"@id":"https:\/\/www.webdo.tn\/fr\/#website"},"primaryImageOfPage":{"@id":"https:\/\/www.webdo.tn\/fr\/actualite\/divers\/quand-l-ia-transforme-bourguiba-en-personnage-ghibli\/220916\/#primaryimage"},"image":{"@id":"https:\/\/www.webdo.tn\/fr\/actualite\/divers\/quand-l-ia-transforme-bourguiba-en-personnage-ghibli\/220916\/#primaryimage"},"thumbnailUrl":"https:\/\/www.webdo.tn\/fr\/wp-content\/uploads\/2025\/03\/ee20dae878cde127dce8d830e35cb248.webp","datePublished":"2025-03-30T15:04:00+00:00","description":"Habib Bourguiba revisit\u00e9 par l\u2019IA fa\u00e7on Ghibli ? La nouvelle tendance qui enflamme les r\u00e9seaux soul\u00e8ve autant d\u2019\u00e9merveillement que de questions sur l\u2019avenir de...","breadcrumb":{"@id":"https:\/\/www.webdo.tn\/fr\/actualite\/divers\/quand-l-ia-transforme-bourguiba-en-personnage-ghibli\/220916\/#breadcrumb"},"inLanguage":"fr-FR","potentialAction":[{"@type":"ReadAction","target":["https:\/\/www.webdo.tn\/fr\/actualite\/divers\/quand-l-ia-transforme-bourguiba-en-personnage-ghibli\/220916\/"]}]},{"@type":"ImageObject","inLanguage":"fr-FR","@id":"https:\/\/www.webdo.tn\/fr\/actualite\/divers\/quand-l-ia-transforme-bourguiba-en-personnage-ghibli\/220916\/#primaryimage","url":"https:\/\/www.webdo.tn\/fr\/wp-content\/uploads\/2025\/03\/ee20dae878cde127dce8d830e35cb248.webp","contentUrl":"https:\/\/www.webdo.tn\/fr\/wp-content\/uploads\/2025\/03\/ee20dae878cde127dce8d830e35cb248.webp","width":750,"height":400,"caption":"Quand l\u2019IA transforme Bourguiba en personnage Ghibli"},{"@type":"BreadcrumbList","@id":"https:\/\/www.webdo.tn\/fr\/actualite\/divers\/quand-l-ia-transforme-bourguiba-en-personnage-ghibli\/220916\/#breadcrumb","itemListElement":[{"@type":"ListItem","position":1,"name":"Accueil","item":"https:\/\/www.webdo.tn\/fr\/"},{"@type":"ListItem","position":2,"name":"Quand l\u2019IA transforme Bourguiba en personnage Ghibli"}]},{"@type":"WebSite","@id":"https:\/\/www.webdo.tn\/fr\/#website","url":"https:\/\/www.webdo.tn\/fr\/","name":"webdo","description":"Tunisie - News en Tunisie et \u00e0 l&#039;international sur Webdo.tn","publisher":{"@id":"https:\/\/www.webdo.tn\/fr\/#organization"},"potentialAction":[{"@type":"SearchAction","target":{"@type":"EntryPoint","urlTemplate":"https:\/\/www.webdo.tn\/fr\/?s={search_term_string}"},"query-input":{"@type":"PropertyValueSpecification","valueRequired":true,"valueName":"search_term_string"}}],"inLanguage":"fr-FR"},{"@type":"Organization","@id":"https:\/\/www.webdo.tn\/fr\/#organization","name":"Webdo","alternateName":"Webdo.tn","url":"https:\/\/www.webdo.tn\/fr\/","logo":{"@type":"ImageObject","inLanguage":"fr-FR","@id":"https:\/\/www.webdo.tn\/fr\/#\/schema\/logo\/image\/","url":"https:\/\/www.webdo.tn\/fr\/wp-content\/uploads\/2025\/06\/Webdo-Tunisie_168377.jpg","contentUrl":"https:\/\/www.webdo.tn\/fr\/wp-content\/uploads\/2025\/06\/Webdo-Tunisie_168377.jpg","width":301,"height":301,"caption":"Webdo"},"image":{"@id":"https:\/\/www.webdo.tn\/fr\/#\/schema\/logo\/image\/"},"sameAs":["https:\/\/www.facebook.com\/webdotn","https:\/\/x.com\/webdo_tn"],"description":"Webdo est un m\u00e9dia num\u00e9rique tunisien fond\u00e9 en 2010, sp\u00e9cialis\u00e9 dans l\u2019actualit\u00e9 nationale et internationale, l\u2019\u00e9conomie, la soci\u00e9t\u00e9 et les analyses politiques. Le site s\u2019adresse \u00e0 un large public francophone et couvre l\u2019information tunisienne en temps r\u00e9el.","email":"redac@webdo.tn","legalName":"YNJ SARL","foundingDate":"2010-09-06","numberOfEmployees":{"@type":"QuantitativeValue","minValue":"11","maxValue":"50"}},{"@type":"Person","@id":"https:\/\/www.webdo.tn\/fr\/#\/schema\/person\/5663044c25eb36d8f88ba5b653f12f8c","name":"Ramzi Haddad","image":{"@type":"ImageObject","inLanguage":"fr-FR","@id":"https:\/\/www.webdo.tn\/fr\/wp-content\/uploads\/2026\/04\/ramzi-haddad_avatar-96x96.jpg","url":"https:\/\/www.webdo.tn\/fr\/wp-content\/uploads\/2026\/04\/ramzi-haddad_avatar-96x96.jpg","contentUrl":"https:\/\/www.webdo.tn\/fr\/wp-content\/uploads\/2026\/04\/ramzi-haddad_avatar-96x96.jpg","caption":"Ramzi Haddad"},"description":"Signature \u00e9ditoriale de Walid Ben Youssef Ramzi Haddad est le pseudonyme \u00e9ditorial de Walid Ben Youssef, fondateur et g\u00e9rant de Webdo.tn. Cette signature est d\u00e9di\u00e9e \u00e0 la couverture de l'actualit\u00e9 nationale et internationale, ainsi qu'aux analyses des dynamiques num\u00e9riques. Ce profil b\u00e9n\u00e9ficie de l'expertise de Walid Ben Youssef, pionnier du web en Tunisie depuis 2000 et dipl\u00f4m\u00e9 en Math\u00e9matiques pures de l'Universit\u00e9 d'Oregon. \u00c0 travers cette signature, la r\u00e9daction de Webdo garantit une information structur\u00e9e et v\u00e9rifi\u00e9e, fid\u00e8le aux standards journalistiques du m\u00e9dia.","url":"https:\/\/www.webdo.tn\/fr\/actualite\/author\/ramzi-haddad\/"}]}},"_links":{"self":[{"href":"https:\/\/www.webdo.tn\/fr\/wp-json\/wp\/v2\/posts\/220916","targetHints":{"allow":["GET"]}}],"collection":[{"href":"https:\/\/www.webdo.tn\/fr\/wp-json\/wp\/v2\/posts"}],"about":[{"href":"https:\/\/www.webdo.tn\/fr\/wp-json\/wp\/v2\/types\/post"}],"author":[{"embeddable":true,"href":"https:\/\/www.webdo.tn\/fr\/wp-json\/wp\/v2\/users\/3203"}],"replies":[{"embeddable":true,"href":"https:\/\/www.webdo.tn\/fr\/wp-json\/wp\/v2\/comments?post=220916"}],"version-history":[{"count":0,"href":"https:\/\/www.webdo.tn\/fr\/wp-json\/wp\/v2\/posts\/220916\/revisions"}],"wp:featuredmedia":[{"embeddable":true,"href":"https:\/\/www.webdo.tn\/fr\/wp-json\/wp\/v2\/media\/292152"}],"wp:attachment":[{"href":"https:\/\/www.webdo.tn\/fr\/wp-json\/wp\/v2\/media?parent=220916"}],"wp:term":[{"taxonomy":"category","embeddable":true,"href":"https:\/\/www.webdo.tn\/fr\/wp-json\/wp\/v2\/categories?post=220916"},{"taxonomy":"post_tag","embeddable":true,"href":"https:\/\/www.webdo.tn\/fr\/wp-json\/wp\/v2\/tags?post=220916"}],"curies":[{"name":"wp","href":"https:\/\/api.w.org\/{rel}","templated":true}]}}