{"id":220915,"date":"2025-03-30T12:07:00","date_gmt":"2025-03-30T12:07:00","guid":{"rendered":"https:\/\/www.webdo.tn\/fr\/blog\/gaza-aid-el-fitr-ensanglante-sous-les-bombardements-israeliens\/220915\/"},"modified":"2025-03-30T12:07:00","modified_gmt":"2025-03-30T12:07:00","slug":"gaza-aid-el-fitr-ensanglante-sous-les-bombardements-israeliens","status":"publish","type":"post","link":"https:\/\/www.webdo.tn\/fr\/actualite\/international\/gaza-aid-el-fitr-ensanglante-sous-les-bombardements-israeliens\/220915\/","title":{"rendered":"Gaza : A\u00efd El-Fitr ensanglant\u00e9 sous les bombardements isra\u00e9liens"},"content":{"rendered":"<p>Gaza a v\u00e9cu un A\u00efd al-Fitr tragique, ce 30 mars, sous les bombardements isra\u00e9liens, avec au moins 20 morts, principalement des femmes et des enfants, selon les autorit\u00e9s sanitaires.<\/p>\n<p>\t\t\t\t\t\t\t\t\tAlors que le Premier ministre isra\u00e9lien Benjamin Netanyahu a annonc\u00e9 une contre-proposition \u00e0 un plan de cessez-le-feu accept\u00e9 par le Hamas, la population palestinienne endure une crise humanitaire catastrophique. Le minist\u00e8re de la Sant\u00e9 de Gaza recense 50 277 morts et 114 095 bless\u00e9s depuis le d\u00e9but de la guerre, tandis que le Bureau des m\u00e9dias gouvernementaux \u00e9voque plus de 61 700 victimes, incluant des milliers de disparus sous les d\u00e9combres.<\/p>\n<p>Les familles, priv\u00e9es de nourriture et de ressources, ont marqu\u00e9 la fin du Ramadan par des pri\u00e8res pr\u00e8s de mosqu\u00e9es d\u00e9truites. \u00ab C\u2019est l\u2019Eid de la tristesse \u00bb, t\u00e9moigne Adel al-Shaer, \u00e9voquant la perte de 20 membres de sa famille, dont quatre neveux, rapporte Al Jazeera. Depuis la rupture de la tr\u00eave le 18 mars, Isra\u00ebl a intensifi\u00e9 ses frappes et bloqu\u00e9 l\u2019aide humanitaire, aggravant la famine.<\/p>\n<p>Les m\u00e9diateurs \u00e9gyptiens et qataris tentent de relancer les n\u00e9gociations, le Hamas ayant accept\u00e9 un nouveau plan de paix. Isra\u00ebl, en coordination avec les \u00c9tats-Unis, a soumis une contre-offre. Plus de 50 000 Palestiniens ont p\u00e9ri dans ce que la majorit\u00e9 des observateurs dans le monde qualifient de g\u00e9nocide, alors que les appels internationaux pour un arr\u00eat des violences restent sans r\u00e9ponse.<\/p>\n","protected":false},"excerpt":{"rendered":"<p>Le 30 mars, Gaza vit un A\u00efd El-Fitr tragique sous les bombardements isra\u00e9liens, avec plus de 50 000 morts depuis le d\u00e9but du conflit. Une population d\u00e9vast\u00e9e, d&#8230;<\/p>\n","protected":false},"author":4779,"featured_media":292148,"comment_status":"open","ping_status":"closed","sticky":false,"template":"","format":"standard","meta":{"footnotes":""},"categories":[2598],"tags":[11125,3420,2689],"class_list":["post-220915","post","type-post","status-publish","format-standard","has-post-thumbnail","hentry","category-international","tag-bombardements-israeliens","tag-aid-el-fitr","tag-gaza"],"yoast_head":"<!-- This site is optimized with the Yoast SEO Premium plugin v27.5 (Yoast SEO v27.5) - https:\/\/yoast.com\/product\/yoast-seo-premium-wordpress\/ -->\n<title>Gaza : A\u00efd El-Fitr ensanglant\u00e9 sous les bombardements isra\u00e9liens<\/title>\n<meta name=\"description\" content=\"Le 30 mars, Gaza vit un A\u00efd El-Fitr tragique sous les bombardements isra\u00e9liens, avec plus de 50 000 morts depuis le d\u00e9but du conflit. Une population d\u00e9vast\u00e9e, d...\" \/>\n<link rel=\"canonical\" href=\"https:\/\/www.webdo.tn\/fr\/actualite\/international\/gaza-aid-el-fitr-ensanglante-sous-les-bombardements-israeliens\/220915\/\" \/>\n<meta property=\"og:locale\" content=\"fr_FR\" \/>\n<meta property=\"og:type\" content=\"article\" \/>\n<meta property=\"og:title\" content=\"Gaza : A\u00efd El-Fitr ensanglant\u00e9 sous les bombardements isra\u00e9liens\" \/>\n<meta property=\"og:description\" content=\"Le 30 mars, Gaza vit un A\u00efd El-Fitr tragique sous les bombardements isra\u00e9liens, avec plus de 50 000 morts depuis le d\u00e9but du conflit. Une population d\u00e9vast\u00e9e, d...\" \/>\n<meta property=\"og:url\" content=\"https:\/\/www.webdo.tn\/fr\/actualite\/international\/gaza-aid-el-fitr-ensanglante-sous-les-bombardements-israeliens\/220915\/\" \/>\n<meta property=\"og:site_name\" content=\"webdo\" \/>\n<meta property=\"article:publisher\" content=\"https:\/\/www.facebook.com\/webdotn\" \/>\n<meta property=\"article:published_time\" content=\"2025-03-30T12:07:00+00:00\" \/>\n<meta property=\"og:image\" content=\"https:\/\/www.webdo.tn\/fr\/wp-content\/uploads\/2025\/03\/1a1afda49750b1c332015ceca51e3803.webp\" \/>\n\t<meta property=\"og:image:width\" content=\"750\" \/>\n\t<meta property=\"og:image:height\" content=\"400\" \/>\n\t<meta property=\"og:image:type\" content=\"image\/webp\" \/>\n<meta name=\"author\" content=\"Firas Ben Abdeltif\" \/>\n<meta name=\"twitter:card\" content=\"summary_large_image\" \/>\n<meta name=\"twitter:creator\" content=\"@webdo_tn\" \/>\n<meta name=\"twitter:site\" content=\"@webdo_tn\" \/>\n<meta name=\"twitter:label1\" content=\"\u00c9crit par\" \/>\n\t<meta name=\"twitter:data1\" content=\"Firas Ben Abdeltif\" \/>\n\t<meta name=\"twitter:label2\" content=\"Dur\u00e9e de lecture estim\u00e9e\" \/>\n\t<meta name=\"twitter:data2\" content=\"1 minute\" \/>\n<script type=\"application\/ld+json\" class=\"yoast-schema-graph\">{\"@context\":\"https:\\\/\\\/schema.org\",\"@graph\":[{\"@type\":\"NewsArticle\",\"@id\":\"https:\\\/\\\/www.webdo.tn\\\/fr\\\/actualite\\\/international\\\/gaza-aid-el-fitr-ensanglante-sous-les-bombardements-israeliens\\\/220915\\\/#article\",\"isPartOf\":{\"@id\":\"https:\\\/\\\/www.webdo.tn\\\/fr\\\/actualite\\\/international\\\/gaza-aid-el-fitr-ensanglante-sous-les-bombardements-israeliens\\\/220915\\\/\"},\"author\":{\"name\":\"Firas Ben Abdeltif\",\"@id\":\"https:\\\/\\\/www.webdo.tn\\\/fr\\\/#\\\/schema\\\/person\\\/19664196c9bfdcda126f3c27709f7d11\"},\"headline\":\"Gaza : A\u00efd El-Fitr ensanglant\u00e9 sous les bombardements isra\u00e9liens\",\"datePublished\":\"2025-03-30T12:07:00+00:00\",\"mainEntityOfPage\":{\"@id\":\"https:\\\/\\\/www.webdo.tn\\\/fr\\\/actualite\\\/international\\\/gaza-aid-el-fitr-ensanglante-sous-les-bombardements-israeliens\\\/220915\\\/\"},\"wordCount\":252,\"commentCount\":0,\"publisher\":{\"@id\":\"https:\\\/\\\/www.webdo.tn\\\/fr\\\/#organization\"},\"image\":{\"@id\":\"https:\\\/\\\/www.webdo.tn\\\/fr\\\/actualite\\\/international\\\/gaza-aid-el-fitr-ensanglante-sous-les-bombardements-israeliens\\\/220915\\\/#primaryimage\"},\"thumbnailUrl\":\"https:\\\/\\\/www.webdo.tn\\\/fr\\\/wp-content\\\/uploads\\\/2025\\\/03\\\/1a1afda49750b1c332015ceca51e3803.webp\",\"keywords\":[\"'Bombardements isra\u00e9liens']\",\"A\u00efd-el-Fitr\",\"Gaza\"],\"articleSection\":[\"International\"],\"inLanguage\":\"fr-FR\"},{\"@type\":\"WebPage\",\"@id\":\"https:\\\/\\\/www.webdo.tn\\\/fr\\\/actualite\\\/international\\\/gaza-aid-el-fitr-ensanglante-sous-les-bombardements-israeliens\\\/220915\\\/\",\"url\":\"https:\\\/\\\/www.webdo.tn\\\/fr\\\/actualite\\\/international\\\/gaza-aid-el-fitr-ensanglante-sous-les-bombardements-israeliens\\\/220915\\\/\",\"name\":\"Gaza : A\u00efd El-Fitr ensanglant\u00e9 sous les bombardements isra\u00e9liens\",\"isPartOf\":{\"@id\":\"https:\\\/\\\/www.webdo.tn\\\/fr\\\/#website\"},\"primaryImageOfPage\":{\"@id\":\"https:\\\/\\\/www.webdo.tn\\\/fr\\\/actualite\\\/international\\\/gaza-aid-el-fitr-ensanglante-sous-les-bombardements-israeliens\\\/220915\\\/#primaryimage\"},\"image\":{\"@id\":\"https:\\\/\\\/www.webdo.tn\\\/fr\\\/actualite\\\/international\\\/gaza-aid-el-fitr-ensanglante-sous-les-bombardements-israeliens\\\/220915\\\/#primaryimage\"},\"thumbnailUrl\":\"https:\\\/\\\/www.webdo.tn\\\/fr\\\/wp-content\\\/uploads\\\/2025\\\/03\\\/1a1afda49750b1c332015ceca51e3803.webp\",\"datePublished\":\"2025-03-30T12:07:00+00:00\",\"description\":\"Le 30 mars, Gaza vit un A\u00efd El-Fitr tragique sous les bombardements isra\u00e9liens, avec plus de 50 000 morts depuis le d\u00e9but du conflit. Une population d\u00e9vast\u00e9e, d...\",\"breadcrumb\":{\"@id\":\"https:\\\/\\\/www.webdo.tn\\\/fr\\\/actualite\\\/international\\\/gaza-aid-el-fitr-ensanglante-sous-les-bombardements-israeliens\\\/220915\\\/#breadcrumb\"},\"inLanguage\":\"fr-FR\",\"potentialAction\":[{\"@type\":\"ReadAction\",\"target\":[\"https:\\\/\\\/www.webdo.tn\\\/fr\\\/actualite\\\/international\\\/gaza-aid-el-fitr-ensanglante-sous-les-bombardements-israeliens\\\/220915\\\/\"]}]},{\"@type\":\"ImageObject\",\"inLanguage\":\"fr-FR\",\"@id\":\"https:\\\/\\\/www.webdo.tn\\\/fr\\\/actualite\\\/international\\\/gaza-aid-el-fitr-ensanglante-sous-les-bombardements-israeliens\\\/220915\\\/#primaryimage\",\"url\":\"https:\\\/\\\/www.webdo.tn\\\/fr\\\/wp-content\\\/uploads\\\/2025\\\/03\\\/1a1afda49750b1c332015ceca51e3803.webp\",\"contentUrl\":\"https:\\\/\\\/www.webdo.tn\\\/fr\\\/wp-content\\\/uploads\\\/2025\\\/03\\\/1a1afda49750b1c332015ceca51e3803.webp\",\"width\":750,\"height\":400,\"caption\":\"Gaza : A\u00efd El-Fitr ensanglant\u00e9 sous les bombardements isra\u00e9liens\"},{\"@type\":\"BreadcrumbList\",\"@id\":\"https:\\\/\\\/www.webdo.tn\\\/fr\\\/actualite\\\/international\\\/gaza-aid-el-fitr-ensanglante-sous-les-bombardements-israeliens\\\/220915\\\/#breadcrumb\",\"itemListElement\":[{\"@type\":\"ListItem\",\"position\":1,\"name\":\"Accueil\",\"item\":\"https:\\\/\\\/www.webdo.tn\\\/fr\\\/\"},{\"@type\":\"ListItem\",\"position\":2,\"name\":\"Gaza : A\u00efd El-Fitr ensanglant\u00e9 sous les bombardements isra\u00e9liens\"}]},{\"@type\":\"WebSite\",\"@id\":\"https:\\\/\\\/www.webdo.tn\\\/fr\\\/#website\",\"url\":\"https:\\\/\\\/www.webdo.tn\\\/fr\\\/\",\"name\":\"webdo\",\"description\":\"Tunisie - News en Tunisie et \u00e0 l&#039;international sur Webdo.tn\",\"publisher\":{\"@id\":\"https:\\\/\\\/www.webdo.tn\\\/fr\\\/#organization\"},\"potentialAction\":[{\"@type\":\"SearchAction\",\"target\":{\"@type\":\"EntryPoint\",\"urlTemplate\":\"https:\\\/\\\/www.webdo.tn\\\/fr\\\/?s={search_term_string}\"},\"query-input\":{\"@type\":\"PropertyValueSpecification\",\"valueRequired\":true,\"valueName\":\"search_term_string\"}}],\"inLanguage\":\"fr-FR\"},{\"@type\":\"Organization\",\"@id\":\"https:\\\/\\\/www.webdo.tn\\\/fr\\\/#organization\",\"name\":\"Webdo\",\"alternateName\":\"Webdo.tn\",\"url\":\"https:\\\/\\\/www.webdo.tn\\\/fr\\\/\",\"logo\":{\"@type\":\"ImageObject\",\"inLanguage\":\"fr-FR\",\"@id\":\"https:\\\/\\\/www.webdo.tn\\\/fr\\\/#\\\/schema\\\/logo\\\/image\\\/\",\"url\":\"https:\\\/\\\/www.webdo.tn\\\/fr\\\/wp-content\\\/uploads\\\/2025\\\/06\\\/Webdo-Tunisie_168377.jpg\",\"contentUrl\":\"https:\\\/\\\/www.webdo.tn\\\/fr\\\/wp-content\\\/uploads\\\/2025\\\/06\\\/Webdo-Tunisie_168377.jpg\",\"width\":301,\"height\":301,\"caption\":\"Webdo\"},\"image\":{\"@id\":\"https:\\\/\\\/www.webdo.tn\\\/fr\\\/#\\\/schema\\\/logo\\\/image\\\/\"},\"sameAs\":[\"https:\\\/\\\/www.facebook.com\\\/webdotn\",\"https:\\\/\\\/x.com\\\/webdo_tn\"],\"description\":\"Webdo est un m\u00e9dia num\u00e9rique tunisien fond\u00e9 en 2010, sp\u00e9cialis\u00e9 dans l\u2019actualit\u00e9 nationale et internationale, l\u2019\u00e9conomie, la soci\u00e9t\u00e9 et les analyses politiques. Le site s\u2019adresse \u00e0 un large public francophone et couvre l\u2019information tunisienne en temps r\u00e9el.\",\"email\":\"redac@webdo.tn\",\"legalName\":\"YNJ SARL\",\"foundingDate\":\"2010-09-06\",\"numberOfEmployees\":{\"@type\":\"QuantitativeValue\",\"minValue\":\"11\",\"maxValue\":\"50\"}},{\"@type\":\"Person\",\"@id\":\"https:\\\/\\\/www.webdo.tn\\\/fr\\\/#\\\/schema\\\/person\\\/19664196c9bfdcda126f3c27709f7d11\",\"name\":\"Firas Ben Abdeltif\",\"image\":{\"@type\":\"ImageObject\",\"inLanguage\":\"fr-FR\",\"@id\":\"https:\\\/\\\/secure.gravatar.com\\\/avatar\\\/161a347d40df098a084778c52ed133dbd85f14df003867067c5948081241ec55?s=96&d=mm&r=g\",\"url\":\"https:\\\/\\\/secure.gravatar.com\\\/avatar\\\/161a347d40df098a084778c52ed133dbd85f14df003867067c5948081241ec55?s=96&d=mm&r=g\",\"contentUrl\":\"https:\\\/\\\/secure.gravatar.com\\\/avatar\\\/161a347d40df098a084778c52ed133dbd85f14df003867067c5948081241ec55?s=96&d=mm&r=g\",\"caption\":\"Firas Ben Abdeltif\"},\"url\":\"https:\\\/\\\/www.webdo.tn\\\/fr\\\/actualite\\\/author\\\/firas-ben-abdeltif\\\/\"}]}<\/script>\n<!-- \/ Yoast SEO Premium plugin. -->","yoast_head_json":{"title":"Gaza : A\u00efd El-Fitr ensanglant\u00e9 sous les bombardements isra\u00e9liens","description":"Le 30 mars, Gaza vit un A\u00efd El-Fitr tragique sous les bombardements isra\u00e9liens, avec plus de 50 000 morts depuis le d\u00e9but du conflit. Une population d\u00e9vast\u00e9e, d...","canonical":"https:\/\/www.webdo.tn\/fr\/actualite\/international\/gaza-aid-el-fitr-ensanglante-sous-les-bombardements-israeliens\/220915\/","og_locale":"fr_FR","og_type":"article","og_title":"Gaza : A\u00efd El-Fitr ensanglant\u00e9 sous les bombardements isra\u00e9liens","og_description":"Le 30 mars, Gaza vit un A\u00efd El-Fitr tragique sous les bombardements isra\u00e9liens, avec plus de 50 000 morts depuis le d\u00e9but du conflit. Une population d\u00e9vast\u00e9e, d...","og_url":"https:\/\/www.webdo.tn\/fr\/actualite\/international\/gaza-aid-el-fitr-ensanglante-sous-les-bombardements-israeliens\/220915\/","og_site_name":"webdo","article_publisher":"https:\/\/www.facebook.com\/webdotn","article_published_time":"2025-03-30T12:07:00+00:00","og_image":[{"width":750,"height":400,"url":"https:\/\/www.webdo.tn\/fr\/wp-content\/uploads\/2025\/03\/1a1afda49750b1c332015ceca51e3803.webp","type":"image\/webp"}],"author":"Firas Ben Abdeltif","twitter_card":"summary_large_image","twitter_creator":"@webdo_tn","twitter_site":"@webdo_tn","twitter_misc":{"\u00c9crit par":"Firas Ben Abdeltif","Dur\u00e9e de lecture estim\u00e9e":"1 minute"},"schema":{"@context":"https:\/\/schema.org","@graph":[{"@type":"NewsArticle","@id":"https:\/\/www.webdo.tn\/fr\/actualite\/international\/gaza-aid-el-fitr-ensanglante-sous-les-bombardements-israeliens\/220915\/#article","isPartOf":{"@id":"https:\/\/www.webdo.tn\/fr\/actualite\/international\/gaza-aid-el-fitr-ensanglante-sous-les-bombardements-israeliens\/220915\/"},"author":{"name":"Firas Ben Abdeltif","@id":"https:\/\/www.webdo.tn\/fr\/#\/schema\/person\/19664196c9bfdcda126f3c27709f7d11"},"headline":"Gaza : A\u00efd El-Fitr ensanglant\u00e9 sous les bombardements isra\u00e9liens","datePublished":"2025-03-30T12:07:00+00:00","mainEntityOfPage":{"@id":"https:\/\/www.webdo.tn\/fr\/actualite\/international\/gaza-aid-el-fitr-ensanglante-sous-les-bombardements-israeliens\/220915\/"},"wordCount":252,"commentCount":0,"publisher":{"@id":"https:\/\/www.webdo.tn\/fr\/#organization"},"image":{"@id":"https:\/\/www.webdo.tn\/fr\/actualite\/international\/gaza-aid-el-fitr-ensanglante-sous-les-bombardements-israeliens\/220915\/#primaryimage"},"thumbnailUrl":"https:\/\/www.webdo.tn\/fr\/wp-content\/uploads\/2025\/03\/1a1afda49750b1c332015ceca51e3803.webp","keywords":["'Bombardements isra\u00e9liens']","A\u00efd-el-Fitr","Gaza"],"articleSection":["International"],"inLanguage":"fr-FR"},{"@type":"WebPage","@id":"https:\/\/www.webdo.tn\/fr\/actualite\/international\/gaza-aid-el-fitr-ensanglante-sous-les-bombardements-israeliens\/220915\/","url":"https:\/\/www.webdo.tn\/fr\/actualite\/international\/gaza-aid-el-fitr-ensanglante-sous-les-bombardements-israeliens\/220915\/","name":"Gaza : A\u00efd El-Fitr ensanglant\u00e9 sous les bombardements isra\u00e9liens","isPartOf":{"@id":"https:\/\/www.webdo.tn\/fr\/#website"},"primaryImageOfPage":{"@id":"https:\/\/www.webdo.tn\/fr\/actualite\/international\/gaza-aid-el-fitr-ensanglante-sous-les-bombardements-israeliens\/220915\/#primaryimage"},"image":{"@id":"https:\/\/www.webdo.tn\/fr\/actualite\/international\/gaza-aid-el-fitr-ensanglante-sous-les-bombardements-israeliens\/220915\/#primaryimage"},"thumbnailUrl":"https:\/\/www.webdo.tn\/fr\/wp-content\/uploads\/2025\/03\/1a1afda49750b1c332015ceca51e3803.webp","datePublished":"2025-03-30T12:07:00+00:00","description":"Le 30 mars, Gaza vit un A\u00efd El-Fitr tragique sous les bombardements isra\u00e9liens, avec plus de 50 000 morts depuis le d\u00e9but du conflit. Une population d\u00e9vast\u00e9e, d...","breadcrumb":{"@id":"https:\/\/www.webdo.tn\/fr\/actualite\/international\/gaza-aid-el-fitr-ensanglante-sous-les-bombardements-israeliens\/220915\/#breadcrumb"},"inLanguage":"fr-FR","potentialAction":[{"@type":"ReadAction","target":["https:\/\/www.webdo.tn\/fr\/actualite\/international\/gaza-aid-el-fitr-ensanglante-sous-les-bombardements-israeliens\/220915\/"]}]},{"@type":"ImageObject","inLanguage":"fr-FR","@id":"https:\/\/www.webdo.tn\/fr\/actualite\/international\/gaza-aid-el-fitr-ensanglante-sous-les-bombardements-israeliens\/220915\/#primaryimage","url":"https:\/\/www.webdo.tn\/fr\/wp-content\/uploads\/2025\/03\/1a1afda49750b1c332015ceca51e3803.webp","contentUrl":"https:\/\/www.webdo.tn\/fr\/wp-content\/uploads\/2025\/03\/1a1afda49750b1c332015ceca51e3803.webp","width":750,"height":400,"caption":"Gaza : A\u00efd El-Fitr ensanglant\u00e9 sous les bombardements isra\u00e9liens"},{"@type":"BreadcrumbList","@id":"https:\/\/www.webdo.tn\/fr\/actualite\/international\/gaza-aid-el-fitr-ensanglante-sous-les-bombardements-israeliens\/220915\/#breadcrumb","itemListElement":[{"@type":"ListItem","position":1,"name":"Accueil","item":"https:\/\/www.webdo.tn\/fr\/"},{"@type":"ListItem","position":2,"name":"Gaza : A\u00efd El-Fitr ensanglant\u00e9 sous les bombardements isra\u00e9liens"}]},{"@type":"WebSite","@id":"https:\/\/www.webdo.tn\/fr\/#website","url":"https:\/\/www.webdo.tn\/fr\/","name":"webdo","description":"Tunisie - News en Tunisie et \u00e0 l&#039;international sur Webdo.tn","publisher":{"@id":"https:\/\/www.webdo.tn\/fr\/#organization"},"potentialAction":[{"@type":"SearchAction","target":{"@type":"EntryPoint","urlTemplate":"https:\/\/www.webdo.tn\/fr\/?s={search_term_string}"},"query-input":{"@type":"PropertyValueSpecification","valueRequired":true,"valueName":"search_term_string"}}],"inLanguage":"fr-FR"},{"@type":"Organization","@id":"https:\/\/www.webdo.tn\/fr\/#organization","name":"Webdo","alternateName":"Webdo.tn","url":"https:\/\/www.webdo.tn\/fr\/","logo":{"@type":"ImageObject","inLanguage":"fr-FR","@id":"https:\/\/www.webdo.tn\/fr\/#\/schema\/logo\/image\/","url":"https:\/\/www.webdo.tn\/fr\/wp-content\/uploads\/2025\/06\/Webdo-Tunisie_168377.jpg","contentUrl":"https:\/\/www.webdo.tn\/fr\/wp-content\/uploads\/2025\/06\/Webdo-Tunisie_168377.jpg","width":301,"height":301,"caption":"Webdo"},"image":{"@id":"https:\/\/www.webdo.tn\/fr\/#\/schema\/logo\/image\/"},"sameAs":["https:\/\/www.facebook.com\/webdotn","https:\/\/x.com\/webdo_tn"],"description":"Webdo est un m\u00e9dia num\u00e9rique tunisien fond\u00e9 en 2010, sp\u00e9cialis\u00e9 dans l\u2019actualit\u00e9 nationale et internationale, l\u2019\u00e9conomie, la soci\u00e9t\u00e9 et les analyses politiques. Le site s\u2019adresse \u00e0 un large public francophone et couvre l\u2019information tunisienne en temps r\u00e9el.","email":"redac@webdo.tn","legalName":"YNJ SARL","foundingDate":"2010-09-06","numberOfEmployees":{"@type":"QuantitativeValue","minValue":"11","maxValue":"50"}},{"@type":"Person","@id":"https:\/\/www.webdo.tn\/fr\/#\/schema\/person\/19664196c9bfdcda126f3c27709f7d11","name":"Firas Ben Abdeltif","image":{"@type":"ImageObject","inLanguage":"fr-FR","@id":"https:\/\/secure.gravatar.com\/avatar\/161a347d40df098a084778c52ed133dbd85f14df003867067c5948081241ec55?s=96&d=mm&r=g","url":"https:\/\/secure.gravatar.com\/avatar\/161a347d40df098a084778c52ed133dbd85f14df003867067c5948081241ec55?s=96&d=mm&r=g","contentUrl":"https:\/\/secure.gravatar.com\/avatar\/161a347d40df098a084778c52ed133dbd85f14df003867067c5948081241ec55?s=96&d=mm&r=g","caption":"Firas Ben Abdeltif"},"url":"https:\/\/www.webdo.tn\/fr\/actualite\/author\/firas-ben-abdeltif\/"}]}},"_links":{"self":[{"href":"https:\/\/www.webdo.tn\/fr\/wp-json\/wp\/v2\/posts\/220915","targetHints":{"allow":["GET"]}}],"collection":[{"href":"https:\/\/www.webdo.tn\/fr\/wp-json\/wp\/v2\/posts"}],"about":[{"href":"https:\/\/www.webdo.tn\/fr\/wp-json\/wp\/v2\/types\/post"}],"author":[{"embeddable":true,"href":"https:\/\/www.webdo.tn\/fr\/wp-json\/wp\/v2\/users\/4779"}],"replies":[{"embeddable":true,"href":"https:\/\/www.webdo.tn\/fr\/wp-json\/wp\/v2\/comments?post=220915"}],"version-history":[{"count":0,"href":"https:\/\/www.webdo.tn\/fr\/wp-json\/wp\/v2\/posts\/220915\/revisions"}],"wp:featuredmedia":[{"embeddable":true,"href":"https:\/\/www.webdo.tn\/fr\/wp-json\/wp\/v2\/media\/292148"}],"wp:attachment":[{"href":"https:\/\/www.webdo.tn\/fr\/wp-json\/wp\/v2\/media?parent=220915"}],"wp:term":[{"taxonomy":"category","embeddable":true,"href":"https:\/\/www.webdo.tn\/fr\/wp-json\/wp\/v2\/categories?post=220915"},{"taxonomy":"post_tag","embeddable":true,"href":"https:\/\/www.webdo.tn\/fr\/wp-json\/wp\/v2\/tags?post=220915"}],"curies":[{"name":"wp","href":"https:\/\/api.w.org\/{rel}","templated":true}]}}