{"id":220903,"date":"2025-03-29T09:13:00","date_gmt":"2025-03-29T09:13:00","guid":{"rendered":"https:\/\/www.webdo.tn\/fr\/blog\/2025\/03\/29\/apres-twitter-musk-recycle-x-en-cerveau-artificiel\/"},"modified":"2025-05-20T22:18:59","modified_gmt":"2025-05-20T22:18:59","slug":"apres-twitter-musk-recycle-x-en-cerveau-artificiel","status":"publish","type":"post","link":"https:\/\/www.webdo.tn\/fr\/actualite\/international\/apres-twitter-musk-recycle-x-en-cerveau-artificiel\/220903\/","title":{"rendered":"Apr\u00e8s Twitter, Musk recycle X en cerveau artificiel"},"content":{"rendered":"<p>Elon Musk franchit une nouvelle \u00e9tape dans son ambition de b\u00e2tir un \u00e9cosyst\u00e8me autour de l\u2019intelligence artificielle.\u00a0<\/p>\n<p>\t\t\t\t\t\t\t\t\tLe milliardaire a annonc\u00e9 vendredi que sa start-up sp\u00e9cialis\u00e9e dans l\u2019IA g\u00e9n\u00e9rative, xAI, avait acquis X (anciennement Twitter) dans le cadre d\u2019une transaction enti\u00e8rement r\u00e9alis\u00e9e en actions. L\u2019op\u00e9ration valorise le r\u00e9seau social \u00e0 33 milliards de dollars, hors dette.<\/p>\n<p>\u00ab Les avenirs de xAI et de X sont intimement li\u00e9s \u00bb, a d\u00e9clar\u00e9 Musk dans un message publi\u00e9 sur la plateforme. Il mise sur la synergie entre les deux entit\u00e9s pour cr\u00e9er des services plus performants et rentables, en combinant leurs donn\u00e9es, leurs capacit\u00e9s informatiques et leurs expertises respectives.<\/p>\n<p>Avec plus de 600 millions d\u2019utilisateurs, X repr\u00e9sente un atout strat\u00e9gique pour xAI. \u00ab Associer les capacit\u00e9s de xAI en intelligence artificielle avanc\u00e9e \u00e0 la port\u00e9e massive de X va lib\u00e9rer un immense potentiel \u00bb, a assur\u00e9 Musk, sans pr\u00e9ciser la fr\u00e9quence d\u2019utilisation du r\u00e9seau social.<\/p>\n<p>L\u2019op\u00e9ration, qui valorise xAI \u00e0 80 milliards de dollars, marque une nouvelle \u00e9tape dans la transformation de X en une plateforme multifonctionnelle int\u00e9grant IA, finance et communication en temps r\u00e9el.<\/p>\n","protected":false},"excerpt":{"rendered":"<p>Elon Musk annonce la fusion de X (anciennement Twitter) et de sa start-up d&rsquo;IA xAI. Une transaction en actions valorise X \u00e0 33 milliards de dollars, avec l&rsquo;ambi&#8230;<\/p>\n","protected":false},"author":3163,"featured_media":241434,"comment_status":"open","ping_status":"open","sticky":false,"template":"","format":"standard","meta":{"footnotes":""},"categories":[2598],"tags":[3455,2608,3453,3454],"class_list":["post-220903","post","type-post","status-publish","format-standard","has-post-thumbnail","hentry","category-international","tag-musk","tag-tunisie","tag-twitter","tag-x"],"yoast_head":"<!-- This site is optimized with the Yoast SEO Premium plugin v27.5 (Yoast SEO v27.5) - https:\/\/yoast.com\/product\/yoast-seo-premium-wordpress\/ -->\n<title>Apr\u00e8s Twitter, Musk recycle X en cerveau artificiel<\/title>\n<meta name=\"description\" content=\"Elon Musk annonce la fusion de X (anciennement Twitter) et de sa start-up d&#039;IA xAI. Une transaction en actions valorise X \u00e0 33 milliards de dollars, avec l&#039;ambi...\" \/>\n<link rel=\"canonical\" href=\"https:\/\/www.webdo.tn\/fr\/actualite\/international\/apres-twitter-musk-recycle-x-en-cerveau-artificiel\/220903\/\" \/>\n<meta property=\"og:locale\" content=\"fr_FR\" \/>\n<meta property=\"og:type\" content=\"article\" \/>\n<meta property=\"og:title\" content=\"Apr\u00e8s Twitter, Musk recycle X en cerveau artificiel\" \/>\n<meta property=\"og:description\" content=\"Elon Musk annonce la fusion de X (anciennement Twitter) et de sa start-up d&#039;IA xAI. Une transaction en actions valorise X \u00e0 33 milliards de dollars, avec l&#039;ambi...\" \/>\n<meta property=\"og:url\" content=\"https:\/\/www.webdo.tn\/fr\/actualite\/international\/apres-twitter-musk-recycle-x-en-cerveau-artificiel\/220903\/\" \/>\n<meta property=\"og:site_name\" content=\"webdo\" \/>\n<meta property=\"article:publisher\" content=\"https:\/\/www.facebook.com\/webdotn\" \/>\n<meta property=\"article:published_time\" content=\"2025-03-29T09:13:00+00:00\" \/>\n<meta property=\"article:modified_time\" content=\"2025-05-20T22:18:59+00:00\" \/>\n<meta property=\"og:image\" content=\"https:\/\/www.webdo.tn\/fr\/wp-content\/uploads\/2025\/05\/e550e47d1910b5432b562b6ef00d3a17-3.webp\" \/>\n\t<meta property=\"og:image:width\" content=\"750\" \/>\n\t<meta property=\"og:image:height\" content=\"400\" \/>\n\t<meta property=\"og:image:type\" content=\"image\/webp\" \/>\n<meta name=\"author\" content=\"KJ\" \/>\n<meta name=\"twitter:card\" content=\"summary_large_image\" \/>\n<meta name=\"twitter:creator\" content=\"@webdo_tn\" \/>\n<meta name=\"twitter:site\" content=\"@webdo_tn\" \/>\n<meta name=\"twitter:label1\" content=\"\u00c9crit par\" \/>\n\t<meta name=\"twitter:data1\" content=\"KJ\" \/>\n\t<meta name=\"twitter:label2\" content=\"Dur\u00e9e de lecture estim\u00e9e\" \/>\n\t<meta name=\"twitter:data2\" content=\"1 minute\" \/>\n<script type=\"application\/ld+json\" class=\"yoast-schema-graph\">{\"@context\":\"https:\\\/\\\/schema.org\",\"@graph\":[{\"@type\":\"NewsArticle\",\"@id\":\"https:\\\/\\\/www.webdo.tn\\\/fr\\\/actualite\\\/international\\\/apres-twitter-musk-recycle-x-en-cerveau-artificiel\\\/220903\\\/#article\",\"isPartOf\":{\"@id\":\"https:\\\/\\\/www.webdo.tn\\\/fr\\\/actualite\\\/international\\\/apres-twitter-musk-recycle-x-en-cerveau-artificiel\\\/220903\\\/\"},\"author\":{\"name\":\"KJ\",\"@id\":\"https:\\\/\\\/www.webdo.tn\\\/fr\\\/#\\\/schema\\\/person\\\/82ca085b22037d285e1a3c4b65ba5f71\"},\"headline\":\"Apr\u00e8s Twitter, Musk recycle X en cerveau artificiel\",\"datePublished\":\"2025-03-29T09:13:00+00:00\",\"dateModified\":\"2025-05-20T22:18:59+00:00\",\"mainEntityOfPage\":{\"@id\":\"https:\\\/\\\/www.webdo.tn\\\/fr\\\/actualite\\\/international\\\/apres-twitter-musk-recycle-x-en-cerveau-artificiel\\\/220903\\\/\"},\"wordCount\":217,\"commentCount\":0,\"publisher\":{\"@id\":\"https:\\\/\\\/www.webdo.tn\\\/fr\\\/#organization\"},\"image\":{\"@id\":\"https:\\\/\\\/www.webdo.tn\\\/fr\\\/actualite\\\/international\\\/apres-twitter-musk-recycle-x-en-cerveau-artificiel\\\/220903\\\/#primaryimage\"},\"thumbnailUrl\":\"https:\\\/\\\/www.webdo.tn\\\/fr\\\/wp-content\\\/uploads\\\/2025\\\/05\\\/e550e47d1910b5432b562b6ef00d3a17-3.webp\",\"keywords\":[\"Musk\",\"Tunisie\",\"Twitter\",\"X\"],\"articleSection\":[\"International\"],\"inLanguage\":\"fr-FR\"},{\"@type\":\"WebPage\",\"@id\":\"https:\\\/\\\/www.webdo.tn\\\/fr\\\/actualite\\\/international\\\/apres-twitter-musk-recycle-x-en-cerveau-artificiel\\\/220903\\\/\",\"url\":\"https:\\\/\\\/www.webdo.tn\\\/fr\\\/actualite\\\/international\\\/apres-twitter-musk-recycle-x-en-cerveau-artificiel\\\/220903\\\/\",\"name\":\"Apr\u00e8s Twitter, Musk recycle X en cerveau artificiel\",\"isPartOf\":{\"@id\":\"https:\\\/\\\/www.webdo.tn\\\/fr\\\/#website\"},\"primaryImageOfPage\":{\"@id\":\"https:\\\/\\\/www.webdo.tn\\\/fr\\\/actualite\\\/international\\\/apres-twitter-musk-recycle-x-en-cerveau-artificiel\\\/220903\\\/#primaryimage\"},\"image\":{\"@id\":\"https:\\\/\\\/www.webdo.tn\\\/fr\\\/actualite\\\/international\\\/apres-twitter-musk-recycle-x-en-cerveau-artificiel\\\/220903\\\/#primaryimage\"},\"thumbnailUrl\":\"https:\\\/\\\/www.webdo.tn\\\/fr\\\/wp-content\\\/uploads\\\/2025\\\/05\\\/e550e47d1910b5432b562b6ef00d3a17-3.webp\",\"datePublished\":\"2025-03-29T09:13:00+00:00\",\"dateModified\":\"2025-05-20T22:18:59+00:00\",\"description\":\"Elon Musk annonce la fusion de X (anciennement Twitter) et de sa start-up d'IA xAI. Une transaction en actions valorise X \u00e0 33 milliards de dollars, avec l'ambi...\",\"breadcrumb\":{\"@id\":\"https:\\\/\\\/www.webdo.tn\\\/fr\\\/actualite\\\/international\\\/apres-twitter-musk-recycle-x-en-cerveau-artificiel\\\/220903\\\/#breadcrumb\"},\"inLanguage\":\"fr-FR\",\"potentialAction\":[{\"@type\":\"ReadAction\",\"target\":[\"https:\\\/\\\/www.webdo.tn\\\/fr\\\/actualite\\\/international\\\/apres-twitter-musk-recycle-x-en-cerveau-artificiel\\\/220903\\\/\"]}]},{\"@type\":\"ImageObject\",\"inLanguage\":\"fr-FR\",\"@id\":\"https:\\\/\\\/www.webdo.tn\\\/fr\\\/actualite\\\/international\\\/apres-twitter-musk-recycle-x-en-cerveau-artificiel\\\/220903\\\/#primaryimage\",\"url\":\"https:\\\/\\\/www.webdo.tn\\\/fr\\\/wp-content\\\/uploads\\\/2025\\\/05\\\/e550e47d1910b5432b562b6ef00d3a17-3.webp\",\"contentUrl\":\"https:\\\/\\\/www.webdo.tn\\\/fr\\\/wp-content\\\/uploads\\\/2025\\\/05\\\/e550e47d1910b5432b562b6ef00d3a17-3.webp\",\"width\":750,\"height\":400},{\"@type\":\"BreadcrumbList\",\"@id\":\"https:\\\/\\\/www.webdo.tn\\\/fr\\\/actualite\\\/international\\\/apres-twitter-musk-recycle-x-en-cerveau-artificiel\\\/220903\\\/#breadcrumb\",\"itemListElement\":[{\"@type\":\"ListItem\",\"position\":1,\"name\":\"Accueil\",\"item\":\"https:\\\/\\\/www.webdo.tn\\\/fr\\\/\"},{\"@type\":\"ListItem\",\"position\":2,\"name\":\"Apr\u00e8s Twitter, Musk recycle X en cerveau artificiel\"}]},{\"@type\":\"WebSite\",\"@id\":\"https:\\\/\\\/www.webdo.tn\\\/fr\\\/#website\",\"url\":\"https:\\\/\\\/www.webdo.tn\\\/fr\\\/\",\"name\":\"webdo\",\"description\":\"Tunisie - News en Tunisie et \u00e0 l&#039;international sur Webdo.tn\",\"publisher\":{\"@id\":\"https:\\\/\\\/www.webdo.tn\\\/fr\\\/#organization\"},\"potentialAction\":[{\"@type\":\"SearchAction\",\"target\":{\"@type\":\"EntryPoint\",\"urlTemplate\":\"https:\\\/\\\/www.webdo.tn\\\/fr\\\/?s={search_term_string}\"},\"query-input\":{\"@type\":\"PropertyValueSpecification\",\"valueRequired\":true,\"valueName\":\"search_term_string\"}}],\"inLanguage\":\"fr-FR\"},{\"@type\":\"Organization\",\"@id\":\"https:\\\/\\\/www.webdo.tn\\\/fr\\\/#organization\",\"name\":\"Webdo\",\"alternateName\":\"Webdo.tn\",\"url\":\"https:\\\/\\\/www.webdo.tn\\\/fr\\\/\",\"logo\":{\"@type\":\"ImageObject\",\"inLanguage\":\"fr-FR\",\"@id\":\"https:\\\/\\\/www.webdo.tn\\\/fr\\\/#\\\/schema\\\/logo\\\/image\\\/\",\"url\":\"https:\\\/\\\/www.webdo.tn\\\/fr\\\/wp-content\\\/uploads\\\/2025\\\/06\\\/Webdo-Tunisie_168377.jpg\",\"contentUrl\":\"https:\\\/\\\/www.webdo.tn\\\/fr\\\/wp-content\\\/uploads\\\/2025\\\/06\\\/Webdo-Tunisie_168377.jpg\",\"width\":301,\"height\":301,\"caption\":\"Webdo\"},\"image\":{\"@id\":\"https:\\\/\\\/www.webdo.tn\\\/fr\\\/#\\\/schema\\\/logo\\\/image\\\/\"},\"sameAs\":[\"https:\\\/\\\/www.facebook.com\\\/webdotn\",\"https:\\\/\\\/x.com\\\/webdo_tn\"],\"description\":\"Webdo est un m\u00e9dia num\u00e9rique tunisien fond\u00e9 en 2010, sp\u00e9cialis\u00e9 dans l\u2019actualit\u00e9 nationale et internationale, l\u2019\u00e9conomie, la soci\u00e9t\u00e9 et les analyses politiques. Le site s\u2019adresse \u00e0 un large public francophone et couvre l\u2019information tunisienne en temps r\u00e9el.\",\"email\":\"redac@webdo.tn\",\"legalName\":\"YNJ SARL\",\"foundingDate\":\"2010-09-06\",\"numberOfEmployees\":{\"@type\":\"QuantitativeValue\",\"minValue\":\"11\",\"maxValue\":\"50\"}},{\"@type\":\"Person\",\"@id\":\"https:\\\/\\\/www.webdo.tn\\\/fr\\\/#\\\/schema\\\/person\\\/82ca085b22037d285e1a3c4b65ba5f71\",\"name\":\"KJ\",\"image\":{\"@type\":\"ImageObject\",\"inLanguage\":\"fr-FR\",\"@id\":\"https:\\\/\\\/secure.gravatar.com\\\/avatar\\\/1a1320de1c1971c893f00068f760b4113d69504aa21273da17ee95650c5944fd?s=96&d=mm&r=g\",\"url\":\"https:\\\/\\\/secure.gravatar.com\\\/avatar\\\/1a1320de1c1971c893f00068f760b4113d69504aa21273da17ee95650c5944fd?s=96&d=mm&r=g\",\"contentUrl\":\"https:\\\/\\\/secure.gravatar.com\\\/avatar\\\/1a1320de1c1971c893f00068f760b4113d69504aa21273da17ee95650c5944fd?s=96&d=mm&r=g\",\"caption\":\"KJ\"},\"url\":\"https:\\\/\\\/www.webdo.tn\\\/fr\\\/actualite\\\/author\\\/kj\\\/\"}]}<\/script>\n<!-- \/ Yoast SEO Premium plugin. -->","yoast_head_json":{"title":"Apr\u00e8s Twitter, Musk recycle X en cerveau artificiel","description":"Elon Musk annonce la fusion de X (anciennement Twitter) et de sa start-up d'IA xAI. Une transaction en actions valorise X \u00e0 33 milliards de dollars, avec l'ambi...","canonical":"https:\/\/www.webdo.tn\/fr\/actualite\/international\/apres-twitter-musk-recycle-x-en-cerveau-artificiel\/220903\/","og_locale":"fr_FR","og_type":"article","og_title":"Apr\u00e8s Twitter, Musk recycle X en cerveau artificiel","og_description":"Elon Musk annonce la fusion de X (anciennement Twitter) et de sa start-up d'IA xAI. Une transaction en actions valorise X \u00e0 33 milliards de dollars, avec l'ambi...","og_url":"https:\/\/www.webdo.tn\/fr\/actualite\/international\/apres-twitter-musk-recycle-x-en-cerveau-artificiel\/220903\/","og_site_name":"webdo","article_publisher":"https:\/\/www.facebook.com\/webdotn","article_published_time":"2025-03-29T09:13:00+00:00","article_modified_time":"2025-05-20T22:18:59+00:00","og_image":[{"width":750,"height":400,"url":"https:\/\/www.webdo.tn\/fr\/wp-content\/uploads\/2025\/05\/e550e47d1910b5432b562b6ef00d3a17-3.webp","type":"image\/webp"}],"author":"KJ","twitter_card":"summary_large_image","twitter_creator":"@webdo_tn","twitter_site":"@webdo_tn","twitter_misc":{"\u00c9crit par":"KJ","Dur\u00e9e de lecture estim\u00e9e":"1 minute"},"schema":{"@context":"https:\/\/schema.org","@graph":[{"@type":"NewsArticle","@id":"https:\/\/www.webdo.tn\/fr\/actualite\/international\/apres-twitter-musk-recycle-x-en-cerveau-artificiel\/220903\/#article","isPartOf":{"@id":"https:\/\/www.webdo.tn\/fr\/actualite\/international\/apres-twitter-musk-recycle-x-en-cerveau-artificiel\/220903\/"},"author":{"name":"KJ","@id":"https:\/\/www.webdo.tn\/fr\/#\/schema\/person\/82ca085b22037d285e1a3c4b65ba5f71"},"headline":"Apr\u00e8s Twitter, Musk recycle X en cerveau artificiel","datePublished":"2025-03-29T09:13:00+00:00","dateModified":"2025-05-20T22:18:59+00:00","mainEntityOfPage":{"@id":"https:\/\/www.webdo.tn\/fr\/actualite\/international\/apres-twitter-musk-recycle-x-en-cerveau-artificiel\/220903\/"},"wordCount":217,"commentCount":0,"publisher":{"@id":"https:\/\/www.webdo.tn\/fr\/#organization"},"image":{"@id":"https:\/\/www.webdo.tn\/fr\/actualite\/international\/apres-twitter-musk-recycle-x-en-cerveau-artificiel\/220903\/#primaryimage"},"thumbnailUrl":"https:\/\/www.webdo.tn\/fr\/wp-content\/uploads\/2025\/05\/e550e47d1910b5432b562b6ef00d3a17-3.webp","keywords":["Musk","Tunisie","Twitter","X"],"articleSection":["International"],"inLanguage":"fr-FR"},{"@type":"WebPage","@id":"https:\/\/www.webdo.tn\/fr\/actualite\/international\/apres-twitter-musk-recycle-x-en-cerveau-artificiel\/220903\/","url":"https:\/\/www.webdo.tn\/fr\/actualite\/international\/apres-twitter-musk-recycle-x-en-cerveau-artificiel\/220903\/","name":"Apr\u00e8s Twitter, Musk recycle X en cerveau artificiel","isPartOf":{"@id":"https:\/\/www.webdo.tn\/fr\/#website"},"primaryImageOfPage":{"@id":"https:\/\/www.webdo.tn\/fr\/actualite\/international\/apres-twitter-musk-recycle-x-en-cerveau-artificiel\/220903\/#primaryimage"},"image":{"@id":"https:\/\/www.webdo.tn\/fr\/actualite\/international\/apres-twitter-musk-recycle-x-en-cerveau-artificiel\/220903\/#primaryimage"},"thumbnailUrl":"https:\/\/www.webdo.tn\/fr\/wp-content\/uploads\/2025\/05\/e550e47d1910b5432b562b6ef00d3a17-3.webp","datePublished":"2025-03-29T09:13:00+00:00","dateModified":"2025-05-20T22:18:59+00:00","description":"Elon Musk annonce la fusion de X (anciennement Twitter) et de sa start-up d'IA xAI. Une transaction en actions valorise X \u00e0 33 milliards de dollars, avec l'ambi...","breadcrumb":{"@id":"https:\/\/www.webdo.tn\/fr\/actualite\/international\/apres-twitter-musk-recycle-x-en-cerveau-artificiel\/220903\/#breadcrumb"},"inLanguage":"fr-FR","potentialAction":[{"@type":"ReadAction","target":["https:\/\/www.webdo.tn\/fr\/actualite\/international\/apres-twitter-musk-recycle-x-en-cerveau-artificiel\/220903\/"]}]},{"@type":"ImageObject","inLanguage":"fr-FR","@id":"https:\/\/www.webdo.tn\/fr\/actualite\/international\/apres-twitter-musk-recycle-x-en-cerveau-artificiel\/220903\/#primaryimage","url":"https:\/\/www.webdo.tn\/fr\/wp-content\/uploads\/2025\/05\/e550e47d1910b5432b562b6ef00d3a17-3.webp","contentUrl":"https:\/\/www.webdo.tn\/fr\/wp-content\/uploads\/2025\/05\/e550e47d1910b5432b562b6ef00d3a17-3.webp","width":750,"height":400},{"@type":"BreadcrumbList","@id":"https:\/\/www.webdo.tn\/fr\/actualite\/international\/apres-twitter-musk-recycle-x-en-cerveau-artificiel\/220903\/#breadcrumb","itemListElement":[{"@type":"ListItem","position":1,"name":"Accueil","item":"https:\/\/www.webdo.tn\/fr\/"},{"@type":"ListItem","position":2,"name":"Apr\u00e8s Twitter, Musk recycle X en cerveau artificiel"}]},{"@type":"WebSite","@id":"https:\/\/www.webdo.tn\/fr\/#website","url":"https:\/\/www.webdo.tn\/fr\/","name":"webdo","description":"Tunisie - News en Tunisie et \u00e0 l&#039;international sur Webdo.tn","publisher":{"@id":"https:\/\/www.webdo.tn\/fr\/#organization"},"potentialAction":[{"@type":"SearchAction","target":{"@type":"EntryPoint","urlTemplate":"https:\/\/www.webdo.tn\/fr\/?s={search_term_string}"},"query-input":{"@type":"PropertyValueSpecification","valueRequired":true,"valueName":"search_term_string"}}],"inLanguage":"fr-FR"},{"@type":"Organization","@id":"https:\/\/www.webdo.tn\/fr\/#organization","name":"Webdo","alternateName":"Webdo.tn","url":"https:\/\/www.webdo.tn\/fr\/","logo":{"@type":"ImageObject","inLanguage":"fr-FR","@id":"https:\/\/www.webdo.tn\/fr\/#\/schema\/logo\/image\/","url":"https:\/\/www.webdo.tn\/fr\/wp-content\/uploads\/2025\/06\/Webdo-Tunisie_168377.jpg","contentUrl":"https:\/\/www.webdo.tn\/fr\/wp-content\/uploads\/2025\/06\/Webdo-Tunisie_168377.jpg","width":301,"height":301,"caption":"Webdo"},"image":{"@id":"https:\/\/www.webdo.tn\/fr\/#\/schema\/logo\/image\/"},"sameAs":["https:\/\/www.facebook.com\/webdotn","https:\/\/x.com\/webdo_tn"],"description":"Webdo est un m\u00e9dia num\u00e9rique tunisien fond\u00e9 en 2010, sp\u00e9cialis\u00e9 dans l\u2019actualit\u00e9 nationale et internationale, l\u2019\u00e9conomie, la soci\u00e9t\u00e9 et les analyses politiques. Le site s\u2019adresse \u00e0 un large public francophone et couvre l\u2019information tunisienne en temps r\u00e9el.","email":"redac@webdo.tn","legalName":"YNJ SARL","foundingDate":"2010-09-06","numberOfEmployees":{"@type":"QuantitativeValue","minValue":"11","maxValue":"50"}},{"@type":"Person","@id":"https:\/\/www.webdo.tn\/fr\/#\/schema\/person\/82ca085b22037d285e1a3c4b65ba5f71","name":"KJ","image":{"@type":"ImageObject","inLanguage":"fr-FR","@id":"https:\/\/secure.gravatar.com\/avatar\/1a1320de1c1971c893f00068f760b4113d69504aa21273da17ee95650c5944fd?s=96&d=mm&r=g","url":"https:\/\/secure.gravatar.com\/avatar\/1a1320de1c1971c893f00068f760b4113d69504aa21273da17ee95650c5944fd?s=96&d=mm&r=g","contentUrl":"https:\/\/secure.gravatar.com\/avatar\/1a1320de1c1971c893f00068f760b4113d69504aa21273da17ee95650c5944fd?s=96&d=mm&r=g","caption":"KJ"},"url":"https:\/\/www.webdo.tn\/fr\/actualite\/author\/kj\/"}]}},"_links":{"self":[{"href":"https:\/\/www.webdo.tn\/fr\/wp-json\/wp\/v2\/posts\/220903","targetHints":{"allow":["GET"]}}],"collection":[{"href":"https:\/\/www.webdo.tn\/fr\/wp-json\/wp\/v2\/posts"}],"about":[{"href":"https:\/\/www.webdo.tn\/fr\/wp-json\/wp\/v2\/types\/post"}],"author":[{"embeddable":true,"href":"https:\/\/www.webdo.tn\/fr\/wp-json\/wp\/v2\/users\/3163"}],"replies":[{"embeddable":true,"href":"https:\/\/www.webdo.tn\/fr\/wp-json\/wp\/v2\/comments?post=220903"}],"version-history":[{"count":0,"href":"https:\/\/www.webdo.tn\/fr\/wp-json\/wp\/v2\/posts\/220903\/revisions"}],"wp:featuredmedia":[{"embeddable":true,"href":"https:\/\/www.webdo.tn\/fr\/wp-json\/wp\/v2\/media\/241434"}],"wp:attachment":[{"href":"https:\/\/www.webdo.tn\/fr\/wp-json\/wp\/v2\/media?parent=220903"}],"wp:term":[{"taxonomy":"category","embeddable":true,"href":"https:\/\/www.webdo.tn\/fr\/wp-json\/wp\/v2\/categories?post=220903"},{"taxonomy":"post_tag","embeddable":true,"href":"https:\/\/www.webdo.tn\/fr\/wp-json\/wp\/v2\/tags?post=220903"}],"curies":[{"name":"wp","href":"https:\/\/api.w.org\/{rel}","templated":true}]}}