{"id":220902,"date":"2025-03-29T08:38:00","date_gmt":"2025-03-29T08:38:00","guid":{"rendered":"https:\/\/www.webdo.tn\/fr\/blog\/2025\/03\/29\/tunisie-44-ans-de-prison-pour-six-libyens-impliques-dans-une-tentative-d-assassinat-politique\/"},"modified":"2025-05-20T22:18:59","modified_gmt":"2025-05-20T22:18:59","slug":"tunisie-44-ans-de-prison-pour-six-libyens-impliques-dans-une-tentative-d-assassinat-politique","status":"publish","type":"post","link":"https:\/\/www.webdo.tn\/fr\/actualite\/national\/tunisie-44-ans-de-prison-pour-six-libyens-impliques-dans-une-tentative-d-assassinat-politique\/220902\/","title":{"rendered":"Tunisie : 44 ans de prison pour six Libyens impliqu\u00e9s dans une tentative d&rsquo;assassinat politique"},"content":{"rendered":"<p>La chambre criminelle sp\u00e9cialis\u00e9e dans les affaires de terrorisme aupr\u00e8s du tribunal de premi\u00e8re instance de Tunis a condamn\u00e9 six accus\u00e9s libyens, dont quatre en d\u00e9tention, \u00e0 44 ans de prison chacun. Ils \u00e9taient jug\u00e9s pour leur implication dans une tentative d\u2019assassinat visant un responsable politique libyen en juillet 2024.<\/p>\n<p>\t\t\t\t\t\t\t\t\tL\u2019affaire remonte \u00e0 l\u2019annonce, en juillet 2024, par le bureau du procureur g\u00e9n\u00e9ral libyen de l\u2019\u00e9chec d\u2019un complot visant l\u2019assassinat d\u2019un conseiller du Premier ministre du Gouvernement d\u2019unit\u00e9 nationale, Abdelhamid Dbeibah.<\/p>\n<p>Le plan consistait \u00e0 pi\u00e9ger l\u2019itin\u00e9raire de son convoi avec un engin explosif dissimul\u00e9 dans une roue de v\u00e9hicule. Les autorit\u00e9s libyennes avaient alors arr\u00eat\u00e9 les principaux suspects et lanc\u00e9 des poursuites contre d\u2019autres complices hors du pays, en coop\u00e9ration avec des instances internationales.<\/p>\n<p>Les documents de l\u2019affaire r\u00e9v\u00e8lent que quatre des suspects ont \u00e9t\u00e9 arr\u00eat\u00e9s sur le sol tunisien, tandis que deux autres restent en fuite. Ils ont \u00e9t\u00e9 d\u00e9f\u00e9r\u00e9s devant la chambre criminelle antiterroriste du tribunal de Tunis. Les charges retenues contre eux incluent l\u2019intention de commettre un meurtre, la formation d\u2019un groupe en vue de perp\u00e9trer des actes terroristes, l\u2019appartenance \u00e0 une organisation terroriste, ainsi que la possession de munitions et d\u2019armes de guerre.<\/p>\n<p>Le 24 juillet 2024, le minist\u00e8re libyen de l\u2019Int\u00e9rieur a confirm\u00e9 que les autorit\u00e9s tunisiennes avaient arr\u00eat\u00e9 les suspects li\u00e9s \u00e0 la tentative d\u2019assassinat d\u2019Abdelmajid Mliqta, conseiller du Premier ministre Dbeibah. Selon les d\u00e9tails fournis, les quatre individus avaient fui vers la Tunisie apr\u00e8s leur crime. Leur arrestation a \u00e9t\u00e9 rendue possible gr\u00e2ce \u00e0 la coop\u00e9ration entre les forces de s\u00e9curit\u00e9 tunisiennes et le Bureau de police criminelle arabe et internationale.<\/p>\n","protected":false},"excerpt":{"rendered":"<p>Six Libyens ont \u00e9t\u00e9 condamn\u00e9s \u00e0 44 ans de prison en Tunisie pour une tentative d&rsquo;assassinat visant un conseiller du Premier ministre libyen Abdelhamid Dbeibah e&#8230;<\/p>\n","protected":false},"author":3163,"featured_media":241432,"comment_status":"open","ping_status":"open","sticky":false,"template":"","format":"standard","meta":{"footnotes":""},"categories":[44],"tags":[3260,3279,2708,2608],"class_list":["post-220902","post","type-post","status-publish","format-standard","has-post-thumbnail","hentry","category-national","tag-assassinat","tag-libye","tag-prison","tag-tunisie"],"yoast_head":"<!-- This site is optimized with the Yoast SEO Premium plugin v27.5 (Yoast SEO v27.5) - https:\/\/yoast.com\/product\/yoast-seo-premium-wordpress\/ -->\n<title>Tunisie : 44 ans de prison pour six Libyens impliqu\u00e9s dans une tentative d&#039;assassinat politique<\/title>\n<meta name=\"description\" content=\"Six Libyens ont \u00e9t\u00e9 condamn\u00e9s \u00e0 44 ans de prison en Tunisie pour une tentative d&#039;assassinat visant un conseiller du Premier ministre libyen Abdelhamid Dbeibah e...\" \/>\n<link rel=\"canonical\" href=\"https:\/\/www.webdo.tn\/fr\/actualite\/national\/tunisie-44-ans-de-prison-pour-six-libyens-impliques-dans-une-tentative-d-assassinat-politique\/220902\/\" \/>\n<meta property=\"og:locale\" content=\"fr_FR\" \/>\n<meta property=\"og:type\" content=\"article\" \/>\n<meta property=\"og:title\" content=\"Tunisie : 44 ans de prison pour six Libyens impliqu\u00e9s dans une tentative d&#039;assassinat politique\" \/>\n<meta property=\"og:description\" content=\"Six Libyens ont \u00e9t\u00e9 condamn\u00e9s \u00e0 44 ans de prison en Tunisie pour une tentative d&#039;assassinat visant un conseiller du Premier ministre libyen Abdelhamid Dbeibah e...\" \/>\n<meta property=\"og:url\" content=\"https:\/\/www.webdo.tn\/fr\/actualite\/national\/tunisie-44-ans-de-prison-pour-six-libyens-impliques-dans-une-tentative-d-assassinat-politique\/220902\/\" \/>\n<meta property=\"og:site_name\" content=\"webdo\" \/>\n<meta property=\"article:publisher\" content=\"https:\/\/www.facebook.com\/webdotn\" \/>\n<meta property=\"article:published_time\" content=\"2025-03-29T08:38:00+00:00\" \/>\n<meta property=\"article:modified_time\" content=\"2025-05-20T22:18:59+00:00\" \/>\n<meta property=\"og:image\" content=\"https:\/\/www.webdo.tn\/fr\/wp-content\/uploads\/2025\/05\/fb5a754b2f952ce290f6a5ff2d5fd197-3.webp\" \/>\n\t<meta property=\"og:image:width\" content=\"750\" \/>\n\t<meta property=\"og:image:height\" content=\"400\" \/>\n\t<meta property=\"og:image:type\" content=\"image\/webp\" \/>\n<meta name=\"author\" content=\"KJ\" \/>\n<meta name=\"twitter:card\" content=\"summary_large_image\" \/>\n<meta name=\"twitter:creator\" content=\"@webdo_tn\" \/>\n<meta name=\"twitter:site\" content=\"@webdo_tn\" \/>\n<meta name=\"twitter:label1\" content=\"\u00c9crit par\" \/>\n\t<meta name=\"twitter:data1\" content=\"KJ\" \/>\n\t<meta name=\"twitter:label2\" content=\"Dur\u00e9e de lecture estim\u00e9e\" \/>\n\t<meta name=\"twitter:data2\" content=\"2 minutes\" \/>\n<script type=\"application\/ld+json\" class=\"yoast-schema-graph\">{\"@context\":\"https:\\\/\\\/schema.org\",\"@graph\":[{\"@type\":\"NewsArticle\",\"@id\":\"https:\\\/\\\/www.webdo.tn\\\/fr\\\/actualite\\\/national\\\/tunisie-44-ans-de-prison-pour-six-libyens-impliques-dans-une-tentative-d-assassinat-politique\\\/220902\\\/#article\",\"isPartOf\":{\"@id\":\"https:\\\/\\\/www.webdo.tn\\\/fr\\\/actualite\\\/national\\\/tunisie-44-ans-de-prison-pour-six-libyens-impliques-dans-une-tentative-d-assassinat-politique\\\/220902\\\/\"},\"author\":{\"name\":\"KJ\",\"@id\":\"https:\\\/\\\/www.webdo.tn\\\/fr\\\/#\\\/schema\\\/person\\\/82ca085b22037d285e1a3c4b65ba5f71\"},\"headline\":\"Tunisie : 44 ans de prison pour six Libyens impliqu\u00e9s dans une tentative d&rsquo;assassinat politique\",\"datePublished\":\"2025-03-29T08:38:00+00:00\",\"dateModified\":\"2025-05-20T22:18:59+00:00\",\"mainEntityOfPage\":{\"@id\":\"https:\\\/\\\/www.webdo.tn\\\/fr\\\/actualite\\\/national\\\/tunisie-44-ans-de-prison-pour-six-libyens-impliques-dans-une-tentative-d-assassinat-politique\\\/220902\\\/\"},\"wordCount\":324,\"commentCount\":0,\"publisher\":{\"@id\":\"https:\\\/\\\/www.webdo.tn\\\/fr\\\/#organization\"},\"image\":{\"@id\":\"https:\\\/\\\/www.webdo.tn\\\/fr\\\/actualite\\\/national\\\/tunisie-44-ans-de-prison-pour-six-libyens-impliques-dans-une-tentative-d-assassinat-politique\\\/220902\\\/#primaryimage\"},\"thumbnailUrl\":\"https:\\\/\\\/www.webdo.tn\\\/fr\\\/wp-content\\\/uploads\\\/2025\\\/05\\\/fb5a754b2f952ce290f6a5ff2d5fd197-3.webp\",\"keywords\":[\"assassinat\",\"Libye\",\"Prison\",\"Tunisie\"],\"articleSection\":[\"National\"],\"inLanguage\":\"fr-FR\"},{\"@type\":\"WebPage\",\"@id\":\"https:\\\/\\\/www.webdo.tn\\\/fr\\\/actualite\\\/national\\\/tunisie-44-ans-de-prison-pour-six-libyens-impliques-dans-une-tentative-d-assassinat-politique\\\/220902\\\/\",\"url\":\"https:\\\/\\\/www.webdo.tn\\\/fr\\\/actualite\\\/national\\\/tunisie-44-ans-de-prison-pour-six-libyens-impliques-dans-une-tentative-d-assassinat-politique\\\/220902\\\/\",\"name\":\"Tunisie : 44 ans de prison pour six Libyens impliqu\u00e9s dans une tentative d'assassinat politique\",\"isPartOf\":{\"@id\":\"https:\\\/\\\/www.webdo.tn\\\/fr\\\/#website\"},\"primaryImageOfPage\":{\"@id\":\"https:\\\/\\\/www.webdo.tn\\\/fr\\\/actualite\\\/national\\\/tunisie-44-ans-de-prison-pour-six-libyens-impliques-dans-une-tentative-d-assassinat-politique\\\/220902\\\/#primaryimage\"},\"image\":{\"@id\":\"https:\\\/\\\/www.webdo.tn\\\/fr\\\/actualite\\\/national\\\/tunisie-44-ans-de-prison-pour-six-libyens-impliques-dans-une-tentative-d-assassinat-politique\\\/220902\\\/#primaryimage\"},\"thumbnailUrl\":\"https:\\\/\\\/www.webdo.tn\\\/fr\\\/wp-content\\\/uploads\\\/2025\\\/05\\\/fb5a754b2f952ce290f6a5ff2d5fd197-3.webp\",\"datePublished\":\"2025-03-29T08:38:00+00:00\",\"dateModified\":\"2025-05-20T22:18:59+00:00\",\"description\":\"Six Libyens ont \u00e9t\u00e9 condamn\u00e9s \u00e0 44 ans de prison en Tunisie pour une tentative d'assassinat visant un conseiller du Premier ministre libyen Abdelhamid Dbeibah e...\",\"breadcrumb\":{\"@id\":\"https:\\\/\\\/www.webdo.tn\\\/fr\\\/actualite\\\/national\\\/tunisie-44-ans-de-prison-pour-six-libyens-impliques-dans-une-tentative-d-assassinat-politique\\\/220902\\\/#breadcrumb\"},\"inLanguage\":\"fr-FR\",\"potentialAction\":[{\"@type\":\"ReadAction\",\"target\":[\"https:\\\/\\\/www.webdo.tn\\\/fr\\\/actualite\\\/national\\\/tunisie-44-ans-de-prison-pour-six-libyens-impliques-dans-une-tentative-d-assassinat-politique\\\/220902\\\/\"]}]},{\"@type\":\"ImageObject\",\"inLanguage\":\"fr-FR\",\"@id\":\"https:\\\/\\\/www.webdo.tn\\\/fr\\\/actualite\\\/national\\\/tunisie-44-ans-de-prison-pour-six-libyens-impliques-dans-une-tentative-d-assassinat-politique\\\/220902\\\/#primaryimage\",\"url\":\"https:\\\/\\\/www.webdo.tn\\\/fr\\\/wp-content\\\/uploads\\\/2025\\\/05\\\/fb5a754b2f952ce290f6a5ff2d5fd197-3.webp\",\"contentUrl\":\"https:\\\/\\\/www.webdo.tn\\\/fr\\\/wp-content\\\/uploads\\\/2025\\\/05\\\/fb5a754b2f952ce290f6a5ff2d5fd197-3.webp\",\"width\":750,\"height\":400},{\"@type\":\"BreadcrumbList\",\"@id\":\"https:\\\/\\\/www.webdo.tn\\\/fr\\\/actualite\\\/national\\\/tunisie-44-ans-de-prison-pour-six-libyens-impliques-dans-une-tentative-d-assassinat-politique\\\/220902\\\/#breadcrumb\",\"itemListElement\":[{\"@type\":\"ListItem\",\"position\":1,\"name\":\"Accueil\",\"item\":\"https:\\\/\\\/www.webdo.tn\\\/fr\\\/\"},{\"@type\":\"ListItem\",\"position\":2,\"name\":\"Tunisie : 44 ans de prison pour six Libyens impliqu\u00e9s dans une tentative d&#8217;assassinat politique\"}]},{\"@type\":\"WebSite\",\"@id\":\"https:\\\/\\\/www.webdo.tn\\\/fr\\\/#website\",\"url\":\"https:\\\/\\\/www.webdo.tn\\\/fr\\\/\",\"name\":\"webdo\",\"description\":\"Tunisie - News en Tunisie et \u00e0 l&#039;international sur Webdo.tn\",\"publisher\":{\"@id\":\"https:\\\/\\\/www.webdo.tn\\\/fr\\\/#organization\"},\"potentialAction\":[{\"@type\":\"SearchAction\",\"target\":{\"@type\":\"EntryPoint\",\"urlTemplate\":\"https:\\\/\\\/www.webdo.tn\\\/fr\\\/?s={search_term_string}\"},\"query-input\":{\"@type\":\"PropertyValueSpecification\",\"valueRequired\":true,\"valueName\":\"search_term_string\"}}],\"inLanguage\":\"fr-FR\"},{\"@type\":\"Organization\",\"@id\":\"https:\\\/\\\/www.webdo.tn\\\/fr\\\/#organization\",\"name\":\"Webdo\",\"alternateName\":\"Webdo.tn\",\"url\":\"https:\\\/\\\/www.webdo.tn\\\/fr\\\/\",\"logo\":{\"@type\":\"ImageObject\",\"inLanguage\":\"fr-FR\",\"@id\":\"https:\\\/\\\/www.webdo.tn\\\/fr\\\/#\\\/schema\\\/logo\\\/image\\\/\",\"url\":\"https:\\\/\\\/www.webdo.tn\\\/fr\\\/wp-content\\\/uploads\\\/2025\\\/06\\\/Webdo-Tunisie_168377.jpg\",\"contentUrl\":\"https:\\\/\\\/www.webdo.tn\\\/fr\\\/wp-content\\\/uploads\\\/2025\\\/06\\\/Webdo-Tunisie_168377.jpg\",\"width\":301,\"height\":301,\"caption\":\"Webdo\"},\"image\":{\"@id\":\"https:\\\/\\\/www.webdo.tn\\\/fr\\\/#\\\/schema\\\/logo\\\/image\\\/\"},\"sameAs\":[\"https:\\\/\\\/www.facebook.com\\\/webdotn\",\"https:\\\/\\\/x.com\\\/webdo_tn\"],\"description\":\"Webdo est un m\u00e9dia num\u00e9rique tunisien fond\u00e9 en 2010, sp\u00e9cialis\u00e9 dans l\u2019actualit\u00e9 nationale et internationale, l\u2019\u00e9conomie, la soci\u00e9t\u00e9 et les analyses politiques. Le site s\u2019adresse \u00e0 un large public francophone et couvre l\u2019information tunisienne en temps r\u00e9el.\",\"email\":\"redac@webdo.tn\",\"legalName\":\"YNJ SARL\",\"foundingDate\":\"2010-09-06\",\"numberOfEmployees\":{\"@type\":\"QuantitativeValue\",\"minValue\":\"11\",\"maxValue\":\"50\"}},{\"@type\":\"Person\",\"@id\":\"https:\\\/\\\/www.webdo.tn\\\/fr\\\/#\\\/schema\\\/person\\\/82ca085b22037d285e1a3c4b65ba5f71\",\"name\":\"KJ\",\"image\":{\"@type\":\"ImageObject\",\"inLanguage\":\"fr-FR\",\"@id\":\"https:\\\/\\\/secure.gravatar.com\\\/avatar\\\/1a1320de1c1971c893f00068f760b4113d69504aa21273da17ee95650c5944fd?s=96&d=mm&r=g\",\"url\":\"https:\\\/\\\/secure.gravatar.com\\\/avatar\\\/1a1320de1c1971c893f00068f760b4113d69504aa21273da17ee95650c5944fd?s=96&d=mm&r=g\",\"contentUrl\":\"https:\\\/\\\/secure.gravatar.com\\\/avatar\\\/1a1320de1c1971c893f00068f760b4113d69504aa21273da17ee95650c5944fd?s=96&d=mm&r=g\",\"caption\":\"KJ\"},\"url\":\"https:\\\/\\\/www.webdo.tn\\\/fr\\\/actualite\\\/author\\\/kj\\\/\"}]}<\/script>\n<!-- \/ Yoast SEO Premium plugin. -->","yoast_head_json":{"title":"Tunisie : 44 ans de prison pour six Libyens impliqu\u00e9s dans une tentative d'assassinat politique","description":"Six Libyens ont \u00e9t\u00e9 condamn\u00e9s \u00e0 44 ans de prison en Tunisie pour une tentative d'assassinat visant un conseiller du Premier ministre libyen Abdelhamid Dbeibah e...","canonical":"https:\/\/www.webdo.tn\/fr\/actualite\/national\/tunisie-44-ans-de-prison-pour-six-libyens-impliques-dans-une-tentative-d-assassinat-politique\/220902\/","og_locale":"fr_FR","og_type":"article","og_title":"Tunisie : 44 ans de prison pour six Libyens impliqu\u00e9s dans une tentative d'assassinat politique","og_description":"Six Libyens ont \u00e9t\u00e9 condamn\u00e9s \u00e0 44 ans de prison en Tunisie pour une tentative d'assassinat visant un conseiller du Premier ministre libyen Abdelhamid Dbeibah e...","og_url":"https:\/\/www.webdo.tn\/fr\/actualite\/national\/tunisie-44-ans-de-prison-pour-six-libyens-impliques-dans-une-tentative-d-assassinat-politique\/220902\/","og_site_name":"webdo","article_publisher":"https:\/\/www.facebook.com\/webdotn","article_published_time":"2025-03-29T08:38:00+00:00","article_modified_time":"2025-05-20T22:18:59+00:00","og_image":[{"width":750,"height":400,"url":"https:\/\/www.webdo.tn\/fr\/wp-content\/uploads\/2025\/05\/fb5a754b2f952ce290f6a5ff2d5fd197-3.webp","type":"image\/webp"}],"author":"KJ","twitter_card":"summary_large_image","twitter_creator":"@webdo_tn","twitter_site":"@webdo_tn","twitter_misc":{"\u00c9crit par":"KJ","Dur\u00e9e de lecture estim\u00e9e":"2 minutes"},"schema":{"@context":"https:\/\/schema.org","@graph":[{"@type":"NewsArticle","@id":"https:\/\/www.webdo.tn\/fr\/actualite\/national\/tunisie-44-ans-de-prison-pour-six-libyens-impliques-dans-une-tentative-d-assassinat-politique\/220902\/#article","isPartOf":{"@id":"https:\/\/www.webdo.tn\/fr\/actualite\/national\/tunisie-44-ans-de-prison-pour-six-libyens-impliques-dans-une-tentative-d-assassinat-politique\/220902\/"},"author":{"name":"KJ","@id":"https:\/\/www.webdo.tn\/fr\/#\/schema\/person\/82ca085b22037d285e1a3c4b65ba5f71"},"headline":"Tunisie : 44 ans de prison pour six Libyens impliqu\u00e9s dans une tentative d&rsquo;assassinat politique","datePublished":"2025-03-29T08:38:00+00:00","dateModified":"2025-05-20T22:18:59+00:00","mainEntityOfPage":{"@id":"https:\/\/www.webdo.tn\/fr\/actualite\/national\/tunisie-44-ans-de-prison-pour-six-libyens-impliques-dans-une-tentative-d-assassinat-politique\/220902\/"},"wordCount":324,"commentCount":0,"publisher":{"@id":"https:\/\/www.webdo.tn\/fr\/#organization"},"image":{"@id":"https:\/\/www.webdo.tn\/fr\/actualite\/national\/tunisie-44-ans-de-prison-pour-six-libyens-impliques-dans-une-tentative-d-assassinat-politique\/220902\/#primaryimage"},"thumbnailUrl":"https:\/\/www.webdo.tn\/fr\/wp-content\/uploads\/2025\/05\/fb5a754b2f952ce290f6a5ff2d5fd197-3.webp","keywords":["assassinat","Libye","Prison","Tunisie"],"articleSection":["National"],"inLanguage":"fr-FR"},{"@type":"WebPage","@id":"https:\/\/www.webdo.tn\/fr\/actualite\/national\/tunisie-44-ans-de-prison-pour-six-libyens-impliques-dans-une-tentative-d-assassinat-politique\/220902\/","url":"https:\/\/www.webdo.tn\/fr\/actualite\/national\/tunisie-44-ans-de-prison-pour-six-libyens-impliques-dans-une-tentative-d-assassinat-politique\/220902\/","name":"Tunisie : 44 ans de prison pour six Libyens impliqu\u00e9s dans une tentative d'assassinat politique","isPartOf":{"@id":"https:\/\/www.webdo.tn\/fr\/#website"},"primaryImageOfPage":{"@id":"https:\/\/www.webdo.tn\/fr\/actualite\/national\/tunisie-44-ans-de-prison-pour-six-libyens-impliques-dans-une-tentative-d-assassinat-politique\/220902\/#primaryimage"},"image":{"@id":"https:\/\/www.webdo.tn\/fr\/actualite\/national\/tunisie-44-ans-de-prison-pour-six-libyens-impliques-dans-une-tentative-d-assassinat-politique\/220902\/#primaryimage"},"thumbnailUrl":"https:\/\/www.webdo.tn\/fr\/wp-content\/uploads\/2025\/05\/fb5a754b2f952ce290f6a5ff2d5fd197-3.webp","datePublished":"2025-03-29T08:38:00+00:00","dateModified":"2025-05-20T22:18:59+00:00","description":"Six Libyens ont \u00e9t\u00e9 condamn\u00e9s \u00e0 44 ans de prison en Tunisie pour une tentative d'assassinat visant un conseiller du Premier ministre libyen Abdelhamid Dbeibah e...","breadcrumb":{"@id":"https:\/\/www.webdo.tn\/fr\/actualite\/national\/tunisie-44-ans-de-prison-pour-six-libyens-impliques-dans-une-tentative-d-assassinat-politique\/220902\/#breadcrumb"},"inLanguage":"fr-FR","potentialAction":[{"@type":"ReadAction","target":["https:\/\/www.webdo.tn\/fr\/actualite\/national\/tunisie-44-ans-de-prison-pour-six-libyens-impliques-dans-une-tentative-d-assassinat-politique\/220902\/"]}]},{"@type":"ImageObject","inLanguage":"fr-FR","@id":"https:\/\/www.webdo.tn\/fr\/actualite\/national\/tunisie-44-ans-de-prison-pour-six-libyens-impliques-dans-une-tentative-d-assassinat-politique\/220902\/#primaryimage","url":"https:\/\/www.webdo.tn\/fr\/wp-content\/uploads\/2025\/05\/fb5a754b2f952ce290f6a5ff2d5fd197-3.webp","contentUrl":"https:\/\/www.webdo.tn\/fr\/wp-content\/uploads\/2025\/05\/fb5a754b2f952ce290f6a5ff2d5fd197-3.webp","width":750,"height":400},{"@type":"BreadcrumbList","@id":"https:\/\/www.webdo.tn\/fr\/actualite\/national\/tunisie-44-ans-de-prison-pour-six-libyens-impliques-dans-une-tentative-d-assassinat-politique\/220902\/#breadcrumb","itemListElement":[{"@type":"ListItem","position":1,"name":"Accueil","item":"https:\/\/www.webdo.tn\/fr\/"},{"@type":"ListItem","position":2,"name":"Tunisie : 44 ans de prison pour six Libyens impliqu\u00e9s dans une tentative d&#8217;assassinat politique"}]},{"@type":"WebSite","@id":"https:\/\/www.webdo.tn\/fr\/#website","url":"https:\/\/www.webdo.tn\/fr\/","name":"webdo","description":"Tunisie - News en Tunisie et \u00e0 l&#039;international sur Webdo.tn","publisher":{"@id":"https:\/\/www.webdo.tn\/fr\/#organization"},"potentialAction":[{"@type":"SearchAction","target":{"@type":"EntryPoint","urlTemplate":"https:\/\/www.webdo.tn\/fr\/?s={search_term_string}"},"query-input":{"@type":"PropertyValueSpecification","valueRequired":true,"valueName":"search_term_string"}}],"inLanguage":"fr-FR"},{"@type":"Organization","@id":"https:\/\/www.webdo.tn\/fr\/#organization","name":"Webdo","alternateName":"Webdo.tn","url":"https:\/\/www.webdo.tn\/fr\/","logo":{"@type":"ImageObject","inLanguage":"fr-FR","@id":"https:\/\/www.webdo.tn\/fr\/#\/schema\/logo\/image\/","url":"https:\/\/www.webdo.tn\/fr\/wp-content\/uploads\/2025\/06\/Webdo-Tunisie_168377.jpg","contentUrl":"https:\/\/www.webdo.tn\/fr\/wp-content\/uploads\/2025\/06\/Webdo-Tunisie_168377.jpg","width":301,"height":301,"caption":"Webdo"},"image":{"@id":"https:\/\/www.webdo.tn\/fr\/#\/schema\/logo\/image\/"},"sameAs":["https:\/\/www.facebook.com\/webdotn","https:\/\/x.com\/webdo_tn"],"description":"Webdo est un m\u00e9dia num\u00e9rique tunisien fond\u00e9 en 2010, sp\u00e9cialis\u00e9 dans l\u2019actualit\u00e9 nationale et internationale, l\u2019\u00e9conomie, la soci\u00e9t\u00e9 et les analyses politiques. Le site s\u2019adresse \u00e0 un large public francophone et couvre l\u2019information tunisienne en temps r\u00e9el.","email":"redac@webdo.tn","legalName":"YNJ SARL","foundingDate":"2010-09-06","numberOfEmployees":{"@type":"QuantitativeValue","minValue":"11","maxValue":"50"}},{"@type":"Person","@id":"https:\/\/www.webdo.tn\/fr\/#\/schema\/person\/82ca085b22037d285e1a3c4b65ba5f71","name":"KJ","image":{"@type":"ImageObject","inLanguage":"fr-FR","@id":"https:\/\/secure.gravatar.com\/avatar\/1a1320de1c1971c893f00068f760b4113d69504aa21273da17ee95650c5944fd?s=96&d=mm&r=g","url":"https:\/\/secure.gravatar.com\/avatar\/1a1320de1c1971c893f00068f760b4113d69504aa21273da17ee95650c5944fd?s=96&d=mm&r=g","contentUrl":"https:\/\/secure.gravatar.com\/avatar\/1a1320de1c1971c893f00068f760b4113d69504aa21273da17ee95650c5944fd?s=96&d=mm&r=g","caption":"KJ"},"url":"https:\/\/www.webdo.tn\/fr\/actualite\/author\/kj\/"}]}},"_links":{"self":[{"href":"https:\/\/www.webdo.tn\/fr\/wp-json\/wp\/v2\/posts\/220902","targetHints":{"allow":["GET"]}}],"collection":[{"href":"https:\/\/www.webdo.tn\/fr\/wp-json\/wp\/v2\/posts"}],"about":[{"href":"https:\/\/www.webdo.tn\/fr\/wp-json\/wp\/v2\/types\/post"}],"author":[{"embeddable":true,"href":"https:\/\/www.webdo.tn\/fr\/wp-json\/wp\/v2\/users\/3163"}],"replies":[{"embeddable":true,"href":"https:\/\/www.webdo.tn\/fr\/wp-json\/wp\/v2\/comments?post=220902"}],"version-history":[{"count":0,"href":"https:\/\/www.webdo.tn\/fr\/wp-json\/wp\/v2\/posts\/220902\/revisions"}],"wp:featuredmedia":[{"embeddable":true,"href":"https:\/\/www.webdo.tn\/fr\/wp-json\/wp\/v2\/media\/241432"}],"wp:attachment":[{"href":"https:\/\/www.webdo.tn\/fr\/wp-json\/wp\/v2\/media?parent=220902"}],"wp:term":[{"taxonomy":"category","embeddable":true,"href":"https:\/\/www.webdo.tn\/fr\/wp-json\/wp\/v2\/categories?post=220902"},{"taxonomy":"post_tag","embeddable":true,"href":"https:\/\/www.webdo.tn\/fr\/wp-json\/wp\/v2\/tags?post=220902"}],"curies":[{"name":"wp","href":"https:\/\/api.w.org\/{rel}","templated":true}]}}