{"id":220901,"date":"2025-03-29T08:22:00","date_gmt":"2025-03-29T08:22:00","guid":{"rendered":"https:\/\/www.webdo.tn\/fr\/blog\/2025\/03\/29\/tunisie-vers-un-projet-de-loi-sur-le-statut-des-blouses-blanches\/"},"modified":"2025-05-20T22:18:58","modified_gmt":"2025-05-20T22:18:58","slug":"tunisie-vers-un-projet-de-loi-sur-le-statut-des-blouses-blanches","status":"publish","type":"post","link":"https:\/\/www.webdo.tn\/fr\/actualite\/national\/tunisie-vers-un-projet-de-loi-sur-le-statut-des-blouses-blanches\/220901\/","title":{"rendered":"Tunisie : Vers un projet de loi sur le statut des blouses blanches"},"content":{"rendered":"<p>Le pr\u00e9sident de la R\u00e9publique, Ka\u00efs Sa\u00efed, a re\u00e7u hier vendredi 28 mars au palais de Carthage le ministre de la Sant\u00e9, Mustapha Ferjani, pour faire le point sur les principales d\u00e9cisions prises en faveur du secteur de la sant\u00e9 dans le gouvernorat de Gafsa.<\/p>\n<p>Lors de cette rencontre, les mesures adopt\u00e9es pour pallier les insuffisances constat\u00e9es dans plusieurs \u00e9tablissements hospitaliers de la r\u00e9gion ont \u00e9t\u00e9 pass\u00e9es en revue.\u00a0<\/p>\n<p>Parmi elles : l\u2019installation de centres de sant\u00e9 de base pr\u00e9fabriqu\u00e9s, le renforcement du parc d\u2019ambulances et des unit\u00e9s mobiles de r\u00e9animation, ainsi que la cr\u00e9ation de nouvelles structures sanitaires et le soutien aux ressources humaines du secteur.<\/p>\n<p>Le chef de l\u2019\u00c9tat a r\u00e9affirm\u00e9 sa volont\u00e9 de reconstruire le syst\u00e8me de sant\u00e9 \u00e0 l\u2019\u00e9chelle nationale, soulignant que l\u2019acc\u00e8s aux soins est un droit fondamental pour tous les citoyens.<\/p>\n<p>Par ailleurs, les discussions ont \u00e9galement port\u00e9 sur un projet de loi visant \u00e0 mettre en place un nouveau statut pour les m\u00e9decins, le personnel param\u00e9dical et les agents de la sant\u00e9, dans l\u2019optique d\u2019am\u00e9liorer le fonctionnement du secteur et d\u2019assurer des services de qualit\u00e9 sur l\u2019ensemble du territoire tunisien.<\/p>\n","protected":false},"excerpt":{"rendered":"<p>Ka\u00efs Sa\u00efed souligne l\u2019urgence de reconstruire le secteur de la sant\u00e9 en Tunisie et d\u2019am\u00e9liorer l\u2019acc\u00e8s aux soins \u00e0 travers des r\u00e9formes et un nouveau cadre stat&#8230;<\/p>\n","protected":false},"author":3163,"featured_media":241426,"comment_status":"open","ping_status":"open","sticky":false,"template":"","format":"standard","meta":{"footnotes":""},"categories":[44],"tags":[2701,3432,2608],"class_list":["post-220901","post","type-post","status-publish","format-standard","has-post-thumbnail","hentry","category-national","tag-medecins","tag-projet-de-loi","tag-tunisie"],"yoast_head":"<!-- This site is optimized with the Yoast SEO Premium plugin v27.5 (Yoast SEO v27.5) - https:\/\/yoast.com\/product\/yoast-seo-premium-wordpress\/ -->\n<title>Tunisie : Vers un projet de loi sur le statut des blouses blanches<\/title>\n<meta name=\"description\" content=\"Ka\u00efs Sa\u00efed souligne l\u2019urgence de reconstruire le secteur de la sant\u00e9 en Tunisie et d\u2019am\u00e9liorer l\u2019acc\u00e8s aux soins \u00e0 travers des r\u00e9formes et un nouveau cadre stat...\" \/>\n<link rel=\"canonical\" href=\"https:\/\/www.webdo.tn\/fr\/actualite\/national\/tunisie-vers-un-projet-de-loi-sur-le-statut-des-blouses-blanches\/220901\/\" \/>\n<meta property=\"og:locale\" content=\"fr_FR\" \/>\n<meta property=\"og:type\" content=\"article\" \/>\n<meta property=\"og:title\" content=\"Tunisie : Vers un projet de loi sur le statut des blouses blanches\" \/>\n<meta property=\"og:description\" content=\"Ka\u00efs Sa\u00efed souligne l\u2019urgence de reconstruire le secteur de la sant\u00e9 en Tunisie et d\u2019am\u00e9liorer l\u2019acc\u00e8s aux soins \u00e0 travers des r\u00e9formes et un nouveau cadre stat...\" \/>\n<meta property=\"og:url\" content=\"https:\/\/www.webdo.tn\/fr\/actualite\/national\/tunisie-vers-un-projet-de-loi-sur-le-statut-des-blouses-blanches\/220901\/\" \/>\n<meta property=\"og:site_name\" content=\"webdo\" \/>\n<meta property=\"article:publisher\" content=\"https:\/\/www.facebook.com\/webdotn\" \/>\n<meta property=\"article:published_time\" content=\"2025-03-29T08:22:00+00:00\" \/>\n<meta property=\"article:modified_time\" content=\"2025-05-20T22:18:58+00:00\" \/>\n<meta property=\"og:image\" content=\"https:\/\/www.webdo.tn\/fr\/wp-content\/uploads\/2025\/05\/1d5cd71bfecec2248237735c39a310f9-3.webp\" \/>\n\t<meta property=\"og:image:width\" content=\"750\" \/>\n\t<meta property=\"og:image:height\" content=\"400\" \/>\n\t<meta property=\"og:image:type\" content=\"image\/webp\" \/>\n<meta name=\"author\" content=\"KJ\" \/>\n<meta name=\"twitter:card\" content=\"summary_large_image\" \/>\n<meta name=\"twitter:creator\" content=\"@webdo_tn\" \/>\n<meta name=\"twitter:site\" content=\"@webdo_tn\" \/>\n<meta name=\"twitter:label1\" content=\"\u00c9crit par\" \/>\n\t<meta name=\"twitter:data1\" content=\"KJ\" \/>\n\t<meta name=\"twitter:label2\" content=\"Dur\u00e9e de lecture estim\u00e9e\" \/>\n\t<meta name=\"twitter:data2\" content=\"1 minute\" \/>\n<script type=\"application\/ld+json\" class=\"yoast-schema-graph\">{\"@context\":\"https:\\\/\\\/schema.org\",\"@graph\":[{\"@type\":\"NewsArticle\",\"@id\":\"https:\\\/\\\/www.webdo.tn\\\/fr\\\/actualite\\\/national\\\/tunisie-vers-un-projet-de-loi-sur-le-statut-des-blouses-blanches\\\/220901\\\/#article\",\"isPartOf\":{\"@id\":\"https:\\\/\\\/www.webdo.tn\\\/fr\\\/actualite\\\/national\\\/tunisie-vers-un-projet-de-loi-sur-le-statut-des-blouses-blanches\\\/220901\\\/\"},\"author\":{\"name\":\"KJ\",\"@id\":\"https:\\\/\\\/www.webdo.tn\\\/fr\\\/#\\\/schema\\\/person\\\/82ca085b22037d285e1a3c4b65ba5f71\"},\"headline\":\"Tunisie : Vers un projet de loi sur le statut des blouses blanches\",\"datePublished\":\"2025-03-29T08:22:00+00:00\",\"dateModified\":\"2025-05-20T22:18:58+00:00\",\"mainEntityOfPage\":{\"@id\":\"https:\\\/\\\/www.webdo.tn\\\/fr\\\/actualite\\\/national\\\/tunisie-vers-un-projet-de-loi-sur-le-statut-des-blouses-blanches\\\/220901\\\/\"},\"wordCount\":225,\"commentCount\":0,\"publisher\":{\"@id\":\"https:\\\/\\\/www.webdo.tn\\\/fr\\\/#organization\"},\"image\":{\"@id\":\"https:\\\/\\\/www.webdo.tn\\\/fr\\\/actualite\\\/national\\\/tunisie-vers-un-projet-de-loi-sur-le-statut-des-blouses-blanches\\\/220901\\\/#primaryimage\"},\"thumbnailUrl\":\"https:\\\/\\\/www.webdo.tn\\\/fr\\\/wp-content\\\/uploads\\\/2025\\\/05\\\/1d5cd71bfecec2248237735c39a310f9-3.webp\",\"keywords\":[\"m\u00e9decins\",\"projet de loi\",\"Tunisie\"],\"articleSection\":[\"National\"],\"inLanguage\":\"fr-FR\"},{\"@type\":\"WebPage\",\"@id\":\"https:\\\/\\\/www.webdo.tn\\\/fr\\\/actualite\\\/national\\\/tunisie-vers-un-projet-de-loi-sur-le-statut-des-blouses-blanches\\\/220901\\\/\",\"url\":\"https:\\\/\\\/www.webdo.tn\\\/fr\\\/actualite\\\/national\\\/tunisie-vers-un-projet-de-loi-sur-le-statut-des-blouses-blanches\\\/220901\\\/\",\"name\":\"Tunisie : Vers un projet de loi sur le statut des blouses blanches\",\"isPartOf\":{\"@id\":\"https:\\\/\\\/www.webdo.tn\\\/fr\\\/#website\"},\"primaryImageOfPage\":{\"@id\":\"https:\\\/\\\/www.webdo.tn\\\/fr\\\/actualite\\\/national\\\/tunisie-vers-un-projet-de-loi-sur-le-statut-des-blouses-blanches\\\/220901\\\/#primaryimage\"},\"image\":{\"@id\":\"https:\\\/\\\/www.webdo.tn\\\/fr\\\/actualite\\\/national\\\/tunisie-vers-un-projet-de-loi-sur-le-statut-des-blouses-blanches\\\/220901\\\/#primaryimage\"},\"thumbnailUrl\":\"https:\\\/\\\/www.webdo.tn\\\/fr\\\/wp-content\\\/uploads\\\/2025\\\/05\\\/1d5cd71bfecec2248237735c39a310f9-3.webp\",\"datePublished\":\"2025-03-29T08:22:00+00:00\",\"dateModified\":\"2025-05-20T22:18:58+00:00\",\"description\":\"Ka\u00efs Sa\u00efed souligne l\u2019urgence de reconstruire le secteur de la sant\u00e9 en Tunisie et d\u2019am\u00e9liorer l\u2019acc\u00e8s aux soins \u00e0 travers des r\u00e9formes et un nouveau cadre stat...\",\"breadcrumb\":{\"@id\":\"https:\\\/\\\/www.webdo.tn\\\/fr\\\/actualite\\\/national\\\/tunisie-vers-un-projet-de-loi-sur-le-statut-des-blouses-blanches\\\/220901\\\/#breadcrumb\"},\"inLanguage\":\"fr-FR\",\"potentialAction\":[{\"@type\":\"ReadAction\",\"target\":[\"https:\\\/\\\/www.webdo.tn\\\/fr\\\/actualite\\\/national\\\/tunisie-vers-un-projet-de-loi-sur-le-statut-des-blouses-blanches\\\/220901\\\/\"]}]},{\"@type\":\"ImageObject\",\"inLanguage\":\"fr-FR\",\"@id\":\"https:\\\/\\\/www.webdo.tn\\\/fr\\\/actualite\\\/national\\\/tunisie-vers-un-projet-de-loi-sur-le-statut-des-blouses-blanches\\\/220901\\\/#primaryimage\",\"url\":\"https:\\\/\\\/www.webdo.tn\\\/fr\\\/wp-content\\\/uploads\\\/2025\\\/05\\\/1d5cd71bfecec2248237735c39a310f9-3.webp\",\"contentUrl\":\"https:\\\/\\\/www.webdo.tn\\\/fr\\\/wp-content\\\/uploads\\\/2025\\\/05\\\/1d5cd71bfecec2248237735c39a310f9-3.webp\",\"width\":750,\"height\":400},{\"@type\":\"BreadcrumbList\",\"@id\":\"https:\\\/\\\/www.webdo.tn\\\/fr\\\/actualite\\\/national\\\/tunisie-vers-un-projet-de-loi-sur-le-statut-des-blouses-blanches\\\/220901\\\/#breadcrumb\",\"itemListElement\":[{\"@type\":\"ListItem\",\"position\":1,\"name\":\"Accueil\",\"item\":\"https:\\\/\\\/www.webdo.tn\\\/fr\\\/\"},{\"@type\":\"ListItem\",\"position\":2,\"name\":\"Tunisie : Vers un projet de loi sur le statut des blouses blanches\"}]},{\"@type\":\"WebSite\",\"@id\":\"https:\\\/\\\/www.webdo.tn\\\/fr\\\/#website\",\"url\":\"https:\\\/\\\/www.webdo.tn\\\/fr\\\/\",\"name\":\"webdo\",\"description\":\"Tunisie - News en Tunisie et \u00e0 l&#039;international sur Webdo.tn\",\"publisher\":{\"@id\":\"https:\\\/\\\/www.webdo.tn\\\/fr\\\/#organization\"},\"potentialAction\":[{\"@type\":\"SearchAction\",\"target\":{\"@type\":\"EntryPoint\",\"urlTemplate\":\"https:\\\/\\\/www.webdo.tn\\\/fr\\\/?s={search_term_string}\"},\"query-input\":{\"@type\":\"PropertyValueSpecification\",\"valueRequired\":true,\"valueName\":\"search_term_string\"}}],\"inLanguage\":\"fr-FR\"},{\"@type\":\"Organization\",\"@id\":\"https:\\\/\\\/www.webdo.tn\\\/fr\\\/#organization\",\"name\":\"Webdo\",\"alternateName\":\"Webdo.tn\",\"url\":\"https:\\\/\\\/www.webdo.tn\\\/fr\\\/\",\"logo\":{\"@type\":\"ImageObject\",\"inLanguage\":\"fr-FR\",\"@id\":\"https:\\\/\\\/www.webdo.tn\\\/fr\\\/#\\\/schema\\\/logo\\\/image\\\/\",\"url\":\"https:\\\/\\\/www.webdo.tn\\\/fr\\\/wp-content\\\/uploads\\\/2025\\\/06\\\/Webdo-Tunisie_168377.jpg\",\"contentUrl\":\"https:\\\/\\\/www.webdo.tn\\\/fr\\\/wp-content\\\/uploads\\\/2025\\\/06\\\/Webdo-Tunisie_168377.jpg\",\"width\":301,\"height\":301,\"caption\":\"Webdo\"},\"image\":{\"@id\":\"https:\\\/\\\/www.webdo.tn\\\/fr\\\/#\\\/schema\\\/logo\\\/image\\\/\"},\"sameAs\":[\"https:\\\/\\\/www.facebook.com\\\/webdotn\",\"https:\\\/\\\/x.com\\\/webdo_tn\"],\"description\":\"Webdo est un m\u00e9dia num\u00e9rique tunisien fond\u00e9 en 2010, sp\u00e9cialis\u00e9 dans l\u2019actualit\u00e9 nationale et internationale, l\u2019\u00e9conomie, la soci\u00e9t\u00e9 et les analyses politiques. Le site s\u2019adresse \u00e0 un large public francophone et couvre l\u2019information tunisienne en temps r\u00e9el.\",\"email\":\"redac@webdo.tn\",\"legalName\":\"YNJ SARL\",\"foundingDate\":\"2010-09-06\",\"numberOfEmployees\":{\"@type\":\"QuantitativeValue\",\"minValue\":\"11\",\"maxValue\":\"50\"}},{\"@type\":\"Person\",\"@id\":\"https:\\\/\\\/www.webdo.tn\\\/fr\\\/#\\\/schema\\\/person\\\/82ca085b22037d285e1a3c4b65ba5f71\",\"name\":\"KJ\",\"image\":{\"@type\":\"ImageObject\",\"inLanguage\":\"fr-FR\",\"@id\":\"https:\\\/\\\/secure.gravatar.com\\\/avatar\\\/1a1320de1c1971c893f00068f760b4113d69504aa21273da17ee95650c5944fd?s=96&d=mm&r=g\",\"url\":\"https:\\\/\\\/secure.gravatar.com\\\/avatar\\\/1a1320de1c1971c893f00068f760b4113d69504aa21273da17ee95650c5944fd?s=96&d=mm&r=g\",\"contentUrl\":\"https:\\\/\\\/secure.gravatar.com\\\/avatar\\\/1a1320de1c1971c893f00068f760b4113d69504aa21273da17ee95650c5944fd?s=96&d=mm&r=g\",\"caption\":\"KJ\"},\"url\":\"https:\\\/\\\/www.webdo.tn\\\/fr\\\/actualite\\\/author\\\/kj\\\/\"}]}<\/script>\n<!-- \/ Yoast SEO Premium plugin. -->","yoast_head_json":{"title":"Tunisie : Vers un projet de loi sur le statut des blouses blanches","description":"Ka\u00efs Sa\u00efed souligne l\u2019urgence de reconstruire le secteur de la sant\u00e9 en Tunisie et d\u2019am\u00e9liorer l\u2019acc\u00e8s aux soins \u00e0 travers des r\u00e9formes et un nouveau cadre stat...","canonical":"https:\/\/www.webdo.tn\/fr\/actualite\/national\/tunisie-vers-un-projet-de-loi-sur-le-statut-des-blouses-blanches\/220901\/","og_locale":"fr_FR","og_type":"article","og_title":"Tunisie : Vers un projet de loi sur le statut des blouses blanches","og_description":"Ka\u00efs Sa\u00efed souligne l\u2019urgence de reconstruire le secteur de la sant\u00e9 en Tunisie et d\u2019am\u00e9liorer l\u2019acc\u00e8s aux soins \u00e0 travers des r\u00e9formes et un nouveau cadre stat...","og_url":"https:\/\/www.webdo.tn\/fr\/actualite\/national\/tunisie-vers-un-projet-de-loi-sur-le-statut-des-blouses-blanches\/220901\/","og_site_name":"webdo","article_publisher":"https:\/\/www.facebook.com\/webdotn","article_published_time":"2025-03-29T08:22:00+00:00","article_modified_time":"2025-05-20T22:18:58+00:00","og_image":[{"width":750,"height":400,"url":"https:\/\/www.webdo.tn\/fr\/wp-content\/uploads\/2025\/05\/1d5cd71bfecec2248237735c39a310f9-3.webp","type":"image\/webp"}],"author":"KJ","twitter_card":"summary_large_image","twitter_creator":"@webdo_tn","twitter_site":"@webdo_tn","twitter_misc":{"\u00c9crit par":"KJ","Dur\u00e9e de lecture estim\u00e9e":"1 minute"},"schema":{"@context":"https:\/\/schema.org","@graph":[{"@type":"NewsArticle","@id":"https:\/\/www.webdo.tn\/fr\/actualite\/national\/tunisie-vers-un-projet-de-loi-sur-le-statut-des-blouses-blanches\/220901\/#article","isPartOf":{"@id":"https:\/\/www.webdo.tn\/fr\/actualite\/national\/tunisie-vers-un-projet-de-loi-sur-le-statut-des-blouses-blanches\/220901\/"},"author":{"name":"KJ","@id":"https:\/\/www.webdo.tn\/fr\/#\/schema\/person\/82ca085b22037d285e1a3c4b65ba5f71"},"headline":"Tunisie : Vers un projet de loi sur le statut des blouses blanches","datePublished":"2025-03-29T08:22:00+00:00","dateModified":"2025-05-20T22:18:58+00:00","mainEntityOfPage":{"@id":"https:\/\/www.webdo.tn\/fr\/actualite\/national\/tunisie-vers-un-projet-de-loi-sur-le-statut-des-blouses-blanches\/220901\/"},"wordCount":225,"commentCount":0,"publisher":{"@id":"https:\/\/www.webdo.tn\/fr\/#organization"},"image":{"@id":"https:\/\/www.webdo.tn\/fr\/actualite\/national\/tunisie-vers-un-projet-de-loi-sur-le-statut-des-blouses-blanches\/220901\/#primaryimage"},"thumbnailUrl":"https:\/\/www.webdo.tn\/fr\/wp-content\/uploads\/2025\/05\/1d5cd71bfecec2248237735c39a310f9-3.webp","keywords":["m\u00e9decins","projet de loi","Tunisie"],"articleSection":["National"],"inLanguage":"fr-FR"},{"@type":"WebPage","@id":"https:\/\/www.webdo.tn\/fr\/actualite\/national\/tunisie-vers-un-projet-de-loi-sur-le-statut-des-blouses-blanches\/220901\/","url":"https:\/\/www.webdo.tn\/fr\/actualite\/national\/tunisie-vers-un-projet-de-loi-sur-le-statut-des-blouses-blanches\/220901\/","name":"Tunisie : Vers un projet de loi sur le statut des blouses blanches","isPartOf":{"@id":"https:\/\/www.webdo.tn\/fr\/#website"},"primaryImageOfPage":{"@id":"https:\/\/www.webdo.tn\/fr\/actualite\/national\/tunisie-vers-un-projet-de-loi-sur-le-statut-des-blouses-blanches\/220901\/#primaryimage"},"image":{"@id":"https:\/\/www.webdo.tn\/fr\/actualite\/national\/tunisie-vers-un-projet-de-loi-sur-le-statut-des-blouses-blanches\/220901\/#primaryimage"},"thumbnailUrl":"https:\/\/www.webdo.tn\/fr\/wp-content\/uploads\/2025\/05\/1d5cd71bfecec2248237735c39a310f9-3.webp","datePublished":"2025-03-29T08:22:00+00:00","dateModified":"2025-05-20T22:18:58+00:00","description":"Ka\u00efs Sa\u00efed souligne l\u2019urgence de reconstruire le secteur de la sant\u00e9 en Tunisie et d\u2019am\u00e9liorer l\u2019acc\u00e8s aux soins \u00e0 travers des r\u00e9formes et un nouveau cadre stat...","breadcrumb":{"@id":"https:\/\/www.webdo.tn\/fr\/actualite\/national\/tunisie-vers-un-projet-de-loi-sur-le-statut-des-blouses-blanches\/220901\/#breadcrumb"},"inLanguage":"fr-FR","potentialAction":[{"@type":"ReadAction","target":["https:\/\/www.webdo.tn\/fr\/actualite\/national\/tunisie-vers-un-projet-de-loi-sur-le-statut-des-blouses-blanches\/220901\/"]}]},{"@type":"ImageObject","inLanguage":"fr-FR","@id":"https:\/\/www.webdo.tn\/fr\/actualite\/national\/tunisie-vers-un-projet-de-loi-sur-le-statut-des-blouses-blanches\/220901\/#primaryimage","url":"https:\/\/www.webdo.tn\/fr\/wp-content\/uploads\/2025\/05\/1d5cd71bfecec2248237735c39a310f9-3.webp","contentUrl":"https:\/\/www.webdo.tn\/fr\/wp-content\/uploads\/2025\/05\/1d5cd71bfecec2248237735c39a310f9-3.webp","width":750,"height":400},{"@type":"BreadcrumbList","@id":"https:\/\/www.webdo.tn\/fr\/actualite\/national\/tunisie-vers-un-projet-de-loi-sur-le-statut-des-blouses-blanches\/220901\/#breadcrumb","itemListElement":[{"@type":"ListItem","position":1,"name":"Accueil","item":"https:\/\/www.webdo.tn\/fr\/"},{"@type":"ListItem","position":2,"name":"Tunisie : Vers un projet de loi sur le statut des blouses blanches"}]},{"@type":"WebSite","@id":"https:\/\/www.webdo.tn\/fr\/#website","url":"https:\/\/www.webdo.tn\/fr\/","name":"webdo","description":"Tunisie - News en Tunisie et \u00e0 l&#039;international sur Webdo.tn","publisher":{"@id":"https:\/\/www.webdo.tn\/fr\/#organization"},"potentialAction":[{"@type":"SearchAction","target":{"@type":"EntryPoint","urlTemplate":"https:\/\/www.webdo.tn\/fr\/?s={search_term_string}"},"query-input":{"@type":"PropertyValueSpecification","valueRequired":true,"valueName":"search_term_string"}}],"inLanguage":"fr-FR"},{"@type":"Organization","@id":"https:\/\/www.webdo.tn\/fr\/#organization","name":"Webdo","alternateName":"Webdo.tn","url":"https:\/\/www.webdo.tn\/fr\/","logo":{"@type":"ImageObject","inLanguage":"fr-FR","@id":"https:\/\/www.webdo.tn\/fr\/#\/schema\/logo\/image\/","url":"https:\/\/www.webdo.tn\/fr\/wp-content\/uploads\/2025\/06\/Webdo-Tunisie_168377.jpg","contentUrl":"https:\/\/www.webdo.tn\/fr\/wp-content\/uploads\/2025\/06\/Webdo-Tunisie_168377.jpg","width":301,"height":301,"caption":"Webdo"},"image":{"@id":"https:\/\/www.webdo.tn\/fr\/#\/schema\/logo\/image\/"},"sameAs":["https:\/\/www.facebook.com\/webdotn","https:\/\/x.com\/webdo_tn"],"description":"Webdo est un m\u00e9dia num\u00e9rique tunisien fond\u00e9 en 2010, sp\u00e9cialis\u00e9 dans l\u2019actualit\u00e9 nationale et internationale, l\u2019\u00e9conomie, la soci\u00e9t\u00e9 et les analyses politiques. Le site s\u2019adresse \u00e0 un large public francophone et couvre l\u2019information tunisienne en temps r\u00e9el.","email":"redac@webdo.tn","legalName":"YNJ SARL","foundingDate":"2010-09-06","numberOfEmployees":{"@type":"QuantitativeValue","minValue":"11","maxValue":"50"}},{"@type":"Person","@id":"https:\/\/www.webdo.tn\/fr\/#\/schema\/person\/82ca085b22037d285e1a3c4b65ba5f71","name":"KJ","image":{"@type":"ImageObject","inLanguage":"fr-FR","@id":"https:\/\/secure.gravatar.com\/avatar\/1a1320de1c1971c893f00068f760b4113d69504aa21273da17ee95650c5944fd?s=96&d=mm&r=g","url":"https:\/\/secure.gravatar.com\/avatar\/1a1320de1c1971c893f00068f760b4113d69504aa21273da17ee95650c5944fd?s=96&d=mm&r=g","contentUrl":"https:\/\/secure.gravatar.com\/avatar\/1a1320de1c1971c893f00068f760b4113d69504aa21273da17ee95650c5944fd?s=96&d=mm&r=g","caption":"KJ"},"url":"https:\/\/www.webdo.tn\/fr\/actualite\/author\/kj\/"}]}},"_links":{"self":[{"href":"https:\/\/www.webdo.tn\/fr\/wp-json\/wp\/v2\/posts\/220901","targetHints":{"allow":["GET"]}}],"collection":[{"href":"https:\/\/www.webdo.tn\/fr\/wp-json\/wp\/v2\/posts"}],"about":[{"href":"https:\/\/www.webdo.tn\/fr\/wp-json\/wp\/v2\/types\/post"}],"author":[{"embeddable":true,"href":"https:\/\/www.webdo.tn\/fr\/wp-json\/wp\/v2\/users\/3163"}],"replies":[{"embeddable":true,"href":"https:\/\/www.webdo.tn\/fr\/wp-json\/wp\/v2\/comments?post=220901"}],"version-history":[{"count":0,"href":"https:\/\/www.webdo.tn\/fr\/wp-json\/wp\/v2\/posts\/220901\/revisions"}],"wp:featuredmedia":[{"embeddable":true,"href":"https:\/\/www.webdo.tn\/fr\/wp-json\/wp\/v2\/media\/241426"}],"wp:attachment":[{"href":"https:\/\/www.webdo.tn\/fr\/wp-json\/wp\/v2\/media?parent=220901"}],"wp:term":[{"taxonomy":"category","embeddable":true,"href":"https:\/\/www.webdo.tn\/fr\/wp-json\/wp\/v2\/categories?post=220901"},{"taxonomy":"post_tag","embeddable":true,"href":"https:\/\/www.webdo.tn\/fr\/wp-json\/wp\/v2\/tags?post=220901"}],"curies":[{"name":"wp","href":"https:\/\/api.w.org\/{rel}","templated":true}]}}