{"id":220870,"date":"2025-03-27T21:30:00","date_gmt":"2025-03-27T21:30:00","guid":{"rendered":"https:\/\/www.webdo.tn\/fr\/blog\/2025\/03\/27\/france-financement-libyen-sept-ans-de-prison-requis-contre-sarkozy\/"},"modified":"2025-05-21T08:58:45","modified_gmt":"2025-05-21T08:58:45","slug":"france-financement-libyen-sept-ans-de-prison-requis-contre-sarkozy","status":"publish","type":"post","link":"https:\/\/www.webdo.tn\/fr\/actualite\/international\/france-financement-libyen-sept-ans-de-prison-requis-contre-sarkozy\/220870\/","title":{"rendered":"France &#8211; financement libyen : sept ans de prison requis contre Sarkozy"},"content":{"rendered":"<p>Le proc\u00e8s de Nicolas Sarkozy dans l\u2019affaire du financement pr\u00e9sum\u00e9 de sa campagne pr\u00e9sidentielle de 2007 par la Libye est entr\u00e9 dans une phase d\u00e9cisive.<\/p>\n<p>\t\t\t\t\t\t\t\t\tCe jeudi 27 mars, le parquet national financier (PNF) a requis une peine de sept ans de prison ferme, assortie d\u2019une amende de 300 000 euros et de cinq ans d\u2019in\u00e9ligibilit\u00e9 \u00e0 l\u2019encontre de l\u2019ancien pr\u00e9sident fran\u00e7ais.<\/p>\n<p>Durant trois jours de r\u00e9quisitions, les magistrats du PNF ont d\u00e9peint un syst\u00e8me de corruption de grande ampleur, accusant Nicolas Sarkozy d\u2019avoir conclu un \u00ab\u00a0pacte de corruption\u00a0\u00bb avec l\u2019ancien dirigeant libyen Mouammar Kadhafi. Selon le procureur S\u00e9bastien de La Touanne, l\u2019ancien chef de l\u2019\u00c9tat se serait engag\u00e9, d\u00e8s 2005, dans une qu\u00eate incessante de financements occultes pour assouvir ses ambitions politiques. L\u2019accusation souligne une \u00ab\u00a0corruption de haute intensit\u00e9\u00a0\u00bb impliquant \u00e9galement ses proches collaborateurs, dont Claude Gu\u00e9ant et Brice Hortefeux, contre lesquels six et trois ans de prison ont \u00e9t\u00e9 requis.<\/p>\n<p>Face \u00e0 ces lourdes r\u00e9quisitions, Nicolas Sarkozy a r\u00e9agi avec fermet\u00e9. Dans un message publi\u00e9 sur les r\u00e9seaux sociaux, il a d\u00e9nonc\u00e9 une accusation infond\u00e9e et qualifi\u00e9 la peine r\u00e9clam\u00e9e d\u2019\u00a0\u00bboutranci\u00e8re\u00a0\u00bb. Son avocat, Jean-Michel Darrois, a \u00e9galement exprim\u00e9 son indignation, d\u00e9non\u00e7ant une instruction \u00e0 charge et une volont\u00e9 manifeste de condamner l\u2019ex-pr\u00e9sident co\u00fbte que co\u00fbte.<\/p>\n<p>Apr\u00e8s dix ans d\u2019enqu\u00eate et douze semaines d\u2019audience, le proc\u00e8s entre dans sa derni\u00e8re phase avant le verdict du tribunal. Nicolas Sarkozy, d\u00e9j\u00e0 condamn\u00e9 dans d\u2019autres affaires, rejette en bloc les accusations et continue d\u2019affirmer qu\u2019aucun financement libyen n\u2019a \u00e9t\u00e9 re\u00e7u pour sa campagne \u00e9lectorale.<\/p>\n","protected":false},"excerpt":{"rendered":"<p>Le parquet national financier a requis sept ans de prison contre Nicolas Sarkozy dans l&rsquo;affaire du financement libyen. Un verdict d\u00e9cisif attendu apr\u00e8s douze se&#8230;<\/p>\n","protected":false},"author":3166,"featured_media":241454,"comment_status":"open","ping_status":"open","sticky":false,"template":"","format":"standard","meta":{"footnotes":""},"categories":[2598],"tags":[3473,2998,2619,3472],"class_list":["post-220870","post","type-post","status-publish","format-standard","has-post-thumbnail","hentry","category-international","tag-financement-libyen","tag-france","tag-justice","tag-nicolas-sarkozy"],"yoast_head":"<!-- This site is optimized with the Yoast SEO Premium plugin v27.5 (Yoast SEO v27.5) - https:\/\/yoast.com\/product\/yoast-seo-premium-wordpress\/ -->\n<title>France - financement libyen : sept ans de prison requis contre Sarkozy<\/title>\n<meta name=\"description\" content=\"Le parquet national financier a requis sept ans de prison contre Nicolas Sarkozy dans l&#039;affaire du financement libyen. Un verdict d\u00e9cisif attendu apr\u00e8s douze se...\" \/>\n<link rel=\"canonical\" href=\"https:\/\/www.webdo.tn\/fr\/actualite\/international\/france-financement-libyen-sept-ans-de-prison-requis-contre-sarkozy\/220870\/\" \/>\n<meta property=\"og:locale\" content=\"fr_FR\" \/>\n<meta property=\"og:type\" content=\"article\" \/>\n<meta property=\"og:title\" content=\"France - financement libyen : sept ans de prison requis contre Sarkozy\" \/>\n<meta property=\"og:description\" content=\"Le parquet national financier a requis sept ans de prison contre Nicolas Sarkozy dans l&#039;affaire du financement libyen. Un verdict d\u00e9cisif attendu apr\u00e8s douze se...\" \/>\n<meta property=\"og:url\" content=\"https:\/\/www.webdo.tn\/fr\/actualite\/international\/france-financement-libyen-sept-ans-de-prison-requis-contre-sarkozy\/220870\/\" \/>\n<meta property=\"og:site_name\" content=\"webdo\" \/>\n<meta property=\"article:publisher\" content=\"https:\/\/www.facebook.com\/webdotn\" \/>\n<meta property=\"article:published_time\" content=\"2025-03-27T21:30:00+00:00\" \/>\n<meta property=\"article:modified_time\" content=\"2025-05-21T08:58:45+00:00\" \/>\n<meta property=\"og:image\" content=\"https:\/\/www.webdo.tn\/fr\/wp-content\/uploads\/2025\/05\/646a2a39314a9f02a07934949b1059e7-3.webp\" \/>\n\t<meta property=\"og:image:width\" content=\"750\" \/>\n\t<meta property=\"og:image:height\" content=\"400\" \/>\n\t<meta property=\"og:image:type\" content=\"image\/webp\" \/>\n<meta name=\"author\" content=\"AZ\" \/>\n<meta name=\"twitter:card\" content=\"summary_large_image\" \/>\n<meta name=\"twitter:creator\" content=\"@webdo_tn\" \/>\n<meta name=\"twitter:site\" content=\"@webdo_tn\" \/>\n<meta name=\"twitter:label1\" content=\"\u00c9crit par\" \/>\n\t<meta name=\"twitter:data1\" content=\"AZ\" \/>\n\t<meta name=\"twitter:label2\" content=\"Dur\u00e9e de lecture estim\u00e9e\" \/>\n\t<meta name=\"twitter:data2\" content=\"1 minute\" \/>\n<script type=\"application\/ld+json\" class=\"yoast-schema-graph\">{\"@context\":\"https:\\\/\\\/schema.org\",\"@graph\":[{\"@type\":\"NewsArticle\",\"@id\":\"https:\\\/\\\/www.webdo.tn\\\/fr\\\/actualite\\\/international\\\/france-financement-libyen-sept-ans-de-prison-requis-contre-sarkozy\\\/220870\\\/#article\",\"isPartOf\":{\"@id\":\"https:\\\/\\\/www.webdo.tn\\\/fr\\\/actualite\\\/international\\\/france-financement-libyen-sept-ans-de-prison-requis-contre-sarkozy\\\/220870\\\/\"},\"author\":{\"name\":\"AZ\",\"@id\":\"https:\\\/\\\/www.webdo.tn\\\/fr\\\/#\\\/schema\\\/person\\\/b8a41c04d93287d375510db360906b34\"},\"headline\":\"France &#8211; financement libyen : sept ans de prison requis contre Sarkozy\",\"datePublished\":\"2025-03-27T21:30:00+00:00\",\"dateModified\":\"2025-05-21T08:58:45+00:00\",\"mainEntityOfPage\":{\"@id\":\"https:\\\/\\\/www.webdo.tn\\\/fr\\\/actualite\\\/international\\\/france-financement-libyen-sept-ans-de-prison-requis-contre-sarkozy\\\/220870\\\/\"},\"wordCount\":306,\"commentCount\":0,\"publisher\":{\"@id\":\"https:\\\/\\\/www.webdo.tn\\\/fr\\\/#organization\"},\"image\":{\"@id\":\"https:\\\/\\\/www.webdo.tn\\\/fr\\\/actualite\\\/international\\\/france-financement-libyen-sept-ans-de-prison-requis-contre-sarkozy\\\/220870\\\/#primaryimage\"},\"thumbnailUrl\":\"https:\\\/\\\/www.webdo.tn\\\/fr\\\/wp-content\\\/uploads\\\/2025\\\/05\\\/646a2a39314a9f02a07934949b1059e7-3.webp\",\"keywords\":[\"financement libyen\",\"france\",\"justice\",\"nicolas sarkozy\"],\"articleSection\":[\"International\"],\"inLanguage\":\"fr-FR\"},{\"@type\":\"WebPage\",\"@id\":\"https:\\\/\\\/www.webdo.tn\\\/fr\\\/actualite\\\/international\\\/france-financement-libyen-sept-ans-de-prison-requis-contre-sarkozy\\\/220870\\\/\",\"url\":\"https:\\\/\\\/www.webdo.tn\\\/fr\\\/actualite\\\/international\\\/france-financement-libyen-sept-ans-de-prison-requis-contre-sarkozy\\\/220870\\\/\",\"name\":\"France - financement libyen : sept ans de prison requis contre Sarkozy\",\"isPartOf\":{\"@id\":\"https:\\\/\\\/www.webdo.tn\\\/fr\\\/#website\"},\"primaryImageOfPage\":{\"@id\":\"https:\\\/\\\/www.webdo.tn\\\/fr\\\/actualite\\\/international\\\/france-financement-libyen-sept-ans-de-prison-requis-contre-sarkozy\\\/220870\\\/#primaryimage\"},\"image\":{\"@id\":\"https:\\\/\\\/www.webdo.tn\\\/fr\\\/actualite\\\/international\\\/france-financement-libyen-sept-ans-de-prison-requis-contre-sarkozy\\\/220870\\\/#primaryimage\"},\"thumbnailUrl\":\"https:\\\/\\\/www.webdo.tn\\\/fr\\\/wp-content\\\/uploads\\\/2025\\\/05\\\/646a2a39314a9f02a07934949b1059e7-3.webp\",\"datePublished\":\"2025-03-27T21:30:00+00:00\",\"dateModified\":\"2025-05-21T08:58:45+00:00\",\"description\":\"Le parquet national financier a requis sept ans de prison contre Nicolas Sarkozy dans l'affaire du financement libyen. Un verdict d\u00e9cisif attendu apr\u00e8s douze se...\",\"breadcrumb\":{\"@id\":\"https:\\\/\\\/www.webdo.tn\\\/fr\\\/actualite\\\/international\\\/france-financement-libyen-sept-ans-de-prison-requis-contre-sarkozy\\\/220870\\\/#breadcrumb\"},\"inLanguage\":\"fr-FR\",\"potentialAction\":[{\"@type\":\"ReadAction\",\"target\":[\"https:\\\/\\\/www.webdo.tn\\\/fr\\\/actualite\\\/international\\\/france-financement-libyen-sept-ans-de-prison-requis-contre-sarkozy\\\/220870\\\/\"]}]},{\"@type\":\"ImageObject\",\"inLanguage\":\"fr-FR\",\"@id\":\"https:\\\/\\\/www.webdo.tn\\\/fr\\\/actualite\\\/international\\\/france-financement-libyen-sept-ans-de-prison-requis-contre-sarkozy\\\/220870\\\/#primaryimage\",\"url\":\"https:\\\/\\\/www.webdo.tn\\\/fr\\\/wp-content\\\/uploads\\\/2025\\\/05\\\/646a2a39314a9f02a07934949b1059e7-3.webp\",\"contentUrl\":\"https:\\\/\\\/www.webdo.tn\\\/fr\\\/wp-content\\\/uploads\\\/2025\\\/05\\\/646a2a39314a9f02a07934949b1059e7-3.webp\",\"width\":750,\"height\":400},{\"@type\":\"BreadcrumbList\",\"@id\":\"https:\\\/\\\/www.webdo.tn\\\/fr\\\/actualite\\\/international\\\/france-financement-libyen-sept-ans-de-prison-requis-contre-sarkozy\\\/220870\\\/#breadcrumb\",\"itemListElement\":[{\"@type\":\"ListItem\",\"position\":1,\"name\":\"Accueil\",\"item\":\"https:\\\/\\\/www.webdo.tn\\\/fr\\\/\"},{\"@type\":\"ListItem\",\"position\":2,\"name\":\"France &#8211; financement libyen : sept ans de prison requis contre Sarkozy\"}]},{\"@type\":\"WebSite\",\"@id\":\"https:\\\/\\\/www.webdo.tn\\\/fr\\\/#website\",\"url\":\"https:\\\/\\\/www.webdo.tn\\\/fr\\\/\",\"name\":\"webdo\",\"description\":\"Tunisie - News en Tunisie et \u00e0 l&#039;international sur Webdo.tn\",\"publisher\":{\"@id\":\"https:\\\/\\\/www.webdo.tn\\\/fr\\\/#organization\"},\"potentialAction\":[{\"@type\":\"SearchAction\",\"target\":{\"@type\":\"EntryPoint\",\"urlTemplate\":\"https:\\\/\\\/www.webdo.tn\\\/fr\\\/?s={search_term_string}\"},\"query-input\":{\"@type\":\"PropertyValueSpecification\",\"valueRequired\":true,\"valueName\":\"search_term_string\"}}],\"inLanguage\":\"fr-FR\"},{\"@type\":\"Organization\",\"@id\":\"https:\\\/\\\/www.webdo.tn\\\/fr\\\/#organization\",\"name\":\"Webdo\",\"alternateName\":\"Webdo.tn\",\"url\":\"https:\\\/\\\/www.webdo.tn\\\/fr\\\/\",\"logo\":{\"@type\":\"ImageObject\",\"inLanguage\":\"fr-FR\",\"@id\":\"https:\\\/\\\/www.webdo.tn\\\/fr\\\/#\\\/schema\\\/logo\\\/image\\\/\",\"url\":\"https:\\\/\\\/www.webdo.tn\\\/fr\\\/wp-content\\\/uploads\\\/2025\\\/06\\\/Webdo-Tunisie_168377.jpg\",\"contentUrl\":\"https:\\\/\\\/www.webdo.tn\\\/fr\\\/wp-content\\\/uploads\\\/2025\\\/06\\\/Webdo-Tunisie_168377.jpg\",\"width\":301,\"height\":301,\"caption\":\"Webdo\"},\"image\":{\"@id\":\"https:\\\/\\\/www.webdo.tn\\\/fr\\\/#\\\/schema\\\/logo\\\/image\\\/\"},\"sameAs\":[\"https:\\\/\\\/www.facebook.com\\\/webdotn\",\"https:\\\/\\\/x.com\\\/webdo_tn\"],\"description\":\"Webdo est un m\u00e9dia num\u00e9rique tunisien fond\u00e9 en 2010, sp\u00e9cialis\u00e9 dans l\u2019actualit\u00e9 nationale et internationale, l\u2019\u00e9conomie, la soci\u00e9t\u00e9 et les analyses politiques. Le site s\u2019adresse \u00e0 un large public francophone et couvre l\u2019information tunisienne en temps r\u00e9el.\",\"email\":\"redac@webdo.tn\",\"legalName\":\"YNJ SARL\",\"foundingDate\":\"2010-09-06\",\"numberOfEmployees\":{\"@type\":\"QuantitativeValue\",\"minValue\":\"11\",\"maxValue\":\"50\"}},{\"@type\":\"Person\",\"@id\":\"https:\\\/\\\/www.webdo.tn\\\/fr\\\/#\\\/schema\\\/person\\\/b8a41c04d93287d375510db360906b34\",\"name\":\"AZ\",\"image\":{\"@type\":\"ImageObject\",\"inLanguage\":\"fr-FR\",\"@id\":\"https:\\\/\\\/secure.gravatar.com\\\/avatar\\\/492b80bada79439de4201dce15cd41eece6c277cfdf1b53382073c79105c1f89?s=96&d=mm&r=g\",\"url\":\"https:\\\/\\\/secure.gravatar.com\\\/avatar\\\/492b80bada79439de4201dce15cd41eece6c277cfdf1b53382073c79105c1f89?s=96&d=mm&r=g\",\"contentUrl\":\"https:\\\/\\\/secure.gravatar.com\\\/avatar\\\/492b80bada79439de4201dce15cd41eece6c277cfdf1b53382073c79105c1f89?s=96&d=mm&r=g\",\"caption\":\"AZ\"},\"url\":\"https:\\\/\\\/www.webdo.tn\\\/fr\\\/actualite\\\/author\\\/az\\\/\"}]}<\/script>\n<!-- \/ Yoast SEO Premium plugin. -->","yoast_head_json":{"title":"France - financement libyen : sept ans de prison requis contre Sarkozy","description":"Le parquet national financier a requis sept ans de prison contre Nicolas Sarkozy dans l'affaire du financement libyen. Un verdict d\u00e9cisif attendu apr\u00e8s douze se...","canonical":"https:\/\/www.webdo.tn\/fr\/actualite\/international\/france-financement-libyen-sept-ans-de-prison-requis-contre-sarkozy\/220870\/","og_locale":"fr_FR","og_type":"article","og_title":"France - financement libyen : sept ans de prison requis contre Sarkozy","og_description":"Le parquet national financier a requis sept ans de prison contre Nicolas Sarkozy dans l'affaire du financement libyen. Un verdict d\u00e9cisif attendu apr\u00e8s douze se...","og_url":"https:\/\/www.webdo.tn\/fr\/actualite\/international\/france-financement-libyen-sept-ans-de-prison-requis-contre-sarkozy\/220870\/","og_site_name":"webdo","article_publisher":"https:\/\/www.facebook.com\/webdotn","article_published_time":"2025-03-27T21:30:00+00:00","article_modified_time":"2025-05-21T08:58:45+00:00","og_image":[{"width":750,"height":400,"url":"https:\/\/www.webdo.tn\/fr\/wp-content\/uploads\/2025\/05\/646a2a39314a9f02a07934949b1059e7-3.webp","type":"image\/webp"}],"author":"AZ","twitter_card":"summary_large_image","twitter_creator":"@webdo_tn","twitter_site":"@webdo_tn","twitter_misc":{"\u00c9crit par":"AZ","Dur\u00e9e de lecture estim\u00e9e":"1 minute"},"schema":{"@context":"https:\/\/schema.org","@graph":[{"@type":"NewsArticle","@id":"https:\/\/www.webdo.tn\/fr\/actualite\/international\/france-financement-libyen-sept-ans-de-prison-requis-contre-sarkozy\/220870\/#article","isPartOf":{"@id":"https:\/\/www.webdo.tn\/fr\/actualite\/international\/france-financement-libyen-sept-ans-de-prison-requis-contre-sarkozy\/220870\/"},"author":{"name":"AZ","@id":"https:\/\/www.webdo.tn\/fr\/#\/schema\/person\/b8a41c04d93287d375510db360906b34"},"headline":"France &#8211; financement libyen : sept ans de prison requis contre Sarkozy","datePublished":"2025-03-27T21:30:00+00:00","dateModified":"2025-05-21T08:58:45+00:00","mainEntityOfPage":{"@id":"https:\/\/www.webdo.tn\/fr\/actualite\/international\/france-financement-libyen-sept-ans-de-prison-requis-contre-sarkozy\/220870\/"},"wordCount":306,"commentCount":0,"publisher":{"@id":"https:\/\/www.webdo.tn\/fr\/#organization"},"image":{"@id":"https:\/\/www.webdo.tn\/fr\/actualite\/international\/france-financement-libyen-sept-ans-de-prison-requis-contre-sarkozy\/220870\/#primaryimage"},"thumbnailUrl":"https:\/\/www.webdo.tn\/fr\/wp-content\/uploads\/2025\/05\/646a2a39314a9f02a07934949b1059e7-3.webp","keywords":["financement libyen","france","justice","nicolas sarkozy"],"articleSection":["International"],"inLanguage":"fr-FR"},{"@type":"WebPage","@id":"https:\/\/www.webdo.tn\/fr\/actualite\/international\/france-financement-libyen-sept-ans-de-prison-requis-contre-sarkozy\/220870\/","url":"https:\/\/www.webdo.tn\/fr\/actualite\/international\/france-financement-libyen-sept-ans-de-prison-requis-contre-sarkozy\/220870\/","name":"France - financement libyen : sept ans de prison requis contre Sarkozy","isPartOf":{"@id":"https:\/\/www.webdo.tn\/fr\/#website"},"primaryImageOfPage":{"@id":"https:\/\/www.webdo.tn\/fr\/actualite\/international\/france-financement-libyen-sept-ans-de-prison-requis-contre-sarkozy\/220870\/#primaryimage"},"image":{"@id":"https:\/\/www.webdo.tn\/fr\/actualite\/international\/france-financement-libyen-sept-ans-de-prison-requis-contre-sarkozy\/220870\/#primaryimage"},"thumbnailUrl":"https:\/\/www.webdo.tn\/fr\/wp-content\/uploads\/2025\/05\/646a2a39314a9f02a07934949b1059e7-3.webp","datePublished":"2025-03-27T21:30:00+00:00","dateModified":"2025-05-21T08:58:45+00:00","description":"Le parquet national financier a requis sept ans de prison contre Nicolas Sarkozy dans l'affaire du financement libyen. Un verdict d\u00e9cisif attendu apr\u00e8s douze se...","breadcrumb":{"@id":"https:\/\/www.webdo.tn\/fr\/actualite\/international\/france-financement-libyen-sept-ans-de-prison-requis-contre-sarkozy\/220870\/#breadcrumb"},"inLanguage":"fr-FR","potentialAction":[{"@type":"ReadAction","target":["https:\/\/www.webdo.tn\/fr\/actualite\/international\/france-financement-libyen-sept-ans-de-prison-requis-contre-sarkozy\/220870\/"]}]},{"@type":"ImageObject","inLanguage":"fr-FR","@id":"https:\/\/www.webdo.tn\/fr\/actualite\/international\/france-financement-libyen-sept-ans-de-prison-requis-contre-sarkozy\/220870\/#primaryimage","url":"https:\/\/www.webdo.tn\/fr\/wp-content\/uploads\/2025\/05\/646a2a39314a9f02a07934949b1059e7-3.webp","contentUrl":"https:\/\/www.webdo.tn\/fr\/wp-content\/uploads\/2025\/05\/646a2a39314a9f02a07934949b1059e7-3.webp","width":750,"height":400},{"@type":"BreadcrumbList","@id":"https:\/\/www.webdo.tn\/fr\/actualite\/international\/france-financement-libyen-sept-ans-de-prison-requis-contre-sarkozy\/220870\/#breadcrumb","itemListElement":[{"@type":"ListItem","position":1,"name":"Accueil","item":"https:\/\/www.webdo.tn\/fr\/"},{"@type":"ListItem","position":2,"name":"France &#8211; financement libyen : sept ans de prison requis contre Sarkozy"}]},{"@type":"WebSite","@id":"https:\/\/www.webdo.tn\/fr\/#website","url":"https:\/\/www.webdo.tn\/fr\/","name":"webdo","description":"Tunisie - News en Tunisie et \u00e0 l&#039;international sur Webdo.tn","publisher":{"@id":"https:\/\/www.webdo.tn\/fr\/#organization"},"potentialAction":[{"@type":"SearchAction","target":{"@type":"EntryPoint","urlTemplate":"https:\/\/www.webdo.tn\/fr\/?s={search_term_string}"},"query-input":{"@type":"PropertyValueSpecification","valueRequired":true,"valueName":"search_term_string"}}],"inLanguage":"fr-FR"},{"@type":"Organization","@id":"https:\/\/www.webdo.tn\/fr\/#organization","name":"Webdo","alternateName":"Webdo.tn","url":"https:\/\/www.webdo.tn\/fr\/","logo":{"@type":"ImageObject","inLanguage":"fr-FR","@id":"https:\/\/www.webdo.tn\/fr\/#\/schema\/logo\/image\/","url":"https:\/\/www.webdo.tn\/fr\/wp-content\/uploads\/2025\/06\/Webdo-Tunisie_168377.jpg","contentUrl":"https:\/\/www.webdo.tn\/fr\/wp-content\/uploads\/2025\/06\/Webdo-Tunisie_168377.jpg","width":301,"height":301,"caption":"Webdo"},"image":{"@id":"https:\/\/www.webdo.tn\/fr\/#\/schema\/logo\/image\/"},"sameAs":["https:\/\/www.facebook.com\/webdotn","https:\/\/x.com\/webdo_tn"],"description":"Webdo est un m\u00e9dia num\u00e9rique tunisien fond\u00e9 en 2010, sp\u00e9cialis\u00e9 dans l\u2019actualit\u00e9 nationale et internationale, l\u2019\u00e9conomie, la soci\u00e9t\u00e9 et les analyses politiques. Le site s\u2019adresse \u00e0 un large public francophone et couvre l\u2019information tunisienne en temps r\u00e9el.","email":"redac@webdo.tn","legalName":"YNJ SARL","foundingDate":"2010-09-06","numberOfEmployees":{"@type":"QuantitativeValue","minValue":"11","maxValue":"50"}},{"@type":"Person","@id":"https:\/\/www.webdo.tn\/fr\/#\/schema\/person\/b8a41c04d93287d375510db360906b34","name":"AZ","image":{"@type":"ImageObject","inLanguage":"fr-FR","@id":"https:\/\/secure.gravatar.com\/avatar\/492b80bada79439de4201dce15cd41eece6c277cfdf1b53382073c79105c1f89?s=96&d=mm&r=g","url":"https:\/\/secure.gravatar.com\/avatar\/492b80bada79439de4201dce15cd41eece6c277cfdf1b53382073c79105c1f89?s=96&d=mm&r=g","contentUrl":"https:\/\/secure.gravatar.com\/avatar\/492b80bada79439de4201dce15cd41eece6c277cfdf1b53382073c79105c1f89?s=96&d=mm&r=g","caption":"AZ"},"url":"https:\/\/www.webdo.tn\/fr\/actualite\/author\/az\/"}]}},"_links":{"self":[{"href":"https:\/\/www.webdo.tn\/fr\/wp-json\/wp\/v2\/posts\/220870","targetHints":{"allow":["GET"]}}],"collection":[{"href":"https:\/\/www.webdo.tn\/fr\/wp-json\/wp\/v2\/posts"}],"about":[{"href":"https:\/\/www.webdo.tn\/fr\/wp-json\/wp\/v2\/types\/post"}],"author":[{"embeddable":true,"href":"https:\/\/www.webdo.tn\/fr\/wp-json\/wp\/v2\/users\/3166"}],"replies":[{"embeddable":true,"href":"https:\/\/www.webdo.tn\/fr\/wp-json\/wp\/v2\/comments?post=220870"}],"version-history":[{"count":0,"href":"https:\/\/www.webdo.tn\/fr\/wp-json\/wp\/v2\/posts\/220870\/revisions"}],"wp:featuredmedia":[{"embeddable":true,"href":"https:\/\/www.webdo.tn\/fr\/wp-json\/wp\/v2\/media\/241454"}],"wp:attachment":[{"href":"https:\/\/www.webdo.tn\/fr\/wp-json\/wp\/v2\/media?parent=220870"}],"wp:term":[{"taxonomy":"category","embeddable":true,"href":"https:\/\/www.webdo.tn\/fr\/wp-json\/wp\/v2\/categories?post=220870"},{"taxonomy":"post_tag","embeddable":true,"href":"https:\/\/www.webdo.tn\/fr\/wp-json\/wp\/v2\/tags?post=220870"}],"curies":[{"name":"wp","href":"https:\/\/api.w.org\/{rel}","templated":true}]}}