{"id":220858,"date":"2025-03-27T11:58:00","date_gmt":"2025-03-27T11:58:00","guid":{"rendered":"https:\/\/www.webdo.tn\/fr\/blog\/les-europeens-appeles-a-preparer-un-kit-de-survie-de-72-heures\/220858\/"},"modified":"2025-05-20T22:23:15","modified_gmt":"2025-05-20T22:23:15","slug":"les-europeens-appeles-a-preparer-un-kit-de-survie-de-72-heures","status":"publish","type":"post","link":"https:\/\/www.webdo.tn\/fr\/actualite\/international\/les-europeens-appeles-a-preparer-un-kit-de-survie-de-72-heures\/220858\/","title":{"rendered":"Les Europ\u00e9ens appel\u00e9s \u00e0 pr\u00e9parer un kit de survie de 72 heures"},"content":{"rendered":"<p>La Commission europ\u00e9enne a pr\u00e9sent\u00e9 une nouvelle strat\u00e9gie visant \u00e0 renforcer la pr\u00e9paration de l&rsquo;Union europ\u00e9enne face aux crises potentielles, qu&rsquo;elles soient d&rsquo;origine naturelle, industrielle, cybern\u00e9tique ou militaire.\u00a0<\/p>\n<p>L&rsquo;une des mesures phares de cette strat\u00e9gie consiste \u00e0 inciter chaque \u00c9tat membre \u00e0 d\u00e9velopper un \u00ab\u00a0kit de survie\u00a0\u00bb permettant \u00e0 ses citoyens de tenir pendant 72 heures en cas de rupture des approvisionnements essentiels. Ce kit doit inclure, entre autres, des vivres, de l&rsquo;eau et des copies de documents d&rsquo;identit\u00e9 cruciaux.<\/p>\n<p>Cette initiative s&rsquo;inscrit dans une s\u00e9rie de 30 mesures concr\u00e8tes que les \u00c9tats doivent adopter pour anticiper et r\u00e9pondre efficacement aux diverses menaces. La commissaire europ\u00e9enne charg\u00e9e de l&rsquo;aide humanitaire et de la gestion des crises, Hadja Lahbib, a soulign\u00e9 que face \u00e0 des menaces croissantes et vari\u00e9es, l&rsquo;UE doit revoir ses priorit\u00e9s et se pr\u00e9parer \u00e0 des d\u00e9fis \u00e0 une \u00e9chelle plus grande.<\/p>\n<p>De son c\u00f4t\u00e9, Roxana M\u00eenzatu, commissaire \u00e0 la pr\u00e9paration, a pr\u00e9cis\u00e9 que l&rsquo;Union europ\u00e9enne ne partait pas de z\u00e9ro et que des bases solides \u00e9taient d\u00e9j\u00e0 en place. Elle a insist\u00e9 sur l&rsquo;importance de garantir que les citoyens aient acc\u00e8s \u00e0 des ressources suffisantes pour subvenir \u00e0 leurs besoins en cas de crise prolong\u00e9e, et ce, en \u00e9troite collaboration avec les autorit\u00e9s civiles et militaires.<\/p>\n","protected":false},"excerpt":{"rendered":"<p>D\u00e9couvrez la nouvelle initiative de l&rsquo;Union europ\u00e9enne visant \u00e0 pr\u00e9parer ses citoyens face aux crises. Chaque Europ\u00e9en devra d\u00e9sormais disposer d&rsquo;un kit de sur&#8230;<\/p>\n","protected":false},"author":3163,"featured_media":292138,"comment_status":"open","ping_status":"closed","sticky":false,"template":"","format":"standard","meta":{"footnotes":""},"categories":[2598],"tags":[11117,11118,3725,6717],"class_list":["post-220858","post","type-post","status-publish","format-standard","has-post-thumbnail","hentry","category-international","tag-kit","tag-survie","tag-europe","tag-europeens"],"yoast_head":"<!-- This site is optimized with the Yoast SEO Premium plugin v27.4 (Yoast SEO v27.5) - https:\/\/yoast.com\/product\/yoast-seo-premium-wordpress\/ -->\n<title>Les Europ\u00e9ens appel\u00e9s \u00e0 pr\u00e9parer un kit de survie de 72 heures<\/title>\n<meta name=\"description\" content=\"D\u00e9couvrez la nouvelle initiative de l&#039;Union europ\u00e9enne visant \u00e0 pr\u00e9parer ses citoyens face aux crises. Chaque Europ\u00e9en devra d\u00e9sormais disposer d&#039;un kit de sur...\" \/>\n<link rel=\"canonical\" href=\"https:\/\/www.webdo.tn\/fr\/actualite\/international\/les-europeens-appeles-a-preparer-un-kit-de-survie-de-72-heures\/220858\/\" \/>\n<meta property=\"og:locale\" content=\"fr_FR\" \/>\n<meta property=\"og:type\" content=\"article\" \/>\n<meta property=\"og:title\" content=\"Les Europ\u00e9ens appel\u00e9s \u00e0 pr\u00e9parer un kit de survie de 72 heures\" \/>\n<meta property=\"og:description\" content=\"D\u00e9couvrez la nouvelle initiative de l&#039;Union europ\u00e9enne visant \u00e0 pr\u00e9parer ses citoyens face aux crises. Chaque Europ\u00e9en devra d\u00e9sormais disposer d&#039;un kit de sur...\" \/>\n<meta property=\"og:url\" content=\"https:\/\/www.webdo.tn\/fr\/actualite\/international\/les-europeens-appeles-a-preparer-un-kit-de-survie-de-72-heures\/220858\/\" \/>\n<meta property=\"og:site_name\" content=\"webdo\" \/>\n<meta property=\"article:publisher\" content=\"https:\/\/www.facebook.com\/webdotn\" \/>\n<meta property=\"article:published_time\" content=\"2025-03-27T11:58:00+00:00\" \/>\n<meta property=\"article:modified_time\" content=\"2025-05-20T22:23:15+00:00\" \/>\n<meta property=\"og:image\" content=\"https:\/\/www.webdo.tn\/fr\/wp-content\/uploads\/2025\/03\/3e1b10eae1dc99bddddb7b33f55c001c.webp\" \/>\n\t<meta property=\"og:image:width\" content=\"750\" \/>\n\t<meta property=\"og:image:height\" content=\"400\" \/>\n\t<meta property=\"og:image:type\" content=\"image\/webp\" \/>\n<meta name=\"author\" content=\"KJ\" \/>\n<meta name=\"twitter:card\" content=\"summary_large_image\" \/>\n<meta name=\"twitter:creator\" content=\"@webdo_tn\" \/>\n<meta name=\"twitter:site\" content=\"@webdo_tn\" \/>\n<meta name=\"twitter:label1\" content=\"\u00c9crit par\" \/>\n\t<meta name=\"twitter:data1\" content=\"KJ\" \/>\n\t<meta name=\"twitter:label2\" content=\"Dur\u00e9e de lecture estim\u00e9e\" \/>\n\t<meta name=\"twitter:data2\" content=\"1 minute\" \/>\n<script type=\"application\/ld+json\" class=\"yoast-schema-graph\">{\"@context\":\"https:\\\/\\\/schema.org\",\"@graph\":[{\"@type\":\"NewsArticle\",\"@id\":\"https:\\\/\\\/www.webdo.tn\\\/fr\\\/actualite\\\/international\\\/les-europeens-appeles-a-preparer-un-kit-de-survie-de-72-heures\\\/220858\\\/#article\",\"isPartOf\":{\"@id\":\"https:\\\/\\\/www.webdo.tn\\\/fr\\\/actualite\\\/international\\\/les-europeens-appeles-a-preparer-un-kit-de-survie-de-72-heures\\\/220858\\\/\"},\"author\":{\"name\":\"KJ\",\"@id\":\"https:\\\/\\\/www.webdo.tn\\\/fr\\\/#\\\/schema\\\/person\\\/82ca085b22037d285e1a3c4b65ba5f71\"},\"headline\":\"Les Europ\u00e9ens appel\u00e9s \u00e0 pr\u00e9parer un kit de survie de 72 heures\",\"datePublished\":\"2025-03-27T11:58:00+00:00\",\"dateModified\":\"2025-05-20T22:23:15+00:00\",\"mainEntityOfPage\":{\"@id\":\"https:\\\/\\\/www.webdo.tn\\\/fr\\\/actualite\\\/international\\\/les-europeens-appeles-a-preparer-un-kit-de-survie-de-72-heures\\\/220858\\\/\"},\"wordCount\":248,\"commentCount\":0,\"publisher\":{\"@id\":\"https:\\\/\\\/www.webdo.tn\\\/fr\\\/#organization\"},\"image\":{\"@id\":\"https:\\\/\\\/www.webdo.tn\\\/fr\\\/actualite\\\/international\\\/les-europeens-appeles-a-preparer-un-kit-de-survie-de-72-heures\\\/220858\\\/#primaryimage\"},\"thumbnailUrl\":\"https:\\\/\\\/www.webdo.tn\\\/fr\\\/wp-content\\\/uploads\\\/2025\\\/03\\\/3e1b10eae1dc99bddddb7b33f55c001c.webp\",\"keywords\":[\"'kit'\",\"'survie']\",\"europe\",\"Europ\u00e9ens\"],\"articleSection\":[\"International\"],\"inLanguage\":\"fr-FR\"},{\"@type\":\"WebPage\",\"@id\":\"https:\\\/\\\/www.webdo.tn\\\/fr\\\/actualite\\\/international\\\/les-europeens-appeles-a-preparer-un-kit-de-survie-de-72-heures\\\/220858\\\/\",\"url\":\"https:\\\/\\\/www.webdo.tn\\\/fr\\\/actualite\\\/international\\\/les-europeens-appeles-a-preparer-un-kit-de-survie-de-72-heures\\\/220858\\\/\",\"name\":\"Les Europ\u00e9ens appel\u00e9s \u00e0 pr\u00e9parer un kit de survie de 72 heures\",\"isPartOf\":{\"@id\":\"https:\\\/\\\/www.webdo.tn\\\/fr\\\/#website\"},\"primaryImageOfPage\":{\"@id\":\"https:\\\/\\\/www.webdo.tn\\\/fr\\\/actualite\\\/international\\\/les-europeens-appeles-a-preparer-un-kit-de-survie-de-72-heures\\\/220858\\\/#primaryimage\"},\"image\":{\"@id\":\"https:\\\/\\\/www.webdo.tn\\\/fr\\\/actualite\\\/international\\\/les-europeens-appeles-a-preparer-un-kit-de-survie-de-72-heures\\\/220858\\\/#primaryimage\"},\"thumbnailUrl\":\"https:\\\/\\\/www.webdo.tn\\\/fr\\\/wp-content\\\/uploads\\\/2025\\\/03\\\/3e1b10eae1dc99bddddb7b33f55c001c.webp\",\"datePublished\":\"2025-03-27T11:58:00+00:00\",\"dateModified\":\"2025-05-20T22:23:15+00:00\",\"description\":\"D\u00e9couvrez la nouvelle initiative de l'Union europ\u00e9enne visant \u00e0 pr\u00e9parer ses citoyens face aux crises. Chaque Europ\u00e9en devra d\u00e9sormais disposer d'un kit de sur...\",\"breadcrumb\":{\"@id\":\"https:\\\/\\\/www.webdo.tn\\\/fr\\\/actualite\\\/international\\\/les-europeens-appeles-a-preparer-un-kit-de-survie-de-72-heures\\\/220858\\\/#breadcrumb\"},\"inLanguage\":\"fr-FR\",\"potentialAction\":[{\"@type\":\"ReadAction\",\"target\":[\"https:\\\/\\\/www.webdo.tn\\\/fr\\\/actualite\\\/international\\\/les-europeens-appeles-a-preparer-un-kit-de-survie-de-72-heures\\\/220858\\\/\"]}]},{\"@type\":\"ImageObject\",\"inLanguage\":\"fr-FR\",\"@id\":\"https:\\\/\\\/www.webdo.tn\\\/fr\\\/actualite\\\/international\\\/les-europeens-appeles-a-preparer-un-kit-de-survie-de-72-heures\\\/220858\\\/#primaryimage\",\"url\":\"https:\\\/\\\/www.webdo.tn\\\/fr\\\/wp-content\\\/uploads\\\/2025\\\/03\\\/3e1b10eae1dc99bddddb7b33f55c001c.webp\",\"contentUrl\":\"https:\\\/\\\/www.webdo.tn\\\/fr\\\/wp-content\\\/uploads\\\/2025\\\/03\\\/3e1b10eae1dc99bddddb7b33f55c001c.webp\",\"width\":750,\"height\":400,\"caption\":\"Les Europ\u00e9ens appel\u00e9s \u00e0 pr\u00e9parer un kit de survie de 72 heures\"},{\"@type\":\"BreadcrumbList\",\"@id\":\"https:\\\/\\\/www.webdo.tn\\\/fr\\\/actualite\\\/international\\\/les-europeens-appeles-a-preparer-un-kit-de-survie-de-72-heures\\\/220858\\\/#breadcrumb\",\"itemListElement\":[{\"@type\":\"ListItem\",\"position\":1,\"name\":\"Accueil\",\"item\":\"https:\\\/\\\/www.webdo.tn\\\/fr\\\/\"},{\"@type\":\"ListItem\",\"position\":2,\"name\":\"Les Europ\u00e9ens appel\u00e9s \u00e0 pr\u00e9parer un kit de survie de 72 heures\"}]},{\"@type\":\"WebSite\",\"@id\":\"https:\\\/\\\/www.webdo.tn\\\/fr\\\/#website\",\"url\":\"https:\\\/\\\/www.webdo.tn\\\/fr\\\/\",\"name\":\"webdo\",\"description\":\"Tunisie - News en Tunisie et \u00e0 l&#039;international sur Webdo.tn\",\"publisher\":{\"@id\":\"https:\\\/\\\/www.webdo.tn\\\/fr\\\/#organization\"},\"potentialAction\":[{\"@type\":\"SearchAction\",\"target\":{\"@type\":\"EntryPoint\",\"urlTemplate\":\"https:\\\/\\\/www.webdo.tn\\\/fr\\\/?s={search_term_string}\"},\"query-input\":{\"@type\":\"PropertyValueSpecification\",\"valueRequired\":true,\"valueName\":\"search_term_string\"}}],\"inLanguage\":\"fr-FR\"},{\"@type\":\"Organization\",\"@id\":\"https:\\\/\\\/www.webdo.tn\\\/fr\\\/#organization\",\"name\":\"Webdo\",\"alternateName\":\"Webdo.tn\",\"url\":\"https:\\\/\\\/www.webdo.tn\\\/fr\\\/\",\"logo\":{\"@type\":\"ImageObject\",\"inLanguage\":\"fr-FR\",\"@id\":\"https:\\\/\\\/www.webdo.tn\\\/fr\\\/#\\\/schema\\\/logo\\\/image\\\/\",\"url\":\"https:\\\/\\\/www.webdo.tn\\\/fr\\\/wp-content\\\/uploads\\\/2025\\\/06\\\/Webdo-Tunisie_168377.jpg\",\"contentUrl\":\"https:\\\/\\\/www.webdo.tn\\\/fr\\\/wp-content\\\/uploads\\\/2025\\\/06\\\/Webdo-Tunisie_168377.jpg\",\"width\":301,\"height\":301,\"caption\":\"Webdo\"},\"image\":{\"@id\":\"https:\\\/\\\/www.webdo.tn\\\/fr\\\/#\\\/schema\\\/logo\\\/image\\\/\"},\"sameAs\":[\"https:\\\/\\\/www.facebook.com\\\/webdotn\",\"https:\\\/\\\/x.com\\\/webdo_tn\"],\"description\":\"Webdo est un m\u00e9dia num\u00e9rique tunisien fond\u00e9 en 2010, sp\u00e9cialis\u00e9 dans l\u2019actualit\u00e9 nationale et internationale, l\u2019\u00e9conomie, la soci\u00e9t\u00e9 et les analyses politiques. Le site s\u2019adresse \u00e0 un large public francophone et couvre l\u2019information tunisienne en temps r\u00e9el.\",\"email\":\"redac@webdo.tn\",\"legalName\":\"YNJ SARL\",\"foundingDate\":\"2010-09-06\",\"numberOfEmployees\":{\"@type\":\"QuantitativeValue\",\"minValue\":\"11\",\"maxValue\":\"50\"}},{\"@type\":\"Person\",\"@id\":\"https:\\\/\\\/www.webdo.tn\\\/fr\\\/#\\\/schema\\\/person\\\/82ca085b22037d285e1a3c4b65ba5f71\",\"name\":\"KJ\",\"image\":{\"@type\":\"ImageObject\",\"inLanguage\":\"fr-FR\",\"@id\":\"https:\\\/\\\/secure.gravatar.com\\\/avatar\\\/1a1320de1c1971c893f00068f760b4113d69504aa21273da17ee95650c5944fd?s=96&d=mm&r=g\",\"url\":\"https:\\\/\\\/secure.gravatar.com\\\/avatar\\\/1a1320de1c1971c893f00068f760b4113d69504aa21273da17ee95650c5944fd?s=96&d=mm&r=g\",\"contentUrl\":\"https:\\\/\\\/secure.gravatar.com\\\/avatar\\\/1a1320de1c1971c893f00068f760b4113d69504aa21273da17ee95650c5944fd?s=96&d=mm&r=g\",\"caption\":\"KJ\"},\"url\":\"https:\\\/\\\/www.webdo.tn\\\/fr\\\/actualite\\\/author\\\/kj\\\/\"}]}<\/script>\n<!-- \/ Yoast SEO Premium plugin. -->","yoast_head_json":{"title":"Les Europ\u00e9ens appel\u00e9s \u00e0 pr\u00e9parer un kit de survie de 72 heures","description":"D\u00e9couvrez la nouvelle initiative de l'Union europ\u00e9enne visant \u00e0 pr\u00e9parer ses citoyens face aux crises. Chaque Europ\u00e9en devra d\u00e9sormais disposer d'un kit de sur...","canonical":"https:\/\/www.webdo.tn\/fr\/actualite\/international\/les-europeens-appeles-a-preparer-un-kit-de-survie-de-72-heures\/220858\/","og_locale":"fr_FR","og_type":"article","og_title":"Les Europ\u00e9ens appel\u00e9s \u00e0 pr\u00e9parer un kit de survie de 72 heures","og_description":"D\u00e9couvrez la nouvelle initiative de l'Union europ\u00e9enne visant \u00e0 pr\u00e9parer ses citoyens face aux crises. Chaque Europ\u00e9en devra d\u00e9sormais disposer d'un kit de sur...","og_url":"https:\/\/www.webdo.tn\/fr\/actualite\/international\/les-europeens-appeles-a-preparer-un-kit-de-survie-de-72-heures\/220858\/","og_site_name":"webdo","article_publisher":"https:\/\/www.facebook.com\/webdotn","article_published_time":"2025-03-27T11:58:00+00:00","article_modified_time":"2025-05-20T22:23:15+00:00","og_image":[{"width":750,"height":400,"url":"https:\/\/www.webdo.tn\/fr\/wp-content\/uploads\/2025\/03\/3e1b10eae1dc99bddddb7b33f55c001c.webp","type":"image\/webp"}],"author":"KJ","twitter_card":"summary_large_image","twitter_creator":"@webdo_tn","twitter_site":"@webdo_tn","twitter_misc":{"\u00c9crit par":"KJ","Dur\u00e9e de lecture estim\u00e9e":"1 minute"},"schema":{"@context":"https:\/\/schema.org","@graph":[{"@type":"NewsArticle","@id":"https:\/\/www.webdo.tn\/fr\/actualite\/international\/les-europeens-appeles-a-preparer-un-kit-de-survie-de-72-heures\/220858\/#article","isPartOf":{"@id":"https:\/\/www.webdo.tn\/fr\/actualite\/international\/les-europeens-appeles-a-preparer-un-kit-de-survie-de-72-heures\/220858\/"},"author":{"name":"KJ","@id":"https:\/\/www.webdo.tn\/fr\/#\/schema\/person\/82ca085b22037d285e1a3c4b65ba5f71"},"headline":"Les Europ\u00e9ens appel\u00e9s \u00e0 pr\u00e9parer un kit de survie de 72 heures","datePublished":"2025-03-27T11:58:00+00:00","dateModified":"2025-05-20T22:23:15+00:00","mainEntityOfPage":{"@id":"https:\/\/www.webdo.tn\/fr\/actualite\/international\/les-europeens-appeles-a-preparer-un-kit-de-survie-de-72-heures\/220858\/"},"wordCount":248,"commentCount":0,"publisher":{"@id":"https:\/\/www.webdo.tn\/fr\/#organization"},"image":{"@id":"https:\/\/www.webdo.tn\/fr\/actualite\/international\/les-europeens-appeles-a-preparer-un-kit-de-survie-de-72-heures\/220858\/#primaryimage"},"thumbnailUrl":"https:\/\/www.webdo.tn\/fr\/wp-content\/uploads\/2025\/03\/3e1b10eae1dc99bddddb7b33f55c001c.webp","keywords":["'kit'","'survie']","europe","Europ\u00e9ens"],"articleSection":["International"],"inLanguage":"fr-FR"},{"@type":"WebPage","@id":"https:\/\/www.webdo.tn\/fr\/actualite\/international\/les-europeens-appeles-a-preparer-un-kit-de-survie-de-72-heures\/220858\/","url":"https:\/\/www.webdo.tn\/fr\/actualite\/international\/les-europeens-appeles-a-preparer-un-kit-de-survie-de-72-heures\/220858\/","name":"Les Europ\u00e9ens appel\u00e9s \u00e0 pr\u00e9parer un kit de survie de 72 heures","isPartOf":{"@id":"https:\/\/www.webdo.tn\/fr\/#website"},"primaryImageOfPage":{"@id":"https:\/\/www.webdo.tn\/fr\/actualite\/international\/les-europeens-appeles-a-preparer-un-kit-de-survie-de-72-heures\/220858\/#primaryimage"},"image":{"@id":"https:\/\/www.webdo.tn\/fr\/actualite\/international\/les-europeens-appeles-a-preparer-un-kit-de-survie-de-72-heures\/220858\/#primaryimage"},"thumbnailUrl":"https:\/\/www.webdo.tn\/fr\/wp-content\/uploads\/2025\/03\/3e1b10eae1dc99bddddb7b33f55c001c.webp","datePublished":"2025-03-27T11:58:00+00:00","dateModified":"2025-05-20T22:23:15+00:00","description":"D\u00e9couvrez la nouvelle initiative de l'Union europ\u00e9enne visant \u00e0 pr\u00e9parer ses citoyens face aux crises. Chaque Europ\u00e9en devra d\u00e9sormais disposer d'un kit de sur...","breadcrumb":{"@id":"https:\/\/www.webdo.tn\/fr\/actualite\/international\/les-europeens-appeles-a-preparer-un-kit-de-survie-de-72-heures\/220858\/#breadcrumb"},"inLanguage":"fr-FR","potentialAction":[{"@type":"ReadAction","target":["https:\/\/www.webdo.tn\/fr\/actualite\/international\/les-europeens-appeles-a-preparer-un-kit-de-survie-de-72-heures\/220858\/"]}]},{"@type":"ImageObject","inLanguage":"fr-FR","@id":"https:\/\/www.webdo.tn\/fr\/actualite\/international\/les-europeens-appeles-a-preparer-un-kit-de-survie-de-72-heures\/220858\/#primaryimage","url":"https:\/\/www.webdo.tn\/fr\/wp-content\/uploads\/2025\/03\/3e1b10eae1dc99bddddb7b33f55c001c.webp","contentUrl":"https:\/\/www.webdo.tn\/fr\/wp-content\/uploads\/2025\/03\/3e1b10eae1dc99bddddb7b33f55c001c.webp","width":750,"height":400,"caption":"Les Europ\u00e9ens appel\u00e9s \u00e0 pr\u00e9parer un kit de survie de 72 heures"},{"@type":"BreadcrumbList","@id":"https:\/\/www.webdo.tn\/fr\/actualite\/international\/les-europeens-appeles-a-preparer-un-kit-de-survie-de-72-heures\/220858\/#breadcrumb","itemListElement":[{"@type":"ListItem","position":1,"name":"Accueil","item":"https:\/\/www.webdo.tn\/fr\/"},{"@type":"ListItem","position":2,"name":"Les Europ\u00e9ens appel\u00e9s \u00e0 pr\u00e9parer un kit de survie de 72 heures"}]},{"@type":"WebSite","@id":"https:\/\/www.webdo.tn\/fr\/#website","url":"https:\/\/www.webdo.tn\/fr\/","name":"webdo","description":"Tunisie - News en Tunisie et \u00e0 l&#039;international sur Webdo.tn","publisher":{"@id":"https:\/\/www.webdo.tn\/fr\/#organization"},"potentialAction":[{"@type":"SearchAction","target":{"@type":"EntryPoint","urlTemplate":"https:\/\/www.webdo.tn\/fr\/?s={search_term_string}"},"query-input":{"@type":"PropertyValueSpecification","valueRequired":true,"valueName":"search_term_string"}}],"inLanguage":"fr-FR"},{"@type":"Organization","@id":"https:\/\/www.webdo.tn\/fr\/#organization","name":"Webdo","alternateName":"Webdo.tn","url":"https:\/\/www.webdo.tn\/fr\/","logo":{"@type":"ImageObject","inLanguage":"fr-FR","@id":"https:\/\/www.webdo.tn\/fr\/#\/schema\/logo\/image\/","url":"https:\/\/www.webdo.tn\/fr\/wp-content\/uploads\/2025\/06\/Webdo-Tunisie_168377.jpg","contentUrl":"https:\/\/www.webdo.tn\/fr\/wp-content\/uploads\/2025\/06\/Webdo-Tunisie_168377.jpg","width":301,"height":301,"caption":"Webdo"},"image":{"@id":"https:\/\/www.webdo.tn\/fr\/#\/schema\/logo\/image\/"},"sameAs":["https:\/\/www.facebook.com\/webdotn","https:\/\/x.com\/webdo_tn"],"description":"Webdo est un m\u00e9dia num\u00e9rique tunisien fond\u00e9 en 2010, sp\u00e9cialis\u00e9 dans l\u2019actualit\u00e9 nationale et internationale, l\u2019\u00e9conomie, la soci\u00e9t\u00e9 et les analyses politiques. Le site s\u2019adresse \u00e0 un large public francophone et couvre l\u2019information tunisienne en temps r\u00e9el.","email":"redac@webdo.tn","legalName":"YNJ SARL","foundingDate":"2010-09-06","numberOfEmployees":{"@type":"QuantitativeValue","minValue":"11","maxValue":"50"}},{"@type":"Person","@id":"https:\/\/www.webdo.tn\/fr\/#\/schema\/person\/82ca085b22037d285e1a3c4b65ba5f71","name":"KJ","image":{"@type":"ImageObject","inLanguage":"fr-FR","@id":"https:\/\/secure.gravatar.com\/avatar\/1a1320de1c1971c893f00068f760b4113d69504aa21273da17ee95650c5944fd?s=96&d=mm&r=g","url":"https:\/\/secure.gravatar.com\/avatar\/1a1320de1c1971c893f00068f760b4113d69504aa21273da17ee95650c5944fd?s=96&d=mm&r=g","contentUrl":"https:\/\/secure.gravatar.com\/avatar\/1a1320de1c1971c893f00068f760b4113d69504aa21273da17ee95650c5944fd?s=96&d=mm&r=g","caption":"KJ"},"url":"https:\/\/www.webdo.tn\/fr\/actualite\/author\/kj\/"}]}},"_links":{"self":[{"href":"https:\/\/www.webdo.tn\/fr\/wp-json\/wp\/v2\/posts\/220858","targetHints":{"allow":["GET"]}}],"collection":[{"href":"https:\/\/www.webdo.tn\/fr\/wp-json\/wp\/v2\/posts"}],"about":[{"href":"https:\/\/www.webdo.tn\/fr\/wp-json\/wp\/v2\/types\/post"}],"author":[{"embeddable":true,"href":"https:\/\/www.webdo.tn\/fr\/wp-json\/wp\/v2\/users\/3163"}],"replies":[{"embeddable":true,"href":"https:\/\/www.webdo.tn\/fr\/wp-json\/wp\/v2\/comments?post=220858"}],"version-history":[{"count":0,"href":"https:\/\/www.webdo.tn\/fr\/wp-json\/wp\/v2\/posts\/220858\/revisions"}],"wp:featuredmedia":[{"embeddable":true,"href":"https:\/\/www.webdo.tn\/fr\/wp-json\/wp\/v2\/media\/292138"}],"wp:attachment":[{"href":"https:\/\/www.webdo.tn\/fr\/wp-json\/wp\/v2\/media?parent=220858"}],"wp:term":[{"taxonomy":"category","embeddable":true,"href":"https:\/\/www.webdo.tn\/fr\/wp-json\/wp\/v2\/categories?post=220858"},{"taxonomy":"post_tag","embeddable":true,"href":"https:\/\/www.webdo.tn\/fr\/wp-json\/wp\/v2\/tags?post=220858"}],"curies":[{"name":"wp","href":"https:\/\/api.w.org\/{rel}","templated":true}]}}