{"id":220839,"date":"2025-03-26T19:29:00","date_gmt":"2025-03-26T19:29:00","guid":{"rendered":"https:\/\/www.webdo.tn\/fr\/blog\/2025\/03\/26\/tunisie-la-bct-reduit-son-taux-directeur-a-7-5\/"},"modified":"2025-05-21T08:58:49","modified_gmt":"2025-05-21T08:58:49","slug":"tunisie-la-bct-reduit-son-taux-directeur-a-7-5","status":"publish","type":"post","link":"https:\/\/www.webdo.tn\/fr\/actualite\/national\/tunisie-la-bct-reduit-son-taux-directeur-a-7-5\/220839\/","title":{"rendered":"Tunisie : La BCT r\u00e9duit son taux directeur \u00e0 7,5%"},"content":{"rendered":"<p>Dans un communiqu\u00e9 publi\u00e9 ce mercredi 26 mars 2025, la Banque centrale de Tunisie a annonc\u00e9 une r\u00e9duction de son taux directeur de 50 points de base, le faisant passer de 8% \u00e0 7,5%. Cette d\u00e9cision prendra effet \u00e0 partir du jeudi 27 mars 2025.<\/p>\n<p>\t\t\t\t\t\t\t\t\tCette mesure vise \u00e0 ajuster la politique mon\u00e9taire du pays face aux \u00e9volutions \u00e9conomiques. En cons\u00e9quence, la Banque centrale a \u00e9galement diminu\u00e9 les taux des facilit\u00e9s de d\u00e9p\u00f4t et de cr\u00e9dit \u00e0 24 heures, respectivement \u00e0 6,5% et 8,5%. Par ailleurs, le taux de r\u00e9mun\u00e9ration des d\u00e9p\u00f4ts d&rsquo;\u00e9pargne a \u00e9t\u00e9 abaiss\u00e9 \u00e0 6,5%.<\/p>\n<p>Le communiqu\u00e9 rappelle que cette d\u00e9cision fait suite aux recommandations formul\u00e9es par la Banque centrale en janvier 2025, incitant les banques tunisiennes \u00e0 se conformer \u00e0 la r\u00e9duction du taux d&rsquo;int\u00e9r\u00eat sur les cr\u00e9dits, conform\u00e9ment \u00e0 la loi n\u00b041 de 2024, entr\u00e9e en vigueur en janvier de cette ann\u00e9e.<\/p>\n<p>Il est important de souligner que le taux directeur \u00e9tait rest\u00e9 stable \u00e0 8% depuis d\u00e9cembre 2022, une stabilit\u00e9 qui a marqu\u00e9 plus de deux ans. Cette nouvelle mesure pourrait avoir des r\u00e9percussions sur l&rsquo;accessibilit\u00e9 du cr\u00e9dit et la dynamique des investissements, dans un contexte \u00e9conomique qui reste encore fragile.<\/p>\n<p>La Banque centrale de Tunisie, dans ses efforts pour r\u00e9guler l&rsquo;\u00e9conomie et stimuler l&rsquo;activit\u00e9 \u00e9conomique, continue de jouer un r\u00f4le cl\u00e9 dans l&rsquo;ajustement de la politique mon\u00e9taire pour r\u00e9pondre aux d\u00e9fis actuels.<\/p>\n","protected":false},"excerpt":{"rendered":"<p>La Banque centrale de Tunisie r\u00e9duit son taux directeur \u00e0 7,5%, effective d\u00e8s le 27 mars 2025, dans le cadre de mesures visant \u00e0 ajuster la politique mon\u00e9taire&#8230;<\/p>\n","protected":false},"author":3166,"featured_media":241484,"comment_status":"open","ping_status":"open","sticky":false,"template":"","format":"standard","meta":{"footnotes":""},"categories":[44],"tags":[2807,3492,2608],"class_list":["post-220839","post","type-post","status-publish","format-standard","has-post-thumbnail","hentry","category-national","tag-bct","tag-taux-directeur","tag-tunisie"],"yoast_head":"<!-- This site is optimized with the Yoast SEO Premium plugin v27.4 (Yoast SEO v27.5) - https:\/\/yoast.com\/product\/yoast-seo-premium-wordpress\/ -->\n<title>Tunisie : La BCT r\u00e9duit son taux directeur \u00e0 7,5%<\/title>\n<meta name=\"description\" content=\"La Banque centrale de Tunisie r\u00e9duit son taux directeur \u00e0 7,5%, effective d\u00e8s le 27 mars 2025, dans le cadre de mesures visant \u00e0 ajuster la politique mon\u00e9taire...\" \/>\n<link rel=\"canonical\" href=\"https:\/\/www.webdo.tn\/fr\/actualite\/national\/tunisie-la-bct-reduit-son-taux-directeur-a-7-5\/220839\/\" \/>\n<meta property=\"og:locale\" content=\"fr_FR\" \/>\n<meta property=\"og:type\" content=\"article\" \/>\n<meta property=\"og:title\" content=\"Tunisie : La BCT r\u00e9duit son taux directeur \u00e0 7,5%\" \/>\n<meta property=\"og:description\" content=\"La Banque centrale de Tunisie r\u00e9duit son taux directeur \u00e0 7,5%, effective d\u00e8s le 27 mars 2025, dans le cadre de mesures visant \u00e0 ajuster la politique mon\u00e9taire...\" \/>\n<meta property=\"og:url\" content=\"https:\/\/www.webdo.tn\/fr\/actualite\/national\/tunisie-la-bct-reduit-son-taux-directeur-a-7-5\/220839\/\" \/>\n<meta property=\"og:site_name\" content=\"webdo\" \/>\n<meta property=\"article:publisher\" content=\"https:\/\/www.facebook.com\/webdotn\" \/>\n<meta property=\"article:published_time\" content=\"2025-03-26T19:29:00+00:00\" \/>\n<meta property=\"article:modified_time\" content=\"2025-05-21T08:58:49+00:00\" \/>\n<meta property=\"og:image\" content=\"https:\/\/www.webdo.tn\/fr\/wp-content\/uploads\/2025\/05\/a2e2c440c0629f72a035903b1eeeb540-3.webp\" \/>\n\t<meta property=\"og:image:width\" content=\"750\" \/>\n\t<meta property=\"og:image:height\" content=\"400\" \/>\n\t<meta property=\"og:image:type\" content=\"image\/webp\" \/>\n<meta name=\"author\" content=\"AZ\" \/>\n<meta name=\"twitter:card\" content=\"summary_large_image\" \/>\n<meta name=\"twitter:creator\" content=\"@webdo_tn\" \/>\n<meta name=\"twitter:site\" content=\"@webdo_tn\" \/>\n<meta name=\"twitter:label1\" content=\"\u00c9crit par\" \/>\n\t<meta name=\"twitter:data1\" content=\"AZ\" \/>\n\t<meta name=\"twitter:label2\" content=\"Dur\u00e9e de lecture estim\u00e9e\" \/>\n\t<meta name=\"twitter:data2\" content=\"1 minute\" \/>\n<script type=\"application\/ld+json\" class=\"yoast-schema-graph\">{\"@context\":\"https:\\\/\\\/schema.org\",\"@graph\":[{\"@type\":\"NewsArticle\",\"@id\":\"https:\\\/\\\/www.webdo.tn\\\/fr\\\/actualite\\\/national\\\/tunisie-la-bct-reduit-son-taux-directeur-a-7-5\\\/220839\\\/#article\",\"isPartOf\":{\"@id\":\"https:\\\/\\\/www.webdo.tn\\\/fr\\\/actualite\\\/national\\\/tunisie-la-bct-reduit-son-taux-directeur-a-7-5\\\/220839\\\/\"},\"author\":{\"name\":\"AZ\",\"@id\":\"https:\\\/\\\/www.webdo.tn\\\/fr\\\/#\\\/schema\\\/person\\\/b8a41c04d93287d375510db360906b34\"},\"headline\":\"Tunisie : La BCT r\u00e9duit son taux directeur \u00e0 7,5%\",\"datePublished\":\"2025-03-26T19:29:00+00:00\",\"dateModified\":\"2025-05-21T08:58:49+00:00\",\"mainEntityOfPage\":{\"@id\":\"https:\\\/\\\/www.webdo.tn\\\/fr\\\/actualite\\\/national\\\/tunisie-la-bct-reduit-son-taux-directeur-a-7-5\\\/220839\\\/\"},\"wordCount\":247,\"commentCount\":0,\"publisher\":{\"@id\":\"https:\\\/\\\/www.webdo.tn\\\/fr\\\/#organization\"},\"image\":{\"@id\":\"https:\\\/\\\/www.webdo.tn\\\/fr\\\/actualite\\\/national\\\/tunisie-la-bct-reduit-son-taux-directeur-a-7-5\\\/220839\\\/#primaryimage\"},\"thumbnailUrl\":\"https:\\\/\\\/www.webdo.tn\\\/fr\\\/wp-content\\\/uploads\\\/2025\\\/05\\\/a2e2c440c0629f72a035903b1eeeb540-3.webp\",\"keywords\":[\"BCT\",\"taux directeur\",\"Tunisie\"],\"articleSection\":[\"National\"],\"inLanguage\":\"fr-FR\"},{\"@type\":\"WebPage\",\"@id\":\"https:\\\/\\\/www.webdo.tn\\\/fr\\\/actualite\\\/national\\\/tunisie-la-bct-reduit-son-taux-directeur-a-7-5\\\/220839\\\/\",\"url\":\"https:\\\/\\\/www.webdo.tn\\\/fr\\\/actualite\\\/national\\\/tunisie-la-bct-reduit-son-taux-directeur-a-7-5\\\/220839\\\/\",\"name\":\"Tunisie : La BCT r\u00e9duit son taux directeur \u00e0 7,5%\",\"isPartOf\":{\"@id\":\"https:\\\/\\\/www.webdo.tn\\\/fr\\\/#website\"},\"primaryImageOfPage\":{\"@id\":\"https:\\\/\\\/www.webdo.tn\\\/fr\\\/actualite\\\/national\\\/tunisie-la-bct-reduit-son-taux-directeur-a-7-5\\\/220839\\\/#primaryimage\"},\"image\":{\"@id\":\"https:\\\/\\\/www.webdo.tn\\\/fr\\\/actualite\\\/national\\\/tunisie-la-bct-reduit-son-taux-directeur-a-7-5\\\/220839\\\/#primaryimage\"},\"thumbnailUrl\":\"https:\\\/\\\/www.webdo.tn\\\/fr\\\/wp-content\\\/uploads\\\/2025\\\/05\\\/a2e2c440c0629f72a035903b1eeeb540-3.webp\",\"datePublished\":\"2025-03-26T19:29:00+00:00\",\"dateModified\":\"2025-05-21T08:58:49+00:00\",\"description\":\"La Banque centrale de Tunisie r\u00e9duit son taux directeur \u00e0 7,5%, effective d\u00e8s le 27 mars 2025, dans le cadre de mesures visant \u00e0 ajuster la politique mon\u00e9taire...\",\"breadcrumb\":{\"@id\":\"https:\\\/\\\/www.webdo.tn\\\/fr\\\/actualite\\\/national\\\/tunisie-la-bct-reduit-son-taux-directeur-a-7-5\\\/220839\\\/#breadcrumb\"},\"inLanguage\":\"fr-FR\",\"potentialAction\":[{\"@type\":\"ReadAction\",\"target\":[\"https:\\\/\\\/www.webdo.tn\\\/fr\\\/actualite\\\/national\\\/tunisie-la-bct-reduit-son-taux-directeur-a-7-5\\\/220839\\\/\"]}]},{\"@type\":\"ImageObject\",\"inLanguage\":\"fr-FR\",\"@id\":\"https:\\\/\\\/www.webdo.tn\\\/fr\\\/actualite\\\/national\\\/tunisie-la-bct-reduit-son-taux-directeur-a-7-5\\\/220839\\\/#primaryimage\",\"url\":\"https:\\\/\\\/www.webdo.tn\\\/fr\\\/wp-content\\\/uploads\\\/2025\\\/05\\\/a2e2c440c0629f72a035903b1eeeb540-3.webp\",\"contentUrl\":\"https:\\\/\\\/www.webdo.tn\\\/fr\\\/wp-content\\\/uploads\\\/2025\\\/05\\\/a2e2c440c0629f72a035903b1eeeb540-3.webp\",\"width\":750,\"height\":400},{\"@type\":\"BreadcrumbList\",\"@id\":\"https:\\\/\\\/www.webdo.tn\\\/fr\\\/actualite\\\/national\\\/tunisie-la-bct-reduit-son-taux-directeur-a-7-5\\\/220839\\\/#breadcrumb\",\"itemListElement\":[{\"@type\":\"ListItem\",\"position\":1,\"name\":\"Accueil\",\"item\":\"https:\\\/\\\/www.webdo.tn\\\/fr\\\/\"},{\"@type\":\"ListItem\",\"position\":2,\"name\":\"Tunisie : La BCT r\u00e9duit son taux directeur \u00e0 7,5%\"}]},{\"@type\":\"WebSite\",\"@id\":\"https:\\\/\\\/www.webdo.tn\\\/fr\\\/#website\",\"url\":\"https:\\\/\\\/www.webdo.tn\\\/fr\\\/\",\"name\":\"webdo\",\"description\":\"Tunisie - News en Tunisie et \u00e0 l&#039;international sur Webdo.tn\",\"publisher\":{\"@id\":\"https:\\\/\\\/www.webdo.tn\\\/fr\\\/#organization\"},\"potentialAction\":[{\"@type\":\"SearchAction\",\"target\":{\"@type\":\"EntryPoint\",\"urlTemplate\":\"https:\\\/\\\/www.webdo.tn\\\/fr\\\/?s={search_term_string}\"},\"query-input\":{\"@type\":\"PropertyValueSpecification\",\"valueRequired\":true,\"valueName\":\"search_term_string\"}}],\"inLanguage\":\"fr-FR\"},{\"@type\":\"Organization\",\"@id\":\"https:\\\/\\\/www.webdo.tn\\\/fr\\\/#organization\",\"name\":\"Webdo\",\"alternateName\":\"Webdo.tn\",\"url\":\"https:\\\/\\\/www.webdo.tn\\\/fr\\\/\",\"logo\":{\"@type\":\"ImageObject\",\"inLanguage\":\"fr-FR\",\"@id\":\"https:\\\/\\\/www.webdo.tn\\\/fr\\\/#\\\/schema\\\/logo\\\/image\\\/\",\"url\":\"https:\\\/\\\/www.webdo.tn\\\/fr\\\/wp-content\\\/uploads\\\/2025\\\/06\\\/Webdo-Tunisie_168377.jpg\",\"contentUrl\":\"https:\\\/\\\/www.webdo.tn\\\/fr\\\/wp-content\\\/uploads\\\/2025\\\/06\\\/Webdo-Tunisie_168377.jpg\",\"width\":301,\"height\":301,\"caption\":\"Webdo\"},\"image\":{\"@id\":\"https:\\\/\\\/www.webdo.tn\\\/fr\\\/#\\\/schema\\\/logo\\\/image\\\/\"},\"sameAs\":[\"https:\\\/\\\/www.facebook.com\\\/webdotn\",\"https:\\\/\\\/x.com\\\/webdo_tn\"],\"description\":\"Webdo est un m\u00e9dia num\u00e9rique tunisien fond\u00e9 en 2010, sp\u00e9cialis\u00e9 dans l\u2019actualit\u00e9 nationale et internationale, l\u2019\u00e9conomie, la soci\u00e9t\u00e9 et les analyses politiques. Le site s\u2019adresse \u00e0 un large public francophone et couvre l\u2019information tunisienne en temps r\u00e9el.\",\"email\":\"redac@webdo.tn\",\"legalName\":\"YNJ SARL\",\"foundingDate\":\"2010-09-06\",\"numberOfEmployees\":{\"@type\":\"QuantitativeValue\",\"minValue\":\"11\",\"maxValue\":\"50\"}},{\"@type\":\"Person\",\"@id\":\"https:\\\/\\\/www.webdo.tn\\\/fr\\\/#\\\/schema\\\/person\\\/b8a41c04d93287d375510db360906b34\",\"name\":\"AZ\",\"image\":{\"@type\":\"ImageObject\",\"inLanguage\":\"fr-FR\",\"@id\":\"https:\\\/\\\/secure.gravatar.com\\\/avatar\\\/492b80bada79439de4201dce15cd41eece6c277cfdf1b53382073c79105c1f89?s=96&d=mm&r=g\",\"url\":\"https:\\\/\\\/secure.gravatar.com\\\/avatar\\\/492b80bada79439de4201dce15cd41eece6c277cfdf1b53382073c79105c1f89?s=96&d=mm&r=g\",\"contentUrl\":\"https:\\\/\\\/secure.gravatar.com\\\/avatar\\\/492b80bada79439de4201dce15cd41eece6c277cfdf1b53382073c79105c1f89?s=96&d=mm&r=g\",\"caption\":\"AZ\"},\"url\":\"https:\\\/\\\/www.webdo.tn\\\/fr\\\/actualite\\\/author\\\/az\\\/\"}]}<\/script>\n<!-- \/ Yoast SEO Premium plugin. -->","yoast_head_json":{"title":"Tunisie : La BCT r\u00e9duit son taux directeur \u00e0 7,5%","description":"La Banque centrale de Tunisie r\u00e9duit son taux directeur \u00e0 7,5%, effective d\u00e8s le 27 mars 2025, dans le cadre de mesures visant \u00e0 ajuster la politique mon\u00e9taire...","canonical":"https:\/\/www.webdo.tn\/fr\/actualite\/national\/tunisie-la-bct-reduit-son-taux-directeur-a-7-5\/220839\/","og_locale":"fr_FR","og_type":"article","og_title":"Tunisie : La BCT r\u00e9duit son taux directeur \u00e0 7,5%","og_description":"La Banque centrale de Tunisie r\u00e9duit son taux directeur \u00e0 7,5%, effective d\u00e8s le 27 mars 2025, dans le cadre de mesures visant \u00e0 ajuster la politique mon\u00e9taire...","og_url":"https:\/\/www.webdo.tn\/fr\/actualite\/national\/tunisie-la-bct-reduit-son-taux-directeur-a-7-5\/220839\/","og_site_name":"webdo","article_publisher":"https:\/\/www.facebook.com\/webdotn","article_published_time":"2025-03-26T19:29:00+00:00","article_modified_time":"2025-05-21T08:58:49+00:00","og_image":[{"width":750,"height":400,"url":"https:\/\/www.webdo.tn\/fr\/wp-content\/uploads\/2025\/05\/a2e2c440c0629f72a035903b1eeeb540-3.webp","type":"image\/webp"}],"author":"AZ","twitter_card":"summary_large_image","twitter_creator":"@webdo_tn","twitter_site":"@webdo_tn","twitter_misc":{"\u00c9crit par":"AZ","Dur\u00e9e de lecture estim\u00e9e":"1 minute"},"schema":{"@context":"https:\/\/schema.org","@graph":[{"@type":"NewsArticle","@id":"https:\/\/www.webdo.tn\/fr\/actualite\/national\/tunisie-la-bct-reduit-son-taux-directeur-a-7-5\/220839\/#article","isPartOf":{"@id":"https:\/\/www.webdo.tn\/fr\/actualite\/national\/tunisie-la-bct-reduit-son-taux-directeur-a-7-5\/220839\/"},"author":{"name":"AZ","@id":"https:\/\/www.webdo.tn\/fr\/#\/schema\/person\/b8a41c04d93287d375510db360906b34"},"headline":"Tunisie : La BCT r\u00e9duit son taux directeur \u00e0 7,5%","datePublished":"2025-03-26T19:29:00+00:00","dateModified":"2025-05-21T08:58:49+00:00","mainEntityOfPage":{"@id":"https:\/\/www.webdo.tn\/fr\/actualite\/national\/tunisie-la-bct-reduit-son-taux-directeur-a-7-5\/220839\/"},"wordCount":247,"commentCount":0,"publisher":{"@id":"https:\/\/www.webdo.tn\/fr\/#organization"},"image":{"@id":"https:\/\/www.webdo.tn\/fr\/actualite\/national\/tunisie-la-bct-reduit-son-taux-directeur-a-7-5\/220839\/#primaryimage"},"thumbnailUrl":"https:\/\/www.webdo.tn\/fr\/wp-content\/uploads\/2025\/05\/a2e2c440c0629f72a035903b1eeeb540-3.webp","keywords":["BCT","taux directeur","Tunisie"],"articleSection":["National"],"inLanguage":"fr-FR"},{"@type":"WebPage","@id":"https:\/\/www.webdo.tn\/fr\/actualite\/national\/tunisie-la-bct-reduit-son-taux-directeur-a-7-5\/220839\/","url":"https:\/\/www.webdo.tn\/fr\/actualite\/national\/tunisie-la-bct-reduit-son-taux-directeur-a-7-5\/220839\/","name":"Tunisie : La BCT r\u00e9duit son taux directeur \u00e0 7,5%","isPartOf":{"@id":"https:\/\/www.webdo.tn\/fr\/#website"},"primaryImageOfPage":{"@id":"https:\/\/www.webdo.tn\/fr\/actualite\/national\/tunisie-la-bct-reduit-son-taux-directeur-a-7-5\/220839\/#primaryimage"},"image":{"@id":"https:\/\/www.webdo.tn\/fr\/actualite\/national\/tunisie-la-bct-reduit-son-taux-directeur-a-7-5\/220839\/#primaryimage"},"thumbnailUrl":"https:\/\/www.webdo.tn\/fr\/wp-content\/uploads\/2025\/05\/a2e2c440c0629f72a035903b1eeeb540-3.webp","datePublished":"2025-03-26T19:29:00+00:00","dateModified":"2025-05-21T08:58:49+00:00","description":"La Banque centrale de Tunisie r\u00e9duit son taux directeur \u00e0 7,5%, effective d\u00e8s le 27 mars 2025, dans le cadre de mesures visant \u00e0 ajuster la politique mon\u00e9taire...","breadcrumb":{"@id":"https:\/\/www.webdo.tn\/fr\/actualite\/national\/tunisie-la-bct-reduit-son-taux-directeur-a-7-5\/220839\/#breadcrumb"},"inLanguage":"fr-FR","potentialAction":[{"@type":"ReadAction","target":["https:\/\/www.webdo.tn\/fr\/actualite\/national\/tunisie-la-bct-reduit-son-taux-directeur-a-7-5\/220839\/"]}]},{"@type":"ImageObject","inLanguage":"fr-FR","@id":"https:\/\/www.webdo.tn\/fr\/actualite\/national\/tunisie-la-bct-reduit-son-taux-directeur-a-7-5\/220839\/#primaryimage","url":"https:\/\/www.webdo.tn\/fr\/wp-content\/uploads\/2025\/05\/a2e2c440c0629f72a035903b1eeeb540-3.webp","contentUrl":"https:\/\/www.webdo.tn\/fr\/wp-content\/uploads\/2025\/05\/a2e2c440c0629f72a035903b1eeeb540-3.webp","width":750,"height":400},{"@type":"BreadcrumbList","@id":"https:\/\/www.webdo.tn\/fr\/actualite\/national\/tunisie-la-bct-reduit-son-taux-directeur-a-7-5\/220839\/#breadcrumb","itemListElement":[{"@type":"ListItem","position":1,"name":"Accueil","item":"https:\/\/www.webdo.tn\/fr\/"},{"@type":"ListItem","position":2,"name":"Tunisie : La BCT r\u00e9duit son taux directeur \u00e0 7,5%"}]},{"@type":"WebSite","@id":"https:\/\/www.webdo.tn\/fr\/#website","url":"https:\/\/www.webdo.tn\/fr\/","name":"webdo","description":"Tunisie - News en Tunisie et \u00e0 l&#039;international sur Webdo.tn","publisher":{"@id":"https:\/\/www.webdo.tn\/fr\/#organization"},"potentialAction":[{"@type":"SearchAction","target":{"@type":"EntryPoint","urlTemplate":"https:\/\/www.webdo.tn\/fr\/?s={search_term_string}"},"query-input":{"@type":"PropertyValueSpecification","valueRequired":true,"valueName":"search_term_string"}}],"inLanguage":"fr-FR"},{"@type":"Organization","@id":"https:\/\/www.webdo.tn\/fr\/#organization","name":"Webdo","alternateName":"Webdo.tn","url":"https:\/\/www.webdo.tn\/fr\/","logo":{"@type":"ImageObject","inLanguage":"fr-FR","@id":"https:\/\/www.webdo.tn\/fr\/#\/schema\/logo\/image\/","url":"https:\/\/www.webdo.tn\/fr\/wp-content\/uploads\/2025\/06\/Webdo-Tunisie_168377.jpg","contentUrl":"https:\/\/www.webdo.tn\/fr\/wp-content\/uploads\/2025\/06\/Webdo-Tunisie_168377.jpg","width":301,"height":301,"caption":"Webdo"},"image":{"@id":"https:\/\/www.webdo.tn\/fr\/#\/schema\/logo\/image\/"},"sameAs":["https:\/\/www.facebook.com\/webdotn","https:\/\/x.com\/webdo_tn"],"description":"Webdo est un m\u00e9dia num\u00e9rique tunisien fond\u00e9 en 2010, sp\u00e9cialis\u00e9 dans l\u2019actualit\u00e9 nationale et internationale, l\u2019\u00e9conomie, la soci\u00e9t\u00e9 et les analyses politiques. Le site s\u2019adresse \u00e0 un large public francophone et couvre l\u2019information tunisienne en temps r\u00e9el.","email":"redac@webdo.tn","legalName":"YNJ SARL","foundingDate":"2010-09-06","numberOfEmployees":{"@type":"QuantitativeValue","minValue":"11","maxValue":"50"}},{"@type":"Person","@id":"https:\/\/www.webdo.tn\/fr\/#\/schema\/person\/b8a41c04d93287d375510db360906b34","name":"AZ","image":{"@type":"ImageObject","inLanguage":"fr-FR","@id":"https:\/\/secure.gravatar.com\/avatar\/492b80bada79439de4201dce15cd41eece6c277cfdf1b53382073c79105c1f89?s=96&d=mm&r=g","url":"https:\/\/secure.gravatar.com\/avatar\/492b80bada79439de4201dce15cd41eece6c277cfdf1b53382073c79105c1f89?s=96&d=mm&r=g","contentUrl":"https:\/\/secure.gravatar.com\/avatar\/492b80bada79439de4201dce15cd41eece6c277cfdf1b53382073c79105c1f89?s=96&d=mm&r=g","caption":"AZ"},"url":"https:\/\/www.webdo.tn\/fr\/actualite\/author\/az\/"}]}},"_links":{"self":[{"href":"https:\/\/www.webdo.tn\/fr\/wp-json\/wp\/v2\/posts\/220839","targetHints":{"allow":["GET"]}}],"collection":[{"href":"https:\/\/www.webdo.tn\/fr\/wp-json\/wp\/v2\/posts"}],"about":[{"href":"https:\/\/www.webdo.tn\/fr\/wp-json\/wp\/v2\/types\/post"}],"author":[{"embeddable":true,"href":"https:\/\/www.webdo.tn\/fr\/wp-json\/wp\/v2\/users\/3166"}],"replies":[{"embeddable":true,"href":"https:\/\/www.webdo.tn\/fr\/wp-json\/wp\/v2\/comments?post=220839"}],"version-history":[{"count":0,"href":"https:\/\/www.webdo.tn\/fr\/wp-json\/wp\/v2\/posts\/220839\/revisions"}],"wp:featuredmedia":[{"embeddable":true,"href":"https:\/\/www.webdo.tn\/fr\/wp-json\/wp\/v2\/media\/241484"}],"wp:attachment":[{"href":"https:\/\/www.webdo.tn\/fr\/wp-json\/wp\/v2\/media?parent=220839"}],"wp:term":[{"taxonomy":"category","embeddable":true,"href":"https:\/\/www.webdo.tn\/fr\/wp-json\/wp\/v2\/categories?post=220839"},{"taxonomy":"post_tag","embeddable":true,"href":"https:\/\/www.webdo.tn\/fr\/wp-json\/wp\/v2\/tags?post=220839"}],"curies":[{"name":"wp","href":"https:\/\/api.w.org\/{rel}","templated":true}]}}