{"id":220834,"date":"2025-03-26T14:38:00","date_gmt":"2025-03-26T14:38:00","guid":{"rendered":"https:\/\/www.webdo.tn\/fr\/blog\/2025\/03\/26\/tunisie-ce-que-touchera-l-esperance-pour-sa-participation-au-mondial\/"},"modified":"2025-05-20T22:19:06","modified_gmt":"2025-05-20T22:19:06","slug":"tunisie-ce-que-touchera-l-esperance-pour-sa-participation-au-mondial","status":"publish","type":"post","link":"https:\/\/www.webdo.tn\/fr\/actualite\/sport\/tunisie-ce-que-touchera-l-esperance-pour-sa-participation-au-mondial\/220834\/","title":{"rendered":"Tunisie : Ce que touchera l\u2019Esp\u00e9rance pour sa participation au Mondial"},"content":{"rendered":"<p>La F\u00e9d\u00e9ration internationale de football (FIFA) a r\u00e9v\u00e9l\u00e9 le mod\u00e8le de distribution des r\u00e9compenses pour la Coupe du Monde des Clubs.<\/p>\n<p>\t\t\t\t\t\t\t\t\tLa F\u00e9d\u00e9ration internationale de football (FIFA) a r\u00e9v\u00e9l\u00e9 le mod\u00e8le de distribution des r\u00e9compenses pour la Coupe du Monde des Clubs.<\/p>\n<p>Dans un communiqu\u00e9 publi\u00e9 sur son site officiel, la FIFA a d\u00e9clar\u00e9 : \u00ab Le mod\u00e8le de distribution des prix de la Coupe du Monde des Clubs a \u00e9t\u00e9 approuv\u00e9 apr\u00e8s des discussions avec l\u2019Association europ\u00e9enne des clubs et l\u2019approbation du Conseil de la FIFA. \u00bb<\/p>\n<p>Gianni Infantino, pr\u00e9sident de la FIFA, a affirm\u00e9 : \u00ab Le mod\u00e8le de r\u00e9partition des prix pour la Coupe du Monde des Clubs repr\u00e9sente la plus grande dotation financi\u00e8re jamais attribu\u00e9e pour un tournoi de football en sept matchs, comprenant une phase de groupes et un syst\u00e8me \u00e0 \u00e9limination directe, avec une r\u00e9compense potentielle allant jusqu\u2019\u00e0 125 millions de dollars pour le vainqueur. \u00bb<\/p>\n<p>Il a ajout\u00e9 : \u00ab En plus des prix financiers pour les \u00e9quipes participantes, un programme d\u2019investissement solidaire in\u00e9dit pr\u00e9voit l\u2019octroi de 250 millions de dollars suppl\u00e9mentaires pour soutenir le football de clubs \u00e0 travers le monde. \u00bb<\/p>\n<p>\u00ab Cette solidarit\u00e9 renforcera consid\u00e9rablement nos efforts continus pour faire du football un v\u00e9ritable sport mondial \u00bb, a-t-il poursuivi.<\/p>\n<p>Il a conclu : \u00ab La FIFA ne conservera aucun revenu de ce tournoi. Toutes les recettes seront redistribu\u00e9es aux clubs, et les r\u00e9serves de la FIFA destin\u00e9es au d\u00e9veloppement du football mondial \u00e0 travers ses 211 associations membres resteront intactes. \u00bb<\/p>\n<p>Le communiqu\u00e9 pr\u00e9cise que le montant total des r\u00e9compenses financi\u00e8res s\u2019\u00e9l\u00e8ve \u00e0 un milliard de dollars, r\u00e9partis en 475 millions en fonction des performances sportives et 525 millions attribu\u00e9s uniquement pour la participation.<\/p>\n<p>Les primes de performance sportive seront identiques pour toutes les conf\u00e9d\u00e9rations. Ainsi, une victoire en phase de groupes rapportera 2 millions de dollars (environ 6 millions de dinars tunisiens), tandis qu\u2019un match nul sera r\u00e9compens\u00e9 par un million de dollars (pr\u00e8s de 3 millions de dinars tunisiens).<\/p>\n<p>Les \u00e9quipes atteignant les huiti\u00e8mes de finale recevront 7,5 millions de dollars (environ 23 millions de dinars tunisiens), tandis qu\u2019un quart de finale sera gratifi\u00e9 de\u00a0<\/p>\n<p>Les demi-finalistes percevront 21 millions de dollars, tandis que le finaliste empochera 30 millions et le vainqueur 40 millions.<\/p>\n<p>Concernant les primes de participation (525 millions de dollars au total), celles-ci seront r\u00e9parties diff\u00e9remment selon les conf\u00e9d\u00e9rations.<\/p>\n<p>\u2022\u00a0\u00a0 \u00a0Chaque club europ\u00e9en recevra entre 12,81 et 38,19 millions de dollars, en fonction d\u2019un classement bas\u00e9 sur des crit\u00e8res sportifs et commerciaux.<br \/>\n\u2022\u00a0\u00a0 \u00a0Les clubs sud-am\u00e9ricains toucheront 15,21 millions de dollars chacun.<br \/>\n\u2022\u00a0\u00a0 \u00a0Les repr\u00e9sentants de la Concacaf (Am\u00e9rique du Nord, centrale et Cara\u00efbes), de l\u2019Asie et de l\u2019Afrique recevront chacun 9,55 millions de dollars (soit environ 30 millions de dinars tunisiens).<br \/>\n\u2022\u00a0\u00a0 \u00a0Le club repr\u00e9sentant l\u2019Oc\u00e9anie percevra 3,58 millions de dollars.<\/p>\n<p>Ainsi, l\u2019Esp\u00e9rance Sportive de Tunis est d\u2019ores et d\u00e9j\u00e0 assur\u00e9e d\u2019empocher 9,55 millions de dollars (pr\u00e8s de 30 millions de dinars tunisiens) pour sa participation au Mondial des Clubs. Ce montant pourrait encore augmenter en fonction de ses performances en phase de groupes et lors des tours suivants.<\/p>\n","protected":false},"excerpt":{"rendered":"<p>L\u2019Esp\u00e9rance de Tunis est assur\u00e9e de recevoir 9,55 millions de dollars pour sa participation \u00e0 la Coupe du Monde des Clubs, un montant qui pourrait augmenter sel&#8230;<\/p>\n","protected":false},"author":3163,"featured_media":241480,"comment_status":"open","ping_status":"open","sticky":false,"template":"","format":"standard","meta":{"footnotes":""},"categories":[2593],"tags":[3437,3436,3487,3488,2608],"class_list":["post-220834","post","type-post","status-publish","format-standard","has-post-thumbnail","hentry","category-sport","tag-esperance","tag-est","tag-fifa","tag-mondial-des-clubs","tag-tunisie"],"yoast_head":"<!-- This site is optimized with the Yoast SEO Premium plugin v27.4 (Yoast SEO v27.5) - https:\/\/yoast.com\/product\/yoast-seo-premium-wordpress\/ -->\n<title>Tunisie : Ce que touchera l\u2019Esp\u00e9rance pour sa participation au Mondial<\/title>\n<meta name=\"description\" content=\"L\u2019Esp\u00e9rance de Tunis est assur\u00e9e de recevoir 9,55 millions de dollars pour sa participation \u00e0 la Coupe du Monde des Clubs, un montant qui pourrait augmenter sel...\" \/>\n<link rel=\"canonical\" href=\"https:\/\/www.webdo.tn\/fr\/actualite\/sport\/tunisie-ce-que-touchera-l-esperance-pour-sa-participation-au-mondial\/220834\/\" \/>\n<meta property=\"og:locale\" content=\"fr_FR\" \/>\n<meta property=\"og:type\" content=\"article\" \/>\n<meta property=\"og:title\" content=\"Tunisie : Ce que touchera l\u2019Esp\u00e9rance pour sa participation au Mondial\" \/>\n<meta property=\"og:description\" content=\"L\u2019Esp\u00e9rance de Tunis est assur\u00e9e de recevoir 9,55 millions de dollars pour sa participation \u00e0 la Coupe du Monde des Clubs, un montant qui pourrait augmenter sel...\" \/>\n<meta property=\"og:url\" content=\"https:\/\/www.webdo.tn\/fr\/actualite\/sport\/tunisie-ce-que-touchera-l-esperance-pour-sa-participation-au-mondial\/220834\/\" \/>\n<meta property=\"og:site_name\" content=\"webdo\" \/>\n<meta property=\"article:publisher\" content=\"https:\/\/www.facebook.com\/webdotn\" \/>\n<meta property=\"article:published_time\" content=\"2025-03-26T14:38:00+00:00\" \/>\n<meta property=\"article:modified_time\" content=\"2025-05-20T22:19:06+00:00\" \/>\n<meta property=\"og:image\" content=\"https:\/\/www.webdo.tn\/fr\/wp-content\/uploads\/2025\/05\/578888c76f8745dc0187336dd4f0015e-3.webp\" \/>\n\t<meta property=\"og:image:width\" content=\"750\" \/>\n\t<meta property=\"og:image:height\" content=\"400\" \/>\n\t<meta property=\"og:image:type\" content=\"image\/webp\" \/>\n<meta name=\"author\" content=\"KJ\" \/>\n<meta name=\"twitter:card\" content=\"summary_large_image\" \/>\n<meta name=\"twitter:creator\" content=\"@webdo_tn\" \/>\n<meta name=\"twitter:site\" content=\"@webdo_tn\" \/>\n<meta name=\"twitter:label1\" content=\"\u00c9crit par\" \/>\n\t<meta name=\"twitter:data1\" content=\"KJ\" \/>\n\t<meta name=\"twitter:label2\" content=\"Dur\u00e9e de lecture estim\u00e9e\" \/>\n\t<meta name=\"twitter:data2\" content=\"3 minutes\" \/>\n<script type=\"application\/ld+json\" class=\"yoast-schema-graph\">{\"@context\":\"https:\\\/\\\/schema.org\",\"@graph\":[{\"@type\":\"NewsArticle\",\"@id\":\"https:\\\/\\\/www.webdo.tn\\\/fr\\\/actualite\\\/sport\\\/tunisie-ce-que-touchera-l-esperance-pour-sa-participation-au-mondial\\\/220834\\\/#article\",\"isPartOf\":{\"@id\":\"https:\\\/\\\/www.webdo.tn\\\/fr\\\/actualite\\\/sport\\\/tunisie-ce-que-touchera-l-esperance-pour-sa-participation-au-mondial\\\/220834\\\/\"},\"author\":{\"name\":\"KJ\",\"@id\":\"https:\\\/\\\/www.webdo.tn\\\/fr\\\/#\\\/schema\\\/person\\\/82ca085b22037d285e1a3c4b65ba5f71\"},\"headline\":\"Tunisie : Ce que touchera l\u2019Esp\u00e9rance pour sa participation au Mondial\",\"datePublished\":\"2025-03-26T14:38:00+00:00\",\"dateModified\":\"2025-05-20T22:19:06+00:00\",\"mainEntityOfPage\":{\"@id\":\"https:\\\/\\\/www.webdo.tn\\\/fr\\\/actualite\\\/sport\\\/tunisie-ce-que-touchera-l-esperance-pour-sa-participation-au-mondial\\\/220834\\\/\"},\"wordCount\":557,\"commentCount\":0,\"publisher\":{\"@id\":\"https:\\\/\\\/www.webdo.tn\\\/fr\\\/#organization\"},\"image\":{\"@id\":\"https:\\\/\\\/www.webdo.tn\\\/fr\\\/actualite\\\/sport\\\/tunisie-ce-que-touchera-l-esperance-pour-sa-participation-au-mondial\\\/220834\\\/#primaryimage\"},\"thumbnailUrl\":\"https:\\\/\\\/www.webdo.tn\\\/fr\\\/wp-content\\\/uploads\\\/2025\\\/05\\\/578888c76f8745dc0187336dd4f0015e-3.webp\",\"keywords\":[\"esp\u00e9rance\",\"EST\",\"FIFA\",\"Mondial des clubs\",\"Tunisie\"],\"articleSection\":[\"Sport\"],\"inLanguage\":\"fr-FR\"},{\"@type\":\"WebPage\",\"@id\":\"https:\\\/\\\/www.webdo.tn\\\/fr\\\/actualite\\\/sport\\\/tunisie-ce-que-touchera-l-esperance-pour-sa-participation-au-mondial\\\/220834\\\/\",\"url\":\"https:\\\/\\\/www.webdo.tn\\\/fr\\\/actualite\\\/sport\\\/tunisie-ce-que-touchera-l-esperance-pour-sa-participation-au-mondial\\\/220834\\\/\",\"name\":\"Tunisie : Ce que touchera l\u2019Esp\u00e9rance pour sa participation au Mondial\",\"isPartOf\":{\"@id\":\"https:\\\/\\\/www.webdo.tn\\\/fr\\\/#website\"},\"primaryImageOfPage\":{\"@id\":\"https:\\\/\\\/www.webdo.tn\\\/fr\\\/actualite\\\/sport\\\/tunisie-ce-que-touchera-l-esperance-pour-sa-participation-au-mondial\\\/220834\\\/#primaryimage\"},\"image\":{\"@id\":\"https:\\\/\\\/www.webdo.tn\\\/fr\\\/actualite\\\/sport\\\/tunisie-ce-que-touchera-l-esperance-pour-sa-participation-au-mondial\\\/220834\\\/#primaryimage\"},\"thumbnailUrl\":\"https:\\\/\\\/www.webdo.tn\\\/fr\\\/wp-content\\\/uploads\\\/2025\\\/05\\\/578888c76f8745dc0187336dd4f0015e-3.webp\",\"datePublished\":\"2025-03-26T14:38:00+00:00\",\"dateModified\":\"2025-05-20T22:19:06+00:00\",\"description\":\"L\u2019Esp\u00e9rance de Tunis est assur\u00e9e de recevoir 9,55 millions de dollars pour sa participation \u00e0 la Coupe du Monde des Clubs, un montant qui pourrait augmenter sel...\",\"breadcrumb\":{\"@id\":\"https:\\\/\\\/www.webdo.tn\\\/fr\\\/actualite\\\/sport\\\/tunisie-ce-que-touchera-l-esperance-pour-sa-participation-au-mondial\\\/220834\\\/#breadcrumb\"},\"inLanguage\":\"fr-FR\",\"potentialAction\":[{\"@type\":\"ReadAction\",\"target\":[\"https:\\\/\\\/www.webdo.tn\\\/fr\\\/actualite\\\/sport\\\/tunisie-ce-que-touchera-l-esperance-pour-sa-participation-au-mondial\\\/220834\\\/\"]}]},{\"@type\":\"ImageObject\",\"inLanguage\":\"fr-FR\",\"@id\":\"https:\\\/\\\/www.webdo.tn\\\/fr\\\/actualite\\\/sport\\\/tunisie-ce-que-touchera-l-esperance-pour-sa-participation-au-mondial\\\/220834\\\/#primaryimage\",\"url\":\"https:\\\/\\\/www.webdo.tn\\\/fr\\\/wp-content\\\/uploads\\\/2025\\\/05\\\/578888c76f8745dc0187336dd4f0015e-3.webp\",\"contentUrl\":\"https:\\\/\\\/www.webdo.tn\\\/fr\\\/wp-content\\\/uploads\\\/2025\\\/05\\\/578888c76f8745dc0187336dd4f0015e-3.webp\",\"width\":750,\"height\":400},{\"@type\":\"BreadcrumbList\",\"@id\":\"https:\\\/\\\/www.webdo.tn\\\/fr\\\/actualite\\\/sport\\\/tunisie-ce-que-touchera-l-esperance-pour-sa-participation-au-mondial\\\/220834\\\/#breadcrumb\",\"itemListElement\":[{\"@type\":\"ListItem\",\"position\":1,\"name\":\"Accueil\",\"item\":\"https:\\\/\\\/www.webdo.tn\\\/fr\\\/\"},{\"@type\":\"ListItem\",\"position\":2,\"name\":\"Tunisie : Ce que touchera l\u2019Esp\u00e9rance pour sa participation au Mondial\"}]},{\"@type\":\"WebSite\",\"@id\":\"https:\\\/\\\/www.webdo.tn\\\/fr\\\/#website\",\"url\":\"https:\\\/\\\/www.webdo.tn\\\/fr\\\/\",\"name\":\"webdo\",\"description\":\"Tunisie - News en Tunisie et \u00e0 l&#039;international sur Webdo.tn\",\"publisher\":{\"@id\":\"https:\\\/\\\/www.webdo.tn\\\/fr\\\/#organization\"},\"potentialAction\":[{\"@type\":\"SearchAction\",\"target\":{\"@type\":\"EntryPoint\",\"urlTemplate\":\"https:\\\/\\\/www.webdo.tn\\\/fr\\\/?s={search_term_string}\"},\"query-input\":{\"@type\":\"PropertyValueSpecification\",\"valueRequired\":true,\"valueName\":\"search_term_string\"}}],\"inLanguage\":\"fr-FR\"},{\"@type\":\"Organization\",\"@id\":\"https:\\\/\\\/www.webdo.tn\\\/fr\\\/#organization\",\"name\":\"Webdo\",\"alternateName\":\"Webdo.tn\",\"url\":\"https:\\\/\\\/www.webdo.tn\\\/fr\\\/\",\"logo\":{\"@type\":\"ImageObject\",\"inLanguage\":\"fr-FR\",\"@id\":\"https:\\\/\\\/www.webdo.tn\\\/fr\\\/#\\\/schema\\\/logo\\\/image\\\/\",\"url\":\"https:\\\/\\\/www.webdo.tn\\\/fr\\\/wp-content\\\/uploads\\\/2025\\\/06\\\/Webdo-Tunisie_168377.jpg\",\"contentUrl\":\"https:\\\/\\\/www.webdo.tn\\\/fr\\\/wp-content\\\/uploads\\\/2025\\\/06\\\/Webdo-Tunisie_168377.jpg\",\"width\":301,\"height\":301,\"caption\":\"Webdo\"},\"image\":{\"@id\":\"https:\\\/\\\/www.webdo.tn\\\/fr\\\/#\\\/schema\\\/logo\\\/image\\\/\"},\"sameAs\":[\"https:\\\/\\\/www.facebook.com\\\/webdotn\",\"https:\\\/\\\/x.com\\\/webdo_tn\"],\"description\":\"Webdo est un m\u00e9dia num\u00e9rique tunisien fond\u00e9 en 2010, sp\u00e9cialis\u00e9 dans l\u2019actualit\u00e9 nationale et internationale, l\u2019\u00e9conomie, la soci\u00e9t\u00e9 et les analyses politiques. Le site s\u2019adresse \u00e0 un large public francophone et couvre l\u2019information tunisienne en temps r\u00e9el.\",\"email\":\"redac@webdo.tn\",\"legalName\":\"YNJ SARL\",\"foundingDate\":\"2010-09-06\",\"numberOfEmployees\":{\"@type\":\"QuantitativeValue\",\"minValue\":\"11\",\"maxValue\":\"50\"}},{\"@type\":\"Person\",\"@id\":\"https:\\\/\\\/www.webdo.tn\\\/fr\\\/#\\\/schema\\\/person\\\/82ca085b22037d285e1a3c4b65ba5f71\",\"name\":\"KJ\",\"image\":{\"@type\":\"ImageObject\",\"inLanguage\":\"fr-FR\",\"@id\":\"https:\\\/\\\/secure.gravatar.com\\\/avatar\\\/1a1320de1c1971c893f00068f760b4113d69504aa21273da17ee95650c5944fd?s=96&d=mm&r=g\",\"url\":\"https:\\\/\\\/secure.gravatar.com\\\/avatar\\\/1a1320de1c1971c893f00068f760b4113d69504aa21273da17ee95650c5944fd?s=96&d=mm&r=g\",\"contentUrl\":\"https:\\\/\\\/secure.gravatar.com\\\/avatar\\\/1a1320de1c1971c893f00068f760b4113d69504aa21273da17ee95650c5944fd?s=96&d=mm&r=g\",\"caption\":\"KJ\"},\"url\":\"https:\\\/\\\/www.webdo.tn\\\/fr\\\/actualite\\\/author\\\/kj\\\/\"}]}<\/script>\n<!-- \/ Yoast SEO Premium plugin. -->","yoast_head_json":{"title":"Tunisie : Ce que touchera l\u2019Esp\u00e9rance pour sa participation au Mondial","description":"L\u2019Esp\u00e9rance de Tunis est assur\u00e9e de recevoir 9,55 millions de dollars pour sa participation \u00e0 la Coupe du Monde des Clubs, un montant qui pourrait augmenter sel...","canonical":"https:\/\/www.webdo.tn\/fr\/actualite\/sport\/tunisie-ce-que-touchera-l-esperance-pour-sa-participation-au-mondial\/220834\/","og_locale":"fr_FR","og_type":"article","og_title":"Tunisie : Ce que touchera l\u2019Esp\u00e9rance pour sa participation au Mondial","og_description":"L\u2019Esp\u00e9rance de Tunis est assur\u00e9e de recevoir 9,55 millions de dollars pour sa participation \u00e0 la Coupe du Monde des Clubs, un montant qui pourrait augmenter sel...","og_url":"https:\/\/www.webdo.tn\/fr\/actualite\/sport\/tunisie-ce-que-touchera-l-esperance-pour-sa-participation-au-mondial\/220834\/","og_site_name":"webdo","article_publisher":"https:\/\/www.facebook.com\/webdotn","article_published_time":"2025-03-26T14:38:00+00:00","article_modified_time":"2025-05-20T22:19:06+00:00","og_image":[{"width":750,"height":400,"url":"https:\/\/www.webdo.tn\/fr\/wp-content\/uploads\/2025\/05\/578888c76f8745dc0187336dd4f0015e-3.webp","type":"image\/webp"}],"author":"KJ","twitter_card":"summary_large_image","twitter_creator":"@webdo_tn","twitter_site":"@webdo_tn","twitter_misc":{"\u00c9crit par":"KJ","Dur\u00e9e de lecture estim\u00e9e":"3 minutes"},"schema":{"@context":"https:\/\/schema.org","@graph":[{"@type":"NewsArticle","@id":"https:\/\/www.webdo.tn\/fr\/actualite\/sport\/tunisie-ce-que-touchera-l-esperance-pour-sa-participation-au-mondial\/220834\/#article","isPartOf":{"@id":"https:\/\/www.webdo.tn\/fr\/actualite\/sport\/tunisie-ce-que-touchera-l-esperance-pour-sa-participation-au-mondial\/220834\/"},"author":{"name":"KJ","@id":"https:\/\/www.webdo.tn\/fr\/#\/schema\/person\/82ca085b22037d285e1a3c4b65ba5f71"},"headline":"Tunisie : Ce que touchera l\u2019Esp\u00e9rance pour sa participation au Mondial","datePublished":"2025-03-26T14:38:00+00:00","dateModified":"2025-05-20T22:19:06+00:00","mainEntityOfPage":{"@id":"https:\/\/www.webdo.tn\/fr\/actualite\/sport\/tunisie-ce-que-touchera-l-esperance-pour-sa-participation-au-mondial\/220834\/"},"wordCount":557,"commentCount":0,"publisher":{"@id":"https:\/\/www.webdo.tn\/fr\/#organization"},"image":{"@id":"https:\/\/www.webdo.tn\/fr\/actualite\/sport\/tunisie-ce-que-touchera-l-esperance-pour-sa-participation-au-mondial\/220834\/#primaryimage"},"thumbnailUrl":"https:\/\/www.webdo.tn\/fr\/wp-content\/uploads\/2025\/05\/578888c76f8745dc0187336dd4f0015e-3.webp","keywords":["esp\u00e9rance","EST","FIFA","Mondial des clubs","Tunisie"],"articleSection":["Sport"],"inLanguage":"fr-FR"},{"@type":"WebPage","@id":"https:\/\/www.webdo.tn\/fr\/actualite\/sport\/tunisie-ce-que-touchera-l-esperance-pour-sa-participation-au-mondial\/220834\/","url":"https:\/\/www.webdo.tn\/fr\/actualite\/sport\/tunisie-ce-que-touchera-l-esperance-pour-sa-participation-au-mondial\/220834\/","name":"Tunisie : Ce que touchera l\u2019Esp\u00e9rance pour sa participation au Mondial","isPartOf":{"@id":"https:\/\/www.webdo.tn\/fr\/#website"},"primaryImageOfPage":{"@id":"https:\/\/www.webdo.tn\/fr\/actualite\/sport\/tunisie-ce-que-touchera-l-esperance-pour-sa-participation-au-mondial\/220834\/#primaryimage"},"image":{"@id":"https:\/\/www.webdo.tn\/fr\/actualite\/sport\/tunisie-ce-que-touchera-l-esperance-pour-sa-participation-au-mondial\/220834\/#primaryimage"},"thumbnailUrl":"https:\/\/www.webdo.tn\/fr\/wp-content\/uploads\/2025\/05\/578888c76f8745dc0187336dd4f0015e-3.webp","datePublished":"2025-03-26T14:38:00+00:00","dateModified":"2025-05-20T22:19:06+00:00","description":"L\u2019Esp\u00e9rance de Tunis est assur\u00e9e de recevoir 9,55 millions de dollars pour sa participation \u00e0 la Coupe du Monde des Clubs, un montant qui pourrait augmenter sel...","breadcrumb":{"@id":"https:\/\/www.webdo.tn\/fr\/actualite\/sport\/tunisie-ce-que-touchera-l-esperance-pour-sa-participation-au-mondial\/220834\/#breadcrumb"},"inLanguage":"fr-FR","potentialAction":[{"@type":"ReadAction","target":["https:\/\/www.webdo.tn\/fr\/actualite\/sport\/tunisie-ce-que-touchera-l-esperance-pour-sa-participation-au-mondial\/220834\/"]}]},{"@type":"ImageObject","inLanguage":"fr-FR","@id":"https:\/\/www.webdo.tn\/fr\/actualite\/sport\/tunisie-ce-que-touchera-l-esperance-pour-sa-participation-au-mondial\/220834\/#primaryimage","url":"https:\/\/www.webdo.tn\/fr\/wp-content\/uploads\/2025\/05\/578888c76f8745dc0187336dd4f0015e-3.webp","contentUrl":"https:\/\/www.webdo.tn\/fr\/wp-content\/uploads\/2025\/05\/578888c76f8745dc0187336dd4f0015e-3.webp","width":750,"height":400},{"@type":"BreadcrumbList","@id":"https:\/\/www.webdo.tn\/fr\/actualite\/sport\/tunisie-ce-que-touchera-l-esperance-pour-sa-participation-au-mondial\/220834\/#breadcrumb","itemListElement":[{"@type":"ListItem","position":1,"name":"Accueil","item":"https:\/\/www.webdo.tn\/fr\/"},{"@type":"ListItem","position":2,"name":"Tunisie : Ce que touchera l\u2019Esp\u00e9rance pour sa participation au Mondial"}]},{"@type":"WebSite","@id":"https:\/\/www.webdo.tn\/fr\/#website","url":"https:\/\/www.webdo.tn\/fr\/","name":"webdo","description":"Tunisie - News en Tunisie et \u00e0 l&#039;international sur Webdo.tn","publisher":{"@id":"https:\/\/www.webdo.tn\/fr\/#organization"},"potentialAction":[{"@type":"SearchAction","target":{"@type":"EntryPoint","urlTemplate":"https:\/\/www.webdo.tn\/fr\/?s={search_term_string}"},"query-input":{"@type":"PropertyValueSpecification","valueRequired":true,"valueName":"search_term_string"}}],"inLanguage":"fr-FR"},{"@type":"Organization","@id":"https:\/\/www.webdo.tn\/fr\/#organization","name":"Webdo","alternateName":"Webdo.tn","url":"https:\/\/www.webdo.tn\/fr\/","logo":{"@type":"ImageObject","inLanguage":"fr-FR","@id":"https:\/\/www.webdo.tn\/fr\/#\/schema\/logo\/image\/","url":"https:\/\/www.webdo.tn\/fr\/wp-content\/uploads\/2025\/06\/Webdo-Tunisie_168377.jpg","contentUrl":"https:\/\/www.webdo.tn\/fr\/wp-content\/uploads\/2025\/06\/Webdo-Tunisie_168377.jpg","width":301,"height":301,"caption":"Webdo"},"image":{"@id":"https:\/\/www.webdo.tn\/fr\/#\/schema\/logo\/image\/"},"sameAs":["https:\/\/www.facebook.com\/webdotn","https:\/\/x.com\/webdo_tn"],"description":"Webdo est un m\u00e9dia num\u00e9rique tunisien fond\u00e9 en 2010, sp\u00e9cialis\u00e9 dans l\u2019actualit\u00e9 nationale et internationale, l\u2019\u00e9conomie, la soci\u00e9t\u00e9 et les analyses politiques. Le site s\u2019adresse \u00e0 un large public francophone et couvre l\u2019information tunisienne en temps r\u00e9el.","email":"redac@webdo.tn","legalName":"YNJ SARL","foundingDate":"2010-09-06","numberOfEmployees":{"@type":"QuantitativeValue","minValue":"11","maxValue":"50"}},{"@type":"Person","@id":"https:\/\/www.webdo.tn\/fr\/#\/schema\/person\/82ca085b22037d285e1a3c4b65ba5f71","name":"KJ","image":{"@type":"ImageObject","inLanguage":"fr-FR","@id":"https:\/\/secure.gravatar.com\/avatar\/1a1320de1c1971c893f00068f760b4113d69504aa21273da17ee95650c5944fd?s=96&d=mm&r=g","url":"https:\/\/secure.gravatar.com\/avatar\/1a1320de1c1971c893f00068f760b4113d69504aa21273da17ee95650c5944fd?s=96&d=mm&r=g","contentUrl":"https:\/\/secure.gravatar.com\/avatar\/1a1320de1c1971c893f00068f760b4113d69504aa21273da17ee95650c5944fd?s=96&d=mm&r=g","caption":"KJ"},"url":"https:\/\/www.webdo.tn\/fr\/actualite\/author\/kj\/"}]}},"_links":{"self":[{"href":"https:\/\/www.webdo.tn\/fr\/wp-json\/wp\/v2\/posts\/220834","targetHints":{"allow":["GET"]}}],"collection":[{"href":"https:\/\/www.webdo.tn\/fr\/wp-json\/wp\/v2\/posts"}],"about":[{"href":"https:\/\/www.webdo.tn\/fr\/wp-json\/wp\/v2\/types\/post"}],"author":[{"embeddable":true,"href":"https:\/\/www.webdo.tn\/fr\/wp-json\/wp\/v2\/users\/3163"}],"replies":[{"embeddable":true,"href":"https:\/\/www.webdo.tn\/fr\/wp-json\/wp\/v2\/comments?post=220834"}],"version-history":[{"count":0,"href":"https:\/\/www.webdo.tn\/fr\/wp-json\/wp\/v2\/posts\/220834\/revisions"}],"wp:featuredmedia":[{"embeddable":true,"href":"https:\/\/www.webdo.tn\/fr\/wp-json\/wp\/v2\/media\/241480"}],"wp:attachment":[{"href":"https:\/\/www.webdo.tn\/fr\/wp-json\/wp\/v2\/media?parent=220834"}],"wp:term":[{"taxonomy":"category","embeddable":true,"href":"https:\/\/www.webdo.tn\/fr\/wp-json\/wp\/v2\/categories?post=220834"},{"taxonomy":"post_tag","embeddable":true,"href":"https:\/\/www.webdo.tn\/fr\/wp-json\/wp\/v2\/tags?post=220834"}],"curies":[{"name":"wp","href":"https:\/\/api.w.org\/{rel}","templated":true}]}}