{"id":220828,"date":"2025-03-26T11:10:00","date_gmt":"2025-03-26T11:10:00","guid":{"rendered":"https:\/\/www.webdo.tn\/fr\/blog\/geographie-tunisienne-quels-sont-les-ilots-de-notre-littoral\/220828\/"},"modified":"2025-03-26T11:10:00","modified_gmt":"2025-03-26T11:10:00","slug":"geographie-tunisienne-quels-sont-les-ilots-de-notre-littoral","status":"publish","type":"post","link":"https:\/\/www.webdo.tn\/fr\/actualite\/chroniques\/geographie-tunisienne-quels-sont-les-ilots-de-notre-littoral\/220828\/","title":{"rendered":"G\u00e9ographie tunisienne : Quels sont les \u00eelots de notre littoral ?"},"content":{"rendered":"<p>Si les \u00eeles de Djerba ou Kerkennah sont les plus connues, il existe aussi un grand nombre d&rsquo;\u00eeles plus petites qui m\u00e9riteraient d&rsquo;\u00eatre mentionn\u00e9es.\u00a0<\/p>\n<p>\t\t\t\t\t\t\t\t\tConnaissez-vous les soixante \u00eeles, \u00eelots et archipels tunisiens ? \u00c0 l&rsquo;ombre de nos \u00eeles les plus connues, c&rsquo;est un v\u00e9ritable p\u00e9riple auquel nous invite le g\u00e9ographe Ameur Oueslati, sp\u00e9cialiste des c\u00f4tes de la Tunisie, dans un ouvrage qu&rsquo;il consacre aux \u00eeles tunisiennes.\u00a0<\/p>\n<p>Si l\u2019on vous posait la question : \u00ab Quelles sont les \u00eeles tunisiennes ? \u00bb, vous r\u00e9pondriez probablement, apr\u00e8s un instant de r\u00e9flexion : \u00ab La Galite, Zembra, Kerkennah et Djerba \u00bb.<\/p>\n<p>Votre r\u00e9ponse serait donc : \u00ab Quatre \u00eeles \u00bb. Cela serait vrai mais incomplet voire inexact. Car en r\u00e9alit\u00e9, il existe en Tunisie une soixantaine d\u2019\u00eeles et d\u2019\u00eelots, de taille in\u00e9gale, visibles dans le paysage c\u00f4tier et dont les noms sont connus de tous.<\/p>\n<p>Pour les retrouver, nous allons mettre nos pas dans ceux du g\u00e9ographe Ameur Oueslati, sp\u00e9cialiste des c\u00f4tes de la Tunisie et auteur de nombreux travaux de recherche sur les \u00eeles tunisiennes.<\/p>\n<p>Pour ce p\u00e9riple des \u00eeles tunisiennes, nous commencerons par quelques \u00e9vidences. Elles ont trait aux quatre \u00eeles les plus connues qui, en fait, devraient \u00eatre qualifi\u00e9es d\u2019archipels.<\/p>\n<p>Au large de la c\u00f4te de Bizerte, l\u2019archipel de la Galite est ainsi constitu\u00e9 d\u2019une \u00eele principale et aussi de cinq \u00eelots dont le plus connu a pour nom le Galiton.<\/p>\n<p>Quant aux autres formations, elles se nomment \u00eelot de la Fauchelle et \u00eelots des Chiens.<\/p>\n<p>Au large de Sidi Daoud, l\u2019archipel de Zembra comprend une \u00eele principale surnomm\u00e9e Jammour el kebir et trois \u00eelots dont les noms sont Jammour esseghir, Lantorcho et la Cath\u00e9drale.<\/p>\n<p>Nous arrivons maintenant \u00e0 Kerkennah o\u00f9 tout le monde sait que l\u2019archipel comprend deux \u00eeles principales: El Gharbi et El Chargui. Toutefois, \u00e0 Kerkennah, il existe treize \u00eelots d\u00e9sign\u00e9s par des noms d\u00e9termin\u00e9s et pr\u00e9cis.<\/p>\n<p>Citons par exemple Echarmandia, Sefnou, Raqadiya, Gremdi ou encore les \u00eelots Hadj Hamida. Un v\u00e9ritable chapelet entoure en effet les deux iles principales.<br \/>\nA Djerba, l\u2019\u00eele principale est devanc\u00e9e sur sa c\u00f4te m\u00e9ridionale par de nombreux \u00eelots parmi lesquels il convient de citer El Guetaia, El Bahria, El Guetaia el gueblia ainsi que Jlij.<\/p>\n<p>Ceci sans compter les minuscules \u00eelots vaseux qui \u00e9mergent ici et l\u00e0, jusqu\u2019\u00e0 la presqu\u2019\u00eele de Bin el Ouediane.<\/p>\n<p>Ainsi, comme nous venons de le voir, toutes les grandes \u00eeles tunisiennes sont prolong\u00e9es par des \u00eelots et constituent de petits archipels.<\/p>\n<p>Au del\u00e0, de nombreux \u00eelots peuvent \u00eatre recens\u00e9s sur le littoral tunisien. Essayons donc, en allant du nord au sud, d\u2019en savoir plus sur ces diff\u00e9rents espaces insulaires.<\/p>\n<p>Quels sonts les \u00eelots tunisiens qui, malgr\u00e9 qu\u2019ils soient peu importants par la superficie, font partie des paysages c\u00f4tiers du pays ?<\/p>\n<p>Citons pour commencer l\u2019\u00eelot de Tabarka, aujourd\u2019hui reli\u00e9 au continent et qui fut d\u00e9s 1542 une principaut\u00e9 g\u00eanoise, c\u0153ur d\u2019un royaume du corail sur lequel semble encore veiller le fort solitaire des Lomellini.<\/p>\n<p>Connaissez-vous les deux \u00eelots Fratelli ? Ils se trouvent en face de Kef Abbed, non loin des mythiques Cap Negro et cap Serrat.<\/p>\n<p>Plus \u00e0 l\u2019est, en allant toujours vers le sud, le Sahel bizertin est riche de nombreux \u00eelots. Au large de cap Zebib, sur la cote de M\u00e9tline, se trouvent la petite Cani et la grande Cani.<\/p>\n<p>Non loin de l\u00e0, l\u2019ilot Pilau fait face \u00e0 la plage de Raf Raf sur laquelle semble veiller le mausol\u00e9e de Sidi Ali Mekki.<\/p>\n<p>C\u2019est aussi dans cette r\u00e9gion que se trouve au large de Rass Ettarf, tout pr\u00e9s de Ghar el Melh, l\u2019\u00eelot Plane que nous nommons Al Jazira el ouatia en arabe.<\/p>\n<p>Dans cette \u00e9num\u00e9ration insulaire, il convient de ne pas oublier l\u2019ilot Chikly qui se trouve au milieu du lac de Tunis. T\u00e9moin d\u2019une longue histoire, le fort espagnol se souvient encore des flamands roses qui y venaient hiverner.<\/p>\n<p>D&rsquo;autres \u00eelots se trouvent plus au sud et nous les aborderons dans une autre livraison.<\/p>\n<p>\u00a0<\/p>\n<p>H.B.<\/p>\n","protected":false},"excerpt":{"rendered":"<p>Connaissez-vous les soixante \u00eeles, \u00eelots et archipels tunisiens ? \u00c0 l&rsquo;ombre de nos \u00eeles les plus connues, c&rsquo;est un v\u00e9ritable p\u00e9riple auquel nous invite le g\u00e9ogr&#8230;<\/p>\n","protected":false},"author":3229,"featured_media":292133,"comment_status":"open","ping_status":"closed","sticky":false,"template":"","format":"standard","meta":{"footnotes":""},"categories":[2596],"tags":[11115,11114,3947],"class_list":["post-220828","post","type-post","status-publish","format-standard","has-post-thumbnail","hentry","category-chroniques","tag-geographie","tag-ilots","tag-kerkennah"],"yoast_head":"<!-- This site is optimized with the Yoast SEO Premium plugin v27.5 (Yoast SEO v27.5) - https:\/\/yoast.com\/product\/yoast-seo-premium-wordpress\/ -->\n<title>G\u00e9ographie tunisienne : Quels sont les \u00eelots de notre littoral ?<\/title>\n<meta name=\"description\" content=\"Connaissez-vous les soixante \u00eeles, \u00eelots et archipels tunisiens ? \u00c0 l&#039;ombre de nos \u00eeles les plus connues, c&#039;est un v\u00e9ritable p\u00e9riple auquel nous invite le g\u00e9ogr...\" \/>\n<link rel=\"canonical\" href=\"https:\/\/www.webdo.tn\/fr\/actualite\/chroniques\/geographie-tunisienne-quels-sont-les-ilots-de-notre-littoral\/220828\/\" \/>\n<meta property=\"og:locale\" content=\"fr_FR\" \/>\n<meta property=\"og:type\" content=\"article\" \/>\n<meta property=\"og:title\" content=\"G\u00e9ographie tunisienne : Quels sont les \u00eelots de notre littoral ?\" \/>\n<meta property=\"og:description\" content=\"Connaissez-vous les soixante \u00eeles, \u00eelots et archipels tunisiens ? \u00c0 l&#039;ombre de nos \u00eeles les plus connues, c&#039;est un v\u00e9ritable p\u00e9riple auquel nous invite le g\u00e9ogr...\" \/>\n<meta property=\"og:url\" content=\"https:\/\/www.webdo.tn\/fr\/actualite\/chroniques\/geographie-tunisienne-quels-sont-les-ilots-de-notre-littoral\/220828\/\" \/>\n<meta property=\"og:site_name\" content=\"webdo\" \/>\n<meta property=\"article:publisher\" content=\"https:\/\/www.facebook.com\/webdotn\" \/>\n<meta property=\"article:author\" content=\"https:\/\/www.facebook.com\/hatem.bourial.2025\" \/>\n<meta property=\"article:published_time\" content=\"2025-03-26T11:10:00+00:00\" \/>\n<meta property=\"og:image\" content=\"https:\/\/www.webdo.tn\/fr\/wp-content\/uploads\/2025\/03\/1582c089b9505500cf5bc41bb568d45d.webp\" \/>\n\t<meta property=\"og:image:width\" content=\"750\" \/>\n\t<meta property=\"og:image:height\" content=\"400\" \/>\n\t<meta property=\"og:image:type\" content=\"image\/webp\" \/>\n<meta name=\"author\" content=\"Hatem Bourial\" \/>\n<meta name=\"twitter:card\" content=\"summary_large_image\" \/>\n<meta name=\"twitter:creator\" content=\"@webdo_tn\" \/>\n<meta name=\"twitter:site\" content=\"@webdo_tn\" \/>\n<meta name=\"twitter:label1\" content=\"\u00c9crit par\" \/>\n\t<meta name=\"twitter:data1\" content=\"Hatem Bourial\" \/>\n\t<meta name=\"twitter:label2\" content=\"Dur\u00e9e de lecture estim\u00e9e\" \/>\n\t<meta name=\"twitter:data2\" content=\"4 minutes\" \/>\n<script type=\"application\/ld+json\" class=\"yoast-schema-graph\">{\"@context\":\"https:\\\/\\\/schema.org\",\"@graph\":[{\"@type\":\"NewsArticle\",\"@id\":\"https:\\\/\\\/www.webdo.tn\\\/fr\\\/actualite\\\/chroniques\\\/geographie-tunisienne-quels-sont-les-ilots-de-notre-littoral\\\/220828\\\/#article\",\"isPartOf\":{\"@id\":\"https:\\\/\\\/www.webdo.tn\\\/fr\\\/actualite\\\/chroniques\\\/geographie-tunisienne-quels-sont-les-ilots-de-notre-littoral\\\/220828\\\/\"},\"author\":{\"name\":\"Hatem Bourial\",\"@id\":\"https:\\\/\\\/www.webdo.tn\\\/fr\\\/#\\\/schema\\\/person\\\/6bc0beba2cd23aec27cb5df85ca2554f\"},\"headline\":\"G\u00e9ographie tunisienne : Quels sont les \u00eelots de notre littoral ?\",\"datePublished\":\"2025-03-26T11:10:00+00:00\",\"mainEntityOfPage\":{\"@id\":\"https:\\\/\\\/www.webdo.tn\\\/fr\\\/actualite\\\/chroniques\\\/geographie-tunisienne-quels-sont-les-ilots-de-notre-littoral\\\/220828\\\/\"},\"wordCount\":718,\"commentCount\":0,\"publisher\":{\"@id\":\"https:\\\/\\\/www.webdo.tn\\\/fr\\\/#organization\"},\"image\":{\"@id\":\"https:\\\/\\\/www.webdo.tn\\\/fr\\\/actualite\\\/chroniques\\\/geographie-tunisienne-quels-sont-les-ilots-de-notre-littoral\\\/220828\\\/#primaryimage\"},\"thumbnailUrl\":\"https:\\\/\\\/www.webdo.tn\\\/fr\\\/wp-content\\\/uploads\\\/2025\\\/03\\\/1582c089b9505500cf5bc41bb568d45d.webp\",\"keywords\":[\"'G\u00e9ographie']\",\"'Ilots'\",\"kerkennah\"],\"articleSection\":[\"Chroniques\"],\"inLanguage\":\"fr-FR\"},{\"@type\":\"WebPage\",\"@id\":\"https:\\\/\\\/www.webdo.tn\\\/fr\\\/actualite\\\/chroniques\\\/geographie-tunisienne-quels-sont-les-ilots-de-notre-littoral\\\/220828\\\/\",\"url\":\"https:\\\/\\\/www.webdo.tn\\\/fr\\\/actualite\\\/chroniques\\\/geographie-tunisienne-quels-sont-les-ilots-de-notre-littoral\\\/220828\\\/\",\"name\":\"G\u00e9ographie tunisienne : Quels sont les \u00eelots de notre littoral ?\",\"isPartOf\":{\"@id\":\"https:\\\/\\\/www.webdo.tn\\\/fr\\\/#website\"},\"primaryImageOfPage\":{\"@id\":\"https:\\\/\\\/www.webdo.tn\\\/fr\\\/actualite\\\/chroniques\\\/geographie-tunisienne-quels-sont-les-ilots-de-notre-littoral\\\/220828\\\/#primaryimage\"},\"image\":{\"@id\":\"https:\\\/\\\/www.webdo.tn\\\/fr\\\/actualite\\\/chroniques\\\/geographie-tunisienne-quels-sont-les-ilots-de-notre-littoral\\\/220828\\\/#primaryimage\"},\"thumbnailUrl\":\"https:\\\/\\\/www.webdo.tn\\\/fr\\\/wp-content\\\/uploads\\\/2025\\\/03\\\/1582c089b9505500cf5bc41bb568d45d.webp\",\"datePublished\":\"2025-03-26T11:10:00+00:00\",\"description\":\"Connaissez-vous les soixante \u00eeles, \u00eelots et archipels tunisiens ? \u00c0 l'ombre de nos \u00eeles les plus connues, c'est un v\u00e9ritable p\u00e9riple auquel nous invite le g\u00e9ogr...\",\"breadcrumb\":{\"@id\":\"https:\\\/\\\/www.webdo.tn\\\/fr\\\/actualite\\\/chroniques\\\/geographie-tunisienne-quels-sont-les-ilots-de-notre-littoral\\\/220828\\\/#breadcrumb\"},\"inLanguage\":\"fr-FR\",\"potentialAction\":[{\"@type\":\"ReadAction\",\"target\":[\"https:\\\/\\\/www.webdo.tn\\\/fr\\\/actualite\\\/chroniques\\\/geographie-tunisienne-quels-sont-les-ilots-de-notre-littoral\\\/220828\\\/\"]}]},{\"@type\":\"ImageObject\",\"inLanguage\":\"fr-FR\",\"@id\":\"https:\\\/\\\/www.webdo.tn\\\/fr\\\/actualite\\\/chroniques\\\/geographie-tunisienne-quels-sont-les-ilots-de-notre-littoral\\\/220828\\\/#primaryimage\",\"url\":\"https:\\\/\\\/www.webdo.tn\\\/fr\\\/wp-content\\\/uploads\\\/2025\\\/03\\\/1582c089b9505500cf5bc41bb568d45d.webp\",\"contentUrl\":\"https:\\\/\\\/www.webdo.tn\\\/fr\\\/wp-content\\\/uploads\\\/2025\\\/03\\\/1582c089b9505500cf5bc41bb568d45d.webp\",\"width\":750,\"height\":400,\"caption\":\"G\u00e9ographie tunisienne : Quels sont les \u00eelots de notre littoral ?\"},{\"@type\":\"BreadcrumbList\",\"@id\":\"https:\\\/\\\/www.webdo.tn\\\/fr\\\/actualite\\\/chroniques\\\/geographie-tunisienne-quels-sont-les-ilots-de-notre-littoral\\\/220828\\\/#breadcrumb\",\"itemListElement\":[{\"@type\":\"ListItem\",\"position\":1,\"name\":\"Accueil\",\"item\":\"https:\\\/\\\/www.webdo.tn\\\/fr\\\/\"},{\"@type\":\"ListItem\",\"position\":2,\"name\":\"G\u00e9ographie tunisienne : Quels sont les \u00eelots de notre littoral ?\"}]},{\"@type\":\"WebSite\",\"@id\":\"https:\\\/\\\/www.webdo.tn\\\/fr\\\/#website\",\"url\":\"https:\\\/\\\/www.webdo.tn\\\/fr\\\/\",\"name\":\"webdo\",\"description\":\"Tunisie - News en Tunisie et \u00e0 l&#039;international sur Webdo.tn\",\"publisher\":{\"@id\":\"https:\\\/\\\/www.webdo.tn\\\/fr\\\/#organization\"},\"potentialAction\":[{\"@type\":\"SearchAction\",\"target\":{\"@type\":\"EntryPoint\",\"urlTemplate\":\"https:\\\/\\\/www.webdo.tn\\\/fr\\\/?s={search_term_string}\"},\"query-input\":{\"@type\":\"PropertyValueSpecification\",\"valueRequired\":true,\"valueName\":\"search_term_string\"}}],\"inLanguage\":\"fr-FR\"},{\"@type\":\"Organization\",\"@id\":\"https:\\\/\\\/www.webdo.tn\\\/fr\\\/#organization\",\"name\":\"Webdo\",\"alternateName\":\"Webdo.tn\",\"url\":\"https:\\\/\\\/www.webdo.tn\\\/fr\\\/\",\"logo\":{\"@type\":\"ImageObject\",\"inLanguage\":\"fr-FR\",\"@id\":\"https:\\\/\\\/www.webdo.tn\\\/fr\\\/#\\\/schema\\\/logo\\\/image\\\/\",\"url\":\"https:\\\/\\\/www.webdo.tn\\\/fr\\\/wp-content\\\/uploads\\\/2025\\\/06\\\/Webdo-Tunisie_168377.jpg\",\"contentUrl\":\"https:\\\/\\\/www.webdo.tn\\\/fr\\\/wp-content\\\/uploads\\\/2025\\\/06\\\/Webdo-Tunisie_168377.jpg\",\"width\":301,\"height\":301,\"caption\":\"Webdo\"},\"image\":{\"@id\":\"https:\\\/\\\/www.webdo.tn\\\/fr\\\/#\\\/schema\\\/logo\\\/image\\\/\"},\"sameAs\":[\"https:\\\/\\\/www.facebook.com\\\/webdotn\",\"https:\\\/\\\/x.com\\\/webdo_tn\"],\"description\":\"Webdo est un m\u00e9dia num\u00e9rique tunisien fond\u00e9 en 2010, sp\u00e9cialis\u00e9 dans l\u2019actualit\u00e9 nationale et internationale, l\u2019\u00e9conomie, la soci\u00e9t\u00e9 et les analyses politiques. Le site s\u2019adresse \u00e0 un large public francophone et couvre l\u2019information tunisienne en temps r\u00e9el.\",\"email\":\"redac@webdo.tn\",\"legalName\":\"YNJ SARL\",\"foundingDate\":\"2010-09-06\",\"numberOfEmployees\":{\"@type\":\"QuantitativeValue\",\"minValue\":\"11\",\"maxValue\":\"50\"}},{\"@type\":\"Person\",\"@id\":\"https:\\\/\\\/www.webdo.tn\\\/fr\\\/#\\\/schema\\\/person\\\/6bc0beba2cd23aec27cb5df85ca2554f\",\"name\":\"Hatem Bourial\",\"image\":{\"@type\":\"ImageObject\",\"inLanguage\":\"fr-FR\",\"@id\":\"https:\\\/\\\/www.webdo.tn\\\/fr\\\/wp-content\\\/uploads\\\/2026\\\/04\\\/hatem-bourial_avatar-96x96.jpg\",\"url\":\"https:\\\/\\\/www.webdo.tn\\\/fr\\\/wp-content\\\/uploads\\\/2026\\\/04\\\/hatem-bourial_avatar-96x96.jpg\",\"contentUrl\":\"https:\\\/\\\/www.webdo.tn\\\/fr\\\/wp-content\\\/uploads\\\/2026\\\/04\\\/hatem-bourial_avatar-96x96.jpg\",\"caption\":\"Hatem Bourial\"},\"description\":\"Hatem Bourial est journaliste, \u00e9crivain et chroniqueur tunisien. Actif depuis plusieurs d\u00e9cennies, il s\u2019est impos\u00e9 comme un observateur attentif de la soci\u00e9t\u00e9 tunisienne, m\u00ealant dans ses \u00e9crits m\u00e9moire, culture et analyse du quotidien. Auteur de nombreux ouvrages, il d\u00e9veloppe une \u0153uvre \u00e0 la crois\u00e9e du r\u00e9cit, de la po\u00e9sie et de l\u2019observation sociologique. Parall\u00e8lement \u00e0 ses contributions dans la presse, il intervient r\u00e9guli\u00e8rement \u00e0 la radio et dans des espaces culturels, o\u00f9 il explore les enjeux li\u00e9s au patrimoine, \u00e0 l\u2019identit\u00e9 et aux transformations du monde contemporain. \u00c0 travers ses chroniques, Hatem Bourial propose une lecture sensible et approfondie de l\u2019actualit\u00e9, nourrie par une exp\u00e9rience journalistique et litt\u00e9raire reconnue. \ud83d\udd17 Facebook : https:\\\/\\\/www.facebook.com\\\/hatem.bourial.2025\",\"sameAs\":[\"https:\\\/\\\/www.facebook.com\\\/hatem.bourial.2025\",\"https:\\\/\\\/fr.wikipedia.org\\\/wiki\\\/Fichier:Hatem_Bourial.jpg\"],\"knowsAbout\":[\"Culture & patrimoine tunisien\",\"Chronique soci\u00e9tale\",\"Litt\u00e9rature & m\u00e9moire\",\"Cin\u00e9ma & critique culturelle\",\"Identit\u00e9 & mutations sociales\"],\"knowsLanguage\":[\"Arabe\",\"Fran\u00e7ais\",\"Anglais\",\"Italien\",\"Polonais\"],\"jobTitle\":\"Journaliste, \u00e9crivain et chroniqueur culturel\",\"worksFor\":\"Webdo\",\"url\":\"https:\\\/\\\/www.webdo.tn\\\/fr\\\/actualite\\\/author\\\/hatem-bourial-2\\\/\"}]}<\/script>\n<!-- \/ Yoast SEO Premium plugin. -->","yoast_head_json":{"title":"G\u00e9ographie tunisienne : Quels sont les \u00eelots de notre littoral ?","description":"Connaissez-vous les soixante \u00eeles, \u00eelots et archipels tunisiens ? \u00c0 l'ombre de nos \u00eeles les plus connues, c'est un v\u00e9ritable p\u00e9riple auquel nous invite le g\u00e9ogr...","canonical":"https:\/\/www.webdo.tn\/fr\/actualite\/chroniques\/geographie-tunisienne-quels-sont-les-ilots-de-notre-littoral\/220828\/","og_locale":"fr_FR","og_type":"article","og_title":"G\u00e9ographie tunisienne : Quels sont les \u00eelots de notre littoral ?","og_description":"Connaissez-vous les soixante \u00eeles, \u00eelots et archipels tunisiens ? \u00c0 l'ombre de nos \u00eeles les plus connues, c'est un v\u00e9ritable p\u00e9riple auquel nous invite le g\u00e9ogr...","og_url":"https:\/\/www.webdo.tn\/fr\/actualite\/chroniques\/geographie-tunisienne-quels-sont-les-ilots-de-notre-littoral\/220828\/","og_site_name":"webdo","article_publisher":"https:\/\/www.facebook.com\/webdotn","article_author":"https:\/\/www.facebook.com\/hatem.bourial.2025","article_published_time":"2025-03-26T11:10:00+00:00","og_image":[{"width":750,"height":400,"url":"https:\/\/www.webdo.tn\/fr\/wp-content\/uploads\/2025\/03\/1582c089b9505500cf5bc41bb568d45d.webp","type":"image\/webp"}],"author":"Hatem Bourial","twitter_card":"summary_large_image","twitter_creator":"@webdo_tn","twitter_site":"@webdo_tn","twitter_misc":{"\u00c9crit par":"Hatem Bourial","Dur\u00e9e de lecture estim\u00e9e":"4 minutes"},"schema":{"@context":"https:\/\/schema.org","@graph":[{"@type":"NewsArticle","@id":"https:\/\/www.webdo.tn\/fr\/actualite\/chroniques\/geographie-tunisienne-quels-sont-les-ilots-de-notre-littoral\/220828\/#article","isPartOf":{"@id":"https:\/\/www.webdo.tn\/fr\/actualite\/chroniques\/geographie-tunisienne-quels-sont-les-ilots-de-notre-littoral\/220828\/"},"author":{"name":"Hatem Bourial","@id":"https:\/\/www.webdo.tn\/fr\/#\/schema\/person\/6bc0beba2cd23aec27cb5df85ca2554f"},"headline":"G\u00e9ographie tunisienne : Quels sont les \u00eelots de notre littoral ?","datePublished":"2025-03-26T11:10:00+00:00","mainEntityOfPage":{"@id":"https:\/\/www.webdo.tn\/fr\/actualite\/chroniques\/geographie-tunisienne-quels-sont-les-ilots-de-notre-littoral\/220828\/"},"wordCount":718,"commentCount":0,"publisher":{"@id":"https:\/\/www.webdo.tn\/fr\/#organization"},"image":{"@id":"https:\/\/www.webdo.tn\/fr\/actualite\/chroniques\/geographie-tunisienne-quels-sont-les-ilots-de-notre-littoral\/220828\/#primaryimage"},"thumbnailUrl":"https:\/\/www.webdo.tn\/fr\/wp-content\/uploads\/2025\/03\/1582c089b9505500cf5bc41bb568d45d.webp","keywords":["'G\u00e9ographie']","'Ilots'","kerkennah"],"articleSection":["Chroniques"],"inLanguage":"fr-FR"},{"@type":"WebPage","@id":"https:\/\/www.webdo.tn\/fr\/actualite\/chroniques\/geographie-tunisienne-quels-sont-les-ilots-de-notre-littoral\/220828\/","url":"https:\/\/www.webdo.tn\/fr\/actualite\/chroniques\/geographie-tunisienne-quels-sont-les-ilots-de-notre-littoral\/220828\/","name":"G\u00e9ographie tunisienne : Quels sont les \u00eelots de notre littoral ?","isPartOf":{"@id":"https:\/\/www.webdo.tn\/fr\/#website"},"primaryImageOfPage":{"@id":"https:\/\/www.webdo.tn\/fr\/actualite\/chroniques\/geographie-tunisienne-quels-sont-les-ilots-de-notre-littoral\/220828\/#primaryimage"},"image":{"@id":"https:\/\/www.webdo.tn\/fr\/actualite\/chroniques\/geographie-tunisienne-quels-sont-les-ilots-de-notre-littoral\/220828\/#primaryimage"},"thumbnailUrl":"https:\/\/www.webdo.tn\/fr\/wp-content\/uploads\/2025\/03\/1582c089b9505500cf5bc41bb568d45d.webp","datePublished":"2025-03-26T11:10:00+00:00","description":"Connaissez-vous les soixante \u00eeles, \u00eelots et archipels tunisiens ? \u00c0 l'ombre de nos \u00eeles les plus connues, c'est un v\u00e9ritable p\u00e9riple auquel nous invite le g\u00e9ogr...","breadcrumb":{"@id":"https:\/\/www.webdo.tn\/fr\/actualite\/chroniques\/geographie-tunisienne-quels-sont-les-ilots-de-notre-littoral\/220828\/#breadcrumb"},"inLanguage":"fr-FR","potentialAction":[{"@type":"ReadAction","target":["https:\/\/www.webdo.tn\/fr\/actualite\/chroniques\/geographie-tunisienne-quels-sont-les-ilots-de-notre-littoral\/220828\/"]}]},{"@type":"ImageObject","inLanguage":"fr-FR","@id":"https:\/\/www.webdo.tn\/fr\/actualite\/chroniques\/geographie-tunisienne-quels-sont-les-ilots-de-notre-littoral\/220828\/#primaryimage","url":"https:\/\/www.webdo.tn\/fr\/wp-content\/uploads\/2025\/03\/1582c089b9505500cf5bc41bb568d45d.webp","contentUrl":"https:\/\/www.webdo.tn\/fr\/wp-content\/uploads\/2025\/03\/1582c089b9505500cf5bc41bb568d45d.webp","width":750,"height":400,"caption":"G\u00e9ographie tunisienne : Quels sont les \u00eelots de notre littoral ?"},{"@type":"BreadcrumbList","@id":"https:\/\/www.webdo.tn\/fr\/actualite\/chroniques\/geographie-tunisienne-quels-sont-les-ilots-de-notre-littoral\/220828\/#breadcrumb","itemListElement":[{"@type":"ListItem","position":1,"name":"Accueil","item":"https:\/\/www.webdo.tn\/fr\/"},{"@type":"ListItem","position":2,"name":"G\u00e9ographie tunisienne : Quels sont les \u00eelots de notre littoral ?"}]},{"@type":"WebSite","@id":"https:\/\/www.webdo.tn\/fr\/#website","url":"https:\/\/www.webdo.tn\/fr\/","name":"webdo","description":"Tunisie - News en Tunisie et \u00e0 l&#039;international sur Webdo.tn","publisher":{"@id":"https:\/\/www.webdo.tn\/fr\/#organization"},"potentialAction":[{"@type":"SearchAction","target":{"@type":"EntryPoint","urlTemplate":"https:\/\/www.webdo.tn\/fr\/?s={search_term_string}"},"query-input":{"@type":"PropertyValueSpecification","valueRequired":true,"valueName":"search_term_string"}}],"inLanguage":"fr-FR"},{"@type":"Organization","@id":"https:\/\/www.webdo.tn\/fr\/#organization","name":"Webdo","alternateName":"Webdo.tn","url":"https:\/\/www.webdo.tn\/fr\/","logo":{"@type":"ImageObject","inLanguage":"fr-FR","@id":"https:\/\/www.webdo.tn\/fr\/#\/schema\/logo\/image\/","url":"https:\/\/www.webdo.tn\/fr\/wp-content\/uploads\/2025\/06\/Webdo-Tunisie_168377.jpg","contentUrl":"https:\/\/www.webdo.tn\/fr\/wp-content\/uploads\/2025\/06\/Webdo-Tunisie_168377.jpg","width":301,"height":301,"caption":"Webdo"},"image":{"@id":"https:\/\/www.webdo.tn\/fr\/#\/schema\/logo\/image\/"},"sameAs":["https:\/\/www.facebook.com\/webdotn","https:\/\/x.com\/webdo_tn"],"description":"Webdo est un m\u00e9dia num\u00e9rique tunisien fond\u00e9 en 2010, sp\u00e9cialis\u00e9 dans l\u2019actualit\u00e9 nationale et internationale, l\u2019\u00e9conomie, la soci\u00e9t\u00e9 et les analyses politiques. Le site s\u2019adresse \u00e0 un large public francophone et couvre l\u2019information tunisienne en temps r\u00e9el.","email":"redac@webdo.tn","legalName":"YNJ SARL","foundingDate":"2010-09-06","numberOfEmployees":{"@type":"QuantitativeValue","minValue":"11","maxValue":"50"}},{"@type":"Person","@id":"https:\/\/www.webdo.tn\/fr\/#\/schema\/person\/6bc0beba2cd23aec27cb5df85ca2554f","name":"Hatem Bourial","image":{"@type":"ImageObject","inLanguage":"fr-FR","@id":"https:\/\/www.webdo.tn\/fr\/wp-content\/uploads\/2026\/04\/hatem-bourial_avatar-96x96.jpg","url":"https:\/\/www.webdo.tn\/fr\/wp-content\/uploads\/2026\/04\/hatem-bourial_avatar-96x96.jpg","contentUrl":"https:\/\/www.webdo.tn\/fr\/wp-content\/uploads\/2026\/04\/hatem-bourial_avatar-96x96.jpg","caption":"Hatem Bourial"},"description":"Hatem Bourial est journaliste, \u00e9crivain et chroniqueur tunisien. Actif depuis plusieurs d\u00e9cennies, il s\u2019est impos\u00e9 comme un observateur attentif de la soci\u00e9t\u00e9 tunisienne, m\u00ealant dans ses \u00e9crits m\u00e9moire, culture et analyse du quotidien. Auteur de nombreux ouvrages, il d\u00e9veloppe une \u0153uvre \u00e0 la crois\u00e9e du r\u00e9cit, de la po\u00e9sie et de l\u2019observation sociologique. Parall\u00e8lement \u00e0 ses contributions dans la presse, il intervient r\u00e9guli\u00e8rement \u00e0 la radio et dans des espaces culturels, o\u00f9 il explore les enjeux li\u00e9s au patrimoine, \u00e0 l\u2019identit\u00e9 et aux transformations du monde contemporain. \u00c0 travers ses chroniques, Hatem Bourial propose une lecture sensible et approfondie de l\u2019actualit\u00e9, nourrie par une exp\u00e9rience journalistique et litt\u00e9raire reconnue. \ud83d\udd17 Facebook : https:\/\/www.facebook.com\/hatem.bourial.2025","sameAs":["https:\/\/www.facebook.com\/hatem.bourial.2025","https:\/\/fr.wikipedia.org\/wiki\/Fichier:Hatem_Bourial.jpg"],"knowsAbout":["Culture & patrimoine tunisien","Chronique soci\u00e9tale","Litt\u00e9rature & m\u00e9moire","Cin\u00e9ma & critique culturelle","Identit\u00e9 & mutations sociales"],"knowsLanguage":["Arabe","Fran\u00e7ais","Anglais","Italien","Polonais"],"jobTitle":"Journaliste, \u00e9crivain et chroniqueur culturel","worksFor":"Webdo","url":"https:\/\/www.webdo.tn\/fr\/actualite\/author\/hatem-bourial-2\/"}]}},"_links":{"self":[{"href":"https:\/\/www.webdo.tn\/fr\/wp-json\/wp\/v2\/posts\/220828","targetHints":{"allow":["GET"]}}],"collection":[{"href":"https:\/\/www.webdo.tn\/fr\/wp-json\/wp\/v2\/posts"}],"about":[{"href":"https:\/\/www.webdo.tn\/fr\/wp-json\/wp\/v2\/types\/post"}],"author":[{"embeddable":true,"href":"https:\/\/www.webdo.tn\/fr\/wp-json\/wp\/v2\/users\/3229"}],"replies":[{"embeddable":true,"href":"https:\/\/www.webdo.tn\/fr\/wp-json\/wp\/v2\/comments?post=220828"}],"version-history":[{"count":0,"href":"https:\/\/www.webdo.tn\/fr\/wp-json\/wp\/v2\/posts\/220828\/revisions"}],"wp:featuredmedia":[{"embeddable":true,"href":"https:\/\/www.webdo.tn\/fr\/wp-json\/wp\/v2\/media\/292133"}],"wp:attachment":[{"href":"https:\/\/www.webdo.tn\/fr\/wp-json\/wp\/v2\/media?parent=220828"}],"wp:term":[{"taxonomy":"category","embeddable":true,"href":"https:\/\/www.webdo.tn\/fr\/wp-json\/wp\/v2\/categories?post=220828"},{"taxonomy":"post_tag","embeddable":true,"href":"https:\/\/www.webdo.tn\/fr\/wp-json\/wp\/v2\/tags?post=220828"}],"curies":[{"name":"wp","href":"https:\/\/api.w.org\/{rel}","templated":true}]}}