{"id":220825,"date":"2025-03-26T09:17:00","date_gmt":"2025-03-26T09:17:00","guid":{"rendered":"https:\/\/www.webdo.tn\/fr\/blog\/tunisie-coup-dur-pour-le-projet-du-metro-leger-de-sfax\/220825\/"},"modified":"2025-05-20T22:23:12","modified_gmt":"2025-05-20T22:23:12","slug":"tunisie-coup-dur-pour-le-projet-du-metro-leger-de-sfax","status":"publish","type":"post","link":"https:\/\/www.webdo.tn\/fr\/actualite\/national\/tunisie-coup-dur-pour-le-projet-du-metro-leger-de-sfax\/220825\/","title":{"rendered":"Tunisie : Coup dur pour le projet du m\u00e9tro l\u00e9ger de Sfax"},"content":{"rendered":"<p>Le ministre des Transports, Rachid Amri, a r\u00e9v\u00e9l\u00e9, lors d\u2019une session pl\u00e9ni\u00e8re du parlement mardi 25 mars, que la Banque Africaine de D\u00e9veloppement (BAD) s\u2019\u00e9tait r\u00e9tract\u00e9e de son engagement \u00e0 financer le projet du m\u00e9tro l\u00e9ger de Sfax.\u00a0<\/p>\n<p>Cette annonce a fait suite \u00e0 une question du d\u00e9put\u00e9 Saber Mesmoudi.<\/p>\n<p>Le ministre a expliqu\u00e9 que la BAD avait impos\u00e9 de nouvelles conditions pour le projet, des demandes qui ont \u00e9tonn\u00e9 la partie tunisienne.\u00a0<\/p>\n<p>Toutefois, il a tenu \u00e0 souligner que l&rsquo;\u00c9tat ne renoncera pas \u00e0 la r\u00e9alisation du projet. Selon lui, le minist\u00e8re des Transports travaille activement \u00e0 surmonter les diff\u00e9rends avec la banque et explore de nouvelles sources de financement pour garantir la poursuite des travaux.<\/p>\n<p>Dans ses d\u00e9clarations pr\u00e9c\u00e9dentes, le ministre avait indiqu\u00e9 que le projet devait d\u00e9buter au cours du premier semestre 2025, suite \u00e0 un engagement de financement de la BAD.\u00a0<\/p>\n<p>Cependant, avec les d\u00e9veloppements r\u00e9cents, la recherche de solutions alternatives s&rsquo;av\u00e8re d\u00e9sormais n\u00e9cessaire pour assurer la r\u00e9alisation de ce projet strat\u00e9gique pour la r\u00e9gion de Sfax.<\/p>\n","protected":false},"excerpt":{"rendered":"<p>Le ministre des Transports annonce que la Banque Africaine de D\u00e9veloppement s\u2019est r\u00e9tract\u00e9e du financement du projet du m\u00e9tro l\u00e9ger \u00e0 Sfax, for\u00e7ant la Tunisie&#8230;<\/p>\n","protected":false},"author":3163,"featured_media":292132,"comment_status":"open","ping_status":"closed","sticky":false,"template":"","format":"standard","meta":{"footnotes":""},"categories":[44],"tags":[11113,2884,3406,2608],"class_list":["post-220825","post","type-post","status-publish","format-standard","has-post-thumbnail","hentry","category-national","tag-metro-de-sfax","tag-financement","tag-projet","tag-tunisie"],"yoast_head":"<!-- This site is optimized with the Yoast SEO Premium plugin v27.4 (Yoast SEO v27.5) - https:\/\/yoast.com\/product\/yoast-seo-premium-wordpress\/ -->\n<title>Tunisie : Coup dur pour le projet du m\u00e9tro l\u00e9ger de Sfax<\/title>\n<meta name=\"description\" content=\"Le ministre des Transports annonce que la Banque Africaine de D\u00e9veloppement s\u2019est r\u00e9tract\u00e9e du financement du projet du m\u00e9tro l\u00e9ger \u00e0 Sfax, for\u00e7ant la Tunisie...\" \/>\n<link rel=\"canonical\" href=\"https:\/\/www.webdo.tn\/fr\/actualite\/national\/tunisie-coup-dur-pour-le-projet-du-metro-leger-de-sfax\/220825\/\" \/>\n<meta property=\"og:locale\" content=\"fr_FR\" \/>\n<meta property=\"og:type\" content=\"article\" \/>\n<meta property=\"og:title\" content=\"Tunisie : Coup dur pour le projet du m\u00e9tro l\u00e9ger de Sfax\" \/>\n<meta property=\"og:description\" content=\"Le ministre des Transports annonce que la Banque Africaine de D\u00e9veloppement s\u2019est r\u00e9tract\u00e9e du financement du projet du m\u00e9tro l\u00e9ger \u00e0 Sfax, for\u00e7ant la Tunisie...\" \/>\n<meta property=\"og:url\" content=\"https:\/\/www.webdo.tn\/fr\/actualite\/national\/tunisie-coup-dur-pour-le-projet-du-metro-leger-de-sfax\/220825\/\" \/>\n<meta property=\"og:site_name\" content=\"webdo\" \/>\n<meta property=\"article:publisher\" content=\"https:\/\/www.facebook.com\/webdotn\" \/>\n<meta property=\"article:published_time\" content=\"2025-03-26T09:17:00+00:00\" \/>\n<meta property=\"article:modified_time\" content=\"2025-05-20T22:23:12+00:00\" \/>\n<meta property=\"og:image\" content=\"https:\/\/www.webdo.tn\/fr\/wp-content\/uploads\/2025\/03\/2840a386d576a298d28fbd48e9d69c4d.webp\" \/>\n\t<meta property=\"og:image:width\" content=\"750\" \/>\n\t<meta property=\"og:image:height\" content=\"400\" \/>\n\t<meta property=\"og:image:type\" content=\"image\/webp\" \/>\n<meta name=\"author\" content=\"KJ\" \/>\n<meta name=\"twitter:card\" content=\"summary_large_image\" \/>\n<meta name=\"twitter:creator\" content=\"@webdo_tn\" \/>\n<meta name=\"twitter:site\" content=\"@webdo_tn\" \/>\n<meta name=\"twitter:label1\" content=\"\u00c9crit par\" \/>\n\t<meta name=\"twitter:data1\" content=\"KJ\" \/>\n\t<meta name=\"twitter:label2\" content=\"Dur\u00e9e de lecture estim\u00e9e\" \/>\n\t<meta name=\"twitter:data2\" content=\"1 minute\" \/>\n<script type=\"application\/ld+json\" class=\"yoast-schema-graph\">{\"@context\":\"https:\\\/\\\/schema.org\",\"@graph\":[{\"@type\":\"NewsArticle\",\"@id\":\"https:\\\/\\\/www.webdo.tn\\\/fr\\\/actualite\\\/national\\\/tunisie-coup-dur-pour-le-projet-du-metro-leger-de-sfax\\\/220825\\\/#article\",\"isPartOf\":{\"@id\":\"https:\\\/\\\/www.webdo.tn\\\/fr\\\/actualite\\\/national\\\/tunisie-coup-dur-pour-le-projet-du-metro-leger-de-sfax\\\/220825\\\/\"},\"author\":{\"name\":\"KJ\",\"@id\":\"https:\\\/\\\/www.webdo.tn\\\/fr\\\/#\\\/schema\\\/person\\\/82ca085b22037d285e1a3c4b65ba5f71\"},\"headline\":\"Tunisie : Coup dur pour le projet du m\u00e9tro l\u00e9ger de Sfax\",\"datePublished\":\"2025-03-26T09:17:00+00:00\",\"dateModified\":\"2025-05-20T22:23:12+00:00\",\"mainEntityOfPage\":{\"@id\":\"https:\\\/\\\/www.webdo.tn\\\/fr\\\/actualite\\\/national\\\/tunisie-coup-dur-pour-le-projet-du-metro-leger-de-sfax\\\/220825\\\/\"},\"wordCount\":205,\"commentCount\":0,\"publisher\":{\"@id\":\"https:\\\/\\\/www.webdo.tn\\\/fr\\\/#organization\"},\"image\":{\"@id\":\"https:\\\/\\\/www.webdo.tn\\\/fr\\\/actualite\\\/national\\\/tunisie-coup-dur-pour-le-projet-du-metro-leger-de-sfax\\\/220825\\\/#primaryimage\"},\"thumbnailUrl\":\"https:\\\/\\\/www.webdo.tn\\\/fr\\\/wp-content\\\/uploads\\\/2025\\\/03\\\/2840a386d576a298d28fbd48e9d69c4d.webp\",\"keywords\":[\"'M\u00e9tro de Sfax']\",\"financement\",\"projet\",\"Tunisie\"],\"articleSection\":[\"National\"],\"inLanguage\":\"fr-FR\"},{\"@type\":\"WebPage\",\"@id\":\"https:\\\/\\\/www.webdo.tn\\\/fr\\\/actualite\\\/national\\\/tunisie-coup-dur-pour-le-projet-du-metro-leger-de-sfax\\\/220825\\\/\",\"url\":\"https:\\\/\\\/www.webdo.tn\\\/fr\\\/actualite\\\/national\\\/tunisie-coup-dur-pour-le-projet-du-metro-leger-de-sfax\\\/220825\\\/\",\"name\":\"Tunisie : Coup dur pour le projet du m\u00e9tro l\u00e9ger de Sfax\",\"isPartOf\":{\"@id\":\"https:\\\/\\\/www.webdo.tn\\\/fr\\\/#website\"},\"primaryImageOfPage\":{\"@id\":\"https:\\\/\\\/www.webdo.tn\\\/fr\\\/actualite\\\/national\\\/tunisie-coup-dur-pour-le-projet-du-metro-leger-de-sfax\\\/220825\\\/#primaryimage\"},\"image\":{\"@id\":\"https:\\\/\\\/www.webdo.tn\\\/fr\\\/actualite\\\/national\\\/tunisie-coup-dur-pour-le-projet-du-metro-leger-de-sfax\\\/220825\\\/#primaryimage\"},\"thumbnailUrl\":\"https:\\\/\\\/www.webdo.tn\\\/fr\\\/wp-content\\\/uploads\\\/2025\\\/03\\\/2840a386d576a298d28fbd48e9d69c4d.webp\",\"datePublished\":\"2025-03-26T09:17:00+00:00\",\"dateModified\":\"2025-05-20T22:23:12+00:00\",\"description\":\"Le ministre des Transports annonce que la Banque Africaine de D\u00e9veloppement s\u2019est r\u00e9tract\u00e9e du financement du projet du m\u00e9tro l\u00e9ger \u00e0 Sfax, for\u00e7ant la Tunisie...\",\"breadcrumb\":{\"@id\":\"https:\\\/\\\/www.webdo.tn\\\/fr\\\/actualite\\\/national\\\/tunisie-coup-dur-pour-le-projet-du-metro-leger-de-sfax\\\/220825\\\/#breadcrumb\"},\"inLanguage\":\"fr-FR\",\"potentialAction\":[{\"@type\":\"ReadAction\",\"target\":[\"https:\\\/\\\/www.webdo.tn\\\/fr\\\/actualite\\\/national\\\/tunisie-coup-dur-pour-le-projet-du-metro-leger-de-sfax\\\/220825\\\/\"]}]},{\"@type\":\"ImageObject\",\"inLanguage\":\"fr-FR\",\"@id\":\"https:\\\/\\\/www.webdo.tn\\\/fr\\\/actualite\\\/national\\\/tunisie-coup-dur-pour-le-projet-du-metro-leger-de-sfax\\\/220825\\\/#primaryimage\",\"url\":\"https:\\\/\\\/www.webdo.tn\\\/fr\\\/wp-content\\\/uploads\\\/2025\\\/03\\\/2840a386d576a298d28fbd48e9d69c4d.webp\",\"contentUrl\":\"https:\\\/\\\/www.webdo.tn\\\/fr\\\/wp-content\\\/uploads\\\/2025\\\/03\\\/2840a386d576a298d28fbd48e9d69c4d.webp\",\"width\":750,\"height\":400,\"caption\":\"METRO SFAX\"},{\"@type\":\"BreadcrumbList\",\"@id\":\"https:\\\/\\\/www.webdo.tn\\\/fr\\\/actualite\\\/national\\\/tunisie-coup-dur-pour-le-projet-du-metro-leger-de-sfax\\\/220825\\\/#breadcrumb\",\"itemListElement\":[{\"@type\":\"ListItem\",\"position\":1,\"name\":\"Accueil\",\"item\":\"https:\\\/\\\/www.webdo.tn\\\/fr\\\/\"},{\"@type\":\"ListItem\",\"position\":2,\"name\":\"Tunisie : Coup dur pour le projet du m\u00e9tro l\u00e9ger de Sfax\"}]},{\"@type\":\"WebSite\",\"@id\":\"https:\\\/\\\/www.webdo.tn\\\/fr\\\/#website\",\"url\":\"https:\\\/\\\/www.webdo.tn\\\/fr\\\/\",\"name\":\"webdo\",\"description\":\"Tunisie - News en Tunisie et \u00e0 l&#039;international sur Webdo.tn\",\"publisher\":{\"@id\":\"https:\\\/\\\/www.webdo.tn\\\/fr\\\/#organization\"},\"potentialAction\":[{\"@type\":\"SearchAction\",\"target\":{\"@type\":\"EntryPoint\",\"urlTemplate\":\"https:\\\/\\\/www.webdo.tn\\\/fr\\\/?s={search_term_string}\"},\"query-input\":{\"@type\":\"PropertyValueSpecification\",\"valueRequired\":true,\"valueName\":\"search_term_string\"}}],\"inLanguage\":\"fr-FR\"},{\"@type\":\"Organization\",\"@id\":\"https:\\\/\\\/www.webdo.tn\\\/fr\\\/#organization\",\"name\":\"Webdo\",\"alternateName\":\"Webdo.tn\",\"url\":\"https:\\\/\\\/www.webdo.tn\\\/fr\\\/\",\"logo\":{\"@type\":\"ImageObject\",\"inLanguage\":\"fr-FR\",\"@id\":\"https:\\\/\\\/www.webdo.tn\\\/fr\\\/#\\\/schema\\\/logo\\\/image\\\/\",\"url\":\"https:\\\/\\\/www.webdo.tn\\\/fr\\\/wp-content\\\/uploads\\\/2025\\\/06\\\/Webdo-Tunisie_168377.jpg\",\"contentUrl\":\"https:\\\/\\\/www.webdo.tn\\\/fr\\\/wp-content\\\/uploads\\\/2025\\\/06\\\/Webdo-Tunisie_168377.jpg\",\"width\":301,\"height\":301,\"caption\":\"Webdo\"},\"image\":{\"@id\":\"https:\\\/\\\/www.webdo.tn\\\/fr\\\/#\\\/schema\\\/logo\\\/image\\\/\"},\"sameAs\":[\"https:\\\/\\\/www.facebook.com\\\/webdotn\",\"https:\\\/\\\/x.com\\\/webdo_tn\"],\"description\":\"Webdo est un m\u00e9dia num\u00e9rique tunisien fond\u00e9 en 2010, sp\u00e9cialis\u00e9 dans l\u2019actualit\u00e9 nationale et internationale, l\u2019\u00e9conomie, la soci\u00e9t\u00e9 et les analyses politiques. Le site s\u2019adresse \u00e0 un large public francophone et couvre l\u2019information tunisienne en temps r\u00e9el.\",\"email\":\"redac@webdo.tn\",\"legalName\":\"YNJ SARL\",\"foundingDate\":\"2010-09-06\",\"numberOfEmployees\":{\"@type\":\"QuantitativeValue\",\"minValue\":\"11\",\"maxValue\":\"50\"}},{\"@type\":\"Person\",\"@id\":\"https:\\\/\\\/www.webdo.tn\\\/fr\\\/#\\\/schema\\\/person\\\/82ca085b22037d285e1a3c4b65ba5f71\",\"name\":\"KJ\",\"image\":{\"@type\":\"ImageObject\",\"inLanguage\":\"fr-FR\",\"@id\":\"https:\\\/\\\/secure.gravatar.com\\\/avatar\\\/1a1320de1c1971c893f00068f760b4113d69504aa21273da17ee95650c5944fd?s=96&d=mm&r=g\",\"url\":\"https:\\\/\\\/secure.gravatar.com\\\/avatar\\\/1a1320de1c1971c893f00068f760b4113d69504aa21273da17ee95650c5944fd?s=96&d=mm&r=g\",\"contentUrl\":\"https:\\\/\\\/secure.gravatar.com\\\/avatar\\\/1a1320de1c1971c893f00068f760b4113d69504aa21273da17ee95650c5944fd?s=96&d=mm&r=g\",\"caption\":\"KJ\"},\"url\":\"https:\\\/\\\/www.webdo.tn\\\/fr\\\/actualite\\\/author\\\/kj\\\/\"}]}<\/script>\n<!-- \/ Yoast SEO Premium plugin. -->","yoast_head_json":{"title":"Tunisie : Coup dur pour le projet du m\u00e9tro l\u00e9ger de Sfax","description":"Le ministre des Transports annonce que la Banque Africaine de D\u00e9veloppement s\u2019est r\u00e9tract\u00e9e du financement du projet du m\u00e9tro l\u00e9ger \u00e0 Sfax, for\u00e7ant la Tunisie...","canonical":"https:\/\/www.webdo.tn\/fr\/actualite\/national\/tunisie-coup-dur-pour-le-projet-du-metro-leger-de-sfax\/220825\/","og_locale":"fr_FR","og_type":"article","og_title":"Tunisie : Coup dur pour le projet du m\u00e9tro l\u00e9ger de Sfax","og_description":"Le ministre des Transports annonce que la Banque Africaine de D\u00e9veloppement s\u2019est r\u00e9tract\u00e9e du financement du projet du m\u00e9tro l\u00e9ger \u00e0 Sfax, for\u00e7ant la Tunisie...","og_url":"https:\/\/www.webdo.tn\/fr\/actualite\/national\/tunisie-coup-dur-pour-le-projet-du-metro-leger-de-sfax\/220825\/","og_site_name":"webdo","article_publisher":"https:\/\/www.facebook.com\/webdotn","article_published_time":"2025-03-26T09:17:00+00:00","article_modified_time":"2025-05-20T22:23:12+00:00","og_image":[{"width":750,"height":400,"url":"https:\/\/www.webdo.tn\/fr\/wp-content\/uploads\/2025\/03\/2840a386d576a298d28fbd48e9d69c4d.webp","type":"image\/webp"}],"author":"KJ","twitter_card":"summary_large_image","twitter_creator":"@webdo_tn","twitter_site":"@webdo_tn","twitter_misc":{"\u00c9crit par":"KJ","Dur\u00e9e de lecture estim\u00e9e":"1 minute"},"schema":{"@context":"https:\/\/schema.org","@graph":[{"@type":"NewsArticle","@id":"https:\/\/www.webdo.tn\/fr\/actualite\/national\/tunisie-coup-dur-pour-le-projet-du-metro-leger-de-sfax\/220825\/#article","isPartOf":{"@id":"https:\/\/www.webdo.tn\/fr\/actualite\/national\/tunisie-coup-dur-pour-le-projet-du-metro-leger-de-sfax\/220825\/"},"author":{"name":"KJ","@id":"https:\/\/www.webdo.tn\/fr\/#\/schema\/person\/82ca085b22037d285e1a3c4b65ba5f71"},"headline":"Tunisie : Coup dur pour le projet du m\u00e9tro l\u00e9ger de Sfax","datePublished":"2025-03-26T09:17:00+00:00","dateModified":"2025-05-20T22:23:12+00:00","mainEntityOfPage":{"@id":"https:\/\/www.webdo.tn\/fr\/actualite\/national\/tunisie-coup-dur-pour-le-projet-du-metro-leger-de-sfax\/220825\/"},"wordCount":205,"commentCount":0,"publisher":{"@id":"https:\/\/www.webdo.tn\/fr\/#organization"},"image":{"@id":"https:\/\/www.webdo.tn\/fr\/actualite\/national\/tunisie-coup-dur-pour-le-projet-du-metro-leger-de-sfax\/220825\/#primaryimage"},"thumbnailUrl":"https:\/\/www.webdo.tn\/fr\/wp-content\/uploads\/2025\/03\/2840a386d576a298d28fbd48e9d69c4d.webp","keywords":["'M\u00e9tro de Sfax']","financement","projet","Tunisie"],"articleSection":["National"],"inLanguage":"fr-FR"},{"@type":"WebPage","@id":"https:\/\/www.webdo.tn\/fr\/actualite\/national\/tunisie-coup-dur-pour-le-projet-du-metro-leger-de-sfax\/220825\/","url":"https:\/\/www.webdo.tn\/fr\/actualite\/national\/tunisie-coup-dur-pour-le-projet-du-metro-leger-de-sfax\/220825\/","name":"Tunisie : Coup dur pour le projet du m\u00e9tro l\u00e9ger de Sfax","isPartOf":{"@id":"https:\/\/www.webdo.tn\/fr\/#website"},"primaryImageOfPage":{"@id":"https:\/\/www.webdo.tn\/fr\/actualite\/national\/tunisie-coup-dur-pour-le-projet-du-metro-leger-de-sfax\/220825\/#primaryimage"},"image":{"@id":"https:\/\/www.webdo.tn\/fr\/actualite\/national\/tunisie-coup-dur-pour-le-projet-du-metro-leger-de-sfax\/220825\/#primaryimage"},"thumbnailUrl":"https:\/\/www.webdo.tn\/fr\/wp-content\/uploads\/2025\/03\/2840a386d576a298d28fbd48e9d69c4d.webp","datePublished":"2025-03-26T09:17:00+00:00","dateModified":"2025-05-20T22:23:12+00:00","description":"Le ministre des Transports annonce que la Banque Africaine de D\u00e9veloppement s\u2019est r\u00e9tract\u00e9e du financement du projet du m\u00e9tro l\u00e9ger \u00e0 Sfax, for\u00e7ant la Tunisie...","breadcrumb":{"@id":"https:\/\/www.webdo.tn\/fr\/actualite\/national\/tunisie-coup-dur-pour-le-projet-du-metro-leger-de-sfax\/220825\/#breadcrumb"},"inLanguage":"fr-FR","potentialAction":[{"@type":"ReadAction","target":["https:\/\/www.webdo.tn\/fr\/actualite\/national\/tunisie-coup-dur-pour-le-projet-du-metro-leger-de-sfax\/220825\/"]}]},{"@type":"ImageObject","inLanguage":"fr-FR","@id":"https:\/\/www.webdo.tn\/fr\/actualite\/national\/tunisie-coup-dur-pour-le-projet-du-metro-leger-de-sfax\/220825\/#primaryimage","url":"https:\/\/www.webdo.tn\/fr\/wp-content\/uploads\/2025\/03\/2840a386d576a298d28fbd48e9d69c4d.webp","contentUrl":"https:\/\/www.webdo.tn\/fr\/wp-content\/uploads\/2025\/03\/2840a386d576a298d28fbd48e9d69c4d.webp","width":750,"height":400,"caption":"METRO SFAX"},{"@type":"BreadcrumbList","@id":"https:\/\/www.webdo.tn\/fr\/actualite\/national\/tunisie-coup-dur-pour-le-projet-du-metro-leger-de-sfax\/220825\/#breadcrumb","itemListElement":[{"@type":"ListItem","position":1,"name":"Accueil","item":"https:\/\/www.webdo.tn\/fr\/"},{"@type":"ListItem","position":2,"name":"Tunisie : Coup dur pour le projet du m\u00e9tro l\u00e9ger de Sfax"}]},{"@type":"WebSite","@id":"https:\/\/www.webdo.tn\/fr\/#website","url":"https:\/\/www.webdo.tn\/fr\/","name":"webdo","description":"Tunisie - News en Tunisie et \u00e0 l&#039;international sur Webdo.tn","publisher":{"@id":"https:\/\/www.webdo.tn\/fr\/#organization"},"potentialAction":[{"@type":"SearchAction","target":{"@type":"EntryPoint","urlTemplate":"https:\/\/www.webdo.tn\/fr\/?s={search_term_string}"},"query-input":{"@type":"PropertyValueSpecification","valueRequired":true,"valueName":"search_term_string"}}],"inLanguage":"fr-FR"},{"@type":"Organization","@id":"https:\/\/www.webdo.tn\/fr\/#organization","name":"Webdo","alternateName":"Webdo.tn","url":"https:\/\/www.webdo.tn\/fr\/","logo":{"@type":"ImageObject","inLanguage":"fr-FR","@id":"https:\/\/www.webdo.tn\/fr\/#\/schema\/logo\/image\/","url":"https:\/\/www.webdo.tn\/fr\/wp-content\/uploads\/2025\/06\/Webdo-Tunisie_168377.jpg","contentUrl":"https:\/\/www.webdo.tn\/fr\/wp-content\/uploads\/2025\/06\/Webdo-Tunisie_168377.jpg","width":301,"height":301,"caption":"Webdo"},"image":{"@id":"https:\/\/www.webdo.tn\/fr\/#\/schema\/logo\/image\/"},"sameAs":["https:\/\/www.facebook.com\/webdotn","https:\/\/x.com\/webdo_tn"],"description":"Webdo est un m\u00e9dia num\u00e9rique tunisien fond\u00e9 en 2010, sp\u00e9cialis\u00e9 dans l\u2019actualit\u00e9 nationale et internationale, l\u2019\u00e9conomie, la soci\u00e9t\u00e9 et les analyses politiques. Le site s\u2019adresse \u00e0 un large public francophone et couvre l\u2019information tunisienne en temps r\u00e9el.","email":"redac@webdo.tn","legalName":"YNJ SARL","foundingDate":"2010-09-06","numberOfEmployees":{"@type":"QuantitativeValue","minValue":"11","maxValue":"50"}},{"@type":"Person","@id":"https:\/\/www.webdo.tn\/fr\/#\/schema\/person\/82ca085b22037d285e1a3c4b65ba5f71","name":"KJ","image":{"@type":"ImageObject","inLanguage":"fr-FR","@id":"https:\/\/secure.gravatar.com\/avatar\/1a1320de1c1971c893f00068f760b4113d69504aa21273da17ee95650c5944fd?s=96&d=mm&r=g","url":"https:\/\/secure.gravatar.com\/avatar\/1a1320de1c1971c893f00068f760b4113d69504aa21273da17ee95650c5944fd?s=96&d=mm&r=g","contentUrl":"https:\/\/secure.gravatar.com\/avatar\/1a1320de1c1971c893f00068f760b4113d69504aa21273da17ee95650c5944fd?s=96&d=mm&r=g","caption":"KJ"},"url":"https:\/\/www.webdo.tn\/fr\/actualite\/author\/kj\/"}]}},"_links":{"self":[{"href":"https:\/\/www.webdo.tn\/fr\/wp-json\/wp\/v2\/posts\/220825","targetHints":{"allow":["GET"]}}],"collection":[{"href":"https:\/\/www.webdo.tn\/fr\/wp-json\/wp\/v2\/posts"}],"about":[{"href":"https:\/\/www.webdo.tn\/fr\/wp-json\/wp\/v2\/types\/post"}],"author":[{"embeddable":true,"href":"https:\/\/www.webdo.tn\/fr\/wp-json\/wp\/v2\/users\/3163"}],"replies":[{"embeddable":true,"href":"https:\/\/www.webdo.tn\/fr\/wp-json\/wp\/v2\/comments?post=220825"}],"version-history":[{"count":0,"href":"https:\/\/www.webdo.tn\/fr\/wp-json\/wp\/v2\/posts\/220825\/revisions"}],"wp:featuredmedia":[{"embeddable":true,"href":"https:\/\/www.webdo.tn\/fr\/wp-json\/wp\/v2\/media\/292132"}],"wp:attachment":[{"href":"https:\/\/www.webdo.tn\/fr\/wp-json\/wp\/v2\/media?parent=220825"}],"wp:term":[{"taxonomy":"category","embeddable":true,"href":"https:\/\/www.webdo.tn\/fr\/wp-json\/wp\/v2\/categories?post=220825"},{"taxonomy":"post_tag","embeddable":true,"href":"https:\/\/www.webdo.tn\/fr\/wp-json\/wp\/v2\/tags?post=220825"}],"curies":[{"name":"wp","href":"https:\/\/api.w.org\/{rel}","templated":true}]}}