{"id":220816,"date":"2025-03-25T21:08:00","date_gmt":"2025-03-25T21:08:00","guid":{"rendered":"https:\/\/www.webdo.tn\/fr\/blog\/tunisie-bct-un-lifting-legislatif-en-cours\/220816\/"},"modified":"2025-05-20T22:23:10","modified_gmt":"2025-05-20T22:23:10","slug":"tunisie-bct-un-lifting-legislatif-en-cours","status":"publish","type":"post","link":"https:\/\/www.webdo.tn\/fr\/actualite\/national\/tunisie-bct-un-lifting-legislatif-en-cours\/220816\/","title":{"rendered":"Tunisie &#8211; BCT  : Un lifting l\u00e9gislatif en cours !"},"content":{"rendered":"<p>La cheffe du gouvernement, Sarra Zaafrani Zenzeri, a pr\u00e9sid\u00e9, dans la matin\u00e9e du mardi 25 mars 2025 au Palais du Gouvernement \u00e0 La Kasbah, un conseil minist\u00e9riel restreint consacr\u00e9 \u00e0 l&rsquo;examen du projet de r\u00e9vision de la loi n\u00b035 de l\u2019ann\u00e9e 2016 fixant le statut de la Banque centrale de Tunisie.\u00a0<\/p>\n<p>\t\t\t\t\t\t\t\t\tLa r\u00e9union s&rsquo;est tenue en pr\u00e9sence de la ministre des Finances, Mechka\u00e2t Salama Khaldi, et du gouverneur de la Banque centrale de Tunisie, Fathi Zouhair Ennouri.<\/p>\n<p>La cheffe du gouvernement a soulign\u00e9 \u00ab l&rsquo;importance du r\u00f4le central jou\u00e9 par la Banque centrale de Tunisie dans l\u2019\u00e9tablissement de normes quantitatives et qualitatives garantissant une gestion saine du syst\u00e8me bancaire national, en renfor\u00e7ant les politiques et strat\u00e9gies de d\u00e9veloppement national, en stimulant l\u2019investissement et en augmentant la capacit\u00e9 de financement des petites et moyennes entreprises \u00bb, selon un communiqu\u00e9 officiel de la pr\u00e9sidence du gouvernement.<\/p>\n<p>Elle a insist\u00e9, \u00e0 cet \u00e9gard, sur \u00ab la n\u00e9cessit\u00e9 de conjuguer les efforts de toutes les structures financi\u00e8res publiques et priv\u00e9es afin de parachever le processus de r\u00e9forme et d\u2019instaurer une r\u00e9volution l\u00e9gislative touchant l\u2019ensemble des secteurs vitaux, dans l\u2019optique de cr\u00e9er une dynamique \u00e9conomique durable au service de l\u2019investissement et de la cr\u00e9ation de richesse dans toutes les r\u00e9gions \u00bb.<\/p>\n<p>Elle a \u00e9galement affirm\u00e9 que \u00ab le choix de l\u2019autosuffisance et du renforcement des ressources propres de l\u2019\u00c9tat est une option nationale qui exige une mobilisation collective et l\u2019implication de tous les acteurs \u00e9conomiques dans la bataille pour l\u2019\u00e9mancipation nationale, afin de b\u00e2tir une \u00e9conomie solide, fond\u00e9e sur un syst\u00e8me financier solidaire et inclusif, capable de r\u00e9sister aux fluctuations internationales, tout en adoptant une politique d\u2019autonomie financi\u00e8re et en mettant un terme \u00e0 la tendance \u00e0 l\u2019endettement excessif \u00bb.<\/p>\n<p>\u00c0 l\u2019issue des discussions sur les propositions de r\u00e9vision de la loi n\u00b035 de l\u2019ann\u00e9e 2016 fixant le statut de la Banque centrale de Tunisie, le conseil a recommand\u00e9 d\u2019acc\u00e9l\u00e9rer la mise \u00e0 jour de ce cadre juridique selon une approche nouvelle et int\u00e9gr\u00e9e.<\/p>\n","protected":false},"excerpt":{"rendered":"<p>La cheffe du gouvernement pr\u00e9side un conseil minist\u00e9riel pour discuter de la r\u00e9vision de la loi r\u00e9gissant la Banque centrale de Tunisie. Objectif : renforcer la&#8230;<\/p>\n","protected":false},"author":3163,"featured_media":292126,"comment_status":"open","ping_status":"closed","sticky":false,"template":"","format":"standard","meta":{"footnotes":""},"categories":[44],"tags":[11111,2810,2807,2608],"class_list":["post-220816","post","type-post","status-publish","format-standard","has-post-thumbnail","hentry","category-national","tag-legislatif","tag-banque-centrale","tag-bct","tag-tunisie"],"yoast_head":"<!-- This site is optimized with the Yoast SEO Premium plugin v27.4 (Yoast SEO v27.5) - https:\/\/yoast.com\/product\/yoast-seo-premium-wordpress\/ -->\n<title>Tunisie - BCT : Un lifting l\u00e9gislatif en cours !<\/title>\n<meta name=\"description\" content=\"La cheffe du gouvernement pr\u00e9side un conseil minist\u00e9riel pour discuter de la r\u00e9vision de la loi r\u00e9gissant la Banque centrale de Tunisie. Objectif : renforcer la...\" \/>\n<link rel=\"canonical\" href=\"https:\/\/www.webdo.tn\/fr\/actualite\/national\/tunisie-bct-un-lifting-legislatif-en-cours\/220816\/\" \/>\n<meta property=\"og:locale\" content=\"fr_FR\" \/>\n<meta property=\"og:type\" content=\"article\" \/>\n<meta property=\"og:title\" content=\"Tunisie - BCT : Un lifting l\u00e9gislatif en cours !\" \/>\n<meta property=\"og:description\" content=\"La cheffe du gouvernement pr\u00e9side un conseil minist\u00e9riel pour discuter de la r\u00e9vision de la loi r\u00e9gissant la Banque centrale de Tunisie. Objectif : renforcer la...\" \/>\n<meta property=\"og:url\" content=\"https:\/\/www.webdo.tn\/fr\/actualite\/national\/tunisie-bct-un-lifting-legislatif-en-cours\/220816\/\" \/>\n<meta property=\"og:site_name\" content=\"webdo\" \/>\n<meta property=\"article:publisher\" content=\"https:\/\/www.facebook.com\/webdotn\" \/>\n<meta property=\"article:published_time\" content=\"2025-03-25T21:08:00+00:00\" \/>\n<meta property=\"article:modified_time\" content=\"2025-05-20T22:23:10+00:00\" \/>\n<meta property=\"og:image\" content=\"https:\/\/www.webdo.tn\/fr\/wp-content\/uploads\/2025\/03\/c0c336a8add1ad2fe3906b926f6aa094.webp\" \/>\n\t<meta property=\"og:image:width\" content=\"750\" \/>\n\t<meta property=\"og:image:height\" content=\"400\" \/>\n\t<meta property=\"og:image:type\" content=\"image\/webp\" \/>\n<meta name=\"author\" content=\"KJ\" \/>\n<meta name=\"twitter:card\" content=\"summary_large_image\" \/>\n<meta name=\"twitter:creator\" content=\"@webdo_tn\" \/>\n<meta name=\"twitter:site\" content=\"@webdo_tn\" \/>\n<meta name=\"twitter:label1\" content=\"\u00c9crit par\" \/>\n\t<meta name=\"twitter:data1\" content=\"KJ\" \/>\n\t<meta name=\"twitter:label2\" content=\"Dur\u00e9e de lecture estim\u00e9e\" \/>\n\t<meta name=\"twitter:data2\" content=\"2 minutes\" \/>\n<script type=\"application\/ld+json\" class=\"yoast-schema-graph\">{\"@context\":\"https:\\\/\\\/schema.org\",\"@graph\":[{\"@type\":\"NewsArticle\",\"@id\":\"https:\\\/\\\/www.webdo.tn\\\/fr\\\/actualite\\\/national\\\/tunisie-bct-un-lifting-legislatif-en-cours\\\/220816\\\/#article\",\"isPartOf\":{\"@id\":\"https:\\\/\\\/www.webdo.tn\\\/fr\\\/actualite\\\/national\\\/tunisie-bct-un-lifting-legislatif-en-cours\\\/220816\\\/\"},\"author\":{\"name\":\"KJ\",\"@id\":\"https:\\\/\\\/www.webdo.tn\\\/fr\\\/#\\\/schema\\\/person\\\/82ca085b22037d285e1a3c4b65ba5f71\"},\"headline\":\"Tunisie &#8211; BCT : Un lifting l\u00e9gislatif en cours !\",\"datePublished\":\"2025-03-25T21:08:00+00:00\",\"dateModified\":\"2025-05-20T22:23:10+00:00\",\"mainEntityOfPage\":{\"@id\":\"https:\\\/\\\/www.webdo.tn\\\/fr\\\/actualite\\\/national\\\/tunisie-bct-un-lifting-legislatif-en-cours\\\/220816\\\/\"},\"wordCount\":374,\"commentCount\":0,\"publisher\":{\"@id\":\"https:\\\/\\\/www.webdo.tn\\\/fr\\\/#organization\"},\"image\":{\"@id\":\"https:\\\/\\\/www.webdo.tn\\\/fr\\\/actualite\\\/national\\\/tunisie-bct-un-lifting-legislatif-en-cours\\\/220816\\\/#primaryimage\"},\"thumbnailUrl\":\"https:\\\/\\\/www.webdo.tn\\\/fr\\\/wp-content\\\/uploads\\\/2025\\\/03\\\/c0c336a8add1ad2fe3906b926f6aa094.webp\",\"keywords\":[\"'l\u00e9gislatif']\",\"Banque centrale\",\"BCT\",\"Tunisie\"],\"articleSection\":[\"National\"],\"inLanguage\":\"fr-FR\"},{\"@type\":\"WebPage\",\"@id\":\"https:\\\/\\\/www.webdo.tn\\\/fr\\\/actualite\\\/national\\\/tunisie-bct-un-lifting-legislatif-en-cours\\\/220816\\\/\",\"url\":\"https:\\\/\\\/www.webdo.tn\\\/fr\\\/actualite\\\/national\\\/tunisie-bct-un-lifting-legislatif-en-cours\\\/220816\\\/\",\"name\":\"Tunisie - BCT : Un lifting l\u00e9gislatif en cours !\",\"isPartOf\":{\"@id\":\"https:\\\/\\\/www.webdo.tn\\\/fr\\\/#website\"},\"primaryImageOfPage\":{\"@id\":\"https:\\\/\\\/www.webdo.tn\\\/fr\\\/actualite\\\/national\\\/tunisie-bct-un-lifting-legislatif-en-cours\\\/220816\\\/#primaryimage\"},\"image\":{\"@id\":\"https:\\\/\\\/www.webdo.tn\\\/fr\\\/actualite\\\/national\\\/tunisie-bct-un-lifting-legislatif-en-cours\\\/220816\\\/#primaryimage\"},\"thumbnailUrl\":\"https:\\\/\\\/www.webdo.tn\\\/fr\\\/wp-content\\\/uploads\\\/2025\\\/03\\\/c0c336a8add1ad2fe3906b926f6aa094.webp\",\"datePublished\":\"2025-03-25T21:08:00+00:00\",\"dateModified\":\"2025-05-20T22:23:10+00:00\",\"description\":\"La cheffe du gouvernement pr\u00e9side un conseil minist\u00e9riel pour discuter de la r\u00e9vision de la loi r\u00e9gissant la Banque centrale de Tunisie. Objectif : renforcer la...\",\"breadcrumb\":{\"@id\":\"https:\\\/\\\/www.webdo.tn\\\/fr\\\/actualite\\\/national\\\/tunisie-bct-un-lifting-legislatif-en-cours\\\/220816\\\/#breadcrumb\"},\"inLanguage\":\"fr-FR\",\"potentialAction\":[{\"@type\":\"ReadAction\",\"target\":[\"https:\\\/\\\/www.webdo.tn\\\/fr\\\/actualite\\\/national\\\/tunisie-bct-un-lifting-legislatif-en-cours\\\/220816\\\/\"]}]},{\"@type\":\"ImageObject\",\"inLanguage\":\"fr-FR\",\"@id\":\"https:\\\/\\\/www.webdo.tn\\\/fr\\\/actualite\\\/national\\\/tunisie-bct-un-lifting-legislatif-en-cours\\\/220816\\\/#primaryimage\",\"url\":\"https:\\\/\\\/www.webdo.tn\\\/fr\\\/wp-content\\\/uploads\\\/2025\\\/03\\\/c0c336a8add1ad2fe3906b926f6aa094.webp\",\"contentUrl\":\"https:\\\/\\\/www.webdo.tn\\\/fr\\\/wp-content\\\/uploads\\\/2025\\\/03\\\/c0c336a8add1ad2fe3906b926f6aa094.webp\",\"width\":750,\"height\":400,\"caption\":\"Tunisie - BCT : Un lifting l\u00e9gislatif en cours !\"},{\"@type\":\"BreadcrumbList\",\"@id\":\"https:\\\/\\\/www.webdo.tn\\\/fr\\\/actualite\\\/national\\\/tunisie-bct-un-lifting-legislatif-en-cours\\\/220816\\\/#breadcrumb\",\"itemListElement\":[{\"@type\":\"ListItem\",\"position\":1,\"name\":\"Accueil\",\"item\":\"https:\\\/\\\/www.webdo.tn\\\/fr\\\/\"},{\"@type\":\"ListItem\",\"position\":2,\"name\":\"Tunisie &#8211; BCT : Un lifting l\u00e9gislatif en cours !\"}]},{\"@type\":\"WebSite\",\"@id\":\"https:\\\/\\\/www.webdo.tn\\\/fr\\\/#website\",\"url\":\"https:\\\/\\\/www.webdo.tn\\\/fr\\\/\",\"name\":\"webdo\",\"description\":\"Tunisie - News en Tunisie et \u00e0 l&#039;international sur Webdo.tn\",\"publisher\":{\"@id\":\"https:\\\/\\\/www.webdo.tn\\\/fr\\\/#organization\"},\"potentialAction\":[{\"@type\":\"SearchAction\",\"target\":{\"@type\":\"EntryPoint\",\"urlTemplate\":\"https:\\\/\\\/www.webdo.tn\\\/fr\\\/?s={search_term_string}\"},\"query-input\":{\"@type\":\"PropertyValueSpecification\",\"valueRequired\":true,\"valueName\":\"search_term_string\"}}],\"inLanguage\":\"fr-FR\"},{\"@type\":\"Organization\",\"@id\":\"https:\\\/\\\/www.webdo.tn\\\/fr\\\/#organization\",\"name\":\"Webdo\",\"alternateName\":\"Webdo.tn\",\"url\":\"https:\\\/\\\/www.webdo.tn\\\/fr\\\/\",\"logo\":{\"@type\":\"ImageObject\",\"inLanguage\":\"fr-FR\",\"@id\":\"https:\\\/\\\/www.webdo.tn\\\/fr\\\/#\\\/schema\\\/logo\\\/image\\\/\",\"url\":\"https:\\\/\\\/www.webdo.tn\\\/fr\\\/wp-content\\\/uploads\\\/2025\\\/06\\\/Webdo-Tunisie_168377.jpg\",\"contentUrl\":\"https:\\\/\\\/www.webdo.tn\\\/fr\\\/wp-content\\\/uploads\\\/2025\\\/06\\\/Webdo-Tunisie_168377.jpg\",\"width\":301,\"height\":301,\"caption\":\"Webdo\"},\"image\":{\"@id\":\"https:\\\/\\\/www.webdo.tn\\\/fr\\\/#\\\/schema\\\/logo\\\/image\\\/\"},\"sameAs\":[\"https:\\\/\\\/www.facebook.com\\\/webdotn\",\"https:\\\/\\\/x.com\\\/webdo_tn\"],\"description\":\"Webdo est un m\u00e9dia num\u00e9rique tunisien fond\u00e9 en 2010, sp\u00e9cialis\u00e9 dans l\u2019actualit\u00e9 nationale et internationale, l\u2019\u00e9conomie, la soci\u00e9t\u00e9 et les analyses politiques. Le site s\u2019adresse \u00e0 un large public francophone et couvre l\u2019information tunisienne en temps r\u00e9el.\",\"email\":\"redac@webdo.tn\",\"legalName\":\"YNJ SARL\",\"foundingDate\":\"2010-09-06\",\"numberOfEmployees\":{\"@type\":\"QuantitativeValue\",\"minValue\":\"11\",\"maxValue\":\"50\"}},{\"@type\":\"Person\",\"@id\":\"https:\\\/\\\/www.webdo.tn\\\/fr\\\/#\\\/schema\\\/person\\\/82ca085b22037d285e1a3c4b65ba5f71\",\"name\":\"KJ\",\"image\":{\"@type\":\"ImageObject\",\"inLanguage\":\"fr-FR\",\"@id\":\"https:\\\/\\\/secure.gravatar.com\\\/avatar\\\/1a1320de1c1971c893f00068f760b4113d69504aa21273da17ee95650c5944fd?s=96&d=mm&r=g\",\"url\":\"https:\\\/\\\/secure.gravatar.com\\\/avatar\\\/1a1320de1c1971c893f00068f760b4113d69504aa21273da17ee95650c5944fd?s=96&d=mm&r=g\",\"contentUrl\":\"https:\\\/\\\/secure.gravatar.com\\\/avatar\\\/1a1320de1c1971c893f00068f760b4113d69504aa21273da17ee95650c5944fd?s=96&d=mm&r=g\",\"caption\":\"KJ\"},\"url\":\"https:\\\/\\\/www.webdo.tn\\\/fr\\\/actualite\\\/author\\\/kj\\\/\"}]}<\/script>\n<!-- \/ Yoast SEO Premium plugin. -->","yoast_head_json":{"title":"Tunisie - BCT : Un lifting l\u00e9gislatif en cours !","description":"La cheffe du gouvernement pr\u00e9side un conseil minist\u00e9riel pour discuter de la r\u00e9vision de la loi r\u00e9gissant la Banque centrale de Tunisie. Objectif : renforcer la...","canonical":"https:\/\/www.webdo.tn\/fr\/actualite\/national\/tunisie-bct-un-lifting-legislatif-en-cours\/220816\/","og_locale":"fr_FR","og_type":"article","og_title":"Tunisie - BCT : Un lifting l\u00e9gislatif en cours !","og_description":"La cheffe du gouvernement pr\u00e9side un conseil minist\u00e9riel pour discuter de la r\u00e9vision de la loi r\u00e9gissant la Banque centrale de Tunisie. Objectif : renforcer la...","og_url":"https:\/\/www.webdo.tn\/fr\/actualite\/national\/tunisie-bct-un-lifting-legislatif-en-cours\/220816\/","og_site_name":"webdo","article_publisher":"https:\/\/www.facebook.com\/webdotn","article_published_time":"2025-03-25T21:08:00+00:00","article_modified_time":"2025-05-20T22:23:10+00:00","og_image":[{"width":750,"height":400,"url":"https:\/\/www.webdo.tn\/fr\/wp-content\/uploads\/2025\/03\/c0c336a8add1ad2fe3906b926f6aa094.webp","type":"image\/webp"}],"author":"KJ","twitter_card":"summary_large_image","twitter_creator":"@webdo_tn","twitter_site":"@webdo_tn","twitter_misc":{"\u00c9crit par":"KJ","Dur\u00e9e de lecture estim\u00e9e":"2 minutes"},"schema":{"@context":"https:\/\/schema.org","@graph":[{"@type":"NewsArticle","@id":"https:\/\/www.webdo.tn\/fr\/actualite\/national\/tunisie-bct-un-lifting-legislatif-en-cours\/220816\/#article","isPartOf":{"@id":"https:\/\/www.webdo.tn\/fr\/actualite\/national\/tunisie-bct-un-lifting-legislatif-en-cours\/220816\/"},"author":{"name":"KJ","@id":"https:\/\/www.webdo.tn\/fr\/#\/schema\/person\/82ca085b22037d285e1a3c4b65ba5f71"},"headline":"Tunisie &#8211; BCT : Un lifting l\u00e9gislatif en cours !","datePublished":"2025-03-25T21:08:00+00:00","dateModified":"2025-05-20T22:23:10+00:00","mainEntityOfPage":{"@id":"https:\/\/www.webdo.tn\/fr\/actualite\/national\/tunisie-bct-un-lifting-legislatif-en-cours\/220816\/"},"wordCount":374,"commentCount":0,"publisher":{"@id":"https:\/\/www.webdo.tn\/fr\/#organization"},"image":{"@id":"https:\/\/www.webdo.tn\/fr\/actualite\/national\/tunisie-bct-un-lifting-legislatif-en-cours\/220816\/#primaryimage"},"thumbnailUrl":"https:\/\/www.webdo.tn\/fr\/wp-content\/uploads\/2025\/03\/c0c336a8add1ad2fe3906b926f6aa094.webp","keywords":["'l\u00e9gislatif']","Banque centrale","BCT","Tunisie"],"articleSection":["National"],"inLanguage":"fr-FR"},{"@type":"WebPage","@id":"https:\/\/www.webdo.tn\/fr\/actualite\/national\/tunisie-bct-un-lifting-legislatif-en-cours\/220816\/","url":"https:\/\/www.webdo.tn\/fr\/actualite\/national\/tunisie-bct-un-lifting-legislatif-en-cours\/220816\/","name":"Tunisie - BCT : Un lifting l\u00e9gislatif en cours !","isPartOf":{"@id":"https:\/\/www.webdo.tn\/fr\/#website"},"primaryImageOfPage":{"@id":"https:\/\/www.webdo.tn\/fr\/actualite\/national\/tunisie-bct-un-lifting-legislatif-en-cours\/220816\/#primaryimage"},"image":{"@id":"https:\/\/www.webdo.tn\/fr\/actualite\/national\/tunisie-bct-un-lifting-legislatif-en-cours\/220816\/#primaryimage"},"thumbnailUrl":"https:\/\/www.webdo.tn\/fr\/wp-content\/uploads\/2025\/03\/c0c336a8add1ad2fe3906b926f6aa094.webp","datePublished":"2025-03-25T21:08:00+00:00","dateModified":"2025-05-20T22:23:10+00:00","description":"La cheffe du gouvernement pr\u00e9side un conseil minist\u00e9riel pour discuter de la r\u00e9vision de la loi r\u00e9gissant la Banque centrale de Tunisie. Objectif : renforcer la...","breadcrumb":{"@id":"https:\/\/www.webdo.tn\/fr\/actualite\/national\/tunisie-bct-un-lifting-legislatif-en-cours\/220816\/#breadcrumb"},"inLanguage":"fr-FR","potentialAction":[{"@type":"ReadAction","target":["https:\/\/www.webdo.tn\/fr\/actualite\/national\/tunisie-bct-un-lifting-legislatif-en-cours\/220816\/"]}]},{"@type":"ImageObject","inLanguage":"fr-FR","@id":"https:\/\/www.webdo.tn\/fr\/actualite\/national\/tunisie-bct-un-lifting-legislatif-en-cours\/220816\/#primaryimage","url":"https:\/\/www.webdo.tn\/fr\/wp-content\/uploads\/2025\/03\/c0c336a8add1ad2fe3906b926f6aa094.webp","contentUrl":"https:\/\/www.webdo.tn\/fr\/wp-content\/uploads\/2025\/03\/c0c336a8add1ad2fe3906b926f6aa094.webp","width":750,"height":400,"caption":"Tunisie - BCT : Un lifting l\u00e9gislatif en cours !"},{"@type":"BreadcrumbList","@id":"https:\/\/www.webdo.tn\/fr\/actualite\/national\/tunisie-bct-un-lifting-legislatif-en-cours\/220816\/#breadcrumb","itemListElement":[{"@type":"ListItem","position":1,"name":"Accueil","item":"https:\/\/www.webdo.tn\/fr\/"},{"@type":"ListItem","position":2,"name":"Tunisie &#8211; BCT : Un lifting l\u00e9gislatif en cours !"}]},{"@type":"WebSite","@id":"https:\/\/www.webdo.tn\/fr\/#website","url":"https:\/\/www.webdo.tn\/fr\/","name":"webdo","description":"Tunisie - News en Tunisie et \u00e0 l&#039;international sur Webdo.tn","publisher":{"@id":"https:\/\/www.webdo.tn\/fr\/#organization"},"potentialAction":[{"@type":"SearchAction","target":{"@type":"EntryPoint","urlTemplate":"https:\/\/www.webdo.tn\/fr\/?s={search_term_string}"},"query-input":{"@type":"PropertyValueSpecification","valueRequired":true,"valueName":"search_term_string"}}],"inLanguage":"fr-FR"},{"@type":"Organization","@id":"https:\/\/www.webdo.tn\/fr\/#organization","name":"Webdo","alternateName":"Webdo.tn","url":"https:\/\/www.webdo.tn\/fr\/","logo":{"@type":"ImageObject","inLanguage":"fr-FR","@id":"https:\/\/www.webdo.tn\/fr\/#\/schema\/logo\/image\/","url":"https:\/\/www.webdo.tn\/fr\/wp-content\/uploads\/2025\/06\/Webdo-Tunisie_168377.jpg","contentUrl":"https:\/\/www.webdo.tn\/fr\/wp-content\/uploads\/2025\/06\/Webdo-Tunisie_168377.jpg","width":301,"height":301,"caption":"Webdo"},"image":{"@id":"https:\/\/www.webdo.tn\/fr\/#\/schema\/logo\/image\/"},"sameAs":["https:\/\/www.facebook.com\/webdotn","https:\/\/x.com\/webdo_tn"],"description":"Webdo est un m\u00e9dia num\u00e9rique tunisien fond\u00e9 en 2010, sp\u00e9cialis\u00e9 dans l\u2019actualit\u00e9 nationale et internationale, l\u2019\u00e9conomie, la soci\u00e9t\u00e9 et les analyses politiques. Le site s\u2019adresse \u00e0 un large public francophone et couvre l\u2019information tunisienne en temps r\u00e9el.","email":"redac@webdo.tn","legalName":"YNJ SARL","foundingDate":"2010-09-06","numberOfEmployees":{"@type":"QuantitativeValue","minValue":"11","maxValue":"50"}},{"@type":"Person","@id":"https:\/\/www.webdo.tn\/fr\/#\/schema\/person\/82ca085b22037d285e1a3c4b65ba5f71","name":"KJ","image":{"@type":"ImageObject","inLanguage":"fr-FR","@id":"https:\/\/secure.gravatar.com\/avatar\/1a1320de1c1971c893f00068f760b4113d69504aa21273da17ee95650c5944fd?s=96&d=mm&r=g","url":"https:\/\/secure.gravatar.com\/avatar\/1a1320de1c1971c893f00068f760b4113d69504aa21273da17ee95650c5944fd?s=96&d=mm&r=g","contentUrl":"https:\/\/secure.gravatar.com\/avatar\/1a1320de1c1971c893f00068f760b4113d69504aa21273da17ee95650c5944fd?s=96&d=mm&r=g","caption":"KJ"},"url":"https:\/\/www.webdo.tn\/fr\/actualite\/author\/kj\/"}]}},"_links":{"self":[{"href":"https:\/\/www.webdo.tn\/fr\/wp-json\/wp\/v2\/posts\/220816","targetHints":{"allow":["GET"]}}],"collection":[{"href":"https:\/\/www.webdo.tn\/fr\/wp-json\/wp\/v2\/posts"}],"about":[{"href":"https:\/\/www.webdo.tn\/fr\/wp-json\/wp\/v2\/types\/post"}],"author":[{"embeddable":true,"href":"https:\/\/www.webdo.tn\/fr\/wp-json\/wp\/v2\/users\/3163"}],"replies":[{"embeddable":true,"href":"https:\/\/www.webdo.tn\/fr\/wp-json\/wp\/v2\/comments?post=220816"}],"version-history":[{"count":0,"href":"https:\/\/www.webdo.tn\/fr\/wp-json\/wp\/v2\/posts\/220816\/revisions"}],"wp:featuredmedia":[{"embeddable":true,"href":"https:\/\/www.webdo.tn\/fr\/wp-json\/wp\/v2\/media\/292126"}],"wp:attachment":[{"href":"https:\/\/www.webdo.tn\/fr\/wp-json\/wp\/v2\/media?parent=220816"}],"wp:term":[{"taxonomy":"category","embeddable":true,"href":"https:\/\/www.webdo.tn\/fr\/wp-json\/wp\/v2\/categories?post=220816"},{"taxonomy":"post_tag","embeddable":true,"href":"https:\/\/www.webdo.tn\/fr\/wp-json\/wp\/v2\/tags?post=220816"}],"curies":[{"name":"wp","href":"https:\/\/api.w.org\/{rel}","templated":true}]}}