{"id":220782,"date":"2025-03-25T07:10:00","date_gmt":"2025-03-25T07:10:00","guid":{"rendered":"https:\/\/www.webdo.tn\/fr\/blog\/tunisie-1-2-milliard-de-dinars-pour-eclairer-l-avenir-solaire\/220782\/"},"modified":"2025-03-25T07:10:00","modified_gmt":"2025-03-25T07:10:00","slug":"tunisie-1-2-milliard-de-dinars-pour-eclairer-l-avenir-solaire","status":"publish","type":"post","link":"https:\/\/www.webdo.tn\/fr\/actualite\/national\/tunisie-1-2-milliard-de-dinars-pour-eclairer-l-avenir-solaire\/220782\/","title":{"rendered":"Tunisie : 1,2 milliard de dinars pour \u00e9clairer l\u2019avenir solaire"},"content":{"rendered":"<p>Lundi 25 mars 2025, sous un soleil printanier charg\u00e9 de promesses, la Tunisie a scell\u00e9 un nouveau pacte avec l\u2019avenir \u00e9nerg\u00e9tique. Dans l\u2019ombre feutr\u00e9e des salons minist\u00e9riels, Fatma Thabet Chiboub, ministre de l\u2019\u00c9nergie et des Mines, a supervis\u00e9 la signature de quatre accords d\u2019envergure.<\/p>\n<p>\t\t\t\t\t\t\t\t\tObjectif : injecter 500 m\u00e9gawatts d\u2019\u00e9nergie solaire dans un r\u00e9seau encore trop d\u00e9pendant du gaz. Montant de l\u2019op\u00e9ration : 1,2 milliard de dinars (386,31 millions de dollars). Derri\u00e8re ces chiffres, un pari strat\u00e9gique. Celui d\u2019un pays qui, \u00e0 l\u2019horizon 2030, aspire \u00e0 produire 35 % de son \u00e9lectricit\u00e9 \u00e0 partir de sources renouvelables.\u00a0<\/p>\n<p>Les licences ont \u00e9t\u00e9 attribu\u00e9es \u00e0 quatre groupes internationaux. Le fran\u00e7ais Qair International SAS d\u00e9croche la part du lion avec deux centrales totalisant 300 m\u00e9gawatts. Suivent Voltalia, pour une installation de 100 m\u00e9gawatts, ainsi qu\u2019un consortium norv\u00e9go-japonais associant Scatec et Aeolus, filiale de Toyota Tsusho, pour un projet \u00e9quivalent. Une r\u00e9partition qui refl\u00e8te la mont\u00e9e en puissance des investisseurs \u00e9trangers dans le secteur \u00e9nerg\u00e9tique tunisien, s\u00e9duits par des perspectives \u00e0 la fois \u00e9conomiques et strat\u00e9giques. \u00a0<\/p>\n<p>Ces projets s\u2019inscrivent dans le cadre d\u2019un vaste appel d\u2019offres international visant le d\u00e9veloppement de 1 700 m\u00e9gawatts d\u2019\u00e9nergies renouvelables. Une ambition affich\u00e9e d\u00e8s l\u2019an dernier par le gouvernement, qui esp\u00e8re ainsi r\u00e9duire sa facture gazi\u00e8re et \u00e9conomiser 620 millions de dinars (200 millions de dollars) par an.<\/p>\n","protected":false},"excerpt":{"rendered":"<p>La Tunisie investit 1,2 milliard de dinars dans quatre nouvelles centrales solaires d\u2019une capacit\u00e9 totale de 500 MW. Objectif : acc\u00e9l\u00e9rer la transition \u00e9nerg\u00e9ti&#8230;<\/p>\n","protected":false},"author":3203,"featured_media":292118,"comment_status":"open","ping_status":"closed","sticky":false,"template":"","format":"standard","meta":{"footnotes":""},"categories":[44],"tags":[3763,2962,2608],"class_list":["post-220782","post","type-post","status-publish","format-standard","has-post-thumbnail","hentry","category-national","tag-energie","tag-solaire","tag-tunisie"],"yoast_head":"<!-- This site is optimized with the Yoast SEO Premium plugin v27.4 (Yoast SEO v27.5) - https:\/\/yoast.com\/product\/yoast-seo-premium-wordpress\/ -->\n<title>Tunisie : 1,2 milliard de dinars pour \u00e9clairer l\u2019avenir solaire<\/title>\n<meta name=\"description\" content=\"La Tunisie investit 1,2 milliard de dinars dans quatre nouvelles centrales solaires d\u2019une capacit\u00e9 totale de 500 MW. Objectif : acc\u00e9l\u00e9rer la transition \u00e9nerg\u00e9ti...\" \/>\n<link rel=\"canonical\" href=\"https:\/\/www.webdo.tn\/fr\/actualite\/national\/tunisie-1-2-milliard-de-dinars-pour-eclairer-l-avenir-solaire\/220782\/\" \/>\n<meta property=\"og:locale\" content=\"fr_FR\" \/>\n<meta property=\"og:type\" content=\"article\" \/>\n<meta property=\"og:title\" content=\"Tunisie : 1,2 milliard de dinars pour \u00e9clairer l\u2019avenir solaire\" \/>\n<meta property=\"og:description\" content=\"La Tunisie investit 1,2 milliard de dinars dans quatre nouvelles centrales solaires d\u2019une capacit\u00e9 totale de 500 MW. Objectif : acc\u00e9l\u00e9rer la transition \u00e9nerg\u00e9ti...\" \/>\n<meta property=\"og:url\" content=\"https:\/\/www.webdo.tn\/fr\/actualite\/national\/tunisie-1-2-milliard-de-dinars-pour-eclairer-l-avenir-solaire\/220782\/\" \/>\n<meta property=\"og:site_name\" content=\"webdo\" \/>\n<meta property=\"article:publisher\" content=\"https:\/\/www.facebook.com\/webdotn\" \/>\n<meta property=\"article:published_time\" content=\"2025-03-25T07:10:00+00:00\" \/>\n<meta property=\"og:image\" content=\"https:\/\/www.webdo.tn\/fr\/wp-content\/uploads\/2025\/03\/859318aa989279630ca0bad623d22d60.webp\" \/>\n\t<meta property=\"og:image:width\" content=\"750\" \/>\n\t<meta property=\"og:image:height\" content=\"400\" \/>\n\t<meta property=\"og:image:type\" content=\"image\/webp\" \/>\n<meta name=\"author\" content=\"Ramzi Haddad\" \/>\n<meta name=\"twitter:card\" content=\"summary_large_image\" \/>\n<meta name=\"twitter:creator\" content=\"@webdo_tn\" \/>\n<meta name=\"twitter:site\" content=\"@webdo_tn\" \/>\n<meta name=\"twitter:label1\" content=\"\u00c9crit par\" \/>\n\t<meta name=\"twitter:data1\" content=\"Ramzi Haddad\" \/>\n\t<meta name=\"twitter:label2\" content=\"Dur\u00e9e de lecture estim\u00e9e\" \/>\n\t<meta name=\"twitter:data2\" content=\"1 minute\" \/>\n<script type=\"application\/ld+json\" class=\"yoast-schema-graph\">{\"@context\":\"https:\\\/\\\/schema.org\",\"@graph\":[{\"@type\":\"NewsArticle\",\"@id\":\"https:\\\/\\\/www.webdo.tn\\\/fr\\\/actualite\\\/national\\\/tunisie-1-2-milliard-de-dinars-pour-eclairer-l-avenir-solaire\\\/220782\\\/#article\",\"isPartOf\":{\"@id\":\"https:\\\/\\\/www.webdo.tn\\\/fr\\\/actualite\\\/national\\\/tunisie-1-2-milliard-de-dinars-pour-eclairer-l-avenir-solaire\\\/220782\\\/\"},\"author\":{\"name\":\"Ramzi Haddad\",\"@id\":\"https:\\\/\\\/www.webdo.tn\\\/fr\\\/#\\\/schema\\\/person\\\/5663044c25eb36d8f88ba5b653f12f8c\"},\"headline\":\"Tunisie : 1,2 milliard de dinars pour \u00e9clairer l\u2019avenir solaire\",\"datePublished\":\"2025-03-25T07:10:00+00:00\",\"mainEntityOfPage\":{\"@id\":\"https:\\\/\\\/www.webdo.tn\\\/fr\\\/actualite\\\/national\\\/tunisie-1-2-milliard-de-dinars-pour-eclairer-l-avenir-solaire\\\/220782\\\/\"},\"wordCount\":250,\"commentCount\":0,\"publisher\":{\"@id\":\"https:\\\/\\\/www.webdo.tn\\\/fr\\\/#organization\"},\"image\":{\"@id\":\"https:\\\/\\\/www.webdo.tn\\\/fr\\\/actualite\\\/national\\\/tunisie-1-2-milliard-de-dinars-pour-eclairer-l-avenir-solaire\\\/220782\\\/#primaryimage\"},\"thumbnailUrl\":\"https:\\\/\\\/www.webdo.tn\\\/fr\\\/wp-content\\\/uploads\\\/2025\\\/03\\\/859318aa989279630ca0bad623d22d60.webp\",\"keywords\":[\"\u00e9nergie\",\"solaire\",\"Tunisie\"],\"articleSection\":[\"National\"],\"inLanguage\":\"fr-FR\"},{\"@type\":\"WebPage\",\"@id\":\"https:\\\/\\\/www.webdo.tn\\\/fr\\\/actualite\\\/national\\\/tunisie-1-2-milliard-de-dinars-pour-eclairer-l-avenir-solaire\\\/220782\\\/\",\"url\":\"https:\\\/\\\/www.webdo.tn\\\/fr\\\/actualite\\\/national\\\/tunisie-1-2-milliard-de-dinars-pour-eclairer-l-avenir-solaire\\\/220782\\\/\",\"name\":\"Tunisie : 1,2 milliard de dinars pour \u00e9clairer l\u2019avenir solaire\",\"isPartOf\":{\"@id\":\"https:\\\/\\\/www.webdo.tn\\\/fr\\\/#website\"},\"primaryImageOfPage\":{\"@id\":\"https:\\\/\\\/www.webdo.tn\\\/fr\\\/actualite\\\/national\\\/tunisie-1-2-milliard-de-dinars-pour-eclairer-l-avenir-solaire\\\/220782\\\/#primaryimage\"},\"image\":{\"@id\":\"https:\\\/\\\/www.webdo.tn\\\/fr\\\/actualite\\\/national\\\/tunisie-1-2-milliard-de-dinars-pour-eclairer-l-avenir-solaire\\\/220782\\\/#primaryimage\"},\"thumbnailUrl\":\"https:\\\/\\\/www.webdo.tn\\\/fr\\\/wp-content\\\/uploads\\\/2025\\\/03\\\/859318aa989279630ca0bad623d22d60.webp\",\"datePublished\":\"2025-03-25T07:10:00+00:00\",\"description\":\"La Tunisie investit 1,2 milliard de dinars dans quatre nouvelles centrales solaires d\u2019une capacit\u00e9 totale de 500 MW. Objectif : acc\u00e9l\u00e9rer la transition \u00e9nerg\u00e9ti...\",\"breadcrumb\":{\"@id\":\"https:\\\/\\\/www.webdo.tn\\\/fr\\\/actualite\\\/national\\\/tunisie-1-2-milliard-de-dinars-pour-eclairer-l-avenir-solaire\\\/220782\\\/#breadcrumb\"},\"inLanguage\":\"fr-FR\",\"potentialAction\":[{\"@type\":\"ReadAction\",\"target\":[\"https:\\\/\\\/www.webdo.tn\\\/fr\\\/actualite\\\/national\\\/tunisie-1-2-milliard-de-dinars-pour-eclairer-l-avenir-solaire\\\/220782\\\/\"]}]},{\"@type\":\"ImageObject\",\"inLanguage\":\"fr-FR\",\"@id\":\"https:\\\/\\\/www.webdo.tn\\\/fr\\\/actualite\\\/national\\\/tunisie-1-2-milliard-de-dinars-pour-eclairer-l-avenir-solaire\\\/220782\\\/#primaryimage\",\"url\":\"https:\\\/\\\/www.webdo.tn\\\/fr\\\/wp-content\\\/uploads\\\/2025\\\/03\\\/859318aa989279630ca0bad623d22d60.webp\",\"contentUrl\":\"https:\\\/\\\/www.webdo.tn\\\/fr\\\/wp-content\\\/uploads\\\/2025\\\/03\\\/859318aa989279630ca0bad623d22d60.webp\",\"width\":750,\"height\":400,\"caption\":\"Tunisie : 1,2 milliard de dinars pour \u00e9clairer l\u2019avenir solaire\"},{\"@type\":\"BreadcrumbList\",\"@id\":\"https:\\\/\\\/www.webdo.tn\\\/fr\\\/actualite\\\/national\\\/tunisie-1-2-milliard-de-dinars-pour-eclairer-l-avenir-solaire\\\/220782\\\/#breadcrumb\",\"itemListElement\":[{\"@type\":\"ListItem\",\"position\":1,\"name\":\"Accueil\",\"item\":\"https:\\\/\\\/www.webdo.tn\\\/fr\\\/\"},{\"@type\":\"ListItem\",\"position\":2,\"name\":\"Tunisie : 1,2 milliard de dinars pour \u00e9clairer l\u2019avenir solaire\"}]},{\"@type\":\"WebSite\",\"@id\":\"https:\\\/\\\/www.webdo.tn\\\/fr\\\/#website\",\"url\":\"https:\\\/\\\/www.webdo.tn\\\/fr\\\/\",\"name\":\"webdo\",\"description\":\"Tunisie - News en Tunisie et \u00e0 l&#039;international sur Webdo.tn\",\"publisher\":{\"@id\":\"https:\\\/\\\/www.webdo.tn\\\/fr\\\/#organization\"},\"potentialAction\":[{\"@type\":\"SearchAction\",\"target\":{\"@type\":\"EntryPoint\",\"urlTemplate\":\"https:\\\/\\\/www.webdo.tn\\\/fr\\\/?s={search_term_string}\"},\"query-input\":{\"@type\":\"PropertyValueSpecification\",\"valueRequired\":true,\"valueName\":\"search_term_string\"}}],\"inLanguage\":\"fr-FR\"},{\"@type\":\"Organization\",\"@id\":\"https:\\\/\\\/www.webdo.tn\\\/fr\\\/#organization\",\"name\":\"Webdo\",\"alternateName\":\"Webdo.tn\",\"url\":\"https:\\\/\\\/www.webdo.tn\\\/fr\\\/\",\"logo\":{\"@type\":\"ImageObject\",\"inLanguage\":\"fr-FR\",\"@id\":\"https:\\\/\\\/www.webdo.tn\\\/fr\\\/#\\\/schema\\\/logo\\\/image\\\/\",\"url\":\"https:\\\/\\\/www.webdo.tn\\\/fr\\\/wp-content\\\/uploads\\\/2025\\\/06\\\/Webdo-Tunisie_168377.jpg\",\"contentUrl\":\"https:\\\/\\\/www.webdo.tn\\\/fr\\\/wp-content\\\/uploads\\\/2025\\\/06\\\/Webdo-Tunisie_168377.jpg\",\"width\":301,\"height\":301,\"caption\":\"Webdo\"},\"image\":{\"@id\":\"https:\\\/\\\/www.webdo.tn\\\/fr\\\/#\\\/schema\\\/logo\\\/image\\\/\"},\"sameAs\":[\"https:\\\/\\\/www.facebook.com\\\/webdotn\",\"https:\\\/\\\/x.com\\\/webdo_tn\"],\"description\":\"Webdo est un m\u00e9dia num\u00e9rique tunisien fond\u00e9 en 2010, sp\u00e9cialis\u00e9 dans l\u2019actualit\u00e9 nationale et internationale, l\u2019\u00e9conomie, la soci\u00e9t\u00e9 et les analyses politiques. Le site s\u2019adresse \u00e0 un large public francophone et couvre l\u2019information tunisienne en temps r\u00e9el.\",\"email\":\"redac@webdo.tn\",\"legalName\":\"YNJ SARL\",\"foundingDate\":\"2010-09-06\",\"numberOfEmployees\":{\"@type\":\"QuantitativeValue\",\"minValue\":\"11\",\"maxValue\":\"50\"}},{\"@type\":\"Person\",\"@id\":\"https:\\\/\\\/www.webdo.tn\\\/fr\\\/#\\\/schema\\\/person\\\/5663044c25eb36d8f88ba5b653f12f8c\",\"name\":\"Ramzi Haddad\",\"image\":{\"@type\":\"ImageObject\",\"inLanguage\":\"fr-FR\",\"@id\":\"https:\\\/\\\/www.webdo.tn\\\/fr\\\/wp-content\\\/uploads\\\/2026\\\/04\\\/ramzi-haddad_avatar-96x96.jpg\",\"url\":\"https:\\\/\\\/www.webdo.tn\\\/fr\\\/wp-content\\\/uploads\\\/2026\\\/04\\\/ramzi-haddad_avatar-96x96.jpg\",\"contentUrl\":\"https:\\\/\\\/www.webdo.tn\\\/fr\\\/wp-content\\\/uploads\\\/2026\\\/04\\\/ramzi-haddad_avatar-96x96.jpg\",\"caption\":\"Ramzi Haddad\"},\"description\":\"Signature \u00e9ditoriale de Walid Ben Youssef Ramzi Haddad est le pseudonyme \u00e9ditorial de Walid Ben Youssef, fondateur et g\u00e9rant de Webdo.tn. Cette signature est d\u00e9di\u00e9e \u00e0 la couverture de l'actualit\u00e9 nationale et internationale, ainsi qu'aux analyses des dynamiques num\u00e9riques. Ce profil b\u00e9n\u00e9ficie de l'expertise de Walid Ben Youssef, pionnier du web en Tunisie depuis 2000 et dipl\u00f4m\u00e9 en Math\u00e9matiques pures de l'Universit\u00e9 d'Oregon. \u00c0 travers cette signature, la r\u00e9daction de Webdo garantit une information structur\u00e9e et v\u00e9rifi\u00e9e, fid\u00e8le aux standards journalistiques du m\u00e9dia.\",\"url\":\"https:\\\/\\\/www.webdo.tn\\\/fr\\\/actualite\\\/author\\\/ramzi-haddad\\\/\"}]}<\/script>\n<!-- \/ Yoast SEO Premium plugin. -->","yoast_head_json":{"title":"Tunisie : 1,2 milliard de dinars pour \u00e9clairer l\u2019avenir solaire","description":"La Tunisie investit 1,2 milliard de dinars dans quatre nouvelles centrales solaires d\u2019une capacit\u00e9 totale de 500 MW. Objectif : acc\u00e9l\u00e9rer la transition \u00e9nerg\u00e9ti...","canonical":"https:\/\/www.webdo.tn\/fr\/actualite\/national\/tunisie-1-2-milliard-de-dinars-pour-eclairer-l-avenir-solaire\/220782\/","og_locale":"fr_FR","og_type":"article","og_title":"Tunisie : 1,2 milliard de dinars pour \u00e9clairer l\u2019avenir solaire","og_description":"La Tunisie investit 1,2 milliard de dinars dans quatre nouvelles centrales solaires d\u2019une capacit\u00e9 totale de 500 MW. Objectif : acc\u00e9l\u00e9rer la transition \u00e9nerg\u00e9ti...","og_url":"https:\/\/www.webdo.tn\/fr\/actualite\/national\/tunisie-1-2-milliard-de-dinars-pour-eclairer-l-avenir-solaire\/220782\/","og_site_name":"webdo","article_publisher":"https:\/\/www.facebook.com\/webdotn","article_published_time":"2025-03-25T07:10:00+00:00","og_image":[{"width":750,"height":400,"url":"https:\/\/www.webdo.tn\/fr\/wp-content\/uploads\/2025\/03\/859318aa989279630ca0bad623d22d60.webp","type":"image\/webp"}],"author":"Ramzi Haddad","twitter_card":"summary_large_image","twitter_creator":"@webdo_tn","twitter_site":"@webdo_tn","twitter_misc":{"\u00c9crit par":"Ramzi Haddad","Dur\u00e9e de lecture estim\u00e9e":"1 minute"},"schema":{"@context":"https:\/\/schema.org","@graph":[{"@type":"NewsArticle","@id":"https:\/\/www.webdo.tn\/fr\/actualite\/national\/tunisie-1-2-milliard-de-dinars-pour-eclairer-l-avenir-solaire\/220782\/#article","isPartOf":{"@id":"https:\/\/www.webdo.tn\/fr\/actualite\/national\/tunisie-1-2-milliard-de-dinars-pour-eclairer-l-avenir-solaire\/220782\/"},"author":{"name":"Ramzi Haddad","@id":"https:\/\/www.webdo.tn\/fr\/#\/schema\/person\/5663044c25eb36d8f88ba5b653f12f8c"},"headline":"Tunisie : 1,2 milliard de dinars pour \u00e9clairer l\u2019avenir solaire","datePublished":"2025-03-25T07:10:00+00:00","mainEntityOfPage":{"@id":"https:\/\/www.webdo.tn\/fr\/actualite\/national\/tunisie-1-2-milliard-de-dinars-pour-eclairer-l-avenir-solaire\/220782\/"},"wordCount":250,"commentCount":0,"publisher":{"@id":"https:\/\/www.webdo.tn\/fr\/#organization"},"image":{"@id":"https:\/\/www.webdo.tn\/fr\/actualite\/national\/tunisie-1-2-milliard-de-dinars-pour-eclairer-l-avenir-solaire\/220782\/#primaryimage"},"thumbnailUrl":"https:\/\/www.webdo.tn\/fr\/wp-content\/uploads\/2025\/03\/859318aa989279630ca0bad623d22d60.webp","keywords":["\u00e9nergie","solaire","Tunisie"],"articleSection":["National"],"inLanguage":"fr-FR"},{"@type":"WebPage","@id":"https:\/\/www.webdo.tn\/fr\/actualite\/national\/tunisie-1-2-milliard-de-dinars-pour-eclairer-l-avenir-solaire\/220782\/","url":"https:\/\/www.webdo.tn\/fr\/actualite\/national\/tunisie-1-2-milliard-de-dinars-pour-eclairer-l-avenir-solaire\/220782\/","name":"Tunisie : 1,2 milliard de dinars pour \u00e9clairer l\u2019avenir solaire","isPartOf":{"@id":"https:\/\/www.webdo.tn\/fr\/#website"},"primaryImageOfPage":{"@id":"https:\/\/www.webdo.tn\/fr\/actualite\/national\/tunisie-1-2-milliard-de-dinars-pour-eclairer-l-avenir-solaire\/220782\/#primaryimage"},"image":{"@id":"https:\/\/www.webdo.tn\/fr\/actualite\/national\/tunisie-1-2-milliard-de-dinars-pour-eclairer-l-avenir-solaire\/220782\/#primaryimage"},"thumbnailUrl":"https:\/\/www.webdo.tn\/fr\/wp-content\/uploads\/2025\/03\/859318aa989279630ca0bad623d22d60.webp","datePublished":"2025-03-25T07:10:00+00:00","description":"La Tunisie investit 1,2 milliard de dinars dans quatre nouvelles centrales solaires d\u2019une capacit\u00e9 totale de 500 MW. Objectif : acc\u00e9l\u00e9rer la transition \u00e9nerg\u00e9ti...","breadcrumb":{"@id":"https:\/\/www.webdo.tn\/fr\/actualite\/national\/tunisie-1-2-milliard-de-dinars-pour-eclairer-l-avenir-solaire\/220782\/#breadcrumb"},"inLanguage":"fr-FR","potentialAction":[{"@type":"ReadAction","target":["https:\/\/www.webdo.tn\/fr\/actualite\/national\/tunisie-1-2-milliard-de-dinars-pour-eclairer-l-avenir-solaire\/220782\/"]}]},{"@type":"ImageObject","inLanguage":"fr-FR","@id":"https:\/\/www.webdo.tn\/fr\/actualite\/national\/tunisie-1-2-milliard-de-dinars-pour-eclairer-l-avenir-solaire\/220782\/#primaryimage","url":"https:\/\/www.webdo.tn\/fr\/wp-content\/uploads\/2025\/03\/859318aa989279630ca0bad623d22d60.webp","contentUrl":"https:\/\/www.webdo.tn\/fr\/wp-content\/uploads\/2025\/03\/859318aa989279630ca0bad623d22d60.webp","width":750,"height":400,"caption":"Tunisie : 1,2 milliard de dinars pour \u00e9clairer l\u2019avenir solaire"},{"@type":"BreadcrumbList","@id":"https:\/\/www.webdo.tn\/fr\/actualite\/national\/tunisie-1-2-milliard-de-dinars-pour-eclairer-l-avenir-solaire\/220782\/#breadcrumb","itemListElement":[{"@type":"ListItem","position":1,"name":"Accueil","item":"https:\/\/www.webdo.tn\/fr\/"},{"@type":"ListItem","position":2,"name":"Tunisie : 1,2 milliard de dinars pour \u00e9clairer l\u2019avenir solaire"}]},{"@type":"WebSite","@id":"https:\/\/www.webdo.tn\/fr\/#website","url":"https:\/\/www.webdo.tn\/fr\/","name":"webdo","description":"Tunisie - News en Tunisie et \u00e0 l&#039;international sur Webdo.tn","publisher":{"@id":"https:\/\/www.webdo.tn\/fr\/#organization"},"potentialAction":[{"@type":"SearchAction","target":{"@type":"EntryPoint","urlTemplate":"https:\/\/www.webdo.tn\/fr\/?s={search_term_string}"},"query-input":{"@type":"PropertyValueSpecification","valueRequired":true,"valueName":"search_term_string"}}],"inLanguage":"fr-FR"},{"@type":"Organization","@id":"https:\/\/www.webdo.tn\/fr\/#organization","name":"Webdo","alternateName":"Webdo.tn","url":"https:\/\/www.webdo.tn\/fr\/","logo":{"@type":"ImageObject","inLanguage":"fr-FR","@id":"https:\/\/www.webdo.tn\/fr\/#\/schema\/logo\/image\/","url":"https:\/\/www.webdo.tn\/fr\/wp-content\/uploads\/2025\/06\/Webdo-Tunisie_168377.jpg","contentUrl":"https:\/\/www.webdo.tn\/fr\/wp-content\/uploads\/2025\/06\/Webdo-Tunisie_168377.jpg","width":301,"height":301,"caption":"Webdo"},"image":{"@id":"https:\/\/www.webdo.tn\/fr\/#\/schema\/logo\/image\/"},"sameAs":["https:\/\/www.facebook.com\/webdotn","https:\/\/x.com\/webdo_tn"],"description":"Webdo est un m\u00e9dia num\u00e9rique tunisien fond\u00e9 en 2010, sp\u00e9cialis\u00e9 dans l\u2019actualit\u00e9 nationale et internationale, l\u2019\u00e9conomie, la soci\u00e9t\u00e9 et les analyses politiques. Le site s\u2019adresse \u00e0 un large public francophone et couvre l\u2019information tunisienne en temps r\u00e9el.","email":"redac@webdo.tn","legalName":"YNJ SARL","foundingDate":"2010-09-06","numberOfEmployees":{"@type":"QuantitativeValue","minValue":"11","maxValue":"50"}},{"@type":"Person","@id":"https:\/\/www.webdo.tn\/fr\/#\/schema\/person\/5663044c25eb36d8f88ba5b653f12f8c","name":"Ramzi Haddad","image":{"@type":"ImageObject","inLanguage":"fr-FR","@id":"https:\/\/www.webdo.tn\/fr\/wp-content\/uploads\/2026\/04\/ramzi-haddad_avatar-96x96.jpg","url":"https:\/\/www.webdo.tn\/fr\/wp-content\/uploads\/2026\/04\/ramzi-haddad_avatar-96x96.jpg","contentUrl":"https:\/\/www.webdo.tn\/fr\/wp-content\/uploads\/2026\/04\/ramzi-haddad_avatar-96x96.jpg","caption":"Ramzi Haddad"},"description":"Signature \u00e9ditoriale de Walid Ben Youssef Ramzi Haddad est le pseudonyme \u00e9ditorial de Walid Ben Youssef, fondateur et g\u00e9rant de Webdo.tn. Cette signature est d\u00e9di\u00e9e \u00e0 la couverture de l'actualit\u00e9 nationale et internationale, ainsi qu'aux analyses des dynamiques num\u00e9riques. Ce profil b\u00e9n\u00e9ficie de l'expertise de Walid Ben Youssef, pionnier du web en Tunisie depuis 2000 et dipl\u00f4m\u00e9 en Math\u00e9matiques pures de l'Universit\u00e9 d'Oregon. \u00c0 travers cette signature, la r\u00e9daction de Webdo garantit une information structur\u00e9e et v\u00e9rifi\u00e9e, fid\u00e8le aux standards journalistiques du m\u00e9dia.","url":"https:\/\/www.webdo.tn\/fr\/actualite\/author\/ramzi-haddad\/"}]}},"_links":{"self":[{"href":"https:\/\/www.webdo.tn\/fr\/wp-json\/wp\/v2\/posts\/220782","targetHints":{"allow":["GET"]}}],"collection":[{"href":"https:\/\/www.webdo.tn\/fr\/wp-json\/wp\/v2\/posts"}],"about":[{"href":"https:\/\/www.webdo.tn\/fr\/wp-json\/wp\/v2\/types\/post"}],"author":[{"embeddable":true,"href":"https:\/\/www.webdo.tn\/fr\/wp-json\/wp\/v2\/users\/3203"}],"replies":[{"embeddable":true,"href":"https:\/\/www.webdo.tn\/fr\/wp-json\/wp\/v2\/comments?post=220782"}],"version-history":[{"count":0,"href":"https:\/\/www.webdo.tn\/fr\/wp-json\/wp\/v2\/posts\/220782\/revisions"}],"wp:featuredmedia":[{"embeddable":true,"href":"https:\/\/www.webdo.tn\/fr\/wp-json\/wp\/v2\/media\/292118"}],"wp:attachment":[{"href":"https:\/\/www.webdo.tn\/fr\/wp-json\/wp\/v2\/media?parent=220782"}],"wp:term":[{"taxonomy":"category","embeddable":true,"href":"https:\/\/www.webdo.tn\/fr\/wp-json\/wp\/v2\/categories?post=220782"},{"taxonomy":"post_tag","embeddable":true,"href":"https:\/\/www.webdo.tn\/fr\/wp-json\/wp\/v2\/tags?post=220782"}],"curies":[{"name":"wp","href":"https:\/\/api.w.org\/{rel}","templated":true}]}}