{"id":220732,"date":"2025-03-22T07:53:00","date_gmt":"2025-03-22T07:53:00","guid":{"rendered":"https:\/\/www.webdo.tn\/fr\/blog\/2025\/03\/22\/macron-felicite-la-tunisie-saied-reaffirme-ses-positions-sur-gaza-et-la-migration\/"},"modified":"2025-05-17T20:08:24","modified_gmt":"2025-05-17T20:08:24","slug":"macron-felicite-la-tunisie-saied-reaffirme-ses-positions-sur-gaza-et-la-migration","status":"publish","type":"post","link":"https:\/\/www.webdo.tn\/fr\/actualite\/national\/macron-felicite-la-tunisie-saied-reaffirme-ses-positions-sur-gaza-et-la-migration\/220732\/","title":{"rendered":"Macron f\u00e9licite la Tunisie, Sa\u00efed r\u00e9affirme ses positions sur Gaza et la migration"},"content":{"rendered":"<p>Le pr\u00e9sident de la R\u00e9publique, Ka\u00efs Sa\u00efed, a re\u00e7u, vendredi 21 mars 2025, un appel t\u00e9l\u00e9phonique de son homologue fran\u00e7ais, Emmanuel Macron, \u00e0 l\u2019occasion du 69\u1d49 anniversaire de l\u2019ind\u00e9pendance de la Tunisie.<\/p>\n<p>\t\t\t\t\t\t\t\t\tSelon un communiqu\u00e9 de la pr\u00e9sidence, le chef de l\u2019\u00c9tat fran\u00e7ais a adress\u00e9 ses f\u00e9licitations au peuple tunisien et salu\u00e9 les liens historiques entre les deux pays.<\/p>\n<p>Gaza : Sa\u00efed d\u00e9nonce une guerre d\u2019extermination<br \/>\nLors de cet \u00e9change, Ka\u00efs Sa\u00efed a mis l\u2019accent sur la situation en Palestine, d\u00e9non\u00e7ant une \u00ab guerre d\u2019extermination \u00bb contre le peuple palestinien et appelant \u00e0 un cessez-le-feu imm\u00e9diat. Il a fustig\u00e9 l\u2019inaction des instances internationales et plaid\u00e9 pour une refonte des concepts diplomatiques afin de mieux r\u00e9pondre aux crises contemporaines.<\/p>\n<p>Migration : Tunis refuse d\u2019\u00eatre un point de transit<br \/>\nLe dossier de la migration clandestine a \u00e9galement \u00e9t\u00e9 abord\u00e9. Ka\u00efs Sa\u00efed a soulign\u00e9 la n\u00e9cessit\u00e9 de d\u00e9manteler les r\u00e9seaux criminels impliqu\u00e9s dans la traite des \u00eatres humains et le trafic d\u2019organes entre l\u2019Afrique et l\u2019Europe. Il a r\u00e9affirm\u00e9 que la Tunisie refuse de servir de point de transit et a appel\u00e9 \u00e0 une coop\u00e9ration internationale pour organiser des rapatriements dignes via des ponts a\u00e9riens humanitaires.<\/p>\n<p>Fonds d\u00e9tourn\u00e9s : des proc\u00e9dures inefficaces<br \/>\nAutre point \u00e9voqu\u00e9 : la restitution des fonds publics d\u00e9tourn\u00e9s. Le chef de l\u2019\u00c9tat a critiqu\u00e9 la lenteur et l\u2019inefficacit\u00e9 des proc\u00e9dures judiciaires internationales, jugeant les r\u00e9sultats obtenus insignifiants. Il a insist\u00e9 sur l\u2019urgence d\u2019\u00e9laborer des m\u00e9canismes alternatifs pour r\u00e9cup\u00e9rer ces richesses au profit des Tunisiens.<\/p>\n","protected":false},"excerpt":{"rendered":"<p>Lors d\u2019un appel avec Emmanuel Macron, Ka\u00efs Sa\u00efed a d\u00e9nonc\u00e9 la situation \u00e0 Gaza, r\u00e9affirm\u00e9 la position de la Tunisie sur la migration et critiqu\u00e9 l\u2019inefficacit\u00e9&#8230;<\/p>\n","protected":false},"author":4779,"featured_media":241550,"comment_status":"open","ping_status":"open","sticky":false,"template":"","format":"standard","meta":{"footnotes":""},"categories":[44],"tags":[3537,2998,3536,3535,3534,2688,2608],"class_list":["post-220732","post","type-post","status-publish","format-standard","has-post-thumbnail","hentry","category-national","tag-fonds-detournes","tag-france","tag-kaiessaied","tag-macron","tag-migration-clandestine","tag-palestine","tag-tunisie"],"yoast_head":"<!-- This site is optimized with the Yoast SEO Premium plugin v27.5 (Yoast SEO v27.5) - https:\/\/yoast.com\/product\/yoast-seo-premium-wordpress\/ -->\n<title>Macron f\u00e9licite la Tunisie, Sa\u00efed r\u00e9affirme ses positions sur Gaza et la migration<\/title>\n<meta name=\"description\" content=\"Lors d\u2019un appel avec Emmanuel Macron, Ka\u00efs Sa\u00efed a d\u00e9nonc\u00e9 la situation \u00e0 Gaza, r\u00e9affirm\u00e9 la position de la Tunisie sur la migration et critiqu\u00e9 l\u2019inefficacit\u00e9...\" \/>\n<link rel=\"canonical\" href=\"https:\/\/www.webdo.tn\/fr\/actualite\/national\/macron-felicite-la-tunisie-saied-reaffirme-ses-positions-sur-gaza-et-la-migration\/220732\/\" \/>\n<meta property=\"og:locale\" content=\"fr_FR\" \/>\n<meta property=\"og:type\" content=\"article\" \/>\n<meta property=\"og:title\" content=\"Macron f\u00e9licite la Tunisie, Sa\u00efed r\u00e9affirme ses positions sur Gaza et la migration\" \/>\n<meta property=\"og:description\" content=\"Lors d\u2019un appel avec Emmanuel Macron, Ka\u00efs Sa\u00efed a d\u00e9nonc\u00e9 la situation \u00e0 Gaza, r\u00e9affirm\u00e9 la position de la Tunisie sur la migration et critiqu\u00e9 l\u2019inefficacit\u00e9...\" \/>\n<meta property=\"og:url\" content=\"https:\/\/www.webdo.tn\/fr\/actualite\/national\/macron-felicite-la-tunisie-saied-reaffirme-ses-positions-sur-gaza-et-la-migration\/220732\/\" \/>\n<meta property=\"og:site_name\" content=\"webdo\" \/>\n<meta property=\"article:publisher\" content=\"https:\/\/www.facebook.com\/webdotn\" \/>\n<meta property=\"article:published_time\" content=\"2025-03-22T07:53:00+00:00\" \/>\n<meta property=\"article:modified_time\" content=\"2025-05-17T20:08:24+00:00\" \/>\n<meta property=\"og:image\" content=\"https:\/\/www.webdo.tn\/fr\/wp-content\/uploads\/2025\/05\/127afaddd12ba347177b83669725f13c-3.webp\" \/>\n\t<meta property=\"og:image:width\" content=\"750\" \/>\n\t<meta property=\"og:image:height\" content=\"400\" \/>\n\t<meta property=\"og:image:type\" content=\"image\/webp\" \/>\n<meta name=\"author\" content=\"Firas Ben Abdeltif\" \/>\n<meta name=\"twitter:card\" content=\"summary_large_image\" \/>\n<meta name=\"twitter:creator\" content=\"@webdo_tn\" \/>\n<meta name=\"twitter:site\" content=\"@webdo_tn\" \/>\n<meta name=\"twitter:label1\" content=\"\u00c9crit par\" \/>\n\t<meta name=\"twitter:data1\" content=\"Firas Ben Abdeltif\" \/>\n\t<meta name=\"twitter:label2\" content=\"Dur\u00e9e de lecture estim\u00e9e\" \/>\n\t<meta name=\"twitter:data2\" content=\"1 minute\" \/>\n<script type=\"application\/ld+json\" class=\"yoast-schema-graph\">{\"@context\":\"https:\\\/\\\/schema.org\",\"@graph\":[{\"@type\":\"NewsArticle\",\"@id\":\"https:\\\/\\\/www.webdo.tn\\\/fr\\\/actualite\\\/national\\\/macron-felicite-la-tunisie-saied-reaffirme-ses-positions-sur-gaza-et-la-migration\\\/220732\\\/#article\",\"isPartOf\":{\"@id\":\"https:\\\/\\\/www.webdo.tn\\\/fr\\\/actualite\\\/national\\\/macron-felicite-la-tunisie-saied-reaffirme-ses-positions-sur-gaza-et-la-migration\\\/220732\\\/\"},\"author\":{\"name\":\"Firas Ben Abdeltif\",\"@id\":\"https:\\\/\\\/www.webdo.tn\\\/fr\\\/#\\\/schema\\\/person\\\/19664196c9bfdcda126f3c27709f7d11\"},\"headline\":\"Macron f\u00e9licite la Tunisie, Sa\u00efed r\u00e9affirme ses positions sur Gaza et la migration\",\"datePublished\":\"2025-03-22T07:53:00+00:00\",\"dateModified\":\"2025-05-17T20:08:24+00:00\",\"mainEntityOfPage\":{\"@id\":\"https:\\\/\\\/www.webdo.tn\\\/fr\\\/actualite\\\/national\\\/macron-felicite-la-tunisie-saied-reaffirme-ses-positions-sur-gaza-et-la-migration\\\/220732\\\/\"},\"wordCount\":303,\"commentCount\":0,\"publisher\":{\"@id\":\"https:\\\/\\\/www.webdo.tn\\\/fr\\\/#organization\"},\"image\":{\"@id\":\"https:\\\/\\\/www.webdo.tn\\\/fr\\\/actualite\\\/national\\\/macron-felicite-la-tunisie-saied-reaffirme-ses-positions-sur-gaza-et-la-migration\\\/220732\\\/#primaryimage\"},\"thumbnailUrl\":\"https:\\\/\\\/www.webdo.tn\\\/fr\\\/wp-content\\\/uploads\\\/2025\\\/05\\\/127afaddd12ba347177b83669725f13c-3.webp\",\"keywords\":[\"fonds d\u00e9tourn\u00e9s\",\"france\",\"KaiesSaied\",\"macron\",\"Migration clandestine\",\"Palestine\",\"Tunisie\"],\"articleSection\":[\"National\"],\"inLanguage\":\"fr-FR\"},{\"@type\":\"WebPage\",\"@id\":\"https:\\\/\\\/www.webdo.tn\\\/fr\\\/actualite\\\/national\\\/macron-felicite-la-tunisie-saied-reaffirme-ses-positions-sur-gaza-et-la-migration\\\/220732\\\/\",\"url\":\"https:\\\/\\\/www.webdo.tn\\\/fr\\\/actualite\\\/national\\\/macron-felicite-la-tunisie-saied-reaffirme-ses-positions-sur-gaza-et-la-migration\\\/220732\\\/\",\"name\":\"Macron f\u00e9licite la Tunisie, Sa\u00efed r\u00e9affirme ses positions sur Gaza et la migration\",\"isPartOf\":{\"@id\":\"https:\\\/\\\/www.webdo.tn\\\/fr\\\/#website\"},\"primaryImageOfPage\":{\"@id\":\"https:\\\/\\\/www.webdo.tn\\\/fr\\\/actualite\\\/national\\\/macron-felicite-la-tunisie-saied-reaffirme-ses-positions-sur-gaza-et-la-migration\\\/220732\\\/#primaryimage\"},\"image\":{\"@id\":\"https:\\\/\\\/www.webdo.tn\\\/fr\\\/actualite\\\/national\\\/macron-felicite-la-tunisie-saied-reaffirme-ses-positions-sur-gaza-et-la-migration\\\/220732\\\/#primaryimage\"},\"thumbnailUrl\":\"https:\\\/\\\/www.webdo.tn\\\/fr\\\/wp-content\\\/uploads\\\/2025\\\/05\\\/127afaddd12ba347177b83669725f13c-3.webp\",\"datePublished\":\"2025-03-22T07:53:00+00:00\",\"dateModified\":\"2025-05-17T20:08:24+00:00\",\"description\":\"Lors d\u2019un appel avec Emmanuel Macron, Ka\u00efs Sa\u00efed a d\u00e9nonc\u00e9 la situation \u00e0 Gaza, r\u00e9affirm\u00e9 la position de la Tunisie sur la migration et critiqu\u00e9 l\u2019inefficacit\u00e9...\",\"breadcrumb\":{\"@id\":\"https:\\\/\\\/www.webdo.tn\\\/fr\\\/actualite\\\/national\\\/macron-felicite-la-tunisie-saied-reaffirme-ses-positions-sur-gaza-et-la-migration\\\/220732\\\/#breadcrumb\"},\"inLanguage\":\"fr-FR\",\"potentialAction\":[{\"@type\":\"ReadAction\",\"target\":[\"https:\\\/\\\/www.webdo.tn\\\/fr\\\/actualite\\\/national\\\/macron-felicite-la-tunisie-saied-reaffirme-ses-positions-sur-gaza-et-la-migration\\\/220732\\\/\"]}]},{\"@type\":\"ImageObject\",\"inLanguage\":\"fr-FR\",\"@id\":\"https:\\\/\\\/www.webdo.tn\\\/fr\\\/actualite\\\/national\\\/macron-felicite-la-tunisie-saied-reaffirme-ses-positions-sur-gaza-et-la-migration\\\/220732\\\/#primaryimage\",\"url\":\"https:\\\/\\\/www.webdo.tn\\\/fr\\\/wp-content\\\/uploads\\\/2025\\\/05\\\/127afaddd12ba347177b83669725f13c-3.webp\",\"contentUrl\":\"https:\\\/\\\/www.webdo.tn\\\/fr\\\/wp-content\\\/uploads\\\/2025\\\/05\\\/127afaddd12ba347177b83669725f13c-3.webp\",\"width\":750,\"height\":400},{\"@type\":\"BreadcrumbList\",\"@id\":\"https:\\\/\\\/www.webdo.tn\\\/fr\\\/actualite\\\/national\\\/macron-felicite-la-tunisie-saied-reaffirme-ses-positions-sur-gaza-et-la-migration\\\/220732\\\/#breadcrumb\",\"itemListElement\":[{\"@type\":\"ListItem\",\"position\":1,\"name\":\"Accueil\",\"item\":\"https:\\\/\\\/www.webdo.tn\\\/fr\\\/\"},{\"@type\":\"ListItem\",\"position\":2,\"name\":\"Macron f\u00e9licite la Tunisie, Sa\u00efed r\u00e9affirme ses positions sur Gaza et la migration\"}]},{\"@type\":\"WebSite\",\"@id\":\"https:\\\/\\\/www.webdo.tn\\\/fr\\\/#website\",\"url\":\"https:\\\/\\\/www.webdo.tn\\\/fr\\\/\",\"name\":\"webdo\",\"description\":\"Tunisie - News en Tunisie et \u00e0 l&#039;international sur Webdo.tn\",\"publisher\":{\"@id\":\"https:\\\/\\\/www.webdo.tn\\\/fr\\\/#organization\"},\"potentialAction\":[{\"@type\":\"SearchAction\",\"target\":{\"@type\":\"EntryPoint\",\"urlTemplate\":\"https:\\\/\\\/www.webdo.tn\\\/fr\\\/?s={search_term_string}\"},\"query-input\":{\"@type\":\"PropertyValueSpecification\",\"valueRequired\":true,\"valueName\":\"search_term_string\"}}],\"inLanguage\":\"fr-FR\"},{\"@type\":\"Organization\",\"@id\":\"https:\\\/\\\/www.webdo.tn\\\/fr\\\/#organization\",\"name\":\"Webdo\",\"alternateName\":\"Webdo.tn\",\"url\":\"https:\\\/\\\/www.webdo.tn\\\/fr\\\/\",\"logo\":{\"@type\":\"ImageObject\",\"inLanguage\":\"fr-FR\",\"@id\":\"https:\\\/\\\/www.webdo.tn\\\/fr\\\/#\\\/schema\\\/logo\\\/image\\\/\",\"url\":\"https:\\\/\\\/www.webdo.tn\\\/fr\\\/wp-content\\\/uploads\\\/2025\\\/06\\\/Webdo-Tunisie_168377.jpg\",\"contentUrl\":\"https:\\\/\\\/www.webdo.tn\\\/fr\\\/wp-content\\\/uploads\\\/2025\\\/06\\\/Webdo-Tunisie_168377.jpg\",\"width\":301,\"height\":301,\"caption\":\"Webdo\"},\"image\":{\"@id\":\"https:\\\/\\\/www.webdo.tn\\\/fr\\\/#\\\/schema\\\/logo\\\/image\\\/\"},\"sameAs\":[\"https:\\\/\\\/www.facebook.com\\\/webdotn\",\"https:\\\/\\\/x.com\\\/webdo_tn\"],\"description\":\"Webdo est un m\u00e9dia num\u00e9rique tunisien fond\u00e9 en 2010, sp\u00e9cialis\u00e9 dans l\u2019actualit\u00e9 nationale et internationale, l\u2019\u00e9conomie, la soci\u00e9t\u00e9 et les analyses politiques. Le site s\u2019adresse \u00e0 un large public francophone et couvre l\u2019information tunisienne en temps r\u00e9el.\",\"email\":\"redac@webdo.tn\",\"legalName\":\"YNJ SARL\",\"foundingDate\":\"2010-09-06\",\"numberOfEmployees\":{\"@type\":\"QuantitativeValue\",\"minValue\":\"11\",\"maxValue\":\"50\"}},{\"@type\":\"Person\",\"@id\":\"https:\\\/\\\/www.webdo.tn\\\/fr\\\/#\\\/schema\\\/person\\\/19664196c9bfdcda126f3c27709f7d11\",\"name\":\"Firas Ben Abdeltif\",\"image\":{\"@type\":\"ImageObject\",\"inLanguage\":\"fr-FR\",\"@id\":\"https:\\\/\\\/secure.gravatar.com\\\/avatar\\\/161a347d40df098a084778c52ed133dbd85f14df003867067c5948081241ec55?s=96&d=mm&r=g\",\"url\":\"https:\\\/\\\/secure.gravatar.com\\\/avatar\\\/161a347d40df098a084778c52ed133dbd85f14df003867067c5948081241ec55?s=96&d=mm&r=g\",\"contentUrl\":\"https:\\\/\\\/secure.gravatar.com\\\/avatar\\\/161a347d40df098a084778c52ed133dbd85f14df003867067c5948081241ec55?s=96&d=mm&r=g\",\"caption\":\"Firas Ben Abdeltif\"},\"url\":\"https:\\\/\\\/www.webdo.tn\\\/fr\\\/actualite\\\/author\\\/firas-ben-abdeltif\\\/\"}]}<\/script>\n<!-- \/ Yoast SEO Premium plugin. -->","yoast_head_json":{"title":"Macron f\u00e9licite la Tunisie, Sa\u00efed r\u00e9affirme ses positions sur Gaza et la migration","description":"Lors d\u2019un appel avec Emmanuel Macron, Ka\u00efs Sa\u00efed a d\u00e9nonc\u00e9 la situation \u00e0 Gaza, r\u00e9affirm\u00e9 la position de la Tunisie sur la migration et critiqu\u00e9 l\u2019inefficacit\u00e9...","canonical":"https:\/\/www.webdo.tn\/fr\/actualite\/national\/macron-felicite-la-tunisie-saied-reaffirme-ses-positions-sur-gaza-et-la-migration\/220732\/","og_locale":"fr_FR","og_type":"article","og_title":"Macron f\u00e9licite la Tunisie, Sa\u00efed r\u00e9affirme ses positions sur Gaza et la migration","og_description":"Lors d\u2019un appel avec Emmanuel Macron, Ka\u00efs Sa\u00efed a d\u00e9nonc\u00e9 la situation \u00e0 Gaza, r\u00e9affirm\u00e9 la position de la Tunisie sur la migration et critiqu\u00e9 l\u2019inefficacit\u00e9...","og_url":"https:\/\/www.webdo.tn\/fr\/actualite\/national\/macron-felicite-la-tunisie-saied-reaffirme-ses-positions-sur-gaza-et-la-migration\/220732\/","og_site_name":"webdo","article_publisher":"https:\/\/www.facebook.com\/webdotn","article_published_time":"2025-03-22T07:53:00+00:00","article_modified_time":"2025-05-17T20:08:24+00:00","og_image":[{"width":750,"height":400,"url":"https:\/\/www.webdo.tn\/fr\/wp-content\/uploads\/2025\/05\/127afaddd12ba347177b83669725f13c-3.webp","type":"image\/webp"}],"author":"Firas Ben Abdeltif","twitter_card":"summary_large_image","twitter_creator":"@webdo_tn","twitter_site":"@webdo_tn","twitter_misc":{"\u00c9crit par":"Firas Ben Abdeltif","Dur\u00e9e de lecture estim\u00e9e":"1 minute"},"schema":{"@context":"https:\/\/schema.org","@graph":[{"@type":"NewsArticle","@id":"https:\/\/www.webdo.tn\/fr\/actualite\/national\/macron-felicite-la-tunisie-saied-reaffirme-ses-positions-sur-gaza-et-la-migration\/220732\/#article","isPartOf":{"@id":"https:\/\/www.webdo.tn\/fr\/actualite\/national\/macron-felicite-la-tunisie-saied-reaffirme-ses-positions-sur-gaza-et-la-migration\/220732\/"},"author":{"name":"Firas Ben Abdeltif","@id":"https:\/\/www.webdo.tn\/fr\/#\/schema\/person\/19664196c9bfdcda126f3c27709f7d11"},"headline":"Macron f\u00e9licite la Tunisie, Sa\u00efed r\u00e9affirme ses positions sur Gaza et la migration","datePublished":"2025-03-22T07:53:00+00:00","dateModified":"2025-05-17T20:08:24+00:00","mainEntityOfPage":{"@id":"https:\/\/www.webdo.tn\/fr\/actualite\/national\/macron-felicite-la-tunisie-saied-reaffirme-ses-positions-sur-gaza-et-la-migration\/220732\/"},"wordCount":303,"commentCount":0,"publisher":{"@id":"https:\/\/www.webdo.tn\/fr\/#organization"},"image":{"@id":"https:\/\/www.webdo.tn\/fr\/actualite\/national\/macron-felicite-la-tunisie-saied-reaffirme-ses-positions-sur-gaza-et-la-migration\/220732\/#primaryimage"},"thumbnailUrl":"https:\/\/www.webdo.tn\/fr\/wp-content\/uploads\/2025\/05\/127afaddd12ba347177b83669725f13c-3.webp","keywords":["fonds d\u00e9tourn\u00e9s","france","KaiesSaied","macron","Migration clandestine","Palestine","Tunisie"],"articleSection":["National"],"inLanguage":"fr-FR"},{"@type":"WebPage","@id":"https:\/\/www.webdo.tn\/fr\/actualite\/national\/macron-felicite-la-tunisie-saied-reaffirme-ses-positions-sur-gaza-et-la-migration\/220732\/","url":"https:\/\/www.webdo.tn\/fr\/actualite\/national\/macron-felicite-la-tunisie-saied-reaffirme-ses-positions-sur-gaza-et-la-migration\/220732\/","name":"Macron f\u00e9licite la Tunisie, Sa\u00efed r\u00e9affirme ses positions sur Gaza et la migration","isPartOf":{"@id":"https:\/\/www.webdo.tn\/fr\/#website"},"primaryImageOfPage":{"@id":"https:\/\/www.webdo.tn\/fr\/actualite\/national\/macron-felicite-la-tunisie-saied-reaffirme-ses-positions-sur-gaza-et-la-migration\/220732\/#primaryimage"},"image":{"@id":"https:\/\/www.webdo.tn\/fr\/actualite\/national\/macron-felicite-la-tunisie-saied-reaffirme-ses-positions-sur-gaza-et-la-migration\/220732\/#primaryimage"},"thumbnailUrl":"https:\/\/www.webdo.tn\/fr\/wp-content\/uploads\/2025\/05\/127afaddd12ba347177b83669725f13c-3.webp","datePublished":"2025-03-22T07:53:00+00:00","dateModified":"2025-05-17T20:08:24+00:00","description":"Lors d\u2019un appel avec Emmanuel Macron, Ka\u00efs Sa\u00efed a d\u00e9nonc\u00e9 la situation \u00e0 Gaza, r\u00e9affirm\u00e9 la position de la Tunisie sur la migration et critiqu\u00e9 l\u2019inefficacit\u00e9...","breadcrumb":{"@id":"https:\/\/www.webdo.tn\/fr\/actualite\/national\/macron-felicite-la-tunisie-saied-reaffirme-ses-positions-sur-gaza-et-la-migration\/220732\/#breadcrumb"},"inLanguage":"fr-FR","potentialAction":[{"@type":"ReadAction","target":["https:\/\/www.webdo.tn\/fr\/actualite\/national\/macron-felicite-la-tunisie-saied-reaffirme-ses-positions-sur-gaza-et-la-migration\/220732\/"]}]},{"@type":"ImageObject","inLanguage":"fr-FR","@id":"https:\/\/www.webdo.tn\/fr\/actualite\/national\/macron-felicite-la-tunisie-saied-reaffirme-ses-positions-sur-gaza-et-la-migration\/220732\/#primaryimage","url":"https:\/\/www.webdo.tn\/fr\/wp-content\/uploads\/2025\/05\/127afaddd12ba347177b83669725f13c-3.webp","contentUrl":"https:\/\/www.webdo.tn\/fr\/wp-content\/uploads\/2025\/05\/127afaddd12ba347177b83669725f13c-3.webp","width":750,"height":400},{"@type":"BreadcrumbList","@id":"https:\/\/www.webdo.tn\/fr\/actualite\/national\/macron-felicite-la-tunisie-saied-reaffirme-ses-positions-sur-gaza-et-la-migration\/220732\/#breadcrumb","itemListElement":[{"@type":"ListItem","position":1,"name":"Accueil","item":"https:\/\/www.webdo.tn\/fr\/"},{"@type":"ListItem","position":2,"name":"Macron f\u00e9licite la Tunisie, Sa\u00efed r\u00e9affirme ses positions sur Gaza et la migration"}]},{"@type":"WebSite","@id":"https:\/\/www.webdo.tn\/fr\/#website","url":"https:\/\/www.webdo.tn\/fr\/","name":"webdo","description":"Tunisie - News en Tunisie et \u00e0 l&#039;international sur Webdo.tn","publisher":{"@id":"https:\/\/www.webdo.tn\/fr\/#organization"},"potentialAction":[{"@type":"SearchAction","target":{"@type":"EntryPoint","urlTemplate":"https:\/\/www.webdo.tn\/fr\/?s={search_term_string}"},"query-input":{"@type":"PropertyValueSpecification","valueRequired":true,"valueName":"search_term_string"}}],"inLanguage":"fr-FR"},{"@type":"Organization","@id":"https:\/\/www.webdo.tn\/fr\/#organization","name":"Webdo","alternateName":"Webdo.tn","url":"https:\/\/www.webdo.tn\/fr\/","logo":{"@type":"ImageObject","inLanguage":"fr-FR","@id":"https:\/\/www.webdo.tn\/fr\/#\/schema\/logo\/image\/","url":"https:\/\/www.webdo.tn\/fr\/wp-content\/uploads\/2025\/06\/Webdo-Tunisie_168377.jpg","contentUrl":"https:\/\/www.webdo.tn\/fr\/wp-content\/uploads\/2025\/06\/Webdo-Tunisie_168377.jpg","width":301,"height":301,"caption":"Webdo"},"image":{"@id":"https:\/\/www.webdo.tn\/fr\/#\/schema\/logo\/image\/"},"sameAs":["https:\/\/www.facebook.com\/webdotn","https:\/\/x.com\/webdo_tn"],"description":"Webdo est un m\u00e9dia num\u00e9rique tunisien fond\u00e9 en 2010, sp\u00e9cialis\u00e9 dans l\u2019actualit\u00e9 nationale et internationale, l\u2019\u00e9conomie, la soci\u00e9t\u00e9 et les analyses politiques. Le site s\u2019adresse \u00e0 un large public francophone et couvre l\u2019information tunisienne en temps r\u00e9el.","email":"redac@webdo.tn","legalName":"YNJ SARL","foundingDate":"2010-09-06","numberOfEmployees":{"@type":"QuantitativeValue","minValue":"11","maxValue":"50"}},{"@type":"Person","@id":"https:\/\/www.webdo.tn\/fr\/#\/schema\/person\/19664196c9bfdcda126f3c27709f7d11","name":"Firas Ben Abdeltif","image":{"@type":"ImageObject","inLanguage":"fr-FR","@id":"https:\/\/secure.gravatar.com\/avatar\/161a347d40df098a084778c52ed133dbd85f14df003867067c5948081241ec55?s=96&d=mm&r=g","url":"https:\/\/secure.gravatar.com\/avatar\/161a347d40df098a084778c52ed133dbd85f14df003867067c5948081241ec55?s=96&d=mm&r=g","contentUrl":"https:\/\/secure.gravatar.com\/avatar\/161a347d40df098a084778c52ed133dbd85f14df003867067c5948081241ec55?s=96&d=mm&r=g","caption":"Firas Ben Abdeltif"},"url":"https:\/\/www.webdo.tn\/fr\/actualite\/author\/firas-ben-abdeltif\/"}]}},"_links":{"self":[{"href":"https:\/\/www.webdo.tn\/fr\/wp-json\/wp\/v2\/posts\/220732","targetHints":{"allow":["GET"]}}],"collection":[{"href":"https:\/\/www.webdo.tn\/fr\/wp-json\/wp\/v2\/posts"}],"about":[{"href":"https:\/\/www.webdo.tn\/fr\/wp-json\/wp\/v2\/types\/post"}],"author":[{"embeddable":true,"href":"https:\/\/www.webdo.tn\/fr\/wp-json\/wp\/v2\/users\/4779"}],"replies":[{"embeddable":true,"href":"https:\/\/www.webdo.tn\/fr\/wp-json\/wp\/v2\/comments?post=220732"}],"version-history":[{"count":0,"href":"https:\/\/www.webdo.tn\/fr\/wp-json\/wp\/v2\/posts\/220732\/revisions"}],"wp:featuredmedia":[{"embeddable":true,"href":"https:\/\/www.webdo.tn\/fr\/wp-json\/wp\/v2\/media\/241550"}],"wp:attachment":[{"href":"https:\/\/www.webdo.tn\/fr\/wp-json\/wp\/v2\/media?parent=220732"}],"wp:term":[{"taxonomy":"category","embeddable":true,"href":"https:\/\/www.webdo.tn\/fr\/wp-json\/wp\/v2\/categories?post=220732"},{"taxonomy":"post_tag","embeddable":true,"href":"https:\/\/www.webdo.tn\/fr\/wp-json\/wp\/v2\/tags?post=220732"}],"curies":[{"name":"wp","href":"https:\/\/api.w.org\/{rel}","templated":true}]}}