{"id":220731,"date":"2025-03-22T07:21:00","date_gmt":"2025-03-22T07:21:00","guid":{"rendered":"https:\/\/www.webdo.tn\/fr\/blog\/tunisie-saied-insiste-sur-le-respect-de-la-loi-par-les-banques-et-sur-la-reforme-de-la-bct\/220731\/"},"modified":"2025-03-22T07:21:00","modified_gmt":"2025-03-22T07:21:00","slug":"tunisie-saied-insiste-sur-le-respect-de-la-loi-par-les-banques-et-sur-la-reforme-de-la-bct","status":"publish","type":"post","link":"https:\/\/www.webdo.tn\/fr\/actualite\/national\/tunisie-saied-insiste-sur-le-respect-de-la-loi-par-les-banques-et-sur-la-reforme-de-la-bct\/220731\/","title":{"rendered":"Tunisie : Sa\u00efed insiste sur le respect de la loi par les banques et sur la r\u00e9forme de la BCT"},"content":{"rendered":"<p>Le pr\u00e9sident Ka\u00efs Sa\u00efed a appel\u00e9, vendredi, \u00e0 un contr\u00f4le strict des banques et \u00e0 une r\u00e9forme du cadre l\u00e9gislatif de la Banque centrale de Tunisie (BCT), estimant que certaines pratiques du secteur financier allaient \u00e0 l\u2019encontre des int\u00e9r\u00eats \u00e9conomiques du pays.<\/p>\n<p>\t\t\t\t\t\t\t\t\tLors d\u2019une r\u00e9union au palais de Carthage avec le gouverneur de la BCT, Fethi Zouhair Nouri, il a d\u00e9nonc\u00e9 des irr\u00e9gularit\u00e9s dans la gestion bancaire, notamment l\u2019augmentation du montant du principal de la dette malgr\u00e9 la baisse des taux d\u2019int\u00e9r\u00eat, selon un communiqu\u00e9 de la pr\u00e9sidence publi\u00e9 dans la soir\u00e9e du vendredi 21 mars.<\/p>\n<p>Le pr\u00e9sident a \u00e9galement mis l\u2019accent sur la n\u00e9cessit\u00e9 de revoir la l\u00e9gislation encadrant la BCT afin de renforcer son r\u00f4le face aux d\u00e9fis financiers et de mieux soutenir l\u2019\u00e9conomie nationale.<\/p>\n<p>La rencontre a aussi \u00e9t\u00e9 l\u2019occasion d\u2019\u00e9voquer plusieurs indicateurs \u00e9conomiques, notamment le taux d\u2019inflation, qui s\u2019\u00e9tablit actuellement \u00e0 5,7 %. La pr\u00e9sidence a soulign\u00e9 que cette stabilit\u00e9 relative r\u00e9sultait de choix \u00e9conomiques souverains.<\/p>\n<p>Par ailleurs, Sa\u00efed a exhort\u00e9 la Commission tunisienne des analyses financi\u00e8res (Ctaf) \u00e0 intensifier ses efforts pour lutter contre les financements illicites. Il a estim\u00e9 que les mesures prises jusqu\u2019\u00e0 pr\u00e9sent restaient insuffisantes et qu\u2019un contr\u00f4le plus rigoureux \u00e9tait n\u00e9cessaire pour encadrer les flux financiers d\u2019origine douteuse.<\/p>\n<p>Ces d\u00e9clarations s\u2019inscrivent dans une s\u00e9rie de mises en garde du pr\u00e9sident contre certaines pratiques du secteur bancaire et financier, dans un contexte o\u00f9 il multiplie les appels \u00e0 une plus grande souverainet\u00e9 \u00e9conomique et \u00e0 un renforcement de la lutte contre la corruption.<\/p>\n","protected":false},"excerpt":{"rendered":"<p>Tunisie : Ka\u00efs Sa\u00efed appelle \u00e0 un contr\u00f4le strict des banques et \u00e0 une r\u00e9forme de la Banque centrale pour renforcer la souverainet\u00e9 \u00e9conomique et lutter contre&#8230;<\/p>\n","protected":false},"author":4779,"featured_media":292108,"comment_status":"open","ping_status":"closed","sticky":false,"template":"","format":"standard","meta":{"footnotes":""},"categories":[44],"tags":[11104,2807,2614,2608],"class_list":["post-220731","post","type-post","status-publish","format-standard","has-post-thumbnail","hentry","category-national","tag-reforme-bancaire","tag-bct","tag-kais-saied","tag-tunisie"],"yoast_head":"<!-- This site is optimized with the Yoast SEO Premium plugin v27.5 (Yoast SEO v27.5) - https:\/\/yoast.com\/product\/yoast-seo-premium-wordpress\/ -->\n<title>Tunisie : Sa\u00efed insiste sur le respect de la loi par les banques et sur la r\u00e9forme de la BCT<\/title>\n<meta name=\"description\" content=\"Tunisie : Ka\u00efs Sa\u00efed appelle \u00e0 un contr\u00f4le strict des banques et \u00e0 une r\u00e9forme de la Banque centrale pour renforcer la souverainet\u00e9 \u00e9conomique et lutter contre...\" \/>\n<link rel=\"canonical\" href=\"https:\/\/www.webdo.tn\/fr\/actualite\/national\/tunisie-saied-insiste-sur-le-respect-de-la-loi-par-les-banques-et-sur-la-reforme-de-la-bct\/220731\/\" \/>\n<meta property=\"og:locale\" content=\"fr_FR\" \/>\n<meta property=\"og:type\" content=\"article\" \/>\n<meta property=\"og:title\" content=\"Tunisie : Sa\u00efed insiste sur le respect de la loi par les banques et sur la r\u00e9forme de la BCT\" \/>\n<meta property=\"og:description\" content=\"Tunisie : Ka\u00efs Sa\u00efed appelle \u00e0 un contr\u00f4le strict des banques et \u00e0 une r\u00e9forme de la Banque centrale pour renforcer la souverainet\u00e9 \u00e9conomique et lutter contre...\" \/>\n<meta property=\"og:url\" content=\"https:\/\/www.webdo.tn\/fr\/actualite\/national\/tunisie-saied-insiste-sur-le-respect-de-la-loi-par-les-banques-et-sur-la-reforme-de-la-bct\/220731\/\" \/>\n<meta property=\"og:site_name\" content=\"webdo\" \/>\n<meta property=\"article:publisher\" content=\"https:\/\/www.facebook.com\/webdotn\" \/>\n<meta property=\"article:published_time\" content=\"2025-03-22T07:21:00+00:00\" \/>\n<meta property=\"og:image\" content=\"https:\/\/www.webdo.tn\/fr\/wp-content\/uploads\/2025\/03\/2e5d36cd9c1728679995ca10a8052a6f.webp\" \/>\n\t<meta property=\"og:image:width\" content=\"750\" \/>\n\t<meta property=\"og:image:height\" content=\"400\" \/>\n\t<meta property=\"og:image:type\" content=\"image\/webp\" \/>\n<meta name=\"author\" content=\"Firas Ben Abdeltif\" \/>\n<meta name=\"twitter:card\" content=\"summary_large_image\" \/>\n<meta name=\"twitter:creator\" content=\"@webdo_tn\" \/>\n<meta name=\"twitter:site\" content=\"@webdo_tn\" \/>\n<meta name=\"twitter:label1\" content=\"\u00c9crit par\" \/>\n\t<meta name=\"twitter:data1\" content=\"Firas Ben Abdeltif\" \/>\n\t<meta name=\"twitter:label2\" content=\"Dur\u00e9e de lecture estim\u00e9e\" \/>\n\t<meta name=\"twitter:data2\" content=\"1 minute\" \/>\n<script type=\"application\/ld+json\" class=\"yoast-schema-graph\">{\"@context\":\"https:\\\/\\\/schema.org\",\"@graph\":[{\"@type\":\"NewsArticle\",\"@id\":\"https:\\\/\\\/www.webdo.tn\\\/fr\\\/actualite\\\/national\\\/tunisie-saied-insiste-sur-le-respect-de-la-loi-par-les-banques-et-sur-la-reforme-de-la-bct\\\/220731\\\/#article\",\"isPartOf\":{\"@id\":\"https:\\\/\\\/www.webdo.tn\\\/fr\\\/actualite\\\/national\\\/tunisie-saied-insiste-sur-le-respect-de-la-loi-par-les-banques-et-sur-la-reforme-de-la-bct\\\/220731\\\/\"},\"author\":{\"name\":\"Firas Ben Abdeltif\",\"@id\":\"https:\\\/\\\/www.webdo.tn\\\/fr\\\/#\\\/schema\\\/person\\\/19664196c9bfdcda126f3c27709f7d11\"},\"headline\":\"Tunisie : Sa\u00efed insiste sur le respect de la loi par les banques et sur la r\u00e9forme de la BCT\",\"datePublished\":\"2025-03-22T07:21:00+00:00\",\"mainEntityOfPage\":{\"@id\":\"https:\\\/\\\/www.webdo.tn\\\/fr\\\/actualite\\\/national\\\/tunisie-saied-insiste-sur-le-respect-de-la-loi-par-les-banques-et-sur-la-reforme-de-la-bct\\\/220731\\\/\"},\"wordCount\":306,\"commentCount\":0,\"publisher\":{\"@id\":\"https:\\\/\\\/www.webdo.tn\\\/fr\\\/#organization\"},\"image\":{\"@id\":\"https:\\\/\\\/www.webdo.tn\\\/fr\\\/actualite\\\/national\\\/tunisie-saied-insiste-sur-le-respect-de-la-loi-par-les-banques-et-sur-la-reforme-de-la-bct\\\/220731\\\/#primaryimage\"},\"thumbnailUrl\":\"https:\\\/\\\/www.webdo.tn\\\/fr\\\/wp-content\\\/uploads\\\/2025\\\/03\\\/2e5d36cd9c1728679995ca10a8052a6f.webp\",\"keywords\":[\"'R\u00e9forme bancaire']\",\"BCT\",\"Kais Saied\",\"Tunisie\"],\"articleSection\":[\"National\"],\"inLanguage\":\"fr-FR\"},{\"@type\":\"WebPage\",\"@id\":\"https:\\\/\\\/www.webdo.tn\\\/fr\\\/actualite\\\/national\\\/tunisie-saied-insiste-sur-le-respect-de-la-loi-par-les-banques-et-sur-la-reforme-de-la-bct\\\/220731\\\/\",\"url\":\"https:\\\/\\\/www.webdo.tn\\\/fr\\\/actualite\\\/national\\\/tunisie-saied-insiste-sur-le-respect-de-la-loi-par-les-banques-et-sur-la-reforme-de-la-bct\\\/220731\\\/\",\"name\":\"Tunisie : Sa\u00efed insiste sur le respect de la loi par les banques et sur la r\u00e9forme de la BCT\",\"isPartOf\":{\"@id\":\"https:\\\/\\\/www.webdo.tn\\\/fr\\\/#website\"},\"primaryImageOfPage\":{\"@id\":\"https:\\\/\\\/www.webdo.tn\\\/fr\\\/actualite\\\/national\\\/tunisie-saied-insiste-sur-le-respect-de-la-loi-par-les-banques-et-sur-la-reforme-de-la-bct\\\/220731\\\/#primaryimage\"},\"image\":{\"@id\":\"https:\\\/\\\/www.webdo.tn\\\/fr\\\/actualite\\\/national\\\/tunisie-saied-insiste-sur-le-respect-de-la-loi-par-les-banques-et-sur-la-reforme-de-la-bct\\\/220731\\\/#primaryimage\"},\"thumbnailUrl\":\"https:\\\/\\\/www.webdo.tn\\\/fr\\\/wp-content\\\/uploads\\\/2025\\\/03\\\/2e5d36cd9c1728679995ca10a8052a6f.webp\",\"datePublished\":\"2025-03-22T07:21:00+00:00\",\"description\":\"Tunisie : Ka\u00efs Sa\u00efed appelle \u00e0 un contr\u00f4le strict des banques et \u00e0 une r\u00e9forme de la Banque centrale pour renforcer la souverainet\u00e9 \u00e9conomique et lutter contre...\",\"breadcrumb\":{\"@id\":\"https:\\\/\\\/www.webdo.tn\\\/fr\\\/actualite\\\/national\\\/tunisie-saied-insiste-sur-le-respect-de-la-loi-par-les-banques-et-sur-la-reforme-de-la-bct\\\/220731\\\/#breadcrumb\"},\"inLanguage\":\"fr-FR\",\"potentialAction\":[{\"@type\":\"ReadAction\",\"target\":[\"https:\\\/\\\/www.webdo.tn\\\/fr\\\/actualite\\\/national\\\/tunisie-saied-insiste-sur-le-respect-de-la-loi-par-les-banques-et-sur-la-reforme-de-la-bct\\\/220731\\\/\"]}]},{\"@type\":\"ImageObject\",\"inLanguage\":\"fr-FR\",\"@id\":\"https:\\\/\\\/www.webdo.tn\\\/fr\\\/actualite\\\/national\\\/tunisie-saied-insiste-sur-le-respect-de-la-loi-par-les-banques-et-sur-la-reforme-de-la-bct\\\/220731\\\/#primaryimage\",\"url\":\"https:\\\/\\\/www.webdo.tn\\\/fr\\\/wp-content\\\/uploads\\\/2025\\\/03\\\/2e5d36cd9c1728679995ca10a8052a6f.webp\",\"contentUrl\":\"https:\\\/\\\/www.webdo.tn\\\/fr\\\/wp-content\\\/uploads\\\/2025\\\/03\\\/2e5d36cd9c1728679995ca10a8052a6f.webp\",\"width\":750,\"height\":400,\"caption\":\"Tunisie : Sa\u00efed insiste sur le respect de la loi par les banques et sur la r\u00e9forme de la BCT\"},{\"@type\":\"BreadcrumbList\",\"@id\":\"https:\\\/\\\/www.webdo.tn\\\/fr\\\/actualite\\\/national\\\/tunisie-saied-insiste-sur-le-respect-de-la-loi-par-les-banques-et-sur-la-reforme-de-la-bct\\\/220731\\\/#breadcrumb\",\"itemListElement\":[{\"@type\":\"ListItem\",\"position\":1,\"name\":\"Accueil\",\"item\":\"https:\\\/\\\/www.webdo.tn\\\/fr\\\/\"},{\"@type\":\"ListItem\",\"position\":2,\"name\":\"Tunisie : Sa\u00efed insiste sur le respect de la loi par les banques et sur la r\u00e9forme de la BCT\"}]},{\"@type\":\"WebSite\",\"@id\":\"https:\\\/\\\/www.webdo.tn\\\/fr\\\/#website\",\"url\":\"https:\\\/\\\/www.webdo.tn\\\/fr\\\/\",\"name\":\"webdo\",\"description\":\"Tunisie - News en Tunisie et \u00e0 l&#039;international sur Webdo.tn\",\"publisher\":{\"@id\":\"https:\\\/\\\/www.webdo.tn\\\/fr\\\/#organization\"},\"potentialAction\":[{\"@type\":\"SearchAction\",\"target\":{\"@type\":\"EntryPoint\",\"urlTemplate\":\"https:\\\/\\\/www.webdo.tn\\\/fr\\\/?s={search_term_string}\"},\"query-input\":{\"@type\":\"PropertyValueSpecification\",\"valueRequired\":true,\"valueName\":\"search_term_string\"}}],\"inLanguage\":\"fr-FR\"},{\"@type\":\"Organization\",\"@id\":\"https:\\\/\\\/www.webdo.tn\\\/fr\\\/#organization\",\"name\":\"Webdo\",\"alternateName\":\"Webdo.tn\",\"url\":\"https:\\\/\\\/www.webdo.tn\\\/fr\\\/\",\"logo\":{\"@type\":\"ImageObject\",\"inLanguage\":\"fr-FR\",\"@id\":\"https:\\\/\\\/www.webdo.tn\\\/fr\\\/#\\\/schema\\\/logo\\\/image\\\/\",\"url\":\"https:\\\/\\\/www.webdo.tn\\\/fr\\\/wp-content\\\/uploads\\\/2025\\\/06\\\/Webdo-Tunisie_168377.jpg\",\"contentUrl\":\"https:\\\/\\\/www.webdo.tn\\\/fr\\\/wp-content\\\/uploads\\\/2025\\\/06\\\/Webdo-Tunisie_168377.jpg\",\"width\":301,\"height\":301,\"caption\":\"Webdo\"},\"image\":{\"@id\":\"https:\\\/\\\/www.webdo.tn\\\/fr\\\/#\\\/schema\\\/logo\\\/image\\\/\"},\"sameAs\":[\"https:\\\/\\\/www.facebook.com\\\/webdotn\",\"https:\\\/\\\/x.com\\\/webdo_tn\"],\"description\":\"Webdo est un m\u00e9dia num\u00e9rique tunisien fond\u00e9 en 2010, sp\u00e9cialis\u00e9 dans l\u2019actualit\u00e9 nationale et internationale, l\u2019\u00e9conomie, la soci\u00e9t\u00e9 et les analyses politiques. Le site s\u2019adresse \u00e0 un large public francophone et couvre l\u2019information tunisienne en temps r\u00e9el.\",\"email\":\"redac@webdo.tn\",\"legalName\":\"YNJ SARL\",\"foundingDate\":\"2010-09-06\",\"numberOfEmployees\":{\"@type\":\"QuantitativeValue\",\"minValue\":\"11\",\"maxValue\":\"50\"}},{\"@type\":\"Person\",\"@id\":\"https:\\\/\\\/www.webdo.tn\\\/fr\\\/#\\\/schema\\\/person\\\/19664196c9bfdcda126f3c27709f7d11\",\"name\":\"Firas Ben Abdeltif\",\"image\":{\"@type\":\"ImageObject\",\"inLanguage\":\"fr-FR\",\"@id\":\"https:\\\/\\\/secure.gravatar.com\\\/avatar\\\/161a347d40df098a084778c52ed133dbd85f14df003867067c5948081241ec55?s=96&d=mm&r=g\",\"url\":\"https:\\\/\\\/secure.gravatar.com\\\/avatar\\\/161a347d40df098a084778c52ed133dbd85f14df003867067c5948081241ec55?s=96&d=mm&r=g\",\"contentUrl\":\"https:\\\/\\\/secure.gravatar.com\\\/avatar\\\/161a347d40df098a084778c52ed133dbd85f14df003867067c5948081241ec55?s=96&d=mm&r=g\",\"caption\":\"Firas Ben Abdeltif\"},\"url\":\"https:\\\/\\\/www.webdo.tn\\\/fr\\\/actualite\\\/author\\\/firas-ben-abdeltif\\\/\"}]}<\/script>\n<!-- \/ Yoast SEO Premium plugin. -->","yoast_head_json":{"title":"Tunisie : Sa\u00efed insiste sur le respect de la loi par les banques et sur la r\u00e9forme de la BCT","description":"Tunisie : Ka\u00efs Sa\u00efed appelle \u00e0 un contr\u00f4le strict des banques et \u00e0 une r\u00e9forme de la Banque centrale pour renforcer la souverainet\u00e9 \u00e9conomique et lutter contre...","canonical":"https:\/\/www.webdo.tn\/fr\/actualite\/national\/tunisie-saied-insiste-sur-le-respect-de-la-loi-par-les-banques-et-sur-la-reforme-de-la-bct\/220731\/","og_locale":"fr_FR","og_type":"article","og_title":"Tunisie : Sa\u00efed insiste sur le respect de la loi par les banques et sur la r\u00e9forme de la BCT","og_description":"Tunisie : Ka\u00efs Sa\u00efed appelle \u00e0 un contr\u00f4le strict des banques et \u00e0 une r\u00e9forme de la Banque centrale pour renforcer la souverainet\u00e9 \u00e9conomique et lutter contre...","og_url":"https:\/\/www.webdo.tn\/fr\/actualite\/national\/tunisie-saied-insiste-sur-le-respect-de-la-loi-par-les-banques-et-sur-la-reforme-de-la-bct\/220731\/","og_site_name":"webdo","article_publisher":"https:\/\/www.facebook.com\/webdotn","article_published_time":"2025-03-22T07:21:00+00:00","og_image":[{"width":750,"height":400,"url":"https:\/\/www.webdo.tn\/fr\/wp-content\/uploads\/2025\/03\/2e5d36cd9c1728679995ca10a8052a6f.webp","type":"image\/webp"}],"author":"Firas Ben Abdeltif","twitter_card":"summary_large_image","twitter_creator":"@webdo_tn","twitter_site":"@webdo_tn","twitter_misc":{"\u00c9crit par":"Firas Ben Abdeltif","Dur\u00e9e de lecture estim\u00e9e":"1 minute"},"schema":{"@context":"https:\/\/schema.org","@graph":[{"@type":"NewsArticle","@id":"https:\/\/www.webdo.tn\/fr\/actualite\/national\/tunisie-saied-insiste-sur-le-respect-de-la-loi-par-les-banques-et-sur-la-reforme-de-la-bct\/220731\/#article","isPartOf":{"@id":"https:\/\/www.webdo.tn\/fr\/actualite\/national\/tunisie-saied-insiste-sur-le-respect-de-la-loi-par-les-banques-et-sur-la-reforme-de-la-bct\/220731\/"},"author":{"name":"Firas Ben Abdeltif","@id":"https:\/\/www.webdo.tn\/fr\/#\/schema\/person\/19664196c9bfdcda126f3c27709f7d11"},"headline":"Tunisie : Sa\u00efed insiste sur le respect de la loi par les banques et sur la r\u00e9forme de la BCT","datePublished":"2025-03-22T07:21:00+00:00","mainEntityOfPage":{"@id":"https:\/\/www.webdo.tn\/fr\/actualite\/national\/tunisie-saied-insiste-sur-le-respect-de-la-loi-par-les-banques-et-sur-la-reforme-de-la-bct\/220731\/"},"wordCount":306,"commentCount":0,"publisher":{"@id":"https:\/\/www.webdo.tn\/fr\/#organization"},"image":{"@id":"https:\/\/www.webdo.tn\/fr\/actualite\/national\/tunisie-saied-insiste-sur-le-respect-de-la-loi-par-les-banques-et-sur-la-reforme-de-la-bct\/220731\/#primaryimage"},"thumbnailUrl":"https:\/\/www.webdo.tn\/fr\/wp-content\/uploads\/2025\/03\/2e5d36cd9c1728679995ca10a8052a6f.webp","keywords":["'R\u00e9forme bancaire']","BCT","Kais Saied","Tunisie"],"articleSection":["National"],"inLanguage":"fr-FR"},{"@type":"WebPage","@id":"https:\/\/www.webdo.tn\/fr\/actualite\/national\/tunisie-saied-insiste-sur-le-respect-de-la-loi-par-les-banques-et-sur-la-reforme-de-la-bct\/220731\/","url":"https:\/\/www.webdo.tn\/fr\/actualite\/national\/tunisie-saied-insiste-sur-le-respect-de-la-loi-par-les-banques-et-sur-la-reforme-de-la-bct\/220731\/","name":"Tunisie : Sa\u00efed insiste sur le respect de la loi par les banques et sur la r\u00e9forme de la BCT","isPartOf":{"@id":"https:\/\/www.webdo.tn\/fr\/#website"},"primaryImageOfPage":{"@id":"https:\/\/www.webdo.tn\/fr\/actualite\/national\/tunisie-saied-insiste-sur-le-respect-de-la-loi-par-les-banques-et-sur-la-reforme-de-la-bct\/220731\/#primaryimage"},"image":{"@id":"https:\/\/www.webdo.tn\/fr\/actualite\/national\/tunisie-saied-insiste-sur-le-respect-de-la-loi-par-les-banques-et-sur-la-reforme-de-la-bct\/220731\/#primaryimage"},"thumbnailUrl":"https:\/\/www.webdo.tn\/fr\/wp-content\/uploads\/2025\/03\/2e5d36cd9c1728679995ca10a8052a6f.webp","datePublished":"2025-03-22T07:21:00+00:00","description":"Tunisie : Ka\u00efs Sa\u00efed appelle \u00e0 un contr\u00f4le strict des banques et \u00e0 une r\u00e9forme de la Banque centrale pour renforcer la souverainet\u00e9 \u00e9conomique et lutter contre...","breadcrumb":{"@id":"https:\/\/www.webdo.tn\/fr\/actualite\/national\/tunisie-saied-insiste-sur-le-respect-de-la-loi-par-les-banques-et-sur-la-reforme-de-la-bct\/220731\/#breadcrumb"},"inLanguage":"fr-FR","potentialAction":[{"@type":"ReadAction","target":["https:\/\/www.webdo.tn\/fr\/actualite\/national\/tunisie-saied-insiste-sur-le-respect-de-la-loi-par-les-banques-et-sur-la-reforme-de-la-bct\/220731\/"]}]},{"@type":"ImageObject","inLanguage":"fr-FR","@id":"https:\/\/www.webdo.tn\/fr\/actualite\/national\/tunisie-saied-insiste-sur-le-respect-de-la-loi-par-les-banques-et-sur-la-reforme-de-la-bct\/220731\/#primaryimage","url":"https:\/\/www.webdo.tn\/fr\/wp-content\/uploads\/2025\/03\/2e5d36cd9c1728679995ca10a8052a6f.webp","contentUrl":"https:\/\/www.webdo.tn\/fr\/wp-content\/uploads\/2025\/03\/2e5d36cd9c1728679995ca10a8052a6f.webp","width":750,"height":400,"caption":"Tunisie : Sa\u00efed insiste sur le respect de la loi par les banques et sur la r\u00e9forme de la BCT"},{"@type":"BreadcrumbList","@id":"https:\/\/www.webdo.tn\/fr\/actualite\/national\/tunisie-saied-insiste-sur-le-respect-de-la-loi-par-les-banques-et-sur-la-reforme-de-la-bct\/220731\/#breadcrumb","itemListElement":[{"@type":"ListItem","position":1,"name":"Accueil","item":"https:\/\/www.webdo.tn\/fr\/"},{"@type":"ListItem","position":2,"name":"Tunisie : Sa\u00efed insiste sur le respect de la loi par les banques et sur la r\u00e9forme de la BCT"}]},{"@type":"WebSite","@id":"https:\/\/www.webdo.tn\/fr\/#website","url":"https:\/\/www.webdo.tn\/fr\/","name":"webdo","description":"Tunisie - News en Tunisie et \u00e0 l&#039;international sur Webdo.tn","publisher":{"@id":"https:\/\/www.webdo.tn\/fr\/#organization"},"potentialAction":[{"@type":"SearchAction","target":{"@type":"EntryPoint","urlTemplate":"https:\/\/www.webdo.tn\/fr\/?s={search_term_string}"},"query-input":{"@type":"PropertyValueSpecification","valueRequired":true,"valueName":"search_term_string"}}],"inLanguage":"fr-FR"},{"@type":"Organization","@id":"https:\/\/www.webdo.tn\/fr\/#organization","name":"Webdo","alternateName":"Webdo.tn","url":"https:\/\/www.webdo.tn\/fr\/","logo":{"@type":"ImageObject","inLanguage":"fr-FR","@id":"https:\/\/www.webdo.tn\/fr\/#\/schema\/logo\/image\/","url":"https:\/\/www.webdo.tn\/fr\/wp-content\/uploads\/2025\/06\/Webdo-Tunisie_168377.jpg","contentUrl":"https:\/\/www.webdo.tn\/fr\/wp-content\/uploads\/2025\/06\/Webdo-Tunisie_168377.jpg","width":301,"height":301,"caption":"Webdo"},"image":{"@id":"https:\/\/www.webdo.tn\/fr\/#\/schema\/logo\/image\/"},"sameAs":["https:\/\/www.facebook.com\/webdotn","https:\/\/x.com\/webdo_tn"],"description":"Webdo est un m\u00e9dia num\u00e9rique tunisien fond\u00e9 en 2010, sp\u00e9cialis\u00e9 dans l\u2019actualit\u00e9 nationale et internationale, l\u2019\u00e9conomie, la soci\u00e9t\u00e9 et les analyses politiques. Le site s\u2019adresse \u00e0 un large public francophone et couvre l\u2019information tunisienne en temps r\u00e9el.","email":"redac@webdo.tn","legalName":"YNJ SARL","foundingDate":"2010-09-06","numberOfEmployees":{"@type":"QuantitativeValue","minValue":"11","maxValue":"50"}},{"@type":"Person","@id":"https:\/\/www.webdo.tn\/fr\/#\/schema\/person\/19664196c9bfdcda126f3c27709f7d11","name":"Firas Ben Abdeltif","image":{"@type":"ImageObject","inLanguage":"fr-FR","@id":"https:\/\/secure.gravatar.com\/avatar\/161a347d40df098a084778c52ed133dbd85f14df003867067c5948081241ec55?s=96&d=mm&r=g","url":"https:\/\/secure.gravatar.com\/avatar\/161a347d40df098a084778c52ed133dbd85f14df003867067c5948081241ec55?s=96&d=mm&r=g","contentUrl":"https:\/\/secure.gravatar.com\/avatar\/161a347d40df098a084778c52ed133dbd85f14df003867067c5948081241ec55?s=96&d=mm&r=g","caption":"Firas Ben Abdeltif"},"url":"https:\/\/www.webdo.tn\/fr\/actualite\/author\/firas-ben-abdeltif\/"}]}},"_links":{"self":[{"href":"https:\/\/www.webdo.tn\/fr\/wp-json\/wp\/v2\/posts\/220731","targetHints":{"allow":["GET"]}}],"collection":[{"href":"https:\/\/www.webdo.tn\/fr\/wp-json\/wp\/v2\/posts"}],"about":[{"href":"https:\/\/www.webdo.tn\/fr\/wp-json\/wp\/v2\/types\/post"}],"author":[{"embeddable":true,"href":"https:\/\/www.webdo.tn\/fr\/wp-json\/wp\/v2\/users\/4779"}],"replies":[{"embeddable":true,"href":"https:\/\/www.webdo.tn\/fr\/wp-json\/wp\/v2\/comments?post=220731"}],"version-history":[{"count":0,"href":"https:\/\/www.webdo.tn\/fr\/wp-json\/wp\/v2\/posts\/220731\/revisions"}],"wp:featuredmedia":[{"embeddable":true,"href":"https:\/\/www.webdo.tn\/fr\/wp-json\/wp\/v2\/media\/292108"}],"wp:attachment":[{"href":"https:\/\/www.webdo.tn\/fr\/wp-json\/wp\/v2\/media?parent=220731"}],"wp:term":[{"taxonomy":"category","embeddable":true,"href":"https:\/\/www.webdo.tn\/fr\/wp-json\/wp\/v2\/categories?post=220731"},{"taxonomy":"post_tag","embeddable":true,"href":"https:\/\/www.webdo.tn\/fr\/wp-json\/wp\/v2\/tags?post=220731"}],"curies":[{"name":"wp","href":"https:\/\/api.w.org\/{rel}","templated":true}]}}