{"id":220676,"date":"2025-03-19T19:38:00","date_gmt":"2025-03-19T19:38:00","guid":{"rendered":"https:\/\/www.webdo.tn\/fr\/blog\/2025\/03\/19\/kais-saied-accorde-une-grace-presidentielle-a-1-573-detenus\/"},"modified":"2025-05-21T08:58:55","modified_gmt":"2025-05-21T08:58:55","slug":"kais-saied-accorde-une-grace-presidentielle-a-1-573-detenus","status":"publish","type":"post","link":"https:\/\/www.webdo.tn\/fr\/actualite\/national\/kais-saied-accorde-une-grace-presidentielle-a-1-573-detenus\/220676\/","title":{"rendered":"Ka\u00efs Sa\u00efed accorde une gr\u00e2ce pr\u00e9sidentielle \u00e0 1 573 d\u00e9tenus"},"content":{"rendered":"<p>Le pr\u00e9sident de la R\u00e9publique, Ka\u00efs Sa\u00efed, a accord\u00e9 ce mercredi 19 mars 2025 une gr\u00e2ce sp\u00e9ciale \u00e0 1 573 condamn\u00e9s, selon un communiqu\u00e9 de la pr\u00e9sidence.<\/p>\n<p>\t\t\t\t\t\t\t\t\tCette mesure, prise \u00e0 l\u2019occasion de la c\u00e9l\u00e9bration de l\u2019anniversaire de l\u2019Ind\u00e9pendance, permettra la lib\u00e9ration de 597 d\u00e9tenus, tandis que les autres b\u00e9n\u00e9ficieront d\u2019une r\u00e9duction de peine.<\/p>\n","protected":false},"excerpt":{"rendered":"<p>Gr\u00e2ce pr\u00e9sidentielle en  : Ka\u00efs Sa\u00efed accorde, le 19 mars 2025, une remise de peine \u00e0 1 573 d\u00e9tenus, dont 597 seront lib\u00e9r\u00e9s \u00e0 l&rsquo;occasion de la f\u00eate de l&rsquo;Ind\u00e9pe&#8230;<\/p>\n","protected":false},"author":3166,"featured_media":241608,"comment_status":"open","ping_status":"open","sticky":false,"template":"","format":"standard","meta":{"footnotes":""},"categories":[44],"tags":[3583,2614,2608],"class_list":["post-220676","post","type-post","status-publish","format-standard","has-post-thumbnail","hentry","category-national","tag-grace-presidentielle","tag-kais-saied","tag-tunisie"],"yoast_head":"<!-- This site is optimized with the Yoast SEO Premium plugin v27.5 (Yoast SEO v27.5) - https:\/\/yoast.com\/product\/yoast-seo-premium-wordpress\/ -->\n<title>Ka\u00efs Sa\u00efed accorde une gr\u00e2ce pr\u00e9sidentielle \u00e0 1 573 d\u00e9tenus<\/title>\n<meta name=\"description\" content=\"Gr\u00e2ce pr\u00e9sidentielle en : Ka\u00efs Sa\u00efed accorde, le 19 mars 2025, une remise de peine \u00e0 1 573 d\u00e9tenus, dont 597 seront lib\u00e9r\u00e9s \u00e0 l&#039;occasion de la f\u00eate de l&#039;Ind\u00e9pe...\" \/>\n<link rel=\"canonical\" href=\"https:\/\/www.webdo.tn\/fr\/actualite\/national\/kais-saied-accorde-une-grace-presidentielle-a-1-573-detenus\/220676\/\" \/>\n<meta property=\"og:locale\" content=\"fr_FR\" \/>\n<meta property=\"og:type\" content=\"article\" \/>\n<meta property=\"og:title\" content=\"Ka\u00efs Sa\u00efed accorde une gr\u00e2ce pr\u00e9sidentielle \u00e0 1 573 d\u00e9tenus\" \/>\n<meta property=\"og:description\" content=\"Gr\u00e2ce pr\u00e9sidentielle en : Ka\u00efs Sa\u00efed accorde, le 19 mars 2025, une remise de peine \u00e0 1 573 d\u00e9tenus, dont 597 seront lib\u00e9r\u00e9s \u00e0 l&#039;occasion de la f\u00eate de l&#039;Ind\u00e9pe...\" \/>\n<meta property=\"og:url\" content=\"https:\/\/www.webdo.tn\/fr\/actualite\/national\/kais-saied-accorde-une-grace-presidentielle-a-1-573-detenus\/220676\/\" \/>\n<meta property=\"og:site_name\" content=\"webdo\" \/>\n<meta property=\"article:publisher\" content=\"https:\/\/www.facebook.com\/webdotn\" \/>\n<meta property=\"article:published_time\" content=\"2025-03-19T19:38:00+00:00\" \/>\n<meta property=\"article:modified_time\" content=\"2025-05-21T08:58:55+00:00\" \/>\n<meta property=\"og:image\" content=\"https:\/\/www.webdo.tn\/fr\/wp-content\/uploads\/2025\/05\/22fbd9e73d88658f0cbf35cf8a306f4c-3.webp\" \/>\n\t<meta property=\"og:image:width\" content=\"700\" \/>\n\t<meta property=\"og:image:height\" content=\"373\" \/>\n\t<meta property=\"og:image:type\" content=\"image\/webp\" \/>\n<meta name=\"author\" content=\"AZ\" \/>\n<meta name=\"twitter:card\" content=\"summary_large_image\" \/>\n<meta name=\"twitter:creator\" content=\"@webdo_tn\" \/>\n<meta name=\"twitter:site\" content=\"@webdo_tn\" \/>\n<meta name=\"twitter:label1\" content=\"\u00c9crit par\" \/>\n\t<meta name=\"twitter:data1\" content=\"AZ\" \/>\n<script type=\"application\/ld+json\" class=\"yoast-schema-graph\">{\"@context\":\"https:\\\/\\\/schema.org\",\"@graph\":[{\"@type\":\"NewsArticle\",\"@id\":\"https:\\\/\\\/www.webdo.tn\\\/fr\\\/actualite\\\/national\\\/kais-saied-accorde-une-grace-presidentielle-a-1-573-detenus\\\/220676\\\/#article\",\"isPartOf\":{\"@id\":\"https:\\\/\\\/www.webdo.tn\\\/fr\\\/actualite\\\/national\\\/kais-saied-accorde-une-grace-presidentielle-a-1-573-detenus\\\/220676\\\/\"},\"author\":{\"name\":\"AZ\",\"@id\":\"https:\\\/\\\/www.webdo.tn\\\/fr\\\/#\\\/schema\\\/person\\\/b8a41c04d93287d375510db360906b34\"},\"headline\":\"Ka\u00efs Sa\u00efed accorde une gr\u00e2ce pr\u00e9sidentielle \u00e0 1 573 d\u00e9tenus\",\"datePublished\":\"2025-03-19T19:38:00+00:00\",\"dateModified\":\"2025-05-21T08:58:55+00:00\",\"mainEntityOfPage\":{\"@id\":\"https:\\\/\\\/www.webdo.tn\\\/fr\\\/actualite\\\/national\\\/kais-saied-accorde-une-grace-presidentielle-a-1-573-detenus\\\/220676\\\/\"},\"wordCount\":79,\"commentCount\":0,\"publisher\":{\"@id\":\"https:\\\/\\\/www.webdo.tn\\\/fr\\\/#organization\"},\"image\":{\"@id\":\"https:\\\/\\\/www.webdo.tn\\\/fr\\\/actualite\\\/national\\\/kais-saied-accorde-une-grace-presidentielle-a-1-573-detenus\\\/220676\\\/#primaryimage\"},\"thumbnailUrl\":\"https:\\\/\\\/www.webdo.tn\\\/fr\\\/wp-content\\\/uploads\\\/2025\\\/05\\\/22fbd9e73d88658f0cbf35cf8a306f4c-3.webp\",\"keywords\":[\"gr\u00e2ce pr\u00e9sidentielle\",\"Kais Saied\",\"Tunisie\"],\"articleSection\":[\"National\"],\"inLanguage\":\"fr-FR\"},{\"@type\":\"WebPage\",\"@id\":\"https:\\\/\\\/www.webdo.tn\\\/fr\\\/actualite\\\/national\\\/kais-saied-accorde-une-grace-presidentielle-a-1-573-detenus\\\/220676\\\/\",\"url\":\"https:\\\/\\\/www.webdo.tn\\\/fr\\\/actualite\\\/national\\\/kais-saied-accorde-une-grace-presidentielle-a-1-573-detenus\\\/220676\\\/\",\"name\":\"Ka\u00efs Sa\u00efed accorde une gr\u00e2ce pr\u00e9sidentielle \u00e0 1 573 d\u00e9tenus\",\"isPartOf\":{\"@id\":\"https:\\\/\\\/www.webdo.tn\\\/fr\\\/#website\"},\"primaryImageOfPage\":{\"@id\":\"https:\\\/\\\/www.webdo.tn\\\/fr\\\/actualite\\\/national\\\/kais-saied-accorde-une-grace-presidentielle-a-1-573-detenus\\\/220676\\\/#primaryimage\"},\"image\":{\"@id\":\"https:\\\/\\\/www.webdo.tn\\\/fr\\\/actualite\\\/national\\\/kais-saied-accorde-une-grace-presidentielle-a-1-573-detenus\\\/220676\\\/#primaryimage\"},\"thumbnailUrl\":\"https:\\\/\\\/www.webdo.tn\\\/fr\\\/wp-content\\\/uploads\\\/2025\\\/05\\\/22fbd9e73d88658f0cbf35cf8a306f4c-3.webp\",\"datePublished\":\"2025-03-19T19:38:00+00:00\",\"dateModified\":\"2025-05-21T08:58:55+00:00\",\"description\":\"Gr\u00e2ce pr\u00e9sidentielle en : Ka\u00efs Sa\u00efed accorde, le 19 mars 2025, une remise de peine \u00e0 1 573 d\u00e9tenus, dont 597 seront lib\u00e9r\u00e9s \u00e0 l'occasion de la f\u00eate de l'Ind\u00e9pe...\",\"breadcrumb\":{\"@id\":\"https:\\\/\\\/www.webdo.tn\\\/fr\\\/actualite\\\/national\\\/kais-saied-accorde-une-grace-presidentielle-a-1-573-detenus\\\/220676\\\/#breadcrumb\"},\"inLanguage\":\"fr-FR\",\"potentialAction\":[{\"@type\":\"ReadAction\",\"target\":[\"https:\\\/\\\/www.webdo.tn\\\/fr\\\/actualite\\\/national\\\/kais-saied-accorde-une-grace-presidentielle-a-1-573-detenus\\\/220676\\\/\"]}]},{\"@type\":\"ImageObject\",\"inLanguage\":\"fr-FR\",\"@id\":\"https:\\\/\\\/www.webdo.tn\\\/fr\\\/actualite\\\/national\\\/kais-saied-accorde-une-grace-presidentielle-a-1-573-detenus\\\/220676\\\/#primaryimage\",\"url\":\"https:\\\/\\\/www.webdo.tn\\\/fr\\\/wp-content\\\/uploads\\\/2025\\\/05\\\/22fbd9e73d88658f0cbf35cf8a306f4c-3.webp\",\"contentUrl\":\"https:\\\/\\\/www.webdo.tn\\\/fr\\\/wp-content\\\/uploads\\\/2025\\\/05\\\/22fbd9e73d88658f0cbf35cf8a306f4c-3.webp\",\"width\":700,\"height\":373},{\"@type\":\"BreadcrumbList\",\"@id\":\"https:\\\/\\\/www.webdo.tn\\\/fr\\\/actualite\\\/national\\\/kais-saied-accorde-une-grace-presidentielle-a-1-573-detenus\\\/220676\\\/#breadcrumb\",\"itemListElement\":[{\"@type\":\"ListItem\",\"position\":1,\"name\":\"Accueil\",\"item\":\"https:\\\/\\\/www.webdo.tn\\\/fr\\\/\"},{\"@type\":\"ListItem\",\"position\":2,\"name\":\"Ka\u00efs Sa\u00efed accorde une gr\u00e2ce pr\u00e9sidentielle \u00e0 1 573 d\u00e9tenus\"}]},{\"@type\":\"WebSite\",\"@id\":\"https:\\\/\\\/www.webdo.tn\\\/fr\\\/#website\",\"url\":\"https:\\\/\\\/www.webdo.tn\\\/fr\\\/\",\"name\":\"webdo\",\"description\":\"Tunisie - News en Tunisie et \u00e0 l&#039;international sur Webdo.tn\",\"publisher\":{\"@id\":\"https:\\\/\\\/www.webdo.tn\\\/fr\\\/#organization\"},\"potentialAction\":[{\"@type\":\"SearchAction\",\"target\":{\"@type\":\"EntryPoint\",\"urlTemplate\":\"https:\\\/\\\/www.webdo.tn\\\/fr\\\/?s={search_term_string}\"},\"query-input\":{\"@type\":\"PropertyValueSpecification\",\"valueRequired\":true,\"valueName\":\"search_term_string\"}}],\"inLanguage\":\"fr-FR\"},{\"@type\":\"Organization\",\"@id\":\"https:\\\/\\\/www.webdo.tn\\\/fr\\\/#organization\",\"name\":\"Webdo\",\"alternateName\":\"Webdo.tn\",\"url\":\"https:\\\/\\\/www.webdo.tn\\\/fr\\\/\",\"logo\":{\"@type\":\"ImageObject\",\"inLanguage\":\"fr-FR\",\"@id\":\"https:\\\/\\\/www.webdo.tn\\\/fr\\\/#\\\/schema\\\/logo\\\/image\\\/\",\"url\":\"https:\\\/\\\/www.webdo.tn\\\/fr\\\/wp-content\\\/uploads\\\/2025\\\/06\\\/Webdo-Tunisie_168377.jpg\",\"contentUrl\":\"https:\\\/\\\/www.webdo.tn\\\/fr\\\/wp-content\\\/uploads\\\/2025\\\/06\\\/Webdo-Tunisie_168377.jpg\",\"width\":301,\"height\":301,\"caption\":\"Webdo\"},\"image\":{\"@id\":\"https:\\\/\\\/www.webdo.tn\\\/fr\\\/#\\\/schema\\\/logo\\\/image\\\/\"},\"sameAs\":[\"https:\\\/\\\/www.facebook.com\\\/webdotn\",\"https:\\\/\\\/x.com\\\/webdo_tn\"],\"description\":\"Webdo est un m\u00e9dia num\u00e9rique tunisien fond\u00e9 en 2010, sp\u00e9cialis\u00e9 dans l\u2019actualit\u00e9 nationale et internationale, l\u2019\u00e9conomie, la soci\u00e9t\u00e9 et les analyses politiques. Le site s\u2019adresse \u00e0 un large public francophone et couvre l\u2019information tunisienne en temps r\u00e9el.\",\"email\":\"redac@webdo.tn\",\"legalName\":\"YNJ SARL\",\"foundingDate\":\"2010-09-06\",\"numberOfEmployees\":{\"@type\":\"QuantitativeValue\",\"minValue\":\"11\",\"maxValue\":\"50\"}},{\"@type\":\"Person\",\"@id\":\"https:\\\/\\\/www.webdo.tn\\\/fr\\\/#\\\/schema\\\/person\\\/b8a41c04d93287d375510db360906b34\",\"name\":\"AZ\",\"image\":{\"@type\":\"ImageObject\",\"inLanguage\":\"fr-FR\",\"@id\":\"https:\\\/\\\/secure.gravatar.com\\\/avatar\\\/492b80bada79439de4201dce15cd41eece6c277cfdf1b53382073c79105c1f89?s=96&d=mm&r=g\",\"url\":\"https:\\\/\\\/secure.gravatar.com\\\/avatar\\\/492b80bada79439de4201dce15cd41eece6c277cfdf1b53382073c79105c1f89?s=96&d=mm&r=g\",\"contentUrl\":\"https:\\\/\\\/secure.gravatar.com\\\/avatar\\\/492b80bada79439de4201dce15cd41eece6c277cfdf1b53382073c79105c1f89?s=96&d=mm&r=g\",\"caption\":\"AZ\"},\"url\":\"https:\\\/\\\/www.webdo.tn\\\/fr\\\/actualite\\\/author\\\/az\\\/\"}]}<\/script>\n<!-- \/ Yoast SEO Premium plugin. -->","yoast_head_json":{"title":"Ka\u00efs Sa\u00efed accorde une gr\u00e2ce pr\u00e9sidentielle \u00e0 1 573 d\u00e9tenus","description":"Gr\u00e2ce pr\u00e9sidentielle en : Ka\u00efs Sa\u00efed accorde, le 19 mars 2025, une remise de peine \u00e0 1 573 d\u00e9tenus, dont 597 seront lib\u00e9r\u00e9s \u00e0 l'occasion de la f\u00eate de l'Ind\u00e9pe...","canonical":"https:\/\/www.webdo.tn\/fr\/actualite\/national\/kais-saied-accorde-une-grace-presidentielle-a-1-573-detenus\/220676\/","og_locale":"fr_FR","og_type":"article","og_title":"Ka\u00efs Sa\u00efed accorde une gr\u00e2ce pr\u00e9sidentielle \u00e0 1 573 d\u00e9tenus","og_description":"Gr\u00e2ce pr\u00e9sidentielle en : Ka\u00efs Sa\u00efed accorde, le 19 mars 2025, une remise de peine \u00e0 1 573 d\u00e9tenus, dont 597 seront lib\u00e9r\u00e9s \u00e0 l'occasion de la f\u00eate de l'Ind\u00e9pe...","og_url":"https:\/\/www.webdo.tn\/fr\/actualite\/national\/kais-saied-accorde-une-grace-presidentielle-a-1-573-detenus\/220676\/","og_site_name":"webdo","article_publisher":"https:\/\/www.facebook.com\/webdotn","article_published_time":"2025-03-19T19:38:00+00:00","article_modified_time":"2025-05-21T08:58:55+00:00","og_image":[{"width":700,"height":373,"url":"https:\/\/www.webdo.tn\/fr\/wp-content\/uploads\/2025\/05\/22fbd9e73d88658f0cbf35cf8a306f4c-3.webp","type":"image\/webp"}],"author":"AZ","twitter_card":"summary_large_image","twitter_creator":"@webdo_tn","twitter_site":"@webdo_tn","twitter_misc":{"\u00c9crit par":"AZ"},"schema":{"@context":"https:\/\/schema.org","@graph":[{"@type":"NewsArticle","@id":"https:\/\/www.webdo.tn\/fr\/actualite\/national\/kais-saied-accorde-une-grace-presidentielle-a-1-573-detenus\/220676\/#article","isPartOf":{"@id":"https:\/\/www.webdo.tn\/fr\/actualite\/national\/kais-saied-accorde-une-grace-presidentielle-a-1-573-detenus\/220676\/"},"author":{"name":"AZ","@id":"https:\/\/www.webdo.tn\/fr\/#\/schema\/person\/b8a41c04d93287d375510db360906b34"},"headline":"Ka\u00efs Sa\u00efed accorde une gr\u00e2ce pr\u00e9sidentielle \u00e0 1 573 d\u00e9tenus","datePublished":"2025-03-19T19:38:00+00:00","dateModified":"2025-05-21T08:58:55+00:00","mainEntityOfPage":{"@id":"https:\/\/www.webdo.tn\/fr\/actualite\/national\/kais-saied-accorde-une-grace-presidentielle-a-1-573-detenus\/220676\/"},"wordCount":79,"commentCount":0,"publisher":{"@id":"https:\/\/www.webdo.tn\/fr\/#organization"},"image":{"@id":"https:\/\/www.webdo.tn\/fr\/actualite\/national\/kais-saied-accorde-une-grace-presidentielle-a-1-573-detenus\/220676\/#primaryimage"},"thumbnailUrl":"https:\/\/www.webdo.tn\/fr\/wp-content\/uploads\/2025\/05\/22fbd9e73d88658f0cbf35cf8a306f4c-3.webp","keywords":["gr\u00e2ce pr\u00e9sidentielle","Kais Saied","Tunisie"],"articleSection":["National"],"inLanguage":"fr-FR"},{"@type":"WebPage","@id":"https:\/\/www.webdo.tn\/fr\/actualite\/national\/kais-saied-accorde-une-grace-presidentielle-a-1-573-detenus\/220676\/","url":"https:\/\/www.webdo.tn\/fr\/actualite\/national\/kais-saied-accorde-une-grace-presidentielle-a-1-573-detenus\/220676\/","name":"Ka\u00efs Sa\u00efed accorde une gr\u00e2ce pr\u00e9sidentielle \u00e0 1 573 d\u00e9tenus","isPartOf":{"@id":"https:\/\/www.webdo.tn\/fr\/#website"},"primaryImageOfPage":{"@id":"https:\/\/www.webdo.tn\/fr\/actualite\/national\/kais-saied-accorde-une-grace-presidentielle-a-1-573-detenus\/220676\/#primaryimage"},"image":{"@id":"https:\/\/www.webdo.tn\/fr\/actualite\/national\/kais-saied-accorde-une-grace-presidentielle-a-1-573-detenus\/220676\/#primaryimage"},"thumbnailUrl":"https:\/\/www.webdo.tn\/fr\/wp-content\/uploads\/2025\/05\/22fbd9e73d88658f0cbf35cf8a306f4c-3.webp","datePublished":"2025-03-19T19:38:00+00:00","dateModified":"2025-05-21T08:58:55+00:00","description":"Gr\u00e2ce pr\u00e9sidentielle en : Ka\u00efs Sa\u00efed accorde, le 19 mars 2025, une remise de peine \u00e0 1 573 d\u00e9tenus, dont 597 seront lib\u00e9r\u00e9s \u00e0 l'occasion de la f\u00eate de l'Ind\u00e9pe...","breadcrumb":{"@id":"https:\/\/www.webdo.tn\/fr\/actualite\/national\/kais-saied-accorde-une-grace-presidentielle-a-1-573-detenus\/220676\/#breadcrumb"},"inLanguage":"fr-FR","potentialAction":[{"@type":"ReadAction","target":["https:\/\/www.webdo.tn\/fr\/actualite\/national\/kais-saied-accorde-une-grace-presidentielle-a-1-573-detenus\/220676\/"]}]},{"@type":"ImageObject","inLanguage":"fr-FR","@id":"https:\/\/www.webdo.tn\/fr\/actualite\/national\/kais-saied-accorde-une-grace-presidentielle-a-1-573-detenus\/220676\/#primaryimage","url":"https:\/\/www.webdo.tn\/fr\/wp-content\/uploads\/2025\/05\/22fbd9e73d88658f0cbf35cf8a306f4c-3.webp","contentUrl":"https:\/\/www.webdo.tn\/fr\/wp-content\/uploads\/2025\/05\/22fbd9e73d88658f0cbf35cf8a306f4c-3.webp","width":700,"height":373},{"@type":"BreadcrumbList","@id":"https:\/\/www.webdo.tn\/fr\/actualite\/national\/kais-saied-accorde-une-grace-presidentielle-a-1-573-detenus\/220676\/#breadcrumb","itemListElement":[{"@type":"ListItem","position":1,"name":"Accueil","item":"https:\/\/www.webdo.tn\/fr\/"},{"@type":"ListItem","position":2,"name":"Ka\u00efs Sa\u00efed accorde une gr\u00e2ce pr\u00e9sidentielle \u00e0 1 573 d\u00e9tenus"}]},{"@type":"WebSite","@id":"https:\/\/www.webdo.tn\/fr\/#website","url":"https:\/\/www.webdo.tn\/fr\/","name":"webdo","description":"Tunisie - News en Tunisie et \u00e0 l&#039;international sur Webdo.tn","publisher":{"@id":"https:\/\/www.webdo.tn\/fr\/#organization"},"potentialAction":[{"@type":"SearchAction","target":{"@type":"EntryPoint","urlTemplate":"https:\/\/www.webdo.tn\/fr\/?s={search_term_string}"},"query-input":{"@type":"PropertyValueSpecification","valueRequired":true,"valueName":"search_term_string"}}],"inLanguage":"fr-FR"},{"@type":"Organization","@id":"https:\/\/www.webdo.tn\/fr\/#organization","name":"Webdo","alternateName":"Webdo.tn","url":"https:\/\/www.webdo.tn\/fr\/","logo":{"@type":"ImageObject","inLanguage":"fr-FR","@id":"https:\/\/www.webdo.tn\/fr\/#\/schema\/logo\/image\/","url":"https:\/\/www.webdo.tn\/fr\/wp-content\/uploads\/2025\/06\/Webdo-Tunisie_168377.jpg","contentUrl":"https:\/\/www.webdo.tn\/fr\/wp-content\/uploads\/2025\/06\/Webdo-Tunisie_168377.jpg","width":301,"height":301,"caption":"Webdo"},"image":{"@id":"https:\/\/www.webdo.tn\/fr\/#\/schema\/logo\/image\/"},"sameAs":["https:\/\/www.facebook.com\/webdotn","https:\/\/x.com\/webdo_tn"],"description":"Webdo est un m\u00e9dia num\u00e9rique tunisien fond\u00e9 en 2010, sp\u00e9cialis\u00e9 dans l\u2019actualit\u00e9 nationale et internationale, l\u2019\u00e9conomie, la soci\u00e9t\u00e9 et les analyses politiques. Le site s\u2019adresse \u00e0 un large public francophone et couvre l\u2019information tunisienne en temps r\u00e9el.","email":"redac@webdo.tn","legalName":"YNJ SARL","foundingDate":"2010-09-06","numberOfEmployees":{"@type":"QuantitativeValue","minValue":"11","maxValue":"50"}},{"@type":"Person","@id":"https:\/\/www.webdo.tn\/fr\/#\/schema\/person\/b8a41c04d93287d375510db360906b34","name":"AZ","image":{"@type":"ImageObject","inLanguage":"fr-FR","@id":"https:\/\/secure.gravatar.com\/avatar\/492b80bada79439de4201dce15cd41eece6c277cfdf1b53382073c79105c1f89?s=96&d=mm&r=g","url":"https:\/\/secure.gravatar.com\/avatar\/492b80bada79439de4201dce15cd41eece6c277cfdf1b53382073c79105c1f89?s=96&d=mm&r=g","contentUrl":"https:\/\/secure.gravatar.com\/avatar\/492b80bada79439de4201dce15cd41eece6c277cfdf1b53382073c79105c1f89?s=96&d=mm&r=g","caption":"AZ"},"url":"https:\/\/www.webdo.tn\/fr\/actualite\/author\/az\/"}]}},"_links":{"self":[{"href":"https:\/\/www.webdo.tn\/fr\/wp-json\/wp\/v2\/posts\/220676","targetHints":{"allow":["GET"]}}],"collection":[{"href":"https:\/\/www.webdo.tn\/fr\/wp-json\/wp\/v2\/posts"}],"about":[{"href":"https:\/\/www.webdo.tn\/fr\/wp-json\/wp\/v2\/types\/post"}],"author":[{"embeddable":true,"href":"https:\/\/www.webdo.tn\/fr\/wp-json\/wp\/v2\/users\/3166"}],"replies":[{"embeddable":true,"href":"https:\/\/www.webdo.tn\/fr\/wp-json\/wp\/v2\/comments?post=220676"}],"version-history":[{"count":0,"href":"https:\/\/www.webdo.tn\/fr\/wp-json\/wp\/v2\/posts\/220676\/revisions"}],"wp:featuredmedia":[{"embeddable":true,"href":"https:\/\/www.webdo.tn\/fr\/wp-json\/wp\/v2\/media\/241608"}],"wp:attachment":[{"href":"https:\/\/www.webdo.tn\/fr\/wp-json\/wp\/v2\/media?parent=220676"}],"wp:term":[{"taxonomy":"category","embeddable":true,"href":"https:\/\/www.webdo.tn\/fr\/wp-json\/wp\/v2\/categories?post=220676"},{"taxonomy":"post_tag","embeddable":true,"href":"https:\/\/www.webdo.tn\/fr\/wp-json\/wp\/v2\/tags?post=220676"}],"curies":[{"name":"wp","href":"https:\/\/api.w.org\/{rel}","templated":true}]}}