{"id":220631,"date":"2025-03-18T07:32:00","date_gmt":"2025-03-18T07:32:00","guid":{"rendered":"https:\/\/www.webdo.tn\/fr\/blog\/2025\/03\/18\/tunisie-service-public-kais-saied-appelle-a-anticiper-toute-depense-imprevue\/"},"modified":"2025-05-20T22:19:15","modified_gmt":"2025-05-20T22:19:15","slug":"tunisie-service-public-kais-saied-appelle-a-anticiper-toute-depense-imprevue","status":"publish","type":"post","link":"https:\/\/www.webdo.tn\/fr\/actualite\/national\/tunisie-service-public-kais-saied-appelle-a-anticiper-toute-depense-imprevue\/220631\/","title":{"rendered":"Tunisie &#8211; Service public : Kais Saied appelle \u00e0 anticiper toute d\u00e9pense impr\u00e9vue"},"content":{"rendered":"<p>Le pr\u00e9sident de la R\u00e9publique, Ka\u00efs Sa\u00efed, a re\u00e7u, lundi 17 mars 2025 au palais de Carthage, la ministre des Finances, Mechkaat Salama Khaldi, pour faire le point sur le fonctionnement des services de son d\u00e9partement et des institutions plac\u00e9es sous sa tutelle.<\/p>\n<p>\t\t\t\t\t\t\t\t\tLors de cette rencontre, le chef de l\u2019\u00c9tat a r\u00e9affirm\u00e9 que l\u2019autosuffisance et une fiscalit\u00e9 \u00e9quitable demeurent les piliers des choix nationaux pour r\u00e9pondre aux attentes des Tunisiens dans tous les domaines.<\/p>\n<p>Il a \u00e9galement insist\u00e9 sur la n\u00e9cessit\u00e9 d\u2019anticiper toute d\u00e9pense impr\u00e9vue ou additionnelle dans la gestion des finances publiques. Dans ce cadre, il a appel\u00e9 \u00e0 une implication accrue des banques publiques et priv\u00e9es dans les efforts d\u00e9ploy\u00e9s par l\u2019\u00c9tat pour reconstruire plusieurs infrastructures publiques.<\/p>\n","protected":false},"excerpt":{"rendered":"<p>Lors de cette rencontre, le chef de l\u2019\u00c9tat a r\u00e9affirm\u00e9 que l\u2019autosuffisance et une fiscalit\u00e9 \u00e9quitable demeurent les piliers des choix nationaux pour r\u00e9pondre a&#8230;<\/p>\n","protected":false},"author":3163,"featured_media":241622,"comment_status":"open","ping_status":"open","sticky":false,"template":"","format":"standard","meta":{"footnotes":""},"categories":[44],"tags":[3591,2614,3590,2608],"class_list":["post-220631","post","type-post","status-publish","format-standard","has-post-thumbnail","hentry","category-national","tag-depense","tag-kais-saied","tag-service-public","tag-tunisie"],"yoast_head":"<!-- This site is optimized with the Yoast SEO Premium plugin v27.4 (Yoast SEO v27.4) - https:\/\/yoast.com\/product\/yoast-seo-premium-wordpress\/ -->\n<title>Tunisie - Service public : Kais Saied appelle \u00e0 anticiper toute d\u00e9pense impr\u00e9vue<\/title>\n<meta name=\"description\" content=\"Lors de cette rencontre, le chef de l\u2019\u00c9tat a r\u00e9affirm\u00e9 que l\u2019autosuffisance et une fiscalit\u00e9 \u00e9quitable demeurent les piliers des choix nationaux pour r\u00e9pondre a...\" \/>\n<link rel=\"canonical\" href=\"https:\/\/www.webdo.tn\/fr\/actualite\/national\/tunisie-service-public-kais-saied-appelle-a-anticiper-toute-depense-imprevue\/220631\/\" \/>\n<meta property=\"og:locale\" content=\"fr_FR\" \/>\n<meta property=\"og:type\" content=\"article\" \/>\n<meta property=\"og:title\" content=\"Tunisie - Service public : Kais Saied appelle \u00e0 anticiper toute d\u00e9pense impr\u00e9vue\" \/>\n<meta property=\"og:description\" content=\"Lors de cette rencontre, le chef de l\u2019\u00c9tat a r\u00e9affirm\u00e9 que l\u2019autosuffisance et une fiscalit\u00e9 \u00e9quitable demeurent les piliers des choix nationaux pour r\u00e9pondre a...\" \/>\n<meta property=\"og:url\" content=\"https:\/\/www.webdo.tn\/fr\/actualite\/national\/tunisie-service-public-kais-saied-appelle-a-anticiper-toute-depense-imprevue\/220631\/\" \/>\n<meta property=\"og:site_name\" content=\"webdo\" \/>\n<meta property=\"article:publisher\" content=\"https:\/\/www.facebook.com\/webdotn\" \/>\n<meta property=\"article:published_time\" content=\"2025-03-18T07:32:00+00:00\" \/>\n<meta property=\"article:modified_time\" content=\"2025-05-20T22:19:15+00:00\" \/>\n<meta property=\"og:image\" content=\"https:\/\/www.webdo.tn\/fr\/wp-content\/uploads\/2025\/05\/2053a0f6a0290c4e39aae6e738fe9b17-3.webp\" \/>\n\t<meta property=\"og:image:width\" content=\"750\" \/>\n\t<meta property=\"og:image:height\" content=\"400\" \/>\n\t<meta property=\"og:image:type\" content=\"image\/webp\" \/>\n<meta name=\"author\" content=\"KJ\" \/>\n<meta name=\"twitter:card\" content=\"summary_large_image\" \/>\n<meta name=\"twitter:creator\" content=\"@webdo_tn\" \/>\n<meta name=\"twitter:site\" content=\"@webdo_tn\" \/>\n<meta name=\"twitter:label1\" content=\"\u00c9crit par\" \/>\n\t<meta name=\"twitter:data1\" content=\"KJ\" \/>\n\t<meta name=\"twitter:label2\" content=\"Dur\u00e9e de lecture estim\u00e9e\" \/>\n\t<meta name=\"twitter:data2\" content=\"1 minute\" \/>\n<script type=\"application\/ld+json\" class=\"yoast-schema-graph\">{\"@context\":\"https:\\\/\\\/schema.org\",\"@graph\":[{\"@type\":\"NewsArticle\",\"@id\":\"https:\\\/\\\/www.webdo.tn\\\/fr\\\/actualite\\\/national\\\/tunisie-service-public-kais-saied-appelle-a-anticiper-toute-depense-imprevue\\\/220631\\\/#article\",\"isPartOf\":{\"@id\":\"https:\\\/\\\/www.webdo.tn\\\/fr\\\/actualite\\\/national\\\/tunisie-service-public-kais-saied-appelle-a-anticiper-toute-depense-imprevue\\\/220631\\\/\"},\"author\":{\"name\":\"KJ\",\"@id\":\"https:\\\/\\\/www.webdo.tn\\\/fr\\\/#\\\/schema\\\/person\\\/82ca085b22037d285e1a3c4b65ba5f71\"},\"headline\":\"Tunisie &#8211; Service public : Kais Saied appelle \u00e0 anticiper toute d\u00e9pense impr\u00e9vue\",\"datePublished\":\"2025-03-18T07:32:00+00:00\",\"dateModified\":\"2025-05-20T22:19:15+00:00\",\"mainEntityOfPage\":{\"@id\":\"https:\\\/\\\/www.webdo.tn\\\/fr\\\/actualite\\\/national\\\/tunisie-service-public-kais-saied-appelle-a-anticiper-toute-depense-imprevue\\\/220631\\\/\"},\"wordCount\":149,\"commentCount\":0,\"publisher\":{\"@id\":\"https:\\\/\\\/www.webdo.tn\\\/fr\\\/#organization\"},\"image\":{\"@id\":\"https:\\\/\\\/www.webdo.tn\\\/fr\\\/actualite\\\/national\\\/tunisie-service-public-kais-saied-appelle-a-anticiper-toute-depense-imprevue\\\/220631\\\/#primaryimage\"},\"thumbnailUrl\":\"https:\\\/\\\/www.webdo.tn\\\/fr\\\/wp-content\\\/uploads\\\/2025\\\/05\\\/2053a0f6a0290c4e39aae6e738fe9b17-3.webp\",\"keywords\":[\"d\u00e9pense\",\"Kais Saied\",\"Service public\",\"Tunisie\"],\"articleSection\":[\"National\"],\"inLanguage\":\"fr-FR\"},{\"@type\":\"WebPage\",\"@id\":\"https:\\\/\\\/www.webdo.tn\\\/fr\\\/actualite\\\/national\\\/tunisie-service-public-kais-saied-appelle-a-anticiper-toute-depense-imprevue\\\/220631\\\/\",\"url\":\"https:\\\/\\\/www.webdo.tn\\\/fr\\\/actualite\\\/national\\\/tunisie-service-public-kais-saied-appelle-a-anticiper-toute-depense-imprevue\\\/220631\\\/\",\"name\":\"Tunisie - Service public : Kais Saied appelle \u00e0 anticiper toute d\u00e9pense impr\u00e9vue\",\"isPartOf\":{\"@id\":\"https:\\\/\\\/www.webdo.tn\\\/fr\\\/#website\"},\"primaryImageOfPage\":{\"@id\":\"https:\\\/\\\/www.webdo.tn\\\/fr\\\/actualite\\\/national\\\/tunisie-service-public-kais-saied-appelle-a-anticiper-toute-depense-imprevue\\\/220631\\\/#primaryimage\"},\"image\":{\"@id\":\"https:\\\/\\\/www.webdo.tn\\\/fr\\\/actualite\\\/national\\\/tunisie-service-public-kais-saied-appelle-a-anticiper-toute-depense-imprevue\\\/220631\\\/#primaryimage\"},\"thumbnailUrl\":\"https:\\\/\\\/www.webdo.tn\\\/fr\\\/wp-content\\\/uploads\\\/2025\\\/05\\\/2053a0f6a0290c4e39aae6e738fe9b17-3.webp\",\"datePublished\":\"2025-03-18T07:32:00+00:00\",\"dateModified\":\"2025-05-20T22:19:15+00:00\",\"description\":\"Lors de cette rencontre, le chef de l\u2019\u00c9tat a r\u00e9affirm\u00e9 que l\u2019autosuffisance et une fiscalit\u00e9 \u00e9quitable demeurent les piliers des choix nationaux pour r\u00e9pondre a...\",\"breadcrumb\":{\"@id\":\"https:\\\/\\\/www.webdo.tn\\\/fr\\\/actualite\\\/national\\\/tunisie-service-public-kais-saied-appelle-a-anticiper-toute-depense-imprevue\\\/220631\\\/#breadcrumb\"},\"inLanguage\":\"fr-FR\",\"potentialAction\":[{\"@type\":\"ReadAction\",\"target\":[\"https:\\\/\\\/www.webdo.tn\\\/fr\\\/actualite\\\/national\\\/tunisie-service-public-kais-saied-appelle-a-anticiper-toute-depense-imprevue\\\/220631\\\/\"]}]},{\"@type\":\"ImageObject\",\"inLanguage\":\"fr-FR\",\"@id\":\"https:\\\/\\\/www.webdo.tn\\\/fr\\\/actualite\\\/national\\\/tunisie-service-public-kais-saied-appelle-a-anticiper-toute-depense-imprevue\\\/220631\\\/#primaryimage\",\"url\":\"https:\\\/\\\/www.webdo.tn\\\/fr\\\/wp-content\\\/uploads\\\/2025\\\/05\\\/2053a0f6a0290c4e39aae6e738fe9b17-3.webp\",\"contentUrl\":\"https:\\\/\\\/www.webdo.tn\\\/fr\\\/wp-content\\\/uploads\\\/2025\\\/05\\\/2053a0f6a0290c4e39aae6e738fe9b17-3.webp\",\"width\":750,\"height\":400},{\"@type\":\"BreadcrumbList\",\"@id\":\"https:\\\/\\\/www.webdo.tn\\\/fr\\\/actualite\\\/national\\\/tunisie-service-public-kais-saied-appelle-a-anticiper-toute-depense-imprevue\\\/220631\\\/#breadcrumb\",\"itemListElement\":[{\"@type\":\"ListItem\",\"position\":1,\"name\":\"Accueil\",\"item\":\"https:\\\/\\\/www.webdo.tn\\\/fr\\\/\"},{\"@type\":\"ListItem\",\"position\":2,\"name\":\"Tunisie &#8211; Service public : Kais Saied appelle \u00e0 anticiper toute d\u00e9pense impr\u00e9vue\"}]},{\"@type\":\"WebSite\",\"@id\":\"https:\\\/\\\/www.webdo.tn\\\/fr\\\/#website\",\"url\":\"https:\\\/\\\/www.webdo.tn\\\/fr\\\/\",\"name\":\"webdo\",\"description\":\"Tunisie - News en Tunisie et \u00e0 l&#039;international sur Webdo.tn\",\"publisher\":{\"@id\":\"https:\\\/\\\/www.webdo.tn\\\/fr\\\/#organization\"},\"potentialAction\":[{\"@type\":\"SearchAction\",\"target\":{\"@type\":\"EntryPoint\",\"urlTemplate\":\"https:\\\/\\\/www.webdo.tn\\\/fr\\\/?s={search_term_string}\"},\"query-input\":{\"@type\":\"PropertyValueSpecification\",\"valueRequired\":true,\"valueName\":\"search_term_string\"}}],\"inLanguage\":\"fr-FR\"},{\"@type\":\"Organization\",\"@id\":\"https:\\\/\\\/www.webdo.tn\\\/fr\\\/#organization\",\"name\":\"Webdo\",\"alternateName\":\"Webdo.tn\",\"url\":\"https:\\\/\\\/www.webdo.tn\\\/fr\\\/\",\"logo\":{\"@type\":\"ImageObject\",\"inLanguage\":\"fr-FR\",\"@id\":\"https:\\\/\\\/www.webdo.tn\\\/fr\\\/#\\\/schema\\\/logo\\\/image\\\/\",\"url\":\"https:\\\/\\\/www.webdo.tn\\\/fr\\\/wp-content\\\/uploads\\\/2025\\\/06\\\/Webdo-Tunisie_168377.jpg\",\"contentUrl\":\"https:\\\/\\\/www.webdo.tn\\\/fr\\\/wp-content\\\/uploads\\\/2025\\\/06\\\/Webdo-Tunisie_168377.jpg\",\"width\":301,\"height\":301,\"caption\":\"Webdo\"},\"image\":{\"@id\":\"https:\\\/\\\/www.webdo.tn\\\/fr\\\/#\\\/schema\\\/logo\\\/image\\\/\"},\"sameAs\":[\"https:\\\/\\\/www.facebook.com\\\/webdotn\",\"https:\\\/\\\/x.com\\\/webdo_tn\"],\"description\":\"Webdo est un m\u00e9dia num\u00e9rique tunisien fond\u00e9 en 2010, sp\u00e9cialis\u00e9 dans l\u2019actualit\u00e9 nationale et internationale, l\u2019\u00e9conomie, la soci\u00e9t\u00e9 et les analyses politiques. Le site s\u2019adresse \u00e0 un large public francophone et couvre l\u2019information tunisienne en temps r\u00e9el.\",\"email\":\"redac@webdo.tn\",\"legalName\":\"YNJ SARL\",\"foundingDate\":\"2010-09-06\",\"numberOfEmployees\":{\"@type\":\"QuantitativeValue\",\"minValue\":\"11\",\"maxValue\":\"50\"}},{\"@type\":\"Person\",\"@id\":\"https:\\\/\\\/www.webdo.tn\\\/fr\\\/#\\\/schema\\\/person\\\/82ca085b22037d285e1a3c4b65ba5f71\",\"name\":\"KJ\",\"image\":{\"@type\":\"ImageObject\",\"inLanguage\":\"fr-FR\",\"@id\":\"https:\\\/\\\/secure.gravatar.com\\\/avatar\\\/1a1320de1c1971c893f00068f760b4113d69504aa21273da17ee95650c5944fd?s=96&d=mm&r=g\",\"url\":\"https:\\\/\\\/secure.gravatar.com\\\/avatar\\\/1a1320de1c1971c893f00068f760b4113d69504aa21273da17ee95650c5944fd?s=96&d=mm&r=g\",\"contentUrl\":\"https:\\\/\\\/secure.gravatar.com\\\/avatar\\\/1a1320de1c1971c893f00068f760b4113d69504aa21273da17ee95650c5944fd?s=96&d=mm&r=g\",\"caption\":\"KJ\"},\"url\":\"https:\\\/\\\/www.webdo.tn\\\/fr\\\/actualite\\\/author\\\/kj\\\/\"}]}<\/script>\n<!-- \/ Yoast SEO Premium plugin. -->","yoast_head_json":{"title":"Tunisie - Service public : Kais Saied appelle \u00e0 anticiper toute d\u00e9pense impr\u00e9vue","description":"Lors de cette rencontre, le chef de l\u2019\u00c9tat a r\u00e9affirm\u00e9 que l\u2019autosuffisance et une fiscalit\u00e9 \u00e9quitable demeurent les piliers des choix nationaux pour r\u00e9pondre a...","canonical":"https:\/\/www.webdo.tn\/fr\/actualite\/national\/tunisie-service-public-kais-saied-appelle-a-anticiper-toute-depense-imprevue\/220631\/","og_locale":"fr_FR","og_type":"article","og_title":"Tunisie - Service public : Kais Saied appelle \u00e0 anticiper toute d\u00e9pense impr\u00e9vue","og_description":"Lors de cette rencontre, le chef de l\u2019\u00c9tat a r\u00e9affirm\u00e9 que l\u2019autosuffisance et une fiscalit\u00e9 \u00e9quitable demeurent les piliers des choix nationaux pour r\u00e9pondre a...","og_url":"https:\/\/www.webdo.tn\/fr\/actualite\/national\/tunisie-service-public-kais-saied-appelle-a-anticiper-toute-depense-imprevue\/220631\/","og_site_name":"webdo","article_publisher":"https:\/\/www.facebook.com\/webdotn","article_published_time":"2025-03-18T07:32:00+00:00","article_modified_time":"2025-05-20T22:19:15+00:00","og_image":[{"width":750,"height":400,"url":"https:\/\/www.webdo.tn\/fr\/wp-content\/uploads\/2025\/05\/2053a0f6a0290c4e39aae6e738fe9b17-3.webp","type":"image\/webp"}],"author":"KJ","twitter_card":"summary_large_image","twitter_creator":"@webdo_tn","twitter_site":"@webdo_tn","twitter_misc":{"\u00c9crit par":"KJ","Dur\u00e9e de lecture estim\u00e9e":"1 minute"},"schema":{"@context":"https:\/\/schema.org","@graph":[{"@type":"NewsArticle","@id":"https:\/\/www.webdo.tn\/fr\/actualite\/national\/tunisie-service-public-kais-saied-appelle-a-anticiper-toute-depense-imprevue\/220631\/#article","isPartOf":{"@id":"https:\/\/www.webdo.tn\/fr\/actualite\/national\/tunisie-service-public-kais-saied-appelle-a-anticiper-toute-depense-imprevue\/220631\/"},"author":{"name":"KJ","@id":"https:\/\/www.webdo.tn\/fr\/#\/schema\/person\/82ca085b22037d285e1a3c4b65ba5f71"},"headline":"Tunisie &#8211; Service public : Kais Saied appelle \u00e0 anticiper toute d\u00e9pense impr\u00e9vue","datePublished":"2025-03-18T07:32:00+00:00","dateModified":"2025-05-20T22:19:15+00:00","mainEntityOfPage":{"@id":"https:\/\/www.webdo.tn\/fr\/actualite\/national\/tunisie-service-public-kais-saied-appelle-a-anticiper-toute-depense-imprevue\/220631\/"},"wordCount":149,"commentCount":0,"publisher":{"@id":"https:\/\/www.webdo.tn\/fr\/#organization"},"image":{"@id":"https:\/\/www.webdo.tn\/fr\/actualite\/national\/tunisie-service-public-kais-saied-appelle-a-anticiper-toute-depense-imprevue\/220631\/#primaryimage"},"thumbnailUrl":"https:\/\/www.webdo.tn\/fr\/wp-content\/uploads\/2025\/05\/2053a0f6a0290c4e39aae6e738fe9b17-3.webp","keywords":["d\u00e9pense","Kais Saied","Service public","Tunisie"],"articleSection":["National"],"inLanguage":"fr-FR"},{"@type":"WebPage","@id":"https:\/\/www.webdo.tn\/fr\/actualite\/national\/tunisie-service-public-kais-saied-appelle-a-anticiper-toute-depense-imprevue\/220631\/","url":"https:\/\/www.webdo.tn\/fr\/actualite\/national\/tunisie-service-public-kais-saied-appelle-a-anticiper-toute-depense-imprevue\/220631\/","name":"Tunisie - Service public : Kais Saied appelle \u00e0 anticiper toute d\u00e9pense impr\u00e9vue","isPartOf":{"@id":"https:\/\/www.webdo.tn\/fr\/#website"},"primaryImageOfPage":{"@id":"https:\/\/www.webdo.tn\/fr\/actualite\/national\/tunisie-service-public-kais-saied-appelle-a-anticiper-toute-depense-imprevue\/220631\/#primaryimage"},"image":{"@id":"https:\/\/www.webdo.tn\/fr\/actualite\/national\/tunisie-service-public-kais-saied-appelle-a-anticiper-toute-depense-imprevue\/220631\/#primaryimage"},"thumbnailUrl":"https:\/\/www.webdo.tn\/fr\/wp-content\/uploads\/2025\/05\/2053a0f6a0290c4e39aae6e738fe9b17-3.webp","datePublished":"2025-03-18T07:32:00+00:00","dateModified":"2025-05-20T22:19:15+00:00","description":"Lors de cette rencontre, le chef de l\u2019\u00c9tat a r\u00e9affirm\u00e9 que l\u2019autosuffisance et une fiscalit\u00e9 \u00e9quitable demeurent les piliers des choix nationaux pour r\u00e9pondre a...","breadcrumb":{"@id":"https:\/\/www.webdo.tn\/fr\/actualite\/national\/tunisie-service-public-kais-saied-appelle-a-anticiper-toute-depense-imprevue\/220631\/#breadcrumb"},"inLanguage":"fr-FR","potentialAction":[{"@type":"ReadAction","target":["https:\/\/www.webdo.tn\/fr\/actualite\/national\/tunisie-service-public-kais-saied-appelle-a-anticiper-toute-depense-imprevue\/220631\/"]}]},{"@type":"ImageObject","inLanguage":"fr-FR","@id":"https:\/\/www.webdo.tn\/fr\/actualite\/national\/tunisie-service-public-kais-saied-appelle-a-anticiper-toute-depense-imprevue\/220631\/#primaryimage","url":"https:\/\/www.webdo.tn\/fr\/wp-content\/uploads\/2025\/05\/2053a0f6a0290c4e39aae6e738fe9b17-3.webp","contentUrl":"https:\/\/www.webdo.tn\/fr\/wp-content\/uploads\/2025\/05\/2053a0f6a0290c4e39aae6e738fe9b17-3.webp","width":750,"height":400},{"@type":"BreadcrumbList","@id":"https:\/\/www.webdo.tn\/fr\/actualite\/national\/tunisie-service-public-kais-saied-appelle-a-anticiper-toute-depense-imprevue\/220631\/#breadcrumb","itemListElement":[{"@type":"ListItem","position":1,"name":"Accueil","item":"https:\/\/www.webdo.tn\/fr\/"},{"@type":"ListItem","position":2,"name":"Tunisie &#8211; Service public : Kais Saied appelle \u00e0 anticiper toute d\u00e9pense impr\u00e9vue"}]},{"@type":"WebSite","@id":"https:\/\/www.webdo.tn\/fr\/#website","url":"https:\/\/www.webdo.tn\/fr\/","name":"webdo","description":"Tunisie - News en Tunisie et \u00e0 l&#039;international sur Webdo.tn","publisher":{"@id":"https:\/\/www.webdo.tn\/fr\/#organization"},"potentialAction":[{"@type":"SearchAction","target":{"@type":"EntryPoint","urlTemplate":"https:\/\/www.webdo.tn\/fr\/?s={search_term_string}"},"query-input":{"@type":"PropertyValueSpecification","valueRequired":true,"valueName":"search_term_string"}}],"inLanguage":"fr-FR"},{"@type":"Organization","@id":"https:\/\/www.webdo.tn\/fr\/#organization","name":"Webdo","alternateName":"Webdo.tn","url":"https:\/\/www.webdo.tn\/fr\/","logo":{"@type":"ImageObject","inLanguage":"fr-FR","@id":"https:\/\/www.webdo.tn\/fr\/#\/schema\/logo\/image\/","url":"https:\/\/www.webdo.tn\/fr\/wp-content\/uploads\/2025\/06\/Webdo-Tunisie_168377.jpg","contentUrl":"https:\/\/www.webdo.tn\/fr\/wp-content\/uploads\/2025\/06\/Webdo-Tunisie_168377.jpg","width":301,"height":301,"caption":"Webdo"},"image":{"@id":"https:\/\/www.webdo.tn\/fr\/#\/schema\/logo\/image\/"},"sameAs":["https:\/\/www.facebook.com\/webdotn","https:\/\/x.com\/webdo_tn"],"description":"Webdo est un m\u00e9dia num\u00e9rique tunisien fond\u00e9 en 2010, sp\u00e9cialis\u00e9 dans l\u2019actualit\u00e9 nationale et internationale, l\u2019\u00e9conomie, la soci\u00e9t\u00e9 et les analyses politiques. Le site s\u2019adresse \u00e0 un large public francophone et couvre l\u2019information tunisienne en temps r\u00e9el.","email":"redac@webdo.tn","legalName":"YNJ SARL","foundingDate":"2010-09-06","numberOfEmployees":{"@type":"QuantitativeValue","minValue":"11","maxValue":"50"}},{"@type":"Person","@id":"https:\/\/www.webdo.tn\/fr\/#\/schema\/person\/82ca085b22037d285e1a3c4b65ba5f71","name":"KJ","image":{"@type":"ImageObject","inLanguage":"fr-FR","@id":"https:\/\/secure.gravatar.com\/avatar\/1a1320de1c1971c893f00068f760b4113d69504aa21273da17ee95650c5944fd?s=96&d=mm&r=g","url":"https:\/\/secure.gravatar.com\/avatar\/1a1320de1c1971c893f00068f760b4113d69504aa21273da17ee95650c5944fd?s=96&d=mm&r=g","contentUrl":"https:\/\/secure.gravatar.com\/avatar\/1a1320de1c1971c893f00068f760b4113d69504aa21273da17ee95650c5944fd?s=96&d=mm&r=g","caption":"KJ"},"url":"https:\/\/www.webdo.tn\/fr\/actualite\/author\/kj\/"}]}},"_links":{"self":[{"href":"https:\/\/www.webdo.tn\/fr\/wp-json\/wp\/v2\/posts\/220631","targetHints":{"allow":["GET"]}}],"collection":[{"href":"https:\/\/www.webdo.tn\/fr\/wp-json\/wp\/v2\/posts"}],"about":[{"href":"https:\/\/www.webdo.tn\/fr\/wp-json\/wp\/v2\/types\/post"}],"author":[{"embeddable":true,"href":"https:\/\/www.webdo.tn\/fr\/wp-json\/wp\/v2\/users\/3163"}],"replies":[{"embeddable":true,"href":"https:\/\/www.webdo.tn\/fr\/wp-json\/wp\/v2\/comments?post=220631"}],"version-history":[{"count":0,"href":"https:\/\/www.webdo.tn\/fr\/wp-json\/wp\/v2\/posts\/220631\/revisions"}],"wp:featuredmedia":[{"embeddable":true,"href":"https:\/\/www.webdo.tn\/fr\/wp-json\/wp\/v2\/media\/241622"}],"wp:attachment":[{"href":"https:\/\/www.webdo.tn\/fr\/wp-json\/wp\/v2\/media?parent=220631"}],"wp:term":[{"taxonomy":"category","embeddable":true,"href":"https:\/\/www.webdo.tn\/fr\/wp-json\/wp\/v2\/categories?post=220631"},{"taxonomy":"post_tag","embeddable":true,"href":"https:\/\/www.webdo.tn\/fr\/wp-json\/wp\/v2\/tags?post=220631"}],"curies":[{"name":"wp","href":"https:\/\/api.w.org\/{rel}","templated":true}]}}