{"id":220595,"date":"2025-03-16T11:00:00","date_gmt":"2025-03-16T11:00:00","guid":{"rendered":"https:\/\/www.webdo.tn\/fr\/blog\/2025\/03\/16\/tunisie-lancement-imminent-des-vols-charters-directs-avec-la-republique-tcheque\/"},"modified":"2025-05-20T22:19:18","modified_gmt":"2025-05-20T22:19:18","slug":"tunisie-lancement-imminent-des-vols-charters-directs-avec-la-republique-tcheque","status":"publish","type":"post","link":"https:\/\/www.webdo.tn\/fr\/actualite\/national\/tunisie-lancement-imminent-des-vols-charters-directs-avec-la-republique-tcheque\/220595\/","title":{"rendered":"Tunisie : Lancement imminent des vols charters directs avec la R\u00e9publique tch\u00e8que"},"content":{"rendered":"<p>Les tours-op\u00e9rateurs ont annonc\u00e9 le lancement, d\u00e8s avril prochain, de vols charters directs reliant la R\u00e9publique tch\u00e8que \u00e0 la Tunisie.\u00a0<\/p>\n<p>\t\t\t\t\t\t\t\t\tCes liaisons conna\u00eetront une mont\u00e9e en puissance jusqu\u2019\u00e0 fin novembre, selon les d\u00e9clarations faites lors d\u2019une rencontre avec le ministre du Tourisme, Sofiane Teka\u00efa, en marge du Salon international du tourisme Holiday World &amp; Region World \u00e0 Prague.<\/p>\n<p>Le ministre a soulign\u00e9 que la participation tunisienne \u00e0 cet \u00e9v\u00e9nement constitue une opportunit\u00e9 majeure pour renforcer les partenariats avec les acteurs internationaux du secteur et promouvoir la destination tunisienne, notamment sur le march\u00e9 tch\u00e8que, qui s\u2019ouvre \u00e0 l\u2019ensemble de l\u2019Europe centrale.<\/p>\n<p>Il a rappel\u00e9 qu\u2019en 2024, la Tunisie a accueilli plus de 140 000 touristes tch\u00e8ques, enregistrant ainsi une hausse de plus de 30 % par rapport \u00e0 2019, avec plus de 1,2 million de nuit\u00e9es.<\/p>\n<p>Lors de ses rencontres avec les principaux tours-op\u00e9rateurs et agences de voyages tch\u00e8ques, Sofiane Teka\u00efa a mis en avant la diversit\u00e9 de l\u2019offre touristique tunisienne, qui permet d\u2019attirer des visiteurs tout au long de l\u2019ann\u00e9e en proposant des exp\u00e9riences adapt\u00e9es aux attentes des voyageurs tch\u00e8ques en qu\u00eate de nouvelles d\u00e9couvertes.<\/p>\n<p>Selon un communiqu\u00e9 publi\u00e9 samedi par le minist\u00e8re, la Tunisie s\u2019attend \u00e0 une hausse significative du nombre de touristes tch\u00e8ques en 2025, gr\u00e2ce aux efforts d\u00e9ploy\u00e9s pour renforcer la connectivit\u00e9 a\u00e9rienne entre les deux pays.<\/p>\n","protected":false},"excerpt":{"rendered":"<p>Ces liaisons conna\u00eetront une mont\u00e9e en puissance jusqu\u2019\u00e0 fin novembre, selon les d\u00e9clarations faites lors d\u2019une rencontre avec le ministre du Tourisme, Sofiane&#8230;<\/p>\n","protected":false},"author":3163,"featured_media":241640,"comment_status":"open","ping_status":"open","sticky":false,"template":"","format":"standard","meta":{"footnotes":""},"categories":[44],"tags":[2942,2608,3603],"class_list":["post-220595","post","type-post","status-publish","format-standard","has-post-thumbnail","hentry","category-national","tag-republique-tcheque","tag-tunisie","tag-vols"],"yoast_head":"<!-- This site is optimized with the Yoast SEO Premium plugin v27.5 (Yoast SEO v27.5) - https:\/\/yoast.com\/product\/yoast-seo-premium-wordpress\/ -->\n<title>Tunisie : Lancement imminent des vols charters directs avec la R\u00e9publique tch\u00e8que<\/title>\n<meta name=\"description\" content=\"Ces liaisons conna\u00eetront une mont\u00e9e en puissance jusqu\u2019\u00e0 fin novembre, selon les d\u00e9clarations faites lors d\u2019une rencontre avec le ministre du Tourisme, Sofiane...\" \/>\n<link rel=\"canonical\" href=\"https:\/\/www.webdo.tn\/fr\/actualite\/national\/tunisie-lancement-imminent-des-vols-charters-directs-avec-la-republique-tcheque\/220595\/\" \/>\n<meta property=\"og:locale\" content=\"fr_FR\" \/>\n<meta property=\"og:type\" content=\"article\" \/>\n<meta property=\"og:title\" content=\"Tunisie : Lancement imminent des vols charters directs avec la R\u00e9publique tch\u00e8que\" \/>\n<meta property=\"og:description\" content=\"Ces liaisons conna\u00eetront une mont\u00e9e en puissance jusqu\u2019\u00e0 fin novembre, selon les d\u00e9clarations faites lors d\u2019une rencontre avec le ministre du Tourisme, Sofiane...\" \/>\n<meta property=\"og:url\" content=\"https:\/\/www.webdo.tn\/fr\/actualite\/national\/tunisie-lancement-imminent-des-vols-charters-directs-avec-la-republique-tcheque\/220595\/\" \/>\n<meta property=\"og:site_name\" content=\"webdo\" \/>\n<meta property=\"article:publisher\" content=\"https:\/\/www.facebook.com\/webdotn\" \/>\n<meta property=\"article:published_time\" content=\"2025-03-16T11:00:00+00:00\" \/>\n<meta property=\"article:modified_time\" content=\"2025-05-20T22:19:18+00:00\" \/>\n<meta property=\"og:image\" content=\"https:\/\/www.webdo.tn\/fr\/wp-content\/uploads\/2025\/05\/2aa7e7044964f2a9bd645c87a71d173d-3.webp\" \/>\n\t<meta property=\"og:image:width\" content=\"750\" \/>\n\t<meta property=\"og:image:height\" content=\"400\" \/>\n\t<meta property=\"og:image:type\" content=\"image\/webp\" \/>\n<meta name=\"author\" content=\"KJ\" \/>\n<meta name=\"twitter:card\" content=\"summary_large_image\" \/>\n<meta name=\"twitter:creator\" content=\"@webdo_tn\" \/>\n<meta name=\"twitter:site\" content=\"@webdo_tn\" \/>\n<meta name=\"twitter:label1\" content=\"\u00c9crit par\" \/>\n\t<meta name=\"twitter:data1\" content=\"KJ\" \/>\n\t<meta name=\"twitter:label2\" content=\"Dur\u00e9e de lecture estim\u00e9e\" \/>\n\t<meta name=\"twitter:data2\" content=\"1 minute\" \/>\n<script type=\"application\/ld+json\" class=\"yoast-schema-graph\">{\"@context\":\"https:\\\/\\\/schema.org\",\"@graph\":[{\"@type\":\"NewsArticle\",\"@id\":\"https:\\\/\\\/www.webdo.tn\\\/fr\\\/actualite\\\/national\\\/tunisie-lancement-imminent-des-vols-charters-directs-avec-la-republique-tcheque\\\/220595\\\/#article\",\"isPartOf\":{\"@id\":\"https:\\\/\\\/www.webdo.tn\\\/fr\\\/actualite\\\/national\\\/tunisie-lancement-imminent-des-vols-charters-directs-avec-la-republique-tcheque\\\/220595\\\/\"},\"author\":{\"name\":\"KJ\",\"@id\":\"https:\\\/\\\/www.webdo.tn\\\/fr\\\/#\\\/schema\\\/person\\\/82ca085b22037d285e1a3c4b65ba5f71\"},\"headline\":\"Tunisie : Lancement imminent des vols charters directs avec la R\u00e9publique tch\u00e8que\",\"datePublished\":\"2025-03-16T11:00:00+00:00\",\"dateModified\":\"2025-05-20T22:19:18+00:00\",\"mainEntityOfPage\":{\"@id\":\"https:\\\/\\\/www.webdo.tn\\\/fr\\\/actualite\\\/national\\\/tunisie-lancement-imminent-des-vols-charters-directs-avec-la-republique-tcheque\\\/220595\\\/\"},\"wordCount\":255,\"commentCount\":0,\"publisher\":{\"@id\":\"https:\\\/\\\/www.webdo.tn\\\/fr\\\/#organization\"},\"image\":{\"@id\":\"https:\\\/\\\/www.webdo.tn\\\/fr\\\/actualite\\\/national\\\/tunisie-lancement-imminent-des-vols-charters-directs-avec-la-republique-tcheque\\\/220595\\\/#primaryimage\"},\"thumbnailUrl\":\"https:\\\/\\\/www.webdo.tn\\\/fr\\\/wp-content\\\/uploads\\\/2025\\\/05\\\/2aa7e7044964f2a9bd645c87a71d173d-3.webp\",\"keywords\":[\"R\u00e9publique tch\u00e9que\",\"Tunisie\",\"vols\"],\"articleSection\":[\"National\"],\"inLanguage\":\"fr-FR\"},{\"@type\":\"WebPage\",\"@id\":\"https:\\\/\\\/www.webdo.tn\\\/fr\\\/actualite\\\/national\\\/tunisie-lancement-imminent-des-vols-charters-directs-avec-la-republique-tcheque\\\/220595\\\/\",\"url\":\"https:\\\/\\\/www.webdo.tn\\\/fr\\\/actualite\\\/national\\\/tunisie-lancement-imminent-des-vols-charters-directs-avec-la-republique-tcheque\\\/220595\\\/\",\"name\":\"Tunisie : Lancement imminent des vols charters directs avec la R\u00e9publique tch\u00e8que\",\"isPartOf\":{\"@id\":\"https:\\\/\\\/www.webdo.tn\\\/fr\\\/#website\"},\"primaryImageOfPage\":{\"@id\":\"https:\\\/\\\/www.webdo.tn\\\/fr\\\/actualite\\\/national\\\/tunisie-lancement-imminent-des-vols-charters-directs-avec-la-republique-tcheque\\\/220595\\\/#primaryimage\"},\"image\":{\"@id\":\"https:\\\/\\\/www.webdo.tn\\\/fr\\\/actualite\\\/national\\\/tunisie-lancement-imminent-des-vols-charters-directs-avec-la-republique-tcheque\\\/220595\\\/#primaryimage\"},\"thumbnailUrl\":\"https:\\\/\\\/www.webdo.tn\\\/fr\\\/wp-content\\\/uploads\\\/2025\\\/05\\\/2aa7e7044964f2a9bd645c87a71d173d-3.webp\",\"datePublished\":\"2025-03-16T11:00:00+00:00\",\"dateModified\":\"2025-05-20T22:19:18+00:00\",\"description\":\"Ces liaisons conna\u00eetront une mont\u00e9e en puissance jusqu\u2019\u00e0 fin novembre, selon les d\u00e9clarations faites lors d\u2019une rencontre avec le ministre du Tourisme, Sofiane...\",\"breadcrumb\":{\"@id\":\"https:\\\/\\\/www.webdo.tn\\\/fr\\\/actualite\\\/national\\\/tunisie-lancement-imminent-des-vols-charters-directs-avec-la-republique-tcheque\\\/220595\\\/#breadcrumb\"},\"inLanguage\":\"fr-FR\",\"potentialAction\":[{\"@type\":\"ReadAction\",\"target\":[\"https:\\\/\\\/www.webdo.tn\\\/fr\\\/actualite\\\/national\\\/tunisie-lancement-imminent-des-vols-charters-directs-avec-la-republique-tcheque\\\/220595\\\/\"]}]},{\"@type\":\"ImageObject\",\"inLanguage\":\"fr-FR\",\"@id\":\"https:\\\/\\\/www.webdo.tn\\\/fr\\\/actualite\\\/national\\\/tunisie-lancement-imminent-des-vols-charters-directs-avec-la-republique-tcheque\\\/220595\\\/#primaryimage\",\"url\":\"https:\\\/\\\/www.webdo.tn\\\/fr\\\/wp-content\\\/uploads\\\/2025\\\/05\\\/2aa7e7044964f2a9bd645c87a71d173d-3.webp\",\"contentUrl\":\"https:\\\/\\\/www.webdo.tn\\\/fr\\\/wp-content\\\/uploads\\\/2025\\\/05\\\/2aa7e7044964f2a9bd645c87a71d173d-3.webp\",\"width\":750,\"height\":400},{\"@type\":\"BreadcrumbList\",\"@id\":\"https:\\\/\\\/www.webdo.tn\\\/fr\\\/actualite\\\/national\\\/tunisie-lancement-imminent-des-vols-charters-directs-avec-la-republique-tcheque\\\/220595\\\/#breadcrumb\",\"itemListElement\":[{\"@type\":\"ListItem\",\"position\":1,\"name\":\"Accueil\",\"item\":\"https:\\\/\\\/www.webdo.tn\\\/fr\\\/\"},{\"@type\":\"ListItem\",\"position\":2,\"name\":\"Tunisie : Lancement imminent des vols charters directs avec la R\u00e9publique tch\u00e8que\"}]},{\"@type\":\"WebSite\",\"@id\":\"https:\\\/\\\/www.webdo.tn\\\/fr\\\/#website\",\"url\":\"https:\\\/\\\/www.webdo.tn\\\/fr\\\/\",\"name\":\"webdo\",\"description\":\"Tunisie - News en Tunisie et \u00e0 l&#039;international sur Webdo.tn\",\"publisher\":{\"@id\":\"https:\\\/\\\/www.webdo.tn\\\/fr\\\/#organization\"},\"potentialAction\":[{\"@type\":\"SearchAction\",\"target\":{\"@type\":\"EntryPoint\",\"urlTemplate\":\"https:\\\/\\\/www.webdo.tn\\\/fr\\\/?s={search_term_string}\"},\"query-input\":{\"@type\":\"PropertyValueSpecification\",\"valueRequired\":true,\"valueName\":\"search_term_string\"}}],\"inLanguage\":\"fr-FR\"},{\"@type\":\"Organization\",\"@id\":\"https:\\\/\\\/www.webdo.tn\\\/fr\\\/#organization\",\"name\":\"Webdo\",\"alternateName\":\"Webdo.tn\",\"url\":\"https:\\\/\\\/www.webdo.tn\\\/fr\\\/\",\"logo\":{\"@type\":\"ImageObject\",\"inLanguage\":\"fr-FR\",\"@id\":\"https:\\\/\\\/www.webdo.tn\\\/fr\\\/#\\\/schema\\\/logo\\\/image\\\/\",\"url\":\"https:\\\/\\\/www.webdo.tn\\\/fr\\\/wp-content\\\/uploads\\\/2025\\\/06\\\/Webdo-Tunisie_168377.jpg\",\"contentUrl\":\"https:\\\/\\\/www.webdo.tn\\\/fr\\\/wp-content\\\/uploads\\\/2025\\\/06\\\/Webdo-Tunisie_168377.jpg\",\"width\":301,\"height\":301,\"caption\":\"Webdo\"},\"image\":{\"@id\":\"https:\\\/\\\/www.webdo.tn\\\/fr\\\/#\\\/schema\\\/logo\\\/image\\\/\"},\"sameAs\":[\"https:\\\/\\\/www.facebook.com\\\/webdotn\",\"https:\\\/\\\/x.com\\\/webdo_tn\"],\"description\":\"Webdo est un m\u00e9dia num\u00e9rique tunisien fond\u00e9 en 2010, sp\u00e9cialis\u00e9 dans l\u2019actualit\u00e9 nationale et internationale, l\u2019\u00e9conomie, la soci\u00e9t\u00e9 et les analyses politiques. Le site s\u2019adresse \u00e0 un large public francophone et couvre l\u2019information tunisienne en temps r\u00e9el.\",\"email\":\"redac@webdo.tn\",\"legalName\":\"YNJ SARL\",\"foundingDate\":\"2010-09-06\",\"numberOfEmployees\":{\"@type\":\"QuantitativeValue\",\"minValue\":\"11\",\"maxValue\":\"50\"}},{\"@type\":\"Person\",\"@id\":\"https:\\\/\\\/www.webdo.tn\\\/fr\\\/#\\\/schema\\\/person\\\/82ca085b22037d285e1a3c4b65ba5f71\",\"name\":\"KJ\",\"image\":{\"@type\":\"ImageObject\",\"inLanguage\":\"fr-FR\",\"@id\":\"https:\\\/\\\/secure.gravatar.com\\\/avatar\\\/1a1320de1c1971c893f00068f760b4113d69504aa21273da17ee95650c5944fd?s=96&d=mm&r=g\",\"url\":\"https:\\\/\\\/secure.gravatar.com\\\/avatar\\\/1a1320de1c1971c893f00068f760b4113d69504aa21273da17ee95650c5944fd?s=96&d=mm&r=g\",\"contentUrl\":\"https:\\\/\\\/secure.gravatar.com\\\/avatar\\\/1a1320de1c1971c893f00068f760b4113d69504aa21273da17ee95650c5944fd?s=96&d=mm&r=g\",\"caption\":\"KJ\"},\"url\":\"https:\\\/\\\/www.webdo.tn\\\/fr\\\/actualite\\\/author\\\/kj\\\/\"}]}<\/script>\n<!-- \/ Yoast SEO Premium plugin. -->","yoast_head_json":{"title":"Tunisie : Lancement imminent des vols charters directs avec la R\u00e9publique tch\u00e8que","description":"Ces liaisons conna\u00eetront une mont\u00e9e en puissance jusqu\u2019\u00e0 fin novembre, selon les d\u00e9clarations faites lors d\u2019une rencontre avec le ministre du Tourisme, Sofiane...","canonical":"https:\/\/www.webdo.tn\/fr\/actualite\/national\/tunisie-lancement-imminent-des-vols-charters-directs-avec-la-republique-tcheque\/220595\/","og_locale":"fr_FR","og_type":"article","og_title":"Tunisie : Lancement imminent des vols charters directs avec la R\u00e9publique tch\u00e8que","og_description":"Ces liaisons conna\u00eetront une mont\u00e9e en puissance jusqu\u2019\u00e0 fin novembre, selon les d\u00e9clarations faites lors d\u2019une rencontre avec le ministre du Tourisme, Sofiane...","og_url":"https:\/\/www.webdo.tn\/fr\/actualite\/national\/tunisie-lancement-imminent-des-vols-charters-directs-avec-la-republique-tcheque\/220595\/","og_site_name":"webdo","article_publisher":"https:\/\/www.facebook.com\/webdotn","article_published_time":"2025-03-16T11:00:00+00:00","article_modified_time":"2025-05-20T22:19:18+00:00","og_image":[{"width":750,"height":400,"url":"https:\/\/www.webdo.tn\/fr\/wp-content\/uploads\/2025\/05\/2aa7e7044964f2a9bd645c87a71d173d-3.webp","type":"image\/webp"}],"author":"KJ","twitter_card":"summary_large_image","twitter_creator":"@webdo_tn","twitter_site":"@webdo_tn","twitter_misc":{"\u00c9crit par":"KJ","Dur\u00e9e de lecture estim\u00e9e":"1 minute"},"schema":{"@context":"https:\/\/schema.org","@graph":[{"@type":"NewsArticle","@id":"https:\/\/www.webdo.tn\/fr\/actualite\/national\/tunisie-lancement-imminent-des-vols-charters-directs-avec-la-republique-tcheque\/220595\/#article","isPartOf":{"@id":"https:\/\/www.webdo.tn\/fr\/actualite\/national\/tunisie-lancement-imminent-des-vols-charters-directs-avec-la-republique-tcheque\/220595\/"},"author":{"name":"KJ","@id":"https:\/\/www.webdo.tn\/fr\/#\/schema\/person\/82ca085b22037d285e1a3c4b65ba5f71"},"headline":"Tunisie : Lancement imminent des vols charters directs avec la R\u00e9publique tch\u00e8que","datePublished":"2025-03-16T11:00:00+00:00","dateModified":"2025-05-20T22:19:18+00:00","mainEntityOfPage":{"@id":"https:\/\/www.webdo.tn\/fr\/actualite\/national\/tunisie-lancement-imminent-des-vols-charters-directs-avec-la-republique-tcheque\/220595\/"},"wordCount":255,"commentCount":0,"publisher":{"@id":"https:\/\/www.webdo.tn\/fr\/#organization"},"image":{"@id":"https:\/\/www.webdo.tn\/fr\/actualite\/national\/tunisie-lancement-imminent-des-vols-charters-directs-avec-la-republique-tcheque\/220595\/#primaryimage"},"thumbnailUrl":"https:\/\/www.webdo.tn\/fr\/wp-content\/uploads\/2025\/05\/2aa7e7044964f2a9bd645c87a71d173d-3.webp","keywords":["R\u00e9publique tch\u00e9que","Tunisie","vols"],"articleSection":["National"],"inLanguage":"fr-FR"},{"@type":"WebPage","@id":"https:\/\/www.webdo.tn\/fr\/actualite\/national\/tunisie-lancement-imminent-des-vols-charters-directs-avec-la-republique-tcheque\/220595\/","url":"https:\/\/www.webdo.tn\/fr\/actualite\/national\/tunisie-lancement-imminent-des-vols-charters-directs-avec-la-republique-tcheque\/220595\/","name":"Tunisie : Lancement imminent des vols charters directs avec la R\u00e9publique tch\u00e8que","isPartOf":{"@id":"https:\/\/www.webdo.tn\/fr\/#website"},"primaryImageOfPage":{"@id":"https:\/\/www.webdo.tn\/fr\/actualite\/national\/tunisie-lancement-imminent-des-vols-charters-directs-avec-la-republique-tcheque\/220595\/#primaryimage"},"image":{"@id":"https:\/\/www.webdo.tn\/fr\/actualite\/national\/tunisie-lancement-imminent-des-vols-charters-directs-avec-la-republique-tcheque\/220595\/#primaryimage"},"thumbnailUrl":"https:\/\/www.webdo.tn\/fr\/wp-content\/uploads\/2025\/05\/2aa7e7044964f2a9bd645c87a71d173d-3.webp","datePublished":"2025-03-16T11:00:00+00:00","dateModified":"2025-05-20T22:19:18+00:00","description":"Ces liaisons conna\u00eetront une mont\u00e9e en puissance jusqu\u2019\u00e0 fin novembre, selon les d\u00e9clarations faites lors d\u2019une rencontre avec le ministre du Tourisme, Sofiane...","breadcrumb":{"@id":"https:\/\/www.webdo.tn\/fr\/actualite\/national\/tunisie-lancement-imminent-des-vols-charters-directs-avec-la-republique-tcheque\/220595\/#breadcrumb"},"inLanguage":"fr-FR","potentialAction":[{"@type":"ReadAction","target":["https:\/\/www.webdo.tn\/fr\/actualite\/national\/tunisie-lancement-imminent-des-vols-charters-directs-avec-la-republique-tcheque\/220595\/"]}]},{"@type":"ImageObject","inLanguage":"fr-FR","@id":"https:\/\/www.webdo.tn\/fr\/actualite\/national\/tunisie-lancement-imminent-des-vols-charters-directs-avec-la-republique-tcheque\/220595\/#primaryimage","url":"https:\/\/www.webdo.tn\/fr\/wp-content\/uploads\/2025\/05\/2aa7e7044964f2a9bd645c87a71d173d-3.webp","contentUrl":"https:\/\/www.webdo.tn\/fr\/wp-content\/uploads\/2025\/05\/2aa7e7044964f2a9bd645c87a71d173d-3.webp","width":750,"height":400},{"@type":"BreadcrumbList","@id":"https:\/\/www.webdo.tn\/fr\/actualite\/national\/tunisie-lancement-imminent-des-vols-charters-directs-avec-la-republique-tcheque\/220595\/#breadcrumb","itemListElement":[{"@type":"ListItem","position":1,"name":"Accueil","item":"https:\/\/www.webdo.tn\/fr\/"},{"@type":"ListItem","position":2,"name":"Tunisie : Lancement imminent des vols charters directs avec la R\u00e9publique tch\u00e8que"}]},{"@type":"WebSite","@id":"https:\/\/www.webdo.tn\/fr\/#website","url":"https:\/\/www.webdo.tn\/fr\/","name":"webdo","description":"Tunisie - News en Tunisie et \u00e0 l&#039;international sur Webdo.tn","publisher":{"@id":"https:\/\/www.webdo.tn\/fr\/#organization"},"potentialAction":[{"@type":"SearchAction","target":{"@type":"EntryPoint","urlTemplate":"https:\/\/www.webdo.tn\/fr\/?s={search_term_string}"},"query-input":{"@type":"PropertyValueSpecification","valueRequired":true,"valueName":"search_term_string"}}],"inLanguage":"fr-FR"},{"@type":"Organization","@id":"https:\/\/www.webdo.tn\/fr\/#organization","name":"Webdo","alternateName":"Webdo.tn","url":"https:\/\/www.webdo.tn\/fr\/","logo":{"@type":"ImageObject","inLanguage":"fr-FR","@id":"https:\/\/www.webdo.tn\/fr\/#\/schema\/logo\/image\/","url":"https:\/\/www.webdo.tn\/fr\/wp-content\/uploads\/2025\/06\/Webdo-Tunisie_168377.jpg","contentUrl":"https:\/\/www.webdo.tn\/fr\/wp-content\/uploads\/2025\/06\/Webdo-Tunisie_168377.jpg","width":301,"height":301,"caption":"Webdo"},"image":{"@id":"https:\/\/www.webdo.tn\/fr\/#\/schema\/logo\/image\/"},"sameAs":["https:\/\/www.facebook.com\/webdotn","https:\/\/x.com\/webdo_tn"],"description":"Webdo est un m\u00e9dia num\u00e9rique tunisien fond\u00e9 en 2010, sp\u00e9cialis\u00e9 dans l\u2019actualit\u00e9 nationale et internationale, l\u2019\u00e9conomie, la soci\u00e9t\u00e9 et les analyses politiques. Le site s\u2019adresse \u00e0 un large public francophone et couvre l\u2019information tunisienne en temps r\u00e9el.","email":"redac@webdo.tn","legalName":"YNJ SARL","foundingDate":"2010-09-06","numberOfEmployees":{"@type":"QuantitativeValue","minValue":"11","maxValue":"50"}},{"@type":"Person","@id":"https:\/\/www.webdo.tn\/fr\/#\/schema\/person\/82ca085b22037d285e1a3c4b65ba5f71","name":"KJ","image":{"@type":"ImageObject","inLanguage":"fr-FR","@id":"https:\/\/secure.gravatar.com\/avatar\/1a1320de1c1971c893f00068f760b4113d69504aa21273da17ee95650c5944fd?s=96&d=mm&r=g","url":"https:\/\/secure.gravatar.com\/avatar\/1a1320de1c1971c893f00068f760b4113d69504aa21273da17ee95650c5944fd?s=96&d=mm&r=g","contentUrl":"https:\/\/secure.gravatar.com\/avatar\/1a1320de1c1971c893f00068f760b4113d69504aa21273da17ee95650c5944fd?s=96&d=mm&r=g","caption":"KJ"},"url":"https:\/\/www.webdo.tn\/fr\/actualite\/author\/kj\/"}]}},"_links":{"self":[{"href":"https:\/\/www.webdo.tn\/fr\/wp-json\/wp\/v2\/posts\/220595","targetHints":{"allow":["GET"]}}],"collection":[{"href":"https:\/\/www.webdo.tn\/fr\/wp-json\/wp\/v2\/posts"}],"about":[{"href":"https:\/\/www.webdo.tn\/fr\/wp-json\/wp\/v2\/types\/post"}],"author":[{"embeddable":true,"href":"https:\/\/www.webdo.tn\/fr\/wp-json\/wp\/v2\/users\/3163"}],"replies":[{"embeddable":true,"href":"https:\/\/www.webdo.tn\/fr\/wp-json\/wp\/v2\/comments?post=220595"}],"version-history":[{"count":0,"href":"https:\/\/www.webdo.tn\/fr\/wp-json\/wp\/v2\/posts\/220595\/revisions"}],"wp:featuredmedia":[{"embeddable":true,"href":"https:\/\/www.webdo.tn\/fr\/wp-json\/wp\/v2\/media\/241640"}],"wp:attachment":[{"href":"https:\/\/www.webdo.tn\/fr\/wp-json\/wp\/v2\/media?parent=220595"}],"wp:term":[{"taxonomy":"category","embeddable":true,"href":"https:\/\/www.webdo.tn\/fr\/wp-json\/wp\/v2\/categories?post=220595"},{"taxonomy":"post_tag","embeddable":true,"href":"https:\/\/www.webdo.tn\/fr\/wp-json\/wp\/v2\/tags?post=220595"}],"curies":[{"name":"wp","href":"https:\/\/api.w.org\/{rel}","templated":true}]}}