{"id":220592,"date":"2025-03-16T09:20:00","date_gmt":"2025-03-16T09:20:00","guid":{"rendered":"https:\/\/www.webdo.tn\/fr\/blog\/frappes-americaines-au-yemen-31-morts-trump-defie-les-houthis-et-l-iran\/220592\/"},"modified":"2025-03-16T09:20:00","modified_gmt":"2025-03-16T09:20:00","slug":"frappes-americaines-au-yemen-31-morts-trump-defie-les-houthis-et-l-iran","status":"publish","type":"post","link":"https:\/\/www.webdo.tn\/fr\/actualite\/international\/frappes-americaines-au-yemen-31-morts-trump-defie-les-houthis-et-l-iran\/220592\/","title":{"rendered":"Frappes am\u00e9ricaines au Y\u00e9men : 31 morts, Trump d\u00e9fie les Houthis et l\u2019Iran"},"content":{"rendered":"<p>Les \u00c9tats-Unis ont men\u00e9 des frappes a\u00e9riennes de grande ampleur au Y\u00e9men, faisant au moins 31 morts, apr\u00e8s que Donald Trump a mis en garde les Houthis contre toute attaque de navires en mer Rouge. \u00a0<\/p>\n<p>\t\t\t\t\t\t\t\t\tCette offensive, la plus significative depuis le retour de Trump \u00e0 la Maison-Blanche, intervient alors que les Houthis mena\u00e7aient de s\u2019en prendre aux navires li\u00e9s \u00e0 Isra\u00ebl en raison du blocus sur Gaza. \u00a0<\/p>\n<p>Les bombardements ont touch\u00e9 Sanaa, Saada et al-Bayda, causant la mort de nombreuses femmes et enfants, selon le minist\u00e8re de la Sant\u00e9 houthi. En r\u00e9ponse, les Houthis ont d\u00e9nonc\u00e9 une \u00ab\u00a0agression am\u00e9ricano-britannique\u00a0\u00bb et promis des repr\u00e9sailles. \u00a0<\/p>\n<p>Trump a d\u00e9fendu cette op\u00e9ration comme une d\u00e9monstration de \u00ab\u00a0force l\u00e9tale \u00e9crasante\u00a0\u00bb et a somm\u00e9 l\u2019Iran de cesser imm\u00e9diatement son soutien aux Houthis. \u00ab\u00a0Votre temps est \u00e9coul\u00e9\u00a0\u00bb, a-t-il averti sur Truth Social. \u00a0<\/p>\n<p>T\u00e9h\u00e9ran a condamn\u00e9 ces frappes, les qualifiant de violation flagrante du droit international. \u00a0<\/p>\n<p>Sur le terrain, la population y\u00e9m\u00e9nite vit dans la peur. \u00ab\u00a0Les explosions \u00e9taient si puissantes qu\u2019on aurait dit un tremblement de terre\u00a0\u00bb, t\u00e9moigne un habitant de Sanaa. \u00a0<\/p>\n<p>L\u2019administration Trump justifie ces attaques par la menace houthie sur la navigation en mer Rouge, bien que le groupe n\u2019ait pas encore mis ses menaces \u00e0 ex\u00e9cution.<\/p>\n","protected":false},"excerpt":{"rendered":"<p>Les frappes am\u00e9ricaines au Y\u00e9men ont fait 31 morts apr\u00e8s une menace des Houthis contre la navigation en mer Rouge. Trump promet une r\u00e9ponse  \u00e9crasante  et met e&#8230;<\/p>\n","protected":false},"author":4779,"featured_media":292071,"comment_status":"open","ping_status":"closed","sticky":false,"template":"","format":"standard","meta":{"footnotes":""},"categories":[2598],"tags":[3035,2638,2912,7272,3309,2637],"class_list":["post-220592","post","type-post","status-publish","format-standard","has-post-thumbnail","hentry","category-international","tag-etats-unis","tag-houthis","tag-iran","tag-mer-rouge","tag-trump","tag-yemen"],"yoast_head":"<!-- This site is optimized with the Yoast SEO Premium plugin v27.5 (Yoast SEO v27.5) - https:\/\/yoast.com\/product\/yoast-seo-premium-wordpress\/ -->\n<title>Frappes am\u00e9ricaines au Y\u00e9men : 31 morts, Trump d\u00e9fie les Houthis et l\u2019Iran<\/title>\n<meta name=\"description\" content=\"Les frappes am\u00e9ricaines au Y\u00e9men ont fait 31 morts apr\u00e8s une menace des Houthis contre la navigation en mer Rouge. Trump promet une r\u00e9ponse \u00e9crasante et met e...\" \/>\n<link rel=\"canonical\" href=\"https:\/\/www.webdo.tn\/fr\/actualite\/international\/frappes-americaines-au-yemen-31-morts-trump-defie-les-houthis-et-l-iran\/220592\/\" \/>\n<meta property=\"og:locale\" content=\"fr_FR\" \/>\n<meta property=\"og:type\" content=\"article\" \/>\n<meta property=\"og:title\" content=\"Frappes am\u00e9ricaines au Y\u00e9men : 31 morts, Trump d\u00e9fie les Houthis et l\u2019Iran\" \/>\n<meta property=\"og:description\" content=\"Les frappes am\u00e9ricaines au Y\u00e9men ont fait 31 morts apr\u00e8s une menace des Houthis contre la navigation en mer Rouge. Trump promet une r\u00e9ponse \u00e9crasante et met e...\" \/>\n<meta property=\"og:url\" content=\"https:\/\/www.webdo.tn\/fr\/actualite\/international\/frappes-americaines-au-yemen-31-morts-trump-defie-les-houthis-et-l-iran\/220592\/\" \/>\n<meta property=\"og:site_name\" content=\"webdo\" \/>\n<meta property=\"article:publisher\" content=\"https:\/\/www.facebook.com\/webdotn\" \/>\n<meta property=\"article:published_time\" content=\"2025-03-16T09:20:00+00:00\" \/>\n<meta property=\"og:image\" content=\"https:\/\/www.webdo.tn\/fr\/wp-content\/uploads\/2025\/03\/1da4080345ab7cb0a8e47f64894ef66d.webp\" \/>\n\t<meta property=\"og:image:width\" content=\"750\" \/>\n\t<meta property=\"og:image:height\" content=\"400\" \/>\n\t<meta property=\"og:image:type\" content=\"image\/webp\" \/>\n<meta name=\"author\" content=\"Firas Ben Abdeltif\" \/>\n<meta name=\"twitter:card\" content=\"summary_large_image\" \/>\n<meta name=\"twitter:creator\" content=\"@webdo_tn\" \/>\n<meta name=\"twitter:site\" content=\"@webdo_tn\" \/>\n<meta name=\"twitter:label1\" content=\"\u00c9crit par\" \/>\n\t<meta name=\"twitter:data1\" content=\"Firas Ben Abdeltif\" \/>\n\t<meta name=\"twitter:label2\" content=\"Dur\u00e9e de lecture estim\u00e9e\" \/>\n\t<meta name=\"twitter:data2\" content=\"1 minute\" \/>\n<script type=\"application\/ld+json\" class=\"yoast-schema-graph\">{\"@context\":\"https:\\\/\\\/schema.org\",\"@graph\":[{\"@type\":\"NewsArticle\",\"@id\":\"https:\\\/\\\/www.webdo.tn\\\/fr\\\/actualite\\\/international\\\/frappes-americaines-au-yemen-31-morts-trump-defie-les-houthis-et-l-iran\\\/220592\\\/#article\",\"isPartOf\":{\"@id\":\"https:\\\/\\\/www.webdo.tn\\\/fr\\\/actualite\\\/international\\\/frappes-americaines-au-yemen-31-morts-trump-defie-les-houthis-et-l-iran\\\/220592\\\/\"},\"author\":{\"name\":\"Firas Ben Abdeltif\",\"@id\":\"https:\\\/\\\/www.webdo.tn\\\/fr\\\/#\\\/schema\\\/person\\\/19664196c9bfdcda126f3c27709f7d11\"},\"headline\":\"Frappes am\u00e9ricaines au Y\u00e9men : 31 morts, Trump d\u00e9fie les Houthis et l\u2019Iran\",\"datePublished\":\"2025-03-16T09:20:00+00:00\",\"mainEntityOfPage\":{\"@id\":\"https:\\\/\\\/www.webdo.tn\\\/fr\\\/actualite\\\/international\\\/frappes-americaines-au-yemen-31-morts-trump-defie-les-houthis-et-l-iran\\\/220592\\\/\"},\"wordCount\":241,\"commentCount\":0,\"publisher\":{\"@id\":\"https:\\\/\\\/www.webdo.tn\\\/fr\\\/#organization\"},\"image\":{\"@id\":\"https:\\\/\\\/www.webdo.tn\\\/fr\\\/actualite\\\/international\\\/frappes-americaines-au-yemen-31-morts-trump-defie-les-houthis-et-l-iran\\\/220592\\\/#primaryimage\"},\"thumbnailUrl\":\"https:\\\/\\\/www.webdo.tn\\\/fr\\\/wp-content\\\/uploads\\\/2025\\\/03\\\/1da4080345ab7cb0a8e47f64894ef66d.webp\",\"keywords\":[\"Etats-Unis\",\"houthis\",\"Iran\",\"mer rouge\",\"trump\",\"y\u00e9men\"],\"articleSection\":[\"International\"],\"inLanguage\":\"fr-FR\"},{\"@type\":\"WebPage\",\"@id\":\"https:\\\/\\\/www.webdo.tn\\\/fr\\\/actualite\\\/international\\\/frappes-americaines-au-yemen-31-morts-trump-defie-les-houthis-et-l-iran\\\/220592\\\/\",\"url\":\"https:\\\/\\\/www.webdo.tn\\\/fr\\\/actualite\\\/international\\\/frappes-americaines-au-yemen-31-morts-trump-defie-les-houthis-et-l-iran\\\/220592\\\/\",\"name\":\"Frappes am\u00e9ricaines au Y\u00e9men : 31 morts, Trump d\u00e9fie les Houthis et l\u2019Iran\",\"isPartOf\":{\"@id\":\"https:\\\/\\\/www.webdo.tn\\\/fr\\\/#website\"},\"primaryImageOfPage\":{\"@id\":\"https:\\\/\\\/www.webdo.tn\\\/fr\\\/actualite\\\/international\\\/frappes-americaines-au-yemen-31-morts-trump-defie-les-houthis-et-l-iran\\\/220592\\\/#primaryimage\"},\"image\":{\"@id\":\"https:\\\/\\\/www.webdo.tn\\\/fr\\\/actualite\\\/international\\\/frappes-americaines-au-yemen-31-morts-trump-defie-les-houthis-et-l-iran\\\/220592\\\/#primaryimage\"},\"thumbnailUrl\":\"https:\\\/\\\/www.webdo.tn\\\/fr\\\/wp-content\\\/uploads\\\/2025\\\/03\\\/1da4080345ab7cb0a8e47f64894ef66d.webp\",\"datePublished\":\"2025-03-16T09:20:00+00:00\",\"description\":\"Les frappes am\u00e9ricaines au Y\u00e9men ont fait 31 morts apr\u00e8s une menace des Houthis contre la navigation en mer Rouge. Trump promet une r\u00e9ponse \u00e9crasante et met e...\",\"breadcrumb\":{\"@id\":\"https:\\\/\\\/www.webdo.tn\\\/fr\\\/actualite\\\/international\\\/frappes-americaines-au-yemen-31-morts-trump-defie-les-houthis-et-l-iran\\\/220592\\\/#breadcrumb\"},\"inLanguage\":\"fr-FR\",\"potentialAction\":[{\"@type\":\"ReadAction\",\"target\":[\"https:\\\/\\\/www.webdo.tn\\\/fr\\\/actualite\\\/international\\\/frappes-americaines-au-yemen-31-morts-trump-defie-les-houthis-et-l-iran\\\/220592\\\/\"]}]},{\"@type\":\"ImageObject\",\"inLanguage\":\"fr-FR\",\"@id\":\"https:\\\/\\\/www.webdo.tn\\\/fr\\\/actualite\\\/international\\\/frappes-americaines-au-yemen-31-morts-trump-defie-les-houthis-et-l-iran\\\/220592\\\/#primaryimage\",\"url\":\"https:\\\/\\\/www.webdo.tn\\\/fr\\\/wp-content\\\/uploads\\\/2025\\\/03\\\/1da4080345ab7cb0a8e47f64894ef66d.webp\",\"contentUrl\":\"https:\\\/\\\/www.webdo.tn\\\/fr\\\/wp-content\\\/uploads\\\/2025\\\/03\\\/1da4080345ab7cb0a8e47f64894ef66d.webp\",\"width\":750,\"height\":400,\"caption\":\"Frappes am\u00e9ricaines au Y\u00e9men : 31 morts, Trump d\u00e9fie les Houthis et l\u2019Iran\"},{\"@type\":\"BreadcrumbList\",\"@id\":\"https:\\\/\\\/www.webdo.tn\\\/fr\\\/actualite\\\/international\\\/frappes-americaines-au-yemen-31-morts-trump-defie-les-houthis-et-l-iran\\\/220592\\\/#breadcrumb\",\"itemListElement\":[{\"@type\":\"ListItem\",\"position\":1,\"name\":\"Accueil\",\"item\":\"https:\\\/\\\/www.webdo.tn\\\/fr\\\/\"},{\"@type\":\"ListItem\",\"position\":2,\"name\":\"Frappes am\u00e9ricaines au Y\u00e9men : 31 morts, Trump d\u00e9fie les Houthis et l\u2019Iran\"}]},{\"@type\":\"WebSite\",\"@id\":\"https:\\\/\\\/www.webdo.tn\\\/fr\\\/#website\",\"url\":\"https:\\\/\\\/www.webdo.tn\\\/fr\\\/\",\"name\":\"webdo\",\"description\":\"Tunisie - News en Tunisie et \u00e0 l&#039;international sur Webdo.tn\",\"publisher\":{\"@id\":\"https:\\\/\\\/www.webdo.tn\\\/fr\\\/#organization\"},\"potentialAction\":[{\"@type\":\"SearchAction\",\"target\":{\"@type\":\"EntryPoint\",\"urlTemplate\":\"https:\\\/\\\/www.webdo.tn\\\/fr\\\/?s={search_term_string}\"},\"query-input\":{\"@type\":\"PropertyValueSpecification\",\"valueRequired\":true,\"valueName\":\"search_term_string\"}}],\"inLanguage\":\"fr-FR\"},{\"@type\":\"Organization\",\"@id\":\"https:\\\/\\\/www.webdo.tn\\\/fr\\\/#organization\",\"name\":\"Webdo\",\"alternateName\":\"Webdo.tn\",\"url\":\"https:\\\/\\\/www.webdo.tn\\\/fr\\\/\",\"logo\":{\"@type\":\"ImageObject\",\"inLanguage\":\"fr-FR\",\"@id\":\"https:\\\/\\\/www.webdo.tn\\\/fr\\\/#\\\/schema\\\/logo\\\/image\\\/\",\"url\":\"https:\\\/\\\/www.webdo.tn\\\/fr\\\/wp-content\\\/uploads\\\/2025\\\/06\\\/Webdo-Tunisie_168377.jpg\",\"contentUrl\":\"https:\\\/\\\/www.webdo.tn\\\/fr\\\/wp-content\\\/uploads\\\/2025\\\/06\\\/Webdo-Tunisie_168377.jpg\",\"width\":301,\"height\":301,\"caption\":\"Webdo\"},\"image\":{\"@id\":\"https:\\\/\\\/www.webdo.tn\\\/fr\\\/#\\\/schema\\\/logo\\\/image\\\/\"},\"sameAs\":[\"https:\\\/\\\/www.facebook.com\\\/webdotn\",\"https:\\\/\\\/x.com\\\/webdo_tn\"],\"description\":\"Webdo est un m\u00e9dia num\u00e9rique tunisien fond\u00e9 en 2010, sp\u00e9cialis\u00e9 dans l\u2019actualit\u00e9 nationale et internationale, l\u2019\u00e9conomie, la soci\u00e9t\u00e9 et les analyses politiques. Le site s\u2019adresse \u00e0 un large public francophone et couvre l\u2019information tunisienne en temps r\u00e9el.\",\"email\":\"redac@webdo.tn\",\"legalName\":\"YNJ SARL\",\"foundingDate\":\"2010-09-06\",\"numberOfEmployees\":{\"@type\":\"QuantitativeValue\",\"minValue\":\"11\",\"maxValue\":\"50\"}},{\"@type\":\"Person\",\"@id\":\"https:\\\/\\\/www.webdo.tn\\\/fr\\\/#\\\/schema\\\/person\\\/19664196c9bfdcda126f3c27709f7d11\",\"name\":\"Firas Ben Abdeltif\",\"image\":{\"@type\":\"ImageObject\",\"inLanguage\":\"fr-FR\",\"@id\":\"https:\\\/\\\/secure.gravatar.com\\\/avatar\\\/161a347d40df098a084778c52ed133dbd85f14df003867067c5948081241ec55?s=96&d=mm&r=g\",\"url\":\"https:\\\/\\\/secure.gravatar.com\\\/avatar\\\/161a347d40df098a084778c52ed133dbd85f14df003867067c5948081241ec55?s=96&d=mm&r=g\",\"contentUrl\":\"https:\\\/\\\/secure.gravatar.com\\\/avatar\\\/161a347d40df098a084778c52ed133dbd85f14df003867067c5948081241ec55?s=96&d=mm&r=g\",\"caption\":\"Firas Ben Abdeltif\"},\"url\":\"https:\\\/\\\/www.webdo.tn\\\/fr\\\/actualite\\\/author\\\/firas-ben-abdeltif\\\/\"}]}<\/script>\n<!-- \/ Yoast SEO Premium plugin. -->","yoast_head_json":{"title":"Frappes am\u00e9ricaines au Y\u00e9men : 31 morts, Trump d\u00e9fie les Houthis et l\u2019Iran","description":"Les frappes am\u00e9ricaines au Y\u00e9men ont fait 31 morts apr\u00e8s une menace des Houthis contre la navigation en mer Rouge. Trump promet une r\u00e9ponse \u00e9crasante et met e...","canonical":"https:\/\/www.webdo.tn\/fr\/actualite\/international\/frappes-americaines-au-yemen-31-morts-trump-defie-les-houthis-et-l-iran\/220592\/","og_locale":"fr_FR","og_type":"article","og_title":"Frappes am\u00e9ricaines au Y\u00e9men : 31 morts, Trump d\u00e9fie les Houthis et l\u2019Iran","og_description":"Les frappes am\u00e9ricaines au Y\u00e9men ont fait 31 morts apr\u00e8s une menace des Houthis contre la navigation en mer Rouge. Trump promet une r\u00e9ponse \u00e9crasante et met e...","og_url":"https:\/\/www.webdo.tn\/fr\/actualite\/international\/frappes-americaines-au-yemen-31-morts-trump-defie-les-houthis-et-l-iran\/220592\/","og_site_name":"webdo","article_publisher":"https:\/\/www.facebook.com\/webdotn","article_published_time":"2025-03-16T09:20:00+00:00","og_image":[{"width":750,"height":400,"url":"https:\/\/www.webdo.tn\/fr\/wp-content\/uploads\/2025\/03\/1da4080345ab7cb0a8e47f64894ef66d.webp","type":"image\/webp"}],"author":"Firas Ben Abdeltif","twitter_card":"summary_large_image","twitter_creator":"@webdo_tn","twitter_site":"@webdo_tn","twitter_misc":{"\u00c9crit par":"Firas Ben Abdeltif","Dur\u00e9e de lecture estim\u00e9e":"1 minute"},"schema":{"@context":"https:\/\/schema.org","@graph":[{"@type":"NewsArticle","@id":"https:\/\/www.webdo.tn\/fr\/actualite\/international\/frappes-americaines-au-yemen-31-morts-trump-defie-les-houthis-et-l-iran\/220592\/#article","isPartOf":{"@id":"https:\/\/www.webdo.tn\/fr\/actualite\/international\/frappes-americaines-au-yemen-31-morts-trump-defie-les-houthis-et-l-iran\/220592\/"},"author":{"name":"Firas Ben Abdeltif","@id":"https:\/\/www.webdo.tn\/fr\/#\/schema\/person\/19664196c9bfdcda126f3c27709f7d11"},"headline":"Frappes am\u00e9ricaines au Y\u00e9men : 31 morts, Trump d\u00e9fie les Houthis et l\u2019Iran","datePublished":"2025-03-16T09:20:00+00:00","mainEntityOfPage":{"@id":"https:\/\/www.webdo.tn\/fr\/actualite\/international\/frappes-americaines-au-yemen-31-morts-trump-defie-les-houthis-et-l-iran\/220592\/"},"wordCount":241,"commentCount":0,"publisher":{"@id":"https:\/\/www.webdo.tn\/fr\/#organization"},"image":{"@id":"https:\/\/www.webdo.tn\/fr\/actualite\/international\/frappes-americaines-au-yemen-31-morts-trump-defie-les-houthis-et-l-iran\/220592\/#primaryimage"},"thumbnailUrl":"https:\/\/www.webdo.tn\/fr\/wp-content\/uploads\/2025\/03\/1da4080345ab7cb0a8e47f64894ef66d.webp","keywords":["Etats-Unis","houthis","Iran","mer rouge","trump","y\u00e9men"],"articleSection":["International"],"inLanguage":"fr-FR"},{"@type":"WebPage","@id":"https:\/\/www.webdo.tn\/fr\/actualite\/international\/frappes-americaines-au-yemen-31-morts-trump-defie-les-houthis-et-l-iran\/220592\/","url":"https:\/\/www.webdo.tn\/fr\/actualite\/international\/frappes-americaines-au-yemen-31-morts-trump-defie-les-houthis-et-l-iran\/220592\/","name":"Frappes am\u00e9ricaines au Y\u00e9men : 31 morts, Trump d\u00e9fie les Houthis et l\u2019Iran","isPartOf":{"@id":"https:\/\/www.webdo.tn\/fr\/#website"},"primaryImageOfPage":{"@id":"https:\/\/www.webdo.tn\/fr\/actualite\/international\/frappes-americaines-au-yemen-31-morts-trump-defie-les-houthis-et-l-iran\/220592\/#primaryimage"},"image":{"@id":"https:\/\/www.webdo.tn\/fr\/actualite\/international\/frappes-americaines-au-yemen-31-morts-trump-defie-les-houthis-et-l-iran\/220592\/#primaryimage"},"thumbnailUrl":"https:\/\/www.webdo.tn\/fr\/wp-content\/uploads\/2025\/03\/1da4080345ab7cb0a8e47f64894ef66d.webp","datePublished":"2025-03-16T09:20:00+00:00","description":"Les frappes am\u00e9ricaines au Y\u00e9men ont fait 31 morts apr\u00e8s une menace des Houthis contre la navigation en mer Rouge. Trump promet une r\u00e9ponse \u00e9crasante et met e...","breadcrumb":{"@id":"https:\/\/www.webdo.tn\/fr\/actualite\/international\/frappes-americaines-au-yemen-31-morts-trump-defie-les-houthis-et-l-iran\/220592\/#breadcrumb"},"inLanguage":"fr-FR","potentialAction":[{"@type":"ReadAction","target":["https:\/\/www.webdo.tn\/fr\/actualite\/international\/frappes-americaines-au-yemen-31-morts-trump-defie-les-houthis-et-l-iran\/220592\/"]}]},{"@type":"ImageObject","inLanguage":"fr-FR","@id":"https:\/\/www.webdo.tn\/fr\/actualite\/international\/frappes-americaines-au-yemen-31-morts-trump-defie-les-houthis-et-l-iran\/220592\/#primaryimage","url":"https:\/\/www.webdo.tn\/fr\/wp-content\/uploads\/2025\/03\/1da4080345ab7cb0a8e47f64894ef66d.webp","contentUrl":"https:\/\/www.webdo.tn\/fr\/wp-content\/uploads\/2025\/03\/1da4080345ab7cb0a8e47f64894ef66d.webp","width":750,"height":400,"caption":"Frappes am\u00e9ricaines au Y\u00e9men : 31 morts, Trump d\u00e9fie les Houthis et l\u2019Iran"},{"@type":"BreadcrumbList","@id":"https:\/\/www.webdo.tn\/fr\/actualite\/international\/frappes-americaines-au-yemen-31-morts-trump-defie-les-houthis-et-l-iran\/220592\/#breadcrumb","itemListElement":[{"@type":"ListItem","position":1,"name":"Accueil","item":"https:\/\/www.webdo.tn\/fr\/"},{"@type":"ListItem","position":2,"name":"Frappes am\u00e9ricaines au Y\u00e9men : 31 morts, Trump d\u00e9fie les Houthis et l\u2019Iran"}]},{"@type":"WebSite","@id":"https:\/\/www.webdo.tn\/fr\/#website","url":"https:\/\/www.webdo.tn\/fr\/","name":"webdo","description":"Tunisie - News en Tunisie et \u00e0 l&#039;international sur Webdo.tn","publisher":{"@id":"https:\/\/www.webdo.tn\/fr\/#organization"},"potentialAction":[{"@type":"SearchAction","target":{"@type":"EntryPoint","urlTemplate":"https:\/\/www.webdo.tn\/fr\/?s={search_term_string}"},"query-input":{"@type":"PropertyValueSpecification","valueRequired":true,"valueName":"search_term_string"}}],"inLanguage":"fr-FR"},{"@type":"Organization","@id":"https:\/\/www.webdo.tn\/fr\/#organization","name":"Webdo","alternateName":"Webdo.tn","url":"https:\/\/www.webdo.tn\/fr\/","logo":{"@type":"ImageObject","inLanguage":"fr-FR","@id":"https:\/\/www.webdo.tn\/fr\/#\/schema\/logo\/image\/","url":"https:\/\/www.webdo.tn\/fr\/wp-content\/uploads\/2025\/06\/Webdo-Tunisie_168377.jpg","contentUrl":"https:\/\/www.webdo.tn\/fr\/wp-content\/uploads\/2025\/06\/Webdo-Tunisie_168377.jpg","width":301,"height":301,"caption":"Webdo"},"image":{"@id":"https:\/\/www.webdo.tn\/fr\/#\/schema\/logo\/image\/"},"sameAs":["https:\/\/www.facebook.com\/webdotn","https:\/\/x.com\/webdo_tn"],"description":"Webdo est un m\u00e9dia num\u00e9rique tunisien fond\u00e9 en 2010, sp\u00e9cialis\u00e9 dans l\u2019actualit\u00e9 nationale et internationale, l\u2019\u00e9conomie, la soci\u00e9t\u00e9 et les analyses politiques. Le site s\u2019adresse \u00e0 un large public francophone et couvre l\u2019information tunisienne en temps r\u00e9el.","email":"redac@webdo.tn","legalName":"YNJ SARL","foundingDate":"2010-09-06","numberOfEmployees":{"@type":"QuantitativeValue","minValue":"11","maxValue":"50"}},{"@type":"Person","@id":"https:\/\/www.webdo.tn\/fr\/#\/schema\/person\/19664196c9bfdcda126f3c27709f7d11","name":"Firas Ben Abdeltif","image":{"@type":"ImageObject","inLanguage":"fr-FR","@id":"https:\/\/secure.gravatar.com\/avatar\/161a347d40df098a084778c52ed133dbd85f14df003867067c5948081241ec55?s=96&d=mm&r=g","url":"https:\/\/secure.gravatar.com\/avatar\/161a347d40df098a084778c52ed133dbd85f14df003867067c5948081241ec55?s=96&d=mm&r=g","contentUrl":"https:\/\/secure.gravatar.com\/avatar\/161a347d40df098a084778c52ed133dbd85f14df003867067c5948081241ec55?s=96&d=mm&r=g","caption":"Firas Ben Abdeltif"},"url":"https:\/\/www.webdo.tn\/fr\/actualite\/author\/firas-ben-abdeltif\/"}]}},"_links":{"self":[{"href":"https:\/\/www.webdo.tn\/fr\/wp-json\/wp\/v2\/posts\/220592","targetHints":{"allow":["GET"]}}],"collection":[{"href":"https:\/\/www.webdo.tn\/fr\/wp-json\/wp\/v2\/posts"}],"about":[{"href":"https:\/\/www.webdo.tn\/fr\/wp-json\/wp\/v2\/types\/post"}],"author":[{"embeddable":true,"href":"https:\/\/www.webdo.tn\/fr\/wp-json\/wp\/v2\/users\/4779"}],"replies":[{"embeddable":true,"href":"https:\/\/www.webdo.tn\/fr\/wp-json\/wp\/v2\/comments?post=220592"}],"version-history":[{"count":0,"href":"https:\/\/www.webdo.tn\/fr\/wp-json\/wp\/v2\/posts\/220592\/revisions"}],"wp:featuredmedia":[{"embeddable":true,"href":"https:\/\/www.webdo.tn\/fr\/wp-json\/wp\/v2\/media\/292071"}],"wp:attachment":[{"href":"https:\/\/www.webdo.tn\/fr\/wp-json\/wp\/v2\/media?parent=220592"}],"wp:term":[{"taxonomy":"category","embeddable":true,"href":"https:\/\/www.webdo.tn\/fr\/wp-json\/wp\/v2\/categories?post=220592"},{"taxonomy":"post_tag","embeddable":true,"href":"https:\/\/www.webdo.tn\/fr\/wp-json\/wp\/v2\/tags?post=220592"}],"curies":[{"name":"wp","href":"https:\/\/api.w.org\/{rel}","templated":true}]}}