{"id":220569,"date":"2025-03-14T17:41:00","date_gmt":"2025-03-14T17:41:00","guid":{"rendered":"https:\/\/www.webdo.tn\/fr\/blog\/2025\/03\/14\/atct-recul-des-recrutements-de-tunisiens-a-l-etranger-en-2025\/"},"modified":"2025-05-21T08:58:58","modified_gmt":"2025-05-21T08:58:58","slug":"atct-recul-des-recrutements-de-tunisiens-a-l-etranger-en-2025","status":"publish","type":"post","link":"https:\/\/www.webdo.tn\/fr\/actualite\/national\/atct-recul-des-recrutements-de-tunisiens-a-l-etranger-en-2025\/220569\/","title":{"rendered":"ATCT : L\u00e9g\u00e8re baisse des recrutements tunisiens \u00e0 l\u2019\u00e9tranger en 2025"},"content":{"rendered":"<p>Le nombre de Tunisiens recrut\u00e9s \u00e0 l\u2019\u00e9tranger a enregistr\u00e9 une l\u00e9g\u00e8re baisse au cours des deux premiers mois de 2025, selon les donn\u00e9es publi\u00e9es par l&rsquo;Agence tunisienne de coop\u00e9ration technique (ATCT).<\/p>\n<p>\t\t\t\t\t\t\t\t\tCette tendance s&rsquo;explique par une diminution des opportunit\u00e9s d&#8217;emploi offertes par les pays partenaires.<\/p>\n<p>D&rsquo;apr\u00e8s les chiffres de l&rsquo;ATCT, 492 Tunisiens ont \u00e9t\u00e9 recrut\u00e9s \u00e0 l\u2019international entre janvier et f\u00e9vrier 2025, contre 505 durant la m\u00eame p\u00e9riode l&rsquo;an dernier, soit une baisse de 2,6 %. Cette diminution est en grande partie li\u00e9e \u00e0 la chute de 36,7 % du nombre d&rsquo;offres d&#8217;emploi disponibles sur la p\u00e9riode.<\/p>\n<p>Le domaine m\u00e9dical et param\u00e9dical demeure le plus dynamique en mati\u00e8re d\u2019embauche, avec plus de la moiti\u00e9 des recrutements enregistr\u00e9s. Au total, 248 cadres param\u00e9dicaux ainsi que 27 m\u00e9decins g\u00e9n\u00e9ralistes et sp\u00e9cialistes ont \u00e9t\u00e9 recrut\u00e9s. Le secteur de l\u2019\u00e9ducation arrive en deuxi\u00e8me position en termes de volume d\u2019emplois offerts.<\/p>\n<p>Concernant les destinations privil\u00e9gi\u00e9es, l&rsquo;Allemagne s&rsquo;impose comme le principal pays d&rsquo;accueil des comp\u00e9tences tunisiennes, suivie du Canada, confirmant ainsi l\u2019int\u00e9r\u00eat de ces deux pays pour le savoir-faire tunisien dans des secteurs cl\u00e9s.<\/p>\n","protected":false},"excerpt":{"rendered":"<p>Baisse de 2,6 % des recrutements de Tunisiens \u00e0 l\u2019\u00e9tranger en f\u00e9vrier 2025, avec l&rsquo;Allemagne et le Canada en principales destinations.<\/p>\n","protected":false},"author":3166,"featured_media":241664,"comment_status":"open","ping_status":"open","sticky":false,"template":"","format":"standard","meta":{"footnotes":""},"categories":[44],"tags":[3619,3620,2608],"class_list":["post-220569","post","type-post","status-publish","format-standard","has-post-thumbnail","hentry","category-national","tag-atct","tag-cooperationtechnique","tag-tunisie"],"yoast_head":"<!-- This site is optimized with the Yoast SEO Premium plugin v27.4 (Yoast SEO v27.5) - https:\/\/yoast.com\/product\/yoast-seo-premium-wordpress\/ -->\n<title>ATCT : L\u00e9g\u00e8re baisse des recrutements tunisiens \u00e0 l\u2019\u00e9tranger en 2025<\/title>\n<meta name=\"description\" content=\"Baisse de 2,6 % des recrutements de Tunisiens \u00e0 l\u2019\u00e9tranger en f\u00e9vrier 2025, avec l&#039;Allemagne et le Canada en principales destinations.\" \/>\n<link rel=\"canonical\" href=\"https:\/\/www.webdo.tn\/fr\/actualite\/national\/atct-recul-des-recrutements-de-tunisiens-a-l-etranger-en-2025\/220569\/\" \/>\n<meta property=\"og:locale\" content=\"fr_FR\" \/>\n<meta property=\"og:type\" content=\"article\" \/>\n<meta property=\"og:title\" content=\"ATCT : L\u00e9g\u00e8re baisse des recrutements tunisiens \u00e0 l\u2019\u00e9tranger en 2025\" \/>\n<meta property=\"og:description\" content=\"Baisse de 2,6 % des recrutements de Tunisiens \u00e0 l\u2019\u00e9tranger en f\u00e9vrier 2025, avec l&#039;Allemagne et le Canada en principales destinations.\" \/>\n<meta property=\"og:url\" content=\"https:\/\/www.webdo.tn\/fr\/actualite\/national\/atct-recul-des-recrutements-de-tunisiens-a-l-etranger-en-2025\/220569\/\" \/>\n<meta property=\"og:site_name\" content=\"webdo\" \/>\n<meta property=\"article:publisher\" content=\"https:\/\/www.facebook.com\/webdotn\" \/>\n<meta property=\"article:published_time\" content=\"2025-03-14T17:41:00+00:00\" \/>\n<meta property=\"article:modified_time\" content=\"2025-05-21T08:58:58+00:00\" \/>\n<meta property=\"og:image\" content=\"https:\/\/www.webdo.tn\/fr\/wp-content\/uploads\/2025\/05\/5ae1cb711e426add5f483f2359d742c0-3.webp\" \/>\n\t<meta property=\"og:image:width\" content=\"750\" \/>\n\t<meta property=\"og:image:height\" content=\"400\" \/>\n\t<meta property=\"og:image:type\" content=\"image\/webp\" \/>\n<meta name=\"author\" content=\"AZ\" \/>\n<meta name=\"twitter:card\" content=\"summary_large_image\" \/>\n<meta name=\"twitter:creator\" content=\"@webdo_tn\" \/>\n<meta name=\"twitter:site\" content=\"@webdo_tn\" \/>\n<meta name=\"twitter:label1\" content=\"\u00c9crit par\" \/>\n\t<meta name=\"twitter:data1\" content=\"AZ\" \/>\n\t<meta name=\"twitter:label2\" content=\"Dur\u00e9e de lecture estim\u00e9e\" \/>\n\t<meta name=\"twitter:data2\" content=\"1 minute\" \/>\n<script type=\"application\/ld+json\" class=\"yoast-schema-graph\">{\"@context\":\"https:\\\/\\\/schema.org\",\"@graph\":[{\"@type\":\"NewsArticle\",\"@id\":\"https:\\\/\\\/www.webdo.tn\\\/fr\\\/actualite\\\/national\\\/atct-recul-des-recrutements-de-tunisiens-a-l-etranger-en-2025\\\/220569\\\/#article\",\"isPartOf\":{\"@id\":\"https:\\\/\\\/www.webdo.tn\\\/fr\\\/actualite\\\/national\\\/atct-recul-des-recrutements-de-tunisiens-a-l-etranger-en-2025\\\/220569\\\/\"},\"author\":{\"name\":\"AZ\",\"@id\":\"https:\\\/\\\/www.webdo.tn\\\/fr\\\/#\\\/schema\\\/person\\\/b8a41c04d93287d375510db360906b34\"},\"headline\":\"ATCT : L\u00e9g\u00e8re baisse des recrutements tunisiens \u00e0 l\u2019\u00e9tranger en 2025\",\"datePublished\":\"2025-03-14T17:41:00+00:00\",\"dateModified\":\"2025-05-21T08:58:58+00:00\",\"mainEntityOfPage\":{\"@id\":\"https:\\\/\\\/www.webdo.tn\\\/fr\\\/actualite\\\/national\\\/atct-recul-des-recrutements-de-tunisiens-a-l-etranger-en-2025\\\/220569\\\/\"},\"wordCount\":224,\"commentCount\":0,\"publisher\":{\"@id\":\"https:\\\/\\\/www.webdo.tn\\\/fr\\\/#organization\"},\"image\":{\"@id\":\"https:\\\/\\\/www.webdo.tn\\\/fr\\\/actualite\\\/national\\\/atct-recul-des-recrutements-de-tunisiens-a-l-etranger-en-2025\\\/220569\\\/#primaryimage\"},\"thumbnailUrl\":\"https:\\\/\\\/www.webdo.tn\\\/fr\\\/wp-content\\\/uploads\\\/2025\\\/05\\\/5ae1cb711e426add5f483f2359d742c0-3.webp\",\"keywords\":[\"atct\",\"Coop\u00e9rationTechnique\",\"Tunisie\"],\"articleSection\":[\"National\"],\"inLanguage\":\"fr-FR\"},{\"@type\":\"WebPage\",\"@id\":\"https:\\\/\\\/www.webdo.tn\\\/fr\\\/actualite\\\/national\\\/atct-recul-des-recrutements-de-tunisiens-a-l-etranger-en-2025\\\/220569\\\/\",\"url\":\"https:\\\/\\\/www.webdo.tn\\\/fr\\\/actualite\\\/national\\\/atct-recul-des-recrutements-de-tunisiens-a-l-etranger-en-2025\\\/220569\\\/\",\"name\":\"ATCT : L\u00e9g\u00e8re baisse des recrutements tunisiens \u00e0 l\u2019\u00e9tranger en 2025\",\"isPartOf\":{\"@id\":\"https:\\\/\\\/www.webdo.tn\\\/fr\\\/#website\"},\"primaryImageOfPage\":{\"@id\":\"https:\\\/\\\/www.webdo.tn\\\/fr\\\/actualite\\\/national\\\/atct-recul-des-recrutements-de-tunisiens-a-l-etranger-en-2025\\\/220569\\\/#primaryimage\"},\"image\":{\"@id\":\"https:\\\/\\\/www.webdo.tn\\\/fr\\\/actualite\\\/national\\\/atct-recul-des-recrutements-de-tunisiens-a-l-etranger-en-2025\\\/220569\\\/#primaryimage\"},\"thumbnailUrl\":\"https:\\\/\\\/www.webdo.tn\\\/fr\\\/wp-content\\\/uploads\\\/2025\\\/05\\\/5ae1cb711e426add5f483f2359d742c0-3.webp\",\"datePublished\":\"2025-03-14T17:41:00+00:00\",\"dateModified\":\"2025-05-21T08:58:58+00:00\",\"description\":\"Baisse de 2,6 % des recrutements de Tunisiens \u00e0 l\u2019\u00e9tranger en f\u00e9vrier 2025, avec l'Allemagne et le Canada en principales destinations.\",\"breadcrumb\":{\"@id\":\"https:\\\/\\\/www.webdo.tn\\\/fr\\\/actualite\\\/national\\\/atct-recul-des-recrutements-de-tunisiens-a-l-etranger-en-2025\\\/220569\\\/#breadcrumb\"},\"inLanguage\":\"fr-FR\",\"potentialAction\":[{\"@type\":\"ReadAction\",\"target\":[\"https:\\\/\\\/www.webdo.tn\\\/fr\\\/actualite\\\/national\\\/atct-recul-des-recrutements-de-tunisiens-a-l-etranger-en-2025\\\/220569\\\/\"]}]},{\"@type\":\"ImageObject\",\"inLanguage\":\"fr-FR\",\"@id\":\"https:\\\/\\\/www.webdo.tn\\\/fr\\\/actualite\\\/national\\\/atct-recul-des-recrutements-de-tunisiens-a-l-etranger-en-2025\\\/220569\\\/#primaryimage\",\"url\":\"https:\\\/\\\/www.webdo.tn\\\/fr\\\/wp-content\\\/uploads\\\/2025\\\/05\\\/5ae1cb711e426add5f483f2359d742c0-3.webp\",\"contentUrl\":\"https:\\\/\\\/www.webdo.tn\\\/fr\\\/wp-content\\\/uploads\\\/2025\\\/05\\\/5ae1cb711e426add5f483f2359d742c0-3.webp\",\"width\":750,\"height\":400},{\"@type\":\"BreadcrumbList\",\"@id\":\"https:\\\/\\\/www.webdo.tn\\\/fr\\\/actualite\\\/national\\\/atct-recul-des-recrutements-de-tunisiens-a-l-etranger-en-2025\\\/220569\\\/#breadcrumb\",\"itemListElement\":[{\"@type\":\"ListItem\",\"position\":1,\"name\":\"Accueil\",\"item\":\"https:\\\/\\\/www.webdo.tn\\\/fr\\\/\"},{\"@type\":\"ListItem\",\"position\":2,\"name\":\"ATCT : L\u00e9g\u00e8re baisse des recrutements tunisiens \u00e0 l\u2019\u00e9tranger en 2025\"}]},{\"@type\":\"WebSite\",\"@id\":\"https:\\\/\\\/www.webdo.tn\\\/fr\\\/#website\",\"url\":\"https:\\\/\\\/www.webdo.tn\\\/fr\\\/\",\"name\":\"webdo\",\"description\":\"Tunisie - News en Tunisie et \u00e0 l&#039;international sur Webdo.tn\",\"publisher\":{\"@id\":\"https:\\\/\\\/www.webdo.tn\\\/fr\\\/#organization\"},\"potentialAction\":[{\"@type\":\"SearchAction\",\"target\":{\"@type\":\"EntryPoint\",\"urlTemplate\":\"https:\\\/\\\/www.webdo.tn\\\/fr\\\/?s={search_term_string}\"},\"query-input\":{\"@type\":\"PropertyValueSpecification\",\"valueRequired\":true,\"valueName\":\"search_term_string\"}}],\"inLanguage\":\"fr-FR\"},{\"@type\":\"Organization\",\"@id\":\"https:\\\/\\\/www.webdo.tn\\\/fr\\\/#organization\",\"name\":\"Webdo\",\"alternateName\":\"Webdo.tn\",\"url\":\"https:\\\/\\\/www.webdo.tn\\\/fr\\\/\",\"logo\":{\"@type\":\"ImageObject\",\"inLanguage\":\"fr-FR\",\"@id\":\"https:\\\/\\\/www.webdo.tn\\\/fr\\\/#\\\/schema\\\/logo\\\/image\\\/\",\"url\":\"https:\\\/\\\/www.webdo.tn\\\/fr\\\/wp-content\\\/uploads\\\/2025\\\/06\\\/Webdo-Tunisie_168377.jpg\",\"contentUrl\":\"https:\\\/\\\/www.webdo.tn\\\/fr\\\/wp-content\\\/uploads\\\/2025\\\/06\\\/Webdo-Tunisie_168377.jpg\",\"width\":301,\"height\":301,\"caption\":\"Webdo\"},\"image\":{\"@id\":\"https:\\\/\\\/www.webdo.tn\\\/fr\\\/#\\\/schema\\\/logo\\\/image\\\/\"},\"sameAs\":[\"https:\\\/\\\/www.facebook.com\\\/webdotn\",\"https:\\\/\\\/x.com\\\/webdo_tn\"],\"description\":\"Webdo est un m\u00e9dia num\u00e9rique tunisien fond\u00e9 en 2010, sp\u00e9cialis\u00e9 dans l\u2019actualit\u00e9 nationale et internationale, l\u2019\u00e9conomie, la soci\u00e9t\u00e9 et les analyses politiques. Le site s\u2019adresse \u00e0 un large public francophone et couvre l\u2019information tunisienne en temps r\u00e9el.\",\"email\":\"redac@webdo.tn\",\"legalName\":\"YNJ SARL\",\"foundingDate\":\"2010-09-06\",\"numberOfEmployees\":{\"@type\":\"QuantitativeValue\",\"minValue\":\"11\",\"maxValue\":\"50\"}},{\"@type\":\"Person\",\"@id\":\"https:\\\/\\\/www.webdo.tn\\\/fr\\\/#\\\/schema\\\/person\\\/b8a41c04d93287d375510db360906b34\",\"name\":\"AZ\",\"image\":{\"@type\":\"ImageObject\",\"inLanguage\":\"fr-FR\",\"@id\":\"https:\\\/\\\/secure.gravatar.com\\\/avatar\\\/492b80bada79439de4201dce15cd41eece6c277cfdf1b53382073c79105c1f89?s=96&d=mm&r=g\",\"url\":\"https:\\\/\\\/secure.gravatar.com\\\/avatar\\\/492b80bada79439de4201dce15cd41eece6c277cfdf1b53382073c79105c1f89?s=96&d=mm&r=g\",\"contentUrl\":\"https:\\\/\\\/secure.gravatar.com\\\/avatar\\\/492b80bada79439de4201dce15cd41eece6c277cfdf1b53382073c79105c1f89?s=96&d=mm&r=g\",\"caption\":\"AZ\"},\"url\":\"https:\\\/\\\/www.webdo.tn\\\/fr\\\/actualite\\\/author\\\/az\\\/\"}]}<\/script>\n<!-- \/ Yoast SEO Premium plugin. -->","yoast_head_json":{"title":"ATCT : L\u00e9g\u00e8re baisse des recrutements tunisiens \u00e0 l\u2019\u00e9tranger en 2025","description":"Baisse de 2,6 % des recrutements de Tunisiens \u00e0 l\u2019\u00e9tranger en f\u00e9vrier 2025, avec l'Allemagne et le Canada en principales destinations.","canonical":"https:\/\/www.webdo.tn\/fr\/actualite\/national\/atct-recul-des-recrutements-de-tunisiens-a-l-etranger-en-2025\/220569\/","og_locale":"fr_FR","og_type":"article","og_title":"ATCT : L\u00e9g\u00e8re baisse des recrutements tunisiens \u00e0 l\u2019\u00e9tranger en 2025","og_description":"Baisse de 2,6 % des recrutements de Tunisiens \u00e0 l\u2019\u00e9tranger en f\u00e9vrier 2025, avec l'Allemagne et le Canada en principales destinations.","og_url":"https:\/\/www.webdo.tn\/fr\/actualite\/national\/atct-recul-des-recrutements-de-tunisiens-a-l-etranger-en-2025\/220569\/","og_site_name":"webdo","article_publisher":"https:\/\/www.facebook.com\/webdotn","article_published_time":"2025-03-14T17:41:00+00:00","article_modified_time":"2025-05-21T08:58:58+00:00","og_image":[{"width":750,"height":400,"url":"https:\/\/www.webdo.tn\/fr\/wp-content\/uploads\/2025\/05\/5ae1cb711e426add5f483f2359d742c0-3.webp","type":"image\/webp"}],"author":"AZ","twitter_card":"summary_large_image","twitter_creator":"@webdo_tn","twitter_site":"@webdo_tn","twitter_misc":{"\u00c9crit par":"AZ","Dur\u00e9e de lecture estim\u00e9e":"1 minute"},"schema":{"@context":"https:\/\/schema.org","@graph":[{"@type":"NewsArticle","@id":"https:\/\/www.webdo.tn\/fr\/actualite\/national\/atct-recul-des-recrutements-de-tunisiens-a-l-etranger-en-2025\/220569\/#article","isPartOf":{"@id":"https:\/\/www.webdo.tn\/fr\/actualite\/national\/atct-recul-des-recrutements-de-tunisiens-a-l-etranger-en-2025\/220569\/"},"author":{"name":"AZ","@id":"https:\/\/www.webdo.tn\/fr\/#\/schema\/person\/b8a41c04d93287d375510db360906b34"},"headline":"ATCT : L\u00e9g\u00e8re baisse des recrutements tunisiens \u00e0 l\u2019\u00e9tranger en 2025","datePublished":"2025-03-14T17:41:00+00:00","dateModified":"2025-05-21T08:58:58+00:00","mainEntityOfPage":{"@id":"https:\/\/www.webdo.tn\/fr\/actualite\/national\/atct-recul-des-recrutements-de-tunisiens-a-l-etranger-en-2025\/220569\/"},"wordCount":224,"commentCount":0,"publisher":{"@id":"https:\/\/www.webdo.tn\/fr\/#organization"},"image":{"@id":"https:\/\/www.webdo.tn\/fr\/actualite\/national\/atct-recul-des-recrutements-de-tunisiens-a-l-etranger-en-2025\/220569\/#primaryimage"},"thumbnailUrl":"https:\/\/www.webdo.tn\/fr\/wp-content\/uploads\/2025\/05\/5ae1cb711e426add5f483f2359d742c0-3.webp","keywords":["atct","Coop\u00e9rationTechnique","Tunisie"],"articleSection":["National"],"inLanguage":"fr-FR"},{"@type":"WebPage","@id":"https:\/\/www.webdo.tn\/fr\/actualite\/national\/atct-recul-des-recrutements-de-tunisiens-a-l-etranger-en-2025\/220569\/","url":"https:\/\/www.webdo.tn\/fr\/actualite\/national\/atct-recul-des-recrutements-de-tunisiens-a-l-etranger-en-2025\/220569\/","name":"ATCT : L\u00e9g\u00e8re baisse des recrutements tunisiens \u00e0 l\u2019\u00e9tranger en 2025","isPartOf":{"@id":"https:\/\/www.webdo.tn\/fr\/#website"},"primaryImageOfPage":{"@id":"https:\/\/www.webdo.tn\/fr\/actualite\/national\/atct-recul-des-recrutements-de-tunisiens-a-l-etranger-en-2025\/220569\/#primaryimage"},"image":{"@id":"https:\/\/www.webdo.tn\/fr\/actualite\/national\/atct-recul-des-recrutements-de-tunisiens-a-l-etranger-en-2025\/220569\/#primaryimage"},"thumbnailUrl":"https:\/\/www.webdo.tn\/fr\/wp-content\/uploads\/2025\/05\/5ae1cb711e426add5f483f2359d742c0-3.webp","datePublished":"2025-03-14T17:41:00+00:00","dateModified":"2025-05-21T08:58:58+00:00","description":"Baisse de 2,6 % des recrutements de Tunisiens \u00e0 l\u2019\u00e9tranger en f\u00e9vrier 2025, avec l'Allemagne et le Canada en principales destinations.","breadcrumb":{"@id":"https:\/\/www.webdo.tn\/fr\/actualite\/national\/atct-recul-des-recrutements-de-tunisiens-a-l-etranger-en-2025\/220569\/#breadcrumb"},"inLanguage":"fr-FR","potentialAction":[{"@type":"ReadAction","target":["https:\/\/www.webdo.tn\/fr\/actualite\/national\/atct-recul-des-recrutements-de-tunisiens-a-l-etranger-en-2025\/220569\/"]}]},{"@type":"ImageObject","inLanguage":"fr-FR","@id":"https:\/\/www.webdo.tn\/fr\/actualite\/national\/atct-recul-des-recrutements-de-tunisiens-a-l-etranger-en-2025\/220569\/#primaryimage","url":"https:\/\/www.webdo.tn\/fr\/wp-content\/uploads\/2025\/05\/5ae1cb711e426add5f483f2359d742c0-3.webp","contentUrl":"https:\/\/www.webdo.tn\/fr\/wp-content\/uploads\/2025\/05\/5ae1cb711e426add5f483f2359d742c0-3.webp","width":750,"height":400},{"@type":"BreadcrumbList","@id":"https:\/\/www.webdo.tn\/fr\/actualite\/national\/atct-recul-des-recrutements-de-tunisiens-a-l-etranger-en-2025\/220569\/#breadcrumb","itemListElement":[{"@type":"ListItem","position":1,"name":"Accueil","item":"https:\/\/www.webdo.tn\/fr\/"},{"@type":"ListItem","position":2,"name":"ATCT : L\u00e9g\u00e8re baisse des recrutements tunisiens \u00e0 l\u2019\u00e9tranger en 2025"}]},{"@type":"WebSite","@id":"https:\/\/www.webdo.tn\/fr\/#website","url":"https:\/\/www.webdo.tn\/fr\/","name":"webdo","description":"Tunisie - News en Tunisie et \u00e0 l&#039;international sur Webdo.tn","publisher":{"@id":"https:\/\/www.webdo.tn\/fr\/#organization"},"potentialAction":[{"@type":"SearchAction","target":{"@type":"EntryPoint","urlTemplate":"https:\/\/www.webdo.tn\/fr\/?s={search_term_string}"},"query-input":{"@type":"PropertyValueSpecification","valueRequired":true,"valueName":"search_term_string"}}],"inLanguage":"fr-FR"},{"@type":"Organization","@id":"https:\/\/www.webdo.tn\/fr\/#organization","name":"Webdo","alternateName":"Webdo.tn","url":"https:\/\/www.webdo.tn\/fr\/","logo":{"@type":"ImageObject","inLanguage":"fr-FR","@id":"https:\/\/www.webdo.tn\/fr\/#\/schema\/logo\/image\/","url":"https:\/\/www.webdo.tn\/fr\/wp-content\/uploads\/2025\/06\/Webdo-Tunisie_168377.jpg","contentUrl":"https:\/\/www.webdo.tn\/fr\/wp-content\/uploads\/2025\/06\/Webdo-Tunisie_168377.jpg","width":301,"height":301,"caption":"Webdo"},"image":{"@id":"https:\/\/www.webdo.tn\/fr\/#\/schema\/logo\/image\/"},"sameAs":["https:\/\/www.facebook.com\/webdotn","https:\/\/x.com\/webdo_tn"],"description":"Webdo est un m\u00e9dia num\u00e9rique tunisien fond\u00e9 en 2010, sp\u00e9cialis\u00e9 dans l\u2019actualit\u00e9 nationale et internationale, l\u2019\u00e9conomie, la soci\u00e9t\u00e9 et les analyses politiques. Le site s\u2019adresse \u00e0 un large public francophone et couvre l\u2019information tunisienne en temps r\u00e9el.","email":"redac@webdo.tn","legalName":"YNJ SARL","foundingDate":"2010-09-06","numberOfEmployees":{"@type":"QuantitativeValue","minValue":"11","maxValue":"50"}},{"@type":"Person","@id":"https:\/\/www.webdo.tn\/fr\/#\/schema\/person\/b8a41c04d93287d375510db360906b34","name":"AZ","image":{"@type":"ImageObject","inLanguage":"fr-FR","@id":"https:\/\/secure.gravatar.com\/avatar\/492b80bada79439de4201dce15cd41eece6c277cfdf1b53382073c79105c1f89?s=96&d=mm&r=g","url":"https:\/\/secure.gravatar.com\/avatar\/492b80bada79439de4201dce15cd41eece6c277cfdf1b53382073c79105c1f89?s=96&d=mm&r=g","contentUrl":"https:\/\/secure.gravatar.com\/avatar\/492b80bada79439de4201dce15cd41eece6c277cfdf1b53382073c79105c1f89?s=96&d=mm&r=g","caption":"AZ"},"url":"https:\/\/www.webdo.tn\/fr\/actualite\/author\/az\/"}]}},"_links":{"self":[{"href":"https:\/\/www.webdo.tn\/fr\/wp-json\/wp\/v2\/posts\/220569","targetHints":{"allow":["GET"]}}],"collection":[{"href":"https:\/\/www.webdo.tn\/fr\/wp-json\/wp\/v2\/posts"}],"about":[{"href":"https:\/\/www.webdo.tn\/fr\/wp-json\/wp\/v2\/types\/post"}],"author":[{"embeddable":true,"href":"https:\/\/www.webdo.tn\/fr\/wp-json\/wp\/v2\/users\/3166"}],"replies":[{"embeddable":true,"href":"https:\/\/www.webdo.tn\/fr\/wp-json\/wp\/v2\/comments?post=220569"}],"version-history":[{"count":0,"href":"https:\/\/www.webdo.tn\/fr\/wp-json\/wp\/v2\/posts\/220569\/revisions"}],"wp:featuredmedia":[{"embeddable":true,"href":"https:\/\/www.webdo.tn\/fr\/wp-json\/wp\/v2\/media\/241664"}],"wp:attachment":[{"href":"https:\/\/www.webdo.tn\/fr\/wp-json\/wp\/v2\/media?parent=220569"}],"wp:term":[{"taxonomy":"category","embeddable":true,"href":"https:\/\/www.webdo.tn\/fr\/wp-json\/wp\/v2\/categories?post=220569"},{"taxonomy":"post_tag","embeddable":true,"href":"https:\/\/www.webdo.tn\/fr\/wp-json\/wp\/v2\/tags?post=220569"}],"curies":[{"name":"wp","href":"https:\/\/api.w.org\/{rel}","templated":true}]}}