{"id":220547,"date":"2025-03-14T09:13:00","date_gmt":"2025-03-14T09:13:00","guid":{"rendered":"https:\/\/www.webdo.tn\/fr\/blog\/2025\/03\/14\/tunisie-secousse-de-magnitude-3-3-a-gabes\/"},"modified":"2025-05-20T21:41:53","modified_gmt":"2025-05-20T21:41:53","slug":"tunisie-secousse-de-magnitude-3-3-a-gabes","status":"publish","type":"post","link":"https:\/\/www.webdo.tn\/fr\/actualite\/regions\/tunisie-secousse-de-magnitude-3-3-a-gabes\/220547\/","title":{"rendered":"Tunisie : Secousse de magnitude 3,3 \u00e0 Gab\u00e8s"},"content":{"rendered":"<p>L\u2019Institut National de la M\u00e9t\u00e9orologie a enregistr\u00e9, dans la soir\u00e9e de ce jeudi 13 mars 2025, une secousse sismique dans le gouvernorat de Gab\u00e8s, plus pr\u00e9cis\u00e9ment \u00e0 l\u2019est de la ville de Hamma. La secousse, survenue \u00e0 19h38 (heure locale), a atteint une magnitude de 3,3 sur l\u2019\u00e9chelle de Richter.<\/p>\n<p>D\u2019apr\u00e8s les premi\u00e8res analyses, l\u2019\u00e9picentre a \u00e9t\u00e9 identifi\u00e9 aux coordonn\u00e9es 33,91\u00b0 de latitude et 9,89\u00b0 de longitude. Bien que de faible intensit\u00e9, cette secousse t\u00e9moigne de l\u2019activit\u00e9 sismique dans la r\u00e9gion.<\/p>\n<p>Ce s\u00e9isme fait suite \u00e0 plusieurs secousses enregistr\u00e9es ces derni\u00e8res semaines en Tunisie. Entre le novembre 2024 et mars 2025, la Tunisie a enregistr\u00e9 un total de 20 secousses sismiques. Plus r\u00e9cemment, le 4 mars 2025, une secousse de magnitude 2,9 a \u00e9t\u00e9 enregistr\u00e9e \u00e0 Meknassi.<\/p>\n<p>Ces \u00e9v\u00e9nements rappellent que la Tunisie est situ\u00e9e entre les plaques tectoniques africaine et eurasienne, ce qui la rend sujette \u00e0 une activit\u00e9 sismique mod\u00e9r\u00e9e mais constante.<\/p>\n","protected":false},"excerpt":{"rendered":"<p>Une secousse sismique de magnitude 3,3 a frapp\u00e9 Gab\u00e8s en Tunisie le 13 mars 2025, t\u00e9moignant de l&rsquo;activit\u00e9 sismique r\u00e9guli\u00e8re dans la r\u00e9gion. Ce s\u00e9isme fait sui&#8230;<\/p>\n","protected":false},"author":3162,"featured_media":241700,"comment_status":"open","ping_status":"open","sticky":false,"template":"","format":"standard","meta":{"footnotes":""},"categories":[2595],"tags":[3647,3126,3646,2608],"class_list":["post-220547","post","type-post","status-publish","format-standard","has-post-thumbnail","hentry","category-regions","tag-el-hamma","tag-gabes","tag-secousse-tellurique","tag-tunisie"],"yoast_head":"<!-- This site is optimized with the Yoast SEO Premium plugin v27.5 (Yoast SEO v27.5) - https:\/\/yoast.com\/product\/yoast-seo-premium-wordpress\/ -->\n<title>Tunisie : Secousse de magnitude 3,3 \u00e0 Gab\u00e8s<\/title>\n<meta name=\"description\" content=\"Une secousse sismique de magnitude 3,3 a frapp\u00e9 Gab\u00e8s en Tunisie le 13 mars 2025, t\u00e9moignant de l&#039;activit\u00e9 sismique r\u00e9guli\u00e8re dans la r\u00e9gion. Ce s\u00e9isme fait sui...\" \/>\n<link rel=\"canonical\" href=\"https:\/\/www.webdo.tn\/fr\/actualite\/regions\/tunisie-secousse-de-magnitude-3-3-a-gabes\/220547\/\" \/>\n<meta property=\"og:locale\" content=\"fr_FR\" \/>\n<meta property=\"og:type\" content=\"article\" \/>\n<meta property=\"og:title\" content=\"Tunisie : Secousse de magnitude 3,3 \u00e0 Gab\u00e8s\" \/>\n<meta property=\"og:description\" content=\"Une secousse sismique de magnitude 3,3 a frapp\u00e9 Gab\u00e8s en Tunisie le 13 mars 2025, t\u00e9moignant de l&#039;activit\u00e9 sismique r\u00e9guli\u00e8re dans la r\u00e9gion. Ce s\u00e9isme fait sui...\" \/>\n<meta property=\"og:url\" content=\"https:\/\/www.webdo.tn\/fr\/actualite\/regions\/tunisie-secousse-de-magnitude-3-3-a-gabes\/220547\/\" \/>\n<meta property=\"og:site_name\" content=\"webdo\" \/>\n<meta property=\"article:publisher\" content=\"https:\/\/www.facebook.com\/webdotn\" \/>\n<meta property=\"article:published_time\" content=\"2025-03-14T09:13:00+00:00\" \/>\n<meta property=\"article:modified_time\" content=\"2025-05-20T21:41:53+00:00\" \/>\n<meta property=\"og:image\" content=\"https:\/\/www.webdo.tn\/fr\/wp-content\/uploads\/2025\/05\/bd562f35e20afa0eca9de54f6cb043e1-3.webp\" \/>\n\t<meta property=\"og:image:width\" content=\"750\" \/>\n\t<meta property=\"og:image:height\" content=\"400\" \/>\n\t<meta property=\"og:image:type\" content=\"image\/webp\" \/>\n<meta name=\"author\" content=\"MC\" \/>\n<meta name=\"twitter:card\" content=\"summary_large_image\" \/>\n<meta name=\"twitter:creator\" content=\"@webdo_tn\" \/>\n<meta name=\"twitter:site\" content=\"@webdo_tn\" \/>\n<meta name=\"twitter:label1\" content=\"\u00c9crit par\" \/>\n\t<meta name=\"twitter:data1\" content=\"MC\" \/>\n\t<meta name=\"twitter:label2\" content=\"Dur\u00e9e de lecture estim\u00e9e\" \/>\n\t<meta name=\"twitter:data2\" content=\"1 minute\" \/>\n<script type=\"application\/ld+json\" class=\"yoast-schema-graph\">{\"@context\":\"https:\\\/\\\/schema.org\",\"@graph\":[{\"@type\":\"NewsArticle\",\"@id\":\"https:\\\/\\\/www.webdo.tn\\\/fr\\\/actualite\\\/regions\\\/tunisie-secousse-de-magnitude-3-3-a-gabes\\\/220547\\\/#article\",\"isPartOf\":{\"@id\":\"https:\\\/\\\/www.webdo.tn\\\/fr\\\/actualite\\\/regions\\\/tunisie-secousse-de-magnitude-3-3-a-gabes\\\/220547\\\/\"},\"author\":{\"name\":\"MC\",\"@id\":\"https:\\\/\\\/www.webdo.tn\\\/fr\\\/#\\\/schema\\\/person\\\/2c4929cbf5a809e3bd38617c6ce150f6\"},\"headline\":\"Tunisie : Secousse de magnitude 3,3 \u00e0 Gab\u00e8s\",\"datePublished\":\"2025-03-14T09:13:00+00:00\",\"dateModified\":\"2025-05-20T21:41:53+00:00\",\"mainEntityOfPage\":{\"@id\":\"https:\\\/\\\/www.webdo.tn\\\/fr\\\/actualite\\\/regions\\\/tunisie-secousse-de-magnitude-3-3-a-gabes\\\/220547\\\/\"},\"wordCount\":170,\"commentCount\":0,\"publisher\":{\"@id\":\"https:\\\/\\\/www.webdo.tn\\\/fr\\\/#organization\"},\"image\":{\"@id\":\"https:\\\/\\\/www.webdo.tn\\\/fr\\\/actualite\\\/regions\\\/tunisie-secousse-de-magnitude-3-3-a-gabes\\\/220547\\\/#primaryimage\"},\"thumbnailUrl\":\"https:\\\/\\\/www.webdo.tn\\\/fr\\\/wp-content\\\/uploads\\\/2025\\\/05\\\/bd562f35e20afa0eca9de54f6cb043e1-3.webp\",\"keywords\":[\"El Hamma\",\"gab\u00e8s\",\"secousse tellurique\",\"Tunisie\"],\"articleSection\":[\"regions\"],\"inLanguage\":\"fr-FR\"},{\"@type\":\"WebPage\",\"@id\":\"https:\\\/\\\/www.webdo.tn\\\/fr\\\/actualite\\\/regions\\\/tunisie-secousse-de-magnitude-3-3-a-gabes\\\/220547\\\/\",\"url\":\"https:\\\/\\\/www.webdo.tn\\\/fr\\\/actualite\\\/regions\\\/tunisie-secousse-de-magnitude-3-3-a-gabes\\\/220547\\\/\",\"name\":\"Tunisie : Secousse de magnitude 3,3 \u00e0 Gab\u00e8s\",\"isPartOf\":{\"@id\":\"https:\\\/\\\/www.webdo.tn\\\/fr\\\/#website\"},\"primaryImageOfPage\":{\"@id\":\"https:\\\/\\\/www.webdo.tn\\\/fr\\\/actualite\\\/regions\\\/tunisie-secousse-de-magnitude-3-3-a-gabes\\\/220547\\\/#primaryimage\"},\"image\":{\"@id\":\"https:\\\/\\\/www.webdo.tn\\\/fr\\\/actualite\\\/regions\\\/tunisie-secousse-de-magnitude-3-3-a-gabes\\\/220547\\\/#primaryimage\"},\"thumbnailUrl\":\"https:\\\/\\\/www.webdo.tn\\\/fr\\\/wp-content\\\/uploads\\\/2025\\\/05\\\/bd562f35e20afa0eca9de54f6cb043e1-3.webp\",\"datePublished\":\"2025-03-14T09:13:00+00:00\",\"dateModified\":\"2025-05-20T21:41:53+00:00\",\"description\":\"Une secousse sismique de magnitude 3,3 a frapp\u00e9 Gab\u00e8s en Tunisie le 13 mars 2025, t\u00e9moignant de l'activit\u00e9 sismique r\u00e9guli\u00e8re dans la r\u00e9gion. Ce s\u00e9isme fait sui...\",\"breadcrumb\":{\"@id\":\"https:\\\/\\\/www.webdo.tn\\\/fr\\\/actualite\\\/regions\\\/tunisie-secousse-de-magnitude-3-3-a-gabes\\\/220547\\\/#breadcrumb\"},\"inLanguage\":\"fr-FR\",\"potentialAction\":[{\"@type\":\"ReadAction\",\"target\":[\"https:\\\/\\\/www.webdo.tn\\\/fr\\\/actualite\\\/regions\\\/tunisie-secousse-de-magnitude-3-3-a-gabes\\\/220547\\\/\"]}]},{\"@type\":\"ImageObject\",\"inLanguage\":\"fr-FR\",\"@id\":\"https:\\\/\\\/www.webdo.tn\\\/fr\\\/actualite\\\/regions\\\/tunisie-secousse-de-magnitude-3-3-a-gabes\\\/220547\\\/#primaryimage\",\"url\":\"https:\\\/\\\/www.webdo.tn\\\/fr\\\/wp-content\\\/uploads\\\/2025\\\/05\\\/bd562f35e20afa0eca9de54f6cb043e1-3.webp\",\"contentUrl\":\"https:\\\/\\\/www.webdo.tn\\\/fr\\\/wp-content\\\/uploads\\\/2025\\\/05\\\/bd562f35e20afa0eca9de54f6cb043e1-3.webp\",\"width\":750,\"height\":400},{\"@type\":\"BreadcrumbList\",\"@id\":\"https:\\\/\\\/www.webdo.tn\\\/fr\\\/actualite\\\/regions\\\/tunisie-secousse-de-magnitude-3-3-a-gabes\\\/220547\\\/#breadcrumb\",\"itemListElement\":[{\"@type\":\"ListItem\",\"position\":1,\"name\":\"Accueil\",\"item\":\"https:\\\/\\\/www.webdo.tn\\\/fr\\\/\"},{\"@type\":\"ListItem\",\"position\":2,\"name\":\"Tunisie : Secousse de magnitude 3,3 \u00e0 Gab\u00e8s\"}]},{\"@type\":\"WebSite\",\"@id\":\"https:\\\/\\\/www.webdo.tn\\\/fr\\\/#website\",\"url\":\"https:\\\/\\\/www.webdo.tn\\\/fr\\\/\",\"name\":\"webdo\",\"description\":\"Tunisie - News en Tunisie et \u00e0 l&#039;international sur Webdo.tn\",\"publisher\":{\"@id\":\"https:\\\/\\\/www.webdo.tn\\\/fr\\\/#organization\"},\"potentialAction\":[{\"@type\":\"SearchAction\",\"target\":{\"@type\":\"EntryPoint\",\"urlTemplate\":\"https:\\\/\\\/www.webdo.tn\\\/fr\\\/?s={search_term_string}\"},\"query-input\":{\"@type\":\"PropertyValueSpecification\",\"valueRequired\":true,\"valueName\":\"search_term_string\"}}],\"inLanguage\":\"fr-FR\"},{\"@type\":\"Organization\",\"@id\":\"https:\\\/\\\/www.webdo.tn\\\/fr\\\/#organization\",\"name\":\"Webdo\",\"alternateName\":\"Webdo.tn\",\"url\":\"https:\\\/\\\/www.webdo.tn\\\/fr\\\/\",\"logo\":{\"@type\":\"ImageObject\",\"inLanguage\":\"fr-FR\",\"@id\":\"https:\\\/\\\/www.webdo.tn\\\/fr\\\/#\\\/schema\\\/logo\\\/image\\\/\",\"url\":\"https:\\\/\\\/www.webdo.tn\\\/fr\\\/wp-content\\\/uploads\\\/2025\\\/06\\\/Webdo-Tunisie_168377.jpg\",\"contentUrl\":\"https:\\\/\\\/www.webdo.tn\\\/fr\\\/wp-content\\\/uploads\\\/2025\\\/06\\\/Webdo-Tunisie_168377.jpg\",\"width\":301,\"height\":301,\"caption\":\"Webdo\"},\"image\":{\"@id\":\"https:\\\/\\\/www.webdo.tn\\\/fr\\\/#\\\/schema\\\/logo\\\/image\\\/\"},\"sameAs\":[\"https:\\\/\\\/www.facebook.com\\\/webdotn\",\"https:\\\/\\\/x.com\\\/webdo_tn\"],\"description\":\"Webdo est un m\u00e9dia num\u00e9rique tunisien fond\u00e9 en 2010, sp\u00e9cialis\u00e9 dans l\u2019actualit\u00e9 nationale et internationale, l\u2019\u00e9conomie, la soci\u00e9t\u00e9 et les analyses politiques. Le site s\u2019adresse \u00e0 un large public francophone et couvre l\u2019information tunisienne en temps r\u00e9el.\",\"email\":\"redac@webdo.tn\",\"legalName\":\"YNJ SARL\",\"foundingDate\":\"2010-09-06\",\"numberOfEmployees\":{\"@type\":\"QuantitativeValue\",\"minValue\":\"11\",\"maxValue\":\"50\"}},{\"@type\":\"Person\",\"@id\":\"https:\\\/\\\/www.webdo.tn\\\/fr\\\/#\\\/schema\\\/person\\\/2c4929cbf5a809e3bd38617c6ce150f6\",\"name\":\"MC\",\"image\":{\"@type\":\"ImageObject\",\"inLanguage\":\"fr-FR\",\"@id\":\"https:\\\/\\\/secure.gravatar.com\\\/avatar\\\/a545bbb6f84efdd5553dbbc2895e3ca8f1d12c5215e00a041c9670b54aa9b18a?s=96&d=mm&r=g\",\"url\":\"https:\\\/\\\/secure.gravatar.com\\\/avatar\\\/a545bbb6f84efdd5553dbbc2895e3ca8f1d12c5215e00a041c9670b54aa9b18a?s=96&d=mm&r=g\",\"contentUrl\":\"https:\\\/\\\/secure.gravatar.com\\\/avatar\\\/a545bbb6f84efdd5553dbbc2895e3ca8f1d12c5215e00a041c9670b54aa9b18a?s=96&d=mm&r=g\",\"caption\":\"MC\"},\"url\":\"https:\\\/\\\/www.webdo.tn\\\/fr\\\/actualite\\\/author\\\/mc\\\/\"}]}<\/script>\n<!-- \/ Yoast SEO Premium plugin. -->","yoast_head_json":{"title":"Tunisie : Secousse de magnitude 3,3 \u00e0 Gab\u00e8s","description":"Une secousse sismique de magnitude 3,3 a frapp\u00e9 Gab\u00e8s en Tunisie le 13 mars 2025, t\u00e9moignant de l'activit\u00e9 sismique r\u00e9guli\u00e8re dans la r\u00e9gion. Ce s\u00e9isme fait sui...","canonical":"https:\/\/www.webdo.tn\/fr\/actualite\/regions\/tunisie-secousse-de-magnitude-3-3-a-gabes\/220547\/","og_locale":"fr_FR","og_type":"article","og_title":"Tunisie : Secousse de magnitude 3,3 \u00e0 Gab\u00e8s","og_description":"Une secousse sismique de magnitude 3,3 a frapp\u00e9 Gab\u00e8s en Tunisie le 13 mars 2025, t\u00e9moignant de l'activit\u00e9 sismique r\u00e9guli\u00e8re dans la r\u00e9gion. Ce s\u00e9isme fait sui...","og_url":"https:\/\/www.webdo.tn\/fr\/actualite\/regions\/tunisie-secousse-de-magnitude-3-3-a-gabes\/220547\/","og_site_name":"webdo","article_publisher":"https:\/\/www.facebook.com\/webdotn","article_published_time":"2025-03-14T09:13:00+00:00","article_modified_time":"2025-05-20T21:41:53+00:00","og_image":[{"width":750,"height":400,"url":"https:\/\/www.webdo.tn\/fr\/wp-content\/uploads\/2025\/05\/bd562f35e20afa0eca9de54f6cb043e1-3.webp","type":"image\/webp"}],"author":"MC","twitter_card":"summary_large_image","twitter_creator":"@webdo_tn","twitter_site":"@webdo_tn","twitter_misc":{"\u00c9crit par":"MC","Dur\u00e9e de lecture estim\u00e9e":"1 minute"},"schema":{"@context":"https:\/\/schema.org","@graph":[{"@type":"NewsArticle","@id":"https:\/\/www.webdo.tn\/fr\/actualite\/regions\/tunisie-secousse-de-magnitude-3-3-a-gabes\/220547\/#article","isPartOf":{"@id":"https:\/\/www.webdo.tn\/fr\/actualite\/regions\/tunisie-secousse-de-magnitude-3-3-a-gabes\/220547\/"},"author":{"name":"MC","@id":"https:\/\/www.webdo.tn\/fr\/#\/schema\/person\/2c4929cbf5a809e3bd38617c6ce150f6"},"headline":"Tunisie : Secousse de magnitude 3,3 \u00e0 Gab\u00e8s","datePublished":"2025-03-14T09:13:00+00:00","dateModified":"2025-05-20T21:41:53+00:00","mainEntityOfPage":{"@id":"https:\/\/www.webdo.tn\/fr\/actualite\/regions\/tunisie-secousse-de-magnitude-3-3-a-gabes\/220547\/"},"wordCount":170,"commentCount":0,"publisher":{"@id":"https:\/\/www.webdo.tn\/fr\/#organization"},"image":{"@id":"https:\/\/www.webdo.tn\/fr\/actualite\/regions\/tunisie-secousse-de-magnitude-3-3-a-gabes\/220547\/#primaryimage"},"thumbnailUrl":"https:\/\/www.webdo.tn\/fr\/wp-content\/uploads\/2025\/05\/bd562f35e20afa0eca9de54f6cb043e1-3.webp","keywords":["El Hamma","gab\u00e8s","secousse tellurique","Tunisie"],"articleSection":["regions"],"inLanguage":"fr-FR"},{"@type":"WebPage","@id":"https:\/\/www.webdo.tn\/fr\/actualite\/regions\/tunisie-secousse-de-magnitude-3-3-a-gabes\/220547\/","url":"https:\/\/www.webdo.tn\/fr\/actualite\/regions\/tunisie-secousse-de-magnitude-3-3-a-gabes\/220547\/","name":"Tunisie : Secousse de magnitude 3,3 \u00e0 Gab\u00e8s","isPartOf":{"@id":"https:\/\/www.webdo.tn\/fr\/#website"},"primaryImageOfPage":{"@id":"https:\/\/www.webdo.tn\/fr\/actualite\/regions\/tunisie-secousse-de-magnitude-3-3-a-gabes\/220547\/#primaryimage"},"image":{"@id":"https:\/\/www.webdo.tn\/fr\/actualite\/regions\/tunisie-secousse-de-magnitude-3-3-a-gabes\/220547\/#primaryimage"},"thumbnailUrl":"https:\/\/www.webdo.tn\/fr\/wp-content\/uploads\/2025\/05\/bd562f35e20afa0eca9de54f6cb043e1-3.webp","datePublished":"2025-03-14T09:13:00+00:00","dateModified":"2025-05-20T21:41:53+00:00","description":"Une secousse sismique de magnitude 3,3 a frapp\u00e9 Gab\u00e8s en Tunisie le 13 mars 2025, t\u00e9moignant de l'activit\u00e9 sismique r\u00e9guli\u00e8re dans la r\u00e9gion. Ce s\u00e9isme fait sui...","breadcrumb":{"@id":"https:\/\/www.webdo.tn\/fr\/actualite\/regions\/tunisie-secousse-de-magnitude-3-3-a-gabes\/220547\/#breadcrumb"},"inLanguage":"fr-FR","potentialAction":[{"@type":"ReadAction","target":["https:\/\/www.webdo.tn\/fr\/actualite\/regions\/tunisie-secousse-de-magnitude-3-3-a-gabes\/220547\/"]}]},{"@type":"ImageObject","inLanguage":"fr-FR","@id":"https:\/\/www.webdo.tn\/fr\/actualite\/regions\/tunisie-secousse-de-magnitude-3-3-a-gabes\/220547\/#primaryimage","url":"https:\/\/www.webdo.tn\/fr\/wp-content\/uploads\/2025\/05\/bd562f35e20afa0eca9de54f6cb043e1-3.webp","contentUrl":"https:\/\/www.webdo.tn\/fr\/wp-content\/uploads\/2025\/05\/bd562f35e20afa0eca9de54f6cb043e1-3.webp","width":750,"height":400},{"@type":"BreadcrumbList","@id":"https:\/\/www.webdo.tn\/fr\/actualite\/regions\/tunisie-secousse-de-magnitude-3-3-a-gabes\/220547\/#breadcrumb","itemListElement":[{"@type":"ListItem","position":1,"name":"Accueil","item":"https:\/\/www.webdo.tn\/fr\/"},{"@type":"ListItem","position":2,"name":"Tunisie : Secousse de magnitude 3,3 \u00e0 Gab\u00e8s"}]},{"@type":"WebSite","@id":"https:\/\/www.webdo.tn\/fr\/#website","url":"https:\/\/www.webdo.tn\/fr\/","name":"webdo","description":"Tunisie - News en Tunisie et \u00e0 l&#039;international sur Webdo.tn","publisher":{"@id":"https:\/\/www.webdo.tn\/fr\/#organization"},"potentialAction":[{"@type":"SearchAction","target":{"@type":"EntryPoint","urlTemplate":"https:\/\/www.webdo.tn\/fr\/?s={search_term_string}"},"query-input":{"@type":"PropertyValueSpecification","valueRequired":true,"valueName":"search_term_string"}}],"inLanguage":"fr-FR"},{"@type":"Organization","@id":"https:\/\/www.webdo.tn\/fr\/#organization","name":"Webdo","alternateName":"Webdo.tn","url":"https:\/\/www.webdo.tn\/fr\/","logo":{"@type":"ImageObject","inLanguage":"fr-FR","@id":"https:\/\/www.webdo.tn\/fr\/#\/schema\/logo\/image\/","url":"https:\/\/www.webdo.tn\/fr\/wp-content\/uploads\/2025\/06\/Webdo-Tunisie_168377.jpg","contentUrl":"https:\/\/www.webdo.tn\/fr\/wp-content\/uploads\/2025\/06\/Webdo-Tunisie_168377.jpg","width":301,"height":301,"caption":"Webdo"},"image":{"@id":"https:\/\/www.webdo.tn\/fr\/#\/schema\/logo\/image\/"},"sameAs":["https:\/\/www.facebook.com\/webdotn","https:\/\/x.com\/webdo_tn"],"description":"Webdo est un m\u00e9dia num\u00e9rique tunisien fond\u00e9 en 2010, sp\u00e9cialis\u00e9 dans l\u2019actualit\u00e9 nationale et internationale, l\u2019\u00e9conomie, la soci\u00e9t\u00e9 et les analyses politiques. Le site s\u2019adresse \u00e0 un large public francophone et couvre l\u2019information tunisienne en temps r\u00e9el.","email":"redac@webdo.tn","legalName":"YNJ SARL","foundingDate":"2010-09-06","numberOfEmployees":{"@type":"QuantitativeValue","minValue":"11","maxValue":"50"}},{"@type":"Person","@id":"https:\/\/www.webdo.tn\/fr\/#\/schema\/person\/2c4929cbf5a809e3bd38617c6ce150f6","name":"MC","image":{"@type":"ImageObject","inLanguage":"fr-FR","@id":"https:\/\/secure.gravatar.com\/avatar\/a545bbb6f84efdd5553dbbc2895e3ca8f1d12c5215e00a041c9670b54aa9b18a?s=96&d=mm&r=g","url":"https:\/\/secure.gravatar.com\/avatar\/a545bbb6f84efdd5553dbbc2895e3ca8f1d12c5215e00a041c9670b54aa9b18a?s=96&d=mm&r=g","contentUrl":"https:\/\/secure.gravatar.com\/avatar\/a545bbb6f84efdd5553dbbc2895e3ca8f1d12c5215e00a041c9670b54aa9b18a?s=96&d=mm&r=g","caption":"MC"},"url":"https:\/\/www.webdo.tn\/fr\/actualite\/author\/mc\/"}]}},"_links":{"self":[{"href":"https:\/\/www.webdo.tn\/fr\/wp-json\/wp\/v2\/posts\/220547","targetHints":{"allow":["GET"]}}],"collection":[{"href":"https:\/\/www.webdo.tn\/fr\/wp-json\/wp\/v2\/posts"}],"about":[{"href":"https:\/\/www.webdo.tn\/fr\/wp-json\/wp\/v2\/types\/post"}],"author":[{"embeddable":true,"href":"https:\/\/www.webdo.tn\/fr\/wp-json\/wp\/v2\/users\/3162"}],"replies":[{"embeddable":true,"href":"https:\/\/www.webdo.tn\/fr\/wp-json\/wp\/v2\/comments?post=220547"}],"version-history":[{"count":0,"href":"https:\/\/www.webdo.tn\/fr\/wp-json\/wp\/v2\/posts\/220547\/revisions"}],"wp:featuredmedia":[{"embeddable":true,"href":"https:\/\/www.webdo.tn\/fr\/wp-json\/wp\/v2\/media\/241700"}],"wp:attachment":[{"href":"https:\/\/www.webdo.tn\/fr\/wp-json\/wp\/v2\/media?parent=220547"}],"wp:term":[{"taxonomy":"category","embeddable":true,"href":"https:\/\/www.webdo.tn\/fr\/wp-json\/wp\/v2\/categories?post=220547"},{"taxonomy":"post_tag","embeddable":true,"href":"https:\/\/www.webdo.tn\/fr\/wp-json\/wp\/v2\/tags?post=220547"}],"curies":[{"name":"wp","href":"https:\/\/api.w.org\/{rel}","templated":true}]}}