{"id":220543,"date":"2025-03-13T21:16:00","date_gmt":"2025-03-13T21:16:00","guid":{"rendered":"https:\/\/www.webdo.tn\/fr\/blog\/2025\/03\/13\/tunisie-expulse-de-son-propre-terrain-par-des-migrants-subsahariens\/"},"modified":"2025-05-20T22:19:24","modified_gmt":"2025-05-20T22:19:24","slug":"tunisie-expulse-de-son-propre-terrain-par-des-migrants-subsahariens","status":"publish","type":"post","link":"https:\/\/www.webdo.tn\/fr\/actualite\/regions\/tunisie-expulse-de-son-propre-terrain-par-des-migrants-subsahariens\/220543\/","title":{"rendered":"Tunisie : Expuls\u00e9 de son propre terrain par des migrants subsahariens !"},"content":{"rendered":"<p>Son t\u00e9moignage a fait le tour des r\u00e9seaux sociaux. Un citoyen a partag\u00e9 son histoire racontant les faits suite \u00e0 occupation ill\u00e9gale de son terrain agricole \u00e0 Sfax.\u00a0<\/p>\n<p>La situation dans la propri\u00e9t\u00e9 agricole \u00ab\u00a0Henchir Ben Farhat\u00a0\u00bb devient de plus en plus critique. Son propri\u00e9taire, ainsi que ses fr\u00e8res, alertent depuis plusieurs mois sur ce qu&rsquo;ils consid\u00e8rent comme une occupation ill\u00e9gale de leurs terres par des migrants subsahariens. Malgr\u00e9 des plaintes et des promesses d&rsquo;intervention des autorit\u00e9s, ils affirment que l&rsquo;installation des migrants ne cesse de s&rsquo;\u00e9tendre.<\/p>\n<p>D&rsquo;apr\u00e8s les documents partag\u00e9s par le propri\u00e9taire, une premi\u00e8re constatation r\u00e9alis\u00e9e par un huissier de justice, faisait \u00e9tat de 30 tentes install\u00e9es sur la propri\u00e9t\u00e9, accompagn\u00e9es de d\u00e9gradations sur les oliviers et leurs r\u00e9coltes. Une seconde constatation, effectu\u00e9e en mai 2024 par le m\u00eame huissier, r\u00e9v\u00e8le une aggravation de la situation : 200 tentes y sont d\u00e9sormais install\u00e9es, des boutiques et m\u00eame un terrain de sport improvis\u00e9 ont vu le jour. Selon le propri\u00e9taire, plusieurs milliers de migrants subsahariens occuperaient aujourd&rsquo;hui ce terrain.<\/p>\n<p>Lors de sa derni\u00e8re visite sur place, le propri\u00e9taire raconte avoir constat\u00e9 l&rsquo;am\u00e9lioration des installations, avec des tentes de plus en plus grandes et r\u00e9sistantes, semblables \u00e0 celles des camps de r\u00e9fugi\u00e9s. \u00ab\u00a0Ces tentes sont bien fix\u00e9es au sol, con\u00e7ues pour prot\u00e9ger de la pluie et du froid. Elles peuvent abriter plusieurs familles. Qui les a fournies ? Et pour combien de temps comptent-ils rester ?\u00a0\u00bb s&rsquo;interroge-t-il.<\/p>\n<p>Le propri\u00e9taire exprime \u00e9galement sa col\u00e8re face aux d\u00e9gradations qu&rsquo;il a constat\u00e9es : branches bris\u00e9es, oliviers ab\u00eem\u00e9s, accumulation de d\u00e9chets. \u00ab\u00a0C&rsquo;est un spectacle d\u00e9solant. Ma famille poss\u00e8de cette terre depuis des g\u00e9n\u00e9rations, et aujourd&rsquo;hui, elle est laiss\u00e9e \u00e0 l&rsquo;abandon.\u00a0\u00bb<\/p>\n<p>L&rsquo;incident qui l&rsquo;a marqu\u00e9 le plus est survenu lors de sa derni\u00e8re visite. Il affirme avoir \u00e9t\u00e9 confront\u00e9 \u00e0 un groupe de migrants qui l&rsquo;ont encercl\u00e9 et lui ont ordonn\u00e9 de quitter les lieux. \u00ab\u00a0Je ne comprenais pas leur langue, mais leurs gestes \u00e9taient clairs : ils me chassaient de mon propre terrain. Qui est le v\u00e9ritable \u00e9tranger ici ?\u00a0\u00bb s&rsquo;indigne-t-il.<\/p>\n<p>Malgr\u00e9 ses multiples d\u00e9marches aupr\u00e8s des autorit\u00e9s, aucune solution concr\u00e8te n&rsquo;a encore \u00e9t\u00e9 mise en place. \u00ab\u00a0Je me sens impuissant, seul et menac\u00e9. Je veux juste r\u00e9cup\u00e9rer mes terres et qu&rsquo;elles soient prot\u00e9g\u00e9es. Est-ce trop demander ?\u00a0\u00bb conclut-il avec amertume.<\/p>\n","protected":false},"excerpt":{"rendered":"<p>Expulsion d\u2019un propri\u00e9taire tunisien par des migrants subsahariens : son terrain occup\u00e9. D\u00e9couvrez les enjeux de cette situation et ses r\u00e9percussions l\u00e9gales.<\/p>\n","protected":false},"author":3163,"featured_media":241698,"comment_status":"open","ping_status":"open","sticky":false,"template":"","format":"standard","meta":{"footnotes":""},"categories":[2595],"tags":[2675,3377,2608],"class_list":["post-220543","post","type-post","status-publish","format-standard","has-post-thumbnail","hentry","category-regions","tag-sfax","tag-subsahariens","tag-tunisie"],"yoast_head":"<!-- This site is optimized with the Yoast SEO Premium plugin v27.4 (Yoast SEO v27.4) - https:\/\/yoast.com\/product\/yoast-seo-premium-wordpress\/ -->\n<title>Tunisie : Expuls\u00e9 de son propre terrain par des migrants subsahariens !<\/title>\n<meta name=\"description\" content=\"Expulsion d\u2019un propri\u00e9taire tunisien par des migrants subsahariens : son terrain occup\u00e9. D\u00e9couvrez les enjeux de cette situation et ses r\u00e9percussions l\u00e9gales.\" \/>\n<link rel=\"canonical\" href=\"https:\/\/www.webdo.tn\/fr\/actualite\/regions\/tunisie-expulse-de-son-propre-terrain-par-des-migrants-subsahariens\/220543\/\" \/>\n<meta property=\"og:locale\" content=\"fr_FR\" \/>\n<meta property=\"og:type\" content=\"article\" \/>\n<meta property=\"og:title\" content=\"Tunisie : Expuls\u00e9 de son propre terrain par des migrants subsahariens !\" \/>\n<meta property=\"og:description\" content=\"Expulsion d\u2019un propri\u00e9taire tunisien par des migrants subsahariens : son terrain occup\u00e9. D\u00e9couvrez les enjeux de cette situation et ses r\u00e9percussions l\u00e9gales.\" \/>\n<meta property=\"og:url\" content=\"https:\/\/www.webdo.tn\/fr\/actualite\/regions\/tunisie-expulse-de-son-propre-terrain-par-des-migrants-subsahariens\/220543\/\" \/>\n<meta property=\"og:site_name\" content=\"webdo\" \/>\n<meta property=\"article:publisher\" content=\"https:\/\/www.facebook.com\/webdotn\" \/>\n<meta property=\"article:published_time\" content=\"2025-03-13T21:16:00+00:00\" \/>\n<meta property=\"article:modified_time\" content=\"2025-05-20T22:19:24+00:00\" \/>\n<meta property=\"og:image\" content=\"https:\/\/www.webdo.tn\/fr\/wp-content\/uploads\/2025\/05\/38771836910a66b87e780db56aa0c2e7-3.webp\" \/>\n\t<meta property=\"og:image:width\" content=\"512\" \/>\n\t<meta property=\"og:image:height\" content=\"273\" \/>\n\t<meta property=\"og:image:type\" content=\"image\/webp\" \/>\n<meta name=\"author\" content=\"KJ\" \/>\n<meta name=\"twitter:card\" content=\"summary_large_image\" \/>\n<meta name=\"twitter:creator\" content=\"@webdo_tn\" \/>\n<meta name=\"twitter:site\" content=\"@webdo_tn\" \/>\n<meta name=\"twitter:label1\" content=\"\u00c9crit par\" \/>\n\t<meta name=\"twitter:data1\" content=\"KJ\" \/>\n\t<meta name=\"twitter:label2\" content=\"Dur\u00e9e de lecture estim\u00e9e\" \/>\n\t<meta name=\"twitter:data2\" content=\"2 minutes\" \/>\n<script type=\"application\/ld+json\" class=\"yoast-schema-graph\">{\"@context\":\"https:\\\/\\\/schema.org\",\"@graph\":[{\"@type\":\"NewsArticle\",\"@id\":\"https:\\\/\\\/www.webdo.tn\\\/fr\\\/actualite\\\/regions\\\/tunisie-expulse-de-son-propre-terrain-par-des-migrants-subsahariens\\\/220543\\\/#article\",\"isPartOf\":{\"@id\":\"https:\\\/\\\/www.webdo.tn\\\/fr\\\/actualite\\\/regions\\\/tunisie-expulse-de-son-propre-terrain-par-des-migrants-subsahariens\\\/220543\\\/\"},\"author\":{\"name\":\"KJ\",\"@id\":\"https:\\\/\\\/www.webdo.tn\\\/fr\\\/#\\\/schema\\\/person\\\/82ca085b22037d285e1a3c4b65ba5f71\"},\"headline\":\"Tunisie : Expuls\u00e9 de son propre terrain par des migrants subsahariens !\",\"datePublished\":\"2025-03-13T21:16:00+00:00\",\"dateModified\":\"2025-05-20T22:19:24+00:00\",\"mainEntityOfPage\":{\"@id\":\"https:\\\/\\\/www.webdo.tn\\\/fr\\\/actualite\\\/regions\\\/tunisie-expulse-de-son-propre-terrain-par-des-migrants-subsahariens\\\/220543\\\/\"},\"wordCount\":450,\"commentCount\":0,\"publisher\":{\"@id\":\"https:\\\/\\\/www.webdo.tn\\\/fr\\\/#organization\"},\"image\":{\"@id\":\"https:\\\/\\\/www.webdo.tn\\\/fr\\\/actualite\\\/regions\\\/tunisie-expulse-de-son-propre-terrain-par-des-migrants-subsahariens\\\/220543\\\/#primaryimage\"},\"thumbnailUrl\":\"https:\\\/\\\/www.webdo.tn\\\/fr\\\/wp-content\\\/uploads\\\/2025\\\/05\\\/38771836910a66b87e780db56aa0c2e7-3.webp\",\"keywords\":[\"Sfax\",\"Subsahariens\",\"Tunisie\"],\"articleSection\":[\"regions\"],\"inLanguage\":\"fr-FR\"},{\"@type\":\"WebPage\",\"@id\":\"https:\\\/\\\/www.webdo.tn\\\/fr\\\/actualite\\\/regions\\\/tunisie-expulse-de-son-propre-terrain-par-des-migrants-subsahariens\\\/220543\\\/\",\"url\":\"https:\\\/\\\/www.webdo.tn\\\/fr\\\/actualite\\\/regions\\\/tunisie-expulse-de-son-propre-terrain-par-des-migrants-subsahariens\\\/220543\\\/\",\"name\":\"Tunisie : Expuls\u00e9 de son propre terrain par des migrants subsahariens !\",\"isPartOf\":{\"@id\":\"https:\\\/\\\/www.webdo.tn\\\/fr\\\/#website\"},\"primaryImageOfPage\":{\"@id\":\"https:\\\/\\\/www.webdo.tn\\\/fr\\\/actualite\\\/regions\\\/tunisie-expulse-de-son-propre-terrain-par-des-migrants-subsahariens\\\/220543\\\/#primaryimage\"},\"image\":{\"@id\":\"https:\\\/\\\/www.webdo.tn\\\/fr\\\/actualite\\\/regions\\\/tunisie-expulse-de-son-propre-terrain-par-des-migrants-subsahariens\\\/220543\\\/#primaryimage\"},\"thumbnailUrl\":\"https:\\\/\\\/www.webdo.tn\\\/fr\\\/wp-content\\\/uploads\\\/2025\\\/05\\\/38771836910a66b87e780db56aa0c2e7-3.webp\",\"datePublished\":\"2025-03-13T21:16:00+00:00\",\"dateModified\":\"2025-05-20T22:19:24+00:00\",\"description\":\"Expulsion d\u2019un propri\u00e9taire tunisien par des migrants subsahariens : son terrain occup\u00e9. D\u00e9couvrez les enjeux de cette situation et ses r\u00e9percussions l\u00e9gales.\",\"breadcrumb\":{\"@id\":\"https:\\\/\\\/www.webdo.tn\\\/fr\\\/actualite\\\/regions\\\/tunisie-expulse-de-son-propre-terrain-par-des-migrants-subsahariens\\\/220543\\\/#breadcrumb\"},\"inLanguage\":\"fr-FR\",\"potentialAction\":[{\"@type\":\"ReadAction\",\"target\":[\"https:\\\/\\\/www.webdo.tn\\\/fr\\\/actualite\\\/regions\\\/tunisie-expulse-de-son-propre-terrain-par-des-migrants-subsahariens\\\/220543\\\/\"]}]},{\"@type\":\"ImageObject\",\"inLanguage\":\"fr-FR\",\"@id\":\"https:\\\/\\\/www.webdo.tn\\\/fr\\\/actualite\\\/regions\\\/tunisie-expulse-de-son-propre-terrain-par-des-migrants-subsahariens\\\/220543\\\/#primaryimage\",\"url\":\"https:\\\/\\\/www.webdo.tn\\\/fr\\\/wp-content\\\/uploads\\\/2025\\\/05\\\/38771836910a66b87e780db56aa0c2e7-3.webp\",\"contentUrl\":\"https:\\\/\\\/www.webdo.tn\\\/fr\\\/wp-content\\\/uploads\\\/2025\\\/05\\\/38771836910a66b87e780db56aa0c2e7-3.webp\",\"width\":512,\"height\":273},{\"@type\":\"BreadcrumbList\",\"@id\":\"https:\\\/\\\/www.webdo.tn\\\/fr\\\/actualite\\\/regions\\\/tunisie-expulse-de-son-propre-terrain-par-des-migrants-subsahariens\\\/220543\\\/#breadcrumb\",\"itemListElement\":[{\"@type\":\"ListItem\",\"position\":1,\"name\":\"Accueil\",\"item\":\"https:\\\/\\\/www.webdo.tn\\\/fr\\\/\"},{\"@type\":\"ListItem\",\"position\":2,\"name\":\"Tunisie : Expuls\u00e9 de son propre terrain par des migrants subsahariens !\"}]},{\"@type\":\"WebSite\",\"@id\":\"https:\\\/\\\/www.webdo.tn\\\/fr\\\/#website\",\"url\":\"https:\\\/\\\/www.webdo.tn\\\/fr\\\/\",\"name\":\"webdo\",\"description\":\"Tunisie - News en Tunisie et \u00e0 l&#039;international sur Webdo.tn\",\"publisher\":{\"@id\":\"https:\\\/\\\/www.webdo.tn\\\/fr\\\/#organization\"},\"potentialAction\":[{\"@type\":\"SearchAction\",\"target\":{\"@type\":\"EntryPoint\",\"urlTemplate\":\"https:\\\/\\\/www.webdo.tn\\\/fr\\\/?s={search_term_string}\"},\"query-input\":{\"@type\":\"PropertyValueSpecification\",\"valueRequired\":true,\"valueName\":\"search_term_string\"}}],\"inLanguage\":\"fr-FR\"},{\"@type\":\"Organization\",\"@id\":\"https:\\\/\\\/www.webdo.tn\\\/fr\\\/#organization\",\"name\":\"Webdo\",\"alternateName\":\"Webdo.tn\",\"url\":\"https:\\\/\\\/www.webdo.tn\\\/fr\\\/\",\"logo\":{\"@type\":\"ImageObject\",\"inLanguage\":\"fr-FR\",\"@id\":\"https:\\\/\\\/www.webdo.tn\\\/fr\\\/#\\\/schema\\\/logo\\\/image\\\/\",\"url\":\"https:\\\/\\\/www.webdo.tn\\\/fr\\\/wp-content\\\/uploads\\\/2025\\\/06\\\/Webdo-Tunisie_168377.jpg\",\"contentUrl\":\"https:\\\/\\\/www.webdo.tn\\\/fr\\\/wp-content\\\/uploads\\\/2025\\\/06\\\/Webdo-Tunisie_168377.jpg\",\"width\":301,\"height\":301,\"caption\":\"Webdo\"},\"image\":{\"@id\":\"https:\\\/\\\/www.webdo.tn\\\/fr\\\/#\\\/schema\\\/logo\\\/image\\\/\"},\"sameAs\":[\"https:\\\/\\\/www.facebook.com\\\/webdotn\",\"https:\\\/\\\/x.com\\\/webdo_tn\"],\"description\":\"Webdo est un m\u00e9dia num\u00e9rique tunisien fond\u00e9 en 2010, sp\u00e9cialis\u00e9 dans l\u2019actualit\u00e9 nationale et internationale, l\u2019\u00e9conomie, la soci\u00e9t\u00e9 et les analyses politiques. Le site s\u2019adresse \u00e0 un large public francophone et couvre l\u2019information tunisienne en temps r\u00e9el.\",\"email\":\"redac@webdo.tn\",\"legalName\":\"YNJ SARL\",\"foundingDate\":\"2010-09-06\",\"numberOfEmployees\":{\"@type\":\"QuantitativeValue\",\"minValue\":\"11\",\"maxValue\":\"50\"}},{\"@type\":\"Person\",\"@id\":\"https:\\\/\\\/www.webdo.tn\\\/fr\\\/#\\\/schema\\\/person\\\/82ca085b22037d285e1a3c4b65ba5f71\",\"name\":\"KJ\",\"image\":{\"@type\":\"ImageObject\",\"inLanguage\":\"fr-FR\",\"@id\":\"https:\\\/\\\/secure.gravatar.com\\\/avatar\\\/1a1320de1c1971c893f00068f760b4113d69504aa21273da17ee95650c5944fd?s=96&d=mm&r=g\",\"url\":\"https:\\\/\\\/secure.gravatar.com\\\/avatar\\\/1a1320de1c1971c893f00068f760b4113d69504aa21273da17ee95650c5944fd?s=96&d=mm&r=g\",\"contentUrl\":\"https:\\\/\\\/secure.gravatar.com\\\/avatar\\\/1a1320de1c1971c893f00068f760b4113d69504aa21273da17ee95650c5944fd?s=96&d=mm&r=g\",\"caption\":\"KJ\"},\"url\":\"https:\\\/\\\/www.webdo.tn\\\/fr\\\/actualite\\\/author\\\/kj\\\/\"}]}<\/script>\n<!-- \/ Yoast SEO Premium plugin. -->","yoast_head_json":{"title":"Tunisie : Expuls\u00e9 de son propre terrain par des migrants subsahariens !","description":"Expulsion d\u2019un propri\u00e9taire tunisien par des migrants subsahariens : son terrain occup\u00e9. D\u00e9couvrez les enjeux de cette situation et ses r\u00e9percussions l\u00e9gales.","canonical":"https:\/\/www.webdo.tn\/fr\/actualite\/regions\/tunisie-expulse-de-son-propre-terrain-par-des-migrants-subsahariens\/220543\/","og_locale":"fr_FR","og_type":"article","og_title":"Tunisie : Expuls\u00e9 de son propre terrain par des migrants subsahariens !","og_description":"Expulsion d\u2019un propri\u00e9taire tunisien par des migrants subsahariens : son terrain occup\u00e9. D\u00e9couvrez les enjeux de cette situation et ses r\u00e9percussions l\u00e9gales.","og_url":"https:\/\/www.webdo.tn\/fr\/actualite\/regions\/tunisie-expulse-de-son-propre-terrain-par-des-migrants-subsahariens\/220543\/","og_site_name":"webdo","article_publisher":"https:\/\/www.facebook.com\/webdotn","article_published_time":"2025-03-13T21:16:00+00:00","article_modified_time":"2025-05-20T22:19:24+00:00","og_image":[{"width":512,"height":273,"url":"https:\/\/www.webdo.tn\/fr\/wp-content\/uploads\/2025\/05\/38771836910a66b87e780db56aa0c2e7-3.webp","type":"image\/webp"}],"author":"KJ","twitter_card":"summary_large_image","twitter_creator":"@webdo_tn","twitter_site":"@webdo_tn","twitter_misc":{"\u00c9crit par":"KJ","Dur\u00e9e de lecture estim\u00e9e":"2 minutes"},"schema":{"@context":"https:\/\/schema.org","@graph":[{"@type":"NewsArticle","@id":"https:\/\/www.webdo.tn\/fr\/actualite\/regions\/tunisie-expulse-de-son-propre-terrain-par-des-migrants-subsahariens\/220543\/#article","isPartOf":{"@id":"https:\/\/www.webdo.tn\/fr\/actualite\/regions\/tunisie-expulse-de-son-propre-terrain-par-des-migrants-subsahariens\/220543\/"},"author":{"name":"KJ","@id":"https:\/\/www.webdo.tn\/fr\/#\/schema\/person\/82ca085b22037d285e1a3c4b65ba5f71"},"headline":"Tunisie : Expuls\u00e9 de son propre terrain par des migrants subsahariens !","datePublished":"2025-03-13T21:16:00+00:00","dateModified":"2025-05-20T22:19:24+00:00","mainEntityOfPage":{"@id":"https:\/\/www.webdo.tn\/fr\/actualite\/regions\/tunisie-expulse-de-son-propre-terrain-par-des-migrants-subsahariens\/220543\/"},"wordCount":450,"commentCount":0,"publisher":{"@id":"https:\/\/www.webdo.tn\/fr\/#organization"},"image":{"@id":"https:\/\/www.webdo.tn\/fr\/actualite\/regions\/tunisie-expulse-de-son-propre-terrain-par-des-migrants-subsahariens\/220543\/#primaryimage"},"thumbnailUrl":"https:\/\/www.webdo.tn\/fr\/wp-content\/uploads\/2025\/05\/38771836910a66b87e780db56aa0c2e7-3.webp","keywords":["Sfax","Subsahariens","Tunisie"],"articleSection":["regions"],"inLanguage":"fr-FR"},{"@type":"WebPage","@id":"https:\/\/www.webdo.tn\/fr\/actualite\/regions\/tunisie-expulse-de-son-propre-terrain-par-des-migrants-subsahariens\/220543\/","url":"https:\/\/www.webdo.tn\/fr\/actualite\/regions\/tunisie-expulse-de-son-propre-terrain-par-des-migrants-subsahariens\/220543\/","name":"Tunisie : Expuls\u00e9 de son propre terrain par des migrants subsahariens !","isPartOf":{"@id":"https:\/\/www.webdo.tn\/fr\/#website"},"primaryImageOfPage":{"@id":"https:\/\/www.webdo.tn\/fr\/actualite\/regions\/tunisie-expulse-de-son-propre-terrain-par-des-migrants-subsahariens\/220543\/#primaryimage"},"image":{"@id":"https:\/\/www.webdo.tn\/fr\/actualite\/regions\/tunisie-expulse-de-son-propre-terrain-par-des-migrants-subsahariens\/220543\/#primaryimage"},"thumbnailUrl":"https:\/\/www.webdo.tn\/fr\/wp-content\/uploads\/2025\/05\/38771836910a66b87e780db56aa0c2e7-3.webp","datePublished":"2025-03-13T21:16:00+00:00","dateModified":"2025-05-20T22:19:24+00:00","description":"Expulsion d\u2019un propri\u00e9taire tunisien par des migrants subsahariens : son terrain occup\u00e9. D\u00e9couvrez les enjeux de cette situation et ses r\u00e9percussions l\u00e9gales.","breadcrumb":{"@id":"https:\/\/www.webdo.tn\/fr\/actualite\/regions\/tunisie-expulse-de-son-propre-terrain-par-des-migrants-subsahariens\/220543\/#breadcrumb"},"inLanguage":"fr-FR","potentialAction":[{"@type":"ReadAction","target":["https:\/\/www.webdo.tn\/fr\/actualite\/regions\/tunisie-expulse-de-son-propre-terrain-par-des-migrants-subsahariens\/220543\/"]}]},{"@type":"ImageObject","inLanguage":"fr-FR","@id":"https:\/\/www.webdo.tn\/fr\/actualite\/regions\/tunisie-expulse-de-son-propre-terrain-par-des-migrants-subsahariens\/220543\/#primaryimage","url":"https:\/\/www.webdo.tn\/fr\/wp-content\/uploads\/2025\/05\/38771836910a66b87e780db56aa0c2e7-3.webp","contentUrl":"https:\/\/www.webdo.tn\/fr\/wp-content\/uploads\/2025\/05\/38771836910a66b87e780db56aa0c2e7-3.webp","width":512,"height":273},{"@type":"BreadcrumbList","@id":"https:\/\/www.webdo.tn\/fr\/actualite\/regions\/tunisie-expulse-de-son-propre-terrain-par-des-migrants-subsahariens\/220543\/#breadcrumb","itemListElement":[{"@type":"ListItem","position":1,"name":"Accueil","item":"https:\/\/www.webdo.tn\/fr\/"},{"@type":"ListItem","position":2,"name":"Tunisie : Expuls\u00e9 de son propre terrain par des migrants subsahariens !"}]},{"@type":"WebSite","@id":"https:\/\/www.webdo.tn\/fr\/#website","url":"https:\/\/www.webdo.tn\/fr\/","name":"webdo","description":"Tunisie - News en Tunisie et \u00e0 l&#039;international sur Webdo.tn","publisher":{"@id":"https:\/\/www.webdo.tn\/fr\/#organization"},"potentialAction":[{"@type":"SearchAction","target":{"@type":"EntryPoint","urlTemplate":"https:\/\/www.webdo.tn\/fr\/?s={search_term_string}"},"query-input":{"@type":"PropertyValueSpecification","valueRequired":true,"valueName":"search_term_string"}}],"inLanguage":"fr-FR"},{"@type":"Organization","@id":"https:\/\/www.webdo.tn\/fr\/#organization","name":"Webdo","alternateName":"Webdo.tn","url":"https:\/\/www.webdo.tn\/fr\/","logo":{"@type":"ImageObject","inLanguage":"fr-FR","@id":"https:\/\/www.webdo.tn\/fr\/#\/schema\/logo\/image\/","url":"https:\/\/www.webdo.tn\/fr\/wp-content\/uploads\/2025\/06\/Webdo-Tunisie_168377.jpg","contentUrl":"https:\/\/www.webdo.tn\/fr\/wp-content\/uploads\/2025\/06\/Webdo-Tunisie_168377.jpg","width":301,"height":301,"caption":"Webdo"},"image":{"@id":"https:\/\/www.webdo.tn\/fr\/#\/schema\/logo\/image\/"},"sameAs":["https:\/\/www.facebook.com\/webdotn","https:\/\/x.com\/webdo_tn"],"description":"Webdo est un m\u00e9dia num\u00e9rique tunisien fond\u00e9 en 2010, sp\u00e9cialis\u00e9 dans l\u2019actualit\u00e9 nationale et internationale, l\u2019\u00e9conomie, la soci\u00e9t\u00e9 et les analyses politiques. Le site s\u2019adresse \u00e0 un large public francophone et couvre l\u2019information tunisienne en temps r\u00e9el.","email":"redac@webdo.tn","legalName":"YNJ SARL","foundingDate":"2010-09-06","numberOfEmployees":{"@type":"QuantitativeValue","minValue":"11","maxValue":"50"}},{"@type":"Person","@id":"https:\/\/www.webdo.tn\/fr\/#\/schema\/person\/82ca085b22037d285e1a3c4b65ba5f71","name":"KJ","image":{"@type":"ImageObject","inLanguage":"fr-FR","@id":"https:\/\/secure.gravatar.com\/avatar\/1a1320de1c1971c893f00068f760b4113d69504aa21273da17ee95650c5944fd?s=96&d=mm&r=g","url":"https:\/\/secure.gravatar.com\/avatar\/1a1320de1c1971c893f00068f760b4113d69504aa21273da17ee95650c5944fd?s=96&d=mm&r=g","contentUrl":"https:\/\/secure.gravatar.com\/avatar\/1a1320de1c1971c893f00068f760b4113d69504aa21273da17ee95650c5944fd?s=96&d=mm&r=g","caption":"KJ"},"url":"https:\/\/www.webdo.tn\/fr\/actualite\/author\/kj\/"}]}},"_links":{"self":[{"href":"https:\/\/www.webdo.tn\/fr\/wp-json\/wp\/v2\/posts\/220543","targetHints":{"allow":["GET"]}}],"collection":[{"href":"https:\/\/www.webdo.tn\/fr\/wp-json\/wp\/v2\/posts"}],"about":[{"href":"https:\/\/www.webdo.tn\/fr\/wp-json\/wp\/v2\/types\/post"}],"author":[{"embeddable":true,"href":"https:\/\/www.webdo.tn\/fr\/wp-json\/wp\/v2\/users\/3163"}],"replies":[{"embeddable":true,"href":"https:\/\/www.webdo.tn\/fr\/wp-json\/wp\/v2\/comments?post=220543"}],"version-history":[{"count":0,"href":"https:\/\/www.webdo.tn\/fr\/wp-json\/wp\/v2\/posts\/220543\/revisions"}],"wp:featuredmedia":[{"embeddable":true,"href":"https:\/\/www.webdo.tn\/fr\/wp-json\/wp\/v2\/media\/241698"}],"wp:attachment":[{"href":"https:\/\/www.webdo.tn\/fr\/wp-json\/wp\/v2\/media?parent=220543"}],"wp:term":[{"taxonomy":"category","embeddable":true,"href":"https:\/\/www.webdo.tn\/fr\/wp-json\/wp\/v2\/categories?post=220543"},{"taxonomy":"post_tag","embeddable":true,"href":"https:\/\/www.webdo.tn\/fr\/wp-json\/wp\/v2\/tags?post=220543"}],"curies":[{"name":"wp","href":"https:\/\/api.w.org\/{rel}","templated":true}]}}