{"id":220465,"date":"2025-03-11T11:37:00","date_gmt":"2025-03-11T11:37:00","guid":{"rendered":"https:\/\/www.webdo.tn\/fr\/blog\/2025\/03\/11\/tunisie-examen-de-l-affaire-des-reseaux-d-envoi-de-jeunes-vers-les-zones-de-conflit\/"},"modified":"2025-05-20T21:41:59","modified_gmt":"2025-05-20T21:41:59","slug":"tunisie-examen-de-l-affaire-des-reseaux-d-envoi-de-jeunes-vers-les-zones-de-conflit","status":"publish","type":"post","link":"https:\/\/www.webdo.tn\/fr\/actualite\/national\/tunisie-examen-de-l-affaire-des-reseaux-d-envoi-de-jeunes-vers-les-zones-de-conflit\/220465\/","title":{"rendered":"Tunisie : Examen de l\u2019affaire des r\u00e9seaux d\u2019envoi de jeunes vers les zones de conflit"},"content":{"rendered":"<p>La Chambre criminelle sp\u00e9cialis\u00e9e dans les affaires terroristes du Tribunal de premi\u00e8re instance de Tunis a entam\u00e9, ce mardi 11 mars 2025, l&rsquo;examen d\u2019une affaire d\u2019une ampleur exceptionnelle : celle des r\u00e9seaux d\u2019envoi de jeunes Tunisiens vers les zones de conflit.<\/p>\n<p>\t\t\t\t\t\t\t\t\tCe dossier hautement sensible met en cause plusieurs figures influentes de l&rsquo;appareil s\u00e9curitaire et politique tunisien, dont Ali Laarayedh, ancien ministre de l\u2019Int\u00e9rieur et ex-chef du gouvernement sous la Tro\u00efka (2011-2014). \u00a0<\/p>\n<p>L&rsquo;affaire porte sur des accusations de facilitation du d\u00e9part de jeunes tunisiens vers des zones de guerre, notamment en Syrie et en Libye, entre 2011 et 2013. A cette \u00e9poque, des milliers de jeunes ont quitt\u00e9 la Tunisie pour rejoindre des organisations terroristes comme Daech et le Front Al-Nosra, souvent en transitant par la Turquie ou la Libye. Ces d\u00e9parts massifs ont \u00e9t\u00e9 rendus possibles gr\u00e2ce \u00e0 des fili\u00e8res organis\u00e9es, b\u00e9n\u00e9ficiant d\u2019un certain laisser-faire des autorit\u00e9s s\u00e9curitaires et politiques. \u00a0<\/p>\n<p>Les accusations visent notamment des responsables du minist\u00e8re de l\u2019Int\u00e9rieur, soup\u00e7onn\u00e9s d&rsquo;avoir ferm\u00e9 les yeux sur ces d\u00e9parts ou d\u2019avoir d\u00e9livr\u00e9 des documents de voyage facilitant l\u2019exfiltration de ces combattants vers l\u2019\u00e9tranger. Parmi eux figure*le chef de l\u2019unit\u00e9 de protection des avions \u00e0 l\u2019a\u00e9roport de Tunis-Carthage.<\/p>\n<p>L\u2019affaire implique \u00e9galement Seifeddine Rais, ancien porte-parole de l\u2019organisation Ansar Al Chariaa, class\u00e9e comme groupe terroriste en Tunisie depuis 2013. Cette organisation extr\u00e9miste aurait jou\u00e9 un r\u00f4le cl\u00e9 dans le recrutement et l\u2019endoctrinement des jeunes, avant de les acheminer vers les zones de conflit. \u00a0<\/p>\n<p>Parmi les accus\u00e9s les plus m\u00e9diatis\u00e9s figure Ali Laarayedh, figure de premier plan du mouvement Ennahdha. Ministre de l&rsquo;Int\u00e9rieur de 2011 \u00e0 2013, puis chef du gouvernement jusqu\u2019en 2014, il est accus\u00e9 d\u2019avoir n\u00e9glig\u00e9, voire facilit\u00e9, les d\u00e9parts des jeunes combattants tunisiens vers la Syrie et la Libye. \u00a0<\/p>\n<p>L\u2019opposition lui reproche de ne pas avoir pris de mesures fermes contre les fili\u00e8res jihadistes qui op\u00e9raient librement en Tunisie durant cette p\u00e9riode, en particulier sous la couverture d&rsquo;associations caritatives islamistes et d\u2019\u00e9coles coraniques non contr\u00f4l\u00e9es.<\/p>\n<p>Ali Laarayedh a toujours ni\u00e9 ces accusations, affirmant que son gouvernement avait pris des mesures progressives pour lutter contre l\u2019extr\u00e9misme, notamment en interdisant Ansar Al Chariaa en 2013 apr\u00e8s l\u2019assassinat des opposants politiques Chokri Bela\u00efd et Mohamed Brahmi.<\/p>\n","protected":false},"excerpt":{"rendered":"<p>L&rsquo;affaire des r\u00e9seaux d\u2019acheminement de jeunes Tunisiens vers les zones de conflit refait surface devant la justice. Ce mardi 11 mars 2025, la Chambre criminell&#8230;<\/p>\n","protected":false},"author":3162,"featured_media":241750,"comment_status":"open","ping_status":"open","sticky":false,"template":"","format":"standard","meta":{"footnotes":""},"categories":[44],"tags":[3694,3695,3693,3279,3504,2608,2844],"class_list":["post-220465","post","type-post","status-publish","format-standard","has-post-thumbnail","hentry","category-national","tag-ali-laarayedh","tag-ansar-al-chariaa","tag-envoi","tag-libye","tag-syrie","tag-tunisie","tag-zones-de-conflit"],"yoast_head":"<!-- This site is optimized with the Yoast SEO Premium plugin v27.5 (Yoast SEO v27.5) - https:\/\/yoast.com\/product\/yoast-seo-premium-wordpress\/ -->\n<title>Tunisie : Examen de l\u2019affaire des r\u00e9seaux d\u2019envoi de jeunes vers les zones de conflit<\/title>\n<meta name=\"description\" content=\"L&#039;affaire des r\u00e9seaux d\u2019acheminement de jeunes Tunisiens vers les zones de conflit refait surface devant la justice. Ce mardi 11 mars 2025, la Chambre criminell...\" \/>\n<link rel=\"canonical\" href=\"https:\/\/www.webdo.tn\/fr\/actualite\/national\/tunisie-examen-de-l-affaire-des-reseaux-d-envoi-de-jeunes-vers-les-zones-de-conflit\/220465\/\" \/>\n<meta property=\"og:locale\" content=\"fr_FR\" \/>\n<meta property=\"og:type\" content=\"article\" \/>\n<meta property=\"og:title\" content=\"Tunisie : Examen de l\u2019affaire des r\u00e9seaux d\u2019envoi de jeunes vers les zones de conflit\" \/>\n<meta property=\"og:description\" content=\"L&#039;affaire des r\u00e9seaux d\u2019acheminement de jeunes Tunisiens vers les zones de conflit refait surface devant la justice. Ce mardi 11 mars 2025, la Chambre criminell...\" \/>\n<meta property=\"og:url\" content=\"https:\/\/www.webdo.tn\/fr\/actualite\/national\/tunisie-examen-de-l-affaire-des-reseaux-d-envoi-de-jeunes-vers-les-zones-de-conflit\/220465\/\" \/>\n<meta property=\"og:site_name\" content=\"webdo\" \/>\n<meta property=\"article:publisher\" content=\"https:\/\/www.facebook.com\/webdotn\" \/>\n<meta property=\"article:published_time\" content=\"2025-03-11T11:37:00+00:00\" \/>\n<meta property=\"article:modified_time\" content=\"2025-05-20T21:41:59+00:00\" \/>\n<meta property=\"og:image\" content=\"https:\/\/www.webdo.tn\/fr\/wp-content\/uploads\/2025\/05\/804f48b3f3feefd5d3973c82c2515b7d-3.webp\" \/>\n\t<meta property=\"og:image:width\" content=\"650\" \/>\n\t<meta property=\"og:image:height\" content=\"347\" \/>\n\t<meta property=\"og:image:type\" content=\"image\/webp\" \/>\n<meta name=\"author\" content=\"MC\" \/>\n<meta name=\"twitter:card\" content=\"summary_large_image\" \/>\n<meta name=\"twitter:creator\" content=\"@webdo_tn\" \/>\n<meta name=\"twitter:site\" content=\"@webdo_tn\" \/>\n<meta name=\"twitter:label1\" content=\"\u00c9crit par\" \/>\n\t<meta name=\"twitter:data1\" content=\"MC\" \/>\n\t<meta name=\"twitter:label2\" content=\"Dur\u00e9e de lecture estim\u00e9e\" \/>\n\t<meta name=\"twitter:data2\" content=\"2 minutes\" \/>\n<script type=\"application\/ld+json\" class=\"yoast-schema-graph\">{\"@context\":\"https:\\\/\\\/schema.org\",\"@graph\":[{\"@type\":\"NewsArticle\",\"@id\":\"https:\\\/\\\/www.webdo.tn\\\/fr\\\/actualite\\\/national\\\/tunisie-examen-de-l-affaire-des-reseaux-d-envoi-de-jeunes-vers-les-zones-de-conflit\\\/220465\\\/#article\",\"isPartOf\":{\"@id\":\"https:\\\/\\\/www.webdo.tn\\\/fr\\\/actualite\\\/national\\\/tunisie-examen-de-l-affaire-des-reseaux-d-envoi-de-jeunes-vers-les-zones-de-conflit\\\/220465\\\/\"},\"author\":{\"name\":\"MC\",\"@id\":\"https:\\\/\\\/www.webdo.tn\\\/fr\\\/#\\\/schema\\\/person\\\/2c4929cbf5a809e3bd38617c6ce150f6\"},\"headline\":\"Tunisie : Examen de l\u2019affaire des r\u00e9seaux d\u2019envoi de jeunes vers les zones de conflit\",\"datePublished\":\"2025-03-11T11:37:00+00:00\",\"dateModified\":\"2025-05-20T21:41:59+00:00\",\"mainEntityOfPage\":{\"@id\":\"https:\\\/\\\/www.webdo.tn\\\/fr\\\/actualite\\\/national\\\/tunisie-examen-de-l-affaire-des-reseaux-d-envoi-de-jeunes-vers-les-zones-de-conflit\\\/220465\\\/\"},\"wordCount\":434,\"commentCount\":0,\"publisher\":{\"@id\":\"https:\\\/\\\/www.webdo.tn\\\/fr\\\/#organization\"},\"image\":{\"@id\":\"https:\\\/\\\/www.webdo.tn\\\/fr\\\/actualite\\\/national\\\/tunisie-examen-de-l-affaire-des-reseaux-d-envoi-de-jeunes-vers-les-zones-de-conflit\\\/220465\\\/#primaryimage\"},\"thumbnailUrl\":\"https:\\\/\\\/www.webdo.tn\\\/fr\\\/wp-content\\\/uploads\\\/2025\\\/05\\\/804f48b3f3feefd5d3973c82c2515b7d-3.webp\",\"keywords\":[\"Ali La\u00e2rayedh\",\"Ansar Al Chariaa\",\"envoi\",\"Libye\",\"syrie\",\"Tunisie\",\"zones de conflit\"],\"articleSection\":[\"National\"],\"inLanguage\":\"fr-FR\"},{\"@type\":\"WebPage\",\"@id\":\"https:\\\/\\\/www.webdo.tn\\\/fr\\\/actualite\\\/national\\\/tunisie-examen-de-l-affaire-des-reseaux-d-envoi-de-jeunes-vers-les-zones-de-conflit\\\/220465\\\/\",\"url\":\"https:\\\/\\\/www.webdo.tn\\\/fr\\\/actualite\\\/national\\\/tunisie-examen-de-l-affaire-des-reseaux-d-envoi-de-jeunes-vers-les-zones-de-conflit\\\/220465\\\/\",\"name\":\"Tunisie : Examen de l\u2019affaire des r\u00e9seaux d\u2019envoi de jeunes vers les zones de conflit\",\"isPartOf\":{\"@id\":\"https:\\\/\\\/www.webdo.tn\\\/fr\\\/#website\"},\"primaryImageOfPage\":{\"@id\":\"https:\\\/\\\/www.webdo.tn\\\/fr\\\/actualite\\\/national\\\/tunisie-examen-de-l-affaire-des-reseaux-d-envoi-de-jeunes-vers-les-zones-de-conflit\\\/220465\\\/#primaryimage\"},\"image\":{\"@id\":\"https:\\\/\\\/www.webdo.tn\\\/fr\\\/actualite\\\/national\\\/tunisie-examen-de-l-affaire-des-reseaux-d-envoi-de-jeunes-vers-les-zones-de-conflit\\\/220465\\\/#primaryimage\"},\"thumbnailUrl\":\"https:\\\/\\\/www.webdo.tn\\\/fr\\\/wp-content\\\/uploads\\\/2025\\\/05\\\/804f48b3f3feefd5d3973c82c2515b7d-3.webp\",\"datePublished\":\"2025-03-11T11:37:00+00:00\",\"dateModified\":\"2025-05-20T21:41:59+00:00\",\"description\":\"L'affaire des r\u00e9seaux d\u2019acheminement de jeunes Tunisiens vers les zones de conflit refait surface devant la justice. Ce mardi 11 mars 2025, la Chambre criminell...\",\"breadcrumb\":{\"@id\":\"https:\\\/\\\/www.webdo.tn\\\/fr\\\/actualite\\\/national\\\/tunisie-examen-de-l-affaire-des-reseaux-d-envoi-de-jeunes-vers-les-zones-de-conflit\\\/220465\\\/#breadcrumb\"},\"inLanguage\":\"fr-FR\",\"potentialAction\":[{\"@type\":\"ReadAction\",\"target\":[\"https:\\\/\\\/www.webdo.tn\\\/fr\\\/actualite\\\/national\\\/tunisie-examen-de-l-affaire-des-reseaux-d-envoi-de-jeunes-vers-les-zones-de-conflit\\\/220465\\\/\"]}]},{\"@type\":\"ImageObject\",\"inLanguage\":\"fr-FR\",\"@id\":\"https:\\\/\\\/www.webdo.tn\\\/fr\\\/actualite\\\/national\\\/tunisie-examen-de-l-affaire-des-reseaux-d-envoi-de-jeunes-vers-les-zones-de-conflit\\\/220465\\\/#primaryimage\",\"url\":\"https:\\\/\\\/www.webdo.tn\\\/fr\\\/wp-content\\\/uploads\\\/2025\\\/05\\\/804f48b3f3feefd5d3973c82c2515b7d-3.webp\",\"contentUrl\":\"https:\\\/\\\/www.webdo.tn\\\/fr\\\/wp-content\\\/uploads\\\/2025\\\/05\\\/804f48b3f3feefd5d3973c82c2515b7d-3.webp\",\"width\":650,\"height\":347},{\"@type\":\"BreadcrumbList\",\"@id\":\"https:\\\/\\\/www.webdo.tn\\\/fr\\\/actualite\\\/national\\\/tunisie-examen-de-l-affaire-des-reseaux-d-envoi-de-jeunes-vers-les-zones-de-conflit\\\/220465\\\/#breadcrumb\",\"itemListElement\":[{\"@type\":\"ListItem\",\"position\":1,\"name\":\"Accueil\",\"item\":\"https:\\\/\\\/www.webdo.tn\\\/fr\\\/\"},{\"@type\":\"ListItem\",\"position\":2,\"name\":\"Tunisie : Examen de l\u2019affaire des r\u00e9seaux d\u2019envoi de jeunes vers les zones de conflit\"}]},{\"@type\":\"WebSite\",\"@id\":\"https:\\\/\\\/www.webdo.tn\\\/fr\\\/#website\",\"url\":\"https:\\\/\\\/www.webdo.tn\\\/fr\\\/\",\"name\":\"webdo\",\"description\":\"Tunisie - News en Tunisie et \u00e0 l&#039;international sur Webdo.tn\",\"publisher\":{\"@id\":\"https:\\\/\\\/www.webdo.tn\\\/fr\\\/#organization\"},\"potentialAction\":[{\"@type\":\"SearchAction\",\"target\":{\"@type\":\"EntryPoint\",\"urlTemplate\":\"https:\\\/\\\/www.webdo.tn\\\/fr\\\/?s={search_term_string}\"},\"query-input\":{\"@type\":\"PropertyValueSpecification\",\"valueRequired\":true,\"valueName\":\"search_term_string\"}}],\"inLanguage\":\"fr-FR\"},{\"@type\":\"Organization\",\"@id\":\"https:\\\/\\\/www.webdo.tn\\\/fr\\\/#organization\",\"name\":\"Webdo\",\"alternateName\":\"Webdo.tn\",\"url\":\"https:\\\/\\\/www.webdo.tn\\\/fr\\\/\",\"logo\":{\"@type\":\"ImageObject\",\"inLanguage\":\"fr-FR\",\"@id\":\"https:\\\/\\\/www.webdo.tn\\\/fr\\\/#\\\/schema\\\/logo\\\/image\\\/\",\"url\":\"https:\\\/\\\/www.webdo.tn\\\/fr\\\/wp-content\\\/uploads\\\/2025\\\/06\\\/Webdo-Tunisie_168377.jpg\",\"contentUrl\":\"https:\\\/\\\/www.webdo.tn\\\/fr\\\/wp-content\\\/uploads\\\/2025\\\/06\\\/Webdo-Tunisie_168377.jpg\",\"width\":301,\"height\":301,\"caption\":\"Webdo\"},\"image\":{\"@id\":\"https:\\\/\\\/www.webdo.tn\\\/fr\\\/#\\\/schema\\\/logo\\\/image\\\/\"},\"sameAs\":[\"https:\\\/\\\/www.facebook.com\\\/webdotn\",\"https:\\\/\\\/x.com\\\/webdo_tn\"],\"description\":\"Webdo est un m\u00e9dia num\u00e9rique tunisien fond\u00e9 en 2010, sp\u00e9cialis\u00e9 dans l\u2019actualit\u00e9 nationale et internationale, l\u2019\u00e9conomie, la soci\u00e9t\u00e9 et les analyses politiques. Le site s\u2019adresse \u00e0 un large public francophone et couvre l\u2019information tunisienne en temps r\u00e9el.\",\"email\":\"redac@webdo.tn\",\"legalName\":\"YNJ SARL\",\"foundingDate\":\"2010-09-06\",\"numberOfEmployees\":{\"@type\":\"QuantitativeValue\",\"minValue\":\"11\",\"maxValue\":\"50\"}},{\"@type\":\"Person\",\"@id\":\"https:\\\/\\\/www.webdo.tn\\\/fr\\\/#\\\/schema\\\/person\\\/2c4929cbf5a809e3bd38617c6ce150f6\",\"name\":\"MC\",\"image\":{\"@type\":\"ImageObject\",\"inLanguage\":\"fr-FR\",\"@id\":\"https:\\\/\\\/secure.gravatar.com\\\/avatar\\\/a545bbb6f84efdd5553dbbc2895e3ca8f1d12c5215e00a041c9670b54aa9b18a?s=96&d=mm&r=g\",\"url\":\"https:\\\/\\\/secure.gravatar.com\\\/avatar\\\/a545bbb6f84efdd5553dbbc2895e3ca8f1d12c5215e00a041c9670b54aa9b18a?s=96&d=mm&r=g\",\"contentUrl\":\"https:\\\/\\\/secure.gravatar.com\\\/avatar\\\/a545bbb6f84efdd5553dbbc2895e3ca8f1d12c5215e00a041c9670b54aa9b18a?s=96&d=mm&r=g\",\"caption\":\"MC\"},\"url\":\"https:\\\/\\\/www.webdo.tn\\\/fr\\\/actualite\\\/author\\\/mc\\\/\"}]}<\/script>\n<!-- \/ Yoast SEO Premium plugin. -->","yoast_head_json":{"title":"Tunisie : Examen de l\u2019affaire des r\u00e9seaux d\u2019envoi de jeunes vers les zones de conflit","description":"L'affaire des r\u00e9seaux d\u2019acheminement de jeunes Tunisiens vers les zones de conflit refait surface devant la justice. Ce mardi 11 mars 2025, la Chambre criminell...","canonical":"https:\/\/www.webdo.tn\/fr\/actualite\/national\/tunisie-examen-de-l-affaire-des-reseaux-d-envoi-de-jeunes-vers-les-zones-de-conflit\/220465\/","og_locale":"fr_FR","og_type":"article","og_title":"Tunisie : Examen de l\u2019affaire des r\u00e9seaux d\u2019envoi de jeunes vers les zones de conflit","og_description":"L'affaire des r\u00e9seaux d\u2019acheminement de jeunes Tunisiens vers les zones de conflit refait surface devant la justice. Ce mardi 11 mars 2025, la Chambre criminell...","og_url":"https:\/\/www.webdo.tn\/fr\/actualite\/national\/tunisie-examen-de-l-affaire-des-reseaux-d-envoi-de-jeunes-vers-les-zones-de-conflit\/220465\/","og_site_name":"webdo","article_publisher":"https:\/\/www.facebook.com\/webdotn","article_published_time":"2025-03-11T11:37:00+00:00","article_modified_time":"2025-05-20T21:41:59+00:00","og_image":[{"width":650,"height":347,"url":"https:\/\/www.webdo.tn\/fr\/wp-content\/uploads\/2025\/05\/804f48b3f3feefd5d3973c82c2515b7d-3.webp","type":"image\/webp"}],"author":"MC","twitter_card":"summary_large_image","twitter_creator":"@webdo_tn","twitter_site":"@webdo_tn","twitter_misc":{"\u00c9crit par":"MC","Dur\u00e9e de lecture estim\u00e9e":"2 minutes"},"schema":{"@context":"https:\/\/schema.org","@graph":[{"@type":"NewsArticle","@id":"https:\/\/www.webdo.tn\/fr\/actualite\/national\/tunisie-examen-de-l-affaire-des-reseaux-d-envoi-de-jeunes-vers-les-zones-de-conflit\/220465\/#article","isPartOf":{"@id":"https:\/\/www.webdo.tn\/fr\/actualite\/national\/tunisie-examen-de-l-affaire-des-reseaux-d-envoi-de-jeunes-vers-les-zones-de-conflit\/220465\/"},"author":{"name":"MC","@id":"https:\/\/www.webdo.tn\/fr\/#\/schema\/person\/2c4929cbf5a809e3bd38617c6ce150f6"},"headline":"Tunisie : Examen de l\u2019affaire des r\u00e9seaux d\u2019envoi de jeunes vers les zones de conflit","datePublished":"2025-03-11T11:37:00+00:00","dateModified":"2025-05-20T21:41:59+00:00","mainEntityOfPage":{"@id":"https:\/\/www.webdo.tn\/fr\/actualite\/national\/tunisie-examen-de-l-affaire-des-reseaux-d-envoi-de-jeunes-vers-les-zones-de-conflit\/220465\/"},"wordCount":434,"commentCount":0,"publisher":{"@id":"https:\/\/www.webdo.tn\/fr\/#organization"},"image":{"@id":"https:\/\/www.webdo.tn\/fr\/actualite\/national\/tunisie-examen-de-l-affaire-des-reseaux-d-envoi-de-jeunes-vers-les-zones-de-conflit\/220465\/#primaryimage"},"thumbnailUrl":"https:\/\/www.webdo.tn\/fr\/wp-content\/uploads\/2025\/05\/804f48b3f3feefd5d3973c82c2515b7d-3.webp","keywords":["Ali La\u00e2rayedh","Ansar Al Chariaa","envoi","Libye","syrie","Tunisie","zones de conflit"],"articleSection":["National"],"inLanguage":"fr-FR"},{"@type":"WebPage","@id":"https:\/\/www.webdo.tn\/fr\/actualite\/national\/tunisie-examen-de-l-affaire-des-reseaux-d-envoi-de-jeunes-vers-les-zones-de-conflit\/220465\/","url":"https:\/\/www.webdo.tn\/fr\/actualite\/national\/tunisie-examen-de-l-affaire-des-reseaux-d-envoi-de-jeunes-vers-les-zones-de-conflit\/220465\/","name":"Tunisie : Examen de l\u2019affaire des r\u00e9seaux d\u2019envoi de jeunes vers les zones de conflit","isPartOf":{"@id":"https:\/\/www.webdo.tn\/fr\/#website"},"primaryImageOfPage":{"@id":"https:\/\/www.webdo.tn\/fr\/actualite\/national\/tunisie-examen-de-l-affaire-des-reseaux-d-envoi-de-jeunes-vers-les-zones-de-conflit\/220465\/#primaryimage"},"image":{"@id":"https:\/\/www.webdo.tn\/fr\/actualite\/national\/tunisie-examen-de-l-affaire-des-reseaux-d-envoi-de-jeunes-vers-les-zones-de-conflit\/220465\/#primaryimage"},"thumbnailUrl":"https:\/\/www.webdo.tn\/fr\/wp-content\/uploads\/2025\/05\/804f48b3f3feefd5d3973c82c2515b7d-3.webp","datePublished":"2025-03-11T11:37:00+00:00","dateModified":"2025-05-20T21:41:59+00:00","description":"L'affaire des r\u00e9seaux d\u2019acheminement de jeunes Tunisiens vers les zones de conflit refait surface devant la justice. Ce mardi 11 mars 2025, la Chambre criminell...","breadcrumb":{"@id":"https:\/\/www.webdo.tn\/fr\/actualite\/national\/tunisie-examen-de-l-affaire-des-reseaux-d-envoi-de-jeunes-vers-les-zones-de-conflit\/220465\/#breadcrumb"},"inLanguage":"fr-FR","potentialAction":[{"@type":"ReadAction","target":["https:\/\/www.webdo.tn\/fr\/actualite\/national\/tunisie-examen-de-l-affaire-des-reseaux-d-envoi-de-jeunes-vers-les-zones-de-conflit\/220465\/"]}]},{"@type":"ImageObject","inLanguage":"fr-FR","@id":"https:\/\/www.webdo.tn\/fr\/actualite\/national\/tunisie-examen-de-l-affaire-des-reseaux-d-envoi-de-jeunes-vers-les-zones-de-conflit\/220465\/#primaryimage","url":"https:\/\/www.webdo.tn\/fr\/wp-content\/uploads\/2025\/05\/804f48b3f3feefd5d3973c82c2515b7d-3.webp","contentUrl":"https:\/\/www.webdo.tn\/fr\/wp-content\/uploads\/2025\/05\/804f48b3f3feefd5d3973c82c2515b7d-3.webp","width":650,"height":347},{"@type":"BreadcrumbList","@id":"https:\/\/www.webdo.tn\/fr\/actualite\/national\/tunisie-examen-de-l-affaire-des-reseaux-d-envoi-de-jeunes-vers-les-zones-de-conflit\/220465\/#breadcrumb","itemListElement":[{"@type":"ListItem","position":1,"name":"Accueil","item":"https:\/\/www.webdo.tn\/fr\/"},{"@type":"ListItem","position":2,"name":"Tunisie : Examen de l\u2019affaire des r\u00e9seaux d\u2019envoi de jeunes vers les zones de conflit"}]},{"@type":"WebSite","@id":"https:\/\/www.webdo.tn\/fr\/#website","url":"https:\/\/www.webdo.tn\/fr\/","name":"webdo","description":"Tunisie - News en Tunisie et \u00e0 l&#039;international sur Webdo.tn","publisher":{"@id":"https:\/\/www.webdo.tn\/fr\/#organization"},"potentialAction":[{"@type":"SearchAction","target":{"@type":"EntryPoint","urlTemplate":"https:\/\/www.webdo.tn\/fr\/?s={search_term_string}"},"query-input":{"@type":"PropertyValueSpecification","valueRequired":true,"valueName":"search_term_string"}}],"inLanguage":"fr-FR"},{"@type":"Organization","@id":"https:\/\/www.webdo.tn\/fr\/#organization","name":"Webdo","alternateName":"Webdo.tn","url":"https:\/\/www.webdo.tn\/fr\/","logo":{"@type":"ImageObject","inLanguage":"fr-FR","@id":"https:\/\/www.webdo.tn\/fr\/#\/schema\/logo\/image\/","url":"https:\/\/www.webdo.tn\/fr\/wp-content\/uploads\/2025\/06\/Webdo-Tunisie_168377.jpg","contentUrl":"https:\/\/www.webdo.tn\/fr\/wp-content\/uploads\/2025\/06\/Webdo-Tunisie_168377.jpg","width":301,"height":301,"caption":"Webdo"},"image":{"@id":"https:\/\/www.webdo.tn\/fr\/#\/schema\/logo\/image\/"},"sameAs":["https:\/\/www.facebook.com\/webdotn","https:\/\/x.com\/webdo_tn"],"description":"Webdo est un m\u00e9dia num\u00e9rique tunisien fond\u00e9 en 2010, sp\u00e9cialis\u00e9 dans l\u2019actualit\u00e9 nationale et internationale, l\u2019\u00e9conomie, la soci\u00e9t\u00e9 et les analyses politiques. Le site s\u2019adresse \u00e0 un large public francophone et couvre l\u2019information tunisienne en temps r\u00e9el.","email":"redac@webdo.tn","legalName":"YNJ SARL","foundingDate":"2010-09-06","numberOfEmployees":{"@type":"QuantitativeValue","minValue":"11","maxValue":"50"}},{"@type":"Person","@id":"https:\/\/www.webdo.tn\/fr\/#\/schema\/person\/2c4929cbf5a809e3bd38617c6ce150f6","name":"MC","image":{"@type":"ImageObject","inLanguage":"fr-FR","@id":"https:\/\/secure.gravatar.com\/avatar\/a545bbb6f84efdd5553dbbc2895e3ca8f1d12c5215e00a041c9670b54aa9b18a?s=96&d=mm&r=g","url":"https:\/\/secure.gravatar.com\/avatar\/a545bbb6f84efdd5553dbbc2895e3ca8f1d12c5215e00a041c9670b54aa9b18a?s=96&d=mm&r=g","contentUrl":"https:\/\/secure.gravatar.com\/avatar\/a545bbb6f84efdd5553dbbc2895e3ca8f1d12c5215e00a041c9670b54aa9b18a?s=96&d=mm&r=g","caption":"MC"},"url":"https:\/\/www.webdo.tn\/fr\/actualite\/author\/mc\/"}]}},"_links":{"self":[{"href":"https:\/\/www.webdo.tn\/fr\/wp-json\/wp\/v2\/posts\/220465","targetHints":{"allow":["GET"]}}],"collection":[{"href":"https:\/\/www.webdo.tn\/fr\/wp-json\/wp\/v2\/posts"}],"about":[{"href":"https:\/\/www.webdo.tn\/fr\/wp-json\/wp\/v2\/types\/post"}],"author":[{"embeddable":true,"href":"https:\/\/www.webdo.tn\/fr\/wp-json\/wp\/v2\/users\/3162"}],"replies":[{"embeddable":true,"href":"https:\/\/www.webdo.tn\/fr\/wp-json\/wp\/v2\/comments?post=220465"}],"version-history":[{"count":0,"href":"https:\/\/www.webdo.tn\/fr\/wp-json\/wp\/v2\/posts\/220465\/revisions"}],"wp:featuredmedia":[{"embeddable":true,"href":"https:\/\/www.webdo.tn\/fr\/wp-json\/wp\/v2\/media\/241750"}],"wp:attachment":[{"href":"https:\/\/www.webdo.tn\/fr\/wp-json\/wp\/v2\/media?parent=220465"}],"wp:term":[{"taxonomy":"category","embeddable":true,"href":"https:\/\/www.webdo.tn\/fr\/wp-json\/wp\/v2\/categories?post=220465"},{"taxonomy":"post_tag","embeddable":true,"href":"https:\/\/www.webdo.tn\/fr\/wp-json\/wp\/v2\/tags?post=220465"}],"curies":[{"name":"wp","href":"https:\/\/api.w.org\/{rel}","templated":true}]}}