{"id":220464,"date":"2025-03-11T11:40:00","date_gmt":"2025-03-11T11:40:00","guid":{"rendered":"https:\/\/www.webdo.tn\/fr\/blog\/2025\/03\/11\/tunisie-djerba-destination-privilegiee-des-francais-pour-l-ete-2025\/"},"modified":"2025-05-20T22:19:26","modified_gmt":"2025-05-20T22:19:26","slug":"tunisie-djerba-destination-privilegiee-des-francais-pour-l-ete-2025","status":"publish","type":"post","link":"https:\/\/www.webdo.tn\/fr\/actualite\/national\/tunisie-djerba-destination-privilegiee-des-francais-pour-l-ete-2025\/220464\/","title":{"rendered":"Tunisie : Djerba, destination privil\u00e9gi\u00e9e des Fran\u00e7ais pour l\u2019\u00e9t\u00e9 2025"},"content":{"rendered":"<p>Djerba, l&rsquo;une des destinations les plus pris\u00e9es par les Fran\u00e7ais pour l&rsquo;\u00e9t\u00e9 2025, attire par son climat agr\u00e9able, ses plages paradisiaques et son offre h\u00f4teli\u00e8re diversifi\u00e9e. L&rsquo;\u00eele combine luxe et authenticit\u00e9, tout en offrant un patrimoine culturel unique, avec des sites embl\u00e9matiques tels que la synagogue de la Ghriba et le village artistique de Djerbahood.<\/p>\n<p>\t\t\t\t\t\t\t\t\tSelon l\u2019Observatoire des Vacances, publi\u00e9 par les Entreprises du Voyage et relay\u00e9 par France Info, la Tunisie se hisse \u00e0 la troisi\u00e8me place des destinations les plus choisies par les Fran\u00e7ais pendant la p\u00e9riode du 8 f\u00e9vrier au 3 mars 2025, derri\u00e8re la France et l\u2019Espagne, mais devant le Maroc et l\u2019\u00c9gypte. Cette tendance t\u00e9moigne d\u2019un net regain d\u2019int\u00e9r\u00eat pour la destination tunisienne, avec une augmentation des d\u00e9parts de 23,7% par rapport \u00e0 l&rsquo;ann\u00e9e pr\u00e9c\u00e9dente.<\/p>\n<p>En mati\u00e8re de villes, Djerba se hisse dans le top 3 des destinations pr\u00e9f\u00e9r\u00e9es des Fran\u00e7ais pour les vacances d\u2019\u00e9t\u00e9 2025. L\u2019\u00eele s\u00e9duit par son climat agr\u00e9able, ses plages paradisiaques et son offre h\u00f4teli\u00e8re vari\u00e9e, qui combine luxe et authenticit\u00e9. Son attractivit\u00e9 repose \u00e9galement sur la richesse de son patrimoine culturel, avec des sites embl\u00e9matiques comme la synagogue de la Ghriba et le village artistique de Djerbahood.<\/p>\n<p>\u00ab La Tunisie \u00e9tait un peu boud\u00e9e ces derni\u00e8res ann\u00e9es, mais elle retrouve une place de choix parmi les destinations privil\u00e9gi\u00e9es des Fran\u00e7ais. C\u2019est un signe positif pour le tourisme tunisien \u00bb, souligne Val\u00e9rie Boned, pr\u00e9sidente des Entreprises du Voyage.<\/p>\n<p>Les perspectives pour la saison estivale confirment cette dynamique. La Tunisie figure d\u2019ores et d\u00e9j\u00e0 parmi les destinations les plus r\u00e9serv\u00e9es pour l\u2019\u00e9t\u00e9 2025, se positionnant comme la quatri\u00e8me destination pr\u00e9f\u00e9r\u00e9e des Fran\u00e7ais. Les agences de voyages constatent un engouement constant, malgr\u00e9 un contexte \u00e9conomique marqu\u00e9 par une prudence budg\u00e9taire.<\/p>\n<p>Les professionnels du tourisme tunisien mettent en avant plusieurs facteurs expliquant ce regain d\u2019attractivit\u00e9 : une am\u00e9lioration des infrastructures, une diversification de l\u2019offre touristique et une stabilit\u00e9 s\u00e9curitaire rassurante. Les stations baln\u00e9aires de Djerba, Hammamet et Sousse continuent d\u2019attirer les vacanciers, tandis que le tourisme culturel et saharien s\u00e9duit un nombre croissant de visiteurs en qu\u00eate d\u2019authenticit\u00e9.<\/p>\n<p>Avec cette dynamique positive, la Tunisie se positionne comme une destination incontournable pour les touristes fran\u00e7ais en qu\u00eate de soleil, d\u2019histoire et de d\u00e9tente \u00e0 des tarifs attractifs. Reste \u00e0 savoir si cette tendance se maintiendra et si la saison estivale confirmera cet engouement croissant.<\/p>\n","protected":false},"excerpt":{"rendered":"<p>Djerba, destination pr\u00e9f\u00e9r\u00e9e des Fran\u00e7ais, \u00e9t\u00e9 2025, plages paradisiaques, climat agr\u00e9able, patrimoine culturel, offre h\u00f4teli\u00e8re, luxe et authenticit\u00e9, synagogu&#8230;<\/p>\n","protected":false},"author":3163,"featured_media":241752,"comment_status":"open","ping_status":"open","sticky":false,"template":"","format":"standard","meta":{"footnotes":""},"categories":[44],"tags":[3696,3697,2998,2798,2608],"class_list":["post-220464","post","type-post","status-publish","format-standard","has-post-thumbnail","hentry","category-national","tag-djerba","tag-francais","tag-france","tag-tourisme","tag-tunisie"],"yoast_head":"<!-- This site is optimized with the Yoast SEO Premium plugin v27.5 (Yoast SEO v27.5) - https:\/\/yoast.com\/product\/yoast-seo-premium-wordpress\/ -->\n<title>Tunisie : Djerba, destination privil\u00e9gi\u00e9e des Fran\u00e7ais pour l\u2019\u00e9t\u00e9 2025<\/title>\n<meta name=\"description\" content=\"Djerba, destination pr\u00e9f\u00e9r\u00e9e des Fran\u00e7ais, \u00e9t\u00e9 2025, plages paradisiaques, climat agr\u00e9able, patrimoine culturel, offre h\u00f4teli\u00e8re, luxe et authenticit\u00e9, synagogu...\" \/>\n<link rel=\"canonical\" href=\"https:\/\/www.webdo.tn\/fr\/actualite\/national\/tunisie-djerba-destination-privilegiee-des-francais-pour-l-ete-2025\/220464\/\" \/>\n<meta property=\"og:locale\" content=\"fr_FR\" \/>\n<meta property=\"og:type\" content=\"article\" \/>\n<meta property=\"og:title\" content=\"Tunisie : Djerba, destination privil\u00e9gi\u00e9e des Fran\u00e7ais pour l\u2019\u00e9t\u00e9 2025\" \/>\n<meta property=\"og:description\" content=\"Djerba, destination pr\u00e9f\u00e9r\u00e9e des Fran\u00e7ais, \u00e9t\u00e9 2025, plages paradisiaques, climat agr\u00e9able, patrimoine culturel, offre h\u00f4teli\u00e8re, luxe et authenticit\u00e9, synagogu...\" \/>\n<meta property=\"og:url\" content=\"https:\/\/www.webdo.tn\/fr\/actualite\/national\/tunisie-djerba-destination-privilegiee-des-francais-pour-l-ete-2025\/220464\/\" \/>\n<meta property=\"og:site_name\" content=\"webdo\" \/>\n<meta property=\"article:publisher\" content=\"https:\/\/www.facebook.com\/webdotn\" \/>\n<meta property=\"article:published_time\" content=\"2025-03-11T11:40:00+00:00\" \/>\n<meta property=\"article:modified_time\" content=\"2025-05-20T22:19:26+00:00\" \/>\n<meta property=\"og:image\" content=\"https:\/\/www.webdo.tn\/fr\/wp-content\/uploads\/2025\/05\/da721b721e68c9be14b615526e505240-3.webp\" \/>\n\t<meta property=\"og:image:width\" content=\"675\" \/>\n\t<meta property=\"og:image:height\" content=\"360\" \/>\n\t<meta property=\"og:image:type\" content=\"image\/webp\" \/>\n<meta name=\"author\" content=\"KJ\" \/>\n<meta name=\"twitter:card\" content=\"summary_large_image\" \/>\n<meta name=\"twitter:creator\" content=\"@webdo_tn\" \/>\n<meta name=\"twitter:site\" content=\"@webdo_tn\" \/>\n<meta name=\"twitter:label1\" content=\"\u00c9crit par\" \/>\n\t<meta name=\"twitter:data1\" content=\"KJ\" \/>\n\t<meta name=\"twitter:label2\" content=\"Dur\u00e9e de lecture estim\u00e9e\" \/>\n\t<meta name=\"twitter:data2\" content=\"2 minutes\" \/>\n<script type=\"application\/ld+json\" class=\"yoast-schema-graph\">{\"@context\":\"https:\\\/\\\/schema.org\",\"@graph\":[{\"@type\":\"NewsArticle\",\"@id\":\"https:\\\/\\\/www.webdo.tn\\\/fr\\\/actualite\\\/national\\\/tunisie-djerba-destination-privilegiee-des-francais-pour-l-ete-2025\\\/220464\\\/#article\",\"isPartOf\":{\"@id\":\"https:\\\/\\\/www.webdo.tn\\\/fr\\\/actualite\\\/national\\\/tunisie-djerba-destination-privilegiee-des-francais-pour-l-ete-2025\\\/220464\\\/\"},\"author\":{\"name\":\"KJ\",\"@id\":\"https:\\\/\\\/www.webdo.tn\\\/fr\\\/#\\\/schema\\\/person\\\/82ca085b22037d285e1a3c4b65ba5f71\"},\"headline\":\"Tunisie : Djerba, destination privil\u00e9gi\u00e9e des Fran\u00e7ais pour l\u2019\u00e9t\u00e9 2025\",\"datePublished\":\"2025-03-11T11:40:00+00:00\",\"dateModified\":\"2025-05-20T22:19:26+00:00\",\"mainEntityOfPage\":{\"@id\":\"https:\\\/\\\/www.webdo.tn\\\/fr\\\/actualite\\\/national\\\/tunisie-djerba-destination-privilegiee-des-francais-pour-l-ete-2025\\\/220464\\\/\"},\"wordCount\":460,\"commentCount\":0,\"publisher\":{\"@id\":\"https:\\\/\\\/www.webdo.tn\\\/fr\\\/#organization\"},\"image\":{\"@id\":\"https:\\\/\\\/www.webdo.tn\\\/fr\\\/actualite\\\/national\\\/tunisie-djerba-destination-privilegiee-des-francais-pour-l-ete-2025\\\/220464\\\/#primaryimage\"},\"thumbnailUrl\":\"https:\\\/\\\/www.webdo.tn\\\/fr\\\/wp-content\\\/uploads\\\/2025\\\/05\\\/da721b721e68c9be14b615526e505240-3.webp\",\"keywords\":[\"djerba\",\"fran\u00e7ais\",\"france\",\"Tourisme\",\"Tunisie\"],\"articleSection\":[\"National\"],\"inLanguage\":\"fr-FR\"},{\"@type\":\"WebPage\",\"@id\":\"https:\\\/\\\/www.webdo.tn\\\/fr\\\/actualite\\\/national\\\/tunisie-djerba-destination-privilegiee-des-francais-pour-l-ete-2025\\\/220464\\\/\",\"url\":\"https:\\\/\\\/www.webdo.tn\\\/fr\\\/actualite\\\/national\\\/tunisie-djerba-destination-privilegiee-des-francais-pour-l-ete-2025\\\/220464\\\/\",\"name\":\"Tunisie : Djerba, destination privil\u00e9gi\u00e9e des Fran\u00e7ais pour l\u2019\u00e9t\u00e9 2025\",\"isPartOf\":{\"@id\":\"https:\\\/\\\/www.webdo.tn\\\/fr\\\/#website\"},\"primaryImageOfPage\":{\"@id\":\"https:\\\/\\\/www.webdo.tn\\\/fr\\\/actualite\\\/national\\\/tunisie-djerba-destination-privilegiee-des-francais-pour-l-ete-2025\\\/220464\\\/#primaryimage\"},\"image\":{\"@id\":\"https:\\\/\\\/www.webdo.tn\\\/fr\\\/actualite\\\/national\\\/tunisie-djerba-destination-privilegiee-des-francais-pour-l-ete-2025\\\/220464\\\/#primaryimage\"},\"thumbnailUrl\":\"https:\\\/\\\/www.webdo.tn\\\/fr\\\/wp-content\\\/uploads\\\/2025\\\/05\\\/da721b721e68c9be14b615526e505240-3.webp\",\"datePublished\":\"2025-03-11T11:40:00+00:00\",\"dateModified\":\"2025-05-20T22:19:26+00:00\",\"description\":\"Djerba, destination pr\u00e9f\u00e9r\u00e9e des Fran\u00e7ais, \u00e9t\u00e9 2025, plages paradisiaques, climat agr\u00e9able, patrimoine culturel, offre h\u00f4teli\u00e8re, luxe et authenticit\u00e9, synagogu...\",\"breadcrumb\":{\"@id\":\"https:\\\/\\\/www.webdo.tn\\\/fr\\\/actualite\\\/national\\\/tunisie-djerba-destination-privilegiee-des-francais-pour-l-ete-2025\\\/220464\\\/#breadcrumb\"},\"inLanguage\":\"fr-FR\",\"potentialAction\":[{\"@type\":\"ReadAction\",\"target\":[\"https:\\\/\\\/www.webdo.tn\\\/fr\\\/actualite\\\/national\\\/tunisie-djerba-destination-privilegiee-des-francais-pour-l-ete-2025\\\/220464\\\/\"]}]},{\"@type\":\"ImageObject\",\"inLanguage\":\"fr-FR\",\"@id\":\"https:\\\/\\\/www.webdo.tn\\\/fr\\\/actualite\\\/national\\\/tunisie-djerba-destination-privilegiee-des-francais-pour-l-ete-2025\\\/220464\\\/#primaryimage\",\"url\":\"https:\\\/\\\/www.webdo.tn\\\/fr\\\/wp-content\\\/uploads\\\/2025\\\/05\\\/da721b721e68c9be14b615526e505240-3.webp\",\"contentUrl\":\"https:\\\/\\\/www.webdo.tn\\\/fr\\\/wp-content\\\/uploads\\\/2025\\\/05\\\/da721b721e68c9be14b615526e505240-3.webp\",\"width\":675,\"height\":360},{\"@type\":\"BreadcrumbList\",\"@id\":\"https:\\\/\\\/www.webdo.tn\\\/fr\\\/actualite\\\/national\\\/tunisie-djerba-destination-privilegiee-des-francais-pour-l-ete-2025\\\/220464\\\/#breadcrumb\",\"itemListElement\":[{\"@type\":\"ListItem\",\"position\":1,\"name\":\"Accueil\",\"item\":\"https:\\\/\\\/www.webdo.tn\\\/fr\\\/\"},{\"@type\":\"ListItem\",\"position\":2,\"name\":\"Tunisie : Djerba, destination privil\u00e9gi\u00e9e des Fran\u00e7ais pour l\u2019\u00e9t\u00e9 2025\"}]},{\"@type\":\"WebSite\",\"@id\":\"https:\\\/\\\/www.webdo.tn\\\/fr\\\/#website\",\"url\":\"https:\\\/\\\/www.webdo.tn\\\/fr\\\/\",\"name\":\"webdo\",\"description\":\"Tunisie - News en Tunisie et \u00e0 l&#039;international sur Webdo.tn\",\"publisher\":{\"@id\":\"https:\\\/\\\/www.webdo.tn\\\/fr\\\/#organization\"},\"potentialAction\":[{\"@type\":\"SearchAction\",\"target\":{\"@type\":\"EntryPoint\",\"urlTemplate\":\"https:\\\/\\\/www.webdo.tn\\\/fr\\\/?s={search_term_string}\"},\"query-input\":{\"@type\":\"PropertyValueSpecification\",\"valueRequired\":true,\"valueName\":\"search_term_string\"}}],\"inLanguage\":\"fr-FR\"},{\"@type\":\"Organization\",\"@id\":\"https:\\\/\\\/www.webdo.tn\\\/fr\\\/#organization\",\"name\":\"Webdo\",\"alternateName\":\"Webdo.tn\",\"url\":\"https:\\\/\\\/www.webdo.tn\\\/fr\\\/\",\"logo\":{\"@type\":\"ImageObject\",\"inLanguage\":\"fr-FR\",\"@id\":\"https:\\\/\\\/www.webdo.tn\\\/fr\\\/#\\\/schema\\\/logo\\\/image\\\/\",\"url\":\"https:\\\/\\\/www.webdo.tn\\\/fr\\\/wp-content\\\/uploads\\\/2025\\\/06\\\/Webdo-Tunisie_168377.jpg\",\"contentUrl\":\"https:\\\/\\\/www.webdo.tn\\\/fr\\\/wp-content\\\/uploads\\\/2025\\\/06\\\/Webdo-Tunisie_168377.jpg\",\"width\":301,\"height\":301,\"caption\":\"Webdo\"},\"image\":{\"@id\":\"https:\\\/\\\/www.webdo.tn\\\/fr\\\/#\\\/schema\\\/logo\\\/image\\\/\"},\"sameAs\":[\"https:\\\/\\\/www.facebook.com\\\/webdotn\",\"https:\\\/\\\/x.com\\\/webdo_tn\"],\"description\":\"Webdo est un m\u00e9dia num\u00e9rique tunisien fond\u00e9 en 2010, sp\u00e9cialis\u00e9 dans l\u2019actualit\u00e9 nationale et internationale, l\u2019\u00e9conomie, la soci\u00e9t\u00e9 et les analyses politiques. Le site s\u2019adresse \u00e0 un large public francophone et couvre l\u2019information tunisienne en temps r\u00e9el.\",\"email\":\"redac@webdo.tn\",\"legalName\":\"YNJ SARL\",\"foundingDate\":\"2010-09-06\",\"numberOfEmployees\":{\"@type\":\"QuantitativeValue\",\"minValue\":\"11\",\"maxValue\":\"50\"}},{\"@type\":\"Person\",\"@id\":\"https:\\\/\\\/www.webdo.tn\\\/fr\\\/#\\\/schema\\\/person\\\/82ca085b22037d285e1a3c4b65ba5f71\",\"name\":\"KJ\",\"image\":{\"@type\":\"ImageObject\",\"inLanguage\":\"fr-FR\",\"@id\":\"https:\\\/\\\/secure.gravatar.com\\\/avatar\\\/1a1320de1c1971c893f00068f760b4113d69504aa21273da17ee95650c5944fd?s=96&d=mm&r=g\",\"url\":\"https:\\\/\\\/secure.gravatar.com\\\/avatar\\\/1a1320de1c1971c893f00068f760b4113d69504aa21273da17ee95650c5944fd?s=96&d=mm&r=g\",\"contentUrl\":\"https:\\\/\\\/secure.gravatar.com\\\/avatar\\\/1a1320de1c1971c893f00068f760b4113d69504aa21273da17ee95650c5944fd?s=96&d=mm&r=g\",\"caption\":\"KJ\"},\"url\":\"https:\\\/\\\/www.webdo.tn\\\/fr\\\/actualite\\\/author\\\/kj\\\/\"}]}<\/script>\n<!-- \/ Yoast SEO Premium plugin. -->","yoast_head_json":{"title":"Tunisie : Djerba, destination privil\u00e9gi\u00e9e des Fran\u00e7ais pour l\u2019\u00e9t\u00e9 2025","description":"Djerba, destination pr\u00e9f\u00e9r\u00e9e des Fran\u00e7ais, \u00e9t\u00e9 2025, plages paradisiaques, climat agr\u00e9able, patrimoine culturel, offre h\u00f4teli\u00e8re, luxe et authenticit\u00e9, synagogu...","canonical":"https:\/\/www.webdo.tn\/fr\/actualite\/national\/tunisie-djerba-destination-privilegiee-des-francais-pour-l-ete-2025\/220464\/","og_locale":"fr_FR","og_type":"article","og_title":"Tunisie : Djerba, destination privil\u00e9gi\u00e9e des Fran\u00e7ais pour l\u2019\u00e9t\u00e9 2025","og_description":"Djerba, destination pr\u00e9f\u00e9r\u00e9e des Fran\u00e7ais, \u00e9t\u00e9 2025, plages paradisiaques, climat agr\u00e9able, patrimoine culturel, offre h\u00f4teli\u00e8re, luxe et authenticit\u00e9, synagogu...","og_url":"https:\/\/www.webdo.tn\/fr\/actualite\/national\/tunisie-djerba-destination-privilegiee-des-francais-pour-l-ete-2025\/220464\/","og_site_name":"webdo","article_publisher":"https:\/\/www.facebook.com\/webdotn","article_published_time":"2025-03-11T11:40:00+00:00","article_modified_time":"2025-05-20T22:19:26+00:00","og_image":[{"width":675,"height":360,"url":"https:\/\/www.webdo.tn\/fr\/wp-content\/uploads\/2025\/05\/da721b721e68c9be14b615526e505240-3.webp","type":"image\/webp"}],"author":"KJ","twitter_card":"summary_large_image","twitter_creator":"@webdo_tn","twitter_site":"@webdo_tn","twitter_misc":{"\u00c9crit par":"KJ","Dur\u00e9e de lecture estim\u00e9e":"2 minutes"},"schema":{"@context":"https:\/\/schema.org","@graph":[{"@type":"NewsArticle","@id":"https:\/\/www.webdo.tn\/fr\/actualite\/national\/tunisie-djerba-destination-privilegiee-des-francais-pour-l-ete-2025\/220464\/#article","isPartOf":{"@id":"https:\/\/www.webdo.tn\/fr\/actualite\/national\/tunisie-djerba-destination-privilegiee-des-francais-pour-l-ete-2025\/220464\/"},"author":{"name":"KJ","@id":"https:\/\/www.webdo.tn\/fr\/#\/schema\/person\/82ca085b22037d285e1a3c4b65ba5f71"},"headline":"Tunisie : Djerba, destination privil\u00e9gi\u00e9e des Fran\u00e7ais pour l\u2019\u00e9t\u00e9 2025","datePublished":"2025-03-11T11:40:00+00:00","dateModified":"2025-05-20T22:19:26+00:00","mainEntityOfPage":{"@id":"https:\/\/www.webdo.tn\/fr\/actualite\/national\/tunisie-djerba-destination-privilegiee-des-francais-pour-l-ete-2025\/220464\/"},"wordCount":460,"commentCount":0,"publisher":{"@id":"https:\/\/www.webdo.tn\/fr\/#organization"},"image":{"@id":"https:\/\/www.webdo.tn\/fr\/actualite\/national\/tunisie-djerba-destination-privilegiee-des-francais-pour-l-ete-2025\/220464\/#primaryimage"},"thumbnailUrl":"https:\/\/www.webdo.tn\/fr\/wp-content\/uploads\/2025\/05\/da721b721e68c9be14b615526e505240-3.webp","keywords":["djerba","fran\u00e7ais","france","Tourisme","Tunisie"],"articleSection":["National"],"inLanguage":"fr-FR"},{"@type":"WebPage","@id":"https:\/\/www.webdo.tn\/fr\/actualite\/national\/tunisie-djerba-destination-privilegiee-des-francais-pour-l-ete-2025\/220464\/","url":"https:\/\/www.webdo.tn\/fr\/actualite\/national\/tunisie-djerba-destination-privilegiee-des-francais-pour-l-ete-2025\/220464\/","name":"Tunisie : Djerba, destination privil\u00e9gi\u00e9e des Fran\u00e7ais pour l\u2019\u00e9t\u00e9 2025","isPartOf":{"@id":"https:\/\/www.webdo.tn\/fr\/#website"},"primaryImageOfPage":{"@id":"https:\/\/www.webdo.tn\/fr\/actualite\/national\/tunisie-djerba-destination-privilegiee-des-francais-pour-l-ete-2025\/220464\/#primaryimage"},"image":{"@id":"https:\/\/www.webdo.tn\/fr\/actualite\/national\/tunisie-djerba-destination-privilegiee-des-francais-pour-l-ete-2025\/220464\/#primaryimage"},"thumbnailUrl":"https:\/\/www.webdo.tn\/fr\/wp-content\/uploads\/2025\/05\/da721b721e68c9be14b615526e505240-3.webp","datePublished":"2025-03-11T11:40:00+00:00","dateModified":"2025-05-20T22:19:26+00:00","description":"Djerba, destination pr\u00e9f\u00e9r\u00e9e des Fran\u00e7ais, \u00e9t\u00e9 2025, plages paradisiaques, climat agr\u00e9able, patrimoine culturel, offre h\u00f4teli\u00e8re, luxe et authenticit\u00e9, synagogu...","breadcrumb":{"@id":"https:\/\/www.webdo.tn\/fr\/actualite\/national\/tunisie-djerba-destination-privilegiee-des-francais-pour-l-ete-2025\/220464\/#breadcrumb"},"inLanguage":"fr-FR","potentialAction":[{"@type":"ReadAction","target":["https:\/\/www.webdo.tn\/fr\/actualite\/national\/tunisie-djerba-destination-privilegiee-des-francais-pour-l-ete-2025\/220464\/"]}]},{"@type":"ImageObject","inLanguage":"fr-FR","@id":"https:\/\/www.webdo.tn\/fr\/actualite\/national\/tunisie-djerba-destination-privilegiee-des-francais-pour-l-ete-2025\/220464\/#primaryimage","url":"https:\/\/www.webdo.tn\/fr\/wp-content\/uploads\/2025\/05\/da721b721e68c9be14b615526e505240-3.webp","contentUrl":"https:\/\/www.webdo.tn\/fr\/wp-content\/uploads\/2025\/05\/da721b721e68c9be14b615526e505240-3.webp","width":675,"height":360},{"@type":"BreadcrumbList","@id":"https:\/\/www.webdo.tn\/fr\/actualite\/national\/tunisie-djerba-destination-privilegiee-des-francais-pour-l-ete-2025\/220464\/#breadcrumb","itemListElement":[{"@type":"ListItem","position":1,"name":"Accueil","item":"https:\/\/www.webdo.tn\/fr\/"},{"@type":"ListItem","position":2,"name":"Tunisie : Djerba, destination privil\u00e9gi\u00e9e des Fran\u00e7ais pour l\u2019\u00e9t\u00e9 2025"}]},{"@type":"WebSite","@id":"https:\/\/www.webdo.tn\/fr\/#website","url":"https:\/\/www.webdo.tn\/fr\/","name":"webdo","description":"Tunisie - News en Tunisie et \u00e0 l&#039;international sur Webdo.tn","publisher":{"@id":"https:\/\/www.webdo.tn\/fr\/#organization"},"potentialAction":[{"@type":"SearchAction","target":{"@type":"EntryPoint","urlTemplate":"https:\/\/www.webdo.tn\/fr\/?s={search_term_string}"},"query-input":{"@type":"PropertyValueSpecification","valueRequired":true,"valueName":"search_term_string"}}],"inLanguage":"fr-FR"},{"@type":"Organization","@id":"https:\/\/www.webdo.tn\/fr\/#organization","name":"Webdo","alternateName":"Webdo.tn","url":"https:\/\/www.webdo.tn\/fr\/","logo":{"@type":"ImageObject","inLanguage":"fr-FR","@id":"https:\/\/www.webdo.tn\/fr\/#\/schema\/logo\/image\/","url":"https:\/\/www.webdo.tn\/fr\/wp-content\/uploads\/2025\/06\/Webdo-Tunisie_168377.jpg","contentUrl":"https:\/\/www.webdo.tn\/fr\/wp-content\/uploads\/2025\/06\/Webdo-Tunisie_168377.jpg","width":301,"height":301,"caption":"Webdo"},"image":{"@id":"https:\/\/www.webdo.tn\/fr\/#\/schema\/logo\/image\/"},"sameAs":["https:\/\/www.facebook.com\/webdotn","https:\/\/x.com\/webdo_tn"],"description":"Webdo est un m\u00e9dia num\u00e9rique tunisien fond\u00e9 en 2010, sp\u00e9cialis\u00e9 dans l\u2019actualit\u00e9 nationale et internationale, l\u2019\u00e9conomie, la soci\u00e9t\u00e9 et les analyses politiques. Le site s\u2019adresse \u00e0 un large public francophone et couvre l\u2019information tunisienne en temps r\u00e9el.","email":"redac@webdo.tn","legalName":"YNJ SARL","foundingDate":"2010-09-06","numberOfEmployees":{"@type":"QuantitativeValue","minValue":"11","maxValue":"50"}},{"@type":"Person","@id":"https:\/\/www.webdo.tn\/fr\/#\/schema\/person\/82ca085b22037d285e1a3c4b65ba5f71","name":"KJ","image":{"@type":"ImageObject","inLanguage":"fr-FR","@id":"https:\/\/secure.gravatar.com\/avatar\/1a1320de1c1971c893f00068f760b4113d69504aa21273da17ee95650c5944fd?s=96&d=mm&r=g","url":"https:\/\/secure.gravatar.com\/avatar\/1a1320de1c1971c893f00068f760b4113d69504aa21273da17ee95650c5944fd?s=96&d=mm&r=g","contentUrl":"https:\/\/secure.gravatar.com\/avatar\/1a1320de1c1971c893f00068f760b4113d69504aa21273da17ee95650c5944fd?s=96&d=mm&r=g","caption":"KJ"},"url":"https:\/\/www.webdo.tn\/fr\/actualite\/author\/kj\/"}]}},"_links":{"self":[{"href":"https:\/\/www.webdo.tn\/fr\/wp-json\/wp\/v2\/posts\/220464","targetHints":{"allow":["GET"]}}],"collection":[{"href":"https:\/\/www.webdo.tn\/fr\/wp-json\/wp\/v2\/posts"}],"about":[{"href":"https:\/\/www.webdo.tn\/fr\/wp-json\/wp\/v2\/types\/post"}],"author":[{"embeddable":true,"href":"https:\/\/www.webdo.tn\/fr\/wp-json\/wp\/v2\/users\/3163"}],"replies":[{"embeddable":true,"href":"https:\/\/www.webdo.tn\/fr\/wp-json\/wp\/v2\/comments?post=220464"}],"version-history":[{"count":0,"href":"https:\/\/www.webdo.tn\/fr\/wp-json\/wp\/v2\/posts\/220464\/revisions"}],"wp:featuredmedia":[{"embeddable":true,"href":"https:\/\/www.webdo.tn\/fr\/wp-json\/wp\/v2\/media\/241752"}],"wp:attachment":[{"href":"https:\/\/www.webdo.tn\/fr\/wp-json\/wp\/v2\/media?parent=220464"}],"wp:term":[{"taxonomy":"category","embeddable":true,"href":"https:\/\/www.webdo.tn\/fr\/wp-json\/wp\/v2\/categories?post=220464"},{"taxonomy":"post_tag","embeddable":true,"href":"https:\/\/www.webdo.tn\/fr\/wp-json\/wp\/v2\/tags?post=220464"}],"curies":[{"name":"wp","href":"https:\/\/api.w.org\/{rel}","templated":true}]}}