{"id":220448,"date":"2025-03-10T19:43:00","date_gmt":"2025-03-10T19:43:00","guid":{"rendered":"https:\/\/www.webdo.tn\/fr\/blog\/tunisie-ce-qui-change-pour-la-flotte-de-transport-terrestre\/220448\/"},"modified":"2025-05-20T22:22:56","modified_gmt":"2025-05-20T22:22:56","slug":"tunisie-ce-qui-change-pour-la-flotte-de-transport-terrestre","status":"publish","type":"post","link":"https:\/\/www.webdo.tn\/fr\/actualite\/national\/tunisie-ce-qui-change-pour-la-flotte-de-transport-terrestre\/220448\/","title":{"rendered":"Tunisie : Ce qui change pour la flotte du transport terrestre"},"content":{"rendered":"<p>Le directeur g\u00e9n\u00e9ral du transport terrestre au minist\u00e8re du Transport, Tarek Bouazizi, a d\u00e9clar\u00e9 que l&rsquo;ann\u00e9e 2024 a \u00e9t\u00e9 marqu\u00e9e par plusieurs mesures, dont la d\u00e9cision d&rsquo;un conseil minist\u00e9riel d&rsquo;acqu\u00e9rir 300 bus, qui devraient arriver en Tunisie en avril 2025.<\/p>\n<p>Dans une d\u00e9claration \u00e0 Mosa\u00efque FM, il a ajout\u00e9 qu&rsquo;un appel d&rsquo;offres a \u00e9t\u00e9 lanc\u00e9 pour l&rsquo;acquisition de 418 bus, dont 118 suppl\u00e9mentaires pour la soci\u00e9t\u00e9 Transtu (Transport de Tunis), comprenant 58 bus standards et 60 bus articul\u00e9s.<\/p>\n<p>Par ailleurs, 40 bus seront attribu\u00e9s \u00e0 la Soci\u00e9t\u00e9 de Transport Interurbain afin de rem\u00e9dier aux difficult\u00e9s rencontr\u00e9es sur les lignes reliant le Sud-Est, le Sud-Ouest et le Centre-Ouest \u00e0 la capitale. 260 bus seront \u00e9galement destin\u00e9s aux soci\u00e9t\u00e9s r\u00e9gionales de transport, et seront des v\u00e9hicules \u00e0 haute efficacit\u00e9, notamment pour le transport scolaire et universitaire.<\/p>\n<p>Concernant les bus d&rsquo;occasion, Bouazizi a pr\u00e9cis\u00e9 que Transtu attend la r\u00e9ception de 180 bus, dont 90 arriveront prochainement.<\/p>\n<p>En ce qui concerne le r\u00e9seau du m\u00e9tro l\u00e9ger, il a soulign\u00e9 que le nombre de rames en circulation est pass\u00e9 de 28 \u00e0 50 actuellement, et atteindra 70 d&rsquo;ici la fin de l&rsquo;ann\u00e9e dans le Grand Tunis.<\/p>\n<p>Dans le cadre de ce renforcement, un appel d&rsquo;offres sera bient\u00f4t lanc\u00e9 pour 30 nouvelles rames de m\u00e9tro d&rsquo;une longueur de 45 m\u00e8tres (contre 30 m\u00e8tres actuellement), pour un co\u00fbt estim\u00e9 \u00e0 450 millions de dinars, incluant les \u00e9quipements de maintenance et le syst\u00e8me d&rsquo;information. Un autre appel d&rsquo;offres sera lanc\u00e9 pour 18 rames de train destin\u00e9es \u00e0 la ligne de la banlieue nord de Tunis.<\/p>\n<p>S&rsquo;agissant du r\u00e9seau ferroviaire, Bouazizi a salu\u00e9 le r\u00f4le du nouveau tron\u00e7on reliant Bougatfa, Gob\u00e2a et la place Barcelone, qui a permis de d\u00e9sengorger le r\u00e9seau de bus et les autres moyens de transport de la r\u00e9gion.<\/p>\n<p>Il a \u00e9galement insist\u00e9 sur l&rsquo;importance de la d\u00e9cision du Conseil minist\u00e9riel restreint du 6 janvier 2025, qui a accord\u00e9 \u00e0 la Transtu un budget suppl\u00e9mentaire de 6 millions de dinars pour assurer des op\u00e9rations de maintenance majeures.<\/p>\n<p>Par ailleurs, les soci\u00e9t\u00e9s r\u00e9gionales de transport disposent d\u2019un programme annuel d\u2019acquisition de bus, avec plus de 100 contrats d\u00e9j\u00e0 sign\u00e9s avec des constructeurs pour de nouvelles acquisitions.<\/p>\n<p>Bouazizi a pr\u00e9cis\u00e9 que les 13 soci\u00e9t\u00e9s r\u00e9gionales de transport disposent actuellement d&rsquo;un total de 2 916 bus, dont 1 984 sont op\u00e9rationnels, soit un taux de disponibilit\u00e9 de 68 %.<\/p>\n<p>Pour la Transtu, le parc total s\u2019\u00e9l\u00e8ve \u00e0 998 bus, dont 488 sont en service, repr\u00e9sentant un taux de disponibilit\u00e9 de 49 %.<\/p>\n","protected":false},"excerpt":{"rendered":"<p>Dans une d\u00e9claration \u00e0 Mosa\u00efque FM, il a ajout\u00e9 qu&rsquo;un appel d&rsquo;offres a \u00e9t\u00e9 lanc\u00e9 pour l&rsquo;acquisition de 418 bus, dont 118 suppl\u00e9mentaires pour la soci\u00e9t\u00e9 Transtu&#8230;<\/p>\n","protected":false},"author":3163,"featured_media":292038,"comment_status":"open","ping_status":"closed","sticky":false,"template":"","format":"standard","meta":{"footnotes":""},"categories":[44],"tags":[10645,3450,2608],"class_list":["post-220448","post","type-post","status-publish","format-standard","has-post-thumbnail","hentry","category-national","tag-transport-terrestre","tag-flotte","tag-tunisie"],"yoast_head":"<!-- This site is optimized with the Yoast SEO Premium plugin v27.5 (Yoast SEO v27.5) - https:\/\/yoast.com\/product\/yoast-seo-premium-wordpress\/ -->\n<title>Tunisie : Ce qui change pour la flotte du transport terrestre<\/title>\n<meta name=\"description\" content=\"Dans une d\u00e9claration \u00e0 Mosa\u00efque FM, il a ajout\u00e9 qu&#039;un appel d&#039;offres a \u00e9t\u00e9 lanc\u00e9 pour l&#039;acquisition de 418 bus, dont 118 suppl\u00e9mentaires pour la soci\u00e9t\u00e9 Transtu...\" \/>\n<link rel=\"canonical\" href=\"https:\/\/www.webdo.tn\/fr\/actualite\/national\/tunisie-ce-qui-change-pour-la-flotte-de-transport-terrestre\/220448\/\" \/>\n<meta property=\"og:locale\" content=\"fr_FR\" \/>\n<meta property=\"og:type\" content=\"article\" \/>\n<meta property=\"og:title\" content=\"Tunisie : Ce qui change pour la flotte du transport terrestre\" \/>\n<meta property=\"og:description\" content=\"Dans une d\u00e9claration \u00e0 Mosa\u00efque FM, il a ajout\u00e9 qu&#039;un appel d&#039;offres a \u00e9t\u00e9 lanc\u00e9 pour l&#039;acquisition de 418 bus, dont 118 suppl\u00e9mentaires pour la soci\u00e9t\u00e9 Transtu...\" \/>\n<meta property=\"og:url\" content=\"https:\/\/www.webdo.tn\/fr\/actualite\/national\/tunisie-ce-qui-change-pour-la-flotte-de-transport-terrestre\/220448\/\" \/>\n<meta property=\"og:site_name\" content=\"webdo\" \/>\n<meta property=\"article:publisher\" content=\"https:\/\/www.facebook.com\/webdotn\" \/>\n<meta property=\"article:published_time\" content=\"2025-03-10T19:43:00+00:00\" \/>\n<meta property=\"article:modified_time\" content=\"2025-05-20T22:22:56+00:00\" \/>\n<meta property=\"og:image\" content=\"https:\/\/www.webdo.tn\/fr\/wp-content\/uploads\/2025\/03\/a9931a068a961b544b59505a961a8ae3.webp\" \/>\n\t<meta property=\"og:image:width\" content=\"750\" \/>\n\t<meta property=\"og:image:height\" content=\"400\" \/>\n\t<meta property=\"og:image:type\" content=\"image\/webp\" \/>\n<meta name=\"author\" content=\"KJ\" \/>\n<meta name=\"twitter:card\" content=\"summary_large_image\" \/>\n<meta name=\"twitter:creator\" content=\"@webdo_tn\" \/>\n<meta name=\"twitter:site\" content=\"@webdo_tn\" \/>\n<meta name=\"twitter:label1\" content=\"\u00c9crit par\" \/>\n\t<meta name=\"twitter:data1\" content=\"KJ\" \/>\n\t<meta name=\"twitter:label2\" content=\"Dur\u00e9e de lecture estim\u00e9e\" \/>\n\t<meta name=\"twitter:data2\" content=\"2 minutes\" \/>\n<script type=\"application\/ld+json\" class=\"yoast-schema-graph\">{\"@context\":\"https:\\\/\\\/schema.org\",\"@graph\":[{\"@type\":\"NewsArticle\",\"@id\":\"https:\\\/\\\/www.webdo.tn\\\/fr\\\/actualite\\\/national\\\/tunisie-ce-qui-change-pour-la-flotte-de-transport-terrestre\\\/220448\\\/#article\",\"isPartOf\":{\"@id\":\"https:\\\/\\\/www.webdo.tn\\\/fr\\\/actualite\\\/national\\\/tunisie-ce-qui-change-pour-la-flotte-de-transport-terrestre\\\/220448\\\/\"},\"author\":{\"name\":\"KJ\",\"@id\":\"https:\\\/\\\/www.webdo.tn\\\/fr\\\/#\\\/schema\\\/person\\\/82ca085b22037d285e1a3c4b65ba5f71\"},\"headline\":\"Tunisie : Ce qui change pour la flotte du transport terrestre\",\"datePublished\":\"2025-03-10T19:43:00+00:00\",\"dateModified\":\"2025-05-20T22:22:56+00:00\",\"mainEntityOfPage\":{\"@id\":\"https:\\\/\\\/www.webdo.tn\\\/fr\\\/actualite\\\/national\\\/tunisie-ce-qui-change-pour-la-flotte-de-transport-terrestre\\\/220448\\\/\"},\"wordCount\":460,\"commentCount\":0,\"publisher\":{\"@id\":\"https:\\\/\\\/www.webdo.tn\\\/fr\\\/#organization\"},\"image\":{\"@id\":\"https:\\\/\\\/www.webdo.tn\\\/fr\\\/actualite\\\/national\\\/tunisie-ce-qui-change-pour-la-flotte-de-transport-terrestre\\\/220448\\\/#primaryimage\"},\"thumbnailUrl\":\"https:\\\/\\\/www.webdo.tn\\\/fr\\\/wp-content\\\/uploads\\\/2025\\\/03\\\/a9931a068a961b544b59505a961a8ae3.webp\",\"keywords\":[\"'transport terrestre']\",\"Flotte\",\"Tunisie\"],\"articleSection\":[\"National\"],\"inLanguage\":\"fr-FR\"},{\"@type\":\"WebPage\",\"@id\":\"https:\\\/\\\/www.webdo.tn\\\/fr\\\/actualite\\\/national\\\/tunisie-ce-qui-change-pour-la-flotte-de-transport-terrestre\\\/220448\\\/\",\"url\":\"https:\\\/\\\/www.webdo.tn\\\/fr\\\/actualite\\\/national\\\/tunisie-ce-qui-change-pour-la-flotte-de-transport-terrestre\\\/220448\\\/\",\"name\":\"Tunisie : Ce qui change pour la flotte du transport terrestre\",\"isPartOf\":{\"@id\":\"https:\\\/\\\/www.webdo.tn\\\/fr\\\/#website\"},\"primaryImageOfPage\":{\"@id\":\"https:\\\/\\\/www.webdo.tn\\\/fr\\\/actualite\\\/national\\\/tunisie-ce-qui-change-pour-la-flotte-de-transport-terrestre\\\/220448\\\/#primaryimage\"},\"image\":{\"@id\":\"https:\\\/\\\/www.webdo.tn\\\/fr\\\/actualite\\\/national\\\/tunisie-ce-qui-change-pour-la-flotte-de-transport-terrestre\\\/220448\\\/#primaryimage\"},\"thumbnailUrl\":\"https:\\\/\\\/www.webdo.tn\\\/fr\\\/wp-content\\\/uploads\\\/2025\\\/03\\\/a9931a068a961b544b59505a961a8ae3.webp\",\"datePublished\":\"2025-03-10T19:43:00+00:00\",\"dateModified\":\"2025-05-20T22:22:56+00:00\",\"description\":\"Dans une d\u00e9claration \u00e0 Mosa\u00efque FM, il a ajout\u00e9 qu'un appel d'offres a \u00e9t\u00e9 lanc\u00e9 pour l'acquisition de 418 bus, dont 118 suppl\u00e9mentaires pour la soci\u00e9t\u00e9 Transtu...\",\"breadcrumb\":{\"@id\":\"https:\\\/\\\/www.webdo.tn\\\/fr\\\/actualite\\\/national\\\/tunisie-ce-qui-change-pour-la-flotte-de-transport-terrestre\\\/220448\\\/#breadcrumb\"},\"inLanguage\":\"fr-FR\",\"potentialAction\":[{\"@type\":\"ReadAction\",\"target\":[\"https:\\\/\\\/www.webdo.tn\\\/fr\\\/actualite\\\/national\\\/tunisie-ce-qui-change-pour-la-flotte-de-transport-terrestre\\\/220448\\\/\"]}]},{\"@type\":\"ImageObject\",\"inLanguage\":\"fr-FR\",\"@id\":\"https:\\\/\\\/www.webdo.tn\\\/fr\\\/actualite\\\/national\\\/tunisie-ce-qui-change-pour-la-flotte-de-transport-terrestre\\\/220448\\\/#primaryimage\",\"url\":\"https:\\\/\\\/www.webdo.tn\\\/fr\\\/wp-content\\\/uploads\\\/2025\\\/03\\\/a9931a068a961b544b59505a961a8ae3.webp\",\"contentUrl\":\"https:\\\/\\\/www.webdo.tn\\\/fr\\\/wp-content\\\/uploads\\\/2025\\\/03\\\/a9931a068a961b544b59505a961a8ae3.webp\",\"width\":750,\"height\":400,\"caption\":\"Tunisie : Ce qui change pour la flotte du transport terrestre\"},{\"@type\":\"BreadcrumbList\",\"@id\":\"https:\\\/\\\/www.webdo.tn\\\/fr\\\/actualite\\\/national\\\/tunisie-ce-qui-change-pour-la-flotte-de-transport-terrestre\\\/220448\\\/#breadcrumb\",\"itemListElement\":[{\"@type\":\"ListItem\",\"position\":1,\"name\":\"Accueil\",\"item\":\"https:\\\/\\\/www.webdo.tn\\\/fr\\\/\"},{\"@type\":\"ListItem\",\"position\":2,\"name\":\"Tunisie : Ce qui change pour la flotte du transport terrestre\"}]},{\"@type\":\"WebSite\",\"@id\":\"https:\\\/\\\/www.webdo.tn\\\/fr\\\/#website\",\"url\":\"https:\\\/\\\/www.webdo.tn\\\/fr\\\/\",\"name\":\"webdo\",\"description\":\"Tunisie - News en Tunisie et \u00e0 l&#039;international sur Webdo.tn\",\"publisher\":{\"@id\":\"https:\\\/\\\/www.webdo.tn\\\/fr\\\/#organization\"},\"potentialAction\":[{\"@type\":\"SearchAction\",\"target\":{\"@type\":\"EntryPoint\",\"urlTemplate\":\"https:\\\/\\\/www.webdo.tn\\\/fr\\\/?s={search_term_string}\"},\"query-input\":{\"@type\":\"PropertyValueSpecification\",\"valueRequired\":true,\"valueName\":\"search_term_string\"}}],\"inLanguage\":\"fr-FR\"},{\"@type\":\"Organization\",\"@id\":\"https:\\\/\\\/www.webdo.tn\\\/fr\\\/#organization\",\"name\":\"Webdo\",\"alternateName\":\"Webdo.tn\",\"url\":\"https:\\\/\\\/www.webdo.tn\\\/fr\\\/\",\"logo\":{\"@type\":\"ImageObject\",\"inLanguage\":\"fr-FR\",\"@id\":\"https:\\\/\\\/www.webdo.tn\\\/fr\\\/#\\\/schema\\\/logo\\\/image\\\/\",\"url\":\"https:\\\/\\\/www.webdo.tn\\\/fr\\\/wp-content\\\/uploads\\\/2025\\\/06\\\/Webdo-Tunisie_168377.jpg\",\"contentUrl\":\"https:\\\/\\\/www.webdo.tn\\\/fr\\\/wp-content\\\/uploads\\\/2025\\\/06\\\/Webdo-Tunisie_168377.jpg\",\"width\":301,\"height\":301,\"caption\":\"Webdo\"},\"image\":{\"@id\":\"https:\\\/\\\/www.webdo.tn\\\/fr\\\/#\\\/schema\\\/logo\\\/image\\\/\"},\"sameAs\":[\"https:\\\/\\\/www.facebook.com\\\/webdotn\",\"https:\\\/\\\/x.com\\\/webdo_tn\"],\"description\":\"Webdo est un m\u00e9dia num\u00e9rique tunisien fond\u00e9 en 2010, sp\u00e9cialis\u00e9 dans l\u2019actualit\u00e9 nationale et internationale, l\u2019\u00e9conomie, la soci\u00e9t\u00e9 et les analyses politiques. Le site s\u2019adresse \u00e0 un large public francophone et couvre l\u2019information tunisienne en temps r\u00e9el.\",\"email\":\"redac@webdo.tn\",\"legalName\":\"YNJ SARL\",\"foundingDate\":\"2010-09-06\",\"numberOfEmployees\":{\"@type\":\"QuantitativeValue\",\"minValue\":\"11\",\"maxValue\":\"50\"}},{\"@type\":\"Person\",\"@id\":\"https:\\\/\\\/www.webdo.tn\\\/fr\\\/#\\\/schema\\\/person\\\/82ca085b22037d285e1a3c4b65ba5f71\",\"name\":\"KJ\",\"image\":{\"@type\":\"ImageObject\",\"inLanguage\":\"fr-FR\",\"@id\":\"https:\\\/\\\/secure.gravatar.com\\\/avatar\\\/1a1320de1c1971c893f00068f760b4113d69504aa21273da17ee95650c5944fd?s=96&d=mm&r=g\",\"url\":\"https:\\\/\\\/secure.gravatar.com\\\/avatar\\\/1a1320de1c1971c893f00068f760b4113d69504aa21273da17ee95650c5944fd?s=96&d=mm&r=g\",\"contentUrl\":\"https:\\\/\\\/secure.gravatar.com\\\/avatar\\\/1a1320de1c1971c893f00068f760b4113d69504aa21273da17ee95650c5944fd?s=96&d=mm&r=g\",\"caption\":\"KJ\"},\"url\":\"https:\\\/\\\/www.webdo.tn\\\/fr\\\/actualite\\\/author\\\/kj\\\/\"}]}<\/script>\n<!-- \/ Yoast SEO Premium plugin. -->","yoast_head_json":{"title":"Tunisie : Ce qui change pour la flotte du transport terrestre","description":"Dans une d\u00e9claration \u00e0 Mosa\u00efque FM, il a ajout\u00e9 qu'un appel d'offres a \u00e9t\u00e9 lanc\u00e9 pour l'acquisition de 418 bus, dont 118 suppl\u00e9mentaires pour la soci\u00e9t\u00e9 Transtu...","canonical":"https:\/\/www.webdo.tn\/fr\/actualite\/national\/tunisie-ce-qui-change-pour-la-flotte-de-transport-terrestre\/220448\/","og_locale":"fr_FR","og_type":"article","og_title":"Tunisie : Ce qui change pour la flotte du transport terrestre","og_description":"Dans une d\u00e9claration \u00e0 Mosa\u00efque FM, il a ajout\u00e9 qu'un appel d'offres a \u00e9t\u00e9 lanc\u00e9 pour l'acquisition de 418 bus, dont 118 suppl\u00e9mentaires pour la soci\u00e9t\u00e9 Transtu...","og_url":"https:\/\/www.webdo.tn\/fr\/actualite\/national\/tunisie-ce-qui-change-pour-la-flotte-de-transport-terrestre\/220448\/","og_site_name":"webdo","article_publisher":"https:\/\/www.facebook.com\/webdotn","article_published_time":"2025-03-10T19:43:00+00:00","article_modified_time":"2025-05-20T22:22:56+00:00","og_image":[{"width":750,"height":400,"url":"https:\/\/www.webdo.tn\/fr\/wp-content\/uploads\/2025\/03\/a9931a068a961b544b59505a961a8ae3.webp","type":"image\/webp"}],"author":"KJ","twitter_card":"summary_large_image","twitter_creator":"@webdo_tn","twitter_site":"@webdo_tn","twitter_misc":{"\u00c9crit par":"KJ","Dur\u00e9e de lecture estim\u00e9e":"2 minutes"},"schema":{"@context":"https:\/\/schema.org","@graph":[{"@type":"NewsArticle","@id":"https:\/\/www.webdo.tn\/fr\/actualite\/national\/tunisie-ce-qui-change-pour-la-flotte-de-transport-terrestre\/220448\/#article","isPartOf":{"@id":"https:\/\/www.webdo.tn\/fr\/actualite\/national\/tunisie-ce-qui-change-pour-la-flotte-de-transport-terrestre\/220448\/"},"author":{"name":"KJ","@id":"https:\/\/www.webdo.tn\/fr\/#\/schema\/person\/82ca085b22037d285e1a3c4b65ba5f71"},"headline":"Tunisie : Ce qui change pour la flotte du transport terrestre","datePublished":"2025-03-10T19:43:00+00:00","dateModified":"2025-05-20T22:22:56+00:00","mainEntityOfPage":{"@id":"https:\/\/www.webdo.tn\/fr\/actualite\/national\/tunisie-ce-qui-change-pour-la-flotte-de-transport-terrestre\/220448\/"},"wordCount":460,"commentCount":0,"publisher":{"@id":"https:\/\/www.webdo.tn\/fr\/#organization"},"image":{"@id":"https:\/\/www.webdo.tn\/fr\/actualite\/national\/tunisie-ce-qui-change-pour-la-flotte-de-transport-terrestre\/220448\/#primaryimage"},"thumbnailUrl":"https:\/\/www.webdo.tn\/fr\/wp-content\/uploads\/2025\/03\/a9931a068a961b544b59505a961a8ae3.webp","keywords":["'transport terrestre']","Flotte","Tunisie"],"articleSection":["National"],"inLanguage":"fr-FR"},{"@type":"WebPage","@id":"https:\/\/www.webdo.tn\/fr\/actualite\/national\/tunisie-ce-qui-change-pour-la-flotte-de-transport-terrestre\/220448\/","url":"https:\/\/www.webdo.tn\/fr\/actualite\/national\/tunisie-ce-qui-change-pour-la-flotte-de-transport-terrestre\/220448\/","name":"Tunisie : Ce qui change pour la flotte du transport terrestre","isPartOf":{"@id":"https:\/\/www.webdo.tn\/fr\/#website"},"primaryImageOfPage":{"@id":"https:\/\/www.webdo.tn\/fr\/actualite\/national\/tunisie-ce-qui-change-pour-la-flotte-de-transport-terrestre\/220448\/#primaryimage"},"image":{"@id":"https:\/\/www.webdo.tn\/fr\/actualite\/national\/tunisie-ce-qui-change-pour-la-flotte-de-transport-terrestre\/220448\/#primaryimage"},"thumbnailUrl":"https:\/\/www.webdo.tn\/fr\/wp-content\/uploads\/2025\/03\/a9931a068a961b544b59505a961a8ae3.webp","datePublished":"2025-03-10T19:43:00+00:00","dateModified":"2025-05-20T22:22:56+00:00","description":"Dans une d\u00e9claration \u00e0 Mosa\u00efque FM, il a ajout\u00e9 qu'un appel d'offres a \u00e9t\u00e9 lanc\u00e9 pour l'acquisition de 418 bus, dont 118 suppl\u00e9mentaires pour la soci\u00e9t\u00e9 Transtu...","breadcrumb":{"@id":"https:\/\/www.webdo.tn\/fr\/actualite\/national\/tunisie-ce-qui-change-pour-la-flotte-de-transport-terrestre\/220448\/#breadcrumb"},"inLanguage":"fr-FR","potentialAction":[{"@type":"ReadAction","target":["https:\/\/www.webdo.tn\/fr\/actualite\/national\/tunisie-ce-qui-change-pour-la-flotte-de-transport-terrestre\/220448\/"]}]},{"@type":"ImageObject","inLanguage":"fr-FR","@id":"https:\/\/www.webdo.tn\/fr\/actualite\/national\/tunisie-ce-qui-change-pour-la-flotte-de-transport-terrestre\/220448\/#primaryimage","url":"https:\/\/www.webdo.tn\/fr\/wp-content\/uploads\/2025\/03\/a9931a068a961b544b59505a961a8ae3.webp","contentUrl":"https:\/\/www.webdo.tn\/fr\/wp-content\/uploads\/2025\/03\/a9931a068a961b544b59505a961a8ae3.webp","width":750,"height":400,"caption":"Tunisie : Ce qui change pour la flotte du transport terrestre"},{"@type":"BreadcrumbList","@id":"https:\/\/www.webdo.tn\/fr\/actualite\/national\/tunisie-ce-qui-change-pour-la-flotte-de-transport-terrestre\/220448\/#breadcrumb","itemListElement":[{"@type":"ListItem","position":1,"name":"Accueil","item":"https:\/\/www.webdo.tn\/fr\/"},{"@type":"ListItem","position":2,"name":"Tunisie : Ce qui change pour la flotte du transport terrestre"}]},{"@type":"WebSite","@id":"https:\/\/www.webdo.tn\/fr\/#website","url":"https:\/\/www.webdo.tn\/fr\/","name":"webdo","description":"Tunisie - News en Tunisie et \u00e0 l&#039;international sur Webdo.tn","publisher":{"@id":"https:\/\/www.webdo.tn\/fr\/#organization"},"potentialAction":[{"@type":"SearchAction","target":{"@type":"EntryPoint","urlTemplate":"https:\/\/www.webdo.tn\/fr\/?s={search_term_string}"},"query-input":{"@type":"PropertyValueSpecification","valueRequired":true,"valueName":"search_term_string"}}],"inLanguage":"fr-FR"},{"@type":"Organization","@id":"https:\/\/www.webdo.tn\/fr\/#organization","name":"Webdo","alternateName":"Webdo.tn","url":"https:\/\/www.webdo.tn\/fr\/","logo":{"@type":"ImageObject","inLanguage":"fr-FR","@id":"https:\/\/www.webdo.tn\/fr\/#\/schema\/logo\/image\/","url":"https:\/\/www.webdo.tn\/fr\/wp-content\/uploads\/2025\/06\/Webdo-Tunisie_168377.jpg","contentUrl":"https:\/\/www.webdo.tn\/fr\/wp-content\/uploads\/2025\/06\/Webdo-Tunisie_168377.jpg","width":301,"height":301,"caption":"Webdo"},"image":{"@id":"https:\/\/www.webdo.tn\/fr\/#\/schema\/logo\/image\/"},"sameAs":["https:\/\/www.facebook.com\/webdotn","https:\/\/x.com\/webdo_tn"],"description":"Webdo est un m\u00e9dia num\u00e9rique tunisien fond\u00e9 en 2010, sp\u00e9cialis\u00e9 dans l\u2019actualit\u00e9 nationale et internationale, l\u2019\u00e9conomie, la soci\u00e9t\u00e9 et les analyses politiques. Le site s\u2019adresse \u00e0 un large public francophone et couvre l\u2019information tunisienne en temps r\u00e9el.","email":"redac@webdo.tn","legalName":"YNJ SARL","foundingDate":"2010-09-06","numberOfEmployees":{"@type":"QuantitativeValue","minValue":"11","maxValue":"50"}},{"@type":"Person","@id":"https:\/\/www.webdo.tn\/fr\/#\/schema\/person\/82ca085b22037d285e1a3c4b65ba5f71","name":"KJ","image":{"@type":"ImageObject","inLanguage":"fr-FR","@id":"https:\/\/secure.gravatar.com\/avatar\/1a1320de1c1971c893f00068f760b4113d69504aa21273da17ee95650c5944fd?s=96&d=mm&r=g","url":"https:\/\/secure.gravatar.com\/avatar\/1a1320de1c1971c893f00068f760b4113d69504aa21273da17ee95650c5944fd?s=96&d=mm&r=g","contentUrl":"https:\/\/secure.gravatar.com\/avatar\/1a1320de1c1971c893f00068f760b4113d69504aa21273da17ee95650c5944fd?s=96&d=mm&r=g","caption":"KJ"},"url":"https:\/\/www.webdo.tn\/fr\/actualite\/author\/kj\/"}]}},"_links":{"self":[{"href":"https:\/\/www.webdo.tn\/fr\/wp-json\/wp\/v2\/posts\/220448","targetHints":{"allow":["GET"]}}],"collection":[{"href":"https:\/\/www.webdo.tn\/fr\/wp-json\/wp\/v2\/posts"}],"about":[{"href":"https:\/\/www.webdo.tn\/fr\/wp-json\/wp\/v2\/types\/post"}],"author":[{"embeddable":true,"href":"https:\/\/www.webdo.tn\/fr\/wp-json\/wp\/v2\/users\/3163"}],"replies":[{"embeddable":true,"href":"https:\/\/www.webdo.tn\/fr\/wp-json\/wp\/v2\/comments?post=220448"}],"version-history":[{"count":0,"href":"https:\/\/www.webdo.tn\/fr\/wp-json\/wp\/v2\/posts\/220448\/revisions"}],"wp:featuredmedia":[{"embeddable":true,"href":"https:\/\/www.webdo.tn\/fr\/wp-json\/wp\/v2\/media\/292038"}],"wp:attachment":[{"href":"https:\/\/www.webdo.tn\/fr\/wp-json\/wp\/v2\/media?parent=220448"}],"wp:term":[{"taxonomy":"category","embeddable":true,"href":"https:\/\/www.webdo.tn\/fr\/wp-json\/wp\/v2\/categories?post=220448"},{"taxonomy":"post_tag","embeddable":true,"href":"https:\/\/www.webdo.tn\/fr\/wp-json\/wp\/v2\/tags?post=220448"}],"curies":[{"name":"wp","href":"https:\/\/api.w.org\/{rel}","templated":true}]}}