{"id":220423,"date":"2025-03-10T08:14:00","date_gmt":"2025-03-10T08:14:00","guid":{"rendered":"https:\/\/www.webdo.tn\/fr\/blog\/2025\/03\/10\/migration-l-ue-prendra-des-mesures-plus-strictes-menace-ursula-von-der-leyen\/"},"modified":"2025-05-20T22:19:28","modified_gmt":"2025-05-20T22:19:28","slug":"migration-l-ue-prendra-des-mesures-plus-strictes-menace-ursula-von-der-leyen","status":"publish","type":"post","link":"https:\/\/www.webdo.tn\/fr\/actualite\/international\/migration-l-ue-prendra-des-mesures-plus-strictes-menace-ursula-von-der-leyen\/220423\/","title":{"rendered":"Migration : L\u2019UE prendra des mesures plus strictes, menace Ursula von der Leyen"},"content":{"rendered":"<p>La pr\u00e9sidente de la Commission europ\u00e9enne, Ursula von der Leyen, a d\u00e9clar\u00e9 aux journalistes dimanche qu&rsquo;elle souhaitait imposer une interdiction d&rsquo;entr\u00e9e aux migrants qui ont \u00e9t\u00e9 expuls\u00e9s de l&rsquo;Union europ\u00e9enne.\u00a0<\/p>\n<p>Lors d&rsquo;une conf\u00e9rence de presse \u00e0 Bruxelles, Von der Leyen a pr\u00e9cis\u00e9 que la Commission europ\u00e9enne pr\u00e9voit de proposer mardi une l\u00e9gislation concernant le renvoi des migrants pr\u00e9sents ill\u00e9galement dans l&rsquo;UE.\u00a0<\/p>\n<p>Elle a soulign\u00e9 que cela fait partie int\u00e9grante de la politique d&rsquo;asile de l&rsquo;Union europ\u00e9enne Et d\u2019ajouter ajout\u00e9 qu&rsquo;un r\u00e8glement devrait \u00eatre propos\u00e9 avec des r\u00e8gles plus simples et plus claires, visant par exemple \u00e0 emp\u00eacher les personnes de se cacher et \u00e0 faciliter l&rsquo;expulsion des ressortissants des pays tiers qui n&rsquo;ont pas droit de s\u00e9jour dans l&rsquo;UE.<\/p>\n<p>La pr\u00e9sidente de la Commission europ\u00e9enne a insist\u00e9 sur le fait que l&rsquo;UE prendra des mesures plus strictes en cas de menace s\u00e9curitaire, tout en s&rsquo;engageant \u00e0 respecter le droit international et les droits fondamentaux.\u00a0<\/p>\n<p>La Commission europ\u00e9enne a pr\u00e9cis\u00e9 que la proposition de l&rsquo;UE irait bien plus loin que les r\u00e9glementations allemandes, car elle devrait s&rsquo;appliquer \u00e0 un plus grand nombre de cas et pourrait rester en vigueur plus longtemps.<\/p>\n<p>Les autorit\u00e9s allemandes imposent d\u00e9j\u00e0 une interdiction d&rsquo;entr\u00e9e temporaire pour les migrants expuls\u00e9s en vertu de la loi allemande sur le s\u00e9jour. En ce qui concerne les criminels condamn\u00e9s, la loi stipule qu&rsquo;ils sont interdits d&rsquo;entr\u00e9e en Allemagne pendant au moins 10 ans.<\/p>\n","protected":false},"excerpt":{"rendered":"<p>Lors d&rsquo;une conf\u00e9rence de presse \u00e0 Bruxelles, Von der Leyen a pr\u00e9cis\u00e9 que la Commission europ\u00e9enne pr\u00e9voit de proposer mardi une l\u00e9gislation concernant le renvoi&#8230;<\/p>\n","protected":false},"author":3163,"featured_media":241762,"comment_status":"open","ping_status":"open","sticky":false,"template":"","format":"standard","meta":{"footnotes":""},"categories":[2598],"tags":[3110,2615,2608,2897],"class_list":["post-220423","post","type-post","status-publish","format-standard","has-post-thumbnail","hentry","category-international","tag-mesures","tag-migration","tag-tunisie","tag-ue"],"yoast_head":"<!-- This site is optimized with the Yoast SEO Premium plugin v27.5 (Yoast SEO v27.5) - https:\/\/yoast.com\/product\/yoast-seo-premium-wordpress\/ -->\n<title>Migration : L\u2019UE prendra des mesures plus strictes, menace Ursula von der Leyen<\/title>\n<meta name=\"description\" content=\"Lors d&#039;une conf\u00e9rence de presse \u00e0 Bruxelles, Von der Leyen a pr\u00e9cis\u00e9 que la Commission europ\u00e9enne pr\u00e9voit de proposer mardi une l\u00e9gislation concernant le renvoi...\" \/>\n<link rel=\"canonical\" href=\"https:\/\/www.webdo.tn\/fr\/actualite\/international\/migration-l-ue-prendra-des-mesures-plus-strictes-menace-ursula-von-der-leyen\/220423\/\" \/>\n<meta property=\"og:locale\" content=\"fr_FR\" \/>\n<meta property=\"og:type\" content=\"article\" \/>\n<meta property=\"og:title\" content=\"Migration : L\u2019UE prendra des mesures plus strictes, menace Ursula von der Leyen\" \/>\n<meta property=\"og:description\" content=\"Lors d&#039;une conf\u00e9rence de presse \u00e0 Bruxelles, Von der Leyen a pr\u00e9cis\u00e9 que la Commission europ\u00e9enne pr\u00e9voit de proposer mardi une l\u00e9gislation concernant le renvoi...\" \/>\n<meta property=\"og:url\" content=\"https:\/\/www.webdo.tn\/fr\/actualite\/international\/migration-l-ue-prendra-des-mesures-plus-strictes-menace-ursula-von-der-leyen\/220423\/\" \/>\n<meta property=\"og:site_name\" content=\"webdo\" \/>\n<meta property=\"article:publisher\" content=\"https:\/\/www.facebook.com\/webdotn\" \/>\n<meta property=\"article:published_time\" content=\"2025-03-10T08:14:00+00:00\" \/>\n<meta property=\"article:modified_time\" content=\"2025-05-20T22:19:28+00:00\" \/>\n<meta property=\"og:image\" content=\"https:\/\/www.webdo.tn\/fr\/wp-content\/uploads\/2025\/05\/a074c1dfae6b393871c3fa3f708904d6-3.webp\" \/>\n\t<meta property=\"og:image:width\" content=\"630\" \/>\n\t<meta property=\"og:image:height\" content=\"336\" \/>\n\t<meta property=\"og:image:type\" content=\"image\/webp\" \/>\n<meta name=\"author\" content=\"KJ\" \/>\n<meta name=\"twitter:card\" content=\"summary_large_image\" \/>\n<meta name=\"twitter:creator\" content=\"@webdo_tn\" \/>\n<meta name=\"twitter:site\" content=\"@webdo_tn\" \/>\n<meta name=\"twitter:label1\" content=\"\u00c9crit par\" \/>\n\t<meta name=\"twitter:data1\" content=\"KJ\" \/>\n\t<meta name=\"twitter:label2\" content=\"Dur\u00e9e de lecture estim\u00e9e\" \/>\n\t<meta name=\"twitter:data2\" content=\"1 minute\" \/>\n<script type=\"application\/ld+json\" class=\"yoast-schema-graph\">{\"@context\":\"https:\\\/\\\/schema.org\",\"@graph\":[{\"@type\":\"NewsArticle\",\"@id\":\"https:\\\/\\\/www.webdo.tn\\\/fr\\\/actualite\\\/international\\\/migration-l-ue-prendra-des-mesures-plus-strictes-menace-ursula-von-der-leyen\\\/220423\\\/#article\",\"isPartOf\":{\"@id\":\"https:\\\/\\\/www.webdo.tn\\\/fr\\\/actualite\\\/international\\\/migration-l-ue-prendra-des-mesures-plus-strictes-menace-ursula-von-der-leyen\\\/220423\\\/\"},\"author\":{\"name\":\"KJ\",\"@id\":\"https:\\\/\\\/www.webdo.tn\\\/fr\\\/#\\\/schema\\\/person\\\/82ca085b22037d285e1a3c4b65ba5f71\"},\"headline\":\"Migration : L\u2019UE prendra des mesures plus strictes, menace Ursula von der Leyen\",\"datePublished\":\"2025-03-10T08:14:00+00:00\",\"dateModified\":\"2025-05-20T22:19:28+00:00\",\"mainEntityOfPage\":{\"@id\":\"https:\\\/\\\/www.webdo.tn\\\/fr\\\/actualite\\\/international\\\/migration-l-ue-prendra-des-mesures-plus-strictes-menace-ursula-von-der-leyen\\\/220423\\\/\"},\"wordCount\":291,\"commentCount\":0,\"publisher\":{\"@id\":\"https:\\\/\\\/www.webdo.tn\\\/fr\\\/#organization\"},\"image\":{\"@id\":\"https:\\\/\\\/www.webdo.tn\\\/fr\\\/actualite\\\/international\\\/migration-l-ue-prendra-des-mesures-plus-strictes-menace-ursula-von-der-leyen\\\/220423\\\/#primaryimage\"},\"thumbnailUrl\":\"https:\\\/\\\/www.webdo.tn\\\/fr\\\/wp-content\\\/uploads\\\/2025\\\/05\\\/a074c1dfae6b393871c3fa3f708904d6-3.webp\",\"keywords\":[\"Mesures\",\"Migration\",\"Tunisie\",\"UE\"],\"articleSection\":[\"International\"],\"inLanguage\":\"fr-FR\"},{\"@type\":\"WebPage\",\"@id\":\"https:\\\/\\\/www.webdo.tn\\\/fr\\\/actualite\\\/international\\\/migration-l-ue-prendra-des-mesures-plus-strictes-menace-ursula-von-der-leyen\\\/220423\\\/\",\"url\":\"https:\\\/\\\/www.webdo.tn\\\/fr\\\/actualite\\\/international\\\/migration-l-ue-prendra-des-mesures-plus-strictes-menace-ursula-von-der-leyen\\\/220423\\\/\",\"name\":\"Migration : L\u2019UE prendra des mesures plus strictes, menace Ursula von der Leyen\",\"isPartOf\":{\"@id\":\"https:\\\/\\\/www.webdo.tn\\\/fr\\\/#website\"},\"primaryImageOfPage\":{\"@id\":\"https:\\\/\\\/www.webdo.tn\\\/fr\\\/actualite\\\/international\\\/migration-l-ue-prendra-des-mesures-plus-strictes-menace-ursula-von-der-leyen\\\/220423\\\/#primaryimage\"},\"image\":{\"@id\":\"https:\\\/\\\/www.webdo.tn\\\/fr\\\/actualite\\\/international\\\/migration-l-ue-prendra-des-mesures-plus-strictes-menace-ursula-von-der-leyen\\\/220423\\\/#primaryimage\"},\"thumbnailUrl\":\"https:\\\/\\\/www.webdo.tn\\\/fr\\\/wp-content\\\/uploads\\\/2025\\\/05\\\/a074c1dfae6b393871c3fa3f708904d6-3.webp\",\"datePublished\":\"2025-03-10T08:14:00+00:00\",\"dateModified\":\"2025-05-20T22:19:28+00:00\",\"description\":\"Lors d'une conf\u00e9rence de presse \u00e0 Bruxelles, Von der Leyen a pr\u00e9cis\u00e9 que la Commission europ\u00e9enne pr\u00e9voit de proposer mardi une l\u00e9gislation concernant le renvoi...\",\"breadcrumb\":{\"@id\":\"https:\\\/\\\/www.webdo.tn\\\/fr\\\/actualite\\\/international\\\/migration-l-ue-prendra-des-mesures-plus-strictes-menace-ursula-von-der-leyen\\\/220423\\\/#breadcrumb\"},\"inLanguage\":\"fr-FR\",\"potentialAction\":[{\"@type\":\"ReadAction\",\"target\":[\"https:\\\/\\\/www.webdo.tn\\\/fr\\\/actualite\\\/international\\\/migration-l-ue-prendra-des-mesures-plus-strictes-menace-ursula-von-der-leyen\\\/220423\\\/\"]}]},{\"@type\":\"ImageObject\",\"inLanguage\":\"fr-FR\",\"@id\":\"https:\\\/\\\/www.webdo.tn\\\/fr\\\/actualite\\\/international\\\/migration-l-ue-prendra-des-mesures-plus-strictes-menace-ursula-von-der-leyen\\\/220423\\\/#primaryimage\",\"url\":\"https:\\\/\\\/www.webdo.tn\\\/fr\\\/wp-content\\\/uploads\\\/2025\\\/05\\\/a074c1dfae6b393871c3fa3f708904d6-3.webp\",\"contentUrl\":\"https:\\\/\\\/www.webdo.tn\\\/fr\\\/wp-content\\\/uploads\\\/2025\\\/05\\\/a074c1dfae6b393871c3fa3f708904d6-3.webp\",\"width\":630,\"height\":336},{\"@type\":\"BreadcrumbList\",\"@id\":\"https:\\\/\\\/www.webdo.tn\\\/fr\\\/actualite\\\/international\\\/migration-l-ue-prendra-des-mesures-plus-strictes-menace-ursula-von-der-leyen\\\/220423\\\/#breadcrumb\",\"itemListElement\":[{\"@type\":\"ListItem\",\"position\":1,\"name\":\"Accueil\",\"item\":\"https:\\\/\\\/www.webdo.tn\\\/fr\\\/\"},{\"@type\":\"ListItem\",\"position\":2,\"name\":\"Migration : L\u2019UE prendra des mesures plus strictes, menace Ursula von der Leyen\"}]},{\"@type\":\"WebSite\",\"@id\":\"https:\\\/\\\/www.webdo.tn\\\/fr\\\/#website\",\"url\":\"https:\\\/\\\/www.webdo.tn\\\/fr\\\/\",\"name\":\"webdo\",\"description\":\"Tunisie - News en Tunisie et \u00e0 l&#039;international sur Webdo.tn\",\"publisher\":{\"@id\":\"https:\\\/\\\/www.webdo.tn\\\/fr\\\/#organization\"},\"potentialAction\":[{\"@type\":\"SearchAction\",\"target\":{\"@type\":\"EntryPoint\",\"urlTemplate\":\"https:\\\/\\\/www.webdo.tn\\\/fr\\\/?s={search_term_string}\"},\"query-input\":{\"@type\":\"PropertyValueSpecification\",\"valueRequired\":true,\"valueName\":\"search_term_string\"}}],\"inLanguage\":\"fr-FR\"},{\"@type\":\"Organization\",\"@id\":\"https:\\\/\\\/www.webdo.tn\\\/fr\\\/#organization\",\"name\":\"Webdo\",\"alternateName\":\"Webdo.tn\",\"url\":\"https:\\\/\\\/www.webdo.tn\\\/fr\\\/\",\"logo\":{\"@type\":\"ImageObject\",\"inLanguage\":\"fr-FR\",\"@id\":\"https:\\\/\\\/www.webdo.tn\\\/fr\\\/#\\\/schema\\\/logo\\\/image\\\/\",\"url\":\"https:\\\/\\\/www.webdo.tn\\\/fr\\\/wp-content\\\/uploads\\\/2025\\\/06\\\/Webdo-Tunisie_168377.jpg\",\"contentUrl\":\"https:\\\/\\\/www.webdo.tn\\\/fr\\\/wp-content\\\/uploads\\\/2025\\\/06\\\/Webdo-Tunisie_168377.jpg\",\"width\":301,\"height\":301,\"caption\":\"Webdo\"},\"image\":{\"@id\":\"https:\\\/\\\/www.webdo.tn\\\/fr\\\/#\\\/schema\\\/logo\\\/image\\\/\"},\"sameAs\":[\"https:\\\/\\\/www.facebook.com\\\/webdotn\",\"https:\\\/\\\/x.com\\\/webdo_tn\"],\"description\":\"Webdo est un m\u00e9dia num\u00e9rique tunisien fond\u00e9 en 2010, sp\u00e9cialis\u00e9 dans l\u2019actualit\u00e9 nationale et internationale, l\u2019\u00e9conomie, la soci\u00e9t\u00e9 et les analyses politiques. Le site s\u2019adresse \u00e0 un large public francophone et couvre l\u2019information tunisienne en temps r\u00e9el.\",\"email\":\"redac@webdo.tn\",\"legalName\":\"YNJ SARL\",\"foundingDate\":\"2010-09-06\",\"numberOfEmployees\":{\"@type\":\"QuantitativeValue\",\"minValue\":\"11\",\"maxValue\":\"50\"}},{\"@type\":\"Person\",\"@id\":\"https:\\\/\\\/www.webdo.tn\\\/fr\\\/#\\\/schema\\\/person\\\/82ca085b22037d285e1a3c4b65ba5f71\",\"name\":\"KJ\",\"image\":{\"@type\":\"ImageObject\",\"inLanguage\":\"fr-FR\",\"@id\":\"https:\\\/\\\/secure.gravatar.com\\\/avatar\\\/1a1320de1c1971c893f00068f760b4113d69504aa21273da17ee95650c5944fd?s=96&d=mm&r=g\",\"url\":\"https:\\\/\\\/secure.gravatar.com\\\/avatar\\\/1a1320de1c1971c893f00068f760b4113d69504aa21273da17ee95650c5944fd?s=96&d=mm&r=g\",\"contentUrl\":\"https:\\\/\\\/secure.gravatar.com\\\/avatar\\\/1a1320de1c1971c893f00068f760b4113d69504aa21273da17ee95650c5944fd?s=96&d=mm&r=g\",\"caption\":\"KJ\"},\"url\":\"https:\\\/\\\/www.webdo.tn\\\/fr\\\/actualite\\\/author\\\/kj\\\/\"}]}<\/script>\n<!-- \/ Yoast SEO Premium plugin. -->","yoast_head_json":{"title":"Migration : L\u2019UE prendra des mesures plus strictes, menace Ursula von der Leyen","description":"Lors d'une conf\u00e9rence de presse \u00e0 Bruxelles, Von der Leyen a pr\u00e9cis\u00e9 que la Commission europ\u00e9enne pr\u00e9voit de proposer mardi une l\u00e9gislation concernant le renvoi...","canonical":"https:\/\/www.webdo.tn\/fr\/actualite\/international\/migration-l-ue-prendra-des-mesures-plus-strictes-menace-ursula-von-der-leyen\/220423\/","og_locale":"fr_FR","og_type":"article","og_title":"Migration : L\u2019UE prendra des mesures plus strictes, menace Ursula von der Leyen","og_description":"Lors d'une conf\u00e9rence de presse \u00e0 Bruxelles, Von der Leyen a pr\u00e9cis\u00e9 que la Commission europ\u00e9enne pr\u00e9voit de proposer mardi une l\u00e9gislation concernant le renvoi...","og_url":"https:\/\/www.webdo.tn\/fr\/actualite\/international\/migration-l-ue-prendra-des-mesures-plus-strictes-menace-ursula-von-der-leyen\/220423\/","og_site_name":"webdo","article_publisher":"https:\/\/www.facebook.com\/webdotn","article_published_time":"2025-03-10T08:14:00+00:00","article_modified_time":"2025-05-20T22:19:28+00:00","og_image":[{"width":630,"height":336,"url":"https:\/\/www.webdo.tn\/fr\/wp-content\/uploads\/2025\/05\/a074c1dfae6b393871c3fa3f708904d6-3.webp","type":"image\/webp"}],"author":"KJ","twitter_card":"summary_large_image","twitter_creator":"@webdo_tn","twitter_site":"@webdo_tn","twitter_misc":{"\u00c9crit par":"KJ","Dur\u00e9e de lecture estim\u00e9e":"1 minute"},"schema":{"@context":"https:\/\/schema.org","@graph":[{"@type":"NewsArticle","@id":"https:\/\/www.webdo.tn\/fr\/actualite\/international\/migration-l-ue-prendra-des-mesures-plus-strictes-menace-ursula-von-der-leyen\/220423\/#article","isPartOf":{"@id":"https:\/\/www.webdo.tn\/fr\/actualite\/international\/migration-l-ue-prendra-des-mesures-plus-strictes-menace-ursula-von-der-leyen\/220423\/"},"author":{"name":"KJ","@id":"https:\/\/www.webdo.tn\/fr\/#\/schema\/person\/82ca085b22037d285e1a3c4b65ba5f71"},"headline":"Migration : L\u2019UE prendra des mesures plus strictes, menace Ursula von der Leyen","datePublished":"2025-03-10T08:14:00+00:00","dateModified":"2025-05-20T22:19:28+00:00","mainEntityOfPage":{"@id":"https:\/\/www.webdo.tn\/fr\/actualite\/international\/migration-l-ue-prendra-des-mesures-plus-strictes-menace-ursula-von-der-leyen\/220423\/"},"wordCount":291,"commentCount":0,"publisher":{"@id":"https:\/\/www.webdo.tn\/fr\/#organization"},"image":{"@id":"https:\/\/www.webdo.tn\/fr\/actualite\/international\/migration-l-ue-prendra-des-mesures-plus-strictes-menace-ursula-von-der-leyen\/220423\/#primaryimage"},"thumbnailUrl":"https:\/\/www.webdo.tn\/fr\/wp-content\/uploads\/2025\/05\/a074c1dfae6b393871c3fa3f708904d6-3.webp","keywords":["Mesures","Migration","Tunisie","UE"],"articleSection":["International"],"inLanguage":"fr-FR"},{"@type":"WebPage","@id":"https:\/\/www.webdo.tn\/fr\/actualite\/international\/migration-l-ue-prendra-des-mesures-plus-strictes-menace-ursula-von-der-leyen\/220423\/","url":"https:\/\/www.webdo.tn\/fr\/actualite\/international\/migration-l-ue-prendra-des-mesures-plus-strictes-menace-ursula-von-der-leyen\/220423\/","name":"Migration : L\u2019UE prendra des mesures plus strictes, menace Ursula von der Leyen","isPartOf":{"@id":"https:\/\/www.webdo.tn\/fr\/#website"},"primaryImageOfPage":{"@id":"https:\/\/www.webdo.tn\/fr\/actualite\/international\/migration-l-ue-prendra-des-mesures-plus-strictes-menace-ursula-von-der-leyen\/220423\/#primaryimage"},"image":{"@id":"https:\/\/www.webdo.tn\/fr\/actualite\/international\/migration-l-ue-prendra-des-mesures-plus-strictes-menace-ursula-von-der-leyen\/220423\/#primaryimage"},"thumbnailUrl":"https:\/\/www.webdo.tn\/fr\/wp-content\/uploads\/2025\/05\/a074c1dfae6b393871c3fa3f708904d6-3.webp","datePublished":"2025-03-10T08:14:00+00:00","dateModified":"2025-05-20T22:19:28+00:00","description":"Lors d'une conf\u00e9rence de presse \u00e0 Bruxelles, Von der Leyen a pr\u00e9cis\u00e9 que la Commission europ\u00e9enne pr\u00e9voit de proposer mardi une l\u00e9gislation concernant le renvoi...","breadcrumb":{"@id":"https:\/\/www.webdo.tn\/fr\/actualite\/international\/migration-l-ue-prendra-des-mesures-plus-strictes-menace-ursula-von-der-leyen\/220423\/#breadcrumb"},"inLanguage":"fr-FR","potentialAction":[{"@type":"ReadAction","target":["https:\/\/www.webdo.tn\/fr\/actualite\/international\/migration-l-ue-prendra-des-mesures-plus-strictes-menace-ursula-von-der-leyen\/220423\/"]}]},{"@type":"ImageObject","inLanguage":"fr-FR","@id":"https:\/\/www.webdo.tn\/fr\/actualite\/international\/migration-l-ue-prendra-des-mesures-plus-strictes-menace-ursula-von-der-leyen\/220423\/#primaryimage","url":"https:\/\/www.webdo.tn\/fr\/wp-content\/uploads\/2025\/05\/a074c1dfae6b393871c3fa3f708904d6-3.webp","contentUrl":"https:\/\/www.webdo.tn\/fr\/wp-content\/uploads\/2025\/05\/a074c1dfae6b393871c3fa3f708904d6-3.webp","width":630,"height":336},{"@type":"BreadcrumbList","@id":"https:\/\/www.webdo.tn\/fr\/actualite\/international\/migration-l-ue-prendra-des-mesures-plus-strictes-menace-ursula-von-der-leyen\/220423\/#breadcrumb","itemListElement":[{"@type":"ListItem","position":1,"name":"Accueil","item":"https:\/\/www.webdo.tn\/fr\/"},{"@type":"ListItem","position":2,"name":"Migration : L\u2019UE prendra des mesures plus strictes, menace Ursula von der Leyen"}]},{"@type":"WebSite","@id":"https:\/\/www.webdo.tn\/fr\/#website","url":"https:\/\/www.webdo.tn\/fr\/","name":"webdo","description":"Tunisie - News en Tunisie et \u00e0 l&#039;international sur Webdo.tn","publisher":{"@id":"https:\/\/www.webdo.tn\/fr\/#organization"},"potentialAction":[{"@type":"SearchAction","target":{"@type":"EntryPoint","urlTemplate":"https:\/\/www.webdo.tn\/fr\/?s={search_term_string}"},"query-input":{"@type":"PropertyValueSpecification","valueRequired":true,"valueName":"search_term_string"}}],"inLanguage":"fr-FR"},{"@type":"Organization","@id":"https:\/\/www.webdo.tn\/fr\/#organization","name":"Webdo","alternateName":"Webdo.tn","url":"https:\/\/www.webdo.tn\/fr\/","logo":{"@type":"ImageObject","inLanguage":"fr-FR","@id":"https:\/\/www.webdo.tn\/fr\/#\/schema\/logo\/image\/","url":"https:\/\/www.webdo.tn\/fr\/wp-content\/uploads\/2025\/06\/Webdo-Tunisie_168377.jpg","contentUrl":"https:\/\/www.webdo.tn\/fr\/wp-content\/uploads\/2025\/06\/Webdo-Tunisie_168377.jpg","width":301,"height":301,"caption":"Webdo"},"image":{"@id":"https:\/\/www.webdo.tn\/fr\/#\/schema\/logo\/image\/"},"sameAs":["https:\/\/www.facebook.com\/webdotn","https:\/\/x.com\/webdo_tn"],"description":"Webdo est un m\u00e9dia num\u00e9rique tunisien fond\u00e9 en 2010, sp\u00e9cialis\u00e9 dans l\u2019actualit\u00e9 nationale et internationale, l\u2019\u00e9conomie, la soci\u00e9t\u00e9 et les analyses politiques. Le site s\u2019adresse \u00e0 un large public francophone et couvre l\u2019information tunisienne en temps r\u00e9el.","email":"redac@webdo.tn","legalName":"YNJ SARL","foundingDate":"2010-09-06","numberOfEmployees":{"@type":"QuantitativeValue","minValue":"11","maxValue":"50"}},{"@type":"Person","@id":"https:\/\/www.webdo.tn\/fr\/#\/schema\/person\/82ca085b22037d285e1a3c4b65ba5f71","name":"KJ","image":{"@type":"ImageObject","inLanguage":"fr-FR","@id":"https:\/\/secure.gravatar.com\/avatar\/1a1320de1c1971c893f00068f760b4113d69504aa21273da17ee95650c5944fd?s=96&d=mm&r=g","url":"https:\/\/secure.gravatar.com\/avatar\/1a1320de1c1971c893f00068f760b4113d69504aa21273da17ee95650c5944fd?s=96&d=mm&r=g","contentUrl":"https:\/\/secure.gravatar.com\/avatar\/1a1320de1c1971c893f00068f760b4113d69504aa21273da17ee95650c5944fd?s=96&d=mm&r=g","caption":"KJ"},"url":"https:\/\/www.webdo.tn\/fr\/actualite\/author\/kj\/"}]}},"_links":{"self":[{"href":"https:\/\/www.webdo.tn\/fr\/wp-json\/wp\/v2\/posts\/220423","targetHints":{"allow":["GET"]}}],"collection":[{"href":"https:\/\/www.webdo.tn\/fr\/wp-json\/wp\/v2\/posts"}],"about":[{"href":"https:\/\/www.webdo.tn\/fr\/wp-json\/wp\/v2\/types\/post"}],"author":[{"embeddable":true,"href":"https:\/\/www.webdo.tn\/fr\/wp-json\/wp\/v2\/users\/3163"}],"replies":[{"embeddable":true,"href":"https:\/\/www.webdo.tn\/fr\/wp-json\/wp\/v2\/comments?post=220423"}],"version-history":[{"count":0,"href":"https:\/\/www.webdo.tn\/fr\/wp-json\/wp\/v2\/posts\/220423\/revisions"}],"wp:featuredmedia":[{"embeddable":true,"href":"https:\/\/www.webdo.tn\/fr\/wp-json\/wp\/v2\/media\/241762"}],"wp:attachment":[{"href":"https:\/\/www.webdo.tn\/fr\/wp-json\/wp\/v2\/media?parent=220423"}],"wp:term":[{"taxonomy":"category","embeddable":true,"href":"https:\/\/www.webdo.tn\/fr\/wp-json\/wp\/v2\/categories?post=220423"},{"taxonomy":"post_tag","embeddable":true,"href":"https:\/\/www.webdo.tn\/fr\/wp-json\/wp\/v2\/tags?post=220423"}],"curies":[{"name":"wp","href":"https:\/\/api.w.org\/{rel}","templated":true}]}}