{"id":220421,"date":"2025-03-10T07:49:00","date_gmt":"2025-03-10T07:49:00","guid":{"rendered":"https:\/\/www.webdo.tn\/fr\/blog\/tunisie-vers-une-loi-contraignante-pour-les-universites-privees\/220421\/"},"modified":"2025-05-20T22:22:55","modified_gmt":"2025-05-20T22:22:55","slug":"tunisie-vers-une-loi-contraignante-pour-les-universites-privees","status":"publish","type":"post","link":"https:\/\/www.webdo.tn\/fr\/actualite\/national\/tunisie-vers-une-loi-contraignante-pour-les-universites-privees\/220421\/","title":{"rendered":"Tunisie : Vers une loi contraignante pour les universit\u00e9s priv\u00e9es"},"content":{"rendered":"<p>Un projet d\u2019amendement de la loi r\u00e9gissant l\u2019enseignement sup\u00e9rieur priv\u00e9 en Tunisie sera examin\u00e9 en s\u00e9ance pl\u00e9ni\u00e8re au Parlement \u00e0 la mi-avril.\u00a0<\/p>\n<p>Ce texte impose aux \u00e9tablissements priv\u00e9s de recruter au moins 30 % de leur corps enseignant en tant qu\u2019enseignants permanents.<\/p>\n<p>Selon la version finale du projet, d\u00e9pos\u00e9e en 2023 par 23 d\u00e9put\u00e9s de diff\u00e9rentes formations et r\u00e9cemment valid\u00e9e par la commission de l\u2019\u00e9ducation, de la formation professionnelle, de la recherche scientifique, de la jeunesse et des sports, les enseignants permanents dans ces \u00e9tablissements priv\u00e9s devront \u00eatre titulaires d\u2019un doctorat. Ils b\u00e9n\u00e9ficieront des m\u00eames garanties que les enseignants-chercheurs du secteur public en mati\u00e8re de salaire minimum, de charge d\u2019enseignement et d\u2019encadrement.<\/p>\n<p>Par ailleurs, l\u2019amendement, compos\u00e9 de deux articles, exige que ces enseignants permanents assurent au moins la moiti\u00e9 des cours dispens\u00e9s dans chaque programme de formation.<\/p>\n<p>Le deuxi\u00e8me article accorde aux universit\u00e9s priv\u00e9es un d\u00e9lai de deux ans, \u00e0 compter de la publication du texte au Journal officiel, pour se conformer aux nouvelles exigences. Pass\u00e9 ce d\u00e9lai, tout \u00e9tablissement qui ne s\u2019y conforme pas se verra interdire l\u2019inscription de nouveaux \u00e9tudiants. Tout enregistrement non autoris\u00e9 serait assimil\u00e9 \u00e0 la cr\u00e9ation ill\u00e9gale d\u2019un \u00e9tablissement priv\u00e9, exposant ainsi l\u2019universit\u00e9 concern\u00e9e \u00e0 des sanctions.<\/p>\n<p>Cette initiative l\u00e9gislative, d\u00e9pos\u00e9e le 10 octobre 2023, a fait l\u2019objet de neuf r\u00e9unions au sein de la commission comp\u00e9tente, dont la premi\u00e8re s\u2019est tenue le 25 octobre 2023 et la derni\u00e8re le 30 mai 2024.<\/p>\n<p>D\u2019apr\u00e8s les derni\u00e8res statistiques du minist\u00e8re de l\u2019Enseignement sup\u00e9rieur et de la Recherche scientifique, la Tunisie compte 85 \u00e9tablissements universitaires priv\u00e9s pour l\u2019ann\u00e9e universitaire 2024-2025, r\u00e9partis sur plusieurs gouvernorats et couvrant diverses sp\u00e9cialit\u00e9s.<\/p>\n<p>L\u2019enseignement sup\u00e9rieur priv\u00e9 est actuellement r\u00e9gi par la loi n\u00b0 73 du 25 juillet 2000, qui comprend 25 articles r\u00e9partis en sept chapitres.<\/p>\n","protected":false},"excerpt":{"rendered":"<p>Ce texte impose aux \u00e9tablissements priv\u00e9s de recruter au moins 30 % de leur corps enseignant en tant qu\u2019enseignants permanents.<\/p>\n","protected":false},"author":3163,"featured_media":292034,"comment_status":"open","ping_status":"closed","sticky":false,"template":"","format":"standard","meta":{"footnotes":""},"categories":[44],"tags":[11044,2940,3033,2608],"class_list":["post-220421","post","type-post","status-publish","format-standard","has-post-thumbnail","hentry","category-national","tag-universites-privees","tag-enseignement-superieur","tag-loi","tag-tunisie"],"yoast_head":"<!-- This site is optimized with the Yoast SEO Premium plugin v27.5 (Yoast SEO v27.5) - https:\/\/yoast.com\/product\/yoast-seo-premium-wordpress\/ -->\n<title>Tunisie : Vers une loi contraignante pour les universit\u00e9s priv\u00e9es<\/title>\n<meta name=\"description\" content=\"Ce texte impose aux \u00e9tablissements priv\u00e9s de recruter au moins 30 % de leur corps enseignant en tant qu\u2019enseignants permanents.\" \/>\n<link rel=\"canonical\" href=\"https:\/\/www.webdo.tn\/fr\/actualite\/national\/tunisie-vers-une-loi-contraignante-pour-les-universites-privees\/220421\/\" \/>\n<meta property=\"og:locale\" content=\"fr_FR\" \/>\n<meta property=\"og:type\" content=\"article\" \/>\n<meta property=\"og:title\" content=\"Tunisie : Vers une loi contraignante pour les universit\u00e9s priv\u00e9es\" \/>\n<meta property=\"og:description\" content=\"Ce texte impose aux \u00e9tablissements priv\u00e9s de recruter au moins 30 % de leur corps enseignant en tant qu\u2019enseignants permanents.\" \/>\n<meta property=\"og:url\" content=\"https:\/\/www.webdo.tn\/fr\/actualite\/national\/tunisie-vers-une-loi-contraignante-pour-les-universites-privees\/220421\/\" \/>\n<meta property=\"og:site_name\" content=\"webdo\" \/>\n<meta property=\"article:publisher\" content=\"https:\/\/www.facebook.com\/webdotn\" \/>\n<meta property=\"article:published_time\" content=\"2025-03-10T07:49:00+00:00\" \/>\n<meta property=\"article:modified_time\" content=\"2025-05-20T22:22:55+00:00\" \/>\n<meta property=\"og:image\" content=\"https:\/\/www.webdo.tn\/fr\/wp-content\/uploads\/2025\/03\/15473515df1d2d49981984644ebc3b7b.webp\" \/>\n\t<meta property=\"og:image:width\" content=\"626\" \/>\n\t<meta property=\"og:image:height\" content=\"334\" \/>\n\t<meta property=\"og:image:type\" content=\"image\/webp\" \/>\n<meta name=\"author\" content=\"KJ\" \/>\n<meta name=\"twitter:card\" content=\"summary_large_image\" \/>\n<meta name=\"twitter:creator\" content=\"@webdo_tn\" \/>\n<meta name=\"twitter:site\" content=\"@webdo_tn\" \/>\n<meta name=\"twitter:label1\" content=\"\u00c9crit par\" \/>\n\t<meta name=\"twitter:data1\" content=\"KJ\" \/>\n\t<meta name=\"twitter:label2\" content=\"Dur\u00e9e de lecture estim\u00e9e\" \/>\n\t<meta name=\"twitter:data2\" content=\"2 minutes\" \/>\n<script type=\"application\/ld+json\" class=\"yoast-schema-graph\">{\"@context\":\"https:\\\/\\\/schema.org\",\"@graph\":[{\"@type\":\"NewsArticle\",\"@id\":\"https:\\\/\\\/www.webdo.tn\\\/fr\\\/actualite\\\/national\\\/tunisie-vers-une-loi-contraignante-pour-les-universites-privees\\\/220421\\\/#article\",\"isPartOf\":{\"@id\":\"https:\\\/\\\/www.webdo.tn\\\/fr\\\/actualite\\\/national\\\/tunisie-vers-une-loi-contraignante-pour-les-universites-privees\\\/220421\\\/\"},\"author\":{\"name\":\"KJ\",\"@id\":\"https:\\\/\\\/www.webdo.tn\\\/fr\\\/#\\\/schema\\\/person\\\/82ca085b22037d285e1a3c4b65ba5f71\"},\"headline\":\"Tunisie : Vers une loi contraignante pour les universit\u00e9s priv\u00e9es\",\"datePublished\":\"2025-03-10T07:49:00+00:00\",\"dateModified\":\"2025-05-20T22:22:55+00:00\",\"mainEntityOfPage\":{\"@id\":\"https:\\\/\\\/www.webdo.tn\\\/fr\\\/actualite\\\/national\\\/tunisie-vers-une-loi-contraignante-pour-les-universites-privees\\\/220421\\\/\"},\"wordCount\":350,\"commentCount\":0,\"publisher\":{\"@id\":\"https:\\\/\\\/www.webdo.tn\\\/fr\\\/#organization\"},\"image\":{\"@id\":\"https:\\\/\\\/www.webdo.tn\\\/fr\\\/actualite\\\/national\\\/tunisie-vers-une-loi-contraignante-pour-les-universites-privees\\\/220421\\\/#primaryimage\"},\"thumbnailUrl\":\"https:\\\/\\\/www.webdo.tn\\\/fr\\\/wp-content\\\/uploads\\\/2025\\\/03\\\/15473515df1d2d49981984644ebc3b7b.webp\",\"keywords\":[\"'universit\u00e9s priv\u00e9es']\",\"enseignement sup\u00e9rieur\",\"loi\",\"Tunisie\"],\"articleSection\":[\"National\"],\"inLanguage\":\"fr-FR\"},{\"@type\":\"WebPage\",\"@id\":\"https:\\\/\\\/www.webdo.tn\\\/fr\\\/actualite\\\/national\\\/tunisie-vers-une-loi-contraignante-pour-les-universites-privees\\\/220421\\\/\",\"url\":\"https:\\\/\\\/www.webdo.tn\\\/fr\\\/actualite\\\/national\\\/tunisie-vers-une-loi-contraignante-pour-les-universites-privees\\\/220421\\\/\",\"name\":\"Tunisie : Vers une loi contraignante pour les universit\u00e9s priv\u00e9es\",\"isPartOf\":{\"@id\":\"https:\\\/\\\/www.webdo.tn\\\/fr\\\/#website\"},\"primaryImageOfPage\":{\"@id\":\"https:\\\/\\\/www.webdo.tn\\\/fr\\\/actualite\\\/national\\\/tunisie-vers-une-loi-contraignante-pour-les-universites-privees\\\/220421\\\/#primaryimage\"},\"image\":{\"@id\":\"https:\\\/\\\/www.webdo.tn\\\/fr\\\/actualite\\\/national\\\/tunisie-vers-une-loi-contraignante-pour-les-universites-privees\\\/220421\\\/#primaryimage\"},\"thumbnailUrl\":\"https:\\\/\\\/www.webdo.tn\\\/fr\\\/wp-content\\\/uploads\\\/2025\\\/03\\\/15473515df1d2d49981984644ebc3b7b.webp\",\"datePublished\":\"2025-03-10T07:49:00+00:00\",\"dateModified\":\"2025-05-20T22:22:55+00:00\",\"description\":\"Ce texte impose aux \u00e9tablissements priv\u00e9s de recruter au moins 30 % de leur corps enseignant en tant qu\u2019enseignants permanents.\",\"breadcrumb\":{\"@id\":\"https:\\\/\\\/www.webdo.tn\\\/fr\\\/actualite\\\/national\\\/tunisie-vers-une-loi-contraignante-pour-les-universites-privees\\\/220421\\\/#breadcrumb\"},\"inLanguage\":\"fr-FR\",\"potentialAction\":[{\"@type\":\"ReadAction\",\"target\":[\"https:\\\/\\\/www.webdo.tn\\\/fr\\\/actualite\\\/national\\\/tunisie-vers-une-loi-contraignante-pour-les-universites-privees\\\/220421\\\/\"]}]},{\"@type\":\"ImageObject\",\"inLanguage\":\"fr-FR\",\"@id\":\"https:\\\/\\\/www.webdo.tn\\\/fr\\\/actualite\\\/national\\\/tunisie-vers-une-loi-contraignante-pour-les-universites-privees\\\/220421\\\/#primaryimage\",\"url\":\"https:\\\/\\\/www.webdo.tn\\\/fr\\\/wp-content\\\/uploads\\\/2025\\\/03\\\/15473515df1d2d49981984644ebc3b7b.webp\",\"contentUrl\":\"https:\\\/\\\/www.webdo.tn\\\/fr\\\/wp-content\\\/uploads\\\/2025\\\/03\\\/15473515df1d2d49981984644ebc3b7b.webp\",\"width\":626,\"height\":334,\"caption\":\"Tunisie : Vers une loi contraignante pour les universit\u00e9s priv\u00e9es\"},{\"@type\":\"BreadcrumbList\",\"@id\":\"https:\\\/\\\/www.webdo.tn\\\/fr\\\/actualite\\\/national\\\/tunisie-vers-une-loi-contraignante-pour-les-universites-privees\\\/220421\\\/#breadcrumb\",\"itemListElement\":[{\"@type\":\"ListItem\",\"position\":1,\"name\":\"Accueil\",\"item\":\"https:\\\/\\\/www.webdo.tn\\\/fr\\\/\"},{\"@type\":\"ListItem\",\"position\":2,\"name\":\"Tunisie : Vers une loi contraignante pour les universit\u00e9s priv\u00e9es\"}]},{\"@type\":\"WebSite\",\"@id\":\"https:\\\/\\\/www.webdo.tn\\\/fr\\\/#website\",\"url\":\"https:\\\/\\\/www.webdo.tn\\\/fr\\\/\",\"name\":\"webdo\",\"description\":\"Tunisie - News en Tunisie et \u00e0 l&#039;international sur Webdo.tn\",\"publisher\":{\"@id\":\"https:\\\/\\\/www.webdo.tn\\\/fr\\\/#organization\"},\"potentialAction\":[{\"@type\":\"SearchAction\",\"target\":{\"@type\":\"EntryPoint\",\"urlTemplate\":\"https:\\\/\\\/www.webdo.tn\\\/fr\\\/?s={search_term_string}\"},\"query-input\":{\"@type\":\"PropertyValueSpecification\",\"valueRequired\":true,\"valueName\":\"search_term_string\"}}],\"inLanguage\":\"fr-FR\"},{\"@type\":\"Organization\",\"@id\":\"https:\\\/\\\/www.webdo.tn\\\/fr\\\/#organization\",\"name\":\"Webdo\",\"alternateName\":\"Webdo.tn\",\"url\":\"https:\\\/\\\/www.webdo.tn\\\/fr\\\/\",\"logo\":{\"@type\":\"ImageObject\",\"inLanguage\":\"fr-FR\",\"@id\":\"https:\\\/\\\/www.webdo.tn\\\/fr\\\/#\\\/schema\\\/logo\\\/image\\\/\",\"url\":\"https:\\\/\\\/www.webdo.tn\\\/fr\\\/wp-content\\\/uploads\\\/2025\\\/06\\\/Webdo-Tunisie_168377.jpg\",\"contentUrl\":\"https:\\\/\\\/www.webdo.tn\\\/fr\\\/wp-content\\\/uploads\\\/2025\\\/06\\\/Webdo-Tunisie_168377.jpg\",\"width\":301,\"height\":301,\"caption\":\"Webdo\"},\"image\":{\"@id\":\"https:\\\/\\\/www.webdo.tn\\\/fr\\\/#\\\/schema\\\/logo\\\/image\\\/\"},\"sameAs\":[\"https:\\\/\\\/www.facebook.com\\\/webdotn\",\"https:\\\/\\\/x.com\\\/webdo_tn\"],\"description\":\"Webdo est un m\u00e9dia num\u00e9rique tunisien fond\u00e9 en 2010, sp\u00e9cialis\u00e9 dans l\u2019actualit\u00e9 nationale et internationale, l\u2019\u00e9conomie, la soci\u00e9t\u00e9 et les analyses politiques. Le site s\u2019adresse \u00e0 un large public francophone et couvre l\u2019information tunisienne en temps r\u00e9el.\",\"email\":\"redac@webdo.tn\",\"legalName\":\"YNJ SARL\",\"foundingDate\":\"2010-09-06\",\"numberOfEmployees\":{\"@type\":\"QuantitativeValue\",\"minValue\":\"11\",\"maxValue\":\"50\"}},{\"@type\":\"Person\",\"@id\":\"https:\\\/\\\/www.webdo.tn\\\/fr\\\/#\\\/schema\\\/person\\\/82ca085b22037d285e1a3c4b65ba5f71\",\"name\":\"KJ\",\"image\":{\"@type\":\"ImageObject\",\"inLanguage\":\"fr-FR\",\"@id\":\"https:\\\/\\\/secure.gravatar.com\\\/avatar\\\/1a1320de1c1971c893f00068f760b4113d69504aa21273da17ee95650c5944fd?s=96&d=mm&r=g\",\"url\":\"https:\\\/\\\/secure.gravatar.com\\\/avatar\\\/1a1320de1c1971c893f00068f760b4113d69504aa21273da17ee95650c5944fd?s=96&d=mm&r=g\",\"contentUrl\":\"https:\\\/\\\/secure.gravatar.com\\\/avatar\\\/1a1320de1c1971c893f00068f760b4113d69504aa21273da17ee95650c5944fd?s=96&d=mm&r=g\",\"caption\":\"KJ\"},\"url\":\"https:\\\/\\\/www.webdo.tn\\\/fr\\\/actualite\\\/author\\\/kj\\\/\"}]}<\/script>\n<!-- \/ Yoast SEO Premium plugin. -->","yoast_head_json":{"title":"Tunisie : Vers une loi contraignante pour les universit\u00e9s priv\u00e9es","description":"Ce texte impose aux \u00e9tablissements priv\u00e9s de recruter au moins 30 % de leur corps enseignant en tant qu\u2019enseignants permanents.","canonical":"https:\/\/www.webdo.tn\/fr\/actualite\/national\/tunisie-vers-une-loi-contraignante-pour-les-universites-privees\/220421\/","og_locale":"fr_FR","og_type":"article","og_title":"Tunisie : Vers une loi contraignante pour les universit\u00e9s priv\u00e9es","og_description":"Ce texte impose aux \u00e9tablissements priv\u00e9s de recruter au moins 30 % de leur corps enseignant en tant qu\u2019enseignants permanents.","og_url":"https:\/\/www.webdo.tn\/fr\/actualite\/national\/tunisie-vers-une-loi-contraignante-pour-les-universites-privees\/220421\/","og_site_name":"webdo","article_publisher":"https:\/\/www.facebook.com\/webdotn","article_published_time":"2025-03-10T07:49:00+00:00","article_modified_time":"2025-05-20T22:22:55+00:00","og_image":[{"width":626,"height":334,"url":"https:\/\/www.webdo.tn\/fr\/wp-content\/uploads\/2025\/03\/15473515df1d2d49981984644ebc3b7b.webp","type":"image\/webp"}],"author":"KJ","twitter_card":"summary_large_image","twitter_creator":"@webdo_tn","twitter_site":"@webdo_tn","twitter_misc":{"\u00c9crit par":"KJ","Dur\u00e9e de lecture estim\u00e9e":"2 minutes"},"schema":{"@context":"https:\/\/schema.org","@graph":[{"@type":"NewsArticle","@id":"https:\/\/www.webdo.tn\/fr\/actualite\/national\/tunisie-vers-une-loi-contraignante-pour-les-universites-privees\/220421\/#article","isPartOf":{"@id":"https:\/\/www.webdo.tn\/fr\/actualite\/national\/tunisie-vers-une-loi-contraignante-pour-les-universites-privees\/220421\/"},"author":{"name":"KJ","@id":"https:\/\/www.webdo.tn\/fr\/#\/schema\/person\/82ca085b22037d285e1a3c4b65ba5f71"},"headline":"Tunisie : Vers une loi contraignante pour les universit\u00e9s priv\u00e9es","datePublished":"2025-03-10T07:49:00+00:00","dateModified":"2025-05-20T22:22:55+00:00","mainEntityOfPage":{"@id":"https:\/\/www.webdo.tn\/fr\/actualite\/national\/tunisie-vers-une-loi-contraignante-pour-les-universites-privees\/220421\/"},"wordCount":350,"commentCount":0,"publisher":{"@id":"https:\/\/www.webdo.tn\/fr\/#organization"},"image":{"@id":"https:\/\/www.webdo.tn\/fr\/actualite\/national\/tunisie-vers-une-loi-contraignante-pour-les-universites-privees\/220421\/#primaryimage"},"thumbnailUrl":"https:\/\/www.webdo.tn\/fr\/wp-content\/uploads\/2025\/03\/15473515df1d2d49981984644ebc3b7b.webp","keywords":["'universit\u00e9s priv\u00e9es']","enseignement sup\u00e9rieur","loi","Tunisie"],"articleSection":["National"],"inLanguage":"fr-FR"},{"@type":"WebPage","@id":"https:\/\/www.webdo.tn\/fr\/actualite\/national\/tunisie-vers-une-loi-contraignante-pour-les-universites-privees\/220421\/","url":"https:\/\/www.webdo.tn\/fr\/actualite\/national\/tunisie-vers-une-loi-contraignante-pour-les-universites-privees\/220421\/","name":"Tunisie : Vers une loi contraignante pour les universit\u00e9s priv\u00e9es","isPartOf":{"@id":"https:\/\/www.webdo.tn\/fr\/#website"},"primaryImageOfPage":{"@id":"https:\/\/www.webdo.tn\/fr\/actualite\/national\/tunisie-vers-une-loi-contraignante-pour-les-universites-privees\/220421\/#primaryimage"},"image":{"@id":"https:\/\/www.webdo.tn\/fr\/actualite\/national\/tunisie-vers-une-loi-contraignante-pour-les-universites-privees\/220421\/#primaryimage"},"thumbnailUrl":"https:\/\/www.webdo.tn\/fr\/wp-content\/uploads\/2025\/03\/15473515df1d2d49981984644ebc3b7b.webp","datePublished":"2025-03-10T07:49:00+00:00","dateModified":"2025-05-20T22:22:55+00:00","description":"Ce texte impose aux \u00e9tablissements priv\u00e9s de recruter au moins 30 % de leur corps enseignant en tant qu\u2019enseignants permanents.","breadcrumb":{"@id":"https:\/\/www.webdo.tn\/fr\/actualite\/national\/tunisie-vers-une-loi-contraignante-pour-les-universites-privees\/220421\/#breadcrumb"},"inLanguage":"fr-FR","potentialAction":[{"@type":"ReadAction","target":["https:\/\/www.webdo.tn\/fr\/actualite\/national\/tunisie-vers-une-loi-contraignante-pour-les-universites-privees\/220421\/"]}]},{"@type":"ImageObject","inLanguage":"fr-FR","@id":"https:\/\/www.webdo.tn\/fr\/actualite\/national\/tunisie-vers-une-loi-contraignante-pour-les-universites-privees\/220421\/#primaryimage","url":"https:\/\/www.webdo.tn\/fr\/wp-content\/uploads\/2025\/03\/15473515df1d2d49981984644ebc3b7b.webp","contentUrl":"https:\/\/www.webdo.tn\/fr\/wp-content\/uploads\/2025\/03\/15473515df1d2d49981984644ebc3b7b.webp","width":626,"height":334,"caption":"Tunisie : Vers une loi contraignante pour les universit\u00e9s priv\u00e9es"},{"@type":"BreadcrumbList","@id":"https:\/\/www.webdo.tn\/fr\/actualite\/national\/tunisie-vers-une-loi-contraignante-pour-les-universites-privees\/220421\/#breadcrumb","itemListElement":[{"@type":"ListItem","position":1,"name":"Accueil","item":"https:\/\/www.webdo.tn\/fr\/"},{"@type":"ListItem","position":2,"name":"Tunisie : Vers une loi contraignante pour les universit\u00e9s priv\u00e9es"}]},{"@type":"WebSite","@id":"https:\/\/www.webdo.tn\/fr\/#website","url":"https:\/\/www.webdo.tn\/fr\/","name":"webdo","description":"Tunisie - News en Tunisie et \u00e0 l&#039;international sur Webdo.tn","publisher":{"@id":"https:\/\/www.webdo.tn\/fr\/#organization"},"potentialAction":[{"@type":"SearchAction","target":{"@type":"EntryPoint","urlTemplate":"https:\/\/www.webdo.tn\/fr\/?s={search_term_string}"},"query-input":{"@type":"PropertyValueSpecification","valueRequired":true,"valueName":"search_term_string"}}],"inLanguage":"fr-FR"},{"@type":"Organization","@id":"https:\/\/www.webdo.tn\/fr\/#organization","name":"Webdo","alternateName":"Webdo.tn","url":"https:\/\/www.webdo.tn\/fr\/","logo":{"@type":"ImageObject","inLanguage":"fr-FR","@id":"https:\/\/www.webdo.tn\/fr\/#\/schema\/logo\/image\/","url":"https:\/\/www.webdo.tn\/fr\/wp-content\/uploads\/2025\/06\/Webdo-Tunisie_168377.jpg","contentUrl":"https:\/\/www.webdo.tn\/fr\/wp-content\/uploads\/2025\/06\/Webdo-Tunisie_168377.jpg","width":301,"height":301,"caption":"Webdo"},"image":{"@id":"https:\/\/www.webdo.tn\/fr\/#\/schema\/logo\/image\/"},"sameAs":["https:\/\/www.facebook.com\/webdotn","https:\/\/x.com\/webdo_tn"],"description":"Webdo est un m\u00e9dia num\u00e9rique tunisien fond\u00e9 en 2010, sp\u00e9cialis\u00e9 dans l\u2019actualit\u00e9 nationale et internationale, l\u2019\u00e9conomie, la soci\u00e9t\u00e9 et les analyses politiques. Le site s\u2019adresse \u00e0 un large public francophone et couvre l\u2019information tunisienne en temps r\u00e9el.","email":"redac@webdo.tn","legalName":"YNJ SARL","foundingDate":"2010-09-06","numberOfEmployees":{"@type":"QuantitativeValue","minValue":"11","maxValue":"50"}},{"@type":"Person","@id":"https:\/\/www.webdo.tn\/fr\/#\/schema\/person\/82ca085b22037d285e1a3c4b65ba5f71","name":"KJ","image":{"@type":"ImageObject","inLanguage":"fr-FR","@id":"https:\/\/secure.gravatar.com\/avatar\/1a1320de1c1971c893f00068f760b4113d69504aa21273da17ee95650c5944fd?s=96&d=mm&r=g","url":"https:\/\/secure.gravatar.com\/avatar\/1a1320de1c1971c893f00068f760b4113d69504aa21273da17ee95650c5944fd?s=96&d=mm&r=g","contentUrl":"https:\/\/secure.gravatar.com\/avatar\/1a1320de1c1971c893f00068f760b4113d69504aa21273da17ee95650c5944fd?s=96&d=mm&r=g","caption":"KJ"},"url":"https:\/\/www.webdo.tn\/fr\/actualite\/author\/kj\/"}]}},"_links":{"self":[{"href":"https:\/\/www.webdo.tn\/fr\/wp-json\/wp\/v2\/posts\/220421","targetHints":{"allow":["GET"]}}],"collection":[{"href":"https:\/\/www.webdo.tn\/fr\/wp-json\/wp\/v2\/posts"}],"about":[{"href":"https:\/\/www.webdo.tn\/fr\/wp-json\/wp\/v2\/types\/post"}],"author":[{"embeddable":true,"href":"https:\/\/www.webdo.tn\/fr\/wp-json\/wp\/v2\/users\/3163"}],"replies":[{"embeddable":true,"href":"https:\/\/www.webdo.tn\/fr\/wp-json\/wp\/v2\/comments?post=220421"}],"version-history":[{"count":0,"href":"https:\/\/www.webdo.tn\/fr\/wp-json\/wp\/v2\/posts\/220421\/revisions"}],"wp:featuredmedia":[{"embeddable":true,"href":"https:\/\/www.webdo.tn\/fr\/wp-json\/wp\/v2\/media\/292034"}],"wp:attachment":[{"href":"https:\/\/www.webdo.tn\/fr\/wp-json\/wp\/v2\/media?parent=220421"}],"wp:term":[{"taxonomy":"category","embeddable":true,"href":"https:\/\/www.webdo.tn\/fr\/wp-json\/wp\/v2\/categories?post=220421"},{"taxonomy":"post_tag","embeddable":true,"href":"https:\/\/www.webdo.tn\/fr\/wp-json\/wp\/v2\/tags?post=220421"}],"curies":[{"name":"wp","href":"https:\/\/api.w.org\/{rel}","templated":true}]}}