{"id":220405,"date":"2025-03-08T10:00:00","date_gmt":"2025-03-08T10:00:00","guid":{"rendered":"https:\/\/www.webdo.tn\/fr\/blog\/2025\/03\/08\/tunisie-khaoula-rachdi-un-acte-de-courage-qui-a-marque-l-histoire-de-la-revolution\/"},"modified":"2025-05-20T21:42:04","modified_gmt":"2025-05-20T21:42:04","slug":"tunisie-khaoula-rachdi-un-acte-de-courage-qui-a-marque-l-histoire-de-la-revolution","status":"publish","type":"post","link":"https:\/\/www.webdo.tn\/fr\/actualite\/national\/tunisie-khaoula-rachdi-un-acte-de-courage-qui-a-marque-l-histoire-de-la-revolution\/220405\/","title":{"rendered":"Tunisie : Khaoula Rachdi, un acte de courage qui a marqu\u00e9 l&rsquo;histoire de la r\u00e9volution"},"content":{"rendered":"<p>Le 7 mars 2012, un geste audacieux a marqu\u00e9 un tournant dans l&rsquo;histoire de la Tunisie post-r\u00e9volutionnaire. Ce jour-l\u00e0, Khaoula Rachdi, alors \u00e9tudiante, se dressait seule face \u00e0 un salafiste voulant profaner le drapeau national, un acte symbolique qui incarne l&rsquo;esprit de la r\u00e9volution tunisienne et le courage des jeunes face \u00e0 l&rsquo;obscurantisme.<\/p>\n<p>Treize ans plus tard, en cette Journ\u00e9e internationale des droits des femmes, rendons hommage \u00e0 cette femme de c\u0153ur, pionni\u00e8re de la r\u00e9sistance et mod\u00e8le d&rsquo;engagement. Khaoula Rachdi, par son geste, est devenue une figure de la r\u00e9sistance face \u00e0 l&rsquo;obscurantisme, symbolisant l&rsquo;opposition aux forces r\u00e9trogrades et l&rsquo;engagement des Tunisiennes pour un pays moderne et d\u00e9mocratique.<\/p>\n<p>Sa simplicit\u00e9 et son humilit\u00e9 ajoutent encore de la force \u00e0 son image, car elle n&rsquo;a jamais cherch\u00e9 \u00e0 se servir de son acte pour obtenir des avantages personnels, contrairement \u00e0 d&rsquo;autres figures publiques. En tant qu&rsquo;enseignante, elle incarne la v\u00e9ritable vocation de nombreux Tunisiens : la construction d&rsquo;une soci\u00e9t\u00e9 plus juste et \u00e9clair\u00e9e.<\/p>\n<p>L&rsquo;hommage qui lui est rendu aujourd&rsquo;hui, en cette journ\u00e9e internationale des droits des femmes, vient couronner son engagement. En rendant hommage \u00e0 Khaoula, on rend hommage \u00e0 toutes les femmes tunisiennes, actrices invisibles mais essentielles de la r\u00e9volution et du progr\u00e8s. Elle reste un symbole de l&rsquo;espoir d&rsquo;une Tunisie qui avance, et son geste reste un phare pour toutes celles et ceux qui luttent pour la libert\u00e9, la dignit\u00e9 et le progr\u00e8s.<\/p>\n","protected":false},"excerpt":{"rendered":"<p>Le 7 mars 2012, un geste audacieux a marqu\u00e9 un tournant dans l&rsquo;histoire de la Tunisie post-r\u00e9volutionnaire. Ce jour-l\u00e0, Khaoula Rachdi, alors \u00e9tudiante, se dres&#8230;<\/p>\n","protected":false},"author":3162,"featured_media":241794,"comment_status":"open","ping_status":"open","sticky":false,"template":"","format":"standard","meta":{"footnotes":""},"categories":[44],"tags":[3732,3734,3733,2608],"class_list":["post-220405","post","type-post","status-publish","format-standard","has-post-thumbnail","hentry","category-national","tag-drapeau","tag-journee-internationale-des-droits-des-femmes","tag-khaoula-rachdi","tag-tunisie"],"yoast_head":"<!-- This site is optimized with the Yoast SEO Premium plugin v27.5 (Yoast SEO v27.5) - https:\/\/yoast.com\/product\/yoast-seo-premium-wordpress\/ -->\n<title>Tunisie : Khaoula Rachdi, un acte de courage qui a marqu\u00e9 l&#039;histoire de la r\u00e9volution<\/title>\n<meta name=\"description\" content=\"Le 7 mars 2012, un geste audacieux a marqu\u00e9 un tournant dans l&#039;histoire de la Tunisie post-r\u00e9volutionnaire. Ce jour-l\u00e0, Khaoula Rachdi, alors \u00e9tudiante, se dres...\" \/>\n<link rel=\"canonical\" href=\"https:\/\/www.webdo.tn\/fr\/actualite\/national\/tunisie-khaoula-rachdi-un-acte-de-courage-qui-a-marque-l-histoire-de-la-revolution\/220405\/\" \/>\n<meta property=\"og:locale\" content=\"fr_FR\" \/>\n<meta property=\"og:type\" content=\"article\" \/>\n<meta property=\"og:title\" content=\"Tunisie : Khaoula Rachdi, un acte de courage qui a marqu\u00e9 l&#039;histoire de la r\u00e9volution\" \/>\n<meta property=\"og:description\" content=\"Le 7 mars 2012, un geste audacieux a marqu\u00e9 un tournant dans l&#039;histoire de la Tunisie post-r\u00e9volutionnaire. Ce jour-l\u00e0, Khaoula Rachdi, alors \u00e9tudiante, se dres...\" \/>\n<meta property=\"og:url\" content=\"https:\/\/www.webdo.tn\/fr\/actualite\/national\/tunisie-khaoula-rachdi-un-acte-de-courage-qui-a-marque-l-histoire-de-la-revolution\/220405\/\" \/>\n<meta property=\"og:site_name\" content=\"webdo\" \/>\n<meta property=\"article:publisher\" content=\"https:\/\/www.facebook.com\/webdotn\" \/>\n<meta property=\"article:published_time\" content=\"2025-03-08T10:00:00+00:00\" \/>\n<meta property=\"article:modified_time\" content=\"2025-05-20T21:42:04+00:00\" \/>\n<meta property=\"og:image\" content=\"https:\/\/www.webdo.tn\/fr\/wp-content\/uploads\/2025\/05\/6bc677be008937f37de1e3025d5aab3a-3.webp\" \/>\n\t<meta property=\"og:image:width\" content=\"750\" \/>\n\t<meta property=\"og:image:height\" content=\"400\" \/>\n\t<meta property=\"og:image:type\" content=\"image\/webp\" \/>\n<meta name=\"author\" content=\"MC\" \/>\n<meta name=\"twitter:card\" content=\"summary_large_image\" \/>\n<meta name=\"twitter:creator\" content=\"@webdo_tn\" \/>\n<meta name=\"twitter:site\" content=\"@webdo_tn\" \/>\n<meta name=\"twitter:label1\" content=\"\u00c9crit par\" \/>\n\t<meta name=\"twitter:data1\" content=\"MC\" \/>\n\t<meta name=\"twitter:label2\" content=\"Dur\u00e9e de lecture estim\u00e9e\" \/>\n\t<meta name=\"twitter:data2\" content=\"1 minute\" \/>\n<script type=\"application\/ld+json\" class=\"yoast-schema-graph\">{\"@context\":\"https:\\\/\\\/schema.org\",\"@graph\":[{\"@type\":\"NewsArticle\",\"@id\":\"https:\\\/\\\/www.webdo.tn\\\/fr\\\/actualite\\\/national\\\/tunisie-khaoula-rachdi-un-acte-de-courage-qui-a-marque-l-histoire-de-la-revolution\\\/220405\\\/#article\",\"isPartOf\":{\"@id\":\"https:\\\/\\\/www.webdo.tn\\\/fr\\\/actualite\\\/national\\\/tunisie-khaoula-rachdi-un-acte-de-courage-qui-a-marque-l-histoire-de-la-revolution\\\/220405\\\/\"},\"author\":{\"name\":\"MC\",\"@id\":\"https:\\\/\\\/www.webdo.tn\\\/fr\\\/#\\\/schema\\\/person\\\/2c4929cbf5a809e3bd38617c6ce150f6\"},\"headline\":\"Tunisie : Khaoula Rachdi, un acte de courage qui a marqu\u00e9 l&rsquo;histoire de la r\u00e9volution\",\"datePublished\":\"2025-03-08T10:00:00+00:00\",\"dateModified\":\"2025-05-20T21:42:04+00:00\",\"mainEntityOfPage\":{\"@id\":\"https:\\\/\\\/www.webdo.tn\\\/fr\\\/actualite\\\/national\\\/tunisie-khaoula-rachdi-un-acte-de-courage-qui-a-marque-l-histoire-de-la-revolution\\\/220405\\\/\"},\"wordCount\":271,\"commentCount\":0,\"publisher\":{\"@id\":\"https:\\\/\\\/www.webdo.tn\\\/fr\\\/#organization\"},\"image\":{\"@id\":\"https:\\\/\\\/www.webdo.tn\\\/fr\\\/actualite\\\/national\\\/tunisie-khaoula-rachdi-un-acte-de-courage-qui-a-marque-l-histoire-de-la-revolution\\\/220405\\\/#primaryimage\"},\"thumbnailUrl\":\"https:\\\/\\\/www.webdo.tn\\\/fr\\\/wp-content\\\/uploads\\\/2025\\\/05\\\/6bc677be008937f37de1e3025d5aab3a-3.webp\",\"keywords\":[\"drapeau\",\"Journ\u00e9e internationale des droits des femmes\",\"khaoula rachdi\",\"Tunisie\"],\"articleSection\":[\"National\"],\"inLanguage\":\"fr-FR\"},{\"@type\":\"WebPage\",\"@id\":\"https:\\\/\\\/www.webdo.tn\\\/fr\\\/actualite\\\/national\\\/tunisie-khaoula-rachdi-un-acte-de-courage-qui-a-marque-l-histoire-de-la-revolution\\\/220405\\\/\",\"url\":\"https:\\\/\\\/www.webdo.tn\\\/fr\\\/actualite\\\/national\\\/tunisie-khaoula-rachdi-un-acte-de-courage-qui-a-marque-l-histoire-de-la-revolution\\\/220405\\\/\",\"name\":\"Tunisie : Khaoula Rachdi, un acte de courage qui a marqu\u00e9 l'histoire de la r\u00e9volution\",\"isPartOf\":{\"@id\":\"https:\\\/\\\/www.webdo.tn\\\/fr\\\/#website\"},\"primaryImageOfPage\":{\"@id\":\"https:\\\/\\\/www.webdo.tn\\\/fr\\\/actualite\\\/national\\\/tunisie-khaoula-rachdi-un-acte-de-courage-qui-a-marque-l-histoire-de-la-revolution\\\/220405\\\/#primaryimage\"},\"image\":{\"@id\":\"https:\\\/\\\/www.webdo.tn\\\/fr\\\/actualite\\\/national\\\/tunisie-khaoula-rachdi-un-acte-de-courage-qui-a-marque-l-histoire-de-la-revolution\\\/220405\\\/#primaryimage\"},\"thumbnailUrl\":\"https:\\\/\\\/www.webdo.tn\\\/fr\\\/wp-content\\\/uploads\\\/2025\\\/05\\\/6bc677be008937f37de1e3025d5aab3a-3.webp\",\"datePublished\":\"2025-03-08T10:00:00+00:00\",\"dateModified\":\"2025-05-20T21:42:04+00:00\",\"description\":\"Le 7 mars 2012, un geste audacieux a marqu\u00e9 un tournant dans l'histoire de la Tunisie post-r\u00e9volutionnaire. Ce jour-l\u00e0, Khaoula Rachdi, alors \u00e9tudiante, se dres...\",\"breadcrumb\":{\"@id\":\"https:\\\/\\\/www.webdo.tn\\\/fr\\\/actualite\\\/national\\\/tunisie-khaoula-rachdi-un-acte-de-courage-qui-a-marque-l-histoire-de-la-revolution\\\/220405\\\/#breadcrumb\"},\"inLanguage\":\"fr-FR\",\"potentialAction\":[{\"@type\":\"ReadAction\",\"target\":[\"https:\\\/\\\/www.webdo.tn\\\/fr\\\/actualite\\\/national\\\/tunisie-khaoula-rachdi-un-acte-de-courage-qui-a-marque-l-histoire-de-la-revolution\\\/220405\\\/\"]}]},{\"@type\":\"ImageObject\",\"inLanguage\":\"fr-FR\",\"@id\":\"https:\\\/\\\/www.webdo.tn\\\/fr\\\/actualite\\\/national\\\/tunisie-khaoula-rachdi-un-acte-de-courage-qui-a-marque-l-histoire-de-la-revolution\\\/220405\\\/#primaryimage\",\"url\":\"https:\\\/\\\/www.webdo.tn\\\/fr\\\/wp-content\\\/uploads\\\/2025\\\/05\\\/6bc677be008937f37de1e3025d5aab3a-3.webp\",\"contentUrl\":\"https:\\\/\\\/www.webdo.tn\\\/fr\\\/wp-content\\\/uploads\\\/2025\\\/05\\\/6bc677be008937f37de1e3025d5aab3a-3.webp\",\"width\":750,\"height\":400},{\"@type\":\"BreadcrumbList\",\"@id\":\"https:\\\/\\\/www.webdo.tn\\\/fr\\\/actualite\\\/national\\\/tunisie-khaoula-rachdi-un-acte-de-courage-qui-a-marque-l-histoire-de-la-revolution\\\/220405\\\/#breadcrumb\",\"itemListElement\":[{\"@type\":\"ListItem\",\"position\":1,\"name\":\"Accueil\",\"item\":\"https:\\\/\\\/www.webdo.tn\\\/fr\\\/\"},{\"@type\":\"ListItem\",\"position\":2,\"name\":\"Tunisie : Khaoula Rachdi, un acte de courage qui a marqu\u00e9 l&#8217;histoire de la r\u00e9volution\"}]},{\"@type\":\"WebSite\",\"@id\":\"https:\\\/\\\/www.webdo.tn\\\/fr\\\/#website\",\"url\":\"https:\\\/\\\/www.webdo.tn\\\/fr\\\/\",\"name\":\"webdo\",\"description\":\"Tunisie - News en Tunisie et \u00e0 l&#039;international sur Webdo.tn\",\"publisher\":{\"@id\":\"https:\\\/\\\/www.webdo.tn\\\/fr\\\/#organization\"},\"potentialAction\":[{\"@type\":\"SearchAction\",\"target\":{\"@type\":\"EntryPoint\",\"urlTemplate\":\"https:\\\/\\\/www.webdo.tn\\\/fr\\\/?s={search_term_string}\"},\"query-input\":{\"@type\":\"PropertyValueSpecification\",\"valueRequired\":true,\"valueName\":\"search_term_string\"}}],\"inLanguage\":\"fr-FR\"},{\"@type\":\"Organization\",\"@id\":\"https:\\\/\\\/www.webdo.tn\\\/fr\\\/#organization\",\"name\":\"Webdo\",\"alternateName\":\"Webdo.tn\",\"url\":\"https:\\\/\\\/www.webdo.tn\\\/fr\\\/\",\"logo\":{\"@type\":\"ImageObject\",\"inLanguage\":\"fr-FR\",\"@id\":\"https:\\\/\\\/www.webdo.tn\\\/fr\\\/#\\\/schema\\\/logo\\\/image\\\/\",\"url\":\"https:\\\/\\\/www.webdo.tn\\\/fr\\\/wp-content\\\/uploads\\\/2025\\\/06\\\/Webdo-Tunisie_168377.jpg\",\"contentUrl\":\"https:\\\/\\\/www.webdo.tn\\\/fr\\\/wp-content\\\/uploads\\\/2025\\\/06\\\/Webdo-Tunisie_168377.jpg\",\"width\":301,\"height\":301,\"caption\":\"Webdo\"},\"image\":{\"@id\":\"https:\\\/\\\/www.webdo.tn\\\/fr\\\/#\\\/schema\\\/logo\\\/image\\\/\"},\"sameAs\":[\"https:\\\/\\\/www.facebook.com\\\/webdotn\",\"https:\\\/\\\/x.com\\\/webdo_tn\"],\"description\":\"Webdo est un m\u00e9dia num\u00e9rique tunisien fond\u00e9 en 2010, sp\u00e9cialis\u00e9 dans l\u2019actualit\u00e9 nationale et internationale, l\u2019\u00e9conomie, la soci\u00e9t\u00e9 et les analyses politiques. Le site s\u2019adresse \u00e0 un large public francophone et couvre l\u2019information tunisienne en temps r\u00e9el.\",\"email\":\"redac@webdo.tn\",\"legalName\":\"YNJ SARL\",\"foundingDate\":\"2010-09-06\",\"numberOfEmployees\":{\"@type\":\"QuantitativeValue\",\"minValue\":\"11\",\"maxValue\":\"50\"}},{\"@type\":\"Person\",\"@id\":\"https:\\\/\\\/www.webdo.tn\\\/fr\\\/#\\\/schema\\\/person\\\/2c4929cbf5a809e3bd38617c6ce150f6\",\"name\":\"MC\",\"image\":{\"@type\":\"ImageObject\",\"inLanguage\":\"fr-FR\",\"@id\":\"https:\\\/\\\/secure.gravatar.com\\\/avatar\\\/a545bbb6f84efdd5553dbbc2895e3ca8f1d12c5215e00a041c9670b54aa9b18a?s=96&d=mm&r=g\",\"url\":\"https:\\\/\\\/secure.gravatar.com\\\/avatar\\\/a545bbb6f84efdd5553dbbc2895e3ca8f1d12c5215e00a041c9670b54aa9b18a?s=96&d=mm&r=g\",\"contentUrl\":\"https:\\\/\\\/secure.gravatar.com\\\/avatar\\\/a545bbb6f84efdd5553dbbc2895e3ca8f1d12c5215e00a041c9670b54aa9b18a?s=96&d=mm&r=g\",\"caption\":\"MC\"},\"url\":\"https:\\\/\\\/www.webdo.tn\\\/fr\\\/actualite\\\/author\\\/mc\\\/\"}]}<\/script>\n<!-- \/ Yoast SEO Premium plugin. -->","yoast_head_json":{"title":"Tunisie : Khaoula Rachdi, un acte de courage qui a marqu\u00e9 l'histoire de la r\u00e9volution","description":"Le 7 mars 2012, un geste audacieux a marqu\u00e9 un tournant dans l'histoire de la Tunisie post-r\u00e9volutionnaire. Ce jour-l\u00e0, Khaoula Rachdi, alors \u00e9tudiante, se dres...","canonical":"https:\/\/www.webdo.tn\/fr\/actualite\/national\/tunisie-khaoula-rachdi-un-acte-de-courage-qui-a-marque-l-histoire-de-la-revolution\/220405\/","og_locale":"fr_FR","og_type":"article","og_title":"Tunisie : Khaoula Rachdi, un acte de courage qui a marqu\u00e9 l'histoire de la r\u00e9volution","og_description":"Le 7 mars 2012, un geste audacieux a marqu\u00e9 un tournant dans l'histoire de la Tunisie post-r\u00e9volutionnaire. Ce jour-l\u00e0, Khaoula Rachdi, alors \u00e9tudiante, se dres...","og_url":"https:\/\/www.webdo.tn\/fr\/actualite\/national\/tunisie-khaoula-rachdi-un-acte-de-courage-qui-a-marque-l-histoire-de-la-revolution\/220405\/","og_site_name":"webdo","article_publisher":"https:\/\/www.facebook.com\/webdotn","article_published_time":"2025-03-08T10:00:00+00:00","article_modified_time":"2025-05-20T21:42:04+00:00","og_image":[{"width":750,"height":400,"url":"https:\/\/www.webdo.tn\/fr\/wp-content\/uploads\/2025\/05\/6bc677be008937f37de1e3025d5aab3a-3.webp","type":"image\/webp"}],"author":"MC","twitter_card":"summary_large_image","twitter_creator":"@webdo_tn","twitter_site":"@webdo_tn","twitter_misc":{"\u00c9crit par":"MC","Dur\u00e9e de lecture estim\u00e9e":"1 minute"},"schema":{"@context":"https:\/\/schema.org","@graph":[{"@type":"NewsArticle","@id":"https:\/\/www.webdo.tn\/fr\/actualite\/national\/tunisie-khaoula-rachdi-un-acte-de-courage-qui-a-marque-l-histoire-de-la-revolution\/220405\/#article","isPartOf":{"@id":"https:\/\/www.webdo.tn\/fr\/actualite\/national\/tunisie-khaoula-rachdi-un-acte-de-courage-qui-a-marque-l-histoire-de-la-revolution\/220405\/"},"author":{"name":"MC","@id":"https:\/\/www.webdo.tn\/fr\/#\/schema\/person\/2c4929cbf5a809e3bd38617c6ce150f6"},"headline":"Tunisie : Khaoula Rachdi, un acte de courage qui a marqu\u00e9 l&rsquo;histoire de la r\u00e9volution","datePublished":"2025-03-08T10:00:00+00:00","dateModified":"2025-05-20T21:42:04+00:00","mainEntityOfPage":{"@id":"https:\/\/www.webdo.tn\/fr\/actualite\/national\/tunisie-khaoula-rachdi-un-acte-de-courage-qui-a-marque-l-histoire-de-la-revolution\/220405\/"},"wordCount":271,"commentCount":0,"publisher":{"@id":"https:\/\/www.webdo.tn\/fr\/#organization"},"image":{"@id":"https:\/\/www.webdo.tn\/fr\/actualite\/national\/tunisie-khaoula-rachdi-un-acte-de-courage-qui-a-marque-l-histoire-de-la-revolution\/220405\/#primaryimage"},"thumbnailUrl":"https:\/\/www.webdo.tn\/fr\/wp-content\/uploads\/2025\/05\/6bc677be008937f37de1e3025d5aab3a-3.webp","keywords":["drapeau","Journ\u00e9e internationale des droits des femmes","khaoula rachdi","Tunisie"],"articleSection":["National"],"inLanguage":"fr-FR"},{"@type":"WebPage","@id":"https:\/\/www.webdo.tn\/fr\/actualite\/national\/tunisie-khaoula-rachdi-un-acte-de-courage-qui-a-marque-l-histoire-de-la-revolution\/220405\/","url":"https:\/\/www.webdo.tn\/fr\/actualite\/national\/tunisie-khaoula-rachdi-un-acte-de-courage-qui-a-marque-l-histoire-de-la-revolution\/220405\/","name":"Tunisie : Khaoula Rachdi, un acte de courage qui a marqu\u00e9 l'histoire de la r\u00e9volution","isPartOf":{"@id":"https:\/\/www.webdo.tn\/fr\/#website"},"primaryImageOfPage":{"@id":"https:\/\/www.webdo.tn\/fr\/actualite\/national\/tunisie-khaoula-rachdi-un-acte-de-courage-qui-a-marque-l-histoire-de-la-revolution\/220405\/#primaryimage"},"image":{"@id":"https:\/\/www.webdo.tn\/fr\/actualite\/national\/tunisie-khaoula-rachdi-un-acte-de-courage-qui-a-marque-l-histoire-de-la-revolution\/220405\/#primaryimage"},"thumbnailUrl":"https:\/\/www.webdo.tn\/fr\/wp-content\/uploads\/2025\/05\/6bc677be008937f37de1e3025d5aab3a-3.webp","datePublished":"2025-03-08T10:00:00+00:00","dateModified":"2025-05-20T21:42:04+00:00","description":"Le 7 mars 2012, un geste audacieux a marqu\u00e9 un tournant dans l'histoire de la Tunisie post-r\u00e9volutionnaire. Ce jour-l\u00e0, Khaoula Rachdi, alors \u00e9tudiante, se dres...","breadcrumb":{"@id":"https:\/\/www.webdo.tn\/fr\/actualite\/national\/tunisie-khaoula-rachdi-un-acte-de-courage-qui-a-marque-l-histoire-de-la-revolution\/220405\/#breadcrumb"},"inLanguage":"fr-FR","potentialAction":[{"@type":"ReadAction","target":["https:\/\/www.webdo.tn\/fr\/actualite\/national\/tunisie-khaoula-rachdi-un-acte-de-courage-qui-a-marque-l-histoire-de-la-revolution\/220405\/"]}]},{"@type":"ImageObject","inLanguage":"fr-FR","@id":"https:\/\/www.webdo.tn\/fr\/actualite\/national\/tunisie-khaoula-rachdi-un-acte-de-courage-qui-a-marque-l-histoire-de-la-revolution\/220405\/#primaryimage","url":"https:\/\/www.webdo.tn\/fr\/wp-content\/uploads\/2025\/05\/6bc677be008937f37de1e3025d5aab3a-3.webp","contentUrl":"https:\/\/www.webdo.tn\/fr\/wp-content\/uploads\/2025\/05\/6bc677be008937f37de1e3025d5aab3a-3.webp","width":750,"height":400},{"@type":"BreadcrumbList","@id":"https:\/\/www.webdo.tn\/fr\/actualite\/national\/tunisie-khaoula-rachdi-un-acte-de-courage-qui-a-marque-l-histoire-de-la-revolution\/220405\/#breadcrumb","itemListElement":[{"@type":"ListItem","position":1,"name":"Accueil","item":"https:\/\/www.webdo.tn\/fr\/"},{"@type":"ListItem","position":2,"name":"Tunisie : Khaoula Rachdi, un acte de courage qui a marqu\u00e9 l&#8217;histoire de la r\u00e9volution"}]},{"@type":"WebSite","@id":"https:\/\/www.webdo.tn\/fr\/#website","url":"https:\/\/www.webdo.tn\/fr\/","name":"webdo","description":"Tunisie - News en Tunisie et \u00e0 l&#039;international sur Webdo.tn","publisher":{"@id":"https:\/\/www.webdo.tn\/fr\/#organization"},"potentialAction":[{"@type":"SearchAction","target":{"@type":"EntryPoint","urlTemplate":"https:\/\/www.webdo.tn\/fr\/?s={search_term_string}"},"query-input":{"@type":"PropertyValueSpecification","valueRequired":true,"valueName":"search_term_string"}}],"inLanguage":"fr-FR"},{"@type":"Organization","@id":"https:\/\/www.webdo.tn\/fr\/#organization","name":"Webdo","alternateName":"Webdo.tn","url":"https:\/\/www.webdo.tn\/fr\/","logo":{"@type":"ImageObject","inLanguage":"fr-FR","@id":"https:\/\/www.webdo.tn\/fr\/#\/schema\/logo\/image\/","url":"https:\/\/www.webdo.tn\/fr\/wp-content\/uploads\/2025\/06\/Webdo-Tunisie_168377.jpg","contentUrl":"https:\/\/www.webdo.tn\/fr\/wp-content\/uploads\/2025\/06\/Webdo-Tunisie_168377.jpg","width":301,"height":301,"caption":"Webdo"},"image":{"@id":"https:\/\/www.webdo.tn\/fr\/#\/schema\/logo\/image\/"},"sameAs":["https:\/\/www.facebook.com\/webdotn","https:\/\/x.com\/webdo_tn"],"description":"Webdo est un m\u00e9dia num\u00e9rique tunisien fond\u00e9 en 2010, sp\u00e9cialis\u00e9 dans l\u2019actualit\u00e9 nationale et internationale, l\u2019\u00e9conomie, la soci\u00e9t\u00e9 et les analyses politiques. Le site s\u2019adresse \u00e0 un large public francophone et couvre l\u2019information tunisienne en temps r\u00e9el.","email":"redac@webdo.tn","legalName":"YNJ SARL","foundingDate":"2010-09-06","numberOfEmployees":{"@type":"QuantitativeValue","minValue":"11","maxValue":"50"}},{"@type":"Person","@id":"https:\/\/www.webdo.tn\/fr\/#\/schema\/person\/2c4929cbf5a809e3bd38617c6ce150f6","name":"MC","image":{"@type":"ImageObject","inLanguage":"fr-FR","@id":"https:\/\/secure.gravatar.com\/avatar\/a545bbb6f84efdd5553dbbc2895e3ca8f1d12c5215e00a041c9670b54aa9b18a?s=96&d=mm&r=g","url":"https:\/\/secure.gravatar.com\/avatar\/a545bbb6f84efdd5553dbbc2895e3ca8f1d12c5215e00a041c9670b54aa9b18a?s=96&d=mm&r=g","contentUrl":"https:\/\/secure.gravatar.com\/avatar\/a545bbb6f84efdd5553dbbc2895e3ca8f1d12c5215e00a041c9670b54aa9b18a?s=96&d=mm&r=g","caption":"MC"},"url":"https:\/\/www.webdo.tn\/fr\/actualite\/author\/mc\/"}]}},"_links":{"self":[{"href":"https:\/\/www.webdo.tn\/fr\/wp-json\/wp\/v2\/posts\/220405","targetHints":{"allow":["GET"]}}],"collection":[{"href":"https:\/\/www.webdo.tn\/fr\/wp-json\/wp\/v2\/posts"}],"about":[{"href":"https:\/\/www.webdo.tn\/fr\/wp-json\/wp\/v2\/types\/post"}],"author":[{"embeddable":true,"href":"https:\/\/www.webdo.tn\/fr\/wp-json\/wp\/v2\/users\/3162"}],"replies":[{"embeddable":true,"href":"https:\/\/www.webdo.tn\/fr\/wp-json\/wp\/v2\/comments?post=220405"}],"version-history":[{"count":0,"href":"https:\/\/www.webdo.tn\/fr\/wp-json\/wp\/v2\/posts\/220405\/revisions"}],"wp:featuredmedia":[{"embeddable":true,"href":"https:\/\/www.webdo.tn\/fr\/wp-json\/wp\/v2\/media\/241794"}],"wp:attachment":[{"href":"https:\/\/www.webdo.tn\/fr\/wp-json\/wp\/v2\/media?parent=220405"}],"wp:term":[{"taxonomy":"category","embeddable":true,"href":"https:\/\/www.webdo.tn\/fr\/wp-json\/wp\/v2\/categories?post=220405"},{"taxonomy":"post_tag","embeddable":true,"href":"https:\/\/www.webdo.tn\/fr\/wp-json\/wp\/v2\/tags?post=220405"}],"curies":[{"name":"wp","href":"https:\/\/api.w.org\/{rel}","templated":true}]}}