{"id":220394,"date":"2025-03-07T17:53:00","date_gmt":"2025-03-07T17:53:00","guid":{"rendered":"https:\/\/www.webdo.tn\/fr\/blog\/tunisie-ouverture-d-une-enquete-contre-le-gouverneur-de-jendouba\/220394\/"},"modified":"2025-05-21T09:08:50","modified_gmt":"2025-05-21T09:08:50","slug":"tunisie-ouverture-d-une-enquete-contre-le-gouverneur-de-jendouba","status":"publish","type":"post","link":"https:\/\/www.webdo.tn\/fr\/actualite\/regions\/tunisie-ouverture-d-une-enquete-contre-le-gouverneur-de-jendouba\/220394\/","title":{"rendered":"Tunisie : Ouverture d&rsquo;une enqu\u00eate contre le gouverneur de Jendouba"},"content":{"rendered":"<p>Le procureur de la R\u00e9publique pr\u00e8s le Tribunal de premi\u00e8re instance de Jendouba a ordonn\u00e9, jeudi 6 mars 2022, l\u2019ouverture d\u2019une enqu\u00eate contre le gouverneur de la r\u00e9gion, en vertu de l\u2019article 31 du Code de proc\u00e9dure p\u00e9nale.<\/p>\n<p>Selon le porte-parole du tribunal, Alaeddine Aouadi, l\u2019affaire a \u00e9t\u00e9 confi\u00e9e au deuxi\u00e8me juge d\u2019instruction du m\u00eame tribunal. Cette d\u00e9cision fait suite \u00e0 un signalement re\u00e7u par le parquet de la part de la section locale de la Ligue tunisienne des droits de l\u2019homme (LTDH).<\/p>\n<p>La LTDH accuse le gouverneur d\u2019avoir tenu une r\u00e9union au si\u00e8ge de la d\u00e9l\u00e9gation d\u2019A\u00efn Draham avec des \u00e9l\u00e8ves, durant les horaires scolaires et en l\u2019absence de leurs parents. Il lui est \u00e9galement reproch\u00e9 de les avoir maltrait\u00e9s, intimid\u00e9s et menac\u00e9s.<\/p>\n<p>La section locale de la Ligue a ainsi demand\u00e9 au procureur d\u2019ouvrir une enqu\u00eate sur de possibles violences et mauvais traitements inflig\u00e9s \u00e0 des mineurs pr\u00e9sents \u00e0 cette r\u00e9union. Elle appelle \u00e0 des poursuites contre le gouverneur et toute autre personne impliqu\u00e9e, en vertu du Code de l\u2019enfance, du Code p\u00e9nal et des l\u00e9gislations en vigueur.<\/p>\n<p>Pour rappel, des \u00e9l\u00e8ves du coll\u00e8ge Hammam Bourguiba avaient r\u00e9cemment protest\u00e9 contre la fermeture du restaurant de l\u2019internat et le manque de moyens de transport. Cette situation avait conduit les autorit\u00e9s locales et r\u00e9gionales \u00e0 organiser une r\u00e9union \u00e0 la d\u00e9l\u00e9gation d\u2019A\u00efn Draham pour tenter de r\u00e9soudre le probl\u00e8me, selon un communiqu\u00e9 publi\u00e9 sur la page officielle de la d\u00e9l\u00e9gation et des sources administratives du gouvernorat de Jendouba.<\/p>\n","protected":false},"excerpt":{"rendered":"<p>Ouverture d&rsquo;une enqu\u00eate contre le gouverneur de Jendouba apr\u00e8s un signalement de la LTDH sur des soup\u00e7ons de mauvais traitements envers des \u00e9l\u00e8ves.<\/p>\n","protected":false},"author":3166,"featured_media":292024,"comment_status":"open","ping_status":"closed","sticky":false,"template":"","format":"standard","meta":{"footnotes":""},"categories":[2595],"tags":[5163,2768,7947,2608],"class_list":["post-220394","post","type-post","status-publish","format-standard","has-post-thumbnail","hentry","category-regions","tag-enquete-judiciaire","tag-jendouba","tag-ltdh","tag-tunisie"],"yoast_head":"<!-- This site is optimized with the Yoast SEO Premium plugin v27.4 (Yoast SEO v27.5) - https:\/\/yoast.com\/product\/yoast-seo-premium-wordpress\/ -->\n<title>Tunisie : Ouverture d&#039;une enqu\u00eate contre le gouverneur de Jendouba<\/title>\n<meta name=\"description\" content=\"Ouverture d&#039;une enqu\u00eate contre le gouverneur de Jendouba apr\u00e8s un signalement de la LTDH sur des soup\u00e7ons de mauvais traitements envers des \u00e9l\u00e8ves.\" \/>\n<link rel=\"canonical\" href=\"https:\/\/www.webdo.tn\/fr\/actualite\/regions\/tunisie-ouverture-d-une-enquete-contre-le-gouverneur-de-jendouba\/220394\/\" \/>\n<meta property=\"og:locale\" content=\"fr_FR\" \/>\n<meta property=\"og:type\" content=\"article\" \/>\n<meta property=\"og:title\" content=\"Tunisie : Ouverture d&#039;une enqu\u00eate contre le gouverneur de Jendouba\" \/>\n<meta property=\"og:description\" content=\"Ouverture d&#039;une enqu\u00eate contre le gouverneur de Jendouba apr\u00e8s un signalement de la LTDH sur des soup\u00e7ons de mauvais traitements envers des \u00e9l\u00e8ves.\" \/>\n<meta property=\"og:url\" content=\"https:\/\/www.webdo.tn\/fr\/actualite\/regions\/tunisie-ouverture-d-une-enquete-contre-le-gouverneur-de-jendouba\/220394\/\" \/>\n<meta property=\"og:site_name\" content=\"webdo\" \/>\n<meta property=\"article:publisher\" content=\"https:\/\/www.facebook.com\/webdotn\" \/>\n<meta property=\"article:published_time\" content=\"2025-03-07T17:53:00+00:00\" \/>\n<meta property=\"article:modified_time\" content=\"2025-05-21T09:08:50+00:00\" \/>\n<meta property=\"og:image\" content=\"https:\/\/www.webdo.tn\/fr\/wp-content\/uploads\/2025\/03\/3c10276a812e7a1c56f53cd5c8e16942.webp\" \/>\n\t<meta property=\"og:image:width\" content=\"750\" \/>\n\t<meta property=\"og:image:height\" content=\"400\" \/>\n\t<meta property=\"og:image:type\" content=\"image\/webp\" \/>\n<meta name=\"author\" content=\"AZ\" \/>\n<meta name=\"twitter:card\" content=\"summary_large_image\" \/>\n<meta name=\"twitter:creator\" content=\"@webdo_tn\" \/>\n<meta name=\"twitter:site\" content=\"@webdo_tn\" \/>\n<meta name=\"twitter:label1\" content=\"\u00c9crit par\" \/>\n\t<meta name=\"twitter:data1\" content=\"AZ\" \/>\n\t<meta name=\"twitter:label2\" content=\"Dur\u00e9e de lecture estim\u00e9e\" \/>\n\t<meta name=\"twitter:data2\" content=\"1 minute\" \/>\n<script type=\"application\/ld+json\" class=\"yoast-schema-graph\">{\"@context\":\"https:\\\/\\\/schema.org\",\"@graph\":[{\"@type\":\"NewsArticle\",\"@id\":\"https:\\\/\\\/www.webdo.tn\\\/fr\\\/actualite\\\/regions\\\/tunisie-ouverture-d-une-enquete-contre-le-gouverneur-de-jendouba\\\/220394\\\/#article\",\"isPartOf\":{\"@id\":\"https:\\\/\\\/www.webdo.tn\\\/fr\\\/actualite\\\/regions\\\/tunisie-ouverture-d-une-enquete-contre-le-gouverneur-de-jendouba\\\/220394\\\/\"},\"author\":{\"name\":\"AZ\",\"@id\":\"https:\\\/\\\/www.webdo.tn\\\/fr\\\/#\\\/schema\\\/person\\\/b8a41c04d93287d375510db360906b34\"},\"headline\":\"Tunisie : Ouverture d&rsquo;une enqu\u00eate contre le gouverneur de Jendouba\",\"datePublished\":\"2025-03-07T17:53:00+00:00\",\"dateModified\":\"2025-05-21T09:08:50+00:00\",\"mainEntityOfPage\":{\"@id\":\"https:\\\/\\\/www.webdo.tn\\\/fr\\\/actualite\\\/regions\\\/tunisie-ouverture-d-une-enquete-contre-le-gouverneur-de-jendouba\\\/220394\\\/\"},\"wordCount\":304,\"commentCount\":0,\"publisher\":{\"@id\":\"https:\\\/\\\/www.webdo.tn\\\/fr\\\/#organization\"},\"image\":{\"@id\":\"https:\\\/\\\/www.webdo.tn\\\/fr\\\/actualite\\\/regions\\\/tunisie-ouverture-d-une-enquete-contre-le-gouverneur-de-jendouba\\\/220394\\\/#primaryimage\"},\"thumbnailUrl\":\"https:\\\/\\\/www.webdo.tn\\\/fr\\\/wp-content\\\/uploads\\\/2025\\\/03\\\/3c10276a812e7a1c56f53cd5c8e16942.webp\",\"keywords\":[\"enqu\u00eate judiciaire\",\"jendouba\",\"LTDH\",\"Tunisie\"],\"articleSection\":[\"regions\"],\"inLanguage\":\"fr-FR\"},{\"@type\":\"WebPage\",\"@id\":\"https:\\\/\\\/www.webdo.tn\\\/fr\\\/actualite\\\/regions\\\/tunisie-ouverture-d-une-enquete-contre-le-gouverneur-de-jendouba\\\/220394\\\/\",\"url\":\"https:\\\/\\\/www.webdo.tn\\\/fr\\\/actualite\\\/regions\\\/tunisie-ouverture-d-une-enquete-contre-le-gouverneur-de-jendouba\\\/220394\\\/\",\"name\":\"Tunisie : Ouverture d'une enqu\u00eate contre le gouverneur de Jendouba\",\"isPartOf\":{\"@id\":\"https:\\\/\\\/www.webdo.tn\\\/fr\\\/#website\"},\"primaryImageOfPage\":{\"@id\":\"https:\\\/\\\/www.webdo.tn\\\/fr\\\/actualite\\\/regions\\\/tunisie-ouverture-d-une-enquete-contre-le-gouverneur-de-jendouba\\\/220394\\\/#primaryimage\"},\"image\":{\"@id\":\"https:\\\/\\\/www.webdo.tn\\\/fr\\\/actualite\\\/regions\\\/tunisie-ouverture-d-une-enquete-contre-le-gouverneur-de-jendouba\\\/220394\\\/#primaryimage\"},\"thumbnailUrl\":\"https:\\\/\\\/www.webdo.tn\\\/fr\\\/wp-content\\\/uploads\\\/2025\\\/03\\\/3c10276a812e7a1c56f53cd5c8e16942.webp\",\"datePublished\":\"2025-03-07T17:53:00+00:00\",\"dateModified\":\"2025-05-21T09:08:50+00:00\",\"description\":\"Ouverture d'une enqu\u00eate contre le gouverneur de Jendouba apr\u00e8s un signalement de la LTDH sur des soup\u00e7ons de mauvais traitements envers des \u00e9l\u00e8ves.\",\"breadcrumb\":{\"@id\":\"https:\\\/\\\/www.webdo.tn\\\/fr\\\/actualite\\\/regions\\\/tunisie-ouverture-d-une-enquete-contre-le-gouverneur-de-jendouba\\\/220394\\\/#breadcrumb\"},\"inLanguage\":\"fr-FR\",\"potentialAction\":[{\"@type\":\"ReadAction\",\"target\":[\"https:\\\/\\\/www.webdo.tn\\\/fr\\\/actualite\\\/regions\\\/tunisie-ouverture-d-une-enquete-contre-le-gouverneur-de-jendouba\\\/220394\\\/\"]}]},{\"@type\":\"ImageObject\",\"inLanguage\":\"fr-FR\",\"@id\":\"https:\\\/\\\/www.webdo.tn\\\/fr\\\/actualite\\\/regions\\\/tunisie-ouverture-d-une-enquete-contre-le-gouverneur-de-jendouba\\\/220394\\\/#primaryimage\",\"url\":\"https:\\\/\\\/www.webdo.tn\\\/fr\\\/wp-content\\\/uploads\\\/2025\\\/03\\\/3c10276a812e7a1c56f53cd5c8e16942.webp\",\"contentUrl\":\"https:\\\/\\\/www.webdo.tn\\\/fr\\\/wp-content\\\/uploads\\\/2025\\\/03\\\/3c10276a812e7a1c56f53cd5c8e16942.webp\",\"width\":750,\"height\":400,\"caption\":\"Tunisie : Ouverture d'une enqu\u00eate contre le gouverneur de Jendouba\"},{\"@type\":\"BreadcrumbList\",\"@id\":\"https:\\\/\\\/www.webdo.tn\\\/fr\\\/actualite\\\/regions\\\/tunisie-ouverture-d-une-enquete-contre-le-gouverneur-de-jendouba\\\/220394\\\/#breadcrumb\",\"itemListElement\":[{\"@type\":\"ListItem\",\"position\":1,\"name\":\"Accueil\",\"item\":\"https:\\\/\\\/www.webdo.tn\\\/fr\\\/\"},{\"@type\":\"ListItem\",\"position\":2,\"name\":\"Tunisie : Ouverture d&rsquo;une enqu\u00eate contre le gouverneur de Jendouba\"}]},{\"@type\":\"WebSite\",\"@id\":\"https:\\\/\\\/www.webdo.tn\\\/fr\\\/#website\",\"url\":\"https:\\\/\\\/www.webdo.tn\\\/fr\\\/\",\"name\":\"webdo\",\"description\":\"Tunisie - News en Tunisie et \u00e0 l&#039;international sur Webdo.tn\",\"publisher\":{\"@id\":\"https:\\\/\\\/www.webdo.tn\\\/fr\\\/#organization\"},\"potentialAction\":[{\"@type\":\"SearchAction\",\"target\":{\"@type\":\"EntryPoint\",\"urlTemplate\":\"https:\\\/\\\/www.webdo.tn\\\/fr\\\/?s={search_term_string}\"},\"query-input\":{\"@type\":\"PropertyValueSpecification\",\"valueRequired\":true,\"valueName\":\"search_term_string\"}}],\"inLanguage\":\"fr-FR\"},{\"@type\":\"Organization\",\"@id\":\"https:\\\/\\\/www.webdo.tn\\\/fr\\\/#organization\",\"name\":\"Webdo\",\"alternateName\":\"Webdo.tn\",\"url\":\"https:\\\/\\\/www.webdo.tn\\\/fr\\\/\",\"logo\":{\"@type\":\"ImageObject\",\"inLanguage\":\"fr-FR\",\"@id\":\"https:\\\/\\\/www.webdo.tn\\\/fr\\\/#\\\/schema\\\/logo\\\/image\\\/\",\"url\":\"https:\\\/\\\/www.webdo.tn\\\/fr\\\/wp-content\\\/uploads\\\/2025\\\/06\\\/Webdo-Tunisie_168377.jpg\",\"contentUrl\":\"https:\\\/\\\/www.webdo.tn\\\/fr\\\/wp-content\\\/uploads\\\/2025\\\/06\\\/Webdo-Tunisie_168377.jpg\",\"width\":301,\"height\":301,\"caption\":\"Webdo\"},\"image\":{\"@id\":\"https:\\\/\\\/www.webdo.tn\\\/fr\\\/#\\\/schema\\\/logo\\\/image\\\/\"},\"sameAs\":[\"https:\\\/\\\/www.facebook.com\\\/webdotn\",\"https:\\\/\\\/x.com\\\/webdo_tn\"],\"description\":\"Webdo est un m\u00e9dia num\u00e9rique tunisien fond\u00e9 en 2010, sp\u00e9cialis\u00e9 dans l\u2019actualit\u00e9 nationale et internationale, l\u2019\u00e9conomie, la soci\u00e9t\u00e9 et les analyses politiques. Le site s\u2019adresse \u00e0 un large public francophone et couvre l\u2019information tunisienne en temps r\u00e9el.\",\"email\":\"redac@webdo.tn\",\"legalName\":\"YNJ SARL\",\"foundingDate\":\"2010-09-06\",\"numberOfEmployees\":{\"@type\":\"QuantitativeValue\",\"minValue\":\"11\",\"maxValue\":\"50\"}},{\"@type\":\"Person\",\"@id\":\"https:\\\/\\\/www.webdo.tn\\\/fr\\\/#\\\/schema\\\/person\\\/b8a41c04d93287d375510db360906b34\",\"name\":\"AZ\",\"image\":{\"@type\":\"ImageObject\",\"inLanguage\":\"fr-FR\",\"@id\":\"https:\\\/\\\/secure.gravatar.com\\\/avatar\\\/492b80bada79439de4201dce15cd41eece6c277cfdf1b53382073c79105c1f89?s=96&d=mm&r=g\",\"url\":\"https:\\\/\\\/secure.gravatar.com\\\/avatar\\\/492b80bada79439de4201dce15cd41eece6c277cfdf1b53382073c79105c1f89?s=96&d=mm&r=g\",\"contentUrl\":\"https:\\\/\\\/secure.gravatar.com\\\/avatar\\\/492b80bada79439de4201dce15cd41eece6c277cfdf1b53382073c79105c1f89?s=96&d=mm&r=g\",\"caption\":\"AZ\"},\"url\":\"https:\\\/\\\/www.webdo.tn\\\/fr\\\/actualite\\\/author\\\/az\\\/\"}]}<\/script>\n<!-- \/ Yoast SEO Premium plugin. -->","yoast_head_json":{"title":"Tunisie : Ouverture d'une enqu\u00eate contre le gouverneur de Jendouba","description":"Ouverture d'une enqu\u00eate contre le gouverneur de Jendouba apr\u00e8s un signalement de la LTDH sur des soup\u00e7ons de mauvais traitements envers des \u00e9l\u00e8ves.","canonical":"https:\/\/www.webdo.tn\/fr\/actualite\/regions\/tunisie-ouverture-d-une-enquete-contre-le-gouverneur-de-jendouba\/220394\/","og_locale":"fr_FR","og_type":"article","og_title":"Tunisie : Ouverture d'une enqu\u00eate contre le gouverneur de Jendouba","og_description":"Ouverture d'une enqu\u00eate contre le gouverneur de Jendouba apr\u00e8s un signalement de la LTDH sur des soup\u00e7ons de mauvais traitements envers des \u00e9l\u00e8ves.","og_url":"https:\/\/www.webdo.tn\/fr\/actualite\/regions\/tunisie-ouverture-d-une-enquete-contre-le-gouverneur-de-jendouba\/220394\/","og_site_name":"webdo","article_publisher":"https:\/\/www.facebook.com\/webdotn","article_published_time":"2025-03-07T17:53:00+00:00","article_modified_time":"2025-05-21T09:08:50+00:00","og_image":[{"width":750,"height":400,"url":"https:\/\/www.webdo.tn\/fr\/wp-content\/uploads\/2025\/03\/3c10276a812e7a1c56f53cd5c8e16942.webp","type":"image\/webp"}],"author":"AZ","twitter_card":"summary_large_image","twitter_creator":"@webdo_tn","twitter_site":"@webdo_tn","twitter_misc":{"\u00c9crit par":"AZ","Dur\u00e9e de lecture estim\u00e9e":"1 minute"},"schema":{"@context":"https:\/\/schema.org","@graph":[{"@type":"NewsArticle","@id":"https:\/\/www.webdo.tn\/fr\/actualite\/regions\/tunisie-ouverture-d-une-enquete-contre-le-gouverneur-de-jendouba\/220394\/#article","isPartOf":{"@id":"https:\/\/www.webdo.tn\/fr\/actualite\/regions\/tunisie-ouverture-d-une-enquete-contre-le-gouverneur-de-jendouba\/220394\/"},"author":{"name":"AZ","@id":"https:\/\/www.webdo.tn\/fr\/#\/schema\/person\/b8a41c04d93287d375510db360906b34"},"headline":"Tunisie : Ouverture d&rsquo;une enqu\u00eate contre le gouverneur de Jendouba","datePublished":"2025-03-07T17:53:00+00:00","dateModified":"2025-05-21T09:08:50+00:00","mainEntityOfPage":{"@id":"https:\/\/www.webdo.tn\/fr\/actualite\/regions\/tunisie-ouverture-d-une-enquete-contre-le-gouverneur-de-jendouba\/220394\/"},"wordCount":304,"commentCount":0,"publisher":{"@id":"https:\/\/www.webdo.tn\/fr\/#organization"},"image":{"@id":"https:\/\/www.webdo.tn\/fr\/actualite\/regions\/tunisie-ouverture-d-une-enquete-contre-le-gouverneur-de-jendouba\/220394\/#primaryimage"},"thumbnailUrl":"https:\/\/www.webdo.tn\/fr\/wp-content\/uploads\/2025\/03\/3c10276a812e7a1c56f53cd5c8e16942.webp","keywords":["enqu\u00eate judiciaire","jendouba","LTDH","Tunisie"],"articleSection":["regions"],"inLanguage":"fr-FR"},{"@type":"WebPage","@id":"https:\/\/www.webdo.tn\/fr\/actualite\/regions\/tunisie-ouverture-d-une-enquete-contre-le-gouverneur-de-jendouba\/220394\/","url":"https:\/\/www.webdo.tn\/fr\/actualite\/regions\/tunisie-ouverture-d-une-enquete-contre-le-gouverneur-de-jendouba\/220394\/","name":"Tunisie : Ouverture d'une enqu\u00eate contre le gouverneur de Jendouba","isPartOf":{"@id":"https:\/\/www.webdo.tn\/fr\/#website"},"primaryImageOfPage":{"@id":"https:\/\/www.webdo.tn\/fr\/actualite\/regions\/tunisie-ouverture-d-une-enquete-contre-le-gouverneur-de-jendouba\/220394\/#primaryimage"},"image":{"@id":"https:\/\/www.webdo.tn\/fr\/actualite\/regions\/tunisie-ouverture-d-une-enquete-contre-le-gouverneur-de-jendouba\/220394\/#primaryimage"},"thumbnailUrl":"https:\/\/www.webdo.tn\/fr\/wp-content\/uploads\/2025\/03\/3c10276a812e7a1c56f53cd5c8e16942.webp","datePublished":"2025-03-07T17:53:00+00:00","dateModified":"2025-05-21T09:08:50+00:00","description":"Ouverture d'une enqu\u00eate contre le gouverneur de Jendouba apr\u00e8s un signalement de la LTDH sur des soup\u00e7ons de mauvais traitements envers des \u00e9l\u00e8ves.","breadcrumb":{"@id":"https:\/\/www.webdo.tn\/fr\/actualite\/regions\/tunisie-ouverture-d-une-enquete-contre-le-gouverneur-de-jendouba\/220394\/#breadcrumb"},"inLanguage":"fr-FR","potentialAction":[{"@type":"ReadAction","target":["https:\/\/www.webdo.tn\/fr\/actualite\/regions\/tunisie-ouverture-d-une-enquete-contre-le-gouverneur-de-jendouba\/220394\/"]}]},{"@type":"ImageObject","inLanguage":"fr-FR","@id":"https:\/\/www.webdo.tn\/fr\/actualite\/regions\/tunisie-ouverture-d-une-enquete-contre-le-gouverneur-de-jendouba\/220394\/#primaryimage","url":"https:\/\/www.webdo.tn\/fr\/wp-content\/uploads\/2025\/03\/3c10276a812e7a1c56f53cd5c8e16942.webp","contentUrl":"https:\/\/www.webdo.tn\/fr\/wp-content\/uploads\/2025\/03\/3c10276a812e7a1c56f53cd5c8e16942.webp","width":750,"height":400,"caption":"Tunisie : Ouverture d'une enqu\u00eate contre le gouverneur de Jendouba"},{"@type":"BreadcrumbList","@id":"https:\/\/www.webdo.tn\/fr\/actualite\/regions\/tunisie-ouverture-d-une-enquete-contre-le-gouverneur-de-jendouba\/220394\/#breadcrumb","itemListElement":[{"@type":"ListItem","position":1,"name":"Accueil","item":"https:\/\/www.webdo.tn\/fr\/"},{"@type":"ListItem","position":2,"name":"Tunisie : Ouverture d&rsquo;une enqu\u00eate contre le gouverneur de Jendouba"}]},{"@type":"WebSite","@id":"https:\/\/www.webdo.tn\/fr\/#website","url":"https:\/\/www.webdo.tn\/fr\/","name":"webdo","description":"Tunisie - News en Tunisie et \u00e0 l&#039;international sur Webdo.tn","publisher":{"@id":"https:\/\/www.webdo.tn\/fr\/#organization"},"potentialAction":[{"@type":"SearchAction","target":{"@type":"EntryPoint","urlTemplate":"https:\/\/www.webdo.tn\/fr\/?s={search_term_string}"},"query-input":{"@type":"PropertyValueSpecification","valueRequired":true,"valueName":"search_term_string"}}],"inLanguage":"fr-FR"},{"@type":"Organization","@id":"https:\/\/www.webdo.tn\/fr\/#organization","name":"Webdo","alternateName":"Webdo.tn","url":"https:\/\/www.webdo.tn\/fr\/","logo":{"@type":"ImageObject","inLanguage":"fr-FR","@id":"https:\/\/www.webdo.tn\/fr\/#\/schema\/logo\/image\/","url":"https:\/\/www.webdo.tn\/fr\/wp-content\/uploads\/2025\/06\/Webdo-Tunisie_168377.jpg","contentUrl":"https:\/\/www.webdo.tn\/fr\/wp-content\/uploads\/2025\/06\/Webdo-Tunisie_168377.jpg","width":301,"height":301,"caption":"Webdo"},"image":{"@id":"https:\/\/www.webdo.tn\/fr\/#\/schema\/logo\/image\/"},"sameAs":["https:\/\/www.facebook.com\/webdotn","https:\/\/x.com\/webdo_tn"],"description":"Webdo est un m\u00e9dia num\u00e9rique tunisien fond\u00e9 en 2010, sp\u00e9cialis\u00e9 dans l\u2019actualit\u00e9 nationale et internationale, l\u2019\u00e9conomie, la soci\u00e9t\u00e9 et les analyses politiques. Le site s\u2019adresse \u00e0 un large public francophone et couvre l\u2019information tunisienne en temps r\u00e9el.","email":"redac@webdo.tn","legalName":"YNJ SARL","foundingDate":"2010-09-06","numberOfEmployees":{"@type":"QuantitativeValue","minValue":"11","maxValue":"50"}},{"@type":"Person","@id":"https:\/\/www.webdo.tn\/fr\/#\/schema\/person\/b8a41c04d93287d375510db360906b34","name":"AZ","image":{"@type":"ImageObject","inLanguage":"fr-FR","@id":"https:\/\/secure.gravatar.com\/avatar\/492b80bada79439de4201dce15cd41eece6c277cfdf1b53382073c79105c1f89?s=96&d=mm&r=g","url":"https:\/\/secure.gravatar.com\/avatar\/492b80bada79439de4201dce15cd41eece6c277cfdf1b53382073c79105c1f89?s=96&d=mm&r=g","contentUrl":"https:\/\/secure.gravatar.com\/avatar\/492b80bada79439de4201dce15cd41eece6c277cfdf1b53382073c79105c1f89?s=96&d=mm&r=g","caption":"AZ"},"url":"https:\/\/www.webdo.tn\/fr\/actualite\/author\/az\/"}]}},"_links":{"self":[{"href":"https:\/\/www.webdo.tn\/fr\/wp-json\/wp\/v2\/posts\/220394","targetHints":{"allow":["GET"]}}],"collection":[{"href":"https:\/\/www.webdo.tn\/fr\/wp-json\/wp\/v2\/posts"}],"about":[{"href":"https:\/\/www.webdo.tn\/fr\/wp-json\/wp\/v2\/types\/post"}],"author":[{"embeddable":true,"href":"https:\/\/www.webdo.tn\/fr\/wp-json\/wp\/v2\/users\/3166"}],"replies":[{"embeddable":true,"href":"https:\/\/www.webdo.tn\/fr\/wp-json\/wp\/v2\/comments?post=220394"}],"version-history":[{"count":0,"href":"https:\/\/www.webdo.tn\/fr\/wp-json\/wp\/v2\/posts\/220394\/revisions"}],"wp:featuredmedia":[{"embeddable":true,"href":"https:\/\/www.webdo.tn\/fr\/wp-json\/wp\/v2\/media\/292024"}],"wp:attachment":[{"href":"https:\/\/www.webdo.tn\/fr\/wp-json\/wp\/v2\/media?parent=220394"}],"wp:term":[{"taxonomy":"category","embeddable":true,"href":"https:\/\/www.webdo.tn\/fr\/wp-json\/wp\/v2\/categories?post=220394"},{"taxonomy":"post_tag","embeddable":true,"href":"https:\/\/www.webdo.tn\/fr\/wp-json\/wp\/v2\/tags?post=220394"}],"curies":[{"name":"wp","href":"https:\/\/api.w.org\/{rel}","templated":true}]}}